{"id":39951,"date":"2021-06-19T10:11:54","date_gmt":"2021-06-19T13:11:54","guid":{"rendered":"https:\/\/radiolifefm.com.br\/noticias\/?p=39951"},"modified":"2026-04-25T05:02:10","modified_gmt":"2026-04-25T08:02:10","slug":"moradora-denuncia-festa-junina-na-vila-industrial-em-adamantina","status":"publish","type":"post","link":"https:\/\/radiolifefm.com.br\/noticias\/moradora-denuncia-festa-junina-na-vila-industrial-em-adamantina\/","title":{"rendered":"Moradora denuncia Festa Junina na Vila Industrial em Adamantina"},"content":{"rendered":"<div id=\"fb-root\"><\/div>\n<p>Den\u00fancia: Festa Junina realizada por fam\u00edlia em\u00a0 resid\u00eancia na noite desta sexta (18) no bairro Vila Industrial,\u00a0 foi alvo de den\u00fancia de vizinhos que indignados com a realidade diante da Pandemia do Coronavirus, Santa casa com leitos todos ocupados e ter pessoas num ato de\u00a0 desrespeito a vida, realiza festa junina.<\/p>\n<p>&nbsp;<\/p>\n<p>Foi relatado a reportagem que os carros foram estacionados em outra rua, e a frente da casa estava totalmente escura.<\/p>\n<p>&nbsp;<\/p>\n<p>A aglomera\u00e7\u00e3o de pessoas aconteceu no fundo da casa onde era vis\u00edvel a ilumina\u00e7\u00e3o, som alto e barulho de conversas.<\/p>\n<p>&nbsp;<\/p>\n<p>A pol\u00edcia foi acionada atrav\u00e9s do 190 por\u00e9m por ser resid\u00eancia, onde as pessoas podem chamar quem e quantas pessoas quiserem, a pol\u00edcia n\u00e3o pode intervir.<\/p>\n<p>&nbsp;<\/p>\n<p>Ap\u00f3s v\u00e1rias liga\u00e7\u00f5es as 22h a den\u00fancia foi realizada como\u00a0 perturba\u00e7\u00e3o de sossego, logo ap\u00f3s,\u00a0 percebeu o fim do barulho que caracterizava festa, mas n\u00e3o se sabe se continuou a aglomera\u00e7\u00e3o.<\/p>\n<p>&nbsp;<\/p>\n<p>\u00c9 importante a colabora\u00e7\u00e3o de todos, vidas est\u00e3o indo embora, fam\u00edlias sofrendo a dor da perda, Santa Casa local e em toda regi\u00e3o sem vagas na UTI.<\/p>\n<p>&nbsp;<\/p>\n<p>Responsabilidade e conscientiza\u00e7\u00e3o de todos, n\u00e3o adianta ficar mudando o perfil do Facebook para luto, nem prestando sentimentos, se atitudes como essas n\u00e3o forem banidas do nosso meio.<\/p>\n<p>&nbsp;<\/p>\n<p>Se tais atos est\u00e1 aparado pela lei por estar em resid\u00eancia, nos resta apelar para consci\u00eancia.<\/p>\n<p>&nbsp;<\/p>\n<p>Continue sendo fiscal, ligue 190 diante de todas irregularidades e irresponsabilidade.<\/p>\n<p>&nbsp;<\/p>\n<p>Reportagem Life FM.<\/p>\n","protected":false},"excerpt":{"rendered":"<p>Den\u00fancia: Festa Junina realizada por fam\u00edlia em\u00a0 resid\u00eancia na noite desta sexta (18) no bairro Vila Industrial,\u00a0 foi alvo de den\u00fancia de vizinhos que indignados com a realidade diante da Pandemia do Coronavirus, Santa casa com leitos todos ocupados e ter pessoas num ato de\u00a0 desrespeito a vida, realiza festa junina. &nbsp; Foi relatado a [&hellip;]<\/p>\n","protected":false},"author":13,"featured_media":39952,"comment_status":"closed","ping_status":"open","sticky":false,"template":"","format":"standard","meta":{"_acf_changed":false,"_exactmetrics_skip_tracking":false,"_exactmetrics_sitenote_active":false,"_exactmetrics_sitenote_note":"","_exactmetrics_sitenote_category":0,"footnotes":""},"categories":[21],"tags":[],"class_list":["post-39951","post","type-post","status-publish","format-standard","has-post-thumbnail","hentry","category-adamantina"],"acf":[],"yoast_head":"<!-- This site is optimized with the Yoast SEO plugin v27.2 - https:\/\/yoast.com\/product\/yoast-seo-wordpress\/ -->\n<title>Moradora denuncia Festa Junina na Vila Industrial em Adamantina - R\u00e1dio Life FM<\/title>\n<meta name=\"robots\" content=\"index, follow, max-snippet:-1, max-image-preview:large, max-video-preview:-1\" \/>\n<link rel=\"canonical\" href=\"https:\/\/radiolifefm.com.br\/noticias\/moradora-denuncia-festa-junina-na-vila-industrial-em-adamantina\/\" \/>\n<meta property=\"og:locale\" content=\"pt_BR\" \/>\n<meta property=\"og:type\" content=\"article\" \/>\n<meta property=\"og:title\" content=\"Moradora denuncia Festa Junina na Vila Industrial em Adamantina - R\u00e1dio Life FM\" \/>\n<meta property=\"og:description\" content=\"Den\u00fancia: Festa Junina realizada por fam\u00edlia em\u00a0 resid\u00eancia na noite desta sexta (18) no bairro Vila Industrial,\u00a0 foi alvo de den\u00fancia de vizinhos que indignados com a realidade diante da Pandemia do Coronavirus, Santa casa com leitos todos ocupados e ter pessoas num ato de\u00a0 desrespeito a vida, realiza festa junina. &nbsp; Foi relatado a [&hellip;]\" \/>\n<meta property=\"og:url\" content=\"https:\/\/radiolifefm.com.br\/noticias\/moradora-denuncia-festa-junina-na-vila-industrial-em-adamantina\/\" \/>\n<meta property=\"og:site_name\" content=\"R\u00e1dio Life FM\" \/>\n<meta property=\"article:publisher\" content=\"https:\/\/www.facebook.com\/radiolifefm\/\" \/>\n<meta property=\"article:published_time\" content=\"2021-06-19T13:11:54+00:00\" \/>\n<meta property=\"article:modified_time\" content=\"2026-04-25T08:02:10+00:00\" \/>\n<meta property=\"og:image\" content=\"https:\/\/radiolifefm.com.br\/noticias\/wp-content\/uploads\/2021\/06\/festajunina-cke.jpg\" \/>\n\t<meta property=\"og:image:width\" content=\"630\" \/>\n\t<meta property=\"og:image:height\" content=\"434\" \/>\n\t<meta property=\"og:image:type\" content=\"image\/jpeg\" \/>\n<meta name=\"author\" content=\"ritanery\" \/>\n<meta name=\"twitter:card\" content=\"summary_large_image\" \/>\n<meta name=\"twitter:label1\" content=\"Escrito por\" \/>\n\t<meta name=\"twitter:data1\" content=\"ritanery\" \/>\n\t<meta name=\"twitter:label2\" content=\"Est. tempo de leitura\" \/>\n\t<meta name=\"twitter:data2\" content=\"2 minutos\" \/>\n<script type=\"application\/ld+json\" class=\"yoast-schema-graph\">{\"@context\":\"https:\/\/schema.org\",\"@graph\":[{\"@type\":\"Article\",\"@id\":\"https:\/\/radiolifefm.com.br\/noticias\/moradora-denuncia-festa-junina-na-vila-industrial-em-adamantina\/#article\",\"isPartOf\":{\"@id\":\"https:\/\/radiolifefm.com.br\/noticias\/moradora-denuncia-festa-junina-na-vila-industrial-em-adamantina\/\"},\"author\":{\"name\":\"ritanery\",\"@id\":\"https:\/\/radiolifefm.com.br\/noticias\/#\/schema\/person\/6339b9fac59d12b071dec680d7375d87\"},\"headline\":\"Moradora denuncia Festa Junina na Vila Industrial em Adamantina\",\"datePublished\":\"2021-06-19T13:11:54+00:00\",\"dateModified\":\"2026-04-25T08:02:10+00:00\",\"mainEntityOfPage\":{\"@id\":\"https:\/\/radiolifefm.com.br\/noticias\/moradora-denuncia-festa-junina-na-vila-industrial-em-adamantina\/\"},\"wordCount\":277,\"publisher\":{\"@id\":\"https:\/\/radiolifefm.com.br\/noticias\/#organization\"},\"image\":{\"@id\":\"https:\/\/radiolifefm.com.br\/noticias\/moradora-denuncia-festa-junina-na-vila-industrial-em-adamantina\/#primaryimage\"},\"thumbnailUrl\":\"https:\/\/radiolifefm.com.br\/noticias\/wp-content\/uploads\/2021\/06\/festajunina-cke.jpg\",\"articleSection\":[\"Adamantina\"],\"inLanguage\":\"pt-BR\"},{\"@type\":\"WebPage\",\"@id\":\"https:\/\/radiolifefm.com.br\/noticias\/moradora-denuncia-festa-junina-na-vila-industrial-em-adamantina\/\",\"url\":\"https:\/\/radiolifefm.com.br\/noticias\/moradora-denuncia-festa-junina-na-vila-industrial-em-adamantina\/\",\"name\":\"Moradora denuncia Festa Junina na Vila Industrial em Adamantina - R\u00e1dio Life FM\",\"isPartOf\":{\"@id\":\"https:\/\/radiolifefm.com.br\/noticias\/#website\"},\"primaryImageOfPage\":{\"@id\":\"https:\/\/radiolifefm.com.br\/noticias\/moradora-denuncia-festa-junina-na-vila-industrial-em-adamantina\/#primaryimage\"},\"image\":{\"@id\":\"https:\/\/radiolifefm.com.br\/noticias\/moradora-denuncia-festa-junina-na-vila-industrial-em-adamantina\/#primaryimage\"},\"thumbnailUrl\":\"https:\/\/radiolifefm.com.br\/noticias\/wp-content\/uploads\/2021\/06\/festajunina-cke.jpg\",\"datePublished\":\"2021-06-19T13:11:54+00:00\",\"dateModified\":\"2026-04-25T08:02:10+00:00\",\"breadcrumb\":{\"@id\":\"https:\/\/radiolifefm.com.br\/noticias\/moradora-denuncia-festa-junina-na-vila-industrial-em-adamantina\/#breadcrumb\"},\"inLanguage\":\"pt-BR\",\"potentialAction\":[{\"@type\":\"ReadAction\",\"target\":[\"https:\/\/radiolifefm.com.br\/noticias\/moradora-denuncia-festa-junina-na-vila-industrial-em-adamantina\/\"]}]},{\"@type\":\"ImageObject\",\"inLanguage\":\"pt-BR\",\"@id\":\"https:\/\/radiolifefm.com.br\/noticias\/moradora-denuncia-festa-junina-na-vila-industrial-em-adamantina\/#primaryimage\",\"url\":\"https:\/\/radiolifefm.com.br\/noticias\/wp-content\/uploads\/2021\/06\/festajunina-cke.jpg\",\"contentUrl\":\"https:\/\/radiolifefm.com.br\/noticias\/wp-content\/uploads\/2021\/06\/festajunina-cke.jpg\",\"width\":630,\"height\":434,\"caption\":\"Foto ilustrativa\"},{\"@type\":\"BreadcrumbList\",\"@id\":\"https:\/\/radiolifefm.com.br\/noticias\/moradora-denuncia-festa-junina-na-vila-industrial-em-adamantina\/#breadcrumb\",\"itemListElement\":[{\"@type\":\"ListItem\",\"position\":1,\"name\":\"In\u00edcio\",\"item\":\"https:\/\/radiolifefm.com.br\/noticias\/\"},{\"@type\":\"ListItem\",\"position\":2,\"name\":\"Moradora denuncia Festa Junina na Vila Industrial em Adamantina\"}]},{\"@type\":\"WebSite\",\"@id\":\"https:\/\/radiolifefm.com.br\/noticias\/#website\",\"url\":\"https:\/\/radiolifefm.com.br\/noticias\/\",\"name\":\"R\u00e1dio Life FM\",\"description\":\"O Portal de Not\u00edcias de Adamantina\",\"publisher\":{\"@id\":\"https:\/\/radiolifefm.com.br\/noticias\/#organization\"},\"alternateName\":\"Life FM\",\"potentialAction\":[{\"@type\":\"SearchAction\",\"target\":{\"@type\":\"EntryPoint\",\"urlTemplate\":\"https:\/\/radiolifefm.com.br\/noticias\/?s={search_term_string}\"},\"query-input\":{\"@type\":\"PropertyValueSpecification\",\"valueRequired\":true,\"valueName\":\"search_term_string\"}}],\"inLanguage\":\"pt-BR\"},{\"@type\":\"Organization\",\"@id\":\"https:\/\/radiolifefm.com.br\/noticias\/#organization\",\"name\":\"R\u00e1dio Life FM\",\"alternateName\":\"Life FM\",\"url\":\"https:\/\/radiolifefm.com.br\/noticias\/\",\"logo\":{\"@type\":\"ImageObject\",\"inLanguage\":\"pt-BR\",\"@id\":\"https:\/\/radiolifefm.com.br\/noticias\/#\/schema\/logo\/image\/\",\"url\":\"https:\/\/static.radiolifefm.com.br\/noticias\/wp-content\/uploads\/2019\/10\/logo-lifefm.png\",\"contentUrl\":\"https:\/\/static.radiolifefm.com.br\/noticias\/wp-content\/uploads\/2019\/10\/logo-lifefm.png\",\"width\":196,\"height\":47,\"caption\":\"R\u00e1dio Life FM\"},\"image\":{\"@id\":\"https:\/\/radiolifefm.com.br\/noticias\/#\/schema\/logo\/image\/\"},\"sameAs\":[\"https:\/\/www.facebook.com\/radiolifefm\/\",\"https:\/\/www.instagram.com\/life1079fm\/\"]},{\"@type\":\"Person\",\"@id\":\"https:\/\/radiolifefm.com.br\/noticias\/#\/schema\/person\/6339b9fac59d12b071dec680d7375d87\",\"name\":\"ritanery\",\"image\":{\"@type\":\"ImageObject\",\"inLanguage\":\"pt-BR\",\"@id\":\"https:\/\/secure.gravatar.com\/avatar\/0e37bb19071f47c0b8a23f62a903df117c5a0e75f65a0c2901562f97cd41cf86?s=96&d=mm&r=g\",\"url\":\"https:\/\/secure.gravatar.com\/avatar\/0e37bb19071f47c0b8a23f62a903df117c5a0e75f65a0c2901562f97cd41cf86?s=96&d=mm&r=g\",\"contentUrl\":\"https:\/\/secure.gravatar.com\/avatar\/0e37bb19071f47c0b8a23f62a903df117c5a0e75f65a0c2901562f97cd41cf86?s=96&d=mm&r=g\",\"caption\":\"ritanery\"}}]}<\/script>\n<!-- \/ Yoast SEO plugin. -->","yoast_head_json":{"title":"Moradora denuncia Festa Junina na Vila Industrial em Adamantina - R\u00e1dio Life FM","robots":{"index":"index","follow":"follow","max-snippet":"max-snippet:-1","max-image-preview":"max-image-preview:large","max-video-preview":"max-video-preview:-1"},"canonical":"https:\/\/radiolifefm.com.br\/noticias\/moradora-denuncia-festa-junina-na-vila-industrial-em-adamantina\/","og_locale":"pt_BR","og_type":"article","og_title":"Moradora denuncia Festa Junina na Vila Industrial em Adamantina - R\u00e1dio Life FM","og_description":"Den\u00fancia: Festa Junina realizada por fam\u00edlia em\u00a0 resid\u00eancia na noite desta sexta (18) no bairro Vila Industrial,\u00a0 foi alvo de den\u00fancia de vizinhos que indignados com a realidade diante da Pandemia do Coronavirus, Santa casa com leitos todos ocupados e ter pessoas num ato de\u00a0 desrespeito a vida, realiza festa junina. &nbsp; Foi relatado a [&hellip;]","og_url":"https:\/\/radiolifefm.com.br\/noticias\/moradora-denuncia-festa-junina-na-vila-industrial-em-adamantina\/","og_site_name":"R\u00e1dio Life FM","article_publisher":"https:\/\/www.facebook.com\/radiolifefm\/","article_published_time":"2021-06-19T13:11:54+00:00","article_modified_time":"2026-04-25T08:02:10+00:00","og_image":[{"width":630,"height":434,"url":"https:\/\/radiolifefm.com.br\/noticias\/wp-content\/uploads\/2021\/06\/festajunina-cke.jpg","type":"image\/jpeg"}],"author":"ritanery","twitter_card":"summary_large_image","twitter_misc":{"Escrito por":"ritanery","Est. tempo de leitura":"2 minutos"},"schema":{"@context":"https:\/\/schema.org","@graph":[{"@type":"Article","@id":"https:\/\/radiolifefm.com.br\/noticias\/moradora-denuncia-festa-junina-na-vila-industrial-em-adamantina\/#article","isPartOf":{"@id":"https:\/\/radiolifefm.com.br\/noticias\/moradora-denuncia-festa-junina-na-vila-industrial-em-adamantina\/"},"author":{"name":"ritanery","@id":"https:\/\/radiolifefm.com.br\/noticias\/#\/schema\/person\/6339b9fac59d12b071dec680d7375d87"},"headline":"Moradora denuncia Festa Junina na Vila Industrial em Adamantina","datePublished":"2021-06-19T13:11:54+00:00","dateModified":"2026-04-25T08:02:10+00:00","mainEntityOfPage":{"@id":"https:\/\/radiolifefm.com.br\/noticias\/moradora-denuncia-festa-junina-na-vila-industrial-em-adamantina\/"},"wordCount":277,"publisher":{"@id":"https:\/\/radiolifefm.com.br\/noticias\/#organization"},"image":{"@id":"https:\/\/radiolifefm.com.br\/noticias\/moradora-denuncia-festa-junina-na-vila-industrial-em-adamantina\/#primaryimage"},"thumbnailUrl":"https:\/\/radiolifefm.com.br\/noticias\/wp-content\/uploads\/2021\/06\/festajunina-cke.jpg","articleSection":["Adamantina"],"inLanguage":"pt-BR"},{"@type":"WebPage","@id":"https:\/\/radiolifefm.com.br\/noticias\/moradora-denuncia-festa-junina-na-vila-industrial-em-adamantina\/","url":"https:\/\/radiolifefm.com.br\/noticias\/moradora-denuncia-festa-junina-na-vila-industrial-em-adamantina\/","name":"Moradora denuncia Festa Junina na Vila Industrial em Adamantina - R\u00e1dio Life FM","isPartOf":{"@id":"https:\/\/radiolifefm.com.br\/noticias\/#website"},"primaryImageOfPage":{"@id":"https:\/\/radiolifefm.com.br\/noticias\/moradora-denuncia-festa-junina-na-vila-industrial-em-adamantina\/#primaryimage"},"image":{"@id":"https:\/\/radiolifefm.com.br\/noticias\/moradora-denuncia-festa-junina-na-vila-industrial-em-adamantina\/#primaryimage"},"thumbnailUrl":"https:\/\/radiolifefm.com.br\/noticias\/wp-content\/uploads\/2021\/06\/festajunina-cke.jpg","datePublished":"2021-06-19T13:11:54+00:00","dateModified":"2026-04-25T08:02:10+00:00","breadcrumb":{"@id":"https:\/\/radiolifefm.com.br\/noticias\/moradora-denuncia-festa-junina-na-vila-industrial-em-adamantina\/#breadcrumb"},"inLanguage":"pt-BR","potentialAction":[{"@type":"ReadAction","target":["https:\/\/radiolifefm.com.br\/noticias\/moradora-denuncia-festa-junina-na-vila-industrial-em-adamantina\/"]}]},{"@type":"ImageObject","inLanguage":"pt-BR","@id":"https:\/\/radiolifefm.com.br\/noticias\/moradora-denuncia-festa-junina-na-vila-industrial-em-adamantina\/#primaryimage","url":"https:\/\/radiolifefm.com.br\/noticias\/wp-content\/uploads\/2021\/06\/festajunina-cke.jpg","contentUrl":"https:\/\/radiolifefm.com.br\/noticias\/wp-content\/uploads\/2021\/06\/festajunina-cke.jpg","width":630,"height":434,"caption":"Foto ilustrativa"},{"@type":"BreadcrumbList","@id":"https:\/\/radiolifefm.com.br\/noticias\/moradora-denuncia-festa-junina-na-vila-industrial-em-adamantina\/#breadcrumb","itemListElement":[{"@type":"ListItem","position":1,"name":"In\u00edcio","item":"https:\/\/radiolifefm.com.br\/noticias\/"},{"@type":"ListItem","position":2,"name":"Moradora denuncia Festa Junina na Vila Industrial em Adamantina"}]},{"@type":"WebSite","@id":"https:\/\/radiolifefm.com.br\/noticias\/#website","url":"https:\/\/radiolifefm.com.br\/noticias\/","name":"R\u00e1dio Life FM","description":"O Portal de Not\u00edcias de Adamantina","publisher":{"@id":"https:\/\/radiolifefm.com.br\/noticias\/#organization"},"alternateName":"Life FM","potentialAction":[{"@type":"SearchAction","target":{"@type":"EntryPoint","urlTemplate":"https:\/\/radiolifefm.com.br\/noticias\/?s={search_term_string}"},"query-input":{"@type":"PropertyValueSpecification","valueRequired":true,"valueName":"search_term_string"}}],"inLanguage":"pt-BR"},{"@type":"Organization","@id":"https:\/\/radiolifefm.com.br\/noticias\/#organization","name":"R\u00e1dio Life FM","alternateName":"Life FM","url":"https:\/\/radiolifefm.com.br\/noticias\/","logo":{"@type":"ImageObject","inLanguage":"pt-BR","@id":"https:\/\/radiolifefm.com.br\/noticias\/#\/schema\/logo\/image\/","url":"https:\/\/static.radiolifefm.com.br\/noticias\/wp-content\/uploads\/2019\/10\/logo-lifefm.png","contentUrl":"https:\/\/static.radiolifefm.com.br\/noticias\/wp-content\/uploads\/2019\/10\/logo-lifefm.png","width":196,"height":47,"caption":"R\u00e1dio Life FM"},"image":{"@id":"https:\/\/radiolifefm.com.br\/noticias\/#\/schema\/logo\/image\/"},"sameAs":["https:\/\/www.facebook.com\/radiolifefm\/","https:\/\/www.instagram.com\/life1079fm\/"]},{"@type":"Person","@id":"https:\/\/radiolifefm.com.br\/noticias\/#\/schema\/person\/6339b9fac59d12b071dec680d7375d87","name":"ritanery","image":{"@type":"ImageObject","inLanguage":"pt-BR","@id":"https:\/\/secure.gravatar.com\/avatar\/0e37bb19071f47c0b8a23f62a903df117c5a0e75f65a0c2901562f97cd41cf86?s=96&d=mm&r=g","url":"https:\/\/secure.gravatar.com\/avatar\/0e37bb19071f47c0b8a23f62a903df117c5a0e75f65a0c2901562f97cd41cf86?s=96&d=mm&r=g","contentUrl":"https:\/\/secure.gravatar.com\/avatar\/0e37bb19071f47c0b8a23f62a903df117c5a0e75f65a0c2901562f97cd41cf86?s=96&d=mm&r=g","caption":"ritanery"}}]}},"amp_enabled":true,"_links":{"self":[{"href":"https:\/\/radiolifefm.com.br\/noticias\/wp-json\/wp\/v2\/posts\/39951","targetHints":{"allow":["GET"]}}],"collection":[{"href":"https:\/\/radiolifefm.com.br\/noticias\/wp-json\/wp\/v2\/posts"}],"about":[{"href":"https:\/\/radiolifefm.com.br\/noticias\/wp-json\/wp\/v2\/types\/post"}],"author":[{"embeddable":true,"href":"https:\/\/radiolifefm.com.br\/noticias\/wp-json\/wp\/v2\/users\/13"}],"replies":[{"embeddable":true,"href":"https:\/\/radiolifefm.com.br\/noticias\/wp-json\/wp\/v2\/comments?post=39951"}],"version-history":[{"count":2,"href":"https:\/\/radiolifefm.com.br\/noticias\/wp-json\/wp\/v2\/posts\/39951\/revisions"}],"predecessor-version":[{"id":39954,"href":"https:\/\/radiolifefm.com.br\/noticias\/wp-json\/wp\/v2\/posts\/39951\/revisions\/39954"}],"wp:featuredmedia":[{"embeddable":true,"href":"https:\/\/radiolifefm.com.br\/noticias\/wp-json\/wp\/v2\/media\/39952"}],"wp:attachment":[{"href":"https:\/\/radiolifefm.com.br\/noticias\/wp-json\/wp\/v2\/media?parent=39951"}],"wp:term":[{"taxonomy":"category","embeddable":true,"href":"https:\/\/radiolifefm.com.br\/noticias\/wp-json\/wp\/v2\/categories?post=39951"},{"taxonomy":"post_tag","embeddable":true,"href":"https:\/\/radiolifefm.com.br\/noticias\/wp-json\/wp\/v2\/tags?post=39951"}],"curies":[{"name":"wp","href":"https:\/\/api.w.org\/{rel}","templated":true}]}}