{"id":39946,"date":"2021-06-18T21:32:08","date_gmt":"2021-06-19T00:32:08","guid":{"rendered":"https:\/\/radiolifefm.com.br\/noticias\/?p=39946"},"modified":"2026-04-14T01:19:27","modified_gmt":"2026-04-14T04:19:27","slug":"agulhas-e-seringas-descartadas-irregularmente-no-lixo-comum-quase-ferem-coletor-em-adamantina","status":"publish","type":"post","link":"https:\/\/radiolifefm.com.br\/noticias\/agulhas-e-seringas-descartadas-irregularmente-no-lixo-comum-quase-ferem-coletor-em-adamantina\/","title":{"rendered":"Agulhas e seringas descartadas irregularmente no lixo comum quase ferem coletor em Adamantina"},"content":{"rendered":"<div id=\"fb-root\"><\/div>\n<p>O funcion\u00e1rio p\u00fablico\u00a0Marcos Carlos Arantes, que trabalha na equipe da coleta de lixo da Prefeitura de Adamantina, quase se feriu com agulha descartada irregularmente no lixo comum (dom\u00e9stico).<\/p>\n<p>&nbsp;<\/p>\n<p>O caso se tornou p\u00fabico, em tom de alerta, depois que o motorista do caminh\u00e3o da coleta e colega de trabalho, Clodoaldo Batista, publicou nas redes sociais sobre o ocorrido. \u201cGostaria de fazer um pequeno apelo para todos voc\u00eas que fazem uso de seringas para tomar medica\u00e7\u00e3o. Que voc\u00eas possam fazer o descarte com mais consci\u00eancia, com aten\u00e7\u00e3o e mais cuidado, amor e preocupa\u00e7\u00e3o com nossos coletores, que dia a dia est\u00e3o expostos a v\u00e1rias situa\u00e7\u00f5es coletando o lixo de voc\u00eas\u201d, escreveu.<\/p>\n<div class='flex flex-wrap items-center -mx-1'>\r\n<a class='thumbnail gallery p-1 w-1\/2 md:w-1\/4' href='https:\/\/radiolifefm.com.br\/noticias\/wp-content\/uploads\/2021\/06\/19923077444312857268909281934649851760101748njpg162404058260cce486ecb89.jpg'><img class='border border-white' src='https:\/\/radiolifefm.com.br\/noticias\/wp-content\/uploads\/2021\/06\/19923077444312857268909281934649851760101748njpg162404058260cce486ecb89-200x200.jpg' alt='19923077444312857268909281934649851760101748njpg162404058260cce486ecb89' \/><\/a><\/div>\n<p>Na publica\u00e7\u00e3o, Clodoaldo destaca que seringas e agulhas usados devem ter o descarte adequado. No caso dos moradores que fazem a utiliza\u00e7\u00e3o desses materiais em casa, os mesmos devem levar at\u00e9 uma unidade de sa\u00fade mais pr\u00f3xima, que far\u00e1 o acondicionamento e descarte corretos.<\/p>\n<p>&nbsp;<\/p>\n<p><strong>Dicas e orienta\u00e7\u00f5es<\/strong><\/p>\n<p>Ainda na publica\u00e7\u00e3o, os funcion\u00e1rios da coleta de lixo orientam como fazer o acondicionamento de agulhas e seringas em seguran\u00e7a, usando materiais que cada um t\u00eam em casa, e que tamb\u00e9m v\u00e3o para o lixo. Eles fizeram um passo a passo, descrito por Clodoaldo, com imagens e demonstra\u00e7\u00e3o feitas por Marcos Arantes.<\/p>\n<p>&nbsp;<\/p>\n<p>No passo a passo, eles utilizaram uma embalagem descart\u00e1vel. Podem ser usados pequenos gal\u00f5es, uma garrafa pet ou qualquer outro recipiente similar resistente, que n\u00e3o fure. As seringas e agulhas s\u00e3o depositadas nessas embalagens, que em seguir s\u00e3o fechadas com a pr\u00f3pria tampa.<\/p>\n<p>&nbsp;<\/p>\n<p>Esses materiais embalados, por sua vez, devem ser levados pelos moradores a uma unidade de sa\u00fade, que far\u00e1 o descarte corretamente.<\/p>\n<p>&nbsp;<\/p>\n<p>J\u00e1 na impossibilidade do morador levar esses materiais a uma unidade de sa\u00fade, os trabalhadores da coleta pedem que seja feito esse procedimento, entregando depois a um coletor, que far\u00e1 o encaminhamento. \u201cEm uma garrafa pet ou em qualquer outro recipiente que n\u00e3o fure com facilidade, deposite as agulhas e seringas dentro e tampe, ou se puder entregue diretamente ao coletor que n\u00f3s levamos at\u00e9 a unidade de sa\u00fade mais pr\u00f3xima\u201d, publicou. \u201cObrigado pela aten\u00e7\u00e3o e conto com a compreens\u00e3o de todos voc\u00eas\u201d, completou.<\/p>\n<p>&nbsp;<\/p>\n<p><strong>Seringas e agulhas: onde descartar<\/strong><\/p>\n<p>O descarte de res\u00edduos provenientes de servi\u00e7os de sa\u00fade, e at\u00e9 mesmo decorrentes de utiliza\u00e7\u00e3o de seringas e agulhas em casa, deve ser feito dentro das normas e n\u00e3o pode ser descartado no lixo comum, como flagrado pelos coletores. Por\u00e9m, mesmo com as orienta\u00e7\u00f5es, isso ocorre, o que \u00e9 irregular.<\/p>\n<p>&nbsp;<\/p>\n<p>Os estabelecimentos de sa\u00fade, como farm\u00e1cias, laborat\u00f3rios, cl\u00ednicas, consult\u00f3rios m\u00e9dicos e odontol\u00f3gicos, hospitais e demais servi\u00e7os descartam os res\u00edduos de sa\u00fade em programa espec\u00edfico de coleta e destina\u00e7\u00e3o desses materiais. Essa coleta, por servi\u00e7o especializado, \u00e9 realizada na cidade.<\/p>\n<p>&nbsp;<\/p>\n<p>J\u00e1 os moradores que fa\u00e7am aplica\u00e7\u00f5es em casa podem levar esses materiais a uma unidade e sa\u00fade, que far\u00e1 o acondicionamento e descarte corretamente.<\/p>\n<p>&nbsp;<\/p>\n<p>Fonte: Siga Mais<\/p>\n","protected":false},"excerpt":{"rendered":"<p>O funcion\u00e1rio p\u00fablico\u00a0Marcos Carlos Arantes, que trabalha na equipe da coleta de lixo da Prefeitura de Adamantina, quase se feriu com agulha descartada irregularmente no lixo comum (dom\u00e9stico). &nbsp; O caso se tornou p\u00fabico, em tom de alerta, depois que o motorista do caminh\u00e3o da coleta e colega de trabalho, Clodoaldo Batista, publicou nas redes [&hellip;]<\/p>\n","protected":false},"author":13,"featured_media":39947,"comment_status":"closed","ping_status":"open","sticky":false,"template":"","format":"standard","meta":{"_acf_changed":false,"_exactmetrics_skip_tracking":false,"_exactmetrics_sitenote_active":false,"_exactmetrics_sitenote_note":"","_exactmetrics_sitenote_category":0,"footnotes":""},"categories":[21],"tags":[],"class_list":["post-39946","post","type-post","status-publish","format-standard","has-post-thumbnail","hentry","category-adamantina"],"acf":[],"yoast_head":"<!-- This site is optimized with the Yoast SEO plugin v27.2 - https:\/\/yoast.com\/product\/yoast-seo-wordpress\/ -->\n<title>Agulhas e seringas descartadas irregularmente no lixo comum quase ferem coletor em Adamantina - R\u00e1dio Life FM<\/title>\n<meta name=\"robots\" content=\"index, follow, max-snippet:-1, max-image-preview:large, max-video-preview:-1\" \/>\n<link rel=\"canonical\" href=\"https:\/\/radiolifefm.com.br\/noticias\/agulhas-e-seringas-descartadas-irregularmente-no-lixo-comum-quase-ferem-coletor-em-adamantina\/\" \/>\n<meta property=\"og:locale\" content=\"pt_BR\" \/>\n<meta property=\"og:type\" content=\"article\" \/>\n<meta property=\"og:title\" content=\"Agulhas e seringas descartadas irregularmente no lixo comum quase ferem coletor em Adamantina - R\u00e1dio Life FM\" \/>\n<meta property=\"og:description\" content=\"O funcion\u00e1rio p\u00fablico\u00a0Marcos Carlos Arantes, que trabalha na equipe da coleta de lixo da Prefeitura de Adamantina, quase se feriu com agulha descartada irregularmente no lixo comum (dom\u00e9stico). &nbsp; O caso se tornou p\u00fabico, em tom de alerta, depois que o motorista do caminh\u00e3o da coleta e colega de trabalho, Clodoaldo Batista, publicou nas redes [&hellip;]\" \/>\n<meta property=\"og:url\" content=\"https:\/\/radiolifefm.com.br\/noticias\/agulhas-e-seringas-descartadas-irregularmente-no-lixo-comum-quase-ferem-coletor-em-adamantina\/\" \/>\n<meta property=\"og:site_name\" content=\"R\u00e1dio Life FM\" \/>\n<meta property=\"article:publisher\" content=\"https:\/\/www.facebook.com\/radiolifefm\/\" \/>\n<meta property=\"article:published_time\" content=\"2021-06-19T00:32:08+00:00\" \/>\n<meta property=\"article:modified_time\" content=\"2026-04-14T04:19:27+00:00\" \/>\n<meta property=\"og:image\" content=\"https:\/\/radiolifefm.com.br\/noticias\/wp-content\/uploads\/2021\/06\/sem-tatulo1jpg162404084960cce59131a53.jpg\" \/>\n\t<meta property=\"og:image:width\" content=\"600\" \/>\n\t<meta property=\"og:image:height\" content=\"337\" \/>\n\t<meta property=\"og:image:type\" content=\"image\/jpeg\" \/>\n<meta name=\"author\" content=\"ritanery\" \/>\n<meta name=\"twitter:card\" content=\"summary_large_image\" \/>\n<meta name=\"twitter:label1\" content=\"Escrito por\" \/>\n\t<meta name=\"twitter:data1\" content=\"ritanery\" \/>\n\t<meta name=\"twitter:label2\" content=\"Est. tempo de leitura\" \/>\n\t<meta name=\"twitter:data2\" content=\"3 minutos\" \/>\n<script type=\"application\/ld+json\" class=\"yoast-schema-graph\">{\"@context\":\"https:\/\/schema.org\",\"@graph\":[{\"@type\":\"Article\",\"@id\":\"https:\/\/radiolifefm.com.br\/noticias\/agulhas-e-seringas-descartadas-irregularmente-no-lixo-comum-quase-ferem-coletor-em-adamantina\/#article\",\"isPartOf\":{\"@id\":\"https:\/\/radiolifefm.com.br\/noticias\/agulhas-e-seringas-descartadas-irregularmente-no-lixo-comum-quase-ferem-coletor-em-adamantina\/\"},\"author\":{\"name\":\"ritanery\",\"@id\":\"https:\/\/radiolifefm.com.br\/noticias\/#\/schema\/person\/6339b9fac59d12b071dec680d7375d87\"},\"headline\":\"Agulhas e seringas descartadas irregularmente no lixo comum quase ferem coletor em Adamantina\",\"datePublished\":\"2021-06-19T00:32:08+00:00\",\"dateModified\":\"2026-04-14T04:19:27+00:00\",\"mainEntityOfPage\":{\"@id\":\"https:\/\/radiolifefm.com.br\/noticias\/agulhas-e-seringas-descartadas-irregularmente-no-lixo-comum-quase-ferem-coletor-em-adamantina\/\"},\"wordCount\":569,\"publisher\":{\"@id\":\"https:\/\/radiolifefm.com.br\/noticias\/#organization\"},\"image\":{\"@id\":\"https:\/\/radiolifefm.com.br\/noticias\/agulhas-e-seringas-descartadas-irregularmente-no-lixo-comum-quase-ferem-coletor-em-adamantina\/#primaryimage\"},\"thumbnailUrl\":\"https:\/\/radiolifefm.com.br\/noticias\/wp-content\/uploads\/2021\/06\/sem-tatulo1jpg162404084960cce59131a53.jpg\",\"articleSection\":[\"Adamantina\"],\"inLanguage\":\"pt-BR\"},{\"@type\":\"WebPage\",\"@id\":\"https:\/\/radiolifefm.com.br\/noticias\/agulhas-e-seringas-descartadas-irregularmente-no-lixo-comum-quase-ferem-coletor-em-adamantina\/\",\"url\":\"https:\/\/radiolifefm.com.br\/noticias\/agulhas-e-seringas-descartadas-irregularmente-no-lixo-comum-quase-ferem-coletor-em-adamantina\/\",\"name\":\"Agulhas e seringas descartadas irregularmente no lixo comum quase ferem coletor em Adamantina - R\u00e1dio Life FM\",\"isPartOf\":{\"@id\":\"https:\/\/radiolifefm.com.br\/noticias\/#website\"},\"primaryImageOfPage\":{\"@id\":\"https:\/\/radiolifefm.com.br\/noticias\/agulhas-e-seringas-descartadas-irregularmente-no-lixo-comum-quase-ferem-coletor-em-adamantina\/#primaryimage\"},\"image\":{\"@id\":\"https:\/\/radiolifefm.com.br\/noticias\/agulhas-e-seringas-descartadas-irregularmente-no-lixo-comum-quase-ferem-coletor-em-adamantina\/#primaryimage\"},\"thumbnailUrl\":\"https:\/\/radiolifefm.com.br\/noticias\/wp-content\/uploads\/2021\/06\/sem-tatulo1jpg162404084960cce59131a53.jpg\",\"datePublished\":\"2021-06-19T00:32:08+00:00\",\"dateModified\":\"2026-04-14T04:19:27+00:00\",\"breadcrumb\":{\"@id\":\"https:\/\/radiolifefm.com.br\/noticias\/agulhas-e-seringas-descartadas-irregularmente-no-lixo-comum-quase-ferem-coletor-em-adamantina\/#breadcrumb\"},\"inLanguage\":\"pt-BR\",\"potentialAction\":[{\"@type\":\"ReadAction\",\"target\":[\"https:\/\/radiolifefm.com.br\/noticias\/agulhas-e-seringas-descartadas-irregularmente-no-lixo-comum-quase-ferem-coletor-em-adamantina\/\"]}]},{\"@type\":\"ImageObject\",\"inLanguage\":\"pt-BR\",\"@id\":\"https:\/\/radiolifefm.com.br\/noticias\/agulhas-e-seringas-descartadas-irregularmente-no-lixo-comum-quase-ferem-coletor-em-adamantina\/#primaryimage\",\"url\":\"https:\/\/radiolifefm.com.br\/noticias\/wp-content\/uploads\/2021\/06\/sem-tatulo1jpg162404084960cce59131a53.jpg\",\"contentUrl\":\"https:\/\/radiolifefm.com.br\/noticias\/wp-content\/uploads\/2021\/06\/sem-tatulo1jpg162404084960cce59131a53.jpg\",\"width\":600,\"height\":337,\"caption\":\"Coletores flagram descarte irregular de seringas e agulhas e orientam a popula\u00e7\u00e3o.\"},{\"@type\":\"BreadcrumbList\",\"@id\":\"https:\/\/radiolifefm.com.br\/noticias\/agulhas-e-seringas-descartadas-irregularmente-no-lixo-comum-quase-ferem-coletor-em-adamantina\/#breadcrumb\",\"itemListElement\":[{\"@type\":\"ListItem\",\"position\":1,\"name\":\"In\u00edcio\",\"item\":\"https:\/\/radiolifefm.com.br\/noticias\/\"},{\"@type\":\"ListItem\",\"position\":2,\"name\":\"Agulhas e seringas descartadas irregularmente no lixo comum quase ferem coletor em Adamantina\"}]},{\"@type\":\"WebSite\",\"@id\":\"https:\/\/radiolifefm.com.br\/noticias\/#website\",\"url\":\"https:\/\/radiolifefm.com.br\/noticias\/\",\"name\":\"R\u00e1dio Life FM\",\"description\":\"O Portal de Not\u00edcias de Adamantina\",\"publisher\":{\"@id\":\"https:\/\/radiolifefm.com.br\/noticias\/#organization\"},\"alternateName\":\"Life FM\",\"potentialAction\":[{\"@type\":\"SearchAction\",\"target\":{\"@type\":\"EntryPoint\",\"urlTemplate\":\"https:\/\/radiolifefm.com.br\/noticias\/?s={search_term_string}\"},\"query-input\":{\"@type\":\"PropertyValueSpecification\",\"valueRequired\":true,\"valueName\":\"search_term_string\"}}],\"inLanguage\":\"pt-BR\"},{\"@type\":\"Organization\",\"@id\":\"https:\/\/radiolifefm.com.br\/noticias\/#organization\",\"name\":\"R\u00e1dio Life FM\",\"alternateName\":\"Life FM\",\"url\":\"https:\/\/radiolifefm.com.br\/noticias\/\",\"logo\":{\"@type\":\"ImageObject\",\"inLanguage\":\"pt-BR\",\"@id\":\"https:\/\/radiolifefm.com.br\/noticias\/#\/schema\/logo\/image\/\",\"url\":\"https:\/\/static.radiolifefm.com.br\/noticias\/wp-content\/uploads\/2019\/10\/logo-lifefm.png\",\"contentUrl\":\"https:\/\/static.radiolifefm.com.br\/noticias\/wp-content\/uploads\/2019\/10\/logo-lifefm.png\",\"width\":196,\"height\":47,\"caption\":\"R\u00e1dio Life FM\"},\"image\":{\"@id\":\"https:\/\/radiolifefm.com.br\/noticias\/#\/schema\/logo\/image\/\"},\"sameAs\":[\"https:\/\/www.facebook.com\/radiolifefm\/\",\"https:\/\/www.instagram.com\/life1079fm\/\"]},{\"@type\":\"Person\",\"@id\":\"https:\/\/radiolifefm.com.br\/noticias\/#\/schema\/person\/6339b9fac59d12b071dec680d7375d87\",\"name\":\"ritanery\",\"image\":{\"@type\":\"ImageObject\",\"inLanguage\":\"pt-BR\",\"@id\":\"https:\/\/secure.gravatar.com\/avatar\/0e37bb19071f47c0b8a23f62a903df117c5a0e75f65a0c2901562f97cd41cf86?s=96&d=mm&r=g\",\"url\":\"https:\/\/secure.gravatar.com\/avatar\/0e37bb19071f47c0b8a23f62a903df117c5a0e75f65a0c2901562f97cd41cf86?s=96&d=mm&r=g\",\"contentUrl\":\"https:\/\/secure.gravatar.com\/avatar\/0e37bb19071f47c0b8a23f62a903df117c5a0e75f65a0c2901562f97cd41cf86?s=96&d=mm&r=g\",\"caption\":\"ritanery\"}}]}<\/script>\n<!-- \/ Yoast SEO plugin. -->","yoast_head_json":{"title":"Agulhas e seringas descartadas irregularmente no lixo comum quase ferem coletor em Adamantina - R\u00e1dio Life FM","robots":{"index":"index","follow":"follow","max-snippet":"max-snippet:-1","max-image-preview":"max-image-preview:large","max-video-preview":"max-video-preview:-1"},"canonical":"https:\/\/radiolifefm.com.br\/noticias\/agulhas-e-seringas-descartadas-irregularmente-no-lixo-comum-quase-ferem-coletor-em-adamantina\/","og_locale":"pt_BR","og_type":"article","og_title":"Agulhas e seringas descartadas irregularmente no lixo comum quase ferem coletor em Adamantina - R\u00e1dio Life FM","og_description":"O funcion\u00e1rio p\u00fablico\u00a0Marcos Carlos Arantes, que trabalha na equipe da coleta de lixo da Prefeitura de Adamantina, quase se feriu com agulha descartada irregularmente no lixo comum (dom\u00e9stico). &nbsp; O caso se tornou p\u00fabico, em tom de alerta, depois que o motorista do caminh\u00e3o da coleta e colega de trabalho, Clodoaldo Batista, publicou nas redes [&hellip;]","og_url":"https:\/\/radiolifefm.com.br\/noticias\/agulhas-e-seringas-descartadas-irregularmente-no-lixo-comum-quase-ferem-coletor-em-adamantina\/","og_site_name":"R\u00e1dio Life FM","article_publisher":"https:\/\/www.facebook.com\/radiolifefm\/","article_published_time":"2021-06-19T00:32:08+00:00","article_modified_time":"2026-04-14T04:19:27+00:00","og_image":[{"width":600,"height":337,"url":"https:\/\/radiolifefm.com.br\/noticias\/wp-content\/uploads\/2021\/06\/sem-tatulo1jpg162404084960cce59131a53.jpg","type":"image\/jpeg"}],"author":"ritanery","twitter_card":"summary_large_image","twitter_misc":{"Escrito por":"ritanery","Est. tempo de leitura":"3 minutos"},"schema":{"@context":"https:\/\/schema.org","@graph":[{"@type":"Article","@id":"https:\/\/radiolifefm.com.br\/noticias\/agulhas-e-seringas-descartadas-irregularmente-no-lixo-comum-quase-ferem-coletor-em-adamantina\/#article","isPartOf":{"@id":"https:\/\/radiolifefm.com.br\/noticias\/agulhas-e-seringas-descartadas-irregularmente-no-lixo-comum-quase-ferem-coletor-em-adamantina\/"},"author":{"name":"ritanery","@id":"https:\/\/radiolifefm.com.br\/noticias\/#\/schema\/person\/6339b9fac59d12b071dec680d7375d87"},"headline":"Agulhas e seringas descartadas irregularmente no lixo comum quase ferem coletor em Adamantina","datePublished":"2021-06-19T00:32:08+00:00","dateModified":"2026-04-14T04:19:27+00:00","mainEntityOfPage":{"@id":"https:\/\/radiolifefm.com.br\/noticias\/agulhas-e-seringas-descartadas-irregularmente-no-lixo-comum-quase-ferem-coletor-em-adamantina\/"},"wordCount":569,"publisher":{"@id":"https:\/\/radiolifefm.com.br\/noticias\/#organization"},"image":{"@id":"https:\/\/radiolifefm.com.br\/noticias\/agulhas-e-seringas-descartadas-irregularmente-no-lixo-comum-quase-ferem-coletor-em-adamantina\/#primaryimage"},"thumbnailUrl":"https:\/\/radiolifefm.com.br\/noticias\/wp-content\/uploads\/2021\/06\/sem-tatulo1jpg162404084960cce59131a53.jpg","articleSection":["Adamantina"],"inLanguage":"pt-BR"},{"@type":"WebPage","@id":"https:\/\/radiolifefm.com.br\/noticias\/agulhas-e-seringas-descartadas-irregularmente-no-lixo-comum-quase-ferem-coletor-em-adamantina\/","url":"https:\/\/radiolifefm.com.br\/noticias\/agulhas-e-seringas-descartadas-irregularmente-no-lixo-comum-quase-ferem-coletor-em-adamantina\/","name":"Agulhas e seringas descartadas irregularmente no lixo comum quase ferem coletor em Adamantina - R\u00e1dio Life FM","isPartOf":{"@id":"https:\/\/radiolifefm.com.br\/noticias\/#website"},"primaryImageOfPage":{"@id":"https:\/\/radiolifefm.com.br\/noticias\/agulhas-e-seringas-descartadas-irregularmente-no-lixo-comum-quase-ferem-coletor-em-adamantina\/#primaryimage"},"image":{"@id":"https:\/\/radiolifefm.com.br\/noticias\/agulhas-e-seringas-descartadas-irregularmente-no-lixo-comum-quase-ferem-coletor-em-adamantina\/#primaryimage"},"thumbnailUrl":"https:\/\/radiolifefm.com.br\/noticias\/wp-content\/uploads\/2021\/06\/sem-tatulo1jpg162404084960cce59131a53.jpg","datePublished":"2021-06-19T00:32:08+00:00","dateModified":"2026-04-14T04:19:27+00:00","breadcrumb":{"@id":"https:\/\/radiolifefm.com.br\/noticias\/agulhas-e-seringas-descartadas-irregularmente-no-lixo-comum-quase-ferem-coletor-em-adamantina\/#breadcrumb"},"inLanguage":"pt-BR","potentialAction":[{"@type":"ReadAction","target":["https:\/\/radiolifefm.com.br\/noticias\/agulhas-e-seringas-descartadas-irregularmente-no-lixo-comum-quase-ferem-coletor-em-adamantina\/"]}]},{"@type":"ImageObject","inLanguage":"pt-BR","@id":"https:\/\/radiolifefm.com.br\/noticias\/agulhas-e-seringas-descartadas-irregularmente-no-lixo-comum-quase-ferem-coletor-em-adamantina\/#primaryimage","url":"https:\/\/radiolifefm.com.br\/noticias\/wp-content\/uploads\/2021\/06\/sem-tatulo1jpg162404084960cce59131a53.jpg","contentUrl":"https:\/\/radiolifefm.com.br\/noticias\/wp-content\/uploads\/2021\/06\/sem-tatulo1jpg162404084960cce59131a53.jpg","width":600,"height":337,"caption":"Coletores flagram descarte irregular de seringas e agulhas e orientam a popula\u00e7\u00e3o."},{"@type":"BreadcrumbList","@id":"https:\/\/radiolifefm.com.br\/noticias\/agulhas-e-seringas-descartadas-irregularmente-no-lixo-comum-quase-ferem-coletor-em-adamantina\/#breadcrumb","itemListElement":[{"@type":"ListItem","position":1,"name":"In\u00edcio","item":"https:\/\/radiolifefm.com.br\/noticias\/"},{"@type":"ListItem","position":2,"name":"Agulhas e seringas descartadas irregularmente no lixo comum quase ferem coletor em Adamantina"}]},{"@type":"WebSite","@id":"https:\/\/radiolifefm.com.br\/noticias\/#website","url":"https:\/\/radiolifefm.com.br\/noticias\/","name":"R\u00e1dio Life FM","description":"O Portal de Not\u00edcias de Adamantina","publisher":{"@id":"https:\/\/radiolifefm.com.br\/noticias\/#organization"},"alternateName":"Life FM","potentialAction":[{"@type":"SearchAction","target":{"@type":"EntryPoint","urlTemplate":"https:\/\/radiolifefm.com.br\/noticias\/?s={search_term_string}"},"query-input":{"@type":"PropertyValueSpecification","valueRequired":true,"valueName":"search_term_string"}}],"inLanguage":"pt-BR"},{"@type":"Organization","@id":"https:\/\/radiolifefm.com.br\/noticias\/#organization","name":"R\u00e1dio Life FM","alternateName":"Life FM","url":"https:\/\/radiolifefm.com.br\/noticias\/","logo":{"@type":"ImageObject","inLanguage":"pt-BR","@id":"https:\/\/radiolifefm.com.br\/noticias\/#\/schema\/logo\/image\/","url":"https:\/\/static.radiolifefm.com.br\/noticias\/wp-content\/uploads\/2019\/10\/logo-lifefm.png","contentUrl":"https:\/\/static.radiolifefm.com.br\/noticias\/wp-content\/uploads\/2019\/10\/logo-lifefm.png","width":196,"height":47,"caption":"R\u00e1dio Life FM"},"image":{"@id":"https:\/\/radiolifefm.com.br\/noticias\/#\/schema\/logo\/image\/"},"sameAs":["https:\/\/www.facebook.com\/radiolifefm\/","https:\/\/www.instagram.com\/life1079fm\/"]},{"@type":"Person","@id":"https:\/\/radiolifefm.com.br\/noticias\/#\/schema\/person\/6339b9fac59d12b071dec680d7375d87","name":"ritanery","image":{"@type":"ImageObject","inLanguage":"pt-BR","@id":"https:\/\/secure.gravatar.com\/avatar\/0e37bb19071f47c0b8a23f62a903df117c5a0e75f65a0c2901562f97cd41cf86?s=96&d=mm&r=g","url":"https:\/\/secure.gravatar.com\/avatar\/0e37bb19071f47c0b8a23f62a903df117c5a0e75f65a0c2901562f97cd41cf86?s=96&d=mm&r=g","contentUrl":"https:\/\/secure.gravatar.com\/avatar\/0e37bb19071f47c0b8a23f62a903df117c5a0e75f65a0c2901562f97cd41cf86?s=96&d=mm&r=g","caption":"ritanery"}}]}},"amp_enabled":true,"_links":{"self":[{"href":"https:\/\/radiolifefm.com.br\/noticias\/wp-json\/wp\/v2\/posts\/39946","targetHints":{"allow":["GET"]}}],"collection":[{"href":"https:\/\/radiolifefm.com.br\/noticias\/wp-json\/wp\/v2\/posts"}],"about":[{"href":"https:\/\/radiolifefm.com.br\/noticias\/wp-json\/wp\/v2\/types\/post"}],"author":[{"embeddable":true,"href":"https:\/\/radiolifefm.com.br\/noticias\/wp-json\/wp\/v2\/users\/13"}],"replies":[{"embeddable":true,"href":"https:\/\/radiolifefm.com.br\/noticias\/wp-json\/wp\/v2\/comments?post=39946"}],"version-history":[{"count":2,"href":"https:\/\/radiolifefm.com.br\/noticias\/wp-json\/wp\/v2\/posts\/39946\/revisions"}],"predecessor-version":[{"id":39950,"href":"https:\/\/radiolifefm.com.br\/noticias\/wp-json\/wp\/v2\/posts\/39946\/revisions\/39950"}],"wp:featuredmedia":[{"embeddable":true,"href":"https:\/\/radiolifefm.com.br\/noticias\/wp-json\/wp\/v2\/media\/39947"}],"wp:attachment":[{"href":"https:\/\/radiolifefm.com.br\/noticias\/wp-json\/wp\/v2\/media?parent=39946"}],"wp:term":[{"taxonomy":"category","embeddable":true,"href":"https:\/\/radiolifefm.com.br\/noticias\/wp-json\/wp\/v2\/categories?post=39946"},{"taxonomy":"post_tag","embeddable":true,"href":"https:\/\/radiolifefm.com.br\/noticias\/wp-json\/wp\/v2\/tags?post=39946"}],"curies":[{"name":"wp","href":"https:\/\/api.w.org\/{rel}","templated":true}]}}