{"id":39935,"date":"2021-06-18T10:31:58","date_gmt":"2021-06-18T13:31:58","guid":{"rendered":"https:\/\/radiolifefm.com.br\/noticias\/?p=39935"},"modified":"2026-04-15T05:37:02","modified_gmt":"2026-04-15T08:37:02","slug":"nomeacao-da-nova-reitoria-da-unifai-centro-academico-publica-carta-aberta-aos-vereadores","status":"publish","type":"post","link":"https:\/\/radiolifefm.com.br\/noticias\/nomeacao-da-nova-reitoria-da-unifai-centro-academico-publica-carta-aberta-aos-vereadores\/","title":{"rendered":"Nomea\u00e7\u00e3o da nova reitoria da UniFAI: Centro Acad\u00eamico publica Carta Aberta aos vereadores"},"content":{"rendered":"<div id=\"fb-root\"><\/div>\n<p>O Centro Acad\u00eamico do Centro Universit\u00e1rio de Adamantina (UniFAI), \u00f3rg\u00e3o que representa os estudantes da faculdade, divulgou uma Carta Aberta aos vereadores onde se posiciona sobre o processo de nomea\u00e7\u00e3o da nova reitoria da institui\u00e7\u00e3o de ensino.<\/p>\n<p>&nbsp;<\/p>\n<p>A manifesta\u00e7\u00e3o p\u00fablica, com data desta sexta-feira (18), \u00e9 assinada pelo presidente do Centro Acad\u00eamico, Luiz Oct\u00e1vio Amarins Cianca, que tamb\u00e9m \u00e9 membro do Conselho Universit\u00e1rio da UniFAI, colegiado que apreciou os projetos de gest\u00e3o e votou nos candidatos \u00e0 reitoria, para a forma\u00e7\u00e3o da lista tr\u00edplice. \u201cNossa institui\u00e7\u00e3o conta hoje, com 194 servidores administrativos, 293 docentes e milhares de alunos. O Conselho Universit\u00e1rio representa todas essas pessoas, e, portanto, uma atitude antidemocr\u00e1tica \u2013 tal qual a tomada na escolha da chapa menos votada \u2013 enfrenta diretamente todos da UniFAI. Vale lembrar, senhores, que a maioria dos citados s\u00e3o aqueles que confiaram \u00e0 esta bancada, os seus votos nas urnas\u201d.<\/p>\n<p>&nbsp;<\/p>\n<p>Diferente do que tradicionalmente ocorre \u2013 onde o nome mais votado pelo Conselho Universit\u00e1rio e que encabe\u00e7a a lista tr\u00edplice \u00e9 indicado para assumir a gest\u00e3o da autarquia \u2013 o prefeito M\u00e1rcio Cardim, que j\u00e1 foi diretor da mesma institui\u00e7\u00e3o de ensino, escolheu pelo segundo nome, condi\u00e7\u00e3o de decis\u00e3o que \u00e9 permitida por lei. A norma n\u00e3o condiciona que o mais votado no Conselho seja indicado \u00e0 reitoria, mas que a escolha seja feita a partir dos nomes que constam da lista tr\u00edplice.<\/p>\n<p>&nbsp;<\/p>\n<p>Assim, os nomes indicados por Cardim s\u00e3o dos professores doutores Vagner Amado Belo de Oliveira para reitor e Albanir Gabriel Borrasca para vice-reitor. A chapa ficou em segundo lugar, no Conselho Universit\u00e1rio, com 6 votos. J\u00e1 a chapa que\u00a0<a href=\"https:\/\/www.sigamais.com\/noticias\/educacao\/alexandre-teixeira-e-wendel-cleber-soares-encabecam-lista-triplice-para-nova-reitoria-da-unifai\/\"><strong>encabe\u00e7ou a vota\u00e7\u00e3o no Conselho<\/strong><\/a>, e abre a lista tr\u00edplice, \u00e9 formada pelos professores doutores Alexandre Teixeira de Souza e Wendel Cleber Soares, que obteve 12 votos.<\/p>\n<p>&nbsp;<\/p>\n<p>A decis\u00e3o do prefeito, que n\u00e3o acolheu o nome que encabe\u00e7a a lista tr\u00edplice, gerou rea\u00e7\u00f5es. Uma delas ontem, quando os estudantes protestaram em uma\u00a0<a href=\"https:\/\/www.sigamais.com\/noticias\/educacao\/um-dia-apos-anuncio-dos-nomes-indicados-pelo-prefeito-a-reitoria-da-unifai-estudantes-protestam\/\"><strong>carreata<\/strong>\u00a0<\/a>pelas ruas de Adamantina.<\/p>\n<p>&nbsp;<\/p>\n<p>A Carta Aberta, desta sexta-feira, j\u00e1 foi encaminhada aos vereadores. Abaixo, veja a \u00edntegra do documento. O conte\u00fado tamb\u00e9m pode ser acessado\u00a0<a href=\"https:\/\/drive.google.com\/file\/d\/1NTiBC86TZHwyvwOhp2vlXdknF1NyCn9l\/view?usp=sharing\"><strong>neste link<\/strong><\/a>.<\/p>\n<p>&nbsp;<\/p>\n<p><strong>Carta Aberta aos vereadores do Munic\u00edpio de Adamantina<\/strong><\/p>\n<p><em>Adamantina, 18 de junho de 2021<\/em><\/p>\n<p><em>Excelent\u00edssimos Senhores Vereadores,<\/em><\/p>\n<p><em>Venho por meio desta carta, em nome do Conselho Universit\u00e1rio da UniFai, e como representante de Todos os alunos da institui\u00e7\u00e3o, solicitar sensatez em suas decis\u00f5es.<\/em><\/p>\n<p><em>\u00c9 de conhecimento geral que a escolha da nova reitoria da Unifai \u00e9 de grande monta n\u00e3o s\u00f3 para os alunos e funcion\u00e1rios da institui\u00e7\u00e3o, mas tamb\u00e9m para todo o munic\u00edpio de Adamantina. \u00c9 not\u00f3ria a discrep\u00e2ncia de votos entre as chapas, e tal fato deve ser levado em quest\u00e3o, quando for passado pelas m\u00e3os dos senhores.<\/em><\/p>\n<p><em>Hoje a UniFai se encontra em situa\u00e7\u00e3o ca\u00f3tica. Os cursos se encontram sucateados, abandonados, com alta evas\u00e3o de alunos. Como exemplo, podemos citar o curso de Farm\u00e1cia, que j\u00e1 foi um dos maiores cursos da institui\u00e7\u00e3o, e hoje, divide mat\u00e9rias com o curso de nutri\u00e7\u00e3o, justamente pela falta de alunos. Al\u00e9m disso, a faixa salarial extremamente baixa, faz com que se torne dif\u00edcil a capta\u00e7\u00e3o de docentes qualificados para a institui\u00e7\u00e3o.<\/em><\/p>\n<p><em>Temos uma faculdade com extremo potencial. Temos pessoas que se doam pela institui\u00e7\u00e3o. No entanto, \u00e9 vis\u00edvel que a \u201cjoia da alta paulista\u201d se encontra estacionada no tempo, perdendo o seu brilho. Vemos extremo investimento no curso de medicina, e esquecimento dos outros cursos \u2013 o que torna a balan\u00e7a financeira, extremamente desequilibrada.<\/em><\/p>\n<p><em>Nossa institui\u00e7\u00e3o conta hoje, com 194 servidores administrativos, 293 docentes e milhares de alunos. O conselho universit\u00e1rio representa todas essas pessoas, e, portanto, uma atitude antidemocr\u00e1tica \u2013 tal qual a tomada na escolha da chapa menos votada \u2013 enfrenta diretamente todos da UniFai. Vale lembrar, senhores, que a maioria dos citados s\u00e3o aqueles que confiaram \u00e0 esta bancada, os seus votos nas urnas.<\/em><\/p>\n<p><em>Defendemos que todos os cursos se mantenham em Adamantina, caso haja condi\u00e7\u00f5es para o decorrer das atividades no munic\u00edpio, o que ainda n\u00e3o temos para o curso de Medicina.<\/em><\/p>\n<p><em>Defendemos, senhores, uma UniFai aut\u00f4noma, capaz de decidir por si s\u00f3, sem a necessidade de palpites e ordens em seus diretores.<\/em><\/p>\n<p><em>Sendo assim, a primeira demonstra\u00e7\u00e3o de que a UniFai ter\u00e1 sua autonomia \u2013 assim como defende nosso excelent\u00edssimo prefeito \u2013 ser\u00e1 o respeito \u00e0 decis\u00e3o tomada pelo Conselho Universit\u00e1rio.<\/em><\/p>\n<p><em>Grato pela aten\u00e7\u00e3o, e ansioso por uma decis\u00e3o sensata.<\/em><\/p>\n<p><strong><em>Luiz Oct\u00e1vio Amarins Cianca<\/em><\/strong><\/p>\n<p><strong><em>Presidente do Centro Acad\u00eamico Dr. C\u00e9sar Ant\u00f4nio Franco Marinho.\u00a0<\/em><\/strong><\/p>\n<p>&nbsp;<\/p>\n<p><strong>C\u00e2mara deve votar referendo na segunda-feira<\/strong><\/p>\n<p>A indica\u00e7\u00e3o dos nomes de reitor e vice-reitor foram encaminhados pela Prefeitura de Adamantina \u00e0 C\u00e2mara Municipal, que vai precisar referendar, em vota\u00e7\u00e3o, no plen\u00e1rio. A C\u00e2mara pode validar a escolha do chefe do poder executivo, ou rejeitar. Se ocorrer a rejei\u00e7\u00e3o, o prefeito deve fazer nova indica\u00e7\u00e3o, com base na lista tr\u00edplice.<\/p>\n<p>&nbsp;<\/p>\n<p>A escolha do prefeito foi divulgada em\u00a0<a href=\"https:\/\/www.adamantina.sp.gov.br\/?pag=T1RVPU9EZz1PV0k9T1RrPU9UUT1OMlE9T0dNPU9XST1PR1U9T0dNPU9HWT1PV009T1dZPQ==&amp;id=6724\"><strong>nota<\/strong><\/a>\u00a0pela Prefeitura de Adamantina\u00a0<em>(\u00edntegra abaixo)<\/em>, na \u00faltima quinta-feira (16). Na nota, a Prefeitura de Adamantina exp\u00f4s a decis\u00e3o do prefeito. \u201cSendo assim, a decis\u00e3o do chefe do poder executivo destaca que o candidato Vagner Belo e seu vice Albanir Borrasca, desde o in\u00edcio v\u00eam realizando uma importante constru\u00e7\u00e3o de confian\u00e7a com o chefe do executivo, primeiramente por conhecer e acompanhar a evolu\u00e7\u00e3o dos projetos em execu\u00e7\u00e3o em uma parceria do Executivo com a UniFAI, que se estende ao longo de anos, buscando uma gest\u00e3o participativa, considerando que por diversas vezes foram realizados, a pedido dos candidatos, encontros e reuni\u00f5es\u201d, diz a nota. \u201cO prefeito ainda ressalta em sua decis\u00e3o que o plano de gest\u00e3o apresentado ao executivo al\u00e9m de ter uma efetiva execu\u00e7\u00e3o do projeto em andamento ainda traz a expectativa de cria\u00e7\u00e3o e inser\u00e7\u00e3o de novas pr\u00e1ticas e ideias, que possam colaborar significativamente no oferecimento e melhoria dos cursos de gradua\u00e7\u00e3o\u201d, menciona outro trecho do texto.<\/p>\n<p>&nbsp;<\/p>\n<p><strong>NOTA<\/strong><\/p>\n<p><strong>Prefeitura de Adamantina encaminha nomes de reitor e vice-reitor para C\u00e2mara<\/strong><\/p>\n<p><em>Em atendimento ao artigo 4\u00ba da Lei Complementar 274 de 25 de maio de 2017, a Prefeitura de Adamantina encaminhou para a C\u00e2mara Municipal os nomes dos indicados aos cargos de reitor e vice-reitor da UniFAI.<\/em><\/p>\n<p>&nbsp;<\/p>\n<p><em>Ap\u00f3s receber a lista tr\u00edplice, enviada pelo Conselho Universit\u00e1rio, o prefeito M\u00e1rcio Cardim optou pela indica\u00e7\u00e3o dos nomes de doutor Vagner Amado Belo de Oliveira para reitor e para vice-reitor do professor doutor Albanir Gabriel Borrasca de acordo com o que determina o inciso I que os empregados em comiss\u00e3o, nomeados pelo prefeito do munic\u00edpio de Adamantina, ad referendum da C\u00e2mara Municipal, atendidas \u00e0s exig\u00eancias legais.<\/em><\/p>\n<p>&nbsp;<\/p>\n<p><em>A administra\u00e7\u00e3o municipal est\u00e1 pautada em alinhar e estreitar os la\u00e7os entre as partes, sempre respeitando a autonomia administrativa e financeira que fazem com que a UniFAI tenha a qualidade do seu corpo docente e mantenha qualidade de ensino, pesquisa e extens\u00e3o.<\/em><\/p>\n<p>&nbsp;<\/p>\n<p><em>Diante disso, o prefeito levou em considera\u00e7\u00e3o que em um processo democr\u00e1tico \u00e9 de suma import\u00e2ncia as institui\u00e7\u00f5es que trabalham paralelamente tenham os mesmos objetivos, que a confian\u00e7a e os projetos tenham um alinhamento, visando unicamente o sucesso da institui\u00e7\u00e3o.<\/em><\/p>\n<p>&nbsp;<\/p>\n<p><em>\u00c9 fundamental que seja estreita e comunal a rela\u00e7\u00e3o entre o chefe do Executivo e a reitoria, vez que o alinhamento de interesses incide sobre um plano de gest\u00e3o efetivo. Um di\u00e1logo franco, em projeto elaborado ao longo dos meses, tem como \u00fanico e fiel objetivo alavancar o sucesso da institui\u00e7\u00e3o.<\/em><\/p>\n<p>&nbsp;<\/p>\n<p><em>Um exemplo \u00e9 o projeto de integraliza\u00e7\u00e3o da sa\u00fade que j\u00e1 est\u00e1 em execu\u00e7\u00e3o. O munic\u00edpio j\u00e1 vem realizando reuni\u00f5es, juntamente com a coordenadoria da UniFAI e ger\u00eancia da Santa Casa, com os 10 munic\u00edpios que abrangem a microrregi\u00e3o de sa\u00fade de Adamantina, evoluindo para uma parceria de integraliza\u00e7\u00e3o e regionaliza\u00e7\u00e3o da sa\u00fade.<\/em><\/p>\n<p>&nbsp;<\/p>\n<p><em>A iniciativa j\u00e1 conta com o apoio do Governo do Estado de S\u00e3o Paulo e que a parceria entre Estado, Executivo Municipal, Legislativo, Santa Casa e Centro Universit\u00e1rio, trar\u00e1 benef\u00edcios para as equipes t\u00e9cnicas, alunos e principalmente a popula\u00e7\u00e3o, podendo oferecer mais servi\u00e7os de sa\u00fade e consequente melhor qualidade de atendimento \u00e0 popula\u00e7\u00e3o de Adamantina e regi\u00e3o e a UniFAI tem papel fundamental neste contexto.<\/em><\/p>\n<p>&nbsp;<\/p>\n<p><em>Al\u00e9m disso, foi observado ainda que o plano de gest\u00e3o deve contemplar os demais cursos, em todas as suas \u00e1reas, considerando ser extremamente necess\u00e1ria uma administra\u00e7\u00e3o que acompanhe a evolu\u00e7\u00e3o tecnol\u00f3gica e as variantes que transformem os cursos em atrativos e eficientes na forma\u00e7\u00e3o de seus alunos.<\/em><\/p>\n<p>&nbsp;<\/p>\n<p><em>Sendo assim, a decis\u00e3o do chefe do poder executivo destaca que o candidato Vagner Belo e seu vice Albanir Borrasca, desde o in\u00edcio v\u00eam realizando uma importante constru\u00e7\u00e3o de confian\u00e7a com o chefe do executivo, primeiramente por conhecer e acompanhar a evolu\u00e7\u00e3o dos projetos em execu\u00e7\u00e3o em uma parceria do Executivo com a UniFAI, que se estende ao longo de anos, buscando uma gest\u00e3o participativa, considerando que por diversas vezes foram realizados, a pedido dos candidatos, encontros e reuni\u00f5es.<\/em><\/p>\n<p>&nbsp;<\/p>\n<p><em>O prefeito ainda ressalta em sua decis\u00e3o que o plano de gest\u00e3o apresentado ao executivo al\u00e9m de ter uma efetiva execu\u00e7\u00e3o do projeto em andamento ainda traz a expectativa de cria\u00e7\u00e3o e inser\u00e7\u00e3o de novas pr\u00e1ticas e ideias, que possam colaborar significativamente no oferecimento e melhoria dos cursos de gradua\u00e7\u00e3o.<\/em><\/p>\n<p>&nbsp;<\/p>\n<p><em>Em of\u00edcio encaminhado \u00e0 C\u00e2mara, o prefeito aponta que os candidatos Vagner e Albanir apresentaram com melhor clareza seu plano de gest\u00e3o e foram norteados pela realidade financeira e administrativa da entidade, com finalidade de mant\u00ea-la s\u00f3lida ao longo do exerc\u00edcio, em especial neste momento delicado de pandemia, onde os projetos devem ser ambiciosos, mas focados na realidade em que se encontra a institui\u00e7\u00e3o, o munic\u00edpio, o estado e o pa\u00eds.<\/em><\/p>\n<p>&nbsp;<\/p>\n<p><em>\u201cA UniFAI \u00e9 uma institui\u00e7\u00e3o de suma import\u00e2ncia para o munic\u00edpio, levando em considera\u00e7\u00e3o o n\u00famero de empregos que s\u00e3o gerados pela entidade com tantas fam\u00edlias que dependem do seu equil\u00edbrio administrativo e financeiro, a forma\u00e7\u00e3o de novos profissionais em suas diversas \u00e1reas de atua\u00e7\u00e3o, fundamentais para Adamantina e regi\u00e3o, podendo al\u00e9m disso, oferecer ao mercado de trabalho, profissionais habilitados e qualificados para enfrentar e superar os desafios da sociedade no s\u00e9culo XXI\u201d, finaliza Cardim.\u00a0<\/em><\/p>\n<p>&nbsp;<\/p>\n<p>Fonte: Siga Mais<\/p>\n","protected":false},"excerpt":{"rendered":"<p>O Centro Acad\u00eamico do Centro Universit\u00e1rio de Adamantina (UniFAI), \u00f3rg\u00e3o que representa os estudantes da faculdade, divulgou uma Carta Aberta aos vereadores onde se posiciona sobre o processo de nomea\u00e7\u00e3o da nova reitoria da institui\u00e7\u00e3o de ensino. &nbsp; A manifesta\u00e7\u00e3o p\u00fablica, com data desta sexta-feira (18), \u00e9 assinada pelo presidente do Centro Acad\u00eamico, Luiz Oct\u00e1vio [&hellip;]<\/p>\n","protected":false},"author":13,"featured_media":39936,"comment_status":"closed","ping_status":"open","sticky":false,"template":"","format":"standard","meta":{"_acf_changed":false,"_exactmetrics_skip_tracking":false,"_exactmetrics_sitenote_active":false,"_exactmetrics_sitenote_note":"","_exactmetrics_sitenote_category":0,"footnotes":""},"categories":[21],"tags":[],"class_list":["post-39935","post","type-post","status-publish","format-standard","has-post-thumbnail","hentry","category-adamantina"],"acf":[],"yoast_head":"<!-- This site is optimized with the Yoast SEO plugin v27.2 - https:\/\/yoast.com\/product\/yoast-seo-wordpress\/ -->\n<title>Nomea\u00e7\u00e3o da nova reitoria da UniFAI: Centro Acad\u00eamico publica Carta Aberta aos vereadores - R\u00e1dio Life FM<\/title>\n<meta name=\"robots\" content=\"index, follow, max-snippet:-1, max-image-preview:large, max-video-preview:-1\" \/>\n<link rel=\"canonical\" href=\"https:\/\/radiolifefm.com.br\/noticias\/nomeacao-da-nova-reitoria-da-unifai-centro-academico-publica-carta-aberta-aos-vereadores\/\" \/>\n<meta property=\"og:locale\" content=\"pt_BR\" \/>\n<meta property=\"og:type\" content=\"article\" \/>\n<meta property=\"og:title\" content=\"Nomea\u00e7\u00e3o da nova reitoria da UniFAI: Centro Acad\u00eamico publica Carta Aberta aos vereadores - R\u00e1dio Life FM\" \/>\n<meta property=\"og:description\" content=\"O Centro Acad\u00eamico do Centro Universit\u00e1rio de Adamantina (UniFAI), \u00f3rg\u00e3o que representa os estudantes da faculdade, divulgou uma Carta Aberta aos vereadores onde se posiciona sobre o processo de nomea\u00e7\u00e3o da nova reitoria da institui\u00e7\u00e3o de ensino. &nbsp; A manifesta\u00e7\u00e3o p\u00fablica, com data desta sexta-feira (18), \u00e9 assinada pelo presidente do Centro Acad\u00eamico, Luiz Oct\u00e1vio [&hellip;]\" \/>\n<meta property=\"og:url\" content=\"https:\/\/radiolifefm.com.br\/noticias\/nomeacao-da-nova-reitoria-da-unifai-centro-academico-publica-carta-aberta-aos-vereadores\/\" \/>\n<meta property=\"og:site_name\" content=\"R\u00e1dio Life FM\" \/>\n<meta property=\"article:publisher\" content=\"https:\/\/www.facebook.com\/radiolifefm\/\" \/>\n<meta property=\"article:published_time\" content=\"2021-06-18T13:31:58+00:00\" \/>\n<meta property=\"article:modified_time\" content=\"2026-04-15T08:37:02+00:00\" \/>\n<meta property=\"og:image\" content=\"https:\/\/radiolifefm.com.br\/noticias\/wp-content\/uploads\/2021\/06\/campus-2-rec-filmagensjpg162402016860cc94c859511.jpg\" \/>\n\t<meta property=\"og:image:width\" content=\"600\" \/>\n\t<meta property=\"og:image:height\" content=\"337\" \/>\n\t<meta property=\"og:image:type\" content=\"image\/jpeg\" \/>\n<meta name=\"author\" content=\"ritanery\" \/>\n<meta name=\"twitter:card\" content=\"summary_large_image\" \/>\n<meta name=\"twitter:label1\" content=\"Escrito por\" \/>\n\t<meta name=\"twitter:data1\" content=\"ritanery\" \/>\n\t<meta name=\"twitter:label2\" content=\"Est. tempo de leitura\" \/>\n\t<meta name=\"twitter:data2\" content=\"8 minutos\" \/>\n<script type=\"application\/ld+json\" class=\"yoast-schema-graph\">{\"@context\":\"https:\/\/schema.org\",\"@graph\":[{\"@type\":\"Article\",\"@id\":\"https:\/\/radiolifefm.com.br\/noticias\/nomeacao-da-nova-reitoria-da-unifai-centro-academico-publica-carta-aberta-aos-vereadores\/#article\",\"isPartOf\":{\"@id\":\"https:\/\/radiolifefm.com.br\/noticias\/nomeacao-da-nova-reitoria-da-unifai-centro-academico-publica-carta-aberta-aos-vereadores\/\"},\"author\":{\"name\":\"ritanery\",\"@id\":\"https:\/\/radiolifefm.com.br\/noticias\/#\/schema\/person\/6339b9fac59d12b071dec680d7375d87\"},\"headline\":\"Nomea\u00e7\u00e3o da nova reitoria da UniFAI: Centro Acad\u00eamico publica Carta Aberta aos vereadores\",\"datePublished\":\"2021-06-18T13:31:58+00:00\",\"dateModified\":\"2026-04-15T08:37:02+00:00\",\"mainEntityOfPage\":{\"@id\":\"https:\/\/radiolifefm.com.br\/noticias\/nomeacao-da-nova-reitoria-da-unifai-centro-academico-publica-carta-aberta-aos-vereadores\/\"},\"wordCount\":1849,\"publisher\":{\"@id\":\"https:\/\/radiolifefm.com.br\/noticias\/#organization\"},\"image\":{\"@id\":\"https:\/\/radiolifefm.com.br\/noticias\/nomeacao-da-nova-reitoria-da-unifai-centro-academico-publica-carta-aberta-aos-vereadores\/#primaryimage\"},\"thumbnailUrl\":\"https:\/\/radiolifefm.com.br\/noticias\/wp-content\/uploads\/2021\/06\/campus-2-rec-filmagensjpg162402016860cc94c859511.jpg\",\"articleSection\":[\"Adamantina\"],\"inLanguage\":\"pt-BR\"},{\"@type\":\"WebPage\",\"@id\":\"https:\/\/radiolifefm.com.br\/noticias\/nomeacao-da-nova-reitoria-da-unifai-centro-academico-publica-carta-aberta-aos-vereadores\/\",\"url\":\"https:\/\/radiolifefm.com.br\/noticias\/nomeacao-da-nova-reitoria-da-unifai-centro-academico-publica-carta-aberta-aos-vereadores\/\",\"name\":\"Nomea\u00e7\u00e3o da nova reitoria da UniFAI: Centro Acad\u00eamico publica Carta Aberta aos vereadores - R\u00e1dio Life FM\",\"isPartOf\":{\"@id\":\"https:\/\/radiolifefm.com.br\/noticias\/#website\"},\"primaryImageOfPage\":{\"@id\":\"https:\/\/radiolifefm.com.br\/noticias\/nomeacao-da-nova-reitoria-da-unifai-centro-academico-publica-carta-aberta-aos-vereadores\/#primaryimage\"},\"image\":{\"@id\":\"https:\/\/radiolifefm.com.br\/noticias\/nomeacao-da-nova-reitoria-da-unifai-centro-academico-publica-carta-aberta-aos-vereadores\/#primaryimage\"},\"thumbnailUrl\":\"https:\/\/radiolifefm.com.br\/noticias\/wp-content\/uploads\/2021\/06\/campus-2-rec-filmagensjpg162402016860cc94c859511.jpg\",\"datePublished\":\"2021-06-18T13:31:58+00:00\",\"dateModified\":\"2026-04-15T08:37:02+00:00\",\"breadcrumb\":{\"@id\":\"https:\/\/radiolifefm.com.br\/noticias\/nomeacao-da-nova-reitoria-da-unifai-centro-academico-publica-carta-aberta-aos-vereadores\/#breadcrumb\"},\"inLanguage\":\"pt-BR\",\"potentialAction\":[{\"@type\":\"ReadAction\",\"target\":[\"https:\/\/radiolifefm.com.br\/noticias\/nomeacao-da-nova-reitoria-da-unifai-centro-academico-publica-carta-aberta-aos-vereadores\/\"]}]},{\"@type\":\"ImageObject\",\"inLanguage\":\"pt-BR\",\"@id\":\"https:\/\/radiolifefm.com.br\/noticias\/nomeacao-da-nova-reitoria-da-unifai-centro-academico-publica-carta-aberta-aos-vereadores\/#primaryimage\",\"url\":\"https:\/\/radiolifefm.com.br\/noticias\/wp-content\/uploads\/2021\/06\/campus-2-rec-filmagensjpg162402016860cc94c859511.jpg\",\"contentUrl\":\"https:\/\/radiolifefm.com.br\/noticias\/wp-content\/uploads\/2021\/06\/campus-2-rec-filmagensjpg162402016860cc94c859511.jpg\",\"width\":600,\"height\":337,\"caption\":\"Pr\u00f3xima etapa do processo de escolha \u00e9 a aprecia\u00e7\u00e3o dos nomes dos indicados pela C\u00e2mara.\"},{\"@type\":\"BreadcrumbList\",\"@id\":\"https:\/\/radiolifefm.com.br\/noticias\/nomeacao-da-nova-reitoria-da-unifai-centro-academico-publica-carta-aberta-aos-vereadores\/#breadcrumb\",\"itemListElement\":[{\"@type\":\"ListItem\",\"position\":1,\"name\":\"In\u00edcio\",\"item\":\"https:\/\/radiolifefm.com.br\/noticias\/\"},{\"@type\":\"ListItem\",\"position\":2,\"name\":\"Nomea\u00e7\u00e3o da nova reitoria da UniFAI: Centro Acad\u00eamico publica Carta Aberta aos vereadores\"}]},{\"@type\":\"WebSite\",\"@id\":\"https:\/\/radiolifefm.com.br\/noticias\/#website\",\"url\":\"https:\/\/radiolifefm.com.br\/noticias\/\",\"name\":\"R\u00e1dio Life FM\",\"description\":\"O Portal de Not\u00edcias de Adamantina\",\"publisher\":{\"@id\":\"https:\/\/radiolifefm.com.br\/noticias\/#organization\"},\"alternateName\":\"Life FM\",\"potentialAction\":[{\"@type\":\"SearchAction\",\"target\":{\"@type\":\"EntryPoint\",\"urlTemplate\":\"https:\/\/radiolifefm.com.br\/noticias\/?s={search_term_string}\"},\"query-input\":{\"@type\":\"PropertyValueSpecification\",\"valueRequired\":true,\"valueName\":\"search_term_string\"}}],\"inLanguage\":\"pt-BR\"},{\"@type\":\"Organization\",\"@id\":\"https:\/\/radiolifefm.com.br\/noticias\/#organization\",\"name\":\"R\u00e1dio Life FM\",\"alternateName\":\"Life FM\",\"url\":\"https:\/\/radiolifefm.com.br\/noticias\/\",\"logo\":{\"@type\":\"ImageObject\",\"inLanguage\":\"pt-BR\",\"@id\":\"https:\/\/radiolifefm.com.br\/noticias\/#\/schema\/logo\/image\/\",\"url\":\"https:\/\/static.radiolifefm.com.br\/noticias\/wp-content\/uploads\/2019\/10\/logo-lifefm.png\",\"contentUrl\":\"https:\/\/static.radiolifefm.com.br\/noticias\/wp-content\/uploads\/2019\/10\/logo-lifefm.png\",\"width\":196,\"height\":47,\"caption\":\"R\u00e1dio Life FM\"},\"image\":{\"@id\":\"https:\/\/radiolifefm.com.br\/noticias\/#\/schema\/logo\/image\/\"},\"sameAs\":[\"https:\/\/www.facebook.com\/radiolifefm\/\",\"https:\/\/www.instagram.com\/life1079fm\/\"]},{\"@type\":\"Person\",\"@id\":\"https:\/\/radiolifefm.com.br\/noticias\/#\/schema\/person\/6339b9fac59d12b071dec680d7375d87\",\"name\":\"ritanery\",\"image\":{\"@type\":\"ImageObject\",\"inLanguage\":\"pt-BR\",\"@id\":\"https:\/\/secure.gravatar.com\/avatar\/0e37bb19071f47c0b8a23f62a903df117c5a0e75f65a0c2901562f97cd41cf86?s=96&d=mm&r=g\",\"url\":\"https:\/\/secure.gravatar.com\/avatar\/0e37bb19071f47c0b8a23f62a903df117c5a0e75f65a0c2901562f97cd41cf86?s=96&d=mm&r=g\",\"contentUrl\":\"https:\/\/secure.gravatar.com\/avatar\/0e37bb19071f47c0b8a23f62a903df117c5a0e75f65a0c2901562f97cd41cf86?s=96&d=mm&r=g\",\"caption\":\"ritanery\"}}]}<\/script>\n<!-- \/ Yoast SEO plugin. -->","yoast_head_json":{"title":"Nomea\u00e7\u00e3o da nova reitoria da UniFAI: Centro Acad\u00eamico publica Carta Aberta aos vereadores - R\u00e1dio Life FM","robots":{"index":"index","follow":"follow","max-snippet":"max-snippet:-1","max-image-preview":"max-image-preview:large","max-video-preview":"max-video-preview:-1"},"canonical":"https:\/\/radiolifefm.com.br\/noticias\/nomeacao-da-nova-reitoria-da-unifai-centro-academico-publica-carta-aberta-aos-vereadores\/","og_locale":"pt_BR","og_type":"article","og_title":"Nomea\u00e7\u00e3o da nova reitoria da UniFAI: Centro Acad\u00eamico publica Carta Aberta aos vereadores - R\u00e1dio Life FM","og_description":"O Centro Acad\u00eamico do Centro Universit\u00e1rio de Adamantina (UniFAI), \u00f3rg\u00e3o que representa os estudantes da faculdade, divulgou uma Carta Aberta aos vereadores onde se posiciona sobre o processo de nomea\u00e7\u00e3o da nova reitoria da institui\u00e7\u00e3o de ensino. &nbsp; A manifesta\u00e7\u00e3o p\u00fablica, com data desta sexta-feira (18), \u00e9 assinada pelo presidente do Centro Acad\u00eamico, Luiz Oct\u00e1vio [&hellip;]","og_url":"https:\/\/radiolifefm.com.br\/noticias\/nomeacao-da-nova-reitoria-da-unifai-centro-academico-publica-carta-aberta-aos-vereadores\/","og_site_name":"R\u00e1dio Life FM","article_publisher":"https:\/\/www.facebook.com\/radiolifefm\/","article_published_time":"2021-06-18T13:31:58+00:00","article_modified_time":"2026-04-15T08:37:02+00:00","og_image":[{"width":600,"height":337,"url":"https:\/\/radiolifefm.com.br\/noticias\/wp-content\/uploads\/2021\/06\/campus-2-rec-filmagensjpg162402016860cc94c859511.jpg","type":"image\/jpeg"}],"author":"ritanery","twitter_card":"summary_large_image","twitter_misc":{"Escrito por":"ritanery","Est. tempo de leitura":"8 minutos"},"schema":{"@context":"https:\/\/schema.org","@graph":[{"@type":"Article","@id":"https:\/\/radiolifefm.com.br\/noticias\/nomeacao-da-nova-reitoria-da-unifai-centro-academico-publica-carta-aberta-aos-vereadores\/#article","isPartOf":{"@id":"https:\/\/radiolifefm.com.br\/noticias\/nomeacao-da-nova-reitoria-da-unifai-centro-academico-publica-carta-aberta-aos-vereadores\/"},"author":{"name":"ritanery","@id":"https:\/\/radiolifefm.com.br\/noticias\/#\/schema\/person\/6339b9fac59d12b071dec680d7375d87"},"headline":"Nomea\u00e7\u00e3o da nova reitoria da UniFAI: Centro Acad\u00eamico publica Carta Aberta aos vereadores","datePublished":"2021-06-18T13:31:58+00:00","dateModified":"2026-04-15T08:37:02+00:00","mainEntityOfPage":{"@id":"https:\/\/radiolifefm.com.br\/noticias\/nomeacao-da-nova-reitoria-da-unifai-centro-academico-publica-carta-aberta-aos-vereadores\/"},"wordCount":1849,"publisher":{"@id":"https:\/\/radiolifefm.com.br\/noticias\/#organization"},"image":{"@id":"https:\/\/radiolifefm.com.br\/noticias\/nomeacao-da-nova-reitoria-da-unifai-centro-academico-publica-carta-aberta-aos-vereadores\/#primaryimage"},"thumbnailUrl":"https:\/\/radiolifefm.com.br\/noticias\/wp-content\/uploads\/2021\/06\/campus-2-rec-filmagensjpg162402016860cc94c859511.jpg","articleSection":["Adamantina"],"inLanguage":"pt-BR"},{"@type":"WebPage","@id":"https:\/\/radiolifefm.com.br\/noticias\/nomeacao-da-nova-reitoria-da-unifai-centro-academico-publica-carta-aberta-aos-vereadores\/","url":"https:\/\/radiolifefm.com.br\/noticias\/nomeacao-da-nova-reitoria-da-unifai-centro-academico-publica-carta-aberta-aos-vereadores\/","name":"Nomea\u00e7\u00e3o da nova reitoria da UniFAI: Centro Acad\u00eamico publica Carta Aberta aos vereadores - R\u00e1dio Life FM","isPartOf":{"@id":"https:\/\/radiolifefm.com.br\/noticias\/#website"},"primaryImageOfPage":{"@id":"https:\/\/radiolifefm.com.br\/noticias\/nomeacao-da-nova-reitoria-da-unifai-centro-academico-publica-carta-aberta-aos-vereadores\/#primaryimage"},"image":{"@id":"https:\/\/radiolifefm.com.br\/noticias\/nomeacao-da-nova-reitoria-da-unifai-centro-academico-publica-carta-aberta-aos-vereadores\/#primaryimage"},"thumbnailUrl":"https:\/\/radiolifefm.com.br\/noticias\/wp-content\/uploads\/2021\/06\/campus-2-rec-filmagensjpg162402016860cc94c859511.jpg","datePublished":"2021-06-18T13:31:58+00:00","dateModified":"2026-04-15T08:37:02+00:00","breadcrumb":{"@id":"https:\/\/radiolifefm.com.br\/noticias\/nomeacao-da-nova-reitoria-da-unifai-centro-academico-publica-carta-aberta-aos-vereadores\/#breadcrumb"},"inLanguage":"pt-BR","potentialAction":[{"@type":"ReadAction","target":["https:\/\/radiolifefm.com.br\/noticias\/nomeacao-da-nova-reitoria-da-unifai-centro-academico-publica-carta-aberta-aos-vereadores\/"]}]},{"@type":"ImageObject","inLanguage":"pt-BR","@id":"https:\/\/radiolifefm.com.br\/noticias\/nomeacao-da-nova-reitoria-da-unifai-centro-academico-publica-carta-aberta-aos-vereadores\/#primaryimage","url":"https:\/\/radiolifefm.com.br\/noticias\/wp-content\/uploads\/2021\/06\/campus-2-rec-filmagensjpg162402016860cc94c859511.jpg","contentUrl":"https:\/\/radiolifefm.com.br\/noticias\/wp-content\/uploads\/2021\/06\/campus-2-rec-filmagensjpg162402016860cc94c859511.jpg","width":600,"height":337,"caption":"Pr\u00f3xima etapa do processo de escolha \u00e9 a aprecia\u00e7\u00e3o dos nomes dos indicados pela C\u00e2mara."},{"@type":"BreadcrumbList","@id":"https:\/\/radiolifefm.com.br\/noticias\/nomeacao-da-nova-reitoria-da-unifai-centro-academico-publica-carta-aberta-aos-vereadores\/#breadcrumb","itemListElement":[{"@type":"ListItem","position":1,"name":"In\u00edcio","item":"https:\/\/radiolifefm.com.br\/noticias\/"},{"@type":"ListItem","position":2,"name":"Nomea\u00e7\u00e3o da nova reitoria da UniFAI: Centro Acad\u00eamico publica Carta Aberta aos vereadores"}]},{"@type":"WebSite","@id":"https:\/\/radiolifefm.com.br\/noticias\/#website","url":"https:\/\/radiolifefm.com.br\/noticias\/","name":"R\u00e1dio Life FM","description":"O Portal de Not\u00edcias de Adamantina","publisher":{"@id":"https:\/\/radiolifefm.com.br\/noticias\/#organization"},"alternateName":"Life FM","potentialAction":[{"@type":"SearchAction","target":{"@type":"EntryPoint","urlTemplate":"https:\/\/radiolifefm.com.br\/noticias\/?s={search_term_string}"},"query-input":{"@type":"PropertyValueSpecification","valueRequired":true,"valueName":"search_term_string"}}],"inLanguage":"pt-BR"},{"@type":"Organization","@id":"https:\/\/radiolifefm.com.br\/noticias\/#organization","name":"R\u00e1dio Life FM","alternateName":"Life FM","url":"https:\/\/radiolifefm.com.br\/noticias\/","logo":{"@type":"ImageObject","inLanguage":"pt-BR","@id":"https:\/\/radiolifefm.com.br\/noticias\/#\/schema\/logo\/image\/","url":"https:\/\/static.radiolifefm.com.br\/noticias\/wp-content\/uploads\/2019\/10\/logo-lifefm.png","contentUrl":"https:\/\/static.radiolifefm.com.br\/noticias\/wp-content\/uploads\/2019\/10\/logo-lifefm.png","width":196,"height":47,"caption":"R\u00e1dio Life FM"},"image":{"@id":"https:\/\/radiolifefm.com.br\/noticias\/#\/schema\/logo\/image\/"},"sameAs":["https:\/\/www.facebook.com\/radiolifefm\/","https:\/\/www.instagram.com\/life1079fm\/"]},{"@type":"Person","@id":"https:\/\/radiolifefm.com.br\/noticias\/#\/schema\/person\/6339b9fac59d12b071dec680d7375d87","name":"ritanery","image":{"@type":"ImageObject","inLanguage":"pt-BR","@id":"https:\/\/secure.gravatar.com\/avatar\/0e37bb19071f47c0b8a23f62a903df117c5a0e75f65a0c2901562f97cd41cf86?s=96&d=mm&r=g","url":"https:\/\/secure.gravatar.com\/avatar\/0e37bb19071f47c0b8a23f62a903df117c5a0e75f65a0c2901562f97cd41cf86?s=96&d=mm&r=g","contentUrl":"https:\/\/secure.gravatar.com\/avatar\/0e37bb19071f47c0b8a23f62a903df117c5a0e75f65a0c2901562f97cd41cf86?s=96&d=mm&r=g","caption":"ritanery"}}]}},"amp_enabled":true,"_links":{"self":[{"href":"https:\/\/radiolifefm.com.br\/noticias\/wp-json\/wp\/v2\/posts\/39935","targetHints":{"allow":["GET"]}}],"collection":[{"href":"https:\/\/radiolifefm.com.br\/noticias\/wp-json\/wp\/v2\/posts"}],"about":[{"href":"https:\/\/radiolifefm.com.br\/noticias\/wp-json\/wp\/v2\/types\/post"}],"author":[{"embeddable":true,"href":"https:\/\/radiolifefm.com.br\/noticias\/wp-json\/wp\/v2\/users\/13"}],"replies":[{"embeddable":true,"href":"https:\/\/radiolifefm.com.br\/noticias\/wp-json\/wp\/v2\/comments?post=39935"}],"version-history":[{"count":2,"href":"https:\/\/radiolifefm.com.br\/noticias\/wp-json\/wp\/v2\/posts\/39935\/revisions"}],"predecessor-version":[{"id":39938,"href":"https:\/\/radiolifefm.com.br\/noticias\/wp-json\/wp\/v2\/posts\/39935\/revisions\/39938"}],"wp:featuredmedia":[{"embeddable":true,"href":"https:\/\/radiolifefm.com.br\/noticias\/wp-json\/wp\/v2\/media\/39936"}],"wp:attachment":[{"href":"https:\/\/radiolifefm.com.br\/noticias\/wp-json\/wp\/v2\/media?parent=39935"}],"wp:term":[{"taxonomy":"category","embeddable":true,"href":"https:\/\/radiolifefm.com.br\/noticias\/wp-json\/wp\/v2\/categories?post=39935"},{"taxonomy":"post_tag","embeddable":true,"href":"https:\/\/radiolifefm.com.br\/noticias\/wp-json\/wp\/v2\/tags?post=39935"}],"curies":[{"name":"wp","href":"https:\/\/api.w.org\/{rel}","templated":true}]}}