{"id":39930,"date":"2021-06-17T22:40:23","date_gmt":"2021-06-18T01:40:23","guid":{"rendered":"https:\/\/radiolifefm.com.br\/noticias\/?p=39930"},"modified":"2026-04-06T05:29:34","modified_gmt":"2026-04-06T08:29:34","slug":"youtuber-adamantinense-cria-canal-sobre-cultura-pop","status":"publish","type":"post","link":"https:\/\/radiolifefm.com.br\/noticias\/youtuber-adamantinense-cria-canal-sobre-cultura-pop\/","title":{"rendered":"Youtuber adamantinense cria canal sobre cultura pop"},"content":{"rendered":"<div id=\"fb-root\"><\/div>\n<p>Aos 22 anos, o adamantinense Vitor Hugo divide seu dia a dia entre as atividades profissionais em uma pizzaria da fam\u00edlia, na cidade, e seu novo espa\u00e7o de intera\u00e7\u00e3o no canal\u00a0<a href=\"https:\/\/www.youtube.com\/channel\/UCYP_hx6UEazBJF6MjRsJZ9w\"><strong>Home Nerds<\/strong><\/a>, no Youtube, onde passa a publicar v\u00eddeos sobre cultura pop e comenta produ\u00e7\u00f5es da Marvel e Disney Plus, entre outras.<\/p>\n<p>&nbsp;<\/p>\n<p>A experimenta\u00e7\u00e3o tem dado certo, levando o jovem youtuber a conquistar novas visualiza\u00e7\u00f5es e inscritos em seu canal. \u201cSei que tem muita gente em Adamantina que gosta desse conte\u00fado\u201d, aposta.<\/p>\n<p>&nbsp;<\/p>\n<p>No canal, Vitor tem o cuidado de manter atualiza\u00e7\u00f5es frequentes. Ele grava os v\u00eddeos em sua casa, onde criou um espa\u00e7o com a ambienta\u00e7\u00e3o ligada aos temas que publica. No v\u00eddeo, ele mostra bastante desenvoltura e facilidade com os conte\u00fados, com linguagem que permite conectar-se com seu p\u00fablico.<\/p>\n<p>&nbsp;<\/p>\n<p>Ao abordar sobre os conte\u00fados da Disney Plus, por exemplo, Vitor pretende aprofundar sobre aspectos da produ\u00e7\u00e3o e comentar epis\u00f3dios. E para quem ainda n\u00e3o assistiu ou n\u00e3o tenha acesso a esses servi\u00e7os, o que ele apresenta traz um panorama geral, compartilhando esse universo com os internautas.<\/p>\n<p>&nbsp;<\/p>\n<p>Assista ao mais recente v\u00eddeo publicado no canal:<\/p>\n<p><a href=\"https:\/\/youtu.be\/lXoBNG_jBKw\">https:\/\/youtu.be\/lXoBNG_jBKw<\/a><\/p>\n<p>Confiante, Vitor pede que acompanhem seu trabalho no canal. \u201cSe gosta do meu trabalho, d\u00e1 uma for\u00e7a l\u00e1 e se inscreva\u201d, diz. \u201cVou ser muito grato. Cada nova inscri\u00e7\u00e3o no canal e like nos v\u00eddeos vai me dar mais energia pra continuar a produzir esses conte\u00fados\u201d, completa.<\/p>\n<p>&nbsp;<\/p>\n<p>Al\u00e9m de inscreve no canal, o p\u00fablico pode seguir o youtuber no Instagram, em\u00a0<a href=\"https:\/\/www.instagram.com\/homenerdoficial\/\"><strong>@homenerdoficial<\/strong><\/a>.<\/p>\n<p>&nbsp;<\/p>\n<p>Fonte: Siga Mais<\/p>\n","protected":false},"excerpt":{"rendered":"<p>Aos 22 anos, o adamantinense Vitor Hugo divide seu dia a dia entre as atividades profissionais em uma pizzaria da fam\u00edlia, na cidade, e seu novo espa\u00e7o de intera\u00e7\u00e3o no canal\u00a0Home Nerds, no Youtube, onde passa a publicar v\u00eddeos sobre cultura pop e comenta produ\u00e7\u00f5es da Marvel e Disney Plus, entre outras. &nbsp; A experimenta\u00e7\u00e3o [&hellip;]<\/p>\n","protected":false},"author":13,"featured_media":39931,"comment_status":"closed","ping_status":"open","sticky":false,"template":"","format":"standard","meta":{"_acf_changed":false,"_exactmetrics_skip_tracking":false,"_exactmetrics_sitenote_active":false,"_exactmetrics_sitenote_note":"","_exactmetrics_sitenote_category":0,"footnotes":""},"categories":[21],"tags":[],"class_list":["post-39930","post","type-post","status-publish","format-standard","has-post-thumbnail","hentry","category-adamantina"],"acf":[],"yoast_head":"<!-- This site is optimized with the Yoast SEO plugin v27.2 - https:\/\/yoast.com\/product\/yoast-seo-wordpress\/ -->\n<title>Youtuber adamantinense cria canal sobre cultura pop - R\u00e1dio Life FM<\/title>\n<meta name=\"robots\" content=\"index, follow, max-snippet:-1, max-image-preview:large, max-video-preview:-1\" \/>\n<link rel=\"canonical\" href=\"https:\/\/radiolifefm.com.br\/noticias\/youtuber-adamantinense-cria-canal-sobre-cultura-pop\/\" \/>\n<meta property=\"og:locale\" content=\"pt_BR\" \/>\n<meta property=\"og:type\" content=\"article\" \/>\n<meta property=\"og:title\" content=\"Youtuber adamantinense cria canal sobre cultura pop - R\u00e1dio Life FM\" \/>\n<meta property=\"og:description\" content=\"Aos 22 anos, o adamantinense Vitor Hugo divide seu dia a dia entre as atividades profissionais em uma pizzaria da fam\u00edlia, na cidade, e seu novo espa\u00e7o de intera\u00e7\u00e3o no canal\u00a0Home Nerds, no Youtube, onde passa a publicar v\u00eddeos sobre cultura pop e comenta produ\u00e7\u00f5es da Marvel e Disney Plus, entre outras. &nbsp; A experimenta\u00e7\u00e3o [&hellip;]\" \/>\n<meta property=\"og:url\" content=\"https:\/\/radiolifefm.com.br\/noticias\/youtuber-adamantinense-cria-canal-sobre-cultura-pop\/\" \/>\n<meta property=\"og:site_name\" content=\"R\u00e1dio Life FM\" \/>\n<meta property=\"article:publisher\" content=\"https:\/\/www.facebook.com\/radiolifefm\/\" \/>\n<meta property=\"article:published_time\" content=\"2021-06-18T01:40:23+00:00\" \/>\n<meta property=\"article:modified_time\" content=\"2026-04-06T08:29:34+00:00\" \/>\n<meta property=\"og:image\" content=\"https:\/\/radiolifefm.com.br\/noticias\/wp-content\/uploads\/2021\/06\/vh2png162388368160ca7fa18a501.jpg\" \/>\n\t<meta property=\"og:image:width\" content=\"598\" \/>\n\t<meta property=\"og:image:height\" content=\"336\" \/>\n\t<meta property=\"og:image:type\" content=\"image\/jpeg\" \/>\n<meta name=\"author\" content=\"ritanery\" \/>\n<meta name=\"twitter:card\" content=\"summary_large_image\" \/>\n<meta name=\"twitter:label1\" content=\"Escrito por\" \/>\n\t<meta name=\"twitter:data1\" content=\"ritanery\" \/>\n\t<meta name=\"twitter:label2\" content=\"Est. tempo de leitura\" \/>\n\t<meta name=\"twitter:data2\" content=\"2 minutos\" \/>\n<script type=\"application\/ld+json\" class=\"yoast-schema-graph\">{\"@context\":\"https:\/\/schema.org\",\"@graph\":[{\"@type\":\"Article\",\"@id\":\"https:\/\/radiolifefm.com.br\/noticias\/youtuber-adamantinense-cria-canal-sobre-cultura-pop\/#article\",\"isPartOf\":{\"@id\":\"https:\/\/radiolifefm.com.br\/noticias\/youtuber-adamantinense-cria-canal-sobre-cultura-pop\/\"},\"author\":{\"name\":\"ritanery\",\"@id\":\"https:\/\/radiolifefm.com.br\/noticias\/#\/schema\/person\/6339b9fac59d12b071dec680d7375d87\"},\"headline\":\"Youtuber adamantinense cria canal sobre cultura pop\",\"datePublished\":\"2021-06-18T01:40:23+00:00\",\"dateModified\":\"2026-04-06T08:29:34+00:00\",\"mainEntityOfPage\":{\"@id\":\"https:\/\/radiolifefm.com.br\/noticias\/youtuber-adamantinense-cria-canal-sobre-cultura-pop\/\"},\"wordCount\":298,\"publisher\":{\"@id\":\"https:\/\/radiolifefm.com.br\/noticias\/#organization\"},\"image\":{\"@id\":\"https:\/\/radiolifefm.com.br\/noticias\/youtuber-adamantinense-cria-canal-sobre-cultura-pop\/#primaryimage\"},\"thumbnailUrl\":\"https:\/\/radiolifefm.com.br\/noticias\/wp-content\/uploads\/2021\/06\/vh2png162388368160ca7fa18a501.jpg\",\"articleSection\":[\"Adamantina\"],\"inLanguage\":\"pt-BR\"},{\"@type\":\"WebPage\",\"@id\":\"https:\/\/radiolifefm.com.br\/noticias\/youtuber-adamantinense-cria-canal-sobre-cultura-pop\/\",\"url\":\"https:\/\/radiolifefm.com.br\/noticias\/youtuber-adamantinense-cria-canal-sobre-cultura-pop\/\",\"name\":\"Youtuber adamantinense cria canal sobre cultura pop - R\u00e1dio Life FM\",\"isPartOf\":{\"@id\":\"https:\/\/radiolifefm.com.br\/noticias\/#website\"},\"primaryImageOfPage\":{\"@id\":\"https:\/\/radiolifefm.com.br\/noticias\/youtuber-adamantinense-cria-canal-sobre-cultura-pop\/#primaryimage\"},\"image\":{\"@id\":\"https:\/\/radiolifefm.com.br\/noticias\/youtuber-adamantinense-cria-canal-sobre-cultura-pop\/#primaryimage\"},\"thumbnailUrl\":\"https:\/\/radiolifefm.com.br\/noticias\/wp-content\/uploads\/2021\/06\/vh2png162388368160ca7fa18a501.jpg\",\"datePublished\":\"2021-06-18T01:40:23+00:00\",\"dateModified\":\"2026-04-06T08:29:34+00:00\",\"breadcrumb\":{\"@id\":\"https:\/\/radiolifefm.com.br\/noticias\/youtuber-adamantinense-cria-canal-sobre-cultura-pop\/#breadcrumb\"},\"inLanguage\":\"pt-BR\",\"potentialAction\":[{\"@type\":\"ReadAction\",\"target\":[\"https:\/\/radiolifefm.com.br\/noticias\/youtuber-adamantinense-cria-canal-sobre-cultura-pop\/\"]}]},{\"@type\":\"ImageObject\",\"inLanguage\":\"pt-BR\",\"@id\":\"https:\/\/radiolifefm.com.br\/noticias\/youtuber-adamantinense-cria-canal-sobre-cultura-pop\/#primaryimage\",\"url\":\"https:\/\/radiolifefm.com.br\/noticias\/wp-content\/uploads\/2021\/06\/vh2png162388368160ca7fa18a501.jpg\",\"contentUrl\":\"https:\/\/radiolifefm.com.br\/noticias\/wp-content\/uploads\/2021\/06\/vh2png162388368160ca7fa18a501.jpg\",\"width\":598,\"height\":336,\"caption\":\"Canal \u00e9 apresentado e dirigido pelo adamantinense Vitor Hugo, de 22 anos.\"},{\"@type\":\"BreadcrumbList\",\"@id\":\"https:\/\/radiolifefm.com.br\/noticias\/youtuber-adamantinense-cria-canal-sobre-cultura-pop\/#breadcrumb\",\"itemListElement\":[{\"@type\":\"ListItem\",\"position\":1,\"name\":\"In\u00edcio\",\"item\":\"https:\/\/radiolifefm.com.br\/noticias\/\"},{\"@type\":\"ListItem\",\"position\":2,\"name\":\"Youtuber adamantinense cria canal sobre cultura pop\"}]},{\"@type\":\"WebSite\",\"@id\":\"https:\/\/radiolifefm.com.br\/noticias\/#website\",\"url\":\"https:\/\/radiolifefm.com.br\/noticias\/\",\"name\":\"R\u00e1dio Life FM\",\"description\":\"O Portal de Not\u00edcias de Adamantina\",\"publisher\":{\"@id\":\"https:\/\/radiolifefm.com.br\/noticias\/#organization\"},\"alternateName\":\"Life FM\",\"potentialAction\":[{\"@type\":\"SearchAction\",\"target\":{\"@type\":\"EntryPoint\",\"urlTemplate\":\"https:\/\/radiolifefm.com.br\/noticias\/?s={search_term_string}\"},\"query-input\":{\"@type\":\"PropertyValueSpecification\",\"valueRequired\":true,\"valueName\":\"search_term_string\"}}],\"inLanguage\":\"pt-BR\"},{\"@type\":\"Organization\",\"@id\":\"https:\/\/radiolifefm.com.br\/noticias\/#organization\",\"name\":\"R\u00e1dio Life FM\",\"alternateName\":\"Life FM\",\"url\":\"https:\/\/radiolifefm.com.br\/noticias\/\",\"logo\":{\"@type\":\"ImageObject\",\"inLanguage\":\"pt-BR\",\"@id\":\"https:\/\/radiolifefm.com.br\/noticias\/#\/schema\/logo\/image\/\",\"url\":\"https:\/\/static.radiolifefm.com.br\/noticias\/wp-content\/uploads\/2019\/10\/logo-lifefm.png\",\"contentUrl\":\"https:\/\/static.radiolifefm.com.br\/noticias\/wp-content\/uploads\/2019\/10\/logo-lifefm.png\",\"width\":196,\"height\":47,\"caption\":\"R\u00e1dio Life FM\"},\"image\":{\"@id\":\"https:\/\/radiolifefm.com.br\/noticias\/#\/schema\/logo\/image\/\"},\"sameAs\":[\"https:\/\/www.facebook.com\/radiolifefm\/\",\"https:\/\/www.instagram.com\/life1079fm\/\"]},{\"@type\":\"Person\",\"@id\":\"https:\/\/radiolifefm.com.br\/noticias\/#\/schema\/person\/6339b9fac59d12b071dec680d7375d87\",\"name\":\"ritanery\",\"image\":{\"@type\":\"ImageObject\",\"inLanguage\":\"pt-BR\",\"@id\":\"https:\/\/secure.gravatar.com\/avatar\/0e37bb19071f47c0b8a23f62a903df117c5a0e75f65a0c2901562f97cd41cf86?s=96&d=mm&r=g\",\"url\":\"https:\/\/secure.gravatar.com\/avatar\/0e37bb19071f47c0b8a23f62a903df117c5a0e75f65a0c2901562f97cd41cf86?s=96&d=mm&r=g\",\"contentUrl\":\"https:\/\/secure.gravatar.com\/avatar\/0e37bb19071f47c0b8a23f62a903df117c5a0e75f65a0c2901562f97cd41cf86?s=96&d=mm&r=g\",\"caption\":\"ritanery\"}}]}<\/script>\n<!-- \/ Yoast SEO plugin. -->","yoast_head_json":{"title":"Youtuber adamantinense cria canal sobre cultura pop - R\u00e1dio Life FM","robots":{"index":"index","follow":"follow","max-snippet":"max-snippet:-1","max-image-preview":"max-image-preview:large","max-video-preview":"max-video-preview:-1"},"canonical":"https:\/\/radiolifefm.com.br\/noticias\/youtuber-adamantinense-cria-canal-sobre-cultura-pop\/","og_locale":"pt_BR","og_type":"article","og_title":"Youtuber adamantinense cria canal sobre cultura pop - R\u00e1dio Life FM","og_description":"Aos 22 anos, o adamantinense Vitor Hugo divide seu dia a dia entre as atividades profissionais em uma pizzaria da fam\u00edlia, na cidade, e seu novo espa\u00e7o de intera\u00e7\u00e3o no canal\u00a0Home Nerds, no Youtube, onde passa a publicar v\u00eddeos sobre cultura pop e comenta produ\u00e7\u00f5es da Marvel e Disney Plus, entre outras. &nbsp; A experimenta\u00e7\u00e3o [&hellip;]","og_url":"https:\/\/radiolifefm.com.br\/noticias\/youtuber-adamantinense-cria-canal-sobre-cultura-pop\/","og_site_name":"R\u00e1dio Life FM","article_publisher":"https:\/\/www.facebook.com\/radiolifefm\/","article_published_time":"2021-06-18T01:40:23+00:00","article_modified_time":"2026-04-06T08:29:34+00:00","og_image":[{"width":598,"height":336,"url":"https:\/\/radiolifefm.com.br\/noticias\/wp-content\/uploads\/2021\/06\/vh2png162388368160ca7fa18a501.jpg","type":"image\/jpeg"}],"author":"ritanery","twitter_card":"summary_large_image","twitter_misc":{"Escrito por":"ritanery","Est. tempo de leitura":"2 minutos"},"schema":{"@context":"https:\/\/schema.org","@graph":[{"@type":"Article","@id":"https:\/\/radiolifefm.com.br\/noticias\/youtuber-adamantinense-cria-canal-sobre-cultura-pop\/#article","isPartOf":{"@id":"https:\/\/radiolifefm.com.br\/noticias\/youtuber-adamantinense-cria-canal-sobre-cultura-pop\/"},"author":{"name":"ritanery","@id":"https:\/\/radiolifefm.com.br\/noticias\/#\/schema\/person\/6339b9fac59d12b071dec680d7375d87"},"headline":"Youtuber adamantinense cria canal sobre cultura pop","datePublished":"2021-06-18T01:40:23+00:00","dateModified":"2026-04-06T08:29:34+00:00","mainEntityOfPage":{"@id":"https:\/\/radiolifefm.com.br\/noticias\/youtuber-adamantinense-cria-canal-sobre-cultura-pop\/"},"wordCount":298,"publisher":{"@id":"https:\/\/radiolifefm.com.br\/noticias\/#organization"},"image":{"@id":"https:\/\/radiolifefm.com.br\/noticias\/youtuber-adamantinense-cria-canal-sobre-cultura-pop\/#primaryimage"},"thumbnailUrl":"https:\/\/radiolifefm.com.br\/noticias\/wp-content\/uploads\/2021\/06\/vh2png162388368160ca7fa18a501.jpg","articleSection":["Adamantina"],"inLanguage":"pt-BR"},{"@type":"WebPage","@id":"https:\/\/radiolifefm.com.br\/noticias\/youtuber-adamantinense-cria-canal-sobre-cultura-pop\/","url":"https:\/\/radiolifefm.com.br\/noticias\/youtuber-adamantinense-cria-canal-sobre-cultura-pop\/","name":"Youtuber adamantinense cria canal sobre cultura pop - R\u00e1dio Life FM","isPartOf":{"@id":"https:\/\/radiolifefm.com.br\/noticias\/#website"},"primaryImageOfPage":{"@id":"https:\/\/radiolifefm.com.br\/noticias\/youtuber-adamantinense-cria-canal-sobre-cultura-pop\/#primaryimage"},"image":{"@id":"https:\/\/radiolifefm.com.br\/noticias\/youtuber-adamantinense-cria-canal-sobre-cultura-pop\/#primaryimage"},"thumbnailUrl":"https:\/\/radiolifefm.com.br\/noticias\/wp-content\/uploads\/2021\/06\/vh2png162388368160ca7fa18a501.jpg","datePublished":"2021-06-18T01:40:23+00:00","dateModified":"2026-04-06T08:29:34+00:00","breadcrumb":{"@id":"https:\/\/radiolifefm.com.br\/noticias\/youtuber-adamantinense-cria-canal-sobre-cultura-pop\/#breadcrumb"},"inLanguage":"pt-BR","potentialAction":[{"@type":"ReadAction","target":["https:\/\/radiolifefm.com.br\/noticias\/youtuber-adamantinense-cria-canal-sobre-cultura-pop\/"]}]},{"@type":"ImageObject","inLanguage":"pt-BR","@id":"https:\/\/radiolifefm.com.br\/noticias\/youtuber-adamantinense-cria-canal-sobre-cultura-pop\/#primaryimage","url":"https:\/\/radiolifefm.com.br\/noticias\/wp-content\/uploads\/2021\/06\/vh2png162388368160ca7fa18a501.jpg","contentUrl":"https:\/\/radiolifefm.com.br\/noticias\/wp-content\/uploads\/2021\/06\/vh2png162388368160ca7fa18a501.jpg","width":598,"height":336,"caption":"Canal \u00e9 apresentado e dirigido pelo adamantinense Vitor Hugo, de 22 anos."},{"@type":"BreadcrumbList","@id":"https:\/\/radiolifefm.com.br\/noticias\/youtuber-adamantinense-cria-canal-sobre-cultura-pop\/#breadcrumb","itemListElement":[{"@type":"ListItem","position":1,"name":"In\u00edcio","item":"https:\/\/radiolifefm.com.br\/noticias\/"},{"@type":"ListItem","position":2,"name":"Youtuber adamantinense cria canal sobre cultura pop"}]},{"@type":"WebSite","@id":"https:\/\/radiolifefm.com.br\/noticias\/#website","url":"https:\/\/radiolifefm.com.br\/noticias\/","name":"R\u00e1dio Life FM","description":"O Portal de Not\u00edcias de Adamantina","publisher":{"@id":"https:\/\/radiolifefm.com.br\/noticias\/#organization"},"alternateName":"Life FM","potentialAction":[{"@type":"SearchAction","target":{"@type":"EntryPoint","urlTemplate":"https:\/\/radiolifefm.com.br\/noticias\/?s={search_term_string}"},"query-input":{"@type":"PropertyValueSpecification","valueRequired":true,"valueName":"search_term_string"}}],"inLanguage":"pt-BR"},{"@type":"Organization","@id":"https:\/\/radiolifefm.com.br\/noticias\/#organization","name":"R\u00e1dio Life FM","alternateName":"Life FM","url":"https:\/\/radiolifefm.com.br\/noticias\/","logo":{"@type":"ImageObject","inLanguage":"pt-BR","@id":"https:\/\/radiolifefm.com.br\/noticias\/#\/schema\/logo\/image\/","url":"https:\/\/static.radiolifefm.com.br\/noticias\/wp-content\/uploads\/2019\/10\/logo-lifefm.png","contentUrl":"https:\/\/static.radiolifefm.com.br\/noticias\/wp-content\/uploads\/2019\/10\/logo-lifefm.png","width":196,"height":47,"caption":"R\u00e1dio Life FM"},"image":{"@id":"https:\/\/radiolifefm.com.br\/noticias\/#\/schema\/logo\/image\/"},"sameAs":["https:\/\/www.facebook.com\/radiolifefm\/","https:\/\/www.instagram.com\/life1079fm\/"]},{"@type":"Person","@id":"https:\/\/radiolifefm.com.br\/noticias\/#\/schema\/person\/6339b9fac59d12b071dec680d7375d87","name":"ritanery","image":{"@type":"ImageObject","inLanguage":"pt-BR","@id":"https:\/\/secure.gravatar.com\/avatar\/0e37bb19071f47c0b8a23f62a903df117c5a0e75f65a0c2901562f97cd41cf86?s=96&d=mm&r=g","url":"https:\/\/secure.gravatar.com\/avatar\/0e37bb19071f47c0b8a23f62a903df117c5a0e75f65a0c2901562f97cd41cf86?s=96&d=mm&r=g","contentUrl":"https:\/\/secure.gravatar.com\/avatar\/0e37bb19071f47c0b8a23f62a903df117c5a0e75f65a0c2901562f97cd41cf86?s=96&d=mm&r=g","caption":"ritanery"}}]}},"amp_enabled":true,"_links":{"self":[{"href":"https:\/\/radiolifefm.com.br\/noticias\/wp-json\/wp\/v2\/posts\/39930","targetHints":{"allow":["GET"]}}],"collection":[{"href":"https:\/\/radiolifefm.com.br\/noticias\/wp-json\/wp\/v2\/posts"}],"about":[{"href":"https:\/\/radiolifefm.com.br\/noticias\/wp-json\/wp\/v2\/types\/post"}],"author":[{"embeddable":true,"href":"https:\/\/radiolifefm.com.br\/noticias\/wp-json\/wp\/v2\/users\/13"}],"replies":[{"embeddable":true,"href":"https:\/\/radiolifefm.com.br\/noticias\/wp-json\/wp\/v2\/comments?post=39930"}],"version-history":[{"count":2,"href":"https:\/\/radiolifefm.com.br\/noticias\/wp-json\/wp\/v2\/posts\/39930\/revisions"}],"predecessor-version":[{"id":39933,"href":"https:\/\/radiolifefm.com.br\/noticias\/wp-json\/wp\/v2\/posts\/39930\/revisions\/39933"}],"wp:featuredmedia":[{"embeddable":true,"href":"https:\/\/radiolifefm.com.br\/noticias\/wp-json\/wp\/v2\/media\/39931"}],"wp:attachment":[{"href":"https:\/\/radiolifefm.com.br\/noticias\/wp-json\/wp\/v2\/media?parent=39930"}],"wp:term":[{"taxonomy":"category","embeddable":true,"href":"https:\/\/radiolifefm.com.br\/noticias\/wp-json\/wp\/v2\/categories?post=39930"},{"taxonomy":"post_tag","embeddable":true,"href":"https:\/\/radiolifefm.com.br\/noticias\/wp-json\/wp\/v2\/tags?post=39930"}],"curies":[{"name":"wp","href":"https:\/\/api.w.org\/{rel}","templated":true}]}}