{"id":39916,"date":"2021-06-17T16:41:54","date_gmt":"2021-06-17T19:41:54","guid":{"rendered":"https:\/\/radiolifefm.com.br\/noticias\/?p=39916"},"modified":"2026-04-08T11:03:16","modified_gmt":"2026-04-08T14:03:16","slug":"prefeitura-de-adamantina-inicia-projeto-de-paisagismo-da-avenida-da-saudade","status":"publish","type":"post","link":"https:\/\/radiolifefm.com.br\/noticias\/prefeitura-de-adamantina-inicia-projeto-de-paisagismo-da-avenida-da-saudade\/","title":{"rendered":"Prefeitura de Adamantina inicia projeto de paisagismo da Avenida da Saudade"},"content":{"rendered":"<div id=\"fb-root\"><\/div>\n<p>A Prefeitura de Adamantina, por meio da Secretaria de Agricultura, Abastecimento e Meio Ambiente (SAAMA), deu in\u00edcio ao projeto de paisagismo da Avenida da Saudade.<\/p>\n<p>&nbsp;<\/p>\n<p>A a\u00e7\u00e3o consiste no plantio de mudas e flores. O canteiro divisor de fluxo ser\u00e1 constru\u00eddo at\u00e9 a frente do Ganha Tempo. No que j\u00e1 est\u00e1 pronto, foi plantado o cipreste italiano e primavera.<\/p>\n<p>&nbsp;<\/p>\n<p>Ser\u00e1 instalada ainda ilumina\u00e7\u00e3o em toda a extens\u00e3o do canteiro para oferecer\u00a0 seguran\u00e7a aos motoristas e pedestres quanto para beleza do espa\u00e7o.\u00a0Al\u00e9m da SAAMA, trabalham executando as melhorias a Secretaria de Obras e o Departamento Municipal de Tr\u00e2nsito (DEMTRAN).<\/p>\n<p>&nbsp;<\/p>\n<p>A rotat\u00f3ria que existe na avenida tamb\u00e9m est\u00e1 passando por moderniza\u00e7\u00e3o. O local receber\u00e1 sinaliza\u00e7\u00e3o vi\u00e1ria, vertical e horizontal.<\/p>\n<p>&nbsp;<\/p>\n<p>Com o t\u00e9rmino das obras e o funcionamento do sem\u00e1foro de tr\u00eas tempos (dois tempos de circula\u00e7\u00e3o de ve\u00edculos e um tempo para pedestres), o curso na via ser\u00e1 alterado, com proibi\u00e7\u00f5es de convers\u00f5es \u00e0 esquerda. Essa medida objetiva gerar maior mobilidade e fluidez.<\/p>\n<p>&nbsp;<\/p>\n<p>Enquanto as obras estiverem em execu\u00e7\u00e3o, o DEMTRAN pede que os mun\u00edcipes tenham aten\u00e7\u00e3o ao transitarem pela \u00e1rea. Todas as a\u00e7\u00f5es visam tornar o tr\u00e1fego mais seguro para todos, de acordo com o tema da Campanha Nacional de Tr\u00e2nsito de 2021, &#8220;No tr\u00e2nsito, sua responsabilidade salva vidas&#8221;.<\/p>\n<p>&nbsp;<\/p>\n<p><strong>Melhorias no Tr\u00e2nsito executadas com o conv\u00eanio Respeito a Vida do DETRAN<\/strong><\/p>\n<p>A cidade foi contemplada com a implanta\u00e7\u00e3o de sinaliza\u00e7\u00e3o semaf\u00f3rica nos cruzamentos da Avenida Rio Branco com a Avenida Santo Ant\u00f4nio e no cruzamento da Avenida Rio Branco com a Rua Joaquim Nabuco e a aquisi\u00e7\u00e3o de um ve\u00edculo utilit\u00e1rio.<\/p>\n<p>Fonte: Assessoria de Imprensa<\/p>\n","protected":false},"excerpt":{"rendered":"<p>A Prefeitura de Adamantina, por meio da Secretaria de Agricultura, Abastecimento e Meio Ambiente (SAAMA), deu in\u00edcio ao projeto de paisagismo da Avenida da Saudade. &nbsp; A a\u00e7\u00e3o consiste no plantio de mudas e flores. O canteiro divisor de fluxo ser\u00e1 constru\u00eddo at\u00e9 a frente do Ganha Tempo. No que j\u00e1 est\u00e1 pronto, foi plantado [&hellip;]<\/p>\n","protected":false},"author":13,"featured_media":39917,"comment_status":"closed","ping_status":"open","sticky":false,"template":"","format":"standard","meta":{"_acf_changed":false,"_exactmetrics_skip_tracking":false,"_exactmetrics_sitenote_active":false,"_exactmetrics_sitenote_note":"","_exactmetrics_sitenote_category":0,"footnotes":""},"categories":[21],"tags":[],"class_list":["post-39916","post","type-post","status-publish","format-standard","has-post-thumbnail","hentry","category-adamantina"],"acf":[],"yoast_head":"<!-- This site is optimized with the Yoast SEO plugin v27.2 - https:\/\/yoast.com\/product\/yoast-seo-wordpress\/ -->\n<title>Prefeitura de Adamantina inicia projeto de paisagismo da Avenida da Saudade - R\u00e1dio Life FM<\/title>\n<meta name=\"robots\" content=\"index, follow, max-snippet:-1, max-image-preview:large, max-video-preview:-1\" \/>\n<link rel=\"canonical\" href=\"https:\/\/radiolifefm.com.br\/noticias\/prefeitura-de-adamantina-inicia-projeto-de-paisagismo-da-avenida-da-saudade\/\" \/>\n<meta property=\"og:locale\" content=\"pt_BR\" \/>\n<meta property=\"og:type\" content=\"article\" \/>\n<meta property=\"og:title\" content=\"Prefeitura de Adamantina inicia projeto de paisagismo da Avenida da Saudade - R\u00e1dio Life FM\" \/>\n<meta property=\"og:description\" content=\"A Prefeitura de Adamantina, por meio da Secretaria de Agricultura, Abastecimento e Meio Ambiente (SAAMA), deu in\u00edcio ao projeto de paisagismo da Avenida da Saudade. &nbsp; A a\u00e7\u00e3o consiste no plantio de mudas e flores. O canteiro divisor de fluxo ser\u00e1 constru\u00eddo at\u00e9 a frente do Ganha Tempo. No que j\u00e1 est\u00e1 pronto, foi plantado [&hellip;]\" \/>\n<meta property=\"og:url\" content=\"https:\/\/radiolifefm.com.br\/noticias\/prefeitura-de-adamantina-inicia-projeto-de-paisagismo-da-avenida-da-saudade\/\" \/>\n<meta property=\"og:site_name\" content=\"R\u00e1dio Life FM\" \/>\n<meta property=\"article:publisher\" content=\"https:\/\/www.facebook.com\/radiolifefm\/\" \/>\n<meta property=\"article:published_time\" content=\"2021-06-17T19:41:54+00:00\" \/>\n<meta property=\"article:modified_time\" content=\"2026-04-08T14:03:16+00:00\" \/>\n<meta property=\"og:image\" content=\"https:\/\/radiolifefm.com.br\/noticias\/wp-content\/uploads\/2021\/06\/foto-1.jpeg\" \/>\n\t<meta property=\"og:image:width\" content=\"1280\" \/>\n\t<meta property=\"og:image:height\" content=\"855\" \/>\n\t<meta property=\"og:image:type\" content=\"image\/jpeg\" \/>\n<meta name=\"author\" content=\"ritanery\" \/>\n<meta name=\"twitter:card\" content=\"summary_large_image\" \/>\n<meta name=\"twitter:label1\" content=\"Escrito por\" \/>\n\t<meta name=\"twitter:data1\" content=\"ritanery\" \/>\n\t<meta name=\"twitter:label2\" content=\"Est. tempo de leitura\" \/>\n\t<meta name=\"twitter:data2\" content=\"2 minutos\" \/>\n<script type=\"application\/ld+json\" class=\"yoast-schema-graph\">{\"@context\":\"https:\/\/schema.org\",\"@graph\":[{\"@type\":\"Article\",\"@id\":\"https:\/\/radiolifefm.com.br\/noticias\/prefeitura-de-adamantina-inicia-projeto-de-paisagismo-da-avenida-da-saudade\/#article\",\"isPartOf\":{\"@id\":\"https:\/\/radiolifefm.com.br\/noticias\/prefeitura-de-adamantina-inicia-projeto-de-paisagismo-da-avenida-da-saudade\/\"},\"author\":{\"name\":\"ritanery\",\"@id\":\"https:\/\/radiolifefm.com.br\/noticias\/#\/schema\/person\/6339b9fac59d12b071dec680d7375d87\"},\"headline\":\"Prefeitura de Adamantina inicia projeto de paisagismo da Avenida da Saudade\",\"datePublished\":\"2021-06-17T19:41:54+00:00\",\"dateModified\":\"2026-04-08T14:03:16+00:00\",\"mainEntityOfPage\":{\"@id\":\"https:\/\/radiolifefm.com.br\/noticias\/prefeitura-de-adamantina-inicia-projeto-de-paisagismo-da-avenida-da-saudade\/\"},\"wordCount\":317,\"publisher\":{\"@id\":\"https:\/\/radiolifefm.com.br\/noticias\/#organization\"},\"image\":{\"@id\":\"https:\/\/radiolifefm.com.br\/noticias\/prefeitura-de-adamantina-inicia-projeto-de-paisagismo-da-avenida-da-saudade\/#primaryimage\"},\"thumbnailUrl\":\"https:\/\/radiolifefm.com.br\/noticias\/wp-content\/uploads\/2021\/06\/foto-1.jpeg\",\"articleSection\":[\"Adamantina\"],\"inLanguage\":\"pt-BR\"},{\"@type\":\"WebPage\",\"@id\":\"https:\/\/radiolifefm.com.br\/noticias\/prefeitura-de-adamantina-inicia-projeto-de-paisagismo-da-avenida-da-saudade\/\",\"url\":\"https:\/\/radiolifefm.com.br\/noticias\/prefeitura-de-adamantina-inicia-projeto-de-paisagismo-da-avenida-da-saudade\/\",\"name\":\"Prefeitura de Adamantina inicia projeto de paisagismo da Avenida da Saudade - R\u00e1dio Life FM\",\"isPartOf\":{\"@id\":\"https:\/\/radiolifefm.com.br\/noticias\/#website\"},\"primaryImageOfPage\":{\"@id\":\"https:\/\/radiolifefm.com.br\/noticias\/prefeitura-de-adamantina-inicia-projeto-de-paisagismo-da-avenida-da-saudade\/#primaryimage\"},\"image\":{\"@id\":\"https:\/\/radiolifefm.com.br\/noticias\/prefeitura-de-adamantina-inicia-projeto-de-paisagismo-da-avenida-da-saudade\/#primaryimage\"},\"thumbnailUrl\":\"https:\/\/radiolifefm.com.br\/noticias\/wp-content\/uploads\/2021\/06\/foto-1.jpeg\",\"datePublished\":\"2021-06-17T19:41:54+00:00\",\"dateModified\":\"2026-04-08T14:03:16+00:00\",\"breadcrumb\":{\"@id\":\"https:\/\/radiolifefm.com.br\/noticias\/prefeitura-de-adamantina-inicia-projeto-de-paisagismo-da-avenida-da-saudade\/#breadcrumb\"},\"inLanguage\":\"pt-BR\",\"potentialAction\":[{\"@type\":\"ReadAction\",\"target\":[\"https:\/\/radiolifefm.com.br\/noticias\/prefeitura-de-adamantina-inicia-projeto-de-paisagismo-da-avenida-da-saudade\/\"]}]},{\"@type\":\"ImageObject\",\"inLanguage\":\"pt-BR\",\"@id\":\"https:\/\/radiolifefm.com.br\/noticias\/prefeitura-de-adamantina-inicia-projeto-de-paisagismo-da-avenida-da-saudade\/#primaryimage\",\"url\":\"https:\/\/radiolifefm.com.br\/noticias\/wp-content\/uploads\/2021\/06\/foto-1.jpeg\",\"contentUrl\":\"https:\/\/radiolifefm.com.br\/noticias\/wp-content\/uploads\/2021\/06\/foto-1.jpeg\",\"width\":1280,\"height\":855},{\"@type\":\"BreadcrumbList\",\"@id\":\"https:\/\/radiolifefm.com.br\/noticias\/prefeitura-de-adamantina-inicia-projeto-de-paisagismo-da-avenida-da-saudade\/#breadcrumb\",\"itemListElement\":[{\"@type\":\"ListItem\",\"position\":1,\"name\":\"In\u00edcio\",\"item\":\"https:\/\/radiolifefm.com.br\/noticias\/\"},{\"@type\":\"ListItem\",\"position\":2,\"name\":\"Prefeitura de Adamantina inicia projeto de paisagismo da Avenida da Saudade\"}]},{\"@type\":\"WebSite\",\"@id\":\"https:\/\/radiolifefm.com.br\/noticias\/#website\",\"url\":\"https:\/\/radiolifefm.com.br\/noticias\/\",\"name\":\"R\u00e1dio Life FM\",\"description\":\"O Portal de Not\u00edcias de Adamantina\",\"publisher\":{\"@id\":\"https:\/\/radiolifefm.com.br\/noticias\/#organization\"},\"alternateName\":\"Life FM\",\"potentialAction\":[{\"@type\":\"SearchAction\",\"target\":{\"@type\":\"EntryPoint\",\"urlTemplate\":\"https:\/\/radiolifefm.com.br\/noticias\/?s={search_term_string}\"},\"query-input\":{\"@type\":\"PropertyValueSpecification\",\"valueRequired\":true,\"valueName\":\"search_term_string\"}}],\"inLanguage\":\"pt-BR\"},{\"@type\":\"Organization\",\"@id\":\"https:\/\/radiolifefm.com.br\/noticias\/#organization\",\"name\":\"R\u00e1dio Life FM\",\"alternateName\":\"Life FM\",\"url\":\"https:\/\/radiolifefm.com.br\/noticias\/\",\"logo\":{\"@type\":\"ImageObject\",\"inLanguage\":\"pt-BR\",\"@id\":\"https:\/\/radiolifefm.com.br\/noticias\/#\/schema\/logo\/image\/\",\"url\":\"https:\/\/static.radiolifefm.com.br\/noticias\/wp-content\/uploads\/2019\/10\/logo-lifefm.png\",\"contentUrl\":\"https:\/\/static.radiolifefm.com.br\/noticias\/wp-content\/uploads\/2019\/10\/logo-lifefm.png\",\"width\":196,\"height\":47,\"caption\":\"R\u00e1dio Life FM\"},\"image\":{\"@id\":\"https:\/\/radiolifefm.com.br\/noticias\/#\/schema\/logo\/image\/\"},\"sameAs\":[\"https:\/\/www.facebook.com\/radiolifefm\/\",\"https:\/\/www.instagram.com\/life1079fm\/\"]},{\"@type\":\"Person\",\"@id\":\"https:\/\/radiolifefm.com.br\/noticias\/#\/schema\/person\/6339b9fac59d12b071dec680d7375d87\",\"name\":\"ritanery\",\"image\":{\"@type\":\"ImageObject\",\"inLanguage\":\"pt-BR\",\"@id\":\"https:\/\/secure.gravatar.com\/avatar\/0e37bb19071f47c0b8a23f62a903df117c5a0e75f65a0c2901562f97cd41cf86?s=96&d=mm&r=g\",\"url\":\"https:\/\/secure.gravatar.com\/avatar\/0e37bb19071f47c0b8a23f62a903df117c5a0e75f65a0c2901562f97cd41cf86?s=96&d=mm&r=g\",\"contentUrl\":\"https:\/\/secure.gravatar.com\/avatar\/0e37bb19071f47c0b8a23f62a903df117c5a0e75f65a0c2901562f97cd41cf86?s=96&d=mm&r=g\",\"caption\":\"ritanery\"}}]}<\/script>\n<!-- \/ Yoast SEO plugin. -->","yoast_head_json":{"title":"Prefeitura de Adamantina inicia projeto de paisagismo da Avenida da Saudade - R\u00e1dio Life FM","robots":{"index":"index","follow":"follow","max-snippet":"max-snippet:-1","max-image-preview":"max-image-preview:large","max-video-preview":"max-video-preview:-1"},"canonical":"https:\/\/radiolifefm.com.br\/noticias\/prefeitura-de-adamantina-inicia-projeto-de-paisagismo-da-avenida-da-saudade\/","og_locale":"pt_BR","og_type":"article","og_title":"Prefeitura de Adamantina inicia projeto de paisagismo da Avenida da Saudade - R\u00e1dio Life FM","og_description":"A Prefeitura de Adamantina, por meio da Secretaria de Agricultura, Abastecimento e Meio Ambiente (SAAMA), deu in\u00edcio ao projeto de paisagismo da Avenida da Saudade. &nbsp; A a\u00e7\u00e3o consiste no plantio de mudas e flores. O canteiro divisor de fluxo ser\u00e1 constru\u00eddo at\u00e9 a frente do Ganha Tempo. No que j\u00e1 est\u00e1 pronto, foi plantado [&hellip;]","og_url":"https:\/\/radiolifefm.com.br\/noticias\/prefeitura-de-adamantina-inicia-projeto-de-paisagismo-da-avenida-da-saudade\/","og_site_name":"R\u00e1dio Life FM","article_publisher":"https:\/\/www.facebook.com\/radiolifefm\/","article_published_time":"2021-06-17T19:41:54+00:00","article_modified_time":"2026-04-08T14:03:16+00:00","og_image":[{"width":1280,"height":855,"url":"https:\/\/radiolifefm.com.br\/noticias\/wp-content\/uploads\/2021\/06\/foto-1.jpeg","type":"image\/jpeg"}],"author":"ritanery","twitter_card":"summary_large_image","twitter_misc":{"Escrito por":"ritanery","Est. tempo de leitura":"2 minutos"},"schema":{"@context":"https:\/\/schema.org","@graph":[{"@type":"Article","@id":"https:\/\/radiolifefm.com.br\/noticias\/prefeitura-de-adamantina-inicia-projeto-de-paisagismo-da-avenida-da-saudade\/#article","isPartOf":{"@id":"https:\/\/radiolifefm.com.br\/noticias\/prefeitura-de-adamantina-inicia-projeto-de-paisagismo-da-avenida-da-saudade\/"},"author":{"name":"ritanery","@id":"https:\/\/radiolifefm.com.br\/noticias\/#\/schema\/person\/6339b9fac59d12b071dec680d7375d87"},"headline":"Prefeitura de Adamantina inicia projeto de paisagismo da Avenida da Saudade","datePublished":"2021-06-17T19:41:54+00:00","dateModified":"2026-04-08T14:03:16+00:00","mainEntityOfPage":{"@id":"https:\/\/radiolifefm.com.br\/noticias\/prefeitura-de-adamantina-inicia-projeto-de-paisagismo-da-avenida-da-saudade\/"},"wordCount":317,"publisher":{"@id":"https:\/\/radiolifefm.com.br\/noticias\/#organization"},"image":{"@id":"https:\/\/radiolifefm.com.br\/noticias\/prefeitura-de-adamantina-inicia-projeto-de-paisagismo-da-avenida-da-saudade\/#primaryimage"},"thumbnailUrl":"https:\/\/radiolifefm.com.br\/noticias\/wp-content\/uploads\/2021\/06\/foto-1.jpeg","articleSection":["Adamantina"],"inLanguage":"pt-BR"},{"@type":"WebPage","@id":"https:\/\/radiolifefm.com.br\/noticias\/prefeitura-de-adamantina-inicia-projeto-de-paisagismo-da-avenida-da-saudade\/","url":"https:\/\/radiolifefm.com.br\/noticias\/prefeitura-de-adamantina-inicia-projeto-de-paisagismo-da-avenida-da-saudade\/","name":"Prefeitura de Adamantina inicia projeto de paisagismo da Avenida da Saudade - R\u00e1dio Life FM","isPartOf":{"@id":"https:\/\/radiolifefm.com.br\/noticias\/#website"},"primaryImageOfPage":{"@id":"https:\/\/radiolifefm.com.br\/noticias\/prefeitura-de-adamantina-inicia-projeto-de-paisagismo-da-avenida-da-saudade\/#primaryimage"},"image":{"@id":"https:\/\/radiolifefm.com.br\/noticias\/prefeitura-de-adamantina-inicia-projeto-de-paisagismo-da-avenida-da-saudade\/#primaryimage"},"thumbnailUrl":"https:\/\/radiolifefm.com.br\/noticias\/wp-content\/uploads\/2021\/06\/foto-1.jpeg","datePublished":"2021-06-17T19:41:54+00:00","dateModified":"2026-04-08T14:03:16+00:00","breadcrumb":{"@id":"https:\/\/radiolifefm.com.br\/noticias\/prefeitura-de-adamantina-inicia-projeto-de-paisagismo-da-avenida-da-saudade\/#breadcrumb"},"inLanguage":"pt-BR","potentialAction":[{"@type":"ReadAction","target":["https:\/\/radiolifefm.com.br\/noticias\/prefeitura-de-adamantina-inicia-projeto-de-paisagismo-da-avenida-da-saudade\/"]}]},{"@type":"ImageObject","inLanguage":"pt-BR","@id":"https:\/\/radiolifefm.com.br\/noticias\/prefeitura-de-adamantina-inicia-projeto-de-paisagismo-da-avenida-da-saudade\/#primaryimage","url":"https:\/\/radiolifefm.com.br\/noticias\/wp-content\/uploads\/2021\/06\/foto-1.jpeg","contentUrl":"https:\/\/radiolifefm.com.br\/noticias\/wp-content\/uploads\/2021\/06\/foto-1.jpeg","width":1280,"height":855},{"@type":"BreadcrumbList","@id":"https:\/\/radiolifefm.com.br\/noticias\/prefeitura-de-adamantina-inicia-projeto-de-paisagismo-da-avenida-da-saudade\/#breadcrumb","itemListElement":[{"@type":"ListItem","position":1,"name":"In\u00edcio","item":"https:\/\/radiolifefm.com.br\/noticias\/"},{"@type":"ListItem","position":2,"name":"Prefeitura de Adamantina inicia projeto de paisagismo da Avenida da Saudade"}]},{"@type":"WebSite","@id":"https:\/\/radiolifefm.com.br\/noticias\/#website","url":"https:\/\/radiolifefm.com.br\/noticias\/","name":"R\u00e1dio Life FM","description":"O Portal de Not\u00edcias de Adamantina","publisher":{"@id":"https:\/\/radiolifefm.com.br\/noticias\/#organization"},"alternateName":"Life FM","potentialAction":[{"@type":"SearchAction","target":{"@type":"EntryPoint","urlTemplate":"https:\/\/radiolifefm.com.br\/noticias\/?s={search_term_string}"},"query-input":{"@type":"PropertyValueSpecification","valueRequired":true,"valueName":"search_term_string"}}],"inLanguage":"pt-BR"},{"@type":"Organization","@id":"https:\/\/radiolifefm.com.br\/noticias\/#organization","name":"R\u00e1dio Life FM","alternateName":"Life FM","url":"https:\/\/radiolifefm.com.br\/noticias\/","logo":{"@type":"ImageObject","inLanguage":"pt-BR","@id":"https:\/\/radiolifefm.com.br\/noticias\/#\/schema\/logo\/image\/","url":"https:\/\/static.radiolifefm.com.br\/noticias\/wp-content\/uploads\/2019\/10\/logo-lifefm.png","contentUrl":"https:\/\/static.radiolifefm.com.br\/noticias\/wp-content\/uploads\/2019\/10\/logo-lifefm.png","width":196,"height":47,"caption":"R\u00e1dio Life FM"},"image":{"@id":"https:\/\/radiolifefm.com.br\/noticias\/#\/schema\/logo\/image\/"},"sameAs":["https:\/\/www.facebook.com\/radiolifefm\/","https:\/\/www.instagram.com\/life1079fm\/"]},{"@type":"Person","@id":"https:\/\/radiolifefm.com.br\/noticias\/#\/schema\/person\/6339b9fac59d12b071dec680d7375d87","name":"ritanery","image":{"@type":"ImageObject","inLanguage":"pt-BR","@id":"https:\/\/secure.gravatar.com\/avatar\/0e37bb19071f47c0b8a23f62a903df117c5a0e75f65a0c2901562f97cd41cf86?s=96&d=mm&r=g","url":"https:\/\/secure.gravatar.com\/avatar\/0e37bb19071f47c0b8a23f62a903df117c5a0e75f65a0c2901562f97cd41cf86?s=96&d=mm&r=g","contentUrl":"https:\/\/secure.gravatar.com\/avatar\/0e37bb19071f47c0b8a23f62a903df117c5a0e75f65a0c2901562f97cd41cf86?s=96&d=mm&r=g","caption":"ritanery"}}]}},"amp_enabled":true,"_links":{"self":[{"href":"https:\/\/radiolifefm.com.br\/noticias\/wp-json\/wp\/v2\/posts\/39916","targetHints":{"allow":["GET"]}}],"collection":[{"href":"https:\/\/radiolifefm.com.br\/noticias\/wp-json\/wp\/v2\/posts"}],"about":[{"href":"https:\/\/radiolifefm.com.br\/noticias\/wp-json\/wp\/v2\/types\/post"}],"author":[{"embeddable":true,"href":"https:\/\/radiolifefm.com.br\/noticias\/wp-json\/wp\/v2\/users\/13"}],"replies":[{"embeddable":true,"href":"https:\/\/radiolifefm.com.br\/noticias\/wp-json\/wp\/v2\/comments?post=39916"}],"version-history":[{"count":1,"href":"https:\/\/radiolifefm.com.br\/noticias\/wp-json\/wp\/v2\/posts\/39916\/revisions"}],"predecessor-version":[{"id":39918,"href":"https:\/\/radiolifefm.com.br\/noticias\/wp-json\/wp\/v2\/posts\/39916\/revisions\/39918"}],"wp:featuredmedia":[{"embeddable":true,"href":"https:\/\/radiolifefm.com.br\/noticias\/wp-json\/wp\/v2\/media\/39917"}],"wp:attachment":[{"href":"https:\/\/radiolifefm.com.br\/noticias\/wp-json\/wp\/v2\/media?parent=39916"}],"wp:term":[{"taxonomy":"category","embeddable":true,"href":"https:\/\/radiolifefm.com.br\/noticias\/wp-json\/wp\/v2\/categories?post=39916"},{"taxonomy":"post_tag","embeddable":true,"href":"https:\/\/radiolifefm.com.br\/noticias\/wp-json\/wp\/v2\/tags?post=39916"}],"curies":[{"name":"wp","href":"https:\/\/api.w.org\/{rel}","templated":true}]}}