{"id":39876,"date":"2021-06-16T20:06:43","date_gmt":"2021-06-16T23:06:43","guid":{"rendered":"https:\/\/radiolifefm.com.br\/noticias\/?p=39876"},"modified":"2026-02-08T16:05:26","modified_gmt":"2026-02-08T19:05:26","slug":"prefeitura-de-adamantina-encaminha-nomes-de-reitor-e-vice-reitor-para-camara","status":"publish","type":"post","link":"https:\/\/radiolifefm.com.br\/noticias\/prefeitura-de-adamantina-encaminha-nomes-de-reitor-e-vice-reitor-para-camara\/","title":{"rendered":"Prefeitura de Adamantina encaminha nomes de reitor e vice-reitor para C\u00e2mara"},"content":{"rendered":"<div id=\"fb-root\"><\/div>\n<p>Em atendimento ao artigo 4\u00ba da Lei Complementar 274 de 25 de maio de 2017, a Prefeitura de Adamantina encaminhou para a C\u00e2mara Municipal os nomes dos indicados aos cargos de reitor e vice-reitor da UniFAI.<\/p>\n<p>&nbsp;<\/p>\n<p>Ap\u00f3s receber a lista tr\u00edplice, enviada pelo Conselho Universit\u00e1rio, o prefeito M\u00e1rcio Cardim optou pela indica\u00e7\u00e3o dos nomes de doutor Vagner Amado Belo de Oliveira para reitor e para vice-reitor do professor doutor Albanir Gabriel Borrasca de acordo com o que determina o inciso I que os empregados em comiss\u00e3o, nomeados pelo prefeito do munic\u00edpio de Adamantina, ad referendum da C\u00e2mara Municipal, atendidas \u00e0s exig\u00eancias legais.<\/p>\n<p>&nbsp;<\/p>\n<p>A administra\u00e7\u00e3o municipal est\u00e1 pautada em alinhar e estreitar os la\u00e7os entre as partes, sempre respeitando a autonomia administrativa e financeira que fazem com que a UNIFAI tenha a qualidade do seu corpo docente e mantenha qualidade de ensino, pesquisa e extens\u00e3o.<\/p>\n<p>&nbsp;<\/p>\n<p>Diante disso, o prefeito levou em considera\u00e7\u00e3o que em um processo democr\u00e1tico \u00e9 de suma import\u00e2ncia as institui\u00e7\u00f5es que trabalham paralelamente tenham os mesmos objetivos, que a confian\u00e7a e os projetos tenham um alinhamento, visando unicamente o sucesso da institui\u00e7\u00e3o.<\/p>\n<p>&nbsp;<\/p>\n<p>\u00c9 fundamental que seja estreita e comunal a rela\u00e7\u00e3o entre o chefe do Executivo e a reitoria, vez que o alinhamento de interesses incide sobre um plano de gest\u00e3o efetivo. Um di\u00e1logo franco, em projeto elaborado ao longo dos meses, tem como \u00fanico e fiel objetivo alavancar o sucesso da institui\u00e7\u00e3o.<\/p>\n<p>&nbsp;<\/p>\n<p>Um exemplo \u00e9 o projeto de integraliza\u00e7\u00e3o da sa\u00fade que j\u00e1 est\u00e1 em execu\u00e7\u00e3o. O munic\u00edpio j\u00e1 vem realizando reuni\u00f5es, juntamente com a coordenadoria da UNIFAI e ger\u00eancia da Santa Casa, com os 10 munic\u00edpios que abrangem a microrregi\u00e3o de sa\u00fade de Adamantina, evoluindo para uma parceria de integraliza\u00e7\u00e3o e regionaliza\u00e7\u00e3o da sa\u00fade.<\/p>\n<p>&nbsp;<\/p>\n<p>A iniciativa j\u00e1 conta com o apoio do Governo do Estado de S\u00e3o Paulo e que a parceria entre Estado, Executivo Municipal, Legislativo, Santa Casa e Centro Universit\u00e1rio, trar\u00e1 benef\u00edcios para as equipes t\u00e9cnicas, alunos e principalmente a popula\u00e7\u00e3o, podendo oferecer mais servi\u00e7os de sa\u00fade e consequente melhor qualidade de atendimento \u00e0 popula\u00e7\u00e3o de Adamantina e regi\u00e3o e a UNIFAI tem papel fundamental neste contexto.<\/p>\n<p>Al\u00e9m disso, foi observado ainda que o plano de gest\u00e3o deve contemplar os demais cursos, em todas as suas \u00e1reas, considerando ser extremamente necess\u00e1ria uma administra\u00e7\u00e3o que acompanhe a evolu\u00e7\u00e3o tecnol\u00f3gica e as variantes que transformem os cursos em atrativos e eficientes na forma\u00e7\u00e3o de seus alunos.<\/p>\n<p>&nbsp;<\/p>\n<p>Sendo assim, a decis\u00e3o do chefe do poder executivo destaca que o candidato Vagner Belo e seu vice Albanir Borrasca, desde o in\u00edcio v\u00eam realizando uma importante constru\u00e7\u00e3o de confian\u00e7a com o chefe do executivo, primeiramente por conhecer e acompanhar a evolu\u00e7\u00e3o dos projetos em execu\u00e7\u00e3o em uma parceria do Executivo com a UniFAI, que se estende ao longo de anos, buscando uma gest\u00e3o participativa, considerando que por diversas vezes foram realizados, a pedido dos candidatos, encontros e reuni\u00f5es.<\/p>\n<p>&nbsp;<\/p>\n<p>O prefeito ainda ressalta em sua decis\u00e3o que o plano de gest\u00e3o apresentado ao executivo al\u00e9m de ter uma efetiva execu\u00e7\u00e3o do projeto em andamento ainda traz a expectativa de cria\u00e7\u00e3o e inser\u00e7\u00e3o de novas pr\u00e1ticas e ideias, que possam colaborar significativamente no oferecimento e melhoria dos cursos de gradua\u00e7\u00e3o.<\/p>\n<p>&nbsp;<\/p>\n<p>Em of\u00edcio encaminhado \u00e0 C\u00e2mara, o prefeito aponta que os candidatos Vagner e Albanir apresentaram com melhor clareza seu plano de gest\u00e3o e foram norteados pela realidade financeira e administrativa da entidade, com finalidade de mant\u00ea-la s\u00f3lida ao longo do exerc\u00edcio, em especial neste momento delicado de pandemia, onde os projetos devem ser ambiciosos, mas focados na realidade em que se encontra a institui\u00e7\u00e3o, o munic\u00edpio, o estado e o pa\u00eds.<\/p>\n<p>&nbsp;<\/p>\n<p>\u201cA UNIFAI \u00e9 uma institui\u00e7\u00e3o de suma import\u00e2ncia para o munic\u00edpio, levando em considera\u00e7\u00e3o o n\u00famero de empregos que s\u00e3o gerados pela entidade com tantas fam\u00edlias que dependem do seu equil\u00edbrio administrativo e financeiro, a forma\u00e7\u00e3o de novos profissionais em suas diversas \u00e1reas de atua\u00e7\u00e3o, fundamentais para Adamantina e regi\u00e3o, podendo al\u00e9m disso, oferecer ao mercado de trabalho, profissionais habilitados e qualificados para enfrentar e superar os desafios da sociedade no s\u00e9culo XXI\u201d, finaliza Cardim.<\/p>\n<p>&nbsp;<\/p>\n<p>Fonte: Assessoria de Imprensa<\/p>\n","protected":false},"excerpt":{"rendered":"<p>Em atendimento ao artigo 4\u00ba da Lei Complementar 274 de 25 de maio de 2017, a Prefeitura de Adamantina encaminhou para a C\u00e2mara Municipal os nomes dos indicados aos cargos de reitor e vice-reitor da UniFAI. &nbsp; Ap\u00f3s receber a lista tr\u00edplice, enviada pelo Conselho Universit\u00e1rio, o prefeito M\u00e1rcio Cardim optou pela indica\u00e7\u00e3o dos nomes [&hellip;]<\/p>\n","protected":false},"author":13,"featured_media":37049,"comment_status":"closed","ping_status":"open","sticky":false,"template":"","format":"standard","meta":{"_acf_changed":false,"_exactmetrics_skip_tracking":false,"_exactmetrics_sitenote_active":false,"_exactmetrics_sitenote_note":"","_exactmetrics_sitenote_category":0,"footnotes":""},"categories":[21],"tags":[],"class_list":["post-39876","post","type-post","status-publish","format-standard","has-post-thumbnail","hentry","category-adamantina"],"acf":[],"yoast_head":"<!-- This site is optimized with the Yoast SEO plugin v27.2 - https:\/\/yoast.com\/product\/yoast-seo-wordpress\/ -->\n<title>Prefeitura de Adamantina encaminha nomes de reitor e vice-reitor para C\u00e2mara - R\u00e1dio Life FM<\/title>\n<meta name=\"robots\" content=\"index, follow, max-snippet:-1, max-image-preview:large, max-video-preview:-1\" \/>\n<link rel=\"canonical\" href=\"https:\/\/radiolifefm.com.br\/noticias\/prefeitura-de-adamantina-encaminha-nomes-de-reitor-e-vice-reitor-para-camara\/\" \/>\n<meta property=\"og:locale\" content=\"pt_BR\" \/>\n<meta property=\"og:type\" content=\"article\" \/>\n<meta property=\"og:title\" content=\"Prefeitura de Adamantina encaminha nomes de reitor e vice-reitor para C\u00e2mara - R\u00e1dio Life FM\" \/>\n<meta property=\"og:description\" content=\"Em atendimento ao artigo 4\u00ba da Lei Complementar 274 de 25 de maio de 2017, a Prefeitura de Adamantina encaminhou para a C\u00e2mara Municipal os nomes dos indicados aos cargos de reitor e vice-reitor da UniFAI. &nbsp; Ap\u00f3s receber a lista tr\u00edplice, enviada pelo Conselho Universit\u00e1rio, o prefeito M\u00e1rcio Cardim optou pela indica\u00e7\u00e3o dos nomes [&hellip;]\" \/>\n<meta property=\"og:url\" content=\"https:\/\/radiolifefm.com.br\/noticias\/prefeitura-de-adamantina-encaminha-nomes-de-reitor-e-vice-reitor-para-camara\/\" \/>\n<meta property=\"og:site_name\" content=\"R\u00e1dio Life FM\" \/>\n<meta property=\"article:publisher\" content=\"https:\/\/www.facebook.com\/radiolifefm\/\" \/>\n<meta property=\"article:published_time\" content=\"2021-06-16T23:06:43+00:00\" \/>\n<meta property=\"article:modified_time\" content=\"2026-02-08T19:05:26+00:00\" \/>\n<meta property=\"og:image\" content=\"https:\/\/radiolifefm.com.br\/noticias\/wp-content\/uploads\/2021\/03\/pna-lupapng161694042360608d8786c6b.jpg\" \/>\n\t<meta property=\"og:image:width\" content=\"540\" \/>\n\t<meta property=\"og:image:height\" content=\"300\" \/>\n\t<meta property=\"og:image:type\" content=\"image\/jpeg\" \/>\n<meta name=\"author\" content=\"ritanery\" \/>\n<meta name=\"twitter:card\" content=\"summary_large_image\" \/>\n<meta name=\"twitter:label1\" content=\"Escrito por\" \/>\n\t<meta name=\"twitter:data1\" content=\"ritanery\" \/>\n\t<meta name=\"twitter:label2\" content=\"Est. tempo de leitura\" \/>\n\t<meta name=\"twitter:data2\" content=\"3 minutos\" \/>\n<script type=\"application\/ld+json\" class=\"yoast-schema-graph\">{\"@context\":\"https:\/\/schema.org\",\"@graph\":[{\"@type\":\"Article\",\"@id\":\"https:\/\/radiolifefm.com.br\/noticias\/prefeitura-de-adamantina-encaminha-nomes-de-reitor-e-vice-reitor-para-camara\/#article\",\"isPartOf\":{\"@id\":\"https:\/\/radiolifefm.com.br\/noticias\/prefeitura-de-adamantina-encaminha-nomes-de-reitor-e-vice-reitor-para-camara\/\"},\"author\":{\"name\":\"ritanery\",\"@id\":\"https:\/\/radiolifefm.com.br\/noticias\/#\/schema\/person\/6339b9fac59d12b071dec680d7375d87\"},\"headline\":\"Prefeitura de Adamantina encaminha nomes de reitor e vice-reitor para C\u00e2mara\",\"datePublished\":\"2021-06-16T23:06:43+00:00\",\"dateModified\":\"2026-02-08T19:05:26+00:00\",\"mainEntityOfPage\":{\"@id\":\"https:\/\/radiolifefm.com.br\/noticias\/prefeitura-de-adamantina-encaminha-nomes-de-reitor-e-vice-reitor-para-camara\/\"},\"wordCount\":781,\"publisher\":{\"@id\":\"https:\/\/radiolifefm.com.br\/noticias\/#organization\"},\"image\":{\"@id\":\"https:\/\/radiolifefm.com.br\/noticias\/prefeitura-de-adamantina-encaminha-nomes-de-reitor-e-vice-reitor-para-camara\/#primaryimage\"},\"thumbnailUrl\":\"https:\/\/radiolifefm.com.br\/noticias\/wp-content\/uploads\/2021\/03\/pna-lupapng161694042360608d8786c6b.jpg\",\"articleSection\":[\"Adamantina\"],\"inLanguage\":\"pt-BR\"},{\"@type\":\"WebPage\",\"@id\":\"https:\/\/radiolifefm.com.br\/noticias\/prefeitura-de-adamantina-encaminha-nomes-de-reitor-e-vice-reitor-para-camara\/\",\"url\":\"https:\/\/radiolifefm.com.br\/noticias\/prefeitura-de-adamantina-encaminha-nomes-de-reitor-e-vice-reitor-para-camara\/\",\"name\":\"Prefeitura de Adamantina encaminha nomes de reitor e vice-reitor para C\u00e2mara - R\u00e1dio Life FM\",\"isPartOf\":{\"@id\":\"https:\/\/radiolifefm.com.br\/noticias\/#website\"},\"primaryImageOfPage\":{\"@id\":\"https:\/\/radiolifefm.com.br\/noticias\/prefeitura-de-adamantina-encaminha-nomes-de-reitor-e-vice-reitor-para-camara\/#primaryimage\"},\"image\":{\"@id\":\"https:\/\/radiolifefm.com.br\/noticias\/prefeitura-de-adamantina-encaminha-nomes-de-reitor-e-vice-reitor-para-camara\/#primaryimage\"},\"thumbnailUrl\":\"https:\/\/radiolifefm.com.br\/noticias\/wp-content\/uploads\/2021\/03\/pna-lupapng161694042360608d8786c6b.jpg\",\"datePublished\":\"2021-06-16T23:06:43+00:00\",\"dateModified\":\"2026-02-08T19:05:26+00:00\",\"breadcrumb\":{\"@id\":\"https:\/\/radiolifefm.com.br\/noticias\/prefeitura-de-adamantina-encaminha-nomes-de-reitor-e-vice-reitor-para-camara\/#breadcrumb\"},\"inLanguage\":\"pt-BR\",\"potentialAction\":[{\"@type\":\"ReadAction\",\"target\":[\"https:\/\/radiolifefm.com.br\/noticias\/prefeitura-de-adamantina-encaminha-nomes-de-reitor-e-vice-reitor-para-camara\/\"]}]},{\"@type\":\"ImageObject\",\"inLanguage\":\"pt-BR\",\"@id\":\"https:\/\/radiolifefm.com.br\/noticias\/prefeitura-de-adamantina-encaminha-nomes-de-reitor-e-vice-reitor-para-camara\/#primaryimage\",\"url\":\"https:\/\/radiolifefm.com.br\/noticias\/wp-content\/uploads\/2021\/03\/pna-lupapng161694042360608d8786c6b.jpg\",\"contentUrl\":\"https:\/\/radiolifefm.com.br\/noticias\/wp-content\/uploads\/2021\/03\/pna-lupapng161694042360608d8786c6b.jpg\",\"width\":540,\"height\":300,\"caption\":\"Coleta de lixo funcionar\u00e1 normalmente na segunda-feira (20) e na ter\u00e7a-feira (21)\"},{\"@type\":\"BreadcrumbList\",\"@id\":\"https:\/\/radiolifefm.com.br\/noticias\/prefeitura-de-adamantina-encaminha-nomes-de-reitor-e-vice-reitor-para-camara\/#breadcrumb\",\"itemListElement\":[{\"@type\":\"ListItem\",\"position\":1,\"name\":\"In\u00edcio\",\"item\":\"https:\/\/radiolifefm.com.br\/noticias\/\"},{\"@type\":\"ListItem\",\"position\":2,\"name\":\"Prefeitura de Adamantina encaminha nomes de reitor e vice-reitor para C\u00e2mara\"}]},{\"@type\":\"WebSite\",\"@id\":\"https:\/\/radiolifefm.com.br\/noticias\/#website\",\"url\":\"https:\/\/radiolifefm.com.br\/noticias\/\",\"name\":\"R\u00e1dio Life FM\",\"description\":\"O Portal de Not\u00edcias de Adamantina\",\"publisher\":{\"@id\":\"https:\/\/radiolifefm.com.br\/noticias\/#organization\"},\"alternateName\":\"Life FM\",\"potentialAction\":[{\"@type\":\"SearchAction\",\"target\":{\"@type\":\"EntryPoint\",\"urlTemplate\":\"https:\/\/radiolifefm.com.br\/noticias\/?s={search_term_string}\"},\"query-input\":{\"@type\":\"PropertyValueSpecification\",\"valueRequired\":true,\"valueName\":\"search_term_string\"}}],\"inLanguage\":\"pt-BR\"},{\"@type\":\"Organization\",\"@id\":\"https:\/\/radiolifefm.com.br\/noticias\/#organization\",\"name\":\"R\u00e1dio Life FM\",\"alternateName\":\"Life FM\",\"url\":\"https:\/\/radiolifefm.com.br\/noticias\/\",\"logo\":{\"@type\":\"ImageObject\",\"inLanguage\":\"pt-BR\",\"@id\":\"https:\/\/radiolifefm.com.br\/noticias\/#\/schema\/logo\/image\/\",\"url\":\"https:\/\/static.radiolifefm.com.br\/noticias\/wp-content\/uploads\/2019\/10\/logo-lifefm.png\",\"contentUrl\":\"https:\/\/static.radiolifefm.com.br\/noticias\/wp-content\/uploads\/2019\/10\/logo-lifefm.png\",\"width\":196,\"height\":47,\"caption\":\"R\u00e1dio Life FM\"},\"image\":{\"@id\":\"https:\/\/radiolifefm.com.br\/noticias\/#\/schema\/logo\/image\/\"},\"sameAs\":[\"https:\/\/www.facebook.com\/radiolifefm\/\",\"https:\/\/www.instagram.com\/life1079fm\/\"]},{\"@type\":\"Person\",\"@id\":\"https:\/\/radiolifefm.com.br\/noticias\/#\/schema\/person\/6339b9fac59d12b071dec680d7375d87\",\"name\":\"ritanery\",\"image\":{\"@type\":\"ImageObject\",\"inLanguage\":\"pt-BR\",\"@id\":\"https:\/\/secure.gravatar.com\/avatar\/0e37bb19071f47c0b8a23f62a903df117c5a0e75f65a0c2901562f97cd41cf86?s=96&d=mm&r=g\",\"url\":\"https:\/\/secure.gravatar.com\/avatar\/0e37bb19071f47c0b8a23f62a903df117c5a0e75f65a0c2901562f97cd41cf86?s=96&d=mm&r=g\",\"contentUrl\":\"https:\/\/secure.gravatar.com\/avatar\/0e37bb19071f47c0b8a23f62a903df117c5a0e75f65a0c2901562f97cd41cf86?s=96&d=mm&r=g\",\"caption\":\"ritanery\"}}]}<\/script>\n<!-- \/ Yoast SEO plugin. -->","yoast_head_json":{"title":"Prefeitura de Adamantina encaminha nomes de reitor e vice-reitor para C\u00e2mara - R\u00e1dio Life FM","robots":{"index":"index","follow":"follow","max-snippet":"max-snippet:-1","max-image-preview":"max-image-preview:large","max-video-preview":"max-video-preview:-1"},"canonical":"https:\/\/radiolifefm.com.br\/noticias\/prefeitura-de-adamantina-encaminha-nomes-de-reitor-e-vice-reitor-para-camara\/","og_locale":"pt_BR","og_type":"article","og_title":"Prefeitura de Adamantina encaminha nomes de reitor e vice-reitor para C\u00e2mara - R\u00e1dio Life FM","og_description":"Em atendimento ao artigo 4\u00ba da Lei Complementar 274 de 25 de maio de 2017, a Prefeitura de Adamantina encaminhou para a C\u00e2mara Municipal os nomes dos indicados aos cargos de reitor e vice-reitor da UniFAI. &nbsp; Ap\u00f3s receber a lista tr\u00edplice, enviada pelo Conselho Universit\u00e1rio, o prefeito M\u00e1rcio Cardim optou pela indica\u00e7\u00e3o dos nomes [&hellip;]","og_url":"https:\/\/radiolifefm.com.br\/noticias\/prefeitura-de-adamantina-encaminha-nomes-de-reitor-e-vice-reitor-para-camara\/","og_site_name":"R\u00e1dio Life FM","article_publisher":"https:\/\/www.facebook.com\/radiolifefm\/","article_published_time":"2021-06-16T23:06:43+00:00","article_modified_time":"2026-02-08T19:05:26+00:00","og_image":[{"width":540,"height":300,"url":"https:\/\/radiolifefm.com.br\/noticias\/wp-content\/uploads\/2021\/03\/pna-lupapng161694042360608d8786c6b.jpg","type":"image\/jpeg"}],"author":"ritanery","twitter_card":"summary_large_image","twitter_misc":{"Escrito por":"ritanery","Est. tempo de leitura":"3 minutos"},"schema":{"@context":"https:\/\/schema.org","@graph":[{"@type":"Article","@id":"https:\/\/radiolifefm.com.br\/noticias\/prefeitura-de-adamantina-encaminha-nomes-de-reitor-e-vice-reitor-para-camara\/#article","isPartOf":{"@id":"https:\/\/radiolifefm.com.br\/noticias\/prefeitura-de-adamantina-encaminha-nomes-de-reitor-e-vice-reitor-para-camara\/"},"author":{"name":"ritanery","@id":"https:\/\/radiolifefm.com.br\/noticias\/#\/schema\/person\/6339b9fac59d12b071dec680d7375d87"},"headline":"Prefeitura de Adamantina encaminha nomes de reitor e vice-reitor para C\u00e2mara","datePublished":"2021-06-16T23:06:43+00:00","dateModified":"2026-02-08T19:05:26+00:00","mainEntityOfPage":{"@id":"https:\/\/radiolifefm.com.br\/noticias\/prefeitura-de-adamantina-encaminha-nomes-de-reitor-e-vice-reitor-para-camara\/"},"wordCount":781,"publisher":{"@id":"https:\/\/radiolifefm.com.br\/noticias\/#organization"},"image":{"@id":"https:\/\/radiolifefm.com.br\/noticias\/prefeitura-de-adamantina-encaminha-nomes-de-reitor-e-vice-reitor-para-camara\/#primaryimage"},"thumbnailUrl":"https:\/\/radiolifefm.com.br\/noticias\/wp-content\/uploads\/2021\/03\/pna-lupapng161694042360608d8786c6b.jpg","articleSection":["Adamantina"],"inLanguage":"pt-BR"},{"@type":"WebPage","@id":"https:\/\/radiolifefm.com.br\/noticias\/prefeitura-de-adamantina-encaminha-nomes-de-reitor-e-vice-reitor-para-camara\/","url":"https:\/\/radiolifefm.com.br\/noticias\/prefeitura-de-adamantina-encaminha-nomes-de-reitor-e-vice-reitor-para-camara\/","name":"Prefeitura de Adamantina encaminha nomes de reitor e vice-reitor para C\u00e2mara - R\u00e1dio Life FM","isPartOf":{"@id":"https:\/\/radiolifefm.com.br\/noticias\/#website"},"primaryImageOfPage":{"@id":"https:\/\/radiolifefm.com.br\/noticias\/prefeitura-de-adamantina-encaminha-nomes-de-reitor-e-vice-reitor-para-camara\/#primaryimage"},"image":{"@id":"https:\/\/radiolifefm.com.br\/noticias\/prefeitura-de-adamantina-encaminha-nomes-de-reitor-e-vice-reitor-para-camara\/#primaryimage"},"thumbnailUrl":"https:\/\/radiolifefm.com.br\/noticias\/wp-content\/uploads\/2021\/03\/pna-lupapng161694042360608d8786c6b.jpg","datePublished":"2021-06-16T23:06:43+00:00","dateModified":"2026-02-08T19:05:26+00:00","breadcrumb":{"@id":"https:\/\/radiolifefm.com.br\/noticias\/prefeitura-de-adamantina-encaminha-nomes-de-reitor-e-vice-reitor-para-camara\/#breadcrumb"},"inLanguage":"pt-BR","potentialAction":[{"@type":"ReadAction","target":["https:\/\/radiolifefm.com.br\/noticias\/prefeitura-de-adamantina-encaminha-nomes-de-reitor-e-vice-reitor-para-camara\/"]}]},{"@type":"ImageObject","inLanguage":"pt-BR","@id":"https:\/\/radiolifefm.com.br\/noticias\/prefeitura-de-adamantina-encaminha-nomes-de-reitor-e-vice-reitor-para-camara\/#primaryimage","url":"https:\/\/radiolifefm.com.br\/noticias\/wp-content\/uploads\/2021\/03\/pna-lupapng161694042360608d8786c6b.jpg","contentUrl":"https:\/\/radiolifefm.com.br\/noticias\/wp-content\/uploads\/2021\/03\/pna-lupapng161694042360608d8786c6b.jpg","width":540,"height":300,"caption":"Coleta de lixo funcionar\u00e1 normalmente na segunda-feira (20) e na ter\u00e7a-feira (21)"},{"@type":"BreadcrumbList","@id":"https:\/\/radiolifefm.com.br\/noticias\/prefeitura-de-adamantina-encaminha-nomes-de-reitor-e-vice-reitor-para-camara\/#breadcrumb","itemListElement":[{"@type":"ListItem","position":1,"name":"In\u00edcio","item":"https:\/\/radiolifefm.com.br\/noticias\/"},{"@type":"ListItem","position":2,"name":"Prefeitura de Adamantina encaminha nomes de reitor e vice-reitor para C\u00e2mara"}]},{"@type":"WebSite","@id":"https:\/\/radiolifefm.com.br\/noticias\/#website","url":"https:\/\/radiolifefm.com.br\/noticias\/","name":"R\u00e1dio Life FM","description":"O Portal de Not\u00edcias de Adamantina","publisher":{"@id":"https:\/\/radiolifefm.com.br\/noticias\/#organization"},"alternateName":"Life FM","potentialAction":[{"@type":"SearchAction","target":{"@type":"EntryPoint","urlTemplate":"https:\/\/radiolifefm.com.br\/noticias\/?s={search_term_string}"},"query-input":{"@type":"PropertyValueSpecification","valueRequired":true,"valueName":"search_term_string"}}],"inLanguage":"pt-BR"},{"@type":"Organization","@id":"https:\/\/radiolifefm.com.br\/noticias\/#organization","name":"R\u00e1dio Life FM","alternateName":"Life FM","url":"https:\/\/radiolifefm.com.br\/noticias\/","logo":{"@type":"ImageObject","inLanguage":"pt-BR","@id":"https:\/\/radiolifefm.com.br\/noticias\/#\/schema\/logo\/image\/","url":"https:\/\/static.radiolifefm.com.br\/noticias\/wp-content\/uploads\/2019\/10\/logo-lifefm.png","contentUrl":"https:\/\/static.radiolifefm.com.br\/noticias\/wp-content\/uploads\/2019\/10\/logo-lifefm.png","width":196,"height":47,"caption":"R\u00e1dio Life FM"},"image":{"@id":"https:\/\/radiolifefm.com.br\/noticias\/#\/schema\/logo\/image\/"},"sameAs":["https:\/\/www.facebook.com\/radiolifefm\/","https:\/\/www.instagram.com\/life1079fm\/"]},{"@type":"Person","@id":"https:\/\/radiolifefm.com.br\/noticias\/#\/schema\/person\/6339b9fac59d12b071dec680d7375d87","name":"ritanery","image":{"@type":"ImageObject","inLanguage":"pt-BR","@id":"https:\/\/secure.gravatar.com\/avatar\/0e37bb19071f47c0b8a23f62a903df117c5a0e75f65a0c2901562f97cd41cf86?s=96&d=mm&r=g","url":"https:\/\/secure.gravatar.com\/avatar\/0e37bb19071f47c0b8a23f62a903df117c5a0e75f65a0c2901562f97cd41cf86?s=96&d=mm&r=g","contentUrl":"https:\/\/secure.gravatar.com\/avatar\/0e37bb19071f47c0b8a23f62a903df117c5a0e75f65a0c2901562f97cd41cf86?s=96&d=mm&r=g","caption":"ritanery"}}]}},"amp_enabled":true,"_links":{"self":[{"href":"https:\/\/radiolifefm.com.br\/noticias\/wp-json\/wp\/v2\/posts\/39876","targetHints":{"allow":["GET"]}}],"collection":[{"href":"https:\/\/radiolifefm.com.br\/noticias\/wp-json\/wp\/v2\/posts"}],"about":[{"href":"https:\/\/radiolifefm.com.br\/noticias\/wp-json\/wp\/v2\/types\/post"}],"author":[{"embeddable":true,"href":"https:\/\/radiolifefm.com.br\/noticias\/wp-json\/wp\/v2\/users\/13"}],"replies":[{"embeddable":true,"href":"https:\/\/radiolifefm.com.br\/noticias\/wp-json\/wp\/v2\/comments?post=39876"}],"version-history":[{"count":2,"href":"https:\/\/radiolifefm.com.br\/noticias\/wp-json\/wp\/v2\/posts\/39876\/revisions"}],"predecessor-version":[{"id":39878,"href":"https:\/\/radiolifefm.com.br\/noticias\/wp-json\/wp\/v2\/posts\/39876\/revisions\/39878"}],"wp:featuredmedia":[{"embeddable":true,"href":"https:\/\/radiolifefm.com.br\/noticias\/wp-json\/wp\/v2\/media\/37049"}],"wp:attachment":[{"href":"https:\/\/radiolifefm.com.br\/noticias\/wp-json\/wp\/v2\/media?parent=39876"}],"wp:term":[{"taxonomy":"category","embeddable":true,"href":"https:\/\/radiolifefm.com.br\/noticias\/wp-json\/wp\/v2\/categories?post=39876"},{"taxonomy":"post_tag","embeddable":true,"href":"https:\/\/radiolifefm.com.br\/noticias\/wp-json\/wp\/v2\/tags?post=39876"}],"curies":[{"name":"wp","href":"https:\/\/api.w.org\/{rel}","templated":true}]}}