{"id":39423,"date":"2021-06-02T08:58:37","date_gmt":"2021-06-02T11:58:37","guid":{"rendered":"https:\/\/radiolifefm.com.br\/noticias\/?p=39423"},"modified":"2026-04-01T17:43:55","modified_gmt":"2026-04-01T20:43:55","slug":"falece-nessa-madrugada-02-nosso-diretor-de-programacao-william-tofoli-ferreira-decorrente-de-complicacoes-da-covid-19adamantina","status":"publish","type":"post","link":"https:\/\/radiolifefm.com.br\/noticias\/falece-nessa-madrugada-02-nosso-diretor-de-programacao-william-tofoli-ferreira-decorrente-de-complicacoes-da-covid-19adamantina\/","title":{"rendered":"Falece nessa madrugada (02), o Diretor de Programa\u00e7\u00e3o William Tofoli Ferreira, decorrente de complica\u00e7\u00f5es da Covid 19"},"content":{"rendered":"<div id=\"fb-root\"><\/div>\n<p>A Fam\u00edlia da R\u00e1dio Life FM perde William Tofoli Ferreira, diretor de Programa\u00e7\u00e3o, no in\u00edcio da madrugada desta quarta-feira (02\/06) em Presidente Prudente.<\/p>\n<p>&nbsp;<\/p>\n<p>A not\u00edcia abalou a todos, independente do grau de parentesco e amizade.<\/p>\n<p>&nbsp;<\/p>\n<p>William Tofoli, profissional do R\u00e1dio, dono de uma voz inconfund\u00edvel, atualmente trabalhava em uma emissora de R\u00e1dio de Presidente Prudente a 99,9, e para o canal do You Tube Os Mist\u00e9rios do Mundo, onde ele dava vida as paisagens com sua voz, entona\u00e7\u00e3o com maestria, conquistando f\u00e3s de todos lugares do mundo.<\/p>\n<p>&nbsp;<\/p>\n<p>A R\u00e1dio Comunit\u00e1ria\u00a0 Life FM de Adamantina surgiu de parceira entre Jo\u00e3o C\u00e9sar Prado ( Presidente da Associa\u00e7\u00e3o )e William Tofoli , diretor da programa\u00e7\u00e3o, toda a programa\u00e7\u00e3o da\u00a0 R\u00e1dio Life\u00a0 foi criada por ele, Jo\u00e3o C\u00e9sar Prado ( Jo\u00e3o Grand\u00e3o, acatou suas ideias por entender que seria a melhor escolha.<\/p>\n<p>&nbsp;<\/p>\n<p>Diferencial da Programa\u00e7\u00e3o:<\/p>\n<p>\u221a Estilo musical.<\/p>\n<p>\u221a pl\u00e1sticas das chamadas de identifica\u00e7\u00e3o da r\u00e1dio.<\/p>\n<p>\u2713 Vinhetas dos programas.<\/p>\n<p>\u221a\u00a0 Esporte vinhetas incr\u00edveis que trazia emo\u00e7\u00e3o\u00a0 ao notici\u00e1rio e eventos esportivos.<\/p>\n<p>\u221a O Jornal do Meio Dia, foi o projeto mais demorado a ser executado, .porque tudo tinha que ser diferente e de uma qualidade impec\u00e1vel.<\/p>\n<p>&nbsp;<\/p>\n<p>Sonoplastia do jornal, ele fez criteriosamente com perfei\u00e7\u00e3o.<\/p>\n<p>&nbsp;<\/p>\n<p>William Tofoli, era extremamente exigente em dois aspectos, qualidade dos equipamentos e som, \u00a0n\u00e3o admitia erros de portugu\u00eas dos colaboradores ( s\u00f3 do parceiro Eliseu Henrique no Ch\u00e1 das 5).<\/p>\n<p>Todos os colaboradores da R\u00e1dio Life tem uma hist\u00f3ria linda para contar de aprendizado e supera\u00e7\u00e3o ao lado desse grande homem, L\u00facia Prado, M\u00e1rcio Nery, Rita Nery, Marcinho, Cleide Tineti, Anderson Pereira, Patr\u00edcia Pereira, Celi Santos, entre tantos outros colaboradores, que fica imposs\u00edvel marcar a todos.<\/p>\n<p>&nbsp;<\/p>\n<p>A Diretoria da R\u00e1dio Life agradece \u00a0aos ouvintes,\u00a0 por todas manifesta\u00e7\u00f5es de apoio desde o dia 28 de Abril, dia da interna\u00e7\u00e3o at\u00e9 nesse exato momento de sua partida.<\/p>\n<p>&nbsp;<\/p>\n<p>Sua luta foi di\u00e1ria, a fam\u00edlia recebeu mensagens de \u00e1udios do mundo inteiro, devido ao grande alcance do seu trabalho no Canal do You Tube.<\/p>\n<p>&nbsp;<\/p>\n<p>V\u00e1rios atos de f\u00e9 foram realizados em prol a vida de William \u00a0e todos ele foram especiais, Deus sempre fortaleceu a fam\u00edlia\u00a0\u00a0 e os amigos.<\/p>\n<p>&nbsp;<\/p>\n<p><strong>Comunicado.<\/strong><\/p>\n<p>Vel\u00f3rio ser\u00e1 restrito a fam\u00edlia<\/p>\n","protected":false},"excerpt":{"rendered":"<p>A Fam\u00edlia da R\u00e1dio Life FM perde William Tofoli Ferreira, diretor de Programa\u00e7\u00e3o, no in\u00edcio da madrugada desta quarta-feira (02\/06) em Presidente Prudente. &nbsp; A not\u00edcia abalou a todos, independente do grau de parentesco e amizade. &nbsp; William Tofoli, profissional do R\u00e1dio, dono de uma voz inconfund\u00edvel, atualmente trabalhava em uma emissora de R\u00e1dio de [&hellip;]<\/p>\n","protected":false},"author":13,"featured_media":39424,"comment_status":"closed","ping_status":"open","sticky":false,"template":"","format":"standard","meta":{"_acf_changed":false,"_exactmetrics_skip_tracking":false,"_exactmetrics_sitenote_active":false,"_exactmetrics_sitenote_note":"","_exactmetrics_sitenote_category":0,"footnotes":""},"categories":[21,2],"tags":[],"class_list":["post-39423","post","type-post","status-publish","format-standard","has-post-thumbnail","hentry","category-adamantina","category-jornal-do-meio-dia"],"acf":[],"yoast_head":"<!-- This site is optimized with the Yoast SEO plugin v27.2 - https:\/\/yoast.com\/product\/yoast-seo-wordpress\/ -->\n<title>Falece nessa madrugada (02), o Diretor de Programa\u00e7\u00e3o William Tofoli Ferreira, decorrente de complica\u00e7\u00f5es da Covid 19 - R\u00e1dio Life FM<\/title>\n<meta name=\"robots\" content=\"index, follow, max-snippet:-1, max-image-preview:large, max-video-preview:-1\" \/>\n<link rel=\"canonical\" href=\"https:\/\/radiolifefm.com.br\/noticias\/falece-nessa-madrugada-02-nosso-diretor-de-programacao-william-tofoli-ferreira-decorrente-de-complicacoes-da-covid-19adamantina\/\" \/>\n<meta property=\"og:locale\" content=\"pt_BR\" \/>\n<meta property=\"og:type\" content=\"article\" \/>\n<meta property=\"og:title\" content=\"Falece nessa madrugada (02), o Diretor de Programa\u00e7\u00e3o William Tofoli Ferreira, decorrente de complica\u00e7\u00f5es da Covid 19 - R\u00e1dio Life FM\" \/>\n<meta property=\"og:description\" content=\"A Fam\u00edlia da R\u00e1dio Life FM perde William Tofoli Ferreira, diretor de Programa\u00e7\u00e3o, no in\u00edcio da madrugada desta quarta-feira (02\/06) em Presidente Prudente. &nbsp; A not\u00edcia abalou a todos, independente do grau de parentesco e amizade. &nbsp; William Tofoli, profissional do R\u00e1dio, dono de uma voz inconfund\u00edvel, atualmente trabalhava em uma emissora de R\u00e1dio de [&hellip;]\" \/>\n<meta property=\"og:url\" content=\"https:\/\/radiolifefm.com.br\/noticias\/falece-nessa-madrugada-02-nosso-diretor-de-programacao-william-tofoli-ferreira-decorrente-de-complicacoes-da-covid-19adamantina\/\" \/>\n<meta property=\"og:site_name\" content=\"R\u00e1dio Life FM\" \/>\n<meta property=\"article:publisher\" content=\"https:\/\/www.facebook.com\/radiolifefm\/\" \/>\n<meta property=\"article:published_time\" content=\"2021-06-02T11:58:37+00:00\" \/>\n<meta property=\"article:modified_time\" content=\"2026-04-01T20:43:55+00:00\" \/>\n<meta property=\"og:image\" content=\"https:\/\/radiolifefm.com.br\/noticias\/wp-content\/uploads\/2021\/06\/194210665_2038959656251694_8995385792873896886_n.jpg\" \/>\n\t<meta property=\"og:image:width\" content=\"1920\" \/>\n\t<meta property=\"og:image:height\" content=\"1080\" \/>\n\t<meta property=\"og:image:type\" content=\"image\/jpeg\" \/>\n<meta name=\"author\" content=\"ritanery\" \/>\n<meta name=\"twitter:card\" content=\"summary_large_image\" \/>\n<meta name=\"twitter:label1\" content=\"Escrito por\" \/>\n\t<meta name=\"twitter:data1\" content=\"ritanery\" \/>\n\t<meta name=\"twitter:label2\" content=\"Est. tempo de leitura\" \/>\n\t<meta name=\"twitter:data2\" content=\"2 minutos\" \/>\n<script type=\"application\/ld+json\" class=\"yoast-schema-graph\">{\"@context\":\"https:\/\/schema.org\",\"@graph\":[{\"@type\":\"Article\",\"@id\":\"https:\/\/radiolifefm.com.br\/noticias\/falece-nessa-madrugada-02-nosso-diretor-de-programacao-william-tofoli-ferreira-decorrente-de-complicacoes-da-covid-19adamantina\/#article\",\"isPartOf\":{\"@id\":\"https:\/\/radiolifefm.com.br\/noticias\/falece-nessa-madrugada-02-nosso-diretor-de-programacao-william-tofoli-ferreira-decorrente-de-complicacoes-da-covid-19adamantina\/\"},\"author\":{\"name\":\"ritanery\",\"@id\":\"https:\/\/radiolifefm.com.br\/noticias\/#\/schema\/person\/6339b9fac59d12b071dec680d7375d87\"},\"headline\":\"Falece nessa madrugada (02), o Diretor de Programa\u00e7\u00e3o William Tofoli Ferreira, decorrente de complica\u00e7\u00f5es da Covid 19\",\"datePublished\":\"2021-06-02T11:58:37+00:00\",\"dateModified\":\"2026-04-01T20:43:55+00:00\",\"mainEntityOfPage\":{\"@id\":\"https:\/\/radiolifefm.com.br\/noticias\/falece-nessa-madrugada-02-nosso-diretor-de-programacao-william-tofoli-ferreira-decorrente-de-complicacoes-da-covid-19adamantina\/\"},\"wordCount\":426,\"publisher\":{\"@id\":\"https:\/\/radiolifefm.com.br\/noticias\/#organization\"},\"image\":{\"@id\":\"https:\/\/radiolifefm.com.br\/noticias\/falece-nessa-madrugada-02-nosso-diretor-de-programacao-william-tofoli-ferreira-decorrente-de-complicacoes-da-covid-19adamantina\/#primaryimage\"},\"thumbnailUrl\":\"https:\/\/radiolifefm.com.br\/noticias\/wp-content\/uploads\/2021\/06\/194210665_2038959656251694_8995385792873896886_n.jpg\",\"articleSection\":[\"Adamantina\",\"Jornal das 12h\"],\"inLanguage\":\"pt-BR\"},{\"@type\":\"WebPage\",\"@id\":\"https:\/\/radiolifefm.com.br\/noticias\/falece-nessa-madrugada-02-nosso-diretor-de-programacao-william-tofoli-ferreira-decorrente-de-complicacoes-da-covid-19adamantina\/\",\"url\":\"https:\/\/radiolifefm.com.br\/noticias\/falece-nessa-madrugada-02-nosso-diretor-de-programacao-william-tofoli-ferreira-decorrente-de-complicacoes-da-covid-19adamantina\/\",\"name\":\"Falece nessa madrugada (02), o Diretor de Programa\u00e7\u00e3o William Tofoli Ferreira, decorrente de complica\u00e7\u00f5es da Covid 19 - R\u00e1dio Life FM\",\"isPartOf\":{\"@id\":\"https:\/\/radiolifefm.com.br\/noticias\/#website\"},\"primaryImageOfPage\":{\"@id\":\"https:\/\/radiolifefm.com.br\/noticias\/falece-nessa-madrugada-02-nosso-diretor-de-programacao-william-tofoli-ferreira-decorrente-de-complicacoes-da-covid-19adamantina\/#primaryimage\"},\"image\":{\"@id\":\"https:\/\/radiolifefm.com.br\/noticias\/falece-nessa-madrugada-02-nosso-diretor-de-programacao-william-tofoli-ferreira-decorrente-de-complicacoes-da-covid-19adamantina\/#primaryimage\"},\"thumbnailUrl\":\"https:\/\/radiolifefm.com.br\/noticias\/wp-content\/uploads\/2021\/06\/194210665_2038959656251694_8995385792873896886_n.jpg\",\"datePublished\":\"2021-06-02T11:58:37+00:00\",\"dateModified\":\"2026-04-01T20:43:55+00:00\",\"breadcrumb\":{\"@id\":\"https:\/\/radiolifefm.com.br\/noticias\/falece-nessa-madrugada-02-nosso-diretor-de-programacao-william-tofoli-ferreira-decorrente-de-complicacoes-da-covid-19adamantina\/#breadcrumb\"},\"inLanguage\":\"pt-BR\",\"potentialAction\":[{\"@type\":\"ReadAction\",\"target\":[\"https:\/\/radiolifefm.com.br\/noticias\/falece-nessa-madrugada-02-nosso-diretor-de-programacao-william-tofoli-ferreira-decorrente-de-complicacoes-da-covid-19adamantina\/\"]}]},{\"@type\":\"ImageObject\",\"inLanguage\":\"pt-BR\",\"@id\":\"https:\/\/radiolifefm.com.br\/noticias\/falece-nessa-madrugada-02-nosso-diretor-de-programacao-william-tofoli-ferreira-decorrente-de-complicacoes-da-covid-19adamantina\/#primaryimage\",\"url\":\"https:\/\/radiolifefm.com.br\/noticias\/wp-content\/uploads\/2021\/06\/194210665_2038959656251694_8995385792873896886_n.jpg\",\"contentUrl\":\"https:\/\/radiolifefm.com.br\/noticias\/wp-content\/uploads\/2021\/06\/194210665_2038959656251694_8995385792873896886_n.jpg\",\"width\":1920,\"height\":1080},{\"@type\":\"BreadcrumbList\",\"@id\":\"https:\/\/radiolifefm.com.br\/noticias\/falece-nessa-madrugada-02-nosso-diretor-de-programacao-william-tofoli-ferreira-decorrente-de-complicacoes-da-covid-19adamantina\/#breadcrumb\",\"itemListElement\":[{\"@type\":\"ListItem\",\"position\":1,\"name\":\"In\u00edcio\",\"item\":\"https:\/\/radiolifefm.com.br\/noticias\/\"},{\"@type\":\"ListItem\",\"position\":2,\"name\":\"Falece nessa madrugada (02), o Diretor de Programa\u00e7\u00e3o William Tofoli Ferreira, decorrente de complica\u00e7\u00f5es da Covid 19\"}]},{\"@type\":\"WebSite\",\"@id\":\"https:\/\/radiolifefm.com.br\/noticias\/#website\",\"url\":\"https:\/\/radiolifefm.com.br\/noticias\/\",\"name\":\"R\u00e1dio Life FM\",\"description\":\"O Portal de Not\u00edcias de Adamantina\",\"publisher\":{\"@id\":\"https:\/\/radiolifefm.com.br\/noticias\/#organization\"},\"alternateName\":\"Life FM\",\"potentialAction\":[{\"@type\":\"SearchAction\",\"target\":{\"@type\":\"EntryPoint\",\"urlTemplate\":\"https:\/\/radiolifefm.com.br\/noticias\/?s={search_term_string}\"},\"query-input\":{\"@type\":\"PropertyValueSpecification\",\"valueRequired\":true,\"valueName\":\"search_term_string\"}}],\"inLanguage\":\"pt-BR\"},{\"@type\":\"Organization\",\"@id\":\"https:\/\/radiolifefm.com.br\/noticias\/#organization\",\"name\":\"R\u00e1dio Life FM\",\"alternateName\":\"Life FM\",\"url\":\"https:\/\/radiolifefm.com.br\/noticias\/\",\"logo\":{\"@type\":\"ImageObject\",\"inLanguage\":\"pt-BR\",\"@id\":\"https:\/\/radiolifefm.com.br\/noticias\/#\/schema\/logo\/image\/\",\"url\":\"https:\/\/static.radiolifefm.com.br\/noticias\/wp-content\/uploads\/2019\/10\/logo-lifefm.png\",\"contentUrl\":\"https:\/\/static.radiolifefm.com.br\/noticias\/wp-content\/uploads\/2019\/10\/logo-lifefm.png\",\"width\":196,\"height\":47,\"caption\":\"R\u00e1dio Life FM\"},\"image\":{\"@id\":\"https:\/\/radiolifefm.com.br\/noticias\/#\/schema\/logo\/image\/\"},\"sameAs\":[\"https:\/\/www.facebook.com\/radiolifefm\/\",\"https:\/\/www.instagram.com\/life1079fm\/\"]},{\"@type\":\"Person\",\"@id\":\"https:\/\/radiolifefm.com.br\/noticias\/#\/schema\/person\/6339b9fac59d12b071dec680d7375d87\",\"name\":\"ritanery\",\"image\":{\"@type\":\"ImageObject\",\"inLanguage\":\"pt-BR\",\"@id\":\"https:\/\/secure.gravatar.com\/avatar\/0e37bb19071f47c0b8a23f62a903df117c5a0e75f65a0c2901562f97cd41cf86?s=96&d=mm&r=g\",\"url\":\"https:\/\/secure.gravatar.com\/avatar\/0e37bb19071f47c0b8a23f62a903df117c5a0e75f65a0c2901562f97cd41cf86?s=96&d=mm&r=g\",\"contentUrl\":\"https:\/\/secure.gravatar.com\/avatar\/0e37bb19071f47c0b8a23f62a903df117c5a0e75f65a0c2901562f97cd41cf86?s=96&d=mm&r=g\",\"caption\":\"ritanery\"}}]}<\/script>\n<!-- \/ Yoast SEO plugin. -->","yoast_head_json":{"title":"Falece nessa madrugada (02), o Diretor de Programa\u00e7\u00e3o William Tofoli Ferreira, decorrente de complica\u00e7\u00f5es da Covid 19 - R\u00e1dio Life FM","robots":{"index":"index","follow":"follow","max-snippet":"max-snippet:-1","max-image-preview":"max-image-preview:large","max-video-preview":"max-video-preview:-1"},"canonical":"https:\/\/radiolifefm.com.br\/noticias\/falece-nessa-madrugada-02-nosso-diretor-de-programacao-william-tofoli-ferreira-decorrente-de-complicacoes-da-covid-19adamantina\/","og_locale":"pt_BR","og_type":"article","og_title":"Falece nessa madrugada (02), o Diretor de Programa\u00e7\u00e3o William Tofoli Ferreira, decorrente de complica\u00e7\u00f5es da Covid 19 - R\u00e1dio Life FM","og_description":"A Fam\u00edlia da R\u00e1dio Life FM perde William Tofoli Ferreira, diretor de Programa\u00e7\u00e3o, no in\u00edcio da madrugada desta quarta-feira (02\/06) em Presidente Prudente. &nbsp; A not\u00edcia abalou a todos, independente do grau de parentesco e amizade. &nbsp; William Tofoli, profissional do R\u00e1dio, dono de uma voz inconfund\u00edvel, atualmente trabalhava em uma emissora de R\u00e1dio de [&hellip;]","og_url":"https:\/\/radiolifefm.com.br\/noticias\/falece-nessa-madrugada-02-nosso-diretor-de-programacao-william-tofoli-ferreira-decorrente-de-complicacoes-da-covid-19adamantina\/","og_site_name":"R\u00e1dio Life FM","article_publisher":"https:\/\/www.facebook.com\/radiolifefm\/","article_published_time":"2021-06-02T11:58:37+00:00","article_modified_time":"2026-04-01T20:43:55+00:00","og_image":[{"width":1920,"height":1080,"url":"https:\/\/radiolifefm.com.br\/noticias\/wp-content\/uploads\/2021\/06\/194210665_2038959656251694_8995385792873896886_n.jpg","type":"image\/jpeg"}],"author":"ritanery","twitter_card":"summary_large_image","twitter_misc":{"Escrito por":"ritanery","Est. tempo de leitura":"2 minutos"},"schema":{"@context":"https:\/\/schema.org","@graph":[{"@type":"Article","@id":"https:\/\/radiolifefm.com.br\/noticias\/falece-nessa-madrugada-02-nosso-diretor-de-programacao-william-tofoli-ferreira-decorrente-de-complicacoes-da-covid-19adamantina\/#article","isPartOf":{"@id":"https:\/\/radiolifefm.com.br\/noticias\/falece-nessa-madrugada-02-nosso-diretor-de-programacao-william-tofoli-ferreira-decorrente-de-complicacoes-da-covid-19adamantina\/"},"author":{"name":"ritanery","@id":"https:\/\/radiolifefm.com.br\/noticias\/#\/schema\/person\/6339b9fac59d12b071dec680d7375d87"},"headline":"Falece nessa madrugada (02), o Diretor de Programa\u00e7\u00e3o William Tofoli Ferreira, decorrente de complica\u00e7\u00f5es da Covid 19","datePublished":"2021-06-02T11:58:37+00:00","dateModified":"2026-04-01T20:43:55+00:00","mainEntityOfPage":{"@id":"https:\/\/radiolifefm.com.br\/noticias\/falece-nessa-madrugada-02-nosso-diretor-de-programacao-william-tofoli-ferreira-decorrente-de-complicacoes-da-covid-19adamantina\/"},"wordCount":426,"publisher":{"@id":"https:\/\/radiolifefm.com.br\/noticias\/#organization"},"image":{"@id":"https:\/\/radiolifefm.com.br\/noticias\/falece-nessa-madrugada-02-nosso-diretor-de-programacao-william-tofoli-ferreira-decorrente-de-complicacoes-da-covid-19adamantina\/#primaryimage"},"thumbnailUrl":"https:\/\/radiolifefm.com.br\/noticias\/wp-content\/uploads\/2021\/06\/194210665_2038959656251694_8995385792873896886_n.jpg","articleSection":["Adamantina","Jornal das 12h"],"inLanguage":"pt-BR"},{"@type":"WebPage","@id":"https:\/\/radiolifefm.com.br\/noticias\/falece-nessa-madrugada-02-nosso-diretor-de-programacao-william-tofoli-ferreira-decorrente-de-complicacoes-da-covid-19adamantina\/","url":"https:\/\/radiolifefm.com.br\/noticias\/falece-nessa-madrugada-02-nosso-diretor-de-programacao-william-tofoli-ferreira-decorrente-de-complicacoes-da-covid-19adamantina\/","name":"Falece nessa madrugada (02), o Diretor de Programa\u00e7\u00e3o William Tofoli Ferreira, decorrente de complica\u00e7\u00f5es da Covid 19 - R\u00e1dio Life FM","isPartOf":{"@id":"https:\/\/radiolifefm.com.br\/noticias\/#website"},"primaryImageOfPage":{"@id":"https:\/\/radiolifefm.com.br\/noticias\/falece-nessa-madrugada-02-nosso-diretor-de-programacao-william-tofoli-ferreira-decorrente-de-complicacoes-da-covid-19adamantina\/#primaryimage"},"image":{"@id":"https:\/\/radiolifefm.com.br\/noticias\/falece-nessa-madrugada-02-nosso-diretor-de-programacao-william-tofoli-ferreira-decorrente-de-complicacoes-da-covid-19adamantina\/#primaryimage"},"thumbnailUrl":"https:\/\/radiolifefm.com.br\/noticias\/wp-content\/uploads\/2021\/06\/194210665_2038959656251694_8995385792873896886_n.jpg","datePublished":"2021-06-02T11:58:37+00:00","dateModified":"2026-04-01T20:43:55+00:00","breadcrumb":{"@id":"https:\/\/radiolifefm.com.br\/noticias\/falece-nessa-madrugada-02-nosso-diretor-de-programacao-william-tofoli-ferreira-decorrente-de-complicacoes-da-covid-19adamantina\/#breadcrumb"},"inLanguage":"pt-BR","potentialAction":[{"@type":"ReadAction","target":["https:\/\/radiolifefm.com.br\/noticias\/falece-nessa-madrugada-02-nosso-diretor-de-programacao-william-tofoli-ferreira-decorrente-de-complicacoes-da-covid-19adamantina\/"]}]},{"@type":"ImageObject","inLanguage":"pt-BR","@id":"https:\/\/radiolifefm.com.br\/noticias\/falece-nessa-madrugada-02-nosso-diretor-de-programacao-william-tofoli-ferreira-decorrente-de-complicacoes-da-covid-19adamantina\/#primaryimage","url":"https:\/\/radiolifefm.com.br\/noticias\/wp-content\/uploads\/2021\/06\/194210665_2038959656251694_8995385792873896886_n.jpg","contentUrl":"https:\/\/radiolifefm.com.br\/noticias\/wp-content\/uploads\/2021\/06\/194210665_2038959656251694_8995385792873896886_n.jpg","width":1920,"height":1080},{"@type":"BreadcrumbList","@id":"https:\/\/radiolifefm.com.br\/noticias\/falece-nessa-madrugada-02-nosso-diretor-de-programacao-william-tofoli-ferreira-decorrente-de-complicacoes-da-covid-19adamantina\/#breadcrumb","itemListElement":[{"@type":"ListItem","position":1,"name":"In\u00edcio","item":"https:\/\/radiolifefm.com.br\/noticias\/"},{"@type":"ListItem","position":2,"name":"Falece nessa madrugada (02), o Diretor de Programa\u00e7\u00e3o William Tofoli Ferreira, decorrente de complica\u00e7\u00f5es da Covid 19"}]},{"@type":"WebSite","@id":"https:\/\/radiolifefm.com.br\/noticias\/#website","url":"https:\/\/radiolifefm.com.br\/noticias\/","name":"R\u00e1dio Life FM","description":"O Portal de Not\u00edcias de Adamantina","publisher":{"@id":"https:\/\/radiolifefm.com.br\/noticias\/#organization"},"alternateName":"Life FM","potentialAction":[{"@type":"SearchAction","target":{"@type":"EntryPoint","urlTemplate":"https:\/\/radiolifefm.com.br\/noticias\/?s={search_term_string}"},"query-input":{"@type":"PropertyValueSpecification","valueRequired":true,"valueName":"search_term_string"}}],"inLanguage":"pt-BR"},{"@type":"Organization","@id":"https:\/\/radiolifefm.com.br\/noticias\/#organization","name":"R\u00e1dio Life FM","alternateName":"Life FM","url":"https:\/\/radiolifefm.com.br\/noticias\/","logo":{"@type":"ImageObject","inLanguage":"pt-BR","@id":"https:\/\/radiolifefm.com.br\/noticias\/#\/schema\/logo\/image\/","url":"https:\/\/static.radiolifefm.com.br\/noticias\/wp-content\/uploads\/2019\/10\/logo-lifefm.png","contentUrl":"https:\/\/static.radiolifefm.com.br\/noticias\/wp-content\/uploads\/2019\/10\/logo-lifefm.png","width":196,"height":47,"caption":"R\u00e1dio Life FM"},"image":{"@id":"https:\/\/radiolifefm.com.br\/noticias\/#\/schema\/logo\/image\/"},"sameAs":["https:\/\/www.facebook.com\/radiolifefm\/","https:\/\/www.instagram.com\/life1079fm\/"]},{"@type":"Person","@id":"https:\/\/radiolifefm.com.br\/noticias\/#\/schema\/person\/6339b9fac59d12b071dec680d7375d87","name":"ritanery","image":{"@type":"ImageObject","inLanguage":"pt-BR","@id":"https:\/\/secure.gravatar.com\/avatar\/0e37bb19071f47c0b8a23f62a903df117c5a0e75f65a0c2901562f97cd41cf86?s=96&d=mm&r=g","url":"https:\/\/secure.gravatar.com\/avatar\/0e37bb19071f47c0b8a23f62a903df117c5a0e75f65a0c2901562f97cd41cf86?s=96&d=mm&r=g","contentUrl":"https:\/\/secure.gravatar.com\/avatar\/0e37bb19071f47c0b8a23f62a903df117c5a0e75f65a0c2901562f97cd41cf86?s=96&d=mm&r=g","caption":"ritanery"}}]}},"amp_enabled":true,"_links":{"self":[{"href":"https:\/\/radiolifefm.com.br\/noticias\/wp-json\/wp\/v2\/posts\/39423","targetHints":{"allow":["GET"]}}],"collection":[{"href":"https:\/\/radiolifefm.com.br\/noticias\/wp-json\/wp\/v2\/posts"}],"about":[{"href":"https:\/\/radiolifefm.com.br\/noticias\/wp-json\/wp\/v2\/types\/post"}],"author":[{"embeddable":true,"href":"https:\/\/radiolifefm.com.br\/noticias\/wp-json\/wp\/v2\/users\/13"}],"replies":[{"embeddable":true,"href":"https:\/\/radiolifefm.com.br\/noticias\/wp-json\/wp\/v2\/comments?post=39423"}],"version-history":[{"count":4,"href":"https:\/\/radiolifefm.com.br\/noticias\/wp-json\/wp\/v2\/posts\/39423\/revisions"}],"predecessor-version":[{"id":39428,"href":"https:\/\/radiolifefm.com.br\/noticias\/wp-json\/wp\/v2\/posts\/39423\/revisions\/39428"}],"wp:featuredmedia":[{"embeddable":true,"href":"https:\/\/radiolifefm.com.br\/noticias\/wp-json\/wp\/v2\/media\/39424"}],"wp:attachment":[{"href":"https:\/\/radiolifefm.com.br\/noticias\/wp-json\/wp\/v2\/media?parent=39423"}],"wp:term":[{"taxonomy":"category","embeddable":true,"href":"https:\/\/radiolifefm.com.br\/noticias\/wp-json\/wp\/v2\/categories?post=39423"},{"taxonomy":"post_tag","embeddable":true,"href":"https:\/\/radiolifefm.com.br\/noticias\/wp-json\/wp\/v2\/tags?post=39423"}],"curies":[{"name":"wp","href":"https:\/\/api.w.org\/{rel}","templated":true}]}}