{"id":39409,"date":"2021-06-01T22:18:13","date_gmt":"2021-06-02T01:18:13","guid":{"rendered":"https:\/\/radiolifefm.com.br\/noticias\/?p=39409"},"modified":"2026-04-30T00:59:10","modified_gmt":"2026-04-30T03:59:10","slug":"integrantes-de-faccao-criminosa-sao-transferidos-da-regiao-para-o-sistema-penitenciario-federal","status":"publish","type":"post","link":"https:\/\/radiolifefm.com.br\/noticias\/integrantes-de-faccao-criminosa-sao-transferidos-da-regiao-para-o-sistema-penitenciario-federal\/","title":{"rendered":"Integrantes de fac\u00e7\u00e3o criminosa s\u00e3o transferidos da regi\u00e3o para o sistema penitenci\u00e1rio federal"},"content":{"rendered":"<div id=\"fb-root\"><\/div>\n<p>Uma opera\u00e7\u00e3o de transfer\u00eancia de quatro presos que cumpriam pena no Oeste Paulista para o sistema penitenci\u00e1rio federal mobilizou forte aparato de seguran\u00e7a na tarde desta ter\u00e7a-feira (1\u00ba) no Aeroporto Estadual de\u00a0Presidente Prudente (SP).<\/p>\n<p>&nbsp;<\/p>\n<p>Segundo o Minist\u00e9rio P\u00fablico do Estado de S\u00e3o Paulo (MPE-SP), os quatro homens transferidos s\u00e3o integrantes de uma quadrilha que atua dentro e fora dos pres\u00eddios paulistas com ramifica\u00e7\u00f5es em todo o pa\u00eds e at\u00e9 no exterior.<\/p>\n<p>&nbsp;<\/p>\n<p>Eles haviam sido presos em duas grandes opera\u00e7\u00f5es de combate ao crime organizado, ambas no ano passado: uma delas, a\u00a0Fast Track, com foco na c\u00e9lula de advogados da quadrilha, e a outra, a\u00a0Sharks, que teve como alvo a contabilidade da fac\u00e7\u00e3o criminosa.<\/p>\n<p>&nbsp;<\/p>\n<p>Foram quase duas horas de preparativos at\u00e9 o embarque dos presos em um avi\u00e3o da Pol\u00edcia Federal. Por motivo de seguran\u00e7a, n\u00e3o foi divulgado qual o destino deles, ou seja, para qual pres\u00eddio federal foram levados.<\/p>\n<p>&nbsp;<\/p>\n<p>A remo\u00e7\u00e3o foi solicitada pelo Minist\u00e9rio P\u00fablico como uma medida importante para desarticular a quadrilha.<\/p>\n<p>&nbsp;<\/p>\n<p>Os quatro homens estavam presos no Centro de Readapta\u00e7\u00e3o Penitenci\u00e1ria (CRP), em\u00a0Presidente Bernardes (SP), onde funciona o Regime Disciplinar Diferenciado (RDD), e na Penitenci\u00e1ria Maur\u00edcio Henrique Guimar\u00e3es Pereira, a P2, em\u00a0Presidente Venceslau (SP).<\/p>\n<p>&nbsp;<\/p>\n<p>Eles foram transportados em ve\u00edculos da Secretaria da Administra\u00e7\u00e3o Penitenci\u00e1ria do Estado de S\u00e3o Paulo (SAP) dos pres\u00eddios at\u00e9 o Aeroporto Estadual de Presidente Prudente, com escolta da Pol\u00edcia Militar, atrav\u00e9s do 8\u00ba Batalh\u00e3o de A\u00e7\u00f5es Especiais de Pol\u00edcia (Baep) e do Helic\u00f3ptero \u00c1guia.<\/p>\n<p>&nbsp;<\/p>\n<p>Um avi\u00e3o da Pol\u00edcia Federal levou os detentos para o sistema penitenci\u00e1rio federal.<\/p>\n<p>Segundo o MPE-SP, os presos transferidos foram:<\/p>\n<p>&nbsp;<\/p>\n<ul>\n<li>Bruno Fernando Lima Flor, o Armani;<\/li>\n<li>D\u00e9cio Gouveia Lu\u00eds, o D\u00e9cio Portugu\u00eas;<\/li>\n<li>Eduardo Aparecido de Almeida, o Piska; e<\/li>\n<li>Marcelo Moreira Prado, o Exu ou Sem Querer<\/li>\n<\/ul>\n<p>&nbsp;<\/p>\n<p>Ainda de acordo com o MPE-SP, Armani havia sido preso na\u00a0Opera\u00e7\u00e3o Fast Track, do Grupo de Atua\u00e7\u00e3o Especial de Combate ao Crime Organizado (Gaeco), e coordenava uma c\u00e9lula de advogados do Primeiro Comando da Capital (PCC).<\/p>\n<p>&nbsp;<\/p>\n<p>Os outros tr\u00eas, ainda segundo o MPE-SP, haviam sido presos na\u00a0Opera\u00e7\u00e3o Sharks, tamb\u00e9m do Gaeco, e todos tinham postos de confian\u00e7a depois da remo\u00e7\u00e3o da c\u00fapula do PCC para o sistema penitenci\u00e1rio federal em 2019 e coordenavam o setor financeiro da fac\u00e7\u00e3o que movimentou mais de R$ 1,2 bilh\u00e3o naquele mesmo ano.<\/p>\n<p>&nbsp;<\/p>\n<p>O detento conhecido como D\u00e9cio Portugu\u00eas, conforme o Minist\u00e9rio P\u00fablico, era considerado o terceiro homem na hierarquia de rua do PCC at\u00e9 ser preso.<\/p>\n<p>&nbsp;<\/p>\n<div class='flex flex-wrap items-center -mx-1'>\r\n<a class='thumbnail gallery p-1 w-1\/2 md:w-1\/4' href='https:\/\/radiolifefm.com.br\/noticias\/wp-content\/uploads\/2021\/06\/17e40a6e-a838-4e1d-b293-3474e6901637.jpg'><img class='border border-white' src='https:\/\/radiolifefm.com.br\/noticias\/wp-content\/uploads\/2021\/06\/17e40a6e-a838-4e1d-b293-3474e6901637-200x200.jpg' alt='17e40a6e A838 4e1d B293 3474e6901637' \/><\/a><a class='thumbnail gallery p-1 w-1\/2 md:w-1\/4' href='https:\/\/radiolifefm.com.br\/noticias\/wp-content\/uploads\/2021\/06\/82ad45b1-1b47-400b-9e70-b64e188e6e95.jpg'><img class='border border-white' src='https:\/\/radiolifefm.com.br\/noticias\/wp-content\/uploads\/2021\/06\/82ad45b1-1b47-400b-9e70-b64e188e6e95-200x200.jpg' alt='82ad45b1 1b47 400b 9e70 B64e188e6e95' \/><\/a><a class='thumbnail gallery p-1 w-1\/2 md:w-1\/4' href='https:\/\/radiolifefm.com.br\/noticias\/wp-content\/uploads\/2021\/06\/2170a846-eb88-47ac-bcd3-e87a6d1d57cc.jpg'><img class='border border-white' src='https:\/\/radiolifefm.com.br\/noticias\/wp-content\/uploads\/2021\/06\/2170a846-eb88-47ac-bcd3-e87a6d1d57cc-200x200.jpg' alt='2170a846 Eb88 47ac Bcd3 E87a6d1d57cc' \/><\/a><\/div>\n<p><a href=\"https:\/\/i2.wp.com\/ifolharegional.com.br\/wp-content\/uploads\/2021\/05\/BANER-Adastel-Cabonnet-01-.jpg?ssl=1\"><br \/>\n<\/a>Fonte: Adamantina Net<\/p>\n","protected":false},"excerpt":{"rendered":"<p>Uma opera\u00e7\u00e3o de transfer\u00eancia de quatro presos que cumpriam pena no Oeste Paulista para o sistema penitenci\u00e1rio federal mobilizou forte aparato de seguran\u00e7a na tarde desta ter\u00e7a-feira (1\u00ba) no Aeroporto Estadual de\u00a0Presidente Prudente (SP). &nbsp; Segundo o Minist\u00e9rio P\u00fablico do Estado de S\u00e3o Paulo (MPE-SP), os quatro homens transferidos s\u00e3o integrantes de uma quadrilha que [&hellip;]<\/p>\n","protected":false},"author":13,"featured_media":39410,"comment_status":"closed","ping_status":"open","sticky":false,"template":"","format":"standard","meta":{"_acf_changed":false,"_exactmetrics_skip_tracking":false,"_exactmetrics_sitenote_active":false,"_exactmetrics_sitenote_note":"","_exactmetrics_sitenote_category":0,"footnotes":""},"categories":[24],"tags":[],"class_list":["post-39409","post","type-post","status-publish","format-standard","has-post-thumbnail","hentry","category-regiao"],"acf":[],"yoast_head":"<!-- This site is optimized with the Yoast SEO plugin v27.2 - https:\/\/yoast.com\/product\/yoast-seo-wordpress\/ -->\n<title>Integrantes de fac\u00e7\u00e3o criminosa s\u00e3o transferidos da regi\u00e3o para o sistema penitenci\u00e1rio federal - R\u00e1dio Life FM<\/title>\n<meta name=\"robots\" content=\"index, follow, max-snippet:-1, max-image-preview:large, max-video-preview:-1\" \/>\n<link rel=\"canonical\" href=\"https:\/\/radiolifefm.com.br\/noticias\/integrantes-de-faccao-criminosa-sao-transferidos-da-regiao-para-o-sistema-penitenciario-federal\/\" \/>\n<meta property=\"og:locale\" content=\"pt_BR\" \/>\n<meta property=\"og:type\" content=\"article\" \/>\n<meta property=\"og:title\" content=\"Integrantes de fac\u00e7\u00e3o criminosa s\u00e3o transferidos da regi\u00e3o para o sistema penitenci\u00e1rio federal - R\u00e1dio Life FM\" \/>\n<meta property=\"og:description\" content=\"Uma opera\u00e7\u00e3o de transfer\u00eancia de quatro presos que cumpriam pena no Oeste Paulista para o sistema penitenci\u00e1rio federal mobilizou forte aparato de seguran\u00e7a na tarde desta ter\u00e7a-feira (1\u00ba) no Aeroporto Estadual de\u00a0Presidente Prudente (SP). &nbsp; Segundo o Minist\u00e9rio P\u00fablico do Estado de S\u00e3o Paulo (MPE-SP), os quatro homens transferidos s\u00e3o integrantes de uma quadrilha que [&hellip;]\" \/>\n<meta property=\"og:url\" content=\"https:\/\/radiolifefm.com.br\/noticias\/integrantes-de-faccao-criminosa-sao-transferidos-da-regiao-para-o-sistema-penitenciario-federal\/\" \/>\n<meta property=\"og:site_name\" content=\"R\u00e1dio Life FM\" \/>\n<meta property=\"article:publisher\" content=\"https:\/\/www.facebook.com\/radiolifefm\/\" \/>\n<meta property=\"article:published_time\" content=\"2021-06-02T01:18:13+00:00\" \/>\n<meta property=\"article:modified_time\" content=\"2026-04-30T03:59:10+00:00\" \/>\n<meta property=\"og:image\" content=\"https:\/\/radiolifefm.com.br\/noticias\/wp-content\/uploads\/2021\/06\/6e308eb2-881e-459f-af6c-fcab0f6b836b.jpg\" \/>\n\t<meta property=\"og:image:width\" content=\"1008\" \/>\n\t<meta property=\"og:image:height\" content=\"757\" \/>\n\t<meta property=\"og:image:type\" content=\"image\/jpeg\" \/>\n<meta name=\"author\" content=\"ritanery\" \/>\n<meta name=\"twitter:card\" content=\"summary_large_image\" \/>\n<meta name=\"twitter:label1\" content=\"Escrito por\" \/>\n\t<meta name=\"twitter:data1\" content=\"ritanery\" \/>\n\t<meta name=\"twitter:label2\" content=\"Est. tempo de leitura\" \/>\n\t<meta name=\"twitter:data2\" content=\"2 minutos\" \/>\n<script type=\"application\/ld+json\" class=\"yoast-schema-graph\">{\"@context\":\"https:\/\/schema.org\",\"@graph\":[{\"@type\":\"Article\",\"@id\":\"https:\/\/radiolifefm.com.br\/noticias\/integrantes-de-faccao-criminosa-sao-transferidos-da-regiao-para-o-sistema-penitenciario-federal\/#article\",\"isPartOf\":{\"@id\":\"https:\/\/radiolifefm.com.br\/noticias\/integrantes-de-faccao-criminosa-sao-transferidos-da-regiao-para-o-sistema-penitenciario-federal\/\"},\"author\":{\"name\":\"ritanery\",\"@id\":\"https:\/\/radiolifefm.com.br\/noticias\/#\/schema\/person\/6339b9fac59d12b071dec680d7375d87\"},\"headline\":\"Integrantes de fac\u00e7\u00e3o criminosa s\u00e3o transferidos da regi\u00e3o para o sistema penitenci\u00e1rio federal\",\"datePublished\":\"2021-06-02T01:18:13+00:00\",\"dateModified\":\"2026-04-30T03:59:10+00:00\",\"mainEntityOfPage\":{\"@id\":\"https:\/\/radiolifefm.com.br\/noticias\/integrantes-de-faccao-criminosa-sao-transferidos-da-regiao-para-o-sistema-penitenciario-federal\/\"},\"wordCount\":501,\"publisher\":{\"@id\":\"https:\/\/radiolifefm.com.br\/noticias\/#organization\"},\"image\":{\"@id\":\"https:\/\/radiolifefm.com.br\/noticias\/integrantes-de-faccao-criminosa-sao-transferidos-da-regiao-para-o-sistema-penitenciario-federal\/#primaryimage\"},\"thumbnailUrl\":\"https:\/\/radiolifefm.com.br\/noticias\/wp-content\/uploads\/2021\/06\/6e308eb2-881e-459f-af6c-fcab0f6b836b.jpg\",\"articleSection\":[\"Regi\u00e3o\"],\"inLanguage\":\"pt-BR\"},{\"@type\":\"WebPage\",\"@id\":\"https:\/\/radiolifefm.com.br\/noticias\/integrantes-de-faccao-criminosa-sao-transferidos-da-regiao-para-o-sistema-penitenciario-federal\/\",\"url\":\"https:\/\/radiolifefm.com.br\/noticias\/integrantes-de-faccao-criminosa-sao-transferidos-da-regiao-para-o-sistema-penitenciario-federal\/\",\"name\":\"Integrantes de fac\u00e7\u00e3o criminosa s\u00e3o transferidos da regi\u00e3o para o sistema penitenci\u00e1rio federal - R\u00e1dio Life FM\",\"isPartOf\":{\"@id\":\"https:\/\/radiolifefm.com.br\/noticias\/#website\"},\"primaryImageOfPage\":{\"@id\":\"https:\/\/radiolifefm.com.br\/noticias\/integrantes-de-faccao-criminosa-sao-transferidos-da-regiao-para-o-sistema-penitenciario-federal\/#primaryimage\"},\"image\":{\"@id\":\"https:\/\/radiolifefm.com.br\/noticias\/integrantes-de-faccao-criminosa-sao-transferidos-da-regiao-para-o-sistema-penitenciario-federal\/#primaryimage\"},\"thumbnailUrl\":\"https:\/\/radiolifefm.com.br\/noticias\/wp-content\/uploads\/2021\/06\/6e308eb2-881e-459f-af6c-fcab0f6b836b.jpg\",\"datePublished\":\"2021-06-02T01:18:13+00:00\",\"dateModified\":\"2026-04-30T03:59:10+00:00\",\"breadcrumb\":{\"@id\":\"https:\/\/radiolifefm.com.br\/noticias\/integrantes-de-faccao-criminosa-sao-transferidos-da-regiao-para-o-sistema-penitenciario-federal\/#breadcrumb\"},\"inLanguage\":\"pt-BR\",\"potentialAction\":[{\"@type\":\"ReadAction\",\"target\":[\"https:\/\/radiolifefm.com.br\/noticias\/integrantes-de-faccao-criminosa-sao-transferidos-da-regiao-para-o-sistema-penitenciario-federal\/\"]}]},{\"@type\":\"ImageObject\",\"inLanguage\":\"pt-BR\",\"@id\":\"https:\/\/radiolifefm.com.br\/noticias\/integrantes-de-faccao-criminosa-sao-transferidos-da-regiao-para-o-sistema-penitenciario-federal\/#primaryimage\",\"url\":\"https:\/\/radiolifefm.com.br\/noticias\/wp-content\/uploads\/2021\/06\/6e308eb2-881e-459f-af6c-fcab0f6b836b.jpg\",\"contentUrl\":\"https:\/\/radiolifefm.com.br\/noticias\/wp-content\/uploads\/2021\/06\/6e308eb2-881e-459f-af6c-fcab0f6b836b.jpg\",\"width\":1008,\"height\":757},{\"@type\":\"BreadcrumbList\",\"@id\":\"https:\/\/radiolifefm.com.br\/noticias\/integrantes-de-faccao-criminosa-sao-transferidos-da-regiao-para-o-sistema-penitenciario-federal\/#breadcrumb\",\"itemListElement\":[{\"@type\":\"ListItem\",\"position\":1,\"name\":\"In\u00edcio\",\"item\":\"https:\/\/radiolifefm.com.br\/noticias\/\"},{\"@type\":\"ListItem\",\"position\":2,\"name\":\"Integrantes de fac\u00e7\u00e3o criminosa s\u00e3o transferidos da regi\u00e3o para o sistema penitenci\u00e1rio federal\"}]},{\"@type\":\"WebSite\",\"@id\":\"https:\/\/radiolifefm.com.br\/noticias\/#website\",\"url\":\"https:\/\/radiolifefm.com.br\/noticias\/\",\"name\":\"R\u00e1dio Life FM\",\"description\":\"O Portal de Not\u00edcias de Adamantina\",\"publisher\":{\"@id\":\"https:\/\/radiolifefm.com.br\/noticias\/#organization\"},\"alternateName\":\"Life FM\",\"potentialAction\":[{\"@type\":\"SearchAction\",\"target\":{\"@type\":\"EntryPoint\",\"urlTemplate\":\"https:\/\/radiolifefm.com.br\/noticias\/?s={search_term_string}\"},\"query-input\":{\"@type\":\"PropertyValueSpecification\",\"valueRequired\":true,\"valueName\":\"search_term_string\"}}],\"inLanguage\":\"pt-BR\"},{\"@type\":\"Organization\",\"@id\":\"https:\/\/radiolifefm.com.br\/noticias\/#organization\",\"name\":\"R\u00e1dio Life FM\",\"alternateName\":\"Life FM\",\"url\":\"https:\/\/radiolifefm.com.br\/noticias\/\",\"logo\":{\"@type\":\"ImageObject\",\"inLanguage\":\"pt-BR\",\"@id\":\"https:\/\/radiolifefm.com.br\/noticias\/#\/schema\/logo\/image\/\",\"url\":\"https:\/\/static.radiolifefm.com.br\/noticias\/wp-content\/uploads\/2019\/10\/logo-lifefm.png\",\"contentUrl\":\"https:\/\/static.radiolifefm.com.br\/noticias\/wp-content\/uploads\/2019\/10\/logo-lifefm.png\",\"width\":196,\"height\":47,\"caption\":\"R\u00e1dio Life FM\"},\"image\":{\"@id\":\"https:\/\/radiolifefm.com.br\/noticias\/#\/schema\/logo\/image\/\"},\"sameAs\":[\"https:\/\/www.facebook.com\/radiolifefm\/\",\"https:\/\/www.instagram.com\/life1079fm\/\"]},{\"@type\":\"Person\",\"@id\":\"https:\/\/radiolifefm.com.br\/noticias\/#\/schema\/person\/6339b9fac59d12b071dec680d7375d87\",\"name\":\"ritanery\",\"image\":{\"@type\":\"ImageObject\",\"inLanguage\":\"pt-BR\",\"@id\":\"https:\/\/secure.gravatar.com\/avatar\/0e37bb19071f47c0b8a23f62a903df117c5a0e75f65a0c2901562f97cd41cf86?s=96&d=mm&r=g\",\"url\":\"https:\/\/secure.gravatar.com\/avatar\/0e37bb19071f47c0b8a23f62a903df117c5a0e75f65a0c2901562f97cd41cf86?s=96&d=mm&r=g\",\"contentUrl\":\"https:\/\/secure.gravatar.com\/avatar\/0e37bb19071f47c0b8a23f62a903df117c5a0e75f65a0c2901562f97cd41cf86?s=96&d=mm&r=g\",\"caption\":\"ritanery\"}}]}<\/script>\n<!-- \/ Yoast SEO plugin. -->","yoast_head_json":{"title":"Integrantes de fac\u00e7\u00e3o criminosa s\u00e3o transferidos da regi\u00e3o para o sistema penitenci\u00e1rio federal - R\u00e1dio Life FM","robots":{"index":"index","follow":"follow","max-snippet":"max-snippet:-1","max-image-preview":"max-image-preview:large","max-video-preview":"max-video-preview:-1"},"canonical":"https:\/\/radiolifefm.com.br\/noticias\/integrantes-de-faccao-criminosa-sao-transferidos-da-regiao-para-o-sistema-penitenciario-federal\/","og_locale":"pt_BR","og_type":"article","og_title":"Integrantes de fac\u00e7\u00e3o criminosa s\u00e3o transferidos da regi\u00e3o para o sistema penitenci\u00e1rio federal - R\u00e1dio Life FM","og_description":"Uma opera\u00e7\u00e3o de transfer\u00eancia de quatro presos que cumpriam pena no Oeste Paulista para o sistema penitenci\u00e1rio federal mobilizou forte aparato de seguran\u00e7a na tarde desta ter\u00e7a-feira (1\u00ba) no Aeroporto Estadual de\u00a0Presidente Prudente (SP). &nbsp; Segundo o Minist\u00e9rio P\u00fablico do Estado de S\u00e3o Paulo (MPE-SP), os quatro homens transferidos s\u00e3o integrantes de uma quadrilha que [&hellip;]","og_url":"https:\/\/radiolifefm.com.br\/noticias\/integrantes-de-faccao-criminosa-sao-transferidos-da-regiao-para-o-sistema-penitenciario-federal\/","og_site_name":"R\u00e1dio Life FM","article_publisher":"https:\/\/www.facebook.com\/radiolifefm\/","article_published_time":"2021-06-02T01:18:13+00:00","article_modified_time":"2026-04-30T03:59:10+00:00","og_image":[{"width":1008,"height":757,"url":"https:\/\/radiolifefm.com.br\/noticias\/wp-content\/uploads\/2021\/06\/6e308eb2-881e-459f-af6c-fcab0f6b836b.jpg","type":"image\/jpeg"}],"author":"ritanery","twitter_card":"summary_large_image","twitter_misc":{"Escrito por":"ritanery","Est. tempo de leitura":"2 minutos"},"schema":{"@context":"https:\/\/schema.org","@graph":[{"@type":"Article","@id":"https:\/\/radiolifefm.com.br\/noticias\/integrantes-de-faccao-criminosa-sao-transferidos-da-regiao-para-o-sistema-penitenciario-federal\/#article","isPartOf":{"@id":"https:\/\/radiolifefm.com.br\/noticias\/integrantes-de-faccao-criminosa-sao-transferidos-da-regiao-para-o-sistema-penitenciario-federal\/"},"author":{"name":"ritanery","@id":"https:\/\/radiolifefm.com.br\/noticias\/#\/schema\/person\/6339b9fac59d12b071dec680d7375d87"},"headline":"Integrantes de fac\u00e7\u00e3o criminosa s\u00e3o transferidos da regi\u00e3o para o sistema penitenci\u00e1rio federal","datePublished":"2021-06-02T01:18:13+00:00","dateModified":"2026-04-30T03:59:10+00:00","mainEntityOfPage":{"@id":"https:\/\/radiolifefm.com.br\/noticias\/integrantes-de-faccao-criminosa-sao-transferidos-da-regiao-para-o-sistema-penitenciario-federal\/"},"wordCount":501,"publisher":{"@id":"https:\/\/radiolifefm.com.br\/noticias\/#organization"},"image":{"@id":"https:\/\/radiolifefm.com.br\/noticias\/integrantes-de-faccao-criminosa-sao-transferidos-da-regiao-para-o-sistema-penitenciario-federal\/#primaryimage"},"thumbnailUrl":"https:\/\/radiolifefm.com.br\/noticias\/wp-content\/uploads\/2021\/06\/6e308eb2-881e-459f-af6c-fcab0f6b836b.jpg","articleSection":["Regi\u00e3o"],"inLanguage":"pt-BR"},{"@type":"WebPage","@id":"https:\/\/radiolifefm.com.br\/noticias\/integrantes-de-faccao-criminosa-sao-transferidos-da-regiao-para-o-sistema-penitenciario-federal\/","url":"https:\/\/radiolifefm.com.br\/noticias\/integrantes-de-faccao-criminosa-sao-transferidos-da-regiao-para-o-sistema-penitenciario-federal\/","name":"Integrantes de fac\u00e7\u00e3o criminosa s\u00e3o transferidos da regi\u00e3o para o sistema penitenci\u00e1rio federal - R\u00e1dio Life FM","isPartOf":{"@id":"https:\/\/radiolifefm.com.br\/noticias\/#website"},"primaryImageOfPage":{"@id":"https:\/\/radiolifefm.com.br\/noticias\/integrantes-de-faccao-criminosa-sao-transferidos-da-regiao-para-o-sistema-penitenciario-federal\/#primaryimage"},"image":{"@id":"https:\/\/radiolifefm.com.br\/noticias\/integrantes-de-faccao-criminosa-sao-transferidos-da-regiao-para-o-sistema-penitenciario-federal\/#primaryimage"},"thumbnailUrl":"https:\/\/radiolifefm.com.br\/noticias\/wp-content\/uploads\/2021\/06\/6e308eb2-881e-459f-af6c-fcab0f6b836b.jpg","datePublished":"2021-06-02T01:18:13+00:00","dateModified":"2026-04-30T03:59:10+00:00","breadcrumb":{"@id":"https:\/\/radiolifefm.com.br\/noticias\/integrantes-de-faccao-criminosa-sao-transferidos-da-regiao-para-o-sistema-penitenciario-federal\/#breadcrumb"},"inLanguage":"pt-BR","potentialAction":[{"@type":"ReadAction","target":["https:\/\/radiolifefm.com.br\/noticias\/integrantes-de-faccao-criminosa-sao-transferidos-da-regiao-para-o-sistema-penitenciario-federal\/"]}]},{"@type":"ImageObject","inLanguage":"pt-BR","@id":"https:\/\/radiolifefm.com.br\/noticias\/integrantes-de-faccao-criminosa-sao-transferidos-da-regiao-para-o-sistema-penitenciario-federal\/#primaryimage","url":"https:\/\/radiolifefm.com.br\/noticias\/wp-content\/uploads\/2021\/06\/6e308eb2-881e-459f-af6c-fcab0f6b836b.jpg","contentUrl":"https:\/\/radiolifefm.com.br\/noticias\/wp-content\/uploads\/2021\/06\/6e308eb2-881e-459f-af6c-fcab0f6b836b.jpg","width":1008,"height":757},{"@type":"BreadcrumbList","@id":"https:\/\/radiolifefm.com.br\/noticias\/integrantes-de-faccao-criminosa-sao-transferidos-da-regiao-para-o-sistema-penitenciario-federal\/#breadcrumb","itemListElement":[{"@type":"ListItem","position":1,"name":"In\u00edcio","item":"https:\/\/radiolifefm.com.br\/noticias\/"},{"@type":"ListItem","position":2,"name":"Integrantes de fac\u00e7\u00e3o criminosa s\u00e3o transferidos da regi\u00e3o para o sistema penitenci\u00e1rio federal"}]},{"@type":"WebSite","@id":"https:\/\/radiolifefm.com.br\/noticias\/#website","url":"https:\/\/radiolifefm.com.br\/noticias\/","name":"R\u00e1dio Life FM","description":"O Portal de Not\u00edcias de Adamantina","publisher":{"@id":"https:\/\/radiolifefm.com.br\/noticias\/#organization"},"alternateName":"Life FM","potentialAction":[{"@type":"SearchAction","target":{"@type":"EntryPoint","urlTemplate":"https:\/\/radiolifefm.com.br\/noticias\/?s={search_term_string}"},"query-input":{"@type":"PropertyValueSpecification","valueRequired":true,"valueName":"search_term_string"}}],"inLanguage":"pt-BR"},{"@type":"Organization","@id":"https:\/\/radiolifefm.com.br\/noticias\/#organization","name":"R\u00e1dio Life FM","alternateName":"Life FM","url":"https:\/\/radiolifefm.com.br\/noticias\/","logo":{"@type":"ImageObject","inLanguage":"pt-BR","@id":"https:\/\/radiolifefm.com.br\/noticias\/#\/schema\/logo\/image\/","url":"https:\/\/static.radiolifefm.com.br\/noticias\/wp-content\/uploads\/2019\/10\/logo-lifefm.png","contentUrl":"https:\/\/static.radiolifefm.com.br\/noticias\/wp-content\/uploads\/2019\/10\/logo-lifefm.png","width":196,"height":47,"caption":"R\u00e1dio Life FM"},"image":{"@id":"https:\/\/radiolifefm.com.br\/noticias\/#\/schema\/logo\/image\/"},"sameAs":["https:\/\/www.facebook.com\/radiolifefm\/","https:\/\/www.instagram.com\/life1079fm\/"]},{"@type":"Person","@id":"https:\/\/radiolifefm.com.br\/noticias\/#\/schema\/person\/6339b9fac59d12b071dec680d7375d87","name":"ritanery","image":{"@type":"ImageObject","inLanguage":"pt-BR","@id":"https:\/\/secure.gravatar.com\/avatar\/0e37bb19071f47c0b8a23f62a903df117c5a0e75f65a0c2901562f97cd41cf86?s=96&d=mm&r=g","url":"https:\/\/secure.gravatar.com\/avatar\/0e37bb19071f47c0b8a23f62a903df117c5a0e75f65a0c2901562f97cd41cf86?s=96&d=mm&r=g","contentUrl":"https:\/\/secure.gravatar.com\/avatar\/0e37bb19071f47c0b8a23f62a903df117c5a0e75f65a0c2901562f97cd41cf86?s=96&d=mm&r=g","caption":"ritanery"}}]}},"amp_enabled":true,"_links":{"self":[{"href":"https:\/\/radiolifefm.com.br\/noticias\/wp-json\/wp\/v2\/posts\/39409","targetHints":{"allow":["GET"]}}],"collection":[{"href":"https:\/\/radiolifefm.com.br\/noticias\/wp-json\/wp\/v2\/posts"}],"about":[{"href":"https:\/\/radiolifefm.com.br\/noticias\/wp-json\/wp\/v2\/types\/post"}],"author":[{"embeddable":true,"href":"https:\/\/radiolifefm.com.br\/noticias\/wp-json\/wp\/v2\/users\/13"}],"replies":[{"embeddable":true,"href":"https:\/\/radiolifefm.com.br\/noticias\/wp-json\/wp\/v2\/comments?post=39409"}],"version-history":[{"count":1,"href":"https:\/\/radiolifefm.com.br\/noticias\/wp-json\/wp\/v2\/posts\/39409\/revisions"}],"predecessor-version":[{"id":39414,"href":"https:\/\/radiolifefm.com.br\/noticias\/wp-json\/wp\/v2\/posts\/39409\/revisions\/39414"}],"wp:featuredmedia":[{"embeddable":true,"href":"https:\/\/radiolifefm.com.br\/noticias\/wp-json\/wp\/v2\/media\/39410"}],"wp:attachment":[{"href":"https:\/\/radiolifefm.com.br\/noticias\/wp-json\/wp\/v2\/media?parent=39409"}],"wp:term":[{"taxonomy":"category","embeddable":true,"href":"https:\/\/radiolifefm.com.br\/noticias\/wp-json\/wp\/v2\/categories?post=39409"},{"taxonomy":"post_tag","embeddable":true,"href":"https:\/\/radiolifefm.com.br\/noticias\/wp-json\/wp\/v2\/tags?post=39409"}],"curies":[{"name":"wp","href":"https:\/\/api.w.org\/{rel}","templated":true}]}}