{"id":39219,"date":"2021-05-27T09:49:29","date_gmt":"2021-05-27T12:49:29","guid":{"rendered":"https:\/\/radiolifefm.com.br\/noticias\/?p=39219"},"modified":"2025-11-03T03:48:08","modified_gmt":"2025-11-03T06:48:08","slug":"vereador-pede-que-denuncia-contra-os-correios-seja-encaminhada-a-promotoria","status":"publish","type":"post","link":"https:\/\/radiolifefm.com.br\/noticias\/vereador-pede-que-denuncia-contra-os-correios-seja-encaminhada-a-promotoria\/","title":{"rendered":"Vereador pede que den\u00fancia contra os Correios seja encaminhada \u00e0 Promotoria"},"content":{"rendered":"<div id=\"fb-root\"><\/div>\n<p>Em sess\u00e3o ordin\u00e1ria realizada na noite da \u00faltima segunda-feira (17), no plen\u00e1rio da C\u00e2mara Municipal, o vereador Rafael Pacheco (PODE) apresentou o Requerimento n\u00ba 137\/2021 no qual pede que a Prefeitura de Adamantina acione os Correios na Justi\u00e7a.<\/p>\n<p>&nbsp;<\/p>\n<p>\u201cEncaminhe uma den\u00fancia \u00e0 Promotoria P\u00fablica Municipal, pelo motivo da Empresa Brasileira de Correios e Tel\u00e9grafos de Adamantina, n\u00e3o estar realizando a entrega de correspond\u00eancias no Residencial Alian\u00e7a\u201d, relata o texto do documento.<\/p>\n<p>&nbsp;<\/p>\n<p>Ao usar a palavra durante o encontro legislativo, Rafael afirmou que a falha da estatal tem prejudicado muito os moradores do referido bairro.<\/p>\n<p>&nbsp;<\/p>\n<p>O Requerimento foi encaminhado pela C\u00e2mara \u00e0 Prefeitura para ser analisada a tomada de procid\u00eancias.<\/p>\n<p>Fonte: Adamantina Net<\/p>\n<p>&nbsp;<\/p>\n","protected":false},"excerpt":{"rendered":"<p>Em sess\u00e3o ordin\u00e1ria realizada na noite da \u00faltima segunda-feira (17), no plen\u00e1rio da C\u00e2mara Municipal, o vereador Rafael Pacheco (PODE) apresentou o Requerimento n\u00ba 137\/2021 no qual pede que a Prefeitura de Adamantina acione os Correios na Justi\u00e7a. &nbsp; \u201cEncaminhe uma den\u00fancia \u00e0 Promotoria P\u00fablica Municipal, pelo motivo da Empresa Brasileira de Correios e Tel\u00e9grafos [&hellip;]<\/p>\n","protected":false},"author":13,"featured_media":39220,"comment_status":"closed","ping_status":"open","sticky":false,"template":"","format":"standard","meta":{"_acf_changed":false,"_exactmetrics_skip_tracking":false,"_exactmetrics_sitenote_active":false,"_exactmetrics_sitenote_note":"","_exactmetrics_sitenote_category":0,"footnotes":""},"categories":[21],"tags":[],"class_list":["post-39219","post","type-post","status-publish","format-standard","has-post-thumbnail","hentry","category-adamantina"],"acf":[],"yoast_head":"<!-- This site is optimized with the Yoast SEO plugin v27.2 - https:\/\/yoast.com\/product\/yoast-seo-wordpress\/ -->\n<title>Vereador pede que den\u00fancia contra os Correios seja encaminhada \u00e0 Promotoria - R\u00e1dio Life FM<\/title>\n<meta name=\"robots\" content=\"index, follow, max-snippet:-1, max-image-preview:large, max-video-preview:-1\" \/>\n<link rel=\"canonical\" href=\"https:\/\/radiolifefm.com.br\/noticias\/vereador-pede-que-denuncia-contra-os-correios-seja-encaminhada-a-promotoria\/\" \/>\n<meta property=\"og:locale\" content=\"pt_BR\" \/>\n<meta property=\"og:type\" content=\"article\" \/>\n<meta property=\"og:title\" content=\"Vereador pede que den\u00fancia contra os Correios seja encaminhada \u00e0 Promotoria - R\u00e1dio Life FM\" \/>\n<meta property=\"og:description\" content=\"Em sess\u00e3o ordin\u00e1ria realizada na noite da \u00faltima segunda-feira (17), no plen\u00e1rio da C\u00e2mara Municipal, o vereador Rafael Pacheco (PODE) apresentou o Requerimento n\u00ba 137\/2021 no qual pede que a Prefeitura de Adamantina acione os Correios na Justi\u00e7a. &nbsp; \u201cEncaminhe uma den\u00fancia \u00e0 Promotoria P\u00fablica Municipal, pelo motivo da Empresa Brasileira de Correios e Tel\u00e9grafos [&hellip;]\" \/>\n<meta property=\"og:url\" content=\"https:\/\/radiolifefm.com.br\/noticias\/vereador-pede-que-denuncia-contra-os-correios-seja-encaminhada-a-promotoria\/\" \/>\n<meta property=\"og:site_name\" content=\"R\u00e1dio Life FM\" \/>\n<meta property=\"article:publisher\" content=\"https:\/\/www.facebook.com\/radiolifefm\/\" \/>\n<meta property=\"article:published_time\" content=\"2021-05-27T12:49:29+00:00\" \/>\n<meta property=\"article:modified_time\" content=\"2025-11-03T06:48:08+00:00\" \/>\n<meta property=\"og:image\" content=\"https:\/\/static.radiolifefm.com.br\/noticias\/wp-content\/uploads\/2021\/05\/F37.jpg\" \/>\n\t<meta property=\"og:image:width\" content=\"1156\" \/>\n\t<meta property=\"og:image:height\" content=\"521\" \/>\n\t<meta property=\"og:image:type\" content=\"image\/jpeg\" \/>\n<meta name=\"author\" content=\"ritanery\" \/>\n<meta name=\"twitter:card\" content=\"summary_large_image\" \/>\n<meta name=\"twitter:label1\" content=\"Escrito por\" \/>\n\t<meta name=\"twitter:data1\" content=\"ritanery\" \/>\n\t<meta name=\"twitter:label2\" content=\"Est. tempo de leitura\" \/>\n\t<meta name=\"twitter:data2\" content=\"1 minuto\" \/>\n<script type=\"application\/ld+json\" class=\"yoast-schema-graph\">{\"@context\":\"https:\/\/schema.org\",\"@graph\":[{\"@type\":\"Article\",\"@id\":\"https:\/\/radiolifefm.com.br\/noticias\/vereador-pede-que-denuncia-contra-os-correios-seja-encaminhada-a-promotoria\/#article\",\"isPartOf\":{\"@id\":\"https:\/\/radiolifefm.com.br\/noticias\/vereador-pede-que-denuncia-contra-os-correios-seja-encaminhada-a-promotoria\/\"},\"author\":{\"name\":\"ritanery\",\"@id\":\"https:\/\/radiolifefm.com.br\/noticias\/#\/schema\/person\/6339b9fac59d12b071dec680d7375d87\"},\"headline\":\"Vereador pede que den\u00fancia contra os Correios seja encaminhada \u00e0 Promotoria\",\"datePublished\":\"2021-05-27T12:49:29+00:00\",\"dateModified\":\"2025-11-03T06:48:08+00:00\",\"mainEntityOfPage\":{\"@id\":\"https:\/\/radiolifefm.com.br\/noticias\/vereador-pede-que-denuncia-contra-os-correios-seja-encaminhada-a-promotoria\/\"},\"wordCount\":136,\"publisher\":{\"@id\":\"https:\/\/radiolifefm.com.br\/noticias\/#organization\"},\"image\":{\"@id\":\"https:\/\/radiolifefm.com.br\/noticias\/vereador-pede-que-denuncia-contra-os-correios-seja-encaminhada-a-promotoria\/#primaryimage\"},\"thumbnailUrl\":\"https:\/\/radiolifefm.com.br\/noticias\/wp-content\/uploads\/2021\/05\/F37.jpg\",\"articleSection\":[\"Adamantina\"],\"inLanguage\":\"pt-BR\"},{\"@type\":\"WebPage\",\"@id\":\"https:\/\/radiolifefm.com.br\/noticias\/vereador-pede-que-denuncia-contra-os-correios-seja-encaminhada-a-promotoria\/\",\"url\":\"https:\/\/radiolifefm.com.br\/noticias\/vereador-pede-que-denuncia-contra-os-correios-seja-encaminhada-a-promotoria\/\",\"name\":\"Vereador pede que den\u00fancia contra os Correios seja encaminhada \u00e0 Promotoria - R\u00e1dio Life FM\",\"isPartOf\":{\"@id\":\"https:\/\/radiolifefm.com.br\/noticias\/#website\"},\"primaryImageOfPage\":{\"@id\":\"https:\/\/radiolifefm.com.br\/noticias\/vereador-pede-que-denuncia-contra-os-correios-seja-encaminhada-a-promotoria\/#primaryimage\"},\"image\":{\"@id\":\"https:\/\/radiolifefm.com.br\/noticias\/vereador-pede-que-denuncia-contra-os-correios-seja-encaminhada-a-promotoria\/#primaryimage\"},\"thumbnailUrl\":\"https:\/\/radiolifefm.com.br\/noticias\/wp-content\/uploads\/2021\/05\/F37.jpg\",\"datePublished\":\"2021-05-27T12:49:29+00:00\",\"dateModified\":\"2025-11-03T06:48:08+00:00\",\"breadcrumb\":{\"@id\":\"https:\/\/radiolifefm.com.br\/noticias\/vereador-pede-que-denuncia-contra-os-correios-seja-encaminhada-a-promotoria\/#breadcrumb\"},\"inLanguage\":\"pt-BR\",\"potentialAction\":[{\"@type\":\"ReadAction\",\"target\":[\"https:\/\/radiolifefm.com.br\/noticias\/vereador-pede-que-denuncia-contra-os-correios-seja-encaminhada-a-promotoria\/\"]}]},{\"@type\":\"ImageObject\",\"inLanguage\":\"pt-BR\",\"@id\":\"https:\/\/radiolifefm.com.br\/noticias\/vereador-pede-que-denuncia-contra-os-correios-seja-encaminhada-a-promotoria\/#primaryimage\",\"url\":\"https:\/\/radiolifefm.com.br\/noticias\/wp-content\/uploads\/2021\/05\/F37.jpg\",\"contentUrl\":\"https:\/\/radiolifefm.com.br\/noticias\/wp-content\/uploads\/2021\/05\/F37.jpg\",\"width\":1156,\"height\":521},{\"@type\":\"BreadcrumbList\",\"@id\":\"https:\/\/radiolifefm.com.br\/noticias\/vereador-pede-que-denuncia-contra-os-correios-seja-encaminhada-a-promotoria\/#breadcrumb\",\"itemListElement\":[{\"@type\":\"ListItem\",\"position\":1,\"name\":\"In\u00edcio\",\"item\":\"https:\/\/radiolifefm.com.br\/noticias\/\"},{\"@type\":\"ListItem\",\"position\":2,\"name\":\"Vereador pede que den\u00fancia contra os Correios seja encaminhada \u00e0 Promotoria\"}]},{\"@type\":\"WebSite\",\"@id\":\"https:\/\/radiolifefm.com.br\/noticias\/#website\",\"url\":\"https:\/\/radiolifefm.com.br\/noticias\/\",\"name\":\"R\u00e1dio Life FM\",\"description\":\"O Portal de Not\u00edcias de Adamantina\",\"publisher\":{\"@id\":\"https:\/\/radiolifefm.com.br\/noticias\/#organization\"},\"alternateName\":\"Life FM\",\"potentialAction\":[{\"@type\":\"SearchAction\",\"target\":{\"@type\":\"EntryPoint\",\"urlTemplate\":\"https:\/\/radiolifefm.com.br\/noticias\/?s={search_term_string}\"},\"query-input\":{\"@type\":\"PropertyValueSpecification\",\"valueRequired\":true,\"valueName\":\"search_term_string\"}}],\"inLanguage\":\"pt-BR\"},{\"@type\":\"Organization\",\"@id\":\"https:\/\/radiolifefm.com.br\/noticias\/#organization\",\"name\":\"R\u00e1dio Life FM\",\"alternateName\":\"Life FM\",\"url\":\"https:\/\/radiolifefm.com.br\/noticias\/\",\"logo\":{\"@type\":\"ImageObject\",\"inLanguage\":\"pt-BR\",\"@id\":\"https:\/\/radiolifefm.com.br\/noticias\/#\/schema\/logo\/image\/\",\"url\":\"https:\/\/static.radiolifefm.com.br\/noticias\/wp-content\/uploads\/2019\/10\/logo-lifefm.png\",\"contentUrl\":\"https:\/\/static.radiolifefm.com.br\/noticias\/wp-content\/uploads\/2019\/10\/logo-lifefm.png\",\"width\":196,\"height\":47,\"caption\":\"R\u00e1dio Life FM\"},\"image\":{\"@id\":\"https:\/\/radiolifefm.com.br\/noticias\/#\/schema\/logo\/image\/\"},\"sameAs\":[\"https:\/\/www.facebook.com\/radiolifefm\/\",\"https:\/\/www.instagram.com\/life1079fm\/\"]},{\"@type\":\"Person\",\"@id\":\"https:\/\/radiolifefm.com.br\/noticias\/#\/schema\/person\/6339b9fac59d12b071dec680d7375d87\",\"name\":\"ritanery\",\"image\":{\"@type\":\"ImageObject\",\"inLanguage\":\"pt-BR\",\"@id\":\"https:\/\/secure.gravatar.com\/avatar\/0e37bb19071f47c0b8a23f62a903df117c5a0e75f65a0c2901562f97cd41cf86?s=96&d=mm&r=g\",\"url\":\"https:\/\/secure.gravatar.com\/avatar\/0e37bb19071f47c0b8a23f62a903df117c5a0e75f65a0c2901562f97cd41cf86?s=96&d=mm&r=g\",\"contentUrl\":\"https:\/\/secure.gravatar.com\/avatar\/0e37bb19071f47c0b8a23f62a903df117c5a0e75f65a0c2901562f97cd41cf86?s=96&d=mm&r=g\",\"caption\":\"ritanery\"}}]}<\/script>\n<!-- \/ Yoast SEO plugin. -->","yoast_head_json":{"title":"Vereador pede que den\u00fancia contra os Correios seja encaminhada \u00e0 Promotoria - R\u00e1dio Life FM","robots":{"index":"index","follow":"follow","max-snippet":"max-snippet:-1","max-image-preview":"max-image-preview:large","max-video-preview":"max-video-preview:-1"},"canonical":"https:\/\/radiolifefm.com.br\/noticias\/vereador-pede-que-denuncia-contra-os-correios-seja-encaminhada-a-promotoria\/","og_locale":"pt_BR","og_type":"article","og_title":"Vereador pede que den\u00fancia contra os Correios seja encaminhada \u00e0 Promotoria - R\u00e1dio Life FM","og_description":"Em sess\u00e3o ordin\u00e1ria realizada na noite da \u00faltima segunda-feira (17), no plen\u00e1rio da C\u00e2mara Municipal, o vereador Rafael Pacheco (PODE) apresentou o Requerimento n\u00ba 137\/2021 no qual pede que a Prefeitura de Adamantina acione os Correios na Justi\u00e7a. &nbsp; \u201cEncaminhe uma den\u00fancia \u00e0 Promotoria P\u00fablica Municipal, pelo motivo da Empresa Brasileira de Correios e Tel\u00e9grafos [&hellip;]","og_url":"https:\/\/radiolifefm.com.br\/noticias\/vereador-pede-que-denuncia-contra-os-correios-seja-encaminhada-a-promotoria\/","og_site_name":"R\u00e1dio Life FM","article_publisher":"https:\/\/www.facebook.com\/radiolifefm\/","article_published_time":"2021-05-27T12:49:29+00:00","article_modified_time":"2025-11-03T06:48:08+00:00","og_image":[{"width":1156,"height":521,"url":"https:\/\/static.radiolifefm.com.br\/noticias\/wp-content\/uploads\/2021\/05\/F37.jpg","type":"image\/jpeg"}],"author":"ritanery","twitter_card":"summary_large_image","twitter_misc":{"Escrito por":"ritanery","Est. tempo de leitura":"1 minuto"},"schema":{"@context":"https:\/\/schema.org","@graph":[{"@type":"Article","@id":"https:\/\/radiolifefm.com.br\/noticias\/vereador-pede-que-denuncia-contra-os-correios-seja-encaminhada-a-promotoria\/#article","isPartOf":{"@id":"https:\/\/radiolifefm.com.br\/noticias\/vereador-pede-que-denuncia-contra-os-correios-seja-encaminhada-a-promotoria\/"},"author":{"name":"ritanery","@id":"https:\/\/radiolifefm.com.br\/noticias\/#\/schema\/person\/6339b9fac59d12b071dec680d7375d87"},"headline":"Vereador pede que den\u00fancia contra os Correios seja encaminhada \u00e0 Promotoria","datePublished":"2021-05-27T12:49:29+00:00","dateModified":"2025-11-03T06:48:08+00:00","mainEntityOfPage":{"@id":"https:\/\/radiolifefm.com.br\/noticias\/vereador-pede-que-denuncia-contra-os-correios-seja-encaminhada-a-promotoria\/"},"wordCount":136,"publisher":{"@id":"https:\/\/radiolifefm.com.br\/noticias\/#organization"},"image":{"@id":"https:\/\/radiolifefm.com.br\/noticias\/vereador-pede-que-denuncia-contra-os-correios-seja-encaminhada-a-promotoria\/#primaryimage"},"thumbnailUrl":"https:\/\/radiolifefm.com.br\/noticias\/wp-content\/uploads\/2021\/05\/F37.jpg","articleSection":["Adamantina"],"inLanguage":"pt-BR"},{"@type":"WebPage","@id":"https:\/\/radiolifefm.com.br\/noticias\/vereador-pede-que-denuncia-contra-os-correios-seja-encaminhada-a-promotoria\/","url":"https:\/\/radiolifefm.com.br\/noticias\/vereador-pede-que-denuncia-contra-os-correios-seja-encaminhada-a-promotoria\/","name":"Vereador pede que den\u00fancia contra os Correios seja encaminhada \u00e0 Promotoria - R\u00e1dio Life FM","isPartOf":{"@id":"https:\/\/radiolifefm.com.br\/noticias\/#website"},"primaryImageOfPage":{"@id":"https:\/\/radiolifefm.com.br\/noticias\/vereador-pede-que-denuncia-contra-os-correios-seja-encaminhada-a-promotoria\/#primaryimage"},"image":{"@id":"https:\/\/radiolifefm.com.br\/noticias\/vereador-pede-que-denuncia-contra-os-correios-seja-encaminhada-a-promotoria\/#primaryimage"},"thumbnailUrl":"https:\/\/radiolifefm.com.br\/noticias\/wp-content\/uploads\/2021\/05\/F37.jpg","datePublished":"2021-05-27T12:49:29+00:00","dateModified":"2025-11-03T06:48:08+00:00","breadcrumb":{"@id":"https:\/\/radiolifefm.com.br\/noticias\/vereador-pede-que-denuncia-contra-os-correios-seja-encaminhada-a-promotoria\/#breadcrumb"},"inLanguage":"pt-BR","potentialAction":[{"@type":"ReadAction","target":["https:\/\/radiolifefm.com.br\/noticias\/vereador-pede-que-denuncia-contra-os-correios-seja-encaminhada-a-promotoria\/"]}]},{"@type":"ImageObject","inLanguage":"pt-BR","@id":"https:\/\/radiolifefm.com.br\/noticias\/vereador-pede-que-denuncia-contra-os-correios-seja-encaminhada-a-promotoria\/#primaryimage","url":"https:\/\/radiolifefm.com.br\/noticias\/wp-content\/uploads\/2021\/05\/F37.jpg","contentUrl":"https:\/\/radiolifefm.com.br\/noticias\/wp-content\/uploads\/2021\/05\/F37.jpg","width":1156,"height":521},{"@type":"BreadcrumbList","@id":"https:\/\/radiolifefm.com.br\/noticias\/vereador-pede-que-denuncia-contra-os-correios-seja-encaminhada-a-promotoria\/#breadcrumb","itemListElement":[{"@type":"ListItem","position":1,"name":"In\u00edcio","item":"https:\/\/radiolifefm.com.br\/noticias\/"},{"@type":"ListItem","position":2,"name":"Vereador pede que den\u00fancia contra os Correios seja encaminhada \u00e0 Promotoria"}]},{"@type":"WebSite","@id":"https:\/\/radiolifefm.com.br\/noticias\/#website","url":"https:\/\/radiolifefm.com.br\/noticias\/","name":"R\u00e1dio Life FM","description":"O Portal de Not\u00edcias de Adamantina","publisher":{"@id":"https:\/\/radiolifefm.com.br\/noticias\/#organization"},"alternateName":"Life FM","potentialAction":[{"@type":"SearchAction","target":{"@type":"EntryPoint","urlTemplate":"https:\/\/radiolifefm.com.br\/noticias\/?s={search_term_string}"},"query-input":{"@type":"PropertyValueSpecification","valueRequired":true,"valueName":"search_term_string"}}],"inLanguage":"pt-BR"},{"@type":"Organization","@id":"https:\/\/radiolifefm.com.br\/noticias\/#organization","name":"R\u00e1dio Life FM","alternateName":"Life FM","url":"https:\/\/radiolifefm.com.br\/noticias\/","logo":{"@type":"ImageObject","inLanguage":"pt-BR","@id":"https:\/\/radiolifefm.com.br\/noticias\/#\/schema\/logo\/image\/","url":"https:\/\/static.radiolifefm.com.br\/noticias\/wp-content\/uploads\/2019\/10\/logo-lifefm.png","contentUrl":"https:\/\/static.radiolifefm.com.br\/noticias\/wp-content\/uploads\/2019\/10\/logo-lifefm.png","width":196,"height":47,"caption":"R\u00e1dio Life FM"},"image":{"@id":"https:\/\/radiolifefm.com.br\/noticias\/#\/schema\/logo\/image\/"},"sameAs":["https:\/\/www.facebook.com\/radiolifefm\/","https:\/\/www.instagram.com\/life1079fm\/"]},{"@type":"Person","@id":"https:\/\/radiolifefm.com.br\/noticias\/#\/schema\/person\/6339b9fac59d12b071dec680d7375d87","name":"ritanery","image":{"@type":"ImageObject","inLanguage":"pt-BR","@id":"https:\/\/secure.gravatar.com\/avatar\/0e37bb19071f47c0b8a23f62a903df117c5a0e75f65a0c2901562f97cd41cf86?s=96&d=mm&r=g","url":"https:\/\/secure.gravatar.com\/avatar\/0e37bb19071f47c0b8a23f62a903df117c5a0e75f65a0c2901562f97cd41cf86?s=96&d=mm&r=g","contentUrl":"https:\/\/secure.gravatar.com\/avatar\/0e37bb19071f47c0b8a23f62a903df117c5a0e75f65a0c2901562f97cd41cf86?s=96&d=mm&r=g","caption":"ritanery"}}]}},"amp_enabled":true,"_links":{"self":[{"href":"https:\/\/radiolifefm.com.br\/noticias\/wp-json\/wp\/v2\/posts\/39219","targetHints":{"allow":["GET"]}}],"collection":[{"href":"https:\/\/radiolifefm.com.br\/noticias\/wp-json\/wp\/v2\/posts"}],"about":[{"href":"https:\/\/radiolifefm.com.br\/noticias\/wp-json\/wp\/v2\/types\/post"}],"author":[{"embeddable":true,"href":"https:\/\/radiolifefm.com.br\/noticias\/wp-json\/wp\/v2\/users\/13"}],"replies":[{"embeddable":true,"href":"https:\/\/radiolifefm.com.br\/noticias\/wp-json\/wp\/v2\/comments?post=39219"}],"version-history":[{"count":1,"href":"https:\/\/radiolifefm.com.br\/noticias\/wp-json\/wp\/v2\/posts\/39219\/revisions"}],"predecessor-version":[{"id":39221,"href":"https:\/\/radiolifefm.com.br\/noticias\/wp-json\/wp\/v2\/posts\/39219\/revisions\/39221"}],"wp:featuredmedia":[{"embeddable":true,"href":"https:\/\/radiolifefm.com.br\/noticias\/wp-json\/wp\/v2\/media\/39220"}],"wp:attachment":[{"href":"https:\/\/radiolifefm.com.br\/noticias\/wp-json\/wp\/v2\/media?parent=39219"}],"wp:term":[{"taxonomy":"category","embeddable":true,"href":"https:\/\/radiolifefm.com.br\/noticias\/wp-json\/wp\/v2\/categories?post=39219"},{"taxonomy":"post_tag","embeddable":true,"href":"https:\/\/radiolifefm.com.br\/noticias\/wp-json\/wp\/v2\/tags?post=39219"}],"curies":[{"name":"wp","href":"https:\/\/api.w.org\/{rel}","templated":true}]}}