{"id":39177,"date":"2021-05-26T10:01:39","date_gmt":"2021-05-26T13:01:39","guid":{"rendered":"https:\/\/radiolifefm.com.br\/noticias\/?p=39177"},"modified":"2026-04-09T05:42:42","modified_gmt":"2026-04-09T08:42:42","slug":"prefeitura-nomeia-comissao-para-instalacao-do-museu","status":"publish","type":"post","link":"https:\/\/radiolifefm.com.br\/noticias\/prefeitura-nomeia-comissao-para-instalacao-do-museu\/","title":{"rendered":"Prefeitura nomeia comiss\u00e3o para instala\u00e7\u00e3o do Museu"},"content":{"rendered":"<div id=\"fb-root\"><\/div>\n<p>O prefeito M\u00e1rcio Cardim nomeou a Comiss\u00e3o de Instala\u00e7\u00e3o do Museu e Arquivo Hist\u00f3rico de Adamantina atrav\u00e9s do Decreto 6.365, de 18 de maio de 2021.<\/p>\n<p>&nbsp;<\/p>\n<p>A mesma ficou composta pelos seguintes membros: Ant\u00f4nio Carlos Bassio Haddad \u201cCac\u00e1\u201d, Cl\u00f3vis Donizete Fiorentim, Dimas Marques dos Santos, Faraday Zanandrea, Francisco Carlos Toffoli, Jeferson Willian Theodoro, Jo\u00e3o Benedito Passarinho, Jo\u00e3o Vitor Marega, Maila Juliana Alves, Marcos Rodolfo dos Santos, Noriko Onishi Saito, S\u00e9rgio Genaro e Tiago Rafael dos Santos Alves.<\/p>\n<p>&nbsp;<\/p>\n<p>Segundo o pr\u00f3prio decreto, a Comiss\u00e3o ter\u00e1 como fun\u00e7\u00e3o auxiliar na instala\u00e7\u00e3o do Museu e Arquivo Hist\u00f3rico de Adamantina, sob coordena\u00e7\u00e3o da Secretaria Municipal de Cultura e Turismo, sendo as fun\u00e7\u00f5es de interesse p\u00fablico relevante e n\u00e3o ser\u00e1 remunerada.<\/p>\n<p>&nbsp;<\/p>\n<p><strong>Tramita\u00e7\u00e3o na C\u00e2mara<\/strong><\/p>\n<p>Foi lido na sess\u00e3o da C\u00e2mara Municipal na sess\u00e3o ordin\u00e1ria de segunda-feira (17), o projeto de lei complementar 005\/2021, de autoria do Executivo, que busca autoriza\u00e7\u00e3o legislativa para que o Munic\u00edpio possa receber dois im\u00f3veis, atualmente pertencentes a ACREA. Os im\u00f3veis est\u00e3o localizados na Vila Endo, pr\u00f3ximo ao Parque dos Pioneiros, onde funcionava um antigo templo budista.<\/p>\n<p>&nbsp;<\/p>\n<p>Agora o projeto de Lei foi distribu\u00eddo para as comiss\u00f5es permanentes da C\u00e2mara para pareceres, e posteriormente, para ser colocado em vota\u00e7\u00e3o.<\/p>\n<p>&nbsp;<\/p>\n<p>Com a aprova\u00e7\u00e3o, a Prefeitura poder\u00e1 iniciar os trabalhos de reforma e recupera\u00e7\u00e3o do im\u00f3vel, visando a instala\u00e7\u00e3o permanente do Museu e Arquivo Hist\u00f3rico de Adamantina.<\/p>\n<p>&nbsp;<\/p>\n<p>Fonte: Adamantina Net<\/p>\n<p>&nbsp;<\/p>\n","protected":false},"excerpt":{"rendered":"<p>O prefeito M\u00e1rcio Cardim nomeou a Comiss\u00e3o de Instala\u00e7\u00e3o do Museu e Arquivo Hist\u00f3rico de Adamantina atrav\u00e9s do Decreto 6.365, de 18 de maio de 2021. &nbsp; A mesma ficou composta pelos seguintes membros: Ant\u00f4nio Carlos Bassio Haddad \u201cCac\u00e1\u201d, Cl\u00f3vis Donizete Fiorentim, Dimas Marques dos Santos, Faraday Zanandrea, Francisco Carlos Toffoli, Jeferson Willian Theodoro, Jo\u00e3o [&hellip;]<\/p>\n","protected":false},"author":13,"featured_media":39178,"comment_status":"closed","ping_status":"open","sticky":false,"template":"","format":"standard","meta":{"_acf_changed":false,"_exactmetrics_skip_tracking":false,"_exactmetrics_sitenote_active":false,"_exactmetrics_sitenote_note":"","_exactmetrics_sitenote_category":0,"footnotes":""},"categories":[21],"tags":[],"class_list":["post-39177","post","type-post","status-publish","format-standard","has-post-thumbnail","hentry","category-adamantina"],"acf":[],"yoast_head":"<!-- This site is optimized with the Yoast SEO plugin v27.2 - https:\/\/yoast.com\/product\/yoast-seo-wordpress\/ -->\n<title>Prefeitura nomeia comiss\u00e3o para instala\u00e7\u00e3o do Museu - R\u00e1dio Life FM<\/title>\n<meta name=\"robots\" content=\"index, follow, max-snippet:-1, max-image-preview:large, max-video-preview:-1\" \/>\n<link rel=\"canonical\" href=\"https:\/\/radiolifefm.com.br\/noticias\/prefeitura-nomeia-comissao-para-instalacao-do-museu\/\" \/>\n<meta property=\"og:locale\" content=\"pt_BR\" \/>\n<meta property=\"og:type\" content=\"article\" \/>\n<meta property=\"og:title\" content=\"Prefeitura nomeia comiss\u00e3o para instala\u00e7\u00e3o do Museu - R\u00e1dio Life FM\" \/>\n<meta property=\"og:description\" content=\"O prefeito M\u00e1rcio Cardim nomeou a Comiss\u00e3o de Instala\u00e7\u00e3o do Museu e Arquivo Hist\u00f3rico de Adamantina atrav\u00e9s do Decreto 6.365, de 18 de maio de 2021. &nbsp; A mesma ficou composta pelos seguintes membros: Ant\u00f4nio Carlos Bassio Haddad \u201cCac\u00e1\u201d, Cl\u00f3vis Donizete Fiorentim, Dimas Marques dos Santos, Faraday Zanandrea, Francisco Carlos Toffoli, Jeferson Willian Theodoro, Jo\u00e3o [&hellip;]\" \/>\n<meta property=\"og:url\" content=\"https:\/\/radiolifefm.com.br\/noticias\/prefeitura-nomeia-comissao-para-instalacao-do-museu\/\" \/>\n<meta property=\"og:site_name\" content=\"R\u00e1dio Life FM\" \/>\n<meta property=\"article:publisher\" content=\"https:\/\/www.facebook.com\/radiolifefm\/\" \/>\n<meta property=\"article:published_time\" content=\"2021-05-26T13:01:39+00:00\" \/>\n<meta property=\"article:modified_time\" content=\"2026-04-09T08:42:42+00:00\" \/>\n<meta property=\"og:image\" content=\"https:\/\/radiolifefm.com.br\/noticias\/wp-content\/uploads\/2021\/05\/F32-1-1.jpg\" \/>\n\t<meta property=\"og:image:width\" content=\"646\" \/>\n\t<meta property=\"og:image:height\" content=\"454\" \/>\n\t<meta property=\"og:image:type\" content=\"image\/jpeg\" \/>\n<meta name=\"author\" content=\"ritanery\" \/>\n<meta name=\"twitter:card\" content=\"summary_large_image\" \/>\n<meta name=\"twitter:label1\" content=\"Escrito por\" \/>\n\t<meta name=\"twitter:data1\" content=\"ritanery\" \/>\n\t<meta name=\"twitter:label2\" content=\"Est. tempo de leitura\" \/>\n\t<meta name=\"twitter:data2\" content=\"1 minuto\" \/>\n<script type=\"application\/ld+json\" class=\"yoast-schema-graph\">{\"@context\":\"https:\/\/schema.org\",\"@graph\":[{\"@type\":\"Article\",\"@id\":\"https:\/\/radiolifefm.com.br\/noticias\/prefeitura-nomeia-comissao-para-instalacao-do-museu\/#article\",\"isPartOf\":{\"@id\":\"https:\/\/radiolifefm.com.br\/noticias\/prefeitura-nomeia-comissao-para-instalacao-do-museu\/\"},\"author\":{\"name\":\"ritanery\",\"@id\":\"https:\/\/radiolifefm.com.br\/noticias\/#\/schema\/person\/6339b9fac59d12b071dec680d7375d87\"},\"headline\":\"Prefeitura nomeia comiss\u00e3o para instala\u00e7\u00e3o do Museu\",\"datePublished\":\"2021-05-26T13:01:39+00:00\",\"dateModified\":\"2026-04-09T08:42:42+00:00\",\"mainEntityOfPage\":{\"@id\":\"https:\/\/radiolifefm.com.br\/noticias\/prefeitura-nomeia-comissao-para-instalacao-do-museu\/\"},\"wordCount\":278,\"publisher\":{\"@id\":\"https:\/\/radiolifefm.com.br\/noticias\/#organization\"},\"image\":{\"@id\":\"https:\/\/radiolifefm.com.br\/noticias\/prefeitura-nomeia-comissao-para-instalacao-do-museu\/#primaryimage\"},\"thumbnailUrl\":\"https:\/\/radiolifefm.com.br\/noticias\/wp-content\/uploads\/2021\/05\/F32-1-1.jpg\",\"articleSection\":[\"Adamantina\"],\"inLanguage\":\"pt-BR\"},{\"@type\":\"WebPage\",\"@id\":\"https:\/\/radiolifefm.com.br\/noticias\/prefeitura-nomeia-comissao-para-instalacao-do-museu\/\",\"url\":\"https:\/\/radiolifefm.com.br\/noticias\/prefeitura-nomeia-comissao-para-instalacao-do-museu\/\",\"name\":\"Prefeitura nomeia comiss\u00e3o para instala\u00e7\u00e3o do Museu - R\u00e1dio Life FM\",\"isPartOf\":{\"@id\":\"https:\/\/radiolifefm.com.br\/noticias\/#website\"},\"primaryImageOfPage\":{\"@id\":\"https:\/\/radiolifefm.com.br\/noticias\/prefeitura-nomeia-comissao-para-instalacao-do-museu\/#primaryimage\"},\"image\":{\"@id\":\"https:\/\/radiolifefm.com.br\/noticias\/prefeitura-nomeia-comissao-para-instalacao-do-museu\/#primaryimage\"},\"thumbnailUrl\":\"https:\/\/radiolifefm.com.br\/noticias\/wp-content\/uploads\/2021\/05\/F32-1-1.jpg\",\"datePublished\":\"2021-05-26T13:01:39+00:00\",\"dateModified\":\"2026-04-09T08:42:42+00:00\",\"breadcrumb\":{\"@id\":\"https:\/\/radiolifefm.com.br\/noticias\/prefeitura-nomeia-comissao-para-instalacao-do-museu\/#breadcrumb\"},\"inLanguage\":\"pt-BR\",\"potentialAction\":[{\"@type\":\"ReadAction\",\"target\":[\"https:\/\/radiolifefm.com.br\/noticias\/prefeitura-nomeia-comissao-para-instalacao-do-museu\/\"]}]},{\"@type\":\"ImageObject\",\"inLanguage\":\"pt-BR\",\"@id\":\"https:\/\/radiolifefm.com.br\/noticias\/prefeitura-nomeia-comissao-para-instalacao-do-museu\/#primaryimage\",\"url\":\"https:\/\/radiolifefm.com.br\/noticias\/wp-content\/uploads\/2021\/05\/F32-1-1.jpg\",\"contentUrl\":\"https:\/\/radiolifefm.com.br\/noticias\/wp-content\/uploads\/2021\/05\/F32-1-1.jpg\",\"width\":646,\"height\":454},{\"@type\":\"BreadcrumbList\",\"@id\":\"https:\/\/radiolifefm.com.br\/noticias\/prefeitura-nomeia-comissao-para-instalacao-do-museu\/#breadcrumb\",\"itemListElement\":[{\"@type\":\"ListItem\",\"position\":1,\"name\":\"In\u00edcio\",\"item\":\"https:\/\/radiolifefm.com.br\/noticias\/\"},{\"@type\":\"ListItem\",\"position\":2,\"name\":\"Prefeitura nomeia comiss\u00e3o para instala\u00e7\u00e3o do Museu\"}]},{\"@type\":\"WebSite\",\"@id\":\"https:\/\/radiolifefm.com.br\/noticias\/#website\",\"url\":\"https:\/\/radiolifefm.com.br\/noticias\/\",\"name\":\"R\u00e1dio Life FM\",\"description\":\"O Portal de Not\u00edcias de Adamantina\",\"publisher\":{\"@id\":\"https:\/\/radiolifefm.com.br\/noticias\/#organization\"},\"alternateName\":\"Life FM\",\"potentialAction\":[{\"@type\":\"SearchAction\",\"target\":{\"@type\":\"EntryPoint\",\"urlTemplate\":\"https:\/\/radiolifefm.com.br\/noticias\/?s={search_term_string}\"},\"query-input\":{\"@type\":\"PropertyValueSpecification\",\"valueRequired\":true,\"valueName\":\"search_term_string\"}}],\"inLanguage\":\"pt-BR\"},{\"@type\":\"Organization\",\"@id\":\"https:\/\/radiolifefm.com.br\/noticias\/#organization\",\"name\":\"R\u00e1dio Life FM\",\"alternateName\":\"Life FM\",\"url\":\"https:\/\/radiolifefm.com.br\/noticias\/\",\"logo\":{\"@type\":\"ImageObject\",\"inLanguage\":\"pt-BR\",\"@id\":\"https:\/\/radiolifefm.com.br\/noticias\/#\/schema\/logo\/image\/\",\"url\":\"https:\/\/static.radiolifefm.com.br\/noticias\/wp-content\/uploads\/2019\/10\/logo-lifefm.png\",\"contentUrl\":\"https:\/\/static.radiolifefm.com.br\/noticias\/wp-content\/uploads\/2019\/10\/logo-lifefm.png\",\"width\":196,\"height\":47,\"caption\":\"R\u00e1dio Life FM\"},\"image\":{\"@id\":\"https:\/\/radiolifefm.com.br\/noticias\/#\/schema\/logo\/image\/\"},\"sameAs\":[\"https:\/\/www.facebook.com\/radiolifefm\/\",\"https:\/\/www.instagram.com\/life1079fm\/\"]},{\"@type\":\"Person\",\"@id\":\"https:\/\/radiolifefm.com.br\/noticias\/#\/schema\/person\/6339b9fac59d12b071dec680d7375d87\",\"name\":\"ritanery\",\"image\":{\"@type\":\"ImageObject\",\"inLanguage\":\"pt-BR\",\"@id\":\"https:\/\/secure.gravatar.com\/avatar\/0e37bb19071f47c0b8a23f62a903df117c5a0e75f65a0c2901562f97cd41cf86?s=96&d=mm&r=g\",\"url\":\"https:\/\/secure.gravatar.com\/avatar\/0e37bb19071f47c0b8a23f62a903df117c5a0e75f65a0c2901562f97cd41cf86?s=96&d=mm&r=g\",\"contentUrl\":\"https:\/\/secure.gravatar.com\/avatar\/0e37bb19071f47c0b8a23f62a903df117c5a0e75f65a0c2901562f97cd41cf86?s=96&d=mm&r=g\",\"caption\":\"ritanery\"}}]}<\/script>\n<!-- \/ Yoast SEO plugin. -->","yoast_head_json":{"title":"Prefeitura nomeia comiss\u00e3o para instala\u00e7\u00e3o do Museu - R\u00e1dio Life FM","robots":{"index":"index","follow":"follow","max-snippet":"max-snippet:-1","max-image-preview":"max-image-preview:large","max-video-preview":"max-video-preview:-1"},"canonical":"https:\/\/radiolifefm.com.br\/noticias\/prefeitura-nomeia-comissao-para-instalacao-do-museu\/","og_locale":"pt_BR","og_type":"article","og_title":"Prefeitura nomeia comiss\u00e3o para instala\u00e7\u00e3o do Museu - R\u00e1dio Life FM","og_description":"O prefeito M\u00e1rcio Cardim nomeou a Comiss\u00e3o de Instala\u00e7\u00e3o do Museu e Arquivo Hist\u00f3rico de Adamantina atrav\u00e9s do Decreto 6.365, de 18 de maio de 2021. &nbsp; A mesma ficou composta pelos seguintes membros: Ant\u00f4nio Carlos Bassio Haddad \u201cCac\u00e1\u201d, Cl\u00f3vis Donizete Fiorentim, Dimas Marques dos Santos, Faraday Zanandrea, Francisco Carlos Toffoli, Jeferson Willian Theodoro, Jo\u00e3o [&hellip;]","og_url":"https:\/\/radiolifefm.com.br\/noticias\/prefeitura-nomeia-comissao-para-instalacao-do-museu\/","og_site_name":"R\u00e1dio Life FM","article_publisher":"https:\/\/www.facebook.com\/radiolifefm\/","article_published_time":"2021-05-26T13:01:39+00:00","article_modified_time":"2026-04-09T08:42:42+00:00","og_image":[{"width":646,"height":454,"url":"https:\/\/radiolifefm.com.br\/noticias\/wp-content\/uploads\/2021\/05\/F32-1-1.jpg","type":"image\/jpeg"}],"author":"ritanery","twitter_card":"summary_large_image","twitter_misc":{"Escrito por":"ritanery","Est. tempo de leitura":"1 minuto"},"schema":{"@context":"https:\/\/schema.org","@graph":[{"@type":"Article","@id":"https:\/\/radiolifefm.com.br\/noticias\/prefeitura-nomeia-comissao-para-instalacao-do-museu\/#article","isPartOf":{"@id":"https:\/\/radiolifefm.com.br\/noticias\/prefeitura-nomeia-comissao-para-instalacao-do-museu\/"},"author":{"name":"ritanery","@id":"https:\/\/radiolifefm.com.br\/noticias\/#\/schema\/person\/6339b9fac59d12b071dec680d7375d87"},"headline":"Prefeitura nomeia comiss\u00e3o para instala\u00e7\u00e3o do Museu","datePublished":"2021-05-26T13:01:39+00:00","dateModified":"2026-04-09T08:42:42+00:00","mainEntityOfPage":{"@id":"https:\/\/radiolifefm.com.br\/noticias\/prefeitura-nomeia-comissao-para-instalacao-do-museu\/"},"wordCount":278,"publisher":{"@id":"https:\/\/radiolifefm.com.br\/noticias\/#organization"},"image":{"@id":"https:\/\/radiolifefm.com.br\/noticias\/prefeitura-nomeia-comissao-para-instalacao-do-museu\/#primaryimage"},"thumbnailUrl":"https:\/\/radiolifefm.com.br\/noticias\/wp-content\/uploads\/2021\/05\/F32-1-1.jpg","articleSection":["Adamantina"],"inLanguage":"pt-BR"},{"@type":"WebPage","@id":"https:\/\/radiolifefm.com.br\/noticias\/prefeitura-nomeia-comissao-para-instalacao-do-museu\/","url":"https:\/\/radiolifefm.com.br\/noticias\/prefeitura-nomeia-comissao-para-instalacao-do-museu\/","name":"Prefeitura nomeia comiss\u00e3o para instala\u00e7\u00e3o do Museu - R\u00e1dio Life FM","isPartOf":{"@id":"https:\/\/radiolifefm.com.br\/noticias\/#website"},"primaryImageOfPage":{"@id":"https:\/\/radiolifefm.com.br\/noticias\/prefeitura-nomeia-comissao-para-instalacao-do-museu\/#primaryimage"},"image":{"@id":"https:\/\/radiolifefm.com.br\/noticias\/prefeitura-nomeia-comissao-para-instalacao-do-museu\/#primaryimage"},"thumbnailUrl":"https:\/\/radiolifefm.com.br\/noticias\/wp-content\/uploads\/2021\/05\/F32-1-1.jpg","datePublished":"2021-05-26T13:01:39+00:00","dateModified":"2026-04-09T08:42:42+00:00","breadcrumb":{"@id":"https:\/\/radiolifefm.com.br\/noticias\/prefeitura-nomeia-comissao-para-instalacao-do-museu\/#breadcrumb"},"inLanguage":"pt-BR","potentialAction":[{"@type":"ReadAction","target":["https:\/\/radiolifefm.com.br\/noticias\/prefeitura-nomeia-comissao-para-instalacao-do-museu\/"]}]},{"@type":"ImageObject","inLanguage":"pt-BR","@id":"https:\/\/radiolifefm.com.br\/noticias\/prefeitura-nomeia-comissao-para-instalacao-do-museu\/#primaryimage","url":"https:\/\/radiolifefm.com.br\/noticias\/wp-content\/uploads\/2021\/05\/F32-1-1.jpg","contentUrl":"https:\/\/radiolifefm.com.br\/noticias\/wp-content\/uploads\/2021\/05\/F32-1-1.jpg","width":646,"height":454},{"@type":"BreadcrumbList","@id":"https:\/\/radiolifefm.com.br\/noticias\/prefeitura-nomeia-comissao-para-instalacao-do-museu\/#breadcrumb","itemListElement":[{"@type":"ListItem","position":1,"name":"In\u00edcio","item":"https:\/\/radiolifefm.com.br\/noticias\/"},{"@type":"ListItem","position":2,"name":"Prefeitura nomeia comiss\u00e3o para instala\u00e7\u00e3o do Museu"}]},{"@type":"WebSite","@id":"https:\/\/radiolifefm.com.br\/noticias\/#website","url":"https:\/\/radiolifefm.com.br\/noticias\/","name":"R\u00e1dio Life FM","description":"O Portal de Not\u00edcias de Adamantina","publisher":{"@id":"https:\/\/radiolifefm.com.br\/noticias\/#organization"},"alternateName":"Life FM","potentialAction":[{"@type":"SearchAction","target":{"@type":"EntryPoint","urlTemplate":"https:\/\/radiolifefm.com.br\/noticias\/?s={search_term_string}"},"query-input":{"@type":"PropertyValueSpecification","valueRequired":true,"valueName":"search_term_string"}}],"inLanguage":"pt-BR"},{"@type":"Organization","@id":"https:\/\/radiolifefm.com.br\/noticias\/#organization","name":"R\u00e1dio Life FM","alternateName":"Life FM","url":"https:\/\/radiolifefm.com.br\/noticias\/","logo":{"@type":"ImageObject","inLanguage":"pt-BR","@id":"https:\/\/radiolifefm.com.br\/noticias\/#\/schema\/logo\/image\/","url":"https:\/\/static.radiolifefm.com.br\/noticias\/wp-content\/uploads\/2019\/10\/logo-lifefm.png","contentUrl":"https:\/\/static.radiolifefm.com.br\/noticias\/wp-content\/uploads\/2019\/10\/logo-lifefm.png","width":196,"height":47,"caption":"R\u00e1dio Life FM"},"image":{"@id":"https:\/\/radiolifefm.com.br\/noticias\/#\/schema\/logo\/image\/"},"sameAs":["https:\/\/www.facebook.com\/radiolifefm\/","https:\/\/www.instagram.com\/life1079fm\/"]},{"@type":"Person","@id":"https:\/\/radiolifefm.com.br\/noticias\/#\/schema\/person\/6339b9fac59d12b071dec680d7375d87","name":"ritanery","image":{"@type":"ImageObject","inLanguage":"pt-BR","@id":"https:\/\/secure.gravatar.com\/avatar\/0e37bb19071f47c0b8a23f62a903df117c5a0e75f65a0c2901562f97cd41cf86?s=96&d=mm&r=g","url":"https:\/\/secure.gravatar.com\/avatar\/0e37bb19071f47c0b8a23f62a903df117c5a0e75f65a0c2901562f97cd41cf86?s=96&d=mm&r=g","contentUrl":"https:\/\/secure.gravatar.com\/avatar\/0e37bb19071f47c0b8a23f62a903df117c5a0e75f65a0c2901562f97cd41cf86?s=96&d=mm&r=g","caption":"ritanery"}}]}},"amp_enabled":true,"_links":{"self":[{"href":"https:\/\/radiolifefm.com.br\/noticias\/wp-json\/wp\/v2\/posts\/39177","targetHints":{"allow":["GET"]}}],"collection":[{"href":"https:\/\/radiolifefm.com.br\/noticias\/wp-json\/wp\/v2\/posts"}],"about":[{"href":"https:\/\/radiolifefm.com.br\/noticias\/wp-json\/wp\/v2\/types\/post"}],"author":[{"embeddable":true,"href":"https:\/\/radiolifefm.com.br\/noticias\/wp-json\/wp\/v2\/users\/13"}],"replies":[{"embeddable":true,"href":"https:\/\/radiolifefm.com.br\/noticias\/wp-json\/wp\/v2\/comments?post=39177"}],"version-history":[{"count":1,"href":"https:\/\/radiolifefm.com.br\/noticias\/wp-json\/wp\/v2\/posts\/39177\/revisions"}],"predecessor-version":[{"id":39179,"href":"https:\/\/radiolifefm.com.br\/noticias\/wp-json\/wp\/v2\/posts\/39177\/revisions\/39179"}],"wp:featuredmedia":[{"embeddable":true,"href":"https:\/\/radiolifefm.com.br\/noticias\/wp-json\/wp\/v2\/media\/39178"}],"wp:attachment":[{"href":"https:\/\/radiolifefm.com.br\/noticias\/wp-json\/wp\/v2\/media?parent=39177"}],"wp:term":[{"taxonomy":"category","embeddable":true,"href":"https:\/\/radiolifefm.com.br\/noticias\/wp-json\/wp\/v2\/categories?post=39177"},{"taxonomy":"post_tag","embeddable":true,"href":"https:\/\/radiolifefm.com.br\/noticias\/wp-json\/wp\/v2\/tags?post=39177"}],"curies":[{"name":"wp","href":"https:\/\/api.w.org\/{rel}","templated":true}]}}