{"id":36784,"date":"2021-03-24T21:14:42","date_gmt":"2021-03-25T00:14:42","guid":{"rendered":"https:\/\/radiolifefm.com.br\/noticias\/?p=36784"},"modified":"2026-04-09T00:46:47","modified_gmt":"2026-04-09T03:46:47","slug":"adamantina-tera-apoio-do-sebrae-para-capacitacao-de-artesaos","status":"publish","type":"post","link":"https:\/\/radiolifefm.com.br\/noticias\/adamantina-tera-apoio-do-sebrae-para-capacitacao-de-artesaos\/","title":{"rendered":"Adamantina ter\u00e1 apoio do Sebrae para capacita\u00e7\u00e3o de artes\u00e3os"},"content":{"rendered":"<div id=\"fb-root\"><\/div>\n<p>Em reuni\u00e3o entre representantes do Sebrae de Presidente Prudente e a Secretaria de Cultura e Turismo de Adamantina na manh\u00e3 desta quarta-feira (24), foi firmada parceria que ter\u00e1 como foco a capacita\u00e7\u00e3o de artes\u00e3os do munic\u00edpio.<\/p>\n<p>&nbsp;<\/p>\n<p>Ser\u00e3o diversas iniciativas durante o ano para melhorar a gera\u00e7\u00e3o de emprego e renda das fam\u00edlias, al\u00e9m do desenvolvimento regional do Turismo.<\/p>\n<p>&nbsp;<\/p>\n<p>A primeira a\u00e7\u00e3o j\u00e1 acontecer\u00e1 no m\u00eas de abril com um curso de cinco dias, carga hor\u00e1ria de 10 horas e com direito a certifica\u00e7\u00e3o. As palestras ser\u00e3o online, mas a Secretaria de Cultura e Turismo pretende reunir os artes\u00e3os interessados no anfiteatro da Biblioteca P\u00fablica para a melhor participa\u00e7\u00e3o e engajamento, respeitando todas as normas de higiene e seguran\u00e7a em rela\u00e7\u00e3o \u00e0 pandemia.<\/p>\n<p>&nbsp;<\/p>\n<p>Entre os temas est\u00e3o: Tend\u00eancias do Artesanato, Empreendedorismo, Sua ideia de neg\u00f3cio, Marketing, Finan\u00e7as, Formaliza\u00e7\u00e3o e Como vender e divulgar sua empresa na internet Loja no Elo 7.<\/p>\n<p>&nbsp;<\/p>\n<p>Para o secret\u00e1rio municipal, S\u00e9rgio Vanderlei, a a\u00e7\u00e3o chega num importante momento. \u201cSabemos que diante do atual cen\u00e1rio econ\u00f4mico, muitos praticam algum tipo de artesanato at\u00e9 mesmo para ajudar na sobreviv\u00eancia da fam\u00edlia. Vamos discutir como melhorar o neg\u00f3cio de cada um e at\u00e9 mesmo trazer para a formalidade aqueles que est\u00e3o na informalidade\u201d.<\/p>\n<p>&nbsp;<\/p>\n<p>Em breve ser\u00e3o divulgados dias e hor\u00e1rios para o curso. As vagas s\u00e3o limitadas.<\/p>\n<p>Fonte: Assessoria de Imprensa<\/p>\n","protected":false},"excerpt":{"rendered":"<p>Em reuni\u00e3o entre representantes do Sebrae de Presidente Prudente e a Secretaria de Cultura e Turismo de Adamantina na manh\u00e3 desta quarta-feira (24), foi firmada parceria que ter\u00e1 como foco a capacita\u00e7\u00e3o de artes\u00e3os do munic\u00edpio. &nbsp; Ser\u00e3o diversas iniciativas durante o ano para melhorar a gera\u00e7\u00e3o de emprego e renda das fam\u00edlias, al\u00e9m do [&hellip;]<\/p>\n","protected":false},"author":13,"featured_media":36785,"comment_status":"closed","ping_status":"open","sticky":false,"template":"","format":"standard","meta":{"_acf_changed":false,"_exactmetrics_skip_tracking":false,"_exactmetrics_sitenote_active":false,"_exactmetrics_sitenote_note":"","_exactmetrics_sitenote_category":0,"footnotes":""},"categories":[21],"tags":[],"class_list":["post-36784","post","type-post","status-publish","format-standard","has-post-thumbnail","hentry","category-adamantina"],"acf":[],"yoast_head":"<!-- This site is optimized with the Yoast SEO plugin v27.2 - https:\/\/yoast.com\/product\/yoast-seo-wordpress\/ -->\n<title>Adamantina ter\u00e1 apoio do Sebrae para capacita\u00e7\u00e3o de artes\u00e3os - R\u00e1dio Life FM<\/title>\n<meta name=\"robots\" content=\"index, follow, max-snippet:-1, max-image-preview:large, max-video-preview:-1\" \/>\n<link rel=\"canonical\" href=\"https:\/\/radiolifefm.com.br\/noticias\/adamantina-tera-apoio-do-sebrae-para-capacitacao-de-artesaos\/\" \/>\n<meta property=\"og:locale\" content=\"pt_BR\" \/>\n<meta property=\"og:type\" content=\"article\" \/>\n<meta property=\"og:title\" content=\"Adamantina ter\u00e1 apoio do Sebrae para capacita\u00e7\u00e3o de artes\u00e3os - R\u00e1dio Life FM\" \/>\n<meta property=\"og:description\" content=\"Em reuni\u00e3o entre representantes do Sebrae de Presidente Prudente e a Secretaria de Cultura e Turismo de Adamantina na manh\u00e3 desta quarta-feira (24), foi firmada parceria que ter\u00e1 como foco a capacita\u00e7\u00e3o de artes\u00e3os do munic\u00edpio. &nbsp; Ser\u00e3o diversas iniciativas durante o ano para melhorar a gera\u00e7\u00e3o de emprego e renda das fam\u00edlias, al\u00e9m do [&hellip;]\" \/>\n<meta property=\"og:url\" content=\"https:\/\/radiolifefm.com.br\/noticias\/adamantina-tera-apoio-do-sebrae-para-capacitacao-de-artesaos\/\" \/>\n<meta property=\"og:site_name\" content=\"R\u00e1dio Life FM\" \/>\n<meta property=\"article:publisher\" content=\"https:\/\/www.facebook.com\/radiolifefm\/\" \/>\n<meta property=\"article:published_time\" content=\"2021-03-25T00:14:42+00:00\" \/>\n<meta property=\"article:modified_time\" content=\"2026-04-09T03:46:47+00:00\" \/>\n<meta property=\"og:image\" content=\"https:\/\/radiolifefm.com.br\/noticias\/wp-content\/uploads\/2021\/03\/Arquivo-Sergio-Vanderlei-e-Artesaos.jpg\" \/>\n\t<meta property=\"og:image:width\" content=\"1280\" \/>\n\t<meta property=\"og:image:height\" content=\"731\" \/>\n\t<meta property=\"og:image:type\" content=\"image\/jpeg\" \/>\n<meta name=\"author\" content=\"ritanery\" \/>\n<meta name=\"twitter:card\" content=\"summary_large_image\" \/>\n<meta name=\"twitter:label1\" content=\"Escrito por\" \/>\n\t<meta name=\"twitter:data1\" content=\"ritanery\" \/>\n\t<meta name=\"twitter:label2\" content=\"Est. tempo de leitura\" \/>\n\t<meta name=\"twitter:data2\" content=\"1 minuto\" \/>\n<script type=\"application\/ld+json\" class=\"yoast-schema-graph\">{\"@context\":\"https:\/\/schema.org\",\"@graph\":[{\"@type\":\"Article\",\"@id\":\"https:\/\/radiolifefm.com.br\/noticias\/adamantina-tera-apoio-do-sebrae-para-capacitacao-de-artesaos\/#article\",\"isPartOf\":{\"@id\":\"https:\/\/radiolifefm.com.br\/noticias\/adamantina-tera-apoio-do-sebrae-para-capacitacao-de-artesaos\/\"},\"author\":{\"name\":\"ritanery\",\"@id\":\"https:\/\/radiolifefm.com.br\/noticias\/#\/schema\/person\/6339b9fac59d12b071dec680d7375d87\"},\"headline\":\"Adamantina ter\u00e1 apoio do Sebrae para capacita\u00e7\u00e3o de artes\u00e3os\",\"datePublished\":\"2021-03-25T00:14:42+00:00\",\"dateModified\":\"2026-04-09T03:46:47+00:00\",\"mainEntityOfPage\":{\"@id\":\"https:\/\/radiolifefm.com.br\/noticias\/adamantina-tera-apoio-do-sebrae-para-capacitacao-de-artesaos\/\"},\"wordCount\":269,\"publisher\":{\"@id\":\"https:\/\/radiolifefm.com.br\/noticias\/#organization\"},\"image\":{\"@id\":\"https:\/\/radiolifefm.com.br\/noticias\/adamantina-tera-apoio-do-sebrae-para-capacitacao-de-artesaos\/#primaryimage\"},\"thumbnailUrl\":\"https:\/\/radiolifefm.com.br\/noticias\/wp-content\/uploads\/2021\/03\/Arquivo-Sergio-Vanderlei-e-Artesaos.jpg\",\"articleSection\":[\"Adamantina\"],\"inLanguage\":\"pt-BR\"},{\"@type\":\"WebPage\",\"@id\":\"https:\/\/radiolifefm.com.br\/noticias\/adamantina-tera-apoio-do-sebrae-para-capacitacao-de-artesaos\/\",\"url\":\"https:\/\/radiolifefm.com.br\/noticias\/adamantina-tera-apoio-do-sebrae-para-capacitacao-de-artesaos\/\",\"name\":\"Adamantina ter\u00e1 apoio do Sebrae para capacita\u00e7\u00e3o de artes\u00e3os - R\u00e1dio Life FM\",\"isPartOf\":{\"@id\":\"https:\/\/radiolifefm.com.br\/noticias\/#website\"},\"primaryImageOfPage\":{\"@id\":\"https:\/\/radiolifefm.com.br\/noticias\/adamantina-tera-apoio-do-sebrae-para-capacitacao-de-artesaos\/#primaryimage\"},\"image\":{\"@id\":\"https:\/\/radiolifefm.com.br\/noticias\/adamantina-tera-apoio-do-sebrae-para-capacitacao-de-artesaos\/#primaryimage\"},\"thumbnailUrl\":\"https:\/\/radiolifefm.com.br\/noticias\/wp-content\/uploads\/2021\/03\/Arquivo-Sergio-Vanderlei-e-Artesaos.jpg\",\"datePublished\":\"2021-03-25T00:14:42+00:00\",\"dateModified\":\"2026-04-09T03:46:47+00:00\",\"breadcrumb\":{\"@id\":\"https:\/\/radiolifefm.com.br\/noticias\/adamantina-tera-apoio-do-sebrae-para-capacitacao-de-artesaos\/#breadcrumb\"},\"inLanguage\":\"pt-BR\",\"potentialAction\":[{\"@type\":\"ReadAction\",\"target\":[\"https:\/\/radiolifefm.com.br\/noticias\/adamantina-tera-apoio-do-sebrae-para-capacitacao-de-artesaos\/\"]}]},{\"@type\":\"ImageObject\",\"inLanguage\":\"pt-BR\",\"@id\":\"https:\/\/radiolifefm.com.br\/noticias\/adamantina-tera-apoio-do-sebrae-para-capacitacao-de-artesaos\/#primaryimage\",\"url\":\"https:\/\/radiolifefm.com.br\/noticias\/wp-content\/uploads\/2021\/03\/Arquivo-Sergio-Vanderlei-e-Artesaos.jpg\",\"contentUrl\":\"https:\/\/radiolifefm.com.br\/noticias\/wp-content\/uploads\/2021\/03\/Arquivo-Sergio-Vanderlei-e-Artesaos.jpg\",\"width\":1280,\"height\":731,\"caption\":\"Ser\u00e3o diversas iniciativas durante o ano para melhorar a gera\u00e7\u00e3o de emprego e renda das fam\u00edlias, al\u00e9m do desenvolvimento regional do Turismo.\"},{\"@type\":\"BreadcrumbList\",\"@id\":\"https:\/\/radiolifefm.com.br\/noticias\/adamantina-tera-apoio-do-sebrae-para-capacitacao-de-artesaos\/#breadcrumb\",\"itemListElement\":[{\"@type\":\"ListItem\",\"position\":1,\"name\":\"In\u00edcio\",\"item\":\"https:\/\/radiolifefm.com.br\/noticias\/\"},{\"@type\":\"ListItem\",\"position\":2,\"name\":\"Adamantina ter\u00e1 apoio do Sebrae para capacita\u00e7\u00e3o de artes\u00e3os\"}]},{\"@type\":\"WebSite\",\"@id\":\"https:\/\/radiolifefm.com.br\/noticias\/#website\",\"url\":\"https:\/\/radiolifefm.com.br\/noticias\/\",\"name\":\"R\u00e1dio Life FM\",\"description\":\"O Portal de Not\u00edcias de Adamantina\",\"publisher\":{\"@id\":\"https:\/\/radiolifefm.com.br\/noticias\/#organization\"},\"alternateName\":\"Life FM\",\"potentialAction\":[{\"@type\":\"SearchAction\",\"target\":{\"@type\":\"EntryPoint\",\"urlTemplate\":\"https:\/\/radiolifefm.com.br\/noticias\/?s={search_term_string}\"},\"query-input\":{\"@type\":\"PropertyValueSpecification\",\"valueRequired\":true,\"valueName\":\"search_term_string\"}}],\"inLanguage\":\"pt-BR\"},{\"@type\":\"Organization\",\"@id\":\"https:\/\/radiolifefm.com.br\/noticias\/#organization\",\"name\":\"R\u00e1dio Life FM\",\"alternateName\":\"Life FM\",\"url\":\"https:\/\/radiolifefm.com.br\/noticias\/\",\"logo\":{\"@type\":\"ImageObject\",\"inLanguage\":\"pt-BR\",\"@id\":\"https:\/\/radiolifefm.com.br\/noticias\/#\/schema\/logo\/image\/\",\"url\":\"https:\/\/static.radiolifefm.com.br\/noticias\/wp-content\/uploads\/2019\/10\/logo-lifefm.png\",\"contentUrl\":\"https:\/\/static.radiolifefm.com.br\/noticias\/wp-content\/uploads\/2019\/10\/logo-lifefm.png\",\"width\":196,\"height\":47,\"caption\":\"R\u00e1dio Life FM\"},\"image\":{\"@id\":\"https:\/\/radiolifefm.com.br\/noticias\/#\/schema\/logo\/image\/\"},\"sameAs\":[\"https:\/\/www.facebook.com\/radiolifefm\/\",\"https:\/\/www.instagram.com\/life1079fm\/\"]},{\"@type\":\"Person\",\"@id\":\"https:\/\/radiolifefm.com.br\/noticias\/#\/schema\/person\/6339b9fac59d12b071dec680d7375d87\",\"name\":\"ritanery\",\"image\":{\"@type\":\"ImageObject\",\"inLanguage\":\"pt-BR\",\"@id\":\"https:\/\/secure.gravatar.com\/avatar\/0e37bb19071f47c0b8a23f62a903df117c5a0e75f65a0c2901562f97cd41cf86?s=96&d=mm&r=g\",\"url\":\"https:\/\/secure.gravatar.com\/avatar\/0e37bb19071f47c0b8a23f62a903df117c5a0e75f65a0c2901562f97cd41cf86?s=96&d=mm&r=g\",\"contentUrl\":\"https:\/\/secure.gravatar.com\/avatar\/0e37bb19071f47c0b8a23f62a903df117c5a0e75f65a0c2901562f97cd41cf86?s=96&d=mm&r=g\",\"caption\":\"ritanery\"}}]}<\/script>\n<!-- \/ Yoast SEO plugin. -->","yoast_head_json":{"title":"Adamantina ter\u00e1 apoio do Sebrae para capacita\u00e7\u00e3o de artes\u00e3os - R\u00e1dio Life FM","robots":{"index":"index","follow":"follow","max-snippet":"max-snippet:-1","max-image-preview":"max-image-preview:large","max-video-preview":"max-video-preview:-1"},"canonical":"https:\/\/radiolifefm.com.br\/noticias\/adamantina-tera-apoio-do-sebrae-para-capacitacao-de-artesaos\/","og_locale":"pt_BR","og_type":"article","og_title":"Adamantina ter\u00e1 apoio do Sebrae para capacita\u00e7\u00e3o de artes\u00e3os - R\u00e1dio Life FM","og_description":"Em reuni\u00e3o entre representantes do Sebrae de Presidente Prudente e a Secretaria de Cultura e Turismo de Adamantina na manh\u00e3 desta quarta-feira (24), foi firmada parceria que ter\u00e1 como foco a capacita\u00e7\u00e3o de artes\u00e3os do munic\u00edpio. &nbsp; Ser\u00e3o diversas iniciativas durante o ano para melhorar a gera\u00e7\u00e3o de emprego e renda das fam\u00edlias, al\u00e9m do [&hellip;]","og_url":"https:\/\/radiolifefm.com.br\/noticias\/adamantina-tera-apoio-do-sebrae-para-capacitacao-de-artesaos\/","og_site_name":"R\u00e1dio Life FM","article_publisher":"https:\/\/www.facebook.com\/radiolifefm\/","article_published_time":"2021-03-25T00:14:42+00:00","article_modified_time":"2026-04-09T03:46:47+00:00","og_image":[{"width":1280,"height":731,"url":"https:\/\/radiolifefm.com.br\/noticias\/wp-content\/uploads\/2021\/03\/Arquivo-Sergio-Vanderlei-e-Artesaos.jpg","type":"image\/jpeg"}],"author":"ritanery","twitter_card":"summary_large_image","twitter_misc":{"Escrito por":"ritanery","Est. tempo de leitura":"1 minuto"},"schema":{"@context":"https:\/\/schema.org","@graph":[{"@type":"Article","@id":"https:\/\/radiolifefm.com.br\/noticias\/adamantina-tera-apoio-do-sebrae-para-capacitacao-de-artesaos\/#article","isPartOf":{"@id":"https:\/\/radiolifefm.com.br\/noticias\/adamantina-tera-apoio-do-sebrae-para-capacitacao-de-artesaos\/"},"author":{"name":"ritanery","@id":"https:\/\/radiolifefm.com.br\/noticias\/#\/schema\/person\/6339b9fac59d12b071dec680d7375d87"},"headline":"Adamantina ter\u00e1 apoio do Sebrae para capacita\u00e7\u00e3o de artes\u00e3os","datePublished":"2021-03-25T00:14:42+00:00","dateModified":"2026-04-09T03:46:47+00:00","mainEntityOfPage":{"@id":"https:\/\/radiolifefm.com.br\/noticias\/adamantina-tera-apoio-do-sebrae-para-capacitacao-de-artesaos\/"},"wordCount":269,"publisher":{"@id":"https:\/\/radiolifefm.com.br\/noticias\/#organization"},"image":{"@id":"https:\/\/radiolifefm.com.br\/noticias\/adamantina-tera-apoio-do-sebrae-para-capacitacao-de-artesaos\/#primaryimage"},"thumbnailUrl":"https:\/\/radiolifefm.com.br\/noticias\/wp-content\/uploads\/2021\/03\/Arquivo-Sergio-Vanderlei-e-Artesaos.jpg","articleSection":["Adamantina"],"inLanguage":"pt-BR"},{"@type":"WebPage","@id":"https:\/\/radiolifefm.com.br\/noticias\/adamantina-tera-apoio-do-sebrae-para-capacitacao-de-artesaos\/","url":"https:\/\/radiolifefm.com.br\/noticias\/adamantina-tera-apoio-do-sebrae-para-capacitacao-de-artesaos\/","name":"Adamantina ter\u00e1 apoio do Sebrae para capacita\u00e7\u00e3o de artes\u00e3os - R\u00e1dio Life FM","isPartOf":{"@id":"https:\/\/radiolifefm.com.br\/noticias\/#website"},"primaryImageOfPage":{"@id":"https:\/\/radiolifefm.com.br\/noticias\/adamantina-tera-apoio-do-sebrae-para-capacitacao-de-artesaos\/#primaryimage"},"image":{"@id":"https:\/\/radiolifefm.com.br\/noticias\/adamantina-tera-apoio-do-sebrae-para-capacitacao-de-artesaos\/#primaryimage"},"thumbnailUrl":"https:\/\/radiolifefm.com.br\/noticias\/wp-content\/uploads\/2021\/03\/Arquivo-Sergio-Vanderlei-e-Artesaos.jpg","datePublished":"2021-03-25T00:14:42+00:00","dateModified":"2026-04-09T03:46:47+00:00","breadcrumb":{"@id":"https:\/\/radiolifefm.com.br\/noticias\/adamantina-tera-apoio-do-sebrae-para-capacitacao-de-artesaos\/#breadcrumb"},"inLanguage":"pt-BR","potentialAction":[{"@type":"ReadAction","target":["https:\/\/radiolifefm.com.br\/noticias\/adamantina-tera-apoio-do-sebrae-para-capacitacao-de-artesaos\/"]}]},{"@type":"ImageObject","inLanguage":"pt-BR","@id":"https:\/\/radiolifefm.com.br\/noticias\/adamantina-tera-apoio-do-sebrae-para-capacitacao-de-artesaos\/#primaryimage","url":"https:\/\/radiolifefm.com.br\/noticias\/wp-content\/uploads\/2021\/03\/Arquivo-Sergio-Vanderlei-e-Artesaos.jpg","contentUrl":"https:\/\/radiolifefm.com.br\/noticias\/wp-content\/uploads\/2021\/03\/Arquivo-Sergio-Vanderlei-e-Artesaos.jpg","width":1280,"height":731,"caption":"Ser\u00e3o diversas iniciativas durante o ano para melhorar a gera\u00e7\u00e3o de emprego e renda das fam\u00edlias, al\u00e9m do desenvolvimento regional do Turismo."},{"@type":"BreadcrumbList","@id":"https:\/\/radiolifefm.com.br\/noticias\/adamantina-tera-apoio-do-sebrae-para-capacitacao-de-artesaos\/#breadcrumb","itemListElement":[{"@type":"ListItem","position":1,"name":"In\u00edcio","item":"https:\/\/radiolifefm.com.br\/noticias\/"},{"@type":"ListItem","position":2,"name":"Adamantina ter\u00e1 apoio do Sebrae para capacita\u00e7\u00e3o de artes\u00e3os"}]},{"@type":"WebSite","@id":"https:\/\/radiolifefm.com.br\/noticias\/#website","url":"https:\/\/radiolifefm.com.br\/noticias\/","name":"R\u00e1dio Life FM","description":"O Portal de Not\u00edcias de Adamantina","publisher":{"@id":"https:\/\/radiolifefm.com.br\/noticias\/#organization"},"alternateName":"Life FM","potentialAction":[{"@type":"SearchAction","target":{"@type":"EntryPoint","urlTemplate":"https:\/\/radiolifefm.com.br\/noticias\/?s={search_term_string}"},"query-input":{"@type":"PropertyValueSpecification","valueRequired":true,"valueName":"search_term_string"}}],"inLanguage":"pt-BR"},{"@type":"Organization","@id":"https:\/\/radiolifefm.com.br\/noticias\/#organization","name":"R\u00e1dio Life FM","alternateName":"Life FM","url":"https:\/\/radiolifefm.com.br\/noticias\/","logo":{"@type":"ImageObject","inLanguage":"pt-BR","@id":"https:\/\/radiolifefm.com.br\/noticias\/#\/schema\/logo\/image\/","url":"https:\/\/static.radiolifefm.com.br\/noticias\/wp-content\/uploads\/2019\/10\/logo-lifefm.png","contentUrl":"https:\/\/static.radiolifefm.com.br\/noticias\/wp-content\/uploads\/2019\/10\/logo-lifefm.png","width":196,"height":47,"caption":"R\u00e1dio Life FM"},"image":{"@id":"https:\/\/radiolifefm.com.br\/noticias\/#\/schema\/logo\/image\/"},"sameAs":["https:\/\/www.facebook.com\/radiolifefm\/","https:\/\/www.instagram.com\/life1079fm\/"]},{"@type":"Person","@id":"https:\/\/radiolifefm.com.br\/noticias\/#\/schema\/person\/6339b9fac59d12b071dec680d7375d87","name":"ritanery","image":{"@type":"ImageObject","inLanguage":"pt-BR","@id":"https:\/\/secure.gravatar.com\/avatar\/0e37bb19071f47c0b8a23f62a903df117c5a0e75f65a0c2901562f97cd41cf86?s=96&d=mm&r=g","url":"https:\/\/secure.gravatar.com\/avatar\/0e37bb19071f47c0b8a23f62a903df117c5a0e75f65a0c2901562f97cd41cf86?s=96&d=mm&r=g","contentUrl":"https:\/\/secure.gravatar.com\/avatar\/0e37bb19071f47c0b8a23f62a903df117c5a0e75f65a0c2901562f97cd41cf86?s=96&d=mm&r=g","caption":"ritanery"}}]}},"amp_enabled":true,"_links":{"self":[{"href":"https:\/\/radiolifefm.com.br\/noticias\/wp-json\/wp\/v2\/posts\/36784","targetHints":{"allow":["GET"]}}],"collection":[{"href":"https:\/\/radiolifefm.com.br\/noticias\/wp-json\/wp\/v2\/posts"}],"about":[{"href":"https:\/\/radiolifefm.com.br\/noticias\/wp-json\/wp\/v2\/types\/post"}],"author":[{"embeddable":true,"href":"https:\/\/radiolifefm.com.br\/noticias\/wp-json\/wp\/v2\/users\/13"}],"replies":[{"embeddable":true,"href":"https:\/\/radiolifefm.com.br\/noticias\/wp-json\/wp\/v2\/comments?post=36784"}],"version-history":[{"count":1,"href":"https:\/\/radiolifefm.com.br\/noticias\/wp-json\/wp\/v2\/posts\/36784\/revisions"}],"predecessor-version":[{"id":36786,"href":"https:\/\/radiolifefm.com.br\/noticias\/wp-json\/wp\/v2\/posts\/36784\/revisions\/36786"}],"wp:featuredmedia":[{"embeddable":true,"href":"https:\/\/radiolifefm.com.br\/noticias\/wp-json\/wp\/v2\/media\/36785"}],"wp:attachment":[{"href":"https:\/\/radiolifefm.com.br\/noticias\/wp-json\/wp\/v2\/media?parent=36784"}],"wp:term":[{"taxonomy":"category","embeddable":true,"href":"https:\/\/radiolifefm.com.br\/noticias\/wp-json\/wp\/v2\/categories?post=36784"},{"taxonomy":"post_tag","embeddable":true,"href":"https:\/\/radiolifefm.com.br\/noticias\/wp-json\/wp\/v2\/tags?post=36784"}],"curies":[{"name":"wp","href":"https:\/\/api.w.org\/{rel}","templated":true}]}}