{"id":35412,"date":"2021-02-26T08:04:36","date_gmt":"2021-02-26T11:04:36","guid":{"rendered":"https:\/\/radiolifefm.com.br\/noticias\/?p=35412"},"modified":"2026-04-09T09:12:24","modified_gmt":"2026-04-09T12:12:24","slug":"prefeitura-de-adamantina-instala-tubulacao-proximo-ao-corrego-caldeiras","status":"publish","type":"post","link":"https:\/\/radiolifefm.com.br\/noticias\/prefeitura-de-adamantina-instala-tubulacao-proximo-ao-corrego-caldeiras\/","title":{"rendered":"Prefeitura de Adamantina instala tubula\u00e7\u00e3o pr\u00f3ximo ao C\u00f3rrego Caldeiras"},"content":{"rendered":"<div id=\"fb-root\"><\/div>\n<p>Prefeitura de Adamantina, por meio da Secretaria de Obras, est\u00e1 instalando cerca de 20 tubos de concreto destinados \u00e0 capta\u00e7\u00e3o de \u00e1guas pluviais no final da Rua Zequinha de Abreu, no Bairro M\u00e1rio Covas, pr\u00f3ximo ao C\u00f3rrego Caldeiras.<\/p>\n<p>&nbsp;<\/p>\n<p>As chuvas que atingiram a cidade causaram uma eros\u00e3o no local que resultou na queda da tubula\u00e7\u00e3o e rompimento da adutora de esgoto.<\/p>\n<p>&nbsp;<\/p>\n<p>Em raz\u00e3o disso, as obras no local est\u00e3o sendo executadas em car\u00e1ter emergencial para evitar que o esgoto continue sendo destinado ao c\u00f3rrego.<\/p>\n<p>&nbsp;<\/p>\n<p>A tubula\u00e7\u00e3o instalada far\u00e1 a capta\u00e7\u00e3o das \u00e1guas pluviais que chegam ao bairro, impedindo alagamentos, inunda\u00e7\u00f5es e at\u00e9 deslizamentos de terras, e, ainda, fazem o transporte e drenam a \u00e1gua da chuva escoando at\u00e9 o c\u00f3rrego. Os tubos ser\u00e3o instalados em um espa\u00e7o de 25 metros.<\/p>\n<p>&nbsp;<\/p>\n<p>Fonte: Natacha Dominato<\/p>\n","protected":false},"excerpt":{"rendered":"<p>Prefeitura de Adamantina, por meio da Secretaria de Obras, est\u00e1 instalando cerca de 20 tubos de concreto destinados \u00e0 capta\u00e7\u00e3o de \u00e1guas pluviais no final da Rua Zequinha de Abreu, no Bairro M\u00e1rio Covas, pr\u00f3ximo ao C\u00f3rrego Caldeiras. &nbsp; As chuvas que atingiram a cidade causaram uma eros\u00e3o no local que resultou na queda da [&hellip;]<\/p>\n","protected":false},"author":13,"featured_media":35413,"comment_status":"closed","ping_status":"open","sticky":false,"template":"","format":"standard","meta":{"_acf_changed":false,"_exactmetrics_skip_tracking":false,"_exactmetrics_sitenote_active":false,"_exactmetrics_sitenote_note":"","_exactmetrics_sitenote_category":0,"footnotes":""},"categories":[21],"tags":[],"class_list":["post-35412","post","type-post","status-publish","format-standard","has-post-thumbnail","hentry","category-adamantina"],"acf":[],"yoast_head":"<!-- This site is optimized with the Yoast SEO plugin v27.2 - https:\/\/yoast.com\/product\/yoast-seo-wordpress\/ -->\n<title>Prefeitura de Adamantina instala tubula\u00e7\u00e3o pr\u00f3ximo ao C\u00f3rrego Caldeiras - R\u00e1dio Life FM<\/title>\n<meta name=\"robots\" content=\"index, follow, max-snippet:-1, max-image-preview:large, max-video-preview:-1\" \/>\n<link rel=\"canonical\" href=\"https:\/\/radiolifefm.com.br\/noticias\/prefeitura-de-adamantina-instala-tubulacao-proximo-ao-corrego-caldeiras\/\" \/>\n<meta property=\"og:locale\" content=\"pt_BR\" \/>\n<meta property=\"og:type\" content=\"article\" \/>\n<meta property=\"og:title\" content=\"Prefeitura de Adamantina instala tubula\u00e7\u00e3o pr\u00f3ximo ao C\u00f3rrego Caldeiras - R\u00e1dio Life FM\" \/>\n<meta property=\"og:description\" content=\"Prefeitura de Adamantina, por meio da Secretaria de Obras, est\u00e1 instalando cerca de 20 tubos de concreto destinados \u00e0 capta\u00e7\u00e3o de \u00e1guas pluviais no final da Rua Zequinha de Abreu, no Bairro M\u00e1rio Covas, pr\u00f3ximo ao C\u00f3rrego Caldeiras. &nbsp; As chuvas que atingiram a cidade causaram uma eros\u00e3o no local que resultou na queda da [&hellip;]\" \/>\n<meta property=\"og:url\" content=\"https:\/\/radiolifefm.com.br\/noticias\/prefeitura-de-adamantina-instala-tubulacao-proximo-ao-corrego-caldeiras\/\" \/>\n<meta property=\"og:site_name\" content=\"R\u00e1dio Life FM\" \/>\n<meta property=\"article:publisher\" content=\"https:\/\/www.facebook.com\/radiolifefm\/\" \/>\n<meta property=\"article:published_time\" content=\"2021-02-26T11:04:36+00:00\" \/>\n<meta property=\"article:modified_time\" content=\"2026-04-09T12:12:24+00:00\" \/>\n<meta property=\"og:image\" content=\"https:\/\/radiolifefm.com.br\/noticias\/wp-content\/uploads\/2021\/02\/Foto-4.jpeg\" \/>\n\t<meta property=\"og:image:width\" content=\"1280\" \/>\n\t<meta property=\"og:image:height\" content=\"958\" \/>\n\t<meta property=\"og:image:type\" content=\"image\/jpeg\" \/>\n<meta name=\"author\" content=\"ritanery\" \/>\n<meta name=\"twitter:card\" content=\"summary_large_image\" \/>\n<meta name=\"twitter:label1\" content=\"Escrito por\" \/>\n\t<meta name=\"twitter:data1\" content=\"ritanery\" \/>\n\t<meta name=\"twitter:label2\" content=\"Est. tempo de leitura\" \/>\n\t<meta name=\"twitter:data2\" content=\"1 minuto\" \/>\n<script type=\"application\/ld+json\" class=\"yoast-schema-graph\">{\"@context\":\"https:\/\/schema.org\",\"@graph\":[{\"@type\":\"Article\",\"@id\":\"https:\/\/radiolifefm.com.br\/noticias\/prefeitura-de-adamantina-instala-tubulacao-proximo-ao-corrego-caldeiras\/#article\",\"isPartOf\":{\"@id\":\"https:\/\/radiolifefm.com.br\/noticias\/prefeitura-de-adamantina-instala-tubulacao-proximo-ao-corrego-caldeiras\/\"},\"author\":{\"name\":\"ritanery\",\"@id\":\"https:\/\/radiolifefm.com.br\/noticias\/#\/schema\/person\/6339b9fac59d12b071dec680d7375d87\"},\"headline\":\"Prefeitura de Adamantina instala tubula\u00e7\u00e3o pr\u00f3ximo ao C\u00f3rrego Caldeiras\",\"datePublished\":\"2021-02-26T11:04:36+00:00\",\"dateModified\":\"2026-04-09T12:12:24+00:00\",\"mainEntityOfPage\":{\"@id\":\"https:\/\/radiolifefm.com.br\/noticias\/prefeitura-de-adamantina-instala-tubulacao-proximo-ao-corrego-caldeiras\/\"},\"wordCount\":162,\"publisher\":{\"@id\":\"https:\/\/radiolifefm.com.br\/noticias\/#organization\"},\"image\":{\"@id\":\"https:\/\/radiolifefm.com.br\/noticias\/prefeitura-de-adamantina-instala-tubulacao-proximo-ao-corrego-caldeiras\/#primaryimage\"},\"thumbnailUrl\":\"https:\/\/radiolifefm.com.br\/noticias\/wp-content\/uploads\/2021\/02\/Foto-4.jpeg\",\"articleSection\":[\"Adamantina\"],\"inLanguage\":\"pt-BR\"},{\"@type\":\"WebPage\",\"@id\":\"https:\/\/radiolifefm.com.br\/noticias\/prefeitura-de-adamantina-instala-tubulacao-proximo-ao-corrego-caldeiras\/\",\"url\":\"https:\/\/radiolifefm.com.br\/noticias\/prefeitura-de-adamantina-instala-tubulacao-proximo-ao-corrego-caldeiras\/\",\"name\":\"Prefeitura de Adamantina instala tubula\u00e7\u00e3o pr\u00f3ximo ao C\u00f3rrego Caldeiras - R\u00e1dio Life FM\",\"isPartOf\":{\"@id\":\"https:\/\/radiolifefm.com.br\/noticias\/#website\"},\"primaryImageOfPage\":{\"@id\":\"https:\/\/radiolifefm.com.br\/noticias\/prefeitura-de-adamantina-instala-tubulacao-proximo-ao-corrego-caldeiras\/#primaryimage\"},\"image\":{\"@id\":\"https:\/\/radiolifefm.com.br\/noticias\/prefeitura-de-adamantina-instala-tubulacao-proximo-ao-corrego-caldeiras\/#primaryimage\"},\"thumbnailUrl\":\"https:\/\/radiolifefm.com.br\/noticias\/wp-content\/uploads\/2021\/02\/Foto-4.jpeg\",\"datePublished\":\"2021-02-26T11:04:36+00:00\",\"dateModified\":\"2026-04-09T12:12:24+00:00\",\"breadcrumb\":{\"@id\":\"https:\/\/radiolifefm.com.br\/noticias\/prefeitura-de-adamantina-instala-tubulacao-proximo-ao-corrego-caldeiras\/#breadcrumb\"},\"inLanguage\":\"pt-BR\",\"potentialAction\":[{\"@type\":\"ReadAction\",\"target\":[\"https:\/\/radiolifefm.com.br\/noticias\/prefeitura-de-adamantina-instala-tubulacao-proximo-ao-corrego-caldeiras\/\"]}]},{\"@type\":\"ImageObject\",\"inLanguage\":\"pt-BR\",\"@id\":\"https:\/\/radiolifefm.com.br\/noticias\/prefeitura-de-adamantina-instala-tubulacao-proximo-ao-corrego-caldeiras\/#primaryimage\",\"url\":\"https:\/\/radiolifefm.com.br\/noticias\/wp-content\/uploads\/2021\/02\/Foto-4.jpeg\",\"contentUrl\":\"https:\/\/radiolifefm.com.br\/noticias\/wp-content\/uploads\/2021\/02\/Foto-4.jpeg\",\"width\":1280,\"height\":958,\"caption\":\"A\u00e7\u00e3o \u00e9 executada no final da Rua Zequinha de Abreu, Bairro M\u00e1rio Covas\"},{\"@type\":\"BreadcrumbList\",\"@id\":\"https:\/\/radiolifefm.com.br\/noticias\/prefeitura-de-adamantina-instala-tubulacao-proximo-ao-corrego-caldeiras\/#breadcrumb\",\"itemListElement\":[{\"@type\":\"ListItem\",\"position\":1,\"name\":\"In\u00edcio\",\"item\":\"https:\/\/radiolifefm.com.br\/noticias\/\"},{\"@type\":\"ListItem\",\"position\":2,\"name\":\"Prefeitura de Adamantina instala tubula\u00e7\u00e3o pr\u00f3ximo ao C\u00f3rrego Caldeiras\"}]},{\"@type\":\"WebSite\",\"@id\":\"https:\/\/radiolifefm.com.br\/noticias\/#website\",\"url\":\"https:\/\/radiolifefm.com.br\/noticias\/\",\"name\":\"R\u00e1dio Life FM\",\"description\":\"O Portal de Not\u00edcias de Adamantina\",\"publisher\":{\"@id\":\"https:\/\/radiolifefm.com.br\/noticias\/#organization\"},\"alternateName\":\"Life FM\",\"potentialAction\":[{\"@type\":\"SearchAction\",\"target\":{\"@type\":\"EntryPoint\",\"urlTemplate\":\"https:\/\/radiolifefm.com.br\/noticias\/?s={search_term_string}\"},\"query-input\":{\"@type\":\"PropertyValueSpecification\",\"valueRequired\":true,\"valueName\":\"search_term_string\"}}],\"inLanguage\":\"pt-BR\"},{\"@type\":\"Organization\",\"@id\":\"https:\/\/radiolifefm.com.br\/noticias\/#organization\",\"name\":\"R\u00e1dio Life FM\",\"alternateName\":\"Life FM\",\"url\":\"https:\/\/radiolifefm.com.br\/noticias\/\",\"logo\":{\"@type\":\"ImageObject\",\"inLanguage\":\"pt-BR\",\"@id\":\"https:\/\/radiolifefm.com.br\/noticias\/#\/schema\/logo\/image\/\",\"url\":\"https:\/\/static.radiolifefm.com.br\/noticias\/wp-content\/uploads\/2019\/10\/logo-lifefm.png\",\"contentUrl\":\"https:\/\/static.radiolifefm.com.br\/noticias\/wp-content\/uploads\/2019\/10\/logo-lifefm.png\",\"width\":196,\"height\":47,\"caption\":\"R\u00e1dio Life FM\"},\"image\":{\"@id\":\"https:\/\/radiolifefm.com.br\/noticias\/#\/schema\/logo\/image\/\"},\"sameAs\":[\"https:\/\/www.facebook.com\/radiolifefm\/\",\"https:\/\/www.instagram.com\/life1079fm\/\"]},{\"@type\":\"Person\",\"@id\":\"https:\/\/radiolifefm.com.br\/noticias\/#\/schema\/person\/6339b9fac59d12b071dec680d7375d87\",\"name\":\"ritanery\",\"image\":{\"@type\":\"ImageObject\",\"inLanguage\":\"pt-BR\",\"@id\":\"https:\/\/secure.gravatar.com\/avatar\/0e37bb19071f47c0b8a23f62a903df117c5a0e75f65a0c2901562f97cd41cf86?s=96&d=mm&r=g\",\"url\":\"https:\/\/secure.gravatar.com\/avatar\/0e37bb19071f47c0b8a23f62a903df117c5a0e75f65a0c2901562f97cd41cf86?s=96&d=mm&r=g\",\"contentUrl\":\"https:\/\/secure.gravatar.com\/avatar\/0e37bb19071f47c0b8a23f62a903df117c5a0e75f65a0c2901562f97cd41cf86?s=96&d=mm&r=g\",\"caption\":\"ritanery\"}}]}<\/script>\n<!-- \/ Yoast SEO plugin. -->","yoast_head_json":{"title":"Prefeitura de Adamantina instala tubula\u00e7\u00e3o pr\u00f3ximo ao C\u00f3rrego Caldeiras - R\u00e1dio Life FM","robots":{"index":"index","follow":"follow","max-snippet":"max-snippet:-1","max-image-preview":"max-image-preview:large","max-video-preview":"max-video-preview:-1"},"canonical":"https:\/\/radiolifefm.com.br\/noticias\/prefeitura-de-adamantina-instala-tubulacao-proximo-ao-corrego-caldeiras\/","og_locale":"pt_BR","og_type":"article","og_title":"Prefeitura de Adamantina instala tubula\u00e7\u00e3o pr\u00f3ximo ao C\u00f3rrego Caldeiras - R\u00e1dio Life FM","og_description":"Prefeitura de Adamantina, por meio da Secretaria de Obras, est\u00e1 instalando cerca de 20 tubos de concreto destinados \u00e0 capta\u00e7\u00e3o de \u00e1guas pluviais no final da Rua Zequinha de Abreu, no Bairro M\u00e1rio Covas, pr\u00f3ximo ao C\u00f3rrego Caldeiras. &nbsp; As chuvas que atingiram a cidade causaram uma eros\u00e3o no local que resultou na queda da [&hellip;]","og_url":"https:\/\/radiolifefm.com.br\/noticias\/prefeitura-de-adamantina-instala-tubulacao-proximo-ao-corrego-caldeiras\/","og_site_name":"R\u00e1dio Life FM","article_publisher":"https:\/\/www.facebook.com\/radiolifefm\/","article_published_time":"2021-02-26T11:04:36+00:00","article_modified_time":"2026-04-09T12:12:24+00:00","og_image":[{"width":1280,"height":958,"url":"https:\/\/radiolifefm.com.br\/noticias\/wp-content\/uploads\/2021\/02\/Foto-4.jpeg","type":"image\/jpeg"}],"author":"ritanery","twitter_card":"summary_large_image","twitter_misc":{"Escrito por":"ritanery","Est. tempo de leitura":"1 minuto"},"schema":{"@context":"https:\/\/schema.org","@graph":[{"@type":"Article","@id":"https:\/\/radiolifefm.com.br\/noticias\/prefeitura-de-adamantina-instala-tubulacao-proximo-ao-corrego-caldeiras\/#article","isPartOf":{"@id":"https:\/\/radiolifefm.com.br\/noticias\/prefeitura-de-adamantina-instala-tubulacao-proximo-ao-corrego-caldeiras\/"},"author":{"name":"ritanery","@id":"https:\/\/radiolifefm.com.br\/noticias\/#\/schema\/person\/6339b9fac59d12b071dec680d7375d87"},"headline":"Prefeitura de Adamantina instala tubula\u00e7\u00e3o pr\u00f3ximo ao C\u00f3rrego Caldeiras","datePublished":"2021-02-26T11:04:36+00:00","dateModified":"2026-04-09T12:12:24+00:00","mainEntityOfPage":{"@id":"https:\/\/radiolifefm.com.br\/noticias\/prefeitura-de-adamantina-instala-tubulacao-proximo-ao-corrego-caldeiras\/"},"wordCount":162,"publisher":{"@id":"https:\/\/radiolifefm.com.br\/noticias\/#organization"},"image":{"@id":"https:\/\/radiolifefm.com.br\/noticias\/prefeitura-de-adamantina-instala-tubulacao-proximo-ao-corrego-caldeiras\/#primaryimage"},"thumbnailUrl":"https:\/\/radiolifefm.com.br\/noticias\/wp-content\/uploads\/2021\/02\/Foto-4.jpeg","articleSection":["Adamantina"],"inLanguage":"pt-BR"},{"@type":"WebPage","@id":"https:\/\/radiolifefm.com.br\/noticias\/prefeitura-de-adamantina-instala-tubulacao-proximo-ao-corrego-caldeiras\/","url":"https:\/\/radiolifefm.com.br\/noticias\/prefeitura-de-adamantina-instala-tubulacao-proximo-ao-corrego-caldeiras\/","name":"Prefeitura de Adamantina instala tubula\u00e7\u00e3o pr\u00f3ximo ao C\u00f3rrego Caldeiras - R\u00e1dio Life FM","isPartOf":{"@id":"https:\/\/radiolifefm.com.br\/noticias\/#website"},"primaryImageOfPage":{"@id":"https:\/\/radiolifefm.com.br\/noticias\/prefeitura-de-adamantina-instala-tubulacao-proximo-ao-corrego-caldeiras\/#primaryimage"},"image":{"@id":"https:\/\/radiolifefm.com.br\/noticias\/prefeitura-de-adamantina-instala-tubulacao-proximo-ao-corrego-caldeiras\/#primaryimage"},"thumbnailUrl":"https:\/\/radiolifefm.com.br\/noticias\/wp-content\/uploads\/2021\/02\/Foto-4.jpeg","datePublished":"2021-02-26T11:04:36+00:00","dateModified":"2026-04-09T12:12:24+00:00","breadcrumb":{"@id":"https:\/\/radiolifefm.com.br\/noticias\/prefeitura-de-adamantina-instala-tubulacao-proximo-ao-corrego-caldeiras\/#breadcrumb"},"inLanguage":"pt-BR","potentialAction":[{"@type":"ReadAction","target":["https:\/\/radiolifefm.com.br\/noticias\/prefeitura-de-adamantina-instala-tubulacao-proximo-ao-corrego-caldeiras\/"]}]},{"@type":"ImageObject","inLanguage":"pt-BR","@id":"https:\/\/radiolifefm.com.br\/noticias\/prefeitura-de-adamantina-instala-tubulacao-proximo-ao-corrego-caldeiras\/#primaryimage","url":"https:\/\/radiolifefm.com.br\/noticias\/wp-content\/uploads\/2021\/02\/Foto-4.jpeg","contentUrl":"https:\/\/radiolifefm.com.br\/noticias\/wp-content\/uploads\/2021\/02\/Foto-4.jpeg","width":1280,"height":958,"caption":"A\u00e7\u00e3o \u00e9 executada no final da Rua Zequinha de Abreu, Bairro M\u00e1rio Covas"},{"@type":"BreadcrumbList","@id":"https:\/\/radiolifefm.com.br\/noticias\/prefeitura-de-adamantina-instala-tubulacao-proximo-ao-corrego-caldeiras\/#breadcrumb","itemListElement":[{"@type":"ListItem","position":1,"name":"In\u00edcio","item":"https:\/\/radiolifefm.com.br\/noticias\/"},{"@type":"ListItem","position":2,"name":"Prefeitura de Adamantina instala tubula\u00e7\u00e3o pr\u00f3ximo ao C\u00f3rrego Caldeiras"}]},{"@type":"WebSite","@id":"https:\/\/radiolifefm.com.br\/noticias\/#website","url":"https:\/\/radiolifefm.com.br\/noticias\/","name":"R\u00e1dio Life FM","description":"O Portal de Not\u00edcias de Adamantina","publisher":{"@id":"https:\/\/radiolifefm.com.br\/noticias\/#organization"},"alternateName":"Life FM","potentialAction":[{"@type":"SearchAction","target":{"@type":"EntryPoint","urlTemplate":"https:\/\/radiolifefm.com.br\/noticias\/?s={search_term_string}"},"query-input":{"@type":"PropertyValueSpecification","valueRequired":true,"valueName":"search_term_string"}}],"inLanguage":"pt-BR"},{"@type":"Organization","@id":"https:\/\/radiolifefm.com.br\/noticias\/#organization","name":"R\u00e1dio Life FM","alternateName":"Life FM","url":"https:\/\/radiolifefm.com.br\/noticias\/","logo":{"@type":"ImageObject","inLanguage":"pt-BR","@id":"https:\/\/radiolifefm.com.br\/noticias\/#\/schema\/logo\/image\/","url":"https:\/\/static.radiolifefm.com.br\/noticias\/wp-content\/uploads\/2019\/10\/logo-lifefm.png","contentUrl":"https:\/\/static.radiolifefm.com.br\/noticias\/wp-content\/uploads\/2019\/10\/logo-lifefm.png","width":196,"height":47,"caption":"R\u00e1dio Life FM"},"image":{"@id":"https:\/\/radiolifefm.com.br\/noticias\/#\/schema\/logo\/image\/"},"sameAs":["https:\/\/www.facebook.com\/radiolifefm\/","https:\/\/www.instagram.com\/life1079fm\/"]},{"@type":"Person","@id":"https:\/\/radiolifefm.com.br\/noticias\/#\/schema\/person\/6339b9fac59d12b071dec680d7375d87","name":"ritanery","image":{"@type":"ImageObject","inLanguage":"pt-BR","@id":"https:\/\/secure.gravatar.com\/avatar\/0e37bb19071f47c0b8a23f62a903df117c5a0e75f65a0c2901562f97cd41cf86?s=96&d=mm&r=g","url":"https:\/\/secure.gravatar.com\/avatar\/0e37bb19071f47c0b8a23f62a903df117c5a0e75f65a0c2901562f97cd41cf86?s=96&d=mm&r=g","contentUrl":"https:\/\/secure.gravatar.com\/avatar\/0e37bb19071f47c0b8a23f62a903df117c5a0e75f65a0c2901562f97cd41cf86?s=96&d=mm&r=g","caption":"ritanery"}}]}},"amp_enabled":true,"_links":{"self":[{"href":"https:\/\/radiolifefm.com.br\/noticias\/wp-json\/wp\/v2\/posts\/35412","targetHints":{"allow":["GET"]}}],"collection":[{"href":"https:\/\/radiolifefm.com.br\/noticias\/wp-json\/wp\/v2\/posts"}],"about":[{"href":"https:\/\/radiolifefm.com.br\/noticias\/wp-json\/wp\/v2\/types\/post"}],"author":[{"embeddable":true,"href":"https:\/\/radiolifefm.com.br\/noticias\/wp-json\/wp\/v2\/users\/13"}],"replies":[{"embeddable":true,"href":"https:\/\/radiolifefm.com.br\/noticias\/wp-json\/wp\/v2\/comments?post=35412"}],"version-history":[{"count":1,"href":"https:\/\/radiolifefm.com.br\/noticias\/wp-json\/wp\/v2\/posts\/35412\/revisions"}],"predecessor-version":[{"id":35414,"href":"https:\/\/radiolifefm.com.br\/noticias\/wp-json\/wp\/v2\/posts\/35412\/revisions\/35414"}],"wp:featuredmedia":[{"embeddable":true,"href":"https:\/\/radiolifefm.com.br\/noticias\/wp-json\/wp\/v2\/media\/35413"}],"wp:attachment":[{"href":"https:\/\/radiolifefm.com.br\/noticias\/wp-json\/wp\/v2\/media?parent=35412"}],"wp:term":[{"taxonomy":"category","embeddable":true,"href":"https:\/\/radiolifefm.com.br\/noticias\/wp-json\/wp\/v2\/categories?post=35412"},{"taxonomy":"post_tag","embeddable":true,"href":"https:\/\/radiolifefm.com.br\/noticias\/wp-json\/wp\/v2\/tags?post=35412"}],"curies":[{"name":"wp","href":"https:\/\/api.w.org\/{rel}","templated":true}]}}