{"id":35290,"date":"2021-02-23T14:19:20","date_gmt":"2021-02-23T17:19:20","guid":{"rendered":"https:\/\/radiolifefm.com.br\/noticias\/?p=35290"},"modified":"2026-04-11T21:33:59","modified_gmt":"2026-04-12T00:33:59","slug":"prefeitura-de-adamantina-pede-que-populacao-colabore-mantendo-o-isolamento-social-e-o-uso-de-mascaras","status":"publish","type":"post","link":"https:\/\/radiolifefm.com.br\/noticias\/prefeitura-de-adamantina-pede-que-populacao-colabore-mantendo-o-isolamento-social-e-o-uso-de-mascaras\/","title":{"rendered":"Prefeitura de Adamantina pede que popula\u00e7\u00e3o colabore mantendo o isolamento social e o uso de m\u00e1scaras"},"content":{"rendered":"<div id=\"fb-root\"><\/div>\n<p>Adamantina segue na fase laranja do Plano S\u00e3o Paulo, fase esta que possibilita o funcionamento de todos os setores da economia por um per\u00edodo de tempo determinado.<\/p>\n<p>Amanh\u00e3 (24), o Governo do Estado de S\u00e3o Paulo j\u00e1 anunciou que far\u00e1 novas restri\u00e7\u00f5es \u00e0 popula\u00e7\u00e3o por meio do Plano S\u00e3o Paulo em raz\u00e3o do elevado n\u00famero de casos de interna\u00e7\u00e3o.<\/p>\n<p>&nbsp;<\/p>\n<p>Com o objetivo de chamar a aten\u00e7\u00e3o da popula\u00e7\u00e3o a situa\u00e7\u00e3o em que a regi\u00e3o Oeste do Estado se encontra, a 13\u00aa Promotoria de Justi\u00e7a de Presidente Prudente emitiu uma nota onde afirma que o retorno da regi\u00e3o para fases menos restritivas do Plano SP continuam dependendo do comportamento da sociedade.<\/p>\n<p>&nbsp;<\/p>\n<p>Conforme diz o promotor Marcelo Creste, apesar das pessoas estarem cansadas, elas precisam evitar a circula\u00e7\u00e3o e n\u00e3o promover aglomera\u00e7\u00f5es.<\/p>\n<p>&nbsp;<\/p>\n<p>\u201cInfelizmente, a despeito de todas as orienta\u00e7\u00f5es e advert\u00eancias, as pessoas ainda lotam bares; fazem festas, muitas delas clandestinas; realizam \u201cpancad\u00f5es\u201d e \u201cbaladas\u201d, principalmente em ch\u00e1caras e ranchos, cujos propriet\u00e1rios tamb\u00e9m d\u00e3o de ombros para a pandemia. Esse comportamento social \u00e9 criminoso e ego\u00edsta, que demonstra o desprezo pela vida e a banaliza\u00e7\u00e3o da morte. Este tipo de comportamento lota hospitais e promove a morte de dezenas de pessoas\u201d, assegura.<\/p>\n<p>&nbsp;<\/p>\n<p>A Prefeitura de Adamantina mais uma vez pede a colabora\u00e7\u00e3o da popula\u00e7\u00e3o. \u201cEstamos cansados de fazer isolamento? Sim, mas a pandemia ainda n\u00e3o acabou. A nossa UTI tem oscilado com alto \u00edndice de ocupa\u00e7\u00e3o com pacientes da cidade e de outras regi\u00f5es do estado. A situa\u00e7\u00e3o est\u00e1 grave. Todos precisam colaborar\u201d, salienta o secret\u00e1rio de sa\u00fade, Gustavo Taniguchi Rufino.<\/p>\n<p>&nbsp;<\/p>\n<p>O uso de m\u00e1scaras e o distanciamento social ainda s\u00e3o as formas mais eficazes no combate \u00e0 doen\u00e7a. \u201cA vacina j\u00e1 chegou, mas ela ainda n\u00e3o est\u00e1 dispon\u00edvel para todos os grupos, por isso precisamos fazer a nossa parte\u201d, finaliza o secret\u00e1rio.<\/p>\n<p>&nbsp;<\/p>\n<p>Fonte: Natacha Dominato<\/p>\n","protected":false},"excerpt":{"rendered":"<p>Adamantina segue na fase laranja do Plano S\u00e3o Paulo, fase esta que possibilita o funcionamento de todos os setores da economia por um per\u00edodo de tempo determinado. Amanh\u00e3 (24), o Governo do Estado de S\u00e3o Paulo j\u00e1 anunciou que far\u00e1 novas restri\u00e7\u00f5es \u00e0 popula\u00e7\u00e3o por meio do Plano S\u00e3o Paulo em raz\u00e3o do elevado n\u00famero [&hellip;]<\/p>\n","protected":false},"author":13,"featured_media":25097,"comment_status":"closed","ping_status":"open","sticky":false,"template":"","format":"standard","meta":{"_acf_changed":false,"_exactmetrics_skip_tracking":false,"_exactmetrics_sitenote_active":false,"_exactmetrics_sitenote_note":"","_exactmetrics_sitenote_category":0,"footnotes":""},"categories":[21],"tags":[],"class_list":["post-35290","post","type-post","status-publish","format-standard","has-post-thumbnail","hentry","category-adamantina"],"acf":[],"yoast_head":"<!-- This site is optimized with the Yoast SEO plugin v27.2 - https:\/\/yoast.com\/product\/yoast-seo-wordpress\/ -->\n<title>Prefeitura de Adamantina pede que popula\u00e7\u00e3o colabore mantendo o isolamento social e o uso de m\u00e1scaras - R\u00e1dio Life FM<\/title>\n<meta name=\"robots\" content=\"index, follow, max-snippet:-1, max-image-preview:large, max-video-preview:-1\" \/>\n<link rel=\"canonical\" href=\"https:\/\/radiolifefm.com.br\/noticias\/prefeitura-de-adamantina-pede-que-populacao-colabore-mantendo-o-isolamento-social-e-o-uso-de-mascaras\/\" \/>\n<meta property=\"og:locale\" content=\"pt_BR\" \/>\n<meta property=\"og:type\" content=\"article\" \/>\n<meta property=\"og:title\" content=\"Prefeitura de Adamantina pede que popula\u00e7\u00e3o colabore mantendo o isolamento social e o uso de m\u00e1scaras - R\u00e1dio Life FM\" \/>\n<meta property=\"og:description\" content=\"Adamantina segue na fase laranja do Plano S\u00e3o Paulo, fase esta que possibilita o funcionamento de todos os setores da economia por um per\u00edodo de tempo determinado. Amanh\u00e3 (24), o Governo do Estado de S\u00e3o Paulo j\u00e1 anunciou que far\u00e1 novas restri\u00e7\u00f5es \u00e0 popula\u00e7\u00e3o por meio do Plano S\u00e3o Paulo em raz\u00e3o do elevado n\u00famero [&hellip;]\" \/>\n<meta property=\"og:url\" content=\"https:\/\/radiolifefm.com.br\/noticias\/prefeitura-de-adamantina-pede-que-populacao-colabore-mantendo-o-isolamento-social-e-o-uso-de-mascaras\/\" \/>\n<meta property=\"og:site_name\" content=\"R\u00e1dio Life FM\" \/>\n<meta property=\"article:publisher\" content=\"https:\/\/www.facebook.com\/radiolifefm\/\" \/>\n<meta property=\"article:published_time\" content=\"2021-02-23T17:19:20+00:00\" \/>\n<meta property=\"article:modified_time\" content=\"2026-04-12T00:33:59+00:00\" \/>\n<meta property=\"og:image\" content=\"https:\/\/radiolifefm.com.br\/noticias\/wp-content\/uploads\/2020\/08\/Covid-19-Plant\u00e3o-Adamantina.jpg\" \/>\n\t<meta property=\"og:image:width\" content=\"1200\" \/>\n\t<meta property=\"og:image:height\" content=\"630\" \/>\n\t<meta property=\"og:image:type\" content=\"image\/jpeg\" \/>\n<meta name=\"author\" content=\"ritanery\" \/>\n<meta name=\"twitter:card\" content=\"summary_large_image\" \/>\n<meta name=\"twitter:label1\" content=\"Escrito por\" \/>\n\t<meta name=\"twitter:data1\" content=\"ritanery\" \/>\n\t<meta name=\"twitter:label2\" content=\"Est. tempo de leitura\" \/>\n\t<meta name=\"twitter:data2\" content=\"2 minutos\" \/>\n<script type=\"application\/ld+json\" class=\"yoast-schema-graph\">{\"@context\":\"https:\/\/schema.org\",\"@graph\":[{\"@type\":\"Article\",\"@id\":\"https:\/\/radiolifefm.com.br\/noticias\/prefeitura-de-adamantina-pede-que-populacao-colabore-mantendo-o-isolamento-social-e-o-uso-de-mascaras\/#article\",\"isPartOf\":{\"@id\":\"https:\/\/radiolifefm.com.br\/noticias\/prefeitura-de-adamantina-pede-que-populacao-colabore-mantendo-o-isolamento-social-e-o-uso-de-mascaras\/\"},\"author\":{\"name\":\"ritanery\",\"@id\":\"https:\/\/radiolifefm.com.br\/noticias\/#\/schema\/person\/6339b9fac59d12b071dec680d7375d87\"},\"headline\":\"Prefeitura de Adamantina pede que popula\u00e7\u00e3o colabore mantendo o isolamento social e o uso de m\u00e1scaras\",\"datePublished\":\"2021-02-23T17:19:20+00:00\",\"dateModified\":\"2026-04-12T00:33:59+00:00\",\"mainEntityOfPage\":{\"@id\":\"https:\/\/radiolifefm.com.br\/noticias\/prefeitura-de-adamantina-pede-que-populacao-colabore-mantendo-o-isolamento-social-e-o-uso-de-mascaras\/\"},\"wordCount\":364,\"publisher\":{\"@id\":\"https:\/\/radiolifefm.com.br\/noticias\/#organization\"},\"image\":{\"@id\":\"https:\/\/radiolifefm.com.br\/noticias\/prefeitura-de-adamantina-pede-que-populacao-colabore-mantendo-o-isolamento-social-e-o-uso-de-mascaras\/#primaryimage\"},\"thumbnailUrl\":\"https:\/\/radiolifefm.com.br\/noticias\/wp-content\/uploads\/2020\/08\/Covid-19-Plant\u00e3o-Adamantina.jpg\",\"articleSection\":[\"Adamantina\"],\"inLanguage\":\"pt-BR\"},{\"@type\":\"WebPage\",\"@id\":\"https:\/\/radiolifefm.com.br\/noticias\/prefeitura-de-adamantina-pede-que-populacao-colabore-mantendo-o-isolamento-social-e-o-uso-de-mascaras\/\",\"url\":\"https:\/\/radiolifefm.com.br\/noticias\/prefeitura-de-adamantina-pede-que-populacao-colabore-mantendo-o-isolamento-social-e-o-uso-de-mascaras\/\",\"name\":\"Prefeitura de Adamantina pede que popula\u00e7\u00e3o colabore mantendo o isolamento social e o uso de m\u00e1scaras - R\u00e1dio Life FM\",\"isPartOf\":{\"@id\":\"https:\/\/radiolifefm.com.br\/noticias\/#website\"},\"primaryImageOfPage\":{\"@id\":\"https:\/\/radiolifefm.com.br\/noticias\/prefeitura-de-adamantina-pede-que-populacao-colabore-mantendo-o-isolamento-social-e-o-uso-de-mascaras\/#primaryimage\"},\"image\":{\"@id\":\"https:\/\/radiolifefm.com.br\/noticias\/prefeitura-de-adamantina-pede-que-populacao-colabore-mantendo-o-isolamento-social-e-o-uso-de-mascaras\/#primaryimage\"},\"thumbnailUrl\":\"https:\/\/radiolifefm.com.br\/noticias\/wp-content\/uploads\/2020\/08\/Covid-19-Plant\u00e3o-Adamantina.jpg\",\"datePublished\":\"2021-02-23T17:19:20+00:00\",\"dateModified\":\"2026-04-12T00:33:59+00:00\",\"breadcrumb\":{\"@id\":\"https:\/\/radiolifefm.com.br\/noticias\/prefeitura-de-adamantina-pede-que-populacao-colabore-mantendo-o-isolamento-social-e-o-uso-de-mascaras\/#breadcrumb\"},\"inLanguage\":\"pt-BR\",\"potentialAction\":[{\"@type\":\"ReadAction\",\"target\":[\"https:\/\/radiolifefm.com.br\/noticias\/prefeitura-de-adamantina-pede-que-populacao-colabore-mantendo-o-isolamento-social-e-o-uso-de-mascaras\/\"]}]},{\"@type\":\"ImageObject\",\"inLanguage\":\"pt-BR\",\"@id\":\"https:\/\/radiolifefm.com.br\/noticias\/prefeitura-de-adamantina-pede-que-populacao-colabore-mantendo-o-isolamento-social-e-o-uso-de-mascaras\/#primaryimage\",\"url\":\"https:\/\/radiolifefm.com.br\/noticias\/wp-content\/uploads\/2020\/08\/Covid-19-Plant\u00e3o-Adamantina.jpg\",\"contentUrl\":\"https:\/\/radiolifefm.com.br\/noticias\/wp-content\/uploads\/2020\/08\/Covid-19-Plant\u00e3o-Adamantina.jpg\",\"width\":1200,\"height\":630},{\"@type\":\"BreadcrumbList\",\"@id\":\"https:\/\/radiolifefm.com.br\/noticias\/prefeitura-de-adamantina-pede-que-populacao-colabore-mantendo-o-isolamento-social-e-o-uso-de-mascaras\/#breadcrumb\",\"itemListElement\":[{\"@type\":\"ListItem\",\"position\":1,\"name\":\"In\u00edcio\",\"item\":\"https:\/\/radiolifefm.com.br\/noticias\/\"},{\"@type\":\"ListItem\",\"position\":2,\"name\":\"Prefeitura de Adamantina pede que popula\u00e7\u00e3o colabore mantendo o isolamento social e o uso de m\u00e1scaras\"}]},{\"@type\":\"WebSite\",\"@id\":\"https:\/\/radiolifefm.com.br\/noticias\/#website\",\"url\":\"https:\/\/radiolifefm.com.br\/noticias\/\",\"name\":\"R\u00e1dio Life FM\",\"description\":\"O Portal de Not\u00edcias de Adamantina\",\"publisher\":{\"@id\":\"https:\/\/radiolifefm.com.br\/noticias\/#organization\"},\"alternateName\":\"Life FM\",\"potentialAction\":[{\"@type\":\"SearchAction\",\"target\":{\"@type\":\"EntryPoint\",\"urlTemplate\":\"https:\/\/radiolifefm.com.br\/noticias\/?s={search_term_string}\"},\"query-input\":{\"@type\":\"PropertyValueSpecification\",\"valueRequired\":true,\"valueName\":\"search_term_string\"}}],\"inLanguage\":\"pt-BR\"},{\"@type\":\"Organization\",\"@id\":\"https:\/\/radiolifefm.com.br\/noticias\/#organization\",\"name\":\"R\u00e1dio Life FM\",\"alternateName\":\"Life FM\",\"url\":\"https:\/\/radiolifefm.com.br\/noticias\/\",\"logo\":{\"@type\":\"ImageObject\",\"inLanguage\":\"pt-BR\",\"@id\":\"https:\/\/radiolifefm.com.br\/noticias\/#\/schema\/logo\/image\/\",\"url\":\"https:\/\/static.radiolifefm.com.br\/noticias\/wp-content\/uploads\/2019\/10\/logo-lifefm.png\",\"contentUrl\":\"https:\/\/static.radiolifefm.com.br\/noticias\/wp-content\/uploads\/2019\/10\/logo-lifefm.png\",\"width\":196,\"height\":47,\"caption\":\"R\u00e1dio Life FM\"},\"image\":{\"@id\":\"https:\/\/radiolifefm.com.br\/noticias\/#\/schema\/logo\/image\/\"},\"sameAs\":[\"https:\/\/www.facebook.com\/radiolifefm\/\",\"https:\/\/www.instagram.com\/life1079fm\/\"]},{\"@type\":\"Person\",\"@id\":\"https:\/\/radiolifefm.com.br\/noticias\/#\/schema\/person\/6339b9fac59d12b071dec680d7375d87\",\"name\":\"ritanery\",\"image\":{\"@type\":\"ImageObject\",\"inLanguage\":\"pt-BR\",\"@id\":\"https:\/\/secure.gravatar.com\/avatar\/0e37bb19071f47c0b8a23f62a903df117c5a0e75f65a0c2901562f97cd41cf86?s=96&d=mm&r=g\",\"url\":\"https:\/\/secure.gravatar.com\/avatar\/0e37bb19071f47c0b8a23f62a903df117c5a0e75f65a0c2901562f97cd41cf86?s=96&d=mm&r=g\",\"contentUrl\":\"https:\/\/secure.gravatar.com\/avatar\/0e37bb19071f47c0b8a23f62a903df117c5a0e75f65a0c2901562f97cd41cf86?s=96&d=mm&r=g\",\"caption\":\"ritanery\"}}]}<\/script>\n<!-- \/ Yoast SEO plugin. -->","yoast_head_json":{"title":"Prefeitura de Adamantina pede que popula\u00e7\u00e3o colabore mantendo o isolamento social e o uso de m\u00e1scaras - R\u00e1dio Life FM","robots":{"index":"index","follow":"follow","max-snippet":"max-snippet:-1","max-image-preview":"max-image-preview:large","max-video-preview":"max-video-preview:-1"},"canonical":"https:\/\/radiolifefm.com.br\/noticias\/prefeitura-de-adamantina-pede-que-populacao-colabore-mantendo-o-isolamento-social-e-o-uso-de-mascaras\/","og_locale":"pt_BR","og_type":"article","og_title":"Prefeitura de Adamantina pede que popula\u00e7\u00e3o colabore mantendo o isolamento social e o uso de m\u00e1scaras - R\u00e1dio Life FM","og_description":"Adamantina segue na fase laranja do Plano S\u00e3o Paulo, fase esta que possibilita o funcionamento de todos os setores da economia por um per\u00edodo de tempo determinado. Amanh\u00e3 (24), o Governo do Estado de S\u00e3o Paulo j\u00e1 anunciou que far\u00e1 novas restri\u00e7\u00f5es \u00e0 popula\u00e7\u00e3o por meio do Plano S\u00e3o Paulo em raz\u00e3o do elevado n\u00famero [&hellip;]","og_url":"https:\/\/radiolifefm.com.br\/noticias\/prefeitura-de-adamantina-pede-que-populacao-colabore-mantendo-o-isolamento-social-e-o-uso-de-mascaras\/","og_site_name":"R\u00e1dio Life FM","article_publisher":"https:\/\/www.facebook.com\/radiolifefm\/","article_published_time":"2021-02-23T17:19:20+00:00","article_modified_time":"2026-04-12T00:33:59+00:00","og_image":[{"width":1200,"height":630,"url":"https:\/\/radiolifefm.com.br\/noticias\/wp-content\/uploads\/2020\/08\/Covid-19-Plant\u00e3o-Adamantina.jpg","type":"image\/jpeg"}],"author":"ritanery","twitter_card":"summary_large_image","twitter_misc":{"Escrito por":"ritanery","Est. tempo de leitura":"2 minutos"},"schema":{"@context":"https:\/\/schema.org","@graph":[{"@type":"Article","@id":"https:\/\/radiolifefm.com.br\/noticias\/prefeitura-de-adamantina-pede-que-populacao-colabore-mantendo-o-isolamento-social-e-o-uso-de-mascaras\/#article","isPartOf":{"@id":"https:\/\/radiolifefm.com.br\/noticias\/prefeitura-de-adamantina-pede-que-populacao-colabore-mantendo-o-isolamento-social-e-o-uso-de-mascaras\/"},"author":{"name":"ritanery","@id":"https:\/\/radiolifefm.com.br\/noticias\/#\/schema\/person\/6339b9fac59d12b071dec680d7375d87"},"headline":"Prefeitura de Adamantina pede que popula\u00e7\u00e3o colabore mantendo o isolamento social e o uso de m\u00e1scaras","datePublished":"2021-02-23T17:19:20+00:00","dateModified":"2026-04-12T00:33:59+00:00","mainEntityOfPage":{"@id":"https:\/\/radiolifefm.com.br\/noticias\/prefeitura-de-adamantina-pede-que-populacao-colabore-mantendo-o-isolamento-social-e-o-uso-de-mascaras\/"},"wordCount":364,"publisher":{"@id":"https:\/\/radiolifefm.com.br\/noticias\/#organization"},"image":{"@id":"https:\/\/radiolifefm.com.br\/noticias\/prefeitura-de-adamantina-pede-que-populacao-colabore-mantendo-o-isolamento-social-e-o-uso-de-mascaras\/#primaryimage"},"thumbnailUrl":"https:\/\/radiolifefm.com.br\/noticias\/wp-content\/uploads\/2020\/08\/Covid-19-Plant\u00e3o-Adamantina.jpg","articleSection":["Adamantina"],"inLanguage":"pt-BR"},{"@type":"WebPage","@id":"https:\/\/radiolifefm.com.br\/noticias\/prefeitura-de-adamantina-pede-que-populacao-colabore-mantendo-o-isolamento-social-e-o-uso-de-mascaras\/","url":"https:\/\/radiolifefm.com.br\/noticias\/prefeitura-de-adamantina-pede-que-populacao-colabore-mantendo-o-isolamento-social-e-o-uso-de-mascaras\/","name":"Prefeitura de Adamantina pede que popula\u00e7\u00e3o colabore mantendo o isolamento social e o uso de m\u00e1scaras - R\u00e1dio Life FM","isPartOf":{"@id":"https:\/\/radiolifefm.com.br\/noticias\/#website"},"primaryImageOfPage":{"@id":"https:\/\/radiolifefm.com.br\/noticias\/prefeitura-de-adamantina-pede-que-populacao-colabore-mantendo-o-isolamento-social-e-o-uso-de-mascaras\/#primaryimage"},"image":{"@id":"https:\/\/radiolifefm.com.br\/noticias\/prefeitura-de-adamantina-pede-que-populacao-colabore-mantendo-o-isolamento-social-e-o-uso-de-mascaras\/#primaryimage"},"thumbnailUrl":"https:\/\/radiolifefm.com.br\/noticias\/wp-content\/uploads\/2020\/08\/Covid-19-Plant\u00e3o-Adamantina.jpg","datePublished":"2021-02-23T17:19:20+00:00","dateModified":"2026-04-12T00:33:59+00:00","breadcrumb":{"@id":"https:\/\/radiolifefm.com.br\/noticias\/prefeitura-de-adamantina-pede-que-populacao-colabore-mantendo-o-isolamento-social-e-o-uso-de-mascaras\/#breadcrumb"},"inLanguage":"pt-BR","potentialAction":[{"@type":"ReadAction","target":["https:\/\/radiolifefm.com.br\/noticias\/prefeitura-de-adamantina-pede-que-populacao-colabore-mantendo-o-isolamento-social-e-o-uso-de-mascaras\/"]}]},{"@type":"ImageObject","inLanguage":"pt-BR","@id":"https:\/\/radiolifefm.com.br\/noticias\/prefeitura-de-adamantina-pede-que-populacao-colabore-mantendo-o-isolamento-social-e-o-uso-de-mascaras\/#primaryimage","url":"https:\/\/radiolifefm.com.br\/noticias\/wp-content\/uploads\/2020\/08\/Covid-19-Plant\u00e3o-Adamantina.jpg","contentUrl":"https:\/\/radiolifefm.com.br\/noticias\/wp-content\/uploads\/2020\/08\/Covid-19-Plant\u00e3o-Adamantina.jpg","width":1200,"height":630},{"@type":"BreadcrumbList","@id":"https:\/\/radiolifefm.com.br\/noticias\/prefeitura-de-adamantina-pede-que-populacao-colabore-mantendo-o-isolamento-social-e-o-uso-de-mascaras\/#breadcrumb","itemListElement":[{"@type":"ListItem","position":1,"name":"In\u00edcio","item":"https:\/\/radiolifefm.com.br\/noticias\/"},{"@type":"ListItem","position":2,"name":"Prefeitura de Adamantina pede que popula\u00e7\u00e3o colabore mantendo o isolamento social e o uso de m\u00e1scaras"}]},{"@type":"WebSite","@id":"https:\/\/radiolifefm.com.br\/noticias\/#website","url":"https:\/\/radiolifefm.com.br\/noticias\/","name":"R\u00e1dio Life FM","description":"O Portal de Not\u00edcias de Adamantina","publisher":{"@id":"https:\/\/radiolifefm.com.br\/noticias\/#organization"},"alternateName":"Life FM","potentialAction":[{"@type":"SearchAction","target":{"@type":"EntryPoint","urlTemplate":"https:\/\/radiolifefm.com.br\/noticias\/?s={search_term_string}"},"query-input":{"@type":"PropertyValueSpecification","valueRequired":true,"valueName":"search_term_string"}}],"inLanguage":"pt-BR"},{"@type":"Organization","@id":"https:\/\/radiolifefm.com.br\/noticias\/#organization","name":"R\u00e1dio Life FM","alternateName":"Life FM","url":"https:\/\/radiolifefm.com.br\/noticias\/","logo":{"@type":"ImageObject","inLanguage":"pt-BR","@id":"https:\/\/radiolifefm.com.br\/noticias\/#\/schema\/logo\/image\/","url":"https:\/\/static.radiolifefm.com.br\/noticias\/wp-content\/uploads\/2019\/10\/logo-lifefm.png","contentUrl":"https:\/\/static.radiolifefm.com.br\/noticias\/wp-content\/uploads\/2019\/10\/logo-lifefm.png","width":196,"height":47,"caption":"R\u00e1dio Life FM"},"image":{"@id":"https:\/\/radiolifefm.com.br\/noticias\/#\/schema\/logo\/image\/"},"sameAs":["https:\/\/www.facebook.com\/radiolifefm\/","https:\/\/www.instagram.com\/life1079fm\/"]},{"@type":"Person","@id":"https:\/\/radiolifefm.com.br\/noticias\/#\/schema\/person\/6339b9fac59d12b071dec680d7375d87","name":"ritanery","image":{"@type":"ImageObject","inLanguage":"pt-BR","@id":"https:\/\/secure.gravatar.com\/avatar\/0e37bb19071f47c0b8a23f62a903df117c5a0e75f65a0c2901562f97cd41cf86?s=96&d=mm&r=g","url":"https:\/\/secure.gravatar.com\/avatar\/0e37bb19071f47c0b8a23f62a903df117c5a0e75f65a0c2901562f97cd41cf86?s=96&d=mm&r=g","contentUrl":"https:\/\/secure.gravatar.com\/avatar\/0e37bb19071f47c0b8a23f62a903df117c5a0e75f65a0c2901562f97cd41cf86?s=96&d=mm&r=g","caption":"ritanery"}}]}},"amp_enabled":true,"_links":{"self":[{"href":"https:\/\/radiolifefm.com.br\/noticias\/wp-json\/wp\/v2\/posts\/35290","targetHints":{"allow":["GET"]}}],"collection":[{"href":"https:\/\/radiolifefm.com.br\/noticias\/wp-json\/wp\/v2\/posts"}],"about":[{"href":"https:\/\/radiolifefm.com.br\/noticias\/wp-json\/wp\/v2\/types\/post"}],"author":[{"embeddable":true,"href":"https:\/\/radiolifefm.com.br\/noticias\/wp-json\/wp\/v2\/users\/13"}],"replies":[{"embeddable":true,"href":"https:\/\/radiolifefm.com.br\/noticias\/wp-json\/wp\/v2\/comments?post=35290"}],"version-history":[{"count":2,"href":"https:\/\/radiolifefm.com.br\/noticias\/wp-json\/wp\/v2\/posts\/35290\/revisions"}],"predecessor-version":[{"id":35292,"href":"https:\/\/radiolifefm.com.br\/noticias\/wp-json\/wp\/v2\/posts\/35290\/revisions\/35292"}],"wp:featuredmedia":[{"embeddable":true,"href":"https:\/\/radiolifefm.com.br\/noticias\/wp-json\/wp\/v2\/media\/25097"}],"wp:attachment":[{"href":"https:\/\/radiolifefm.com.br\/noticias\/wp-json\/wp\/v2\/media?parent=35290"}],"wp:term":[{"taxonomy":"category","embeddable":true,"href":"https:\/\/radiolifefm.com.br\/noticias\/wp-json\/wp\/v2\/categories?post=35290"},{"taxonomy":"post_tag","embeddable":true,"href":"https:\/\/radiolifefm.com.br\/noticias\/wp-json\/wp\/v2\/tags?post=35290"}],"curies":[{"name":"wp","href":"https:\/\/api.w.org\/{rel}","templated":true}]}}