{"id":35029,"date":"2021-02-19T08:11:01","date_gmt":"2021-02-19T11:11:01","guid":{"rendered":"https:\/\/radiolifefm.com.br\/noticias\/?p=35029"},"modified":"2026-04-03T21:25:01","modified_gmt":"2026-04-04T00:25:01","slug":"secretaria-de-assistencia-social-de-adamantina-apresenta-avancos-realizados-pela-pasta-de-2017-a-2020","status":"publish","type":"post","link":"https:\/\/radiolifefm.com.br\/noticias\/secretaria-de-assistencia-social-de-adamantina-apresenta-avancos-realizados-pela-pasta-de-2017-a-2020\/","title":{"rendered":"Secretaria de Assist\u00eancia Social de Adamantina apresenta avan\u00e7os realizados pela pasta de 2017 a 2020"},"content":{"rendered":"<div id=\"fb-root\"><\/div>\n<p>Com o objetivo de prestar contas \u00e0 popula\u00e7\u00e3o de todas as a\u00e7\u00f5es que foram desenvolvidas de 2017 a 2020, a Prefeitura de Adamantina, por meio da Secretaria de Assist\u00eancia Social, fez um\u00a0relat\u00f3rio\u00a0dos avan\u00e7os realizados que envolvem o que foi executado pela pasta bem como dos equipamentos que est\u00e3o vinculados a ela.<\/p>\n<p>&nbsp;<\/p>\n<p>Dentre as atividades realizadas est\u00e1 a cria\u00e7\u00e3o do Plano Municipal de Promo\u00e7\u00e3o, Prote\u00e7\u00e3o e Defesa do Direito de Crian\u00e7as e Adolescentes \u00e0 Conviv\u00eancia Familiar e Comunit\u00e1ria, Projeto Apadrinhamento Multiplicando Afeto que foi executado com a Casa do Garoto.<\/p>\n<p>&nbsp;<\/p>\n<p><strong>CRIA\u00c7\u00c3O DE FLUXOGRAMAS DE ATENDIMENTO<\/strong><\/p>\n<p>Coube a Secretaria de Assist\u00eancia Social criar alguns instrumentos de gest\u00e3o como: Fluxograma de Atendimento da Rede de Prote\u00e7\u00e3o de M\u00e9dia e Alta Complexidade a Crian\u00e7as e Adolescentes; Fluxograma de atendimento do servi\u00e7o de conviv\u00eancia e fortalecimento de v\u00ednculos (ASA, Centro de Conviv\u00eancia da Juventude, APAE, Lar dos Velhos, Lar Crist\u00e3o, IAMA, Casa do Garoto, Institui\u00e7\u00e3o Capaz); Fluxograma de atendimento de Prote\u00e7\u00e3o social b\u00e1sica, m\u00e9dia e de alta complexidade de pessoas adultas, idosas e seus familiares (CRAS, CREAS, NASF,CAPS, Santa Casa, Clinica Pai Nosso Lar, Conselho Municipal do Idoso e Lar dos Velhos); Cria\u00e7\u00e3o do Fluxograma de B\u00e1sica, M\u00e9dia e Alta Complexidade para idosos e seus familiares.<\/p>\n<p>&nbsp;<\/p>\n<p><strong>IMPLANTA\u00c7\u00c3O DE PROTOCOLOS DE ATENDIMENTO<\/strong><\/p>\n<p>Ainda em 2020, mesmo em meio a pandemia da COVID-19, foi criado o Protocolo da Rede Municipal de Prote\u00e7\u00e3o \u00e0 Crian\u00e7a e ao Adolescente em Situa\u00e7\u00e3o de Risco para a Viol\u00eancia e o Protocolo de Atendimento de Viol\u00eancia contra a Mulher.<\/p>\n<p>&nbsp;<\/p>\n<p>O protocolo consiste em um instrumento de trabalho que organiza os fluxos administrativos de uma institui\u00e7\u00e3o ou setor interno ou externo, facilitando a comunica\u00e7\u00e3o entre os profissionais, estruturando as informa\u00e7\u00f5es referente aos servi\u00e7os e, ainda, fortalecendo o trabalho em rede.<\/p>\n<p>&nbsp;<\/p>\n<p><strong>ADEQUA\u00c7\u00c3O DE LEIS<\/strong><\/p>\n<p>Al\u00e9m disso, durante os quatro anos, a Secretaria de Assist\u00eancia Social implantou, implementou e adequou documentos relativos a leis, resolu\u00e7\u00f5es e editais do \u00f3rg\u00e3o gestor, do Conselho Municipal do Idoso, do Conselho Municipal da Crian\u00e7a e do Adolescente, Conselho Municipal da Assist\u00eancia Social, Conselho Municipal da Pessoa com Defici\u00eancia de acordo com as normativas vigentes. Ao todo, foram criados 68 documentos.<\/p>\n<p>&nbsp;<\/p>\n<p>A pasta realizou a organiza\u00e7\u00e3o de todos os programas, servi\u00e7os e benef\u00edcios fornecidos pelo \u00f3rg\u00e3o gestor, pelo Centro de Refer\u00eancia Especializado de Assist\u00eancia Social (CREAS), pelo Centro de Refer\u00eancia de Assist\u00eancia Social (CRAS), pelo Centro de Conviv\u00eancia da Juventude (CCJ) e pelo Projeto ASA. Com isso, essas a\u00e7\u00f5es passaram a ter 100% de sua funcionalidade, enquanto que em 2017 era de 60%.<\/p>\n<p>&nbsp;<\/p>\n<p>Fonte: Adamantina Net<\/p>\n","protected":false},"excerpt":{"rendered":"<p>Com o objetivo de prestar contas \u00e0 popula\u00e7\u00e3o de todas as a\u00e7\u00f5es que foram desenvolvidas de 2017 a 2020, a Prefeitura de Adamantina, por meio da Secretaria de Assist\u00eancia Social, fez um\u00a0relat\u00f3rio\u00a0dos avan\u00e7os realizados que envolvem o que foi executado pela pasta bem como dos equipamentos que est\u00e3o vinculados a ela. &nbsp; Dentre as atividades [&hellip;]<\/p>\n","protected":false},"author":13,"featured_media":35030,"comment_status":"closed","ping_status":"open","sticky":false,"template":"","format":"standard","meta":{"_acf_changed":false,"_exactmetrics_skip_tracking":false,"_exactmetrics_sitenote_active":false,"_exactmetrics_sitenote_note":"","_exactmetrics_sitenote_category":0,"footnotes":""},"categories":[21],"tags":[],"class_list":["post-35029","post","type-post","status-publish","format-standard","has-post-thumbnail","hentry","category-adamantina"],"acf":[],"yoast_head":"<!-- This site is optimized with the Yoast SEO plugin v27.2 - https:\/\/yoast.com\/product\/yoast-seo-wordpress\/ -->\n<title>Secretaria de Assist\u00eancia Social de Adamantina apresenta avan\u00e7os realizados pela pasta de 2017 a 2020 - R\u00e1dio Life FM<\/title>\n<meta name=\"robots\" content=\"index, follow, max-snippet:-1, max-image-preview:large, max-video-preview:-1\" \/>\n<link rel=\"canonical\" href=\"https:\/\/radiolifefm.com.br\/noticias\/secretaria-de-assistencia-social-de-adamantina-apresenta-avancos-realizados-pela-pasta-de-2017-a-2020\/\" \/>\n<meta property=\"og:locale\" content=\"pt_BR\" \/>\n<meta property=\"og:type\" content=\"article\" \/>\n<meta property=\"og:title\" content=\"Secretaria de Assist\u00eancia Social de Adamantina apresenta avan\u00e7os realizados pela pasta de 2017 a 2020 - R\u00e1dio Life FM\" \/>\n<meta property=\"og:description\" content=\"Com o objetivo de prestar contas \u00e0 popula\u00e7\u00e3o de todas as a\u00e7\u00f5es que foram desenvolvidas de 2017 a 2020, a Prefeitura de Adamantina, por meio da Secretaria de Assist\u00eancia Social, fez um\u00a0relat\u00f3rio\u00a0dos avan\u00e7os realizados que envolvem o que foi executado pela pasta bem como dos equipamentos que est\u00e3o vinculados a ela. &nbsp; Dentre as atividades [&hellip;]\" \/>\n<meta property=\"og:url\" content=\"https:\/\/radiolifefm.com.br\/noticias\/secretaria-de-assistencia-social-de-adamantina-apresenta-avancos-realizados-pela-pasta-de-2017-a-2020\/\" \/>\n<meta property=\"og:site_name\" content=\"R\u00e1dio Life FM\" \/>\n<meta property=\"article:publisher\" content=\"https:\/\/www.facebook.com\/radiolifefm\/\" \/>\n<meta property=\"article:published_time\" content=\"2021-02-19T11:11:01+00:00\" \/>\n<meta property=\"article:modified_time\" content=\"2026-04-04T00:25:01+00:00\" \/>\n<meta property=\"og:image\" content=\"https:\/\/radiolifefm.com.br\/noticias\/wp-content\/uploads\/2021\/02\/ASSISTENCIA-ADAMANTINA.jpeg\" \/>\n\t<meta property=\"og:image:width\" content=\"1032\" \/>\n\t<meta property=\"og:image:height\" content=\"774\" \/>\n\t<meta property=\"og:image:type\" content=\"image\/jpeg\" \/>\n<meta name=\"author\" content=\"ritanery\" \/>\n<meta name=\"twitter:card\" content=\"summary_large_image\" \/>\n<meta name=\"twitter:label1\" content=\"Escrito por\" \/>\n\t<meta name=\"twitter:data1\" content=\"ritanery\" \/>\n\t<meta name=\"twitter:label2\" content=\"Est. tempo de leitura\" \/>\n\t<meta name=\"twitter:data2\" content=\"2 minutos\" \/>\n<script type=\"application\/ld+json\" class=\"yoast-schema-graph\">{\"@context\":\"https:\/\/schema.org\",\"@graph\":[{\"@type\":\"Article\",\"@id\":\"https:\/\/radiolifefm.com.br\/noticias\/secretaria-de-assistencia-social-de-adamantina-apresenta-avancos-realizados-pela-pasta-de-2017-a-2020\/#article\",\"isPartOf\":{\"@id\":\"https:\/\/radiolifefm.com.br\/noticias\/secretaria-de-assistencia-social-de-adamantina-apresenta-avancos-realizados-pela-pasta-de-2017-a-2020\/\"},\"author\":{\"name\":\"ritanery\",\"@id\":\"https:\/\/radiolifefm.com.br\/noticias\/#\/schema\/person\/6339b9fac59d12b071dec680d7375d87\"},\"headline\":\"Secretaria de Assist\u00eancia Social de Adamantina apresenta avan\u00e7os realizados pela pasta de 2017 a 2020\",\"datePublished\":\"2021-02-19T11:11:01+00:00\",\"dateModified\":\"2026-04-04T00:25:01+00:00\",\"mainEntityOfPage\":{\"@id\":\"https:\/\/radiolifefm.com.br\/noticias\/secretaria-de-assistencia-social-de-adamantina-apresenta-avancos-realizados-pela-pasta-de-2017-a-2020\/\"},\"wordCount\":489,\"publisher\":{\"@id\":\"https:\/\/radiolifefm.com.br\/noticias\/#organization\"},\"image\":{\"@id\":\"https:\/\/radiolifefm.com.br\/noticias\/secretaria-de-assistencia-social-de-adamantina-apresenta-avancos-realizados-pela-pasta-de-2017-a-2020\/#primaryimage\"},\"thumbnailUrl\":\"https:\/\/radiolifefm.com.br\/noticias\/wp-content\/uploads\/2021\/02\/ASSISTENCIA-ADAMANTINA.jpeg\",\"articleSection\":[\"Adamantina\"],\"inLanguage\":\"pt-BR\"},{\"@type\":\"WebPage\",\"@id\":\"https:\/\/radiolifefm.com.br\/noticias\/secretaria-de-assistencia-social-de-adamantina-apresenta-avancos-realizados-pela-pasta-de-2017-a-2020\/\",\"url\":\"https:\/\/radiolifefm.com.br\/noticias\/secretaria-de-assistencia-social-de-adamantina-apresenta-avancos-realizados-pela-pasta-de-2017-a-2020\/\",\"name\":\"Secretaria de Assist\u00eancia Social de Adamantina apresenta avan\u00e7os realizados pela pasta de 2017 a 2020 - R\u00e1dio Life FM\",\"isPartOf\":{\"@id\":\"https:\/\/radiolifefm.com.br\/noticias\/#website\"},\"primaryImageOfPage\":{\"@id\":\"https:\/\/radiolifefm.com.br\/noticias\/secretaria-de-assistencia-social-de-adamantina-apresenta-avancos-realizados-pela-pasta-de-2017-a-2020\/#primaryimage\"},\"image\":{\"@id\":\"https:\/\/radiolifefm.com.br\/noticias\/secretaria-de-assistencia-social-de-adamantina-apresenta-avancos-realizados-pela-pasta-de-2017-a-2020\/#primaryimage\"},\"thumbnailUrl\":\"https:\/\/radiolifefm.com.br\/noticias\/wp-content\/uploads\/2021\/02\/ASSISTENCIA-ADAMANTINA.jpeg\",\"datePublished\":\"2021-02-19T11:11:01+00:00\",\"dateModified\":\"2026-04-04T00:25:01+00:00\",\"breadcrumb\":{\"@id\":\"https:\/\/radiolifefm.com.br\/noticias\/secretaria-de-assistencia-social-de-adamantina-apresenta-avancos-realizados-pela-pasta-de-2017-a-2020\/#breadcrumb\"},\"inLanguage\":\"pt-BR\",\"potentialAction\":[{\"@type\":\"ReadAction\",\"target\":[\"https:\/\/radiolifefm.com.br\/noticias\/secretaria-de-assistencia-social-de-adamantina-apresenta-avancos-realizados-pela-pasta-de-2017-a-2020\/\"]}]},{\"@type\":\"ImageObject\",\"inLanguage\":\"pt-BR\",\"@id\":\"https:\/\/radiolifefm.com.br\/noticias\/secretaria-de-assistencia-social-de-adamantina-apresenta-avancos-realizados-pela-pasta-de-2017-a-2020\/#primaryimage\",\"url\":\"https:\/\/radiolifefm.com.br\/noticias\/wp-content\/uploads\/2021\/02\/ASSISTENCIA-ADAMANTINA.jpeg\",\"contentUrl\":\"https:\/\/radiolifefm.com.br\/noticias\/wp-content\/uploads\/2021\/02\/ASSISTENCIA-ADAMANTINA.jpeg\",\"width\":1032,\"height\":774},{\"@type\":\"BreadcrumbList\",\"@id\":\"https:\/\/radiolifefm.com.br\/noticias\/secretaria-de-assistencia-social-de-adamantina-apresenta-avancos-realizados-pela-pasta-de-2017-a-2020\/#breadcrumb\",\"itemListElement\":[{\"@type\":\"ListItem\",\"position\":1,\"name\":\"In\u00edcio\",\"item\":\"https:\/\/radiolifefm.com.br\/noticias\/\"},{\"@type\":\"ListItem\",\"position\":2,\"name\":\"Secretaria de Assist\u00eancia Social de Adamantina apresenta avan\u00e7os realizados pela pasta de 2017 a 2020\"}]},{\"@type\":\"WebSite\",\"@id\":\"https:\/\/radiolifefm.com.br\/noticias\/#website\",\"url\":\"https:\/\/radiolifefm.com.br\/noticias\/\",\"name\":\"R\u00e1dio Life FM\",\"description\":\"O Portal de Not\u00edcias de Adamantina\",\"publisher\":{\"@id\":\"https:\/\/radiolifefm.com.br\/noticias\/#organization\"},\"alternateName\":\"Life FM\",\"potentialAction\":[{\"@type\":\"SearchAction\",\"target\":{\"@type\":\"EntryPoint\",\"urlTemplate\":\"https:\/\/radiolifefm.com.br\/noticias\/?s={search_term_string}\"},\"query-input\":{\"@type\":\"PropertyValueSpecification\",\"valueRequired\":true,\"valueName\":\"search_term_string\"}}],\"inLanguage\":\"pt-BR\"},{\"@type\":\"Organization\",\"@id\":\"https:\/\/radiolifefm.com.br\/noticias\/#organization\",\"name\":\"R\u00e1dio Life FM\",\"alternateName\":\"Life FM\",\"url\":\"https:\/\/radiolifefm.com.br\/noticias\/\",\"logo\":{\"@type\":\"ImageObject\",\"inLanguage\":\"pt-BR\",\"@id\":\"https:\/\/radiolifefm.com.br\/noticias\/#\/schema\/logo\/image\/\",\"url\":\"https:\/\/static.radiolifefm.com.br\/noticias\/wp-content\/uploads\/2019\/10\/logo-lifefm.png\",\"contentUrl\":\"https:\/\/static.radiolifefm.com.br\/noticias\/wp-content\/uploads\/2019\/10\/logo-lifefm.png\",\"width\":196,\"height\":47,\"caption\":\"R\u00e1dio Life FM\"},\"image\":{\"@id\":\"https:\/\/radiolifefm.com.br\/noticias\/#\/schema\/logo\/image\/\"},\"sameAs\":[\"https:\/\/www.facebook.com\/radiolifefm\/\",\"https:\/\/www.instagram.com\/life1079fm\/\"]},{\"@type\":\"Person\",\"@id\":\"https:\/\/radiolifefm.com.br\/noticias\/#\/schema\/person\/6339b9fac59d12b071dec680d7375d87\",\"name\":\"ritanery\",\"image\":{\"@type\":\"ImageObject\",\"inLanguage\":\"pt-BR\",\"@id\":\"https:\/\/secure.gravatar.com\/avatar\/0e37bb19071f47c0b8a23f62a903df117c5a0e75f65a0c2901562f97cd41cf86?s=96&d=mm&r=g\",\"url\":\"https:\/\/secure.gravatar.com\/avatar\/0e37bb19071f47c0b8a23f62a903df117c5a0e75f65a0c2901562f97cd41cf86?s=96&d=mm&r=g\",\"contentUrl\":\"https:\/\/secure.gravatar.com\/avatar\/0e37bb19071f47c0b8a23f62a903df117c5a0e75f65a0c2901562f97cd41cf86?s=96&d=mm&r=g\",\"caption\":\"ritanery\"}}]}<\/script>\n<!-- \/ Yoast SEO plugin. -->","yoast_head_json":{"title":"Secretaria de Assist\u00eancia Social de Adamantina apresenta avan\u00e7os realizados pela pasta de 2017 a 2020 - R\u00e1dio Life FM","robots":{"index":"index","follow":"follow","max-snippet":"max-snippet:-1","max-image-preview":"max-image-preview:large","max-video-preview":"max-video-preview:-1"},"canonical":"https:\/\/radiolifefm.com.br\/noticias\/secretaria-de-assistencia-social-de-adamantina-apresenta-avancos-realizados-pela-pasta-de-2017-a-2020\/","og_locale":"pt_BR","og_type":"article","og_title":"Secretaria de Assist\u00eancia Social de Adamantina apresenta avan\u00e7os realizados pela pasta de 2017 a 2020 - R\u00e1dio Life FM","og_description":"Com o objetivo de prestar contas \u00e0 popula\u00e7\u00e3o de todas as a\u00e7\u00f5es que foram desenvolvidas de 2017 a 2020, a Prefeitura de Adamantina, por meio da Secretaria de Assist\u00eancia Social, fez um\u00a0relat\u00f3rio\u00a0dos avan\u00e7os realizados que envolvem o que foi executado pela pasta bem como dos equipamentos que est\u00e3o vinculados a ela. &nbsp; Dentre as atividades [&hellip;]","og_url":"https:\/\/radiolifefm.com.br\/noticias\/secretaria-de-assistencia-social-de-adamantina-apresenta-avancos-realizados-pela-pasta-de-2017-a-2020\/","og_site_name":"R\u00e1dio Life FM","article_publisher":"https:\/\/www.facebook.com\/radiolifefm\/","article_published_time":"2021-02-19T11:11:01+00:00","article_modified_time":"2026-04-04T00:25:01+00:00","og_image":[{"width":1032,"height":774,"url":"https:\/\/radiolifefm.com.br\/noticias\/wp-content\/uploads\/2021\/02\/ASSISTENCIA-ADAMANTINA.jpeg","type":"image\/jpeg"}],"author":"ritanery","twitter_card":"summary_large_image","twitter_misc":{"Escrito por":"ritanery","Est. tempo de leitura":"2 minutos"},"schema":{"@context":"https:\/\/schema.org","@graph":[{"@type":"Article","@id":"https:\/\/radiolifefm.com.br\/noticias\/secretaria-de-assistencia-social-de-adamantina-apresenta-avancos-realizados-pela-pasta-de-2017-a-2020\/#article","isPartOf":{"@id":"https:\/\/radiolifefm.com.br\/noticias\/secretaria-de-assistencia-social-de-adamantina-apresenta-avancos-realizados-pela-pasta-de-2017-a-2020\/"},"author":{"name":"ritanery","@id":"https:\/\/radiolifefm.com.br\/noticias\/#\/schema\/person\/6339b9fac59d12b071dec680d7375d87"},"headline":"Secretaria de Assist\u00eancia Social de Adamantina apresenta avan\u00e7os realizados pela pasta de 2017 a 2020","datePublished":"2021-02-19T11:11:01+00:00","dateModified":"2026-04-04T00:25:01+00:00","mainEntityOfPage":{"@id":"https:\/\/radiolifefm.com.br\/noticias\/secretaria-de-assistencia-social-de-adamantina-apresenta-avancos-realizados-pela-pasta-de-2017-a-2020\/"},"wordCount":489,"publisher":{"@id":"https:\/\/radiolifefm.com.br\/noticias\/#organization"},"image":{"@id":"https:\/\/radiolifefm.com.br\/noticias\/secretaria-de-assistencia-social-de-adamantina-apresenta-avancos-realizados-pela-pasta-de-2017-a-2020\/#primaryimage"},"thumbnailUrl":"https:\/\/radiolifefm.com.br\/noticias\/wp-content\/uploads\/2021\/02\/ASSISTENCIA-ADAMANTINA.jpeg","articleSection":["Adamantina"],"inLanguage":"pt-BR"},{"@type":"WebPage","@id":"https:\/\/radiolifefm.com.br\/noticias\/secretaria-de-assistencia-social-de-adamantina-apresenta-avancos-realizados-pela-pasta-de-2017-a-2020\/","url":"https:\/\/radiolifefm.com.br\/noticias\/secretaria-de-assistencia-social-de-adamantina-apresenta-avancos-realizados-pela-pasta-de-2017-a-2020\/","name":"Secretaria de Assist\u00eancia Social de Adamantina apresenta avan\u00e7os realizados pela pasta de 2017 a 2020 - R\u00e1dio Life FM","isPartOf":{"@id":"https:\/\/radiolifefm.com.br\/noticias\/#website"},"primaryImageOfPage":{"@id":"https:\/\/radiolifefm.com.br\/noticias\/secretaria-de-assistencia-social-de-adamantina-apresenta-avancos-realizados-pela-pasta-de-2017-a-2020\/#primaryimage"},"image":{"@id":"https:\/\/radiolifefm.com.br\/noticias\/secretaria-de-assistencia-social-de-adamantina-apresenta-avancos-realizados-pela-pasta-de-2017-a-2020\/#primaryimage"},"thumbnailUrl":"https:\/\/radiolifefm.com.br\/noticias\/wp-content\/uploads\/2021\/02\/ASSISTENCIA-ADAMANTINA.jpeg","datePublished":"2021-02-19T11:11:01+00:00","dateModified":"2026-04-04T00:25:01+00:00","breadcrumb":{"@id":"https:\/\/radiolifefm.com.br\/noticias\/secretaria-de-assistencia-social-de-adamantina-apresenta-avancos-realizados-pela-pasta-de-2017-a-2020\/#breadcrumb"},"inLanguage":"pt-BR","potentialAction":[{"@type":"ReadAction","target":["https:\/\/radiolifefm.com.br\/noticias\/secretaria-de-assistencia-social-de-adamantina-apresenta-avancos-realizados-pela-pasta-de-2017-a-2020\/"]}]},{"@type":"ImageObject","inLanguage":"pt-BR","@id":"https:\/\/radiolifefm.com.br\/noticias\/secretaria-de-assistencia-social-de-adamantina-apresenta-avancos-realizados-pela-pasta-de-2017-a-2020\/#primaryimage","url":"https:\/\/radiolifefm.com.br\/noticias\/wp-content\/uploads\/2021\/02\/ASSISTENCIA-ADAMANTINA.jpeg","contentUrl":"https:\/\/radiolifefm.com.br\/noticias\/wp-content\/uploads\/2021\/02\/ASSISTENCIA-ADAMANTINA.jpeg","width":1032,"height":774},{"@type":"BreadcrumbList","@id":"https:\/\/radiolifefm.com.br\/noticias\/secretaria-de-assistencia-social-de-adamantina-apresenta-avancos-realizados-pela-pasta-de-2017-a-2020\/#breadcrumb","itemListElement":[{"@type":"ListItem","position":1,"name":"In\u00edcio","item":"https:\/\/radiolifefm.com.br\/noticias\/"},{"@type":"ListItem","position":2,"name":"Secretaria de Assist\u00eancia Social de Adamantina apresenta avan\u00e7os realizados pela pasta de 2017 a 2020"}]},{"@type":"WebSite","@id":"https:\/\/radiolifefm.com.br\/noticias\/#website","url":"https:\/\/radiolifefm.com.br\/noticias\/","name":"R\u00e1dio Life FM","description":"O Portal de Not\u00edcias de Adamantina","publisher":{"@id":"https:\/\/radiolifefm.com.br\/noticias\/#organization"},"alternateName":"Life FM","potentialAction":[{"@type":"SearchAction","target":{"@type":"EntryPoint","urlTemplate":"https:\/\/radiolifefm.com.br\/noticias\/?s={search_term_string}"},"query-input":{"@type":"PropertyValueSpecification","valueRequired":true,"valueName":"search_term_string"}}],"inLanguage":"pt-BR"},{"@type":"Organization","@id":"https:\/\/radiolifefm.com.br\/noticias\/#organization","name":"R\u00e1dio Life FM","alternateName":"Life FM","url":"https:\/\/radiolifefm.com.br\/noticias\/","logo":{"@type":"ImageObject","inLanguage":"pt-BR","@id":"https:\/\/radiolifefm.com.br\/noticias\/#\/schema\/logo\/image\/","url":"https:\/\/static.radiolifefm.com.br\/noticias\/wp-content\/uploads\/2019\/10\/logo-lifefm.png","contentUrl":"https:\/\/static.radiolifefm.com.br\/noticias\/wp-content\/uploads\/2019\/10\/logo-lifefm.png","width":196,"height":47,"caption":"R\u00e1dio Life FM"},"image":{"@id":"https:\/\/radiolifefm.com.br\/noticias\/#\/schema\/logo\/image\/"},"sameAs":["https:\/\/www.facebook.com\/radiolifefm\/","https:\/\/www.instagram.com\/life1079fm\/"]},{"@type":"Person","@id":"https:\/\/radiolifefm.com.br\/noticias\/#\/schema\/person\/6339b9fac59d12b071dec680d7375d87","name":"ritanery","image":{"@type":"ImageObject","inLanguage":"pt-BR","@id":"https:\/\/secure.gravatar.com\/avatar\/0e37bb19071f47c0b8a23f62a903df117c5a0e75f65a0c2901562f97cd41cf86?s=96&d=mm&r=g","url":"https:\/\/secure.gravatar.com\/avatar\/0e37bb19071f47c0b8a23f62a903df117c5a0e75f65a0c2901562f97cd41cf86?s=96&d=mm&r=g","contentUrl":"https:\/\/secure.gravatar.com\/avatar\/0e37bb19071f47c0b8a23f62a903df117c5a0e75f65a0c2901562f97cd41cf86?s=96&d=mm&r=g","caption":"ritanery"}}]}},"amp_enabled":true,"_links":{"self":[{"href":"https:\/\/radiolifefm.com.br\/noticias\/wp-json\/wp\/v2\/posts\/35029","targetHints":{"allow":["GET"]}}],"collection":[{"href":"https:\/\/radiolifefm.com.br\/noticias\/wp-json\/wp\/v2\/posts"}],"about":[{"href":"https:\/\/radiolifefm.com.br\/noticias\/wp-json\/wp\/v2\/types\/post"}],"author":[{"embeddable":true,"href":"https:\/\/radiolifefm.com.br\/noticias\/wp-json\/wp\/v2\/users\/13"}],"replies":[{"embeddable":true,"href":"https:\/\/radiolifefm.com.br\/noticias\/wp-json\/wp\/v2\/comments?post=35029"}],"version-history":[{"count":1,"href":"https:\/\/radiolifefm.com.br\/noticias\/wp-json\/wp\/v2\/posts\/35029\/revisions"}],"predecessor-version":[{"id":35031,"href":"https:\/\/radiolifefm.com.br\/noticias\/wp-json\/wp\/v2\/posts\/35029\/revisions\/35031"}],"wp:featuredmedia":[{"embeddable":true,"href":"https:\/\/radiolifefm.com.br\/noticias\/wp-json\/wp\/v2\/media\/35030"}],"wp:attachment":[{"href":"https:\/\/radiolifefm.com.br\/noticias\/wp-json\/wp\/v2\/media?parent=35029"}],"wp:term":[{"taxonomy":"category","embeddable":true,"href":"https:\/\/radiolifefm.com.br\/noticias\/wp-json\/wp\/v2\/categories?post=35029"},{"taxonomy":"post_tag","embeddable":true,"href":"https:\/\/radiolifefm.com.br\/noticias\/wp-json\/wp\/v2\/tags?post=35029"}],"curies":[{"name":"wp","href":"https:\/\/api.w.org\/{rel}","templated":true}]}}