{"id":34999,"date":"2021-02-18T08:01:11","date_gmt":"2021-02-18T11:01:11","guid":{"rendered":"https:\/\/radiolifefm.com.br\/noticias\/?p=34999"},"modified":"2026-04-17T13:29:58","modified_gmt":"2026-04-17T16:29:58","slug":"cuidadora-de-59-anos-vai-a-policia-e-diz-ter-caido-em-golpe-apos-encontro-iniciado-na-internet","status":"publish","type":"post","link":"https:\/\/radiolifefm.com.br\/noticias\/cuidadora-de-59-anos-vai-a-policia-e-diz-ter-caido-em-golpe-apos-encontro-iniciado-na-internet\/","title":{"rendered":"Cuidadora de 59 anos vai \u00e0 pol\u00edcia e diz ter ca\u00eddo em golpe ap\u00f3s encontro iniciado na internet"},"content":{"rendered":"<div id=\"fb-root\"><\/div>\n<p>A cuidadora de idosos Maria Aparecida Bezerra, de 59 anos, moradora em Adamantina, procurou a Pol\u00edcia Civil depois de desconfiar de que tinha sido v\u00edtima de golpe. Ela conheceu um homem pela internet que disse morar em Cuiab\u00e1 (MT) e se identificou como Adalberto, da dupla sertaneja Adalberto e Adriano, que marcou \u00e9poca nas d\u00e9cadas de 1980 e 1990.<\/p>\n<p>&nbsp;<\/p>\n<p>O caso foi mostrado pela\u00a0<a href=\"https:\/\/www.recordtvriopreto.com.br\/noticia\/44254\/golpe-relacionamento-virtual.html\"><strong>Record TV<\/strong><\/a>, de Rio Preto, em seus telejornais, exibidos nesta ter\u00e7a-feira (17) e hoje (18). Segundo a reportagem, os dois passaram a interagir pelas redes sociais e a rela\u00e7\u00e3o evoluiu, quando ent\u00e3o ele decidiu visita-la. A cuidadora manifestou-se positivamente e depois de combinado o encontro, ele chegou \u00e0 casa dela. Segundo disse a cuidadora, ela tinha a expectativa de que o homem fosse passar alguns dias em sua casa, mas acabou ficando quatro meses vivendo sob o mesmo teto.<\/p>\n<p>&nbsp;<\/p>\n<p>\u00c0 reportagem da TV, Maria Aparecida disse que passou a desconfiar, como tamb\u00e9m seus familiares. Mas tinha medo de confront\u00e1-lo, dado seu porte f\u00edsico.<\/p>\n<p>&nbsp;<\/p>\n<p>J\u00e1 na sexta-feira da semana passada, dia 12, segundo contou a cuidadora, ela retornou \u00e0 sua casa, depois do trabalho, quando encontrou uma carta com xingamentos e ofensas. A mulher percebeu a falta de alguns pertences, inclusive um cart\u00e3o de cr\u00e9dito. Ela descobriu que o cart\u00e3o foi usado para fazer uma compra de R$ 600 em um supermercado da cidade.<\/p>\n<p>&nbsp;<\/p>\n<p>Em uma pesquisa na internet, a mulher descobriu publica\u00e7\u00f5es sobre o homem. Em uma delas, h\u00e1 informa\u00e7\u00f5es de um boletim de ocorr\u00eancia, citando que ele se passava por Adalberto, integrante da dupla sertaneja, suspeito de participar de crimes de estelionato em diversas partes do pa\u00eds. Nessa publica\u00e7\u00e3o, ele aparece com outro nome.<\/p>\n<p>&nbsp;<\/p>\n<p>A cuidadora de idosos levou o caso \u00e0 Pol\u00edcia Civil, onde registrou um boletim de ocorr\u00eancia. A reportagem da Record TV ouviu a delegada La\u00edza Fernanda Rigatto Andrade. Ela disse que a investiga\u00e7\u00e3o sobre o caso exige cuidados, porque \u00e9 comum que autores desses crimes utilizem de nomes e documentos falsos. Em torno do nome do suspeito, segundo a delegada, existem quatro RGs para esse mesmo nome. \u201cEssas informa\u00e7\u00f5es precisam ser confrontadas, o que ser\u00e1 feito durante a investiga\u00e7\u00e3o\u201d, disse.<\/p>\n<p>&nbsp;<\/p>\n<p>A investiga\u00e7\u00e3o vai tentar localizar o autor e com isso tentar que fa\u00e7a novas v\u00edtimas. A delegada destacou que as pessoas tenham cautela, diante de qualquer relacionamento ou neg\u00f3cios pela internet. \u201cPerfis falsos s\u00e3o criados, hist\u00f3rias s\u00e3o criadas, personagens s\u00e3o criados, justamente para manter a v\u00edtima em erro e faz\u00ea-la acreditar que \u00e9 um relacionamento, se envolver com essa pessoa e, de repente, passar a ser v\u00edtima de crimes\u201d.<\/p>\n<div class='flex flex-wrap items-center -mx-1'>\r\n<a class='thumbnail gallery p-1 w-1\/2 md:w-1\/4' href='https:\/\/radiolifefm.com.br\/noticias\/wp-content\/uploads\/2021\/02\/safe_image.jpg'><img class='border border-white' src='https:\/\/radiolifefm.com.br\/noticias\/wp-content\/uploads\/2021\/02\/safe_image-200x200.jpg' alt='Safe_image' \/><\/a><\/div>\n<p>Fonte: Siga Mais<\/p>\n","protected":false},"excerpt":{"rendered":"<p>A cuidadora de idosos Maria Aparecida Bezerra, de 59 anos, moradora em Adamantina, procurou a Pol\u00edcia Civil depois de desconfiar de que tinha sido v\u00edtima de golpe. Ela conheceu um homem pela internet que disse morar em Cuiab\u00e1 (MT) e se identificou como Adalberto, da dupla sertaneja Adalberto e Adriano, que marcou \u00e9poca nas d\u00e9cadas [&hellip;]<\/p>\n","protected":false},"author":13,"featured_media":35000,"comment_status":"closed","ping_status":"open","sticky":false,"template":"","format":"standard","meta":{"_acf_changed":false,"_exactmetrics_skip_tracking":false,"_exactmetrics_sitenote_active":false,"_exactmetrics_sitenote_note":"","_exactmetrics_sitenote_category":0,"footnotes":""},"categories":[21],"tags":[],"class_list":["post-34999","post","type-post","status-publish","format-standard","has-post-thumbnail","hentry","category-adamantina"],"acf":[],"yoast_head":"<!-- This site is optimized with the Yoast SEO plugin v27.2 - https:\/\/yoast.com\/product\/yoast-seo-wordpress\/ -->\n<title>Cuidadora de 59 anos vai \u00e0 pol\u00edcia e diz ter ca\u00eddo em golpe ap\u00f3s encontro iniciado na internet - R\u00e1dio Life FM<\/title>\n<meta name=\"robots\" content=\"index, follow, max-snippet:-1, max-image-preview:large, max-video-preview:-1\" \/>\n<link rel=\"canonical\" href=\"https:\/\/radiolifefm.com.br\/noticias\/cuidadora-de-59-anos-vai-a-policia-e-diz-ter-caido-em-golpe-apos-encontro-iniciado-na-internet\/\" \/>\n<meta property=\"og:locale\" content=\"pt_BR\" \/>\n<meta property=\"og:type\" content=\"article\" \/>\n<meta property=\"og:title\" content=\"Cuidadora de 59 anos vai \u00e0 pol\u00edcia e diz ter ca\u00eddo em golpe ap\u00f3s encontro iniciado na internet - R\u00e1dio Life FM\" \/>\n<meta property=\"og:description\" content=\"A cuidadora de idosos Maria Aparecida Bezerra, de 59 anos, moradora em Adamantina, procurou a Pol\u00edcia Civil depois de desconfiar de que tinha sido v\u00edtima de golpe. Ela conheceu um homem pela internet que disse morar em Cuiab\u00e1 (MT) e se identificou como Adalberto, da dupla sertaneja Adalberto e Adriano, que marcou \u00e9poca nas d\u00e9cadas [&hellip;]\" \/>\n<meta property=\"og:url\" content=\"https:\/\/radiolifefm.com.br\/noticias\/cuidadora-de-59-anos-vai-a-policia-e-diz-ter-caido-em-golpe-apos-encontro-iniciado-na-internet\/\" \/>\n<meta property=\"og:site_name\" content=\"R\u00e1dio Life FM\" \/>\n<meta property=\"article:publisher\" content=\"https:\/\/www.facebook.com\/radiolifefm\/\" \/>\n<meta property=\"article:published_time\" content=\"2021-02-18T11:01:11+00:00\" \/>\n<meta property=\"article:modified_time\" content=\"2026-04-17T16:29:58+00:00\" \/>\n<meta property=\"og:image\" content=\"https:\/\/radiolifefm.com.br\/noticias\/wp-content\/uploads\/2021\/02\/adajpg1613588952602d69d8352ad.jpg\" \/>\n\t<meta property=\"og:image:width\" content=\"600\" \/>\n\t<meta property=\"og:image:height\" content=\"337\" \/>\n\t<meta property=\"og:image:type\" content=\"image\/jpeg\" \/>\n<meta name=\"author\" content=\"ritanery\" \/>\n<meta name=\"twitter:card\" content=\"summary_large_image\" \/>\n<meta name=\"twitter:label1\" content=\"Escrito por\" \/>\n\t<meta name=\"twitter:data1\" content=\"ritanery\" \/>\n\t<meta name=\"twitter:label2\" content=\"Est. tempo de leitura\" \/>\n\t<meta name=\"twitter:data2\" content=\"2 minutos\" \/>\n<script type=\"application\/ld+json\" class=\"yoast-schema-graph\">{\"@context\":\"https:\/\/schema.org\",\"@graph\":[{\"@type\":\"Article\",\"@id\":\"https:\/\/radiolifefm.com.br\/noticias\/cuidadora-de-59-anos-vai-a-policia-e-diz-ter-caido-em-golpe-apos-encontro-iniciado-na-internet\/#article\",\"isPartOf\":{\"@id\":\"https:\/\/radiolifefm.com.br\/noticias\/cuidadora-de-59-anos-vai-a-policia-e-diz-ter-caido-em-golpe-apos-encontro-iniciado-na-internet\/\"},\"author\":{\"name\":\"ritanery\",\"@id\":\"https:\/\/radiolifefm.com.br\/noticias\/#\/schema\/person\/6339b9fac59d12b071dec680d7375d87\"},\"headline\":\"Cuidadora de 59 anos vai \u00e0 pol\u00edcia e diz ter ca\u00eddo em golpe ap\u00f3s encontro iniciado na internet\",\"datePublished\":\"2021-02-18T11:01:11+00:00\",\"dateModified\":\"2026-04-17T16:29:58+00:00\",\"mainEntityOfPage\":{\"@id\":\"https:\/\/radiolifefm.com.br\/noticias\/cuidadora-de-59-anos-vai-a-policia-e-diz-ter-caido-em-golpe-apos-encontro-iniciado-na-internet\/\"},\"wordCount\":482,\"publisher\":{\"@id\":\"https:\/\/radiolifefm.com.br\/noticias\/#organization\"},\"image\":{\"@id\":\"https:\/\/radiolifefm.com.br\/noticias\/cuidadora-de-59-anos-vai-a-policia-e-diz-ter-caido-em-golpe-apos-encontro-iniciado-na-internet\/#primaryimage\"},\"thumbnailUrl\":\"https:\/\/radiolifefm.com.br\/noticias\/wp-content\/uploads\/2021\/02\/adajpg1613588952602d69d8352ad.jpg\",\"articleSection\":[\"Adamantina\"],\"inLanguage\":\"pt-BR\"},{\"@type\":\"WebPage\",\"@id\":\"https:\/\/radiolifefm.com.br\/noticias\/cuidadora-de-59-anos-vai-a-policia-e-diz-ter-caido-em-golpe-apos-encontro-iniciado-na-internet\/\",\"url\":\"https:\/\/radiolifefm.com.br\/noticias\/cuidadora-de-59-anos-vai-a-policia-e-diz-ter-caido-em-golpe-apos-encontro-iniciado-na-internet\/\",\"name\":\"Cuidadora de 59 anos vai \u00e0 pol\u00edcia e diz ter ca\u00eddo em golpe ap\u00f3s encontro iniciado na internet - R\u00e1dio Life FM\",\"isPartOf\":{\"@id\":\"https:\/\/radiolifefm.com.br\/noticias\/#website\"},\"primaryImageOfPage\":{\"@id\":\"https:\/\/radiolifefm.com.br\/noticias\/cuidadora-de-59-anos-vai-a-policia-e-diz-ter-caido-em-golpe-apos-encontro-iniciado-na-internet\/#primaryimage\"},\"image\":{\"@id\":\"https:\/\/radiolifefm.com.br\/noticias\/cuidadora-de-59-anos-vai-a-policia-e-diz-ter-caido-em-golpe-apos-encontro-iniciado-na-internet\/#primaryimage\"},\"thumbnailUrl\":\"https:\/\/radiolifefm.com.br\/noticias\/wp-content\/uploads\/2021\/02\/adajpg1613588952602d69d8352ad.jpg\",\"datePublished\":\"2021-02-18T11:01:11+00:00\",\"dateModified\":\"2026-04-17T16:29:58+00:00\",\"breadcrumb\":{\"@id\":\"https:\/\/radiolifefm.com.br\/noticias\/cuidadora-de-59-anos-vai-a-policia-e-diz-ter-caido-em-golpe-apos-encontro-iniciado-na-internet\/#breadcrumb\"},\"inLanguage\":\"pt-BR\",\"potentialAction\":[{\"@type\":\"ReadAction\",\"target\":[\"https:\/\/radiolifefm.com.br\/noticias\/cuidadora-de-59-anos-vai-a-policia-e-diz-ter-caido-em-golpe-apos-encontro-iniciado-na-internet\/\"]}]},{\"@type\":\"ImageObject\",\"inLanguage\":\"pt-BR\",\"@id\":\"https:\/\/radiolifefm.com.br\/noticias\/cuidadora-de-59-anos-vai-a-policia-e-diz-ter-caido-em-golpe-apos-encontro-iniciado-na-internet\/#primaryimage\",\"url\":\"https:\/\/radiolifefm.com.br\/noticias\/wp-content\/uploads\/2021\/02\/adajpg1613588952602d69d8352ad.jpg\",\"contentUrl\":\"https:\/\/radiolifefm.com.br\/noticias\/wp-content\/uploads\/2021\/02\/adajpg1613588952602d69d8352ad.jpg\",\"width\":600,\"height\":337},{\"@type\":\"BreadcrumbList\",\"@id\":\"https:\/\/radiolifefm.com.br\/noticias\/cuidadora-de-59-anos-vai-a-policia-e-diz-ter-caido-em-golpe-apos-encontro-iniciado-na-internet\/#breadcrumb\",\"itemListElement\":[{\"@type\":\"ListItem\",\"position\":1,\"name\":\"In\u00edcio\",\"item\":\"https:\/\/radiolifefm.com.br\/noticias\/\"},{\"@type\":\"ListItem\",\"position\":2,\"name\":\"Cuidadora de 59 anos vai \u00e0 pol\u00edcia e diz ter ca\u00eddo em golpe ap\u00f3s encontro iniciado na internet\"}]},{\"@type\":\"WebSite\",\"@id\":\"https:\/\/radiolifefm.com.br\/noticias\/#website\",\"url\":\"https:\/\/radiolifefm.com.br\/noticias\/\",\"name\":\"R\u00e1dio Life FM\",\"description\":\"O Portal de Not\u00edcias de Adamantina\",\"publisher\":{\"@id\":\"https:\/\/radiolifefm.com.br\/noticias\/#organization\"},\"alternateName\":\"Life FM\",\"potentialAction\":[{\"@type\":\"SearchAction\",\"target\":{\"@type\":\"EntryPoint\",\"urlTemplate\":\"https:\/\/radiolifefm.com.br\/noticias\/?s={search_term_string}\"},\"query-input\":{\"@type\":\"PropertyValueSpecification\",\"valueRequired\":true,\"valueName\":\"search_term_string\"}}],\"inLanguage\":\"pt-BR\"},{\"@type\":\"Organization\",\"@id\":\"https:\/\/radiolifefm.com.br\/noticias\/#organization\",\"name\":\"R\u00e1dio Life FM\",\"alternateName\":\"Life FM\",\"url\":\"https:\/\/radiolifefm.com.br\/noticias\/\",\"logo\":{\"@type\":\"ImageObject\",\"inLanguage\":\"pt-BR\",\"@id\":\"https:\/\/radiolifefm.com.br\/noticias\/#\/schema\/logo\/image\/\",\"url\":\"https:\/\/static.radiolifefm.com.br\/noticias\/wp-content\/uploads\/2019\/10\/logo-lifefm.png\",\"contentUrl\":\"https:\/\/static.radiolifefm.com.br\/noticias\/wp-content\/uploads\/2019\/10\/logo-lifefm.png\",\"width\":196,\"height\":47,\"caption\":\"R\u00e1dio Life FM\"},\"image\":{\"@id\":\"https:\/\/radiolifefm.com.br\/noticias\/#\/schema\/logo\/image\/\"},\"sameAs\":[\"https:\/\/www.facebook.com\/radiolifefm\/\",\"https:\/\/www.instagram.com\/life1079fm\/\"]},{\"@type\":\"Person\",\"@id\":\"https:\/\/radiolifefm.com.br\/noticias\/#\/schema\/person\/6339b9fac59d12b071dec680d7375d87\",\"name\":\"ritanery\",\"image\":{\"@type\":\"ImageObject\",\"inLanguage\":\"pt-BR\",\"@id\":\"https:\/\/secure.gravatar.com\/avatar\/0e37bb19071f47c0b8a23f62a903df117c5a0e75f65a0c2901562f97cd41cf86?s=96&d=mm&r=g\",\"url\":\"https:\/\/secure.gravatar.com\/avatar\/0e37bb19071f47c0b8a23f62a903df117c5a0e75f65a0c2901562f97cd41cf86?s=96&d=mm&r=g\",\"contentUrl\":\"https:\/\/secure.gravatar.com\/avatar\/0e37bb19071f47c0b8a23f62a903df117c5a0e75f65a0c2901562f97cd41cf86?s=96&d=mm&r=g\",\"caption\":\"ritanery\"}}]}<\/script>\n<!-- \/ Yoast SEO plugin. -->","yoast_head_json":{"title":"Cuidadora de 59 anos vai \u00e0 pol\u00edcia e diz ter ca\u00eddo em golpe ap\u00f3s encontro iniciado na internet - R\u00e1dio Life FM","robots":{"index":"index","follow":"follow","max-snippet":"max-snippet:-1","max-image-preview":"max-image-preview:large","max-video-preview":"max-video-preview:-1"},"canonical":"https:\/\/radiolifefm.com.br\/noticias\/cuidadora-de-59-anos-vai-a-policia-e-diz-ter-caido-em-golpe-apos-encontro-iniciado-na-internet\/","og_locale":"pt_BR","og_type":"article","og_title":"Cuidadora de 59 anos vai \u00e0 pol\u00edcia e diz ter ca\u00eddo em golpe ap\u00f3s encontro iniciado na internet - R\u00e1dio Life FM","og_description":"A cuidadora de idosos Maria Aparecida Bezerra, de 59 anos, moradora em Adamantina, procurou a Pol\u00edcia Civil depois de desconfiar de que tinha sido v\u00edtima de golpe. Ela conheceu um homem pela internet que disse morar em Cuiab\u00e1 (MT) e se identificou como Adalberto, da dupla sertaneja Adalberto e Adriano, que marcou \u00e9poca nas d\u00e9cadas [&hellip;]","og_url":"https:\/\/radiolifefm.com.br\/noticias\/cuidadora-de-59-anos-vai-a-policia-e-diz-ter-caido-em-golpe-apos-encontro-iniciado-na-internet\/","og_site_name":"R\u00e1dio Life FM","article_publisher":"https:\/\/www.facebook.com\/radiolifefm\/","article_published_time":"2021-02-18T11:01:11+00:00","article_modified_time":"2026-04-17T16:29:58+00:00","og_image":[{"width":600,"height":337,"url":"https:\/\/radiolifefm.com.br\/noticias\/wp-content\/uploads\/2021\/02\/adajpg1613588952602d69d8352ad.jpg","type":"image\/jpeg"}],"author":"ritanery","twitter_card":"summary_large_image","twitter_misc":{"Escrito por":"ritanery","Est. tempo de leitura":"2 minutos"},"schema":{"@context":"https:\/\/schema.org","@graph":[{"@type":"Article","@id":"https:\/\/radiolifefm.com.br\/noticias\/cuidadora-de-59-anos-vai-a-policia-e-diz-ter-caido-em-golpe-apos-encontro-iniciado-na-internet\/#article","isPartOf":{"@id":"https:\/\/radiolifefm.com.br\/noticias\/cuidadora-de-59-anos-vai-a-policia-e-diz-ter-caido-em-golpe-apos-encontro-iniciado-na-internet\/"},"author":{"name":"ritanery","@id":"https:\/\/radiolifefm.com.br\/noticias\/#\/schema\/person\/6339b9fac59d12b071dec680d7375d87"},"headline":"Cuidadora de 59 anos vai \u00e0 pol\u00edcia e diz ter ca\u00eddo em golpe ap\u00f3s encontro iniciado na internet","datePublished":"2021-02-18T11:01:11+00:00","dateModified":"2026-04-17T16:29:58+00:00","mainEntityOfPage":{"@id":"https:\/\/radiolifefm.com.br\/noticias\/cuidadora-de-59-anos-vai-a-policia-e-diz-ter-caido-em-golpe-apos-encontro-iniciado-na-internet\/"},"wordCount":482,"publisher":{"@id":"https:\/\/radiolifefm.com.br\/noticias\/#organization"},"image":{"@id":"https:\/\/radiolifefm.com.br\/noticias\/cuidadora-de-59-anos-vai-a-policia-e-diz-ter-caido-em-golpe-apos-encontro-iniciado-na-internet\/#primaryimage"},"thumbnailUrl":"https:\/\/radiolifefm.com.br\/noticias\/wp-content\/uploads\/2021\/02\/adajpg1613588952602d69d8352ad.jpg","articleSection":["Adamantina"],"inLanguage":"pt-BR"},{"@type":"WebPage","@id":"https:\/\/radiolifefm.com.br\/noticias\/cuidadora-de-59-anos-vai-a-policia-e-diz-ter-caido-em-golpe-apos-encontro-iniciado-na-internet\/","url":"https:\/\/radiolifefm.com.br\/noticias\/cuidadora-de-59-anos-vai-a-policia-e-diz-ter-caido-em-golpe-apos-encontro-iniciado-na-internet\/","name":"Cuidadora de 59 anos vai \u00e0 pol\u00edcia e diz ter ca\u00eddo em golpe ap\u00f3s encontro iniciado na internet - R\u00e1dio Life FM","isPartOf":{"@id":"https:\/\/radiolifefm.com.br\/noticias\/#website"},"primaryImageOfPage":{"@id":"https:\/\/radiolifefm.com.br\/noticias\/cuidadora-de-59-anos-vai-a-policia-e-diz-ter-caido-em-golpe-apos-encontro-iniciado-na-internet\/#primaryimage"},"image":{"@id":"https:\/\/radiolifefm.com.br\/noticias\/cuidadora-de-59-anos-vai-a-policia-e-diz-ter-caido-em-golpe-apos-encontro-iniciado-na-internet\/#primaryimage"},"thumbnailUrl":"https:\/\/radiolifefm.com.br\/noticias\/wp-content\/uploads\/2021\/02\/adajpg1613588952602d69d8352ad.jpg","datePublished":"2021-02-18T11:01:11+00:00","dateModified":"2026-04-17T16:29:58+00:00","breadcrumb":{"@id":"https:\/\/radiolifefm.com.br\/noticias\/cuidadora-de-59-anos-vai-a-policia-e-diz-ter-caido-em-golpe-apos-encontro-iniciado-na-internet\/#breadcrumb"},"inLanguage":"pt-BR","potentialAction":[{"@type":"ReadAction","target":["https:\/\/radiolifefm.com.br\/noticias\/cuidadora-de-59-anos-vai-a-policia-e-diz-ter-caido-em-golpe-apos-encontro-iniciado-na-internet\/"]}]},{"@type":"ImageObject","inLanguage":"pt-BR","@id":"https:\/\/radiolifefm.com.br\/noticias\/cuidadora-de-59-anos-vai-a-policia-e-diz-ter-caido-em-golpe-apos-encontro-iniciado-na-internet\/#primaryimage","url":"https:\/\/radiolifefm.com.br\/noticias\/wp-content\/uploads\/2021\/02\/adajpg1613588952602d69d8352ad.jpg","contentUrl":"https:\/\/radiolifefm.com.br\/noticias\/wp-content\/uploads\/2021\/02\/adajpg1613588952602d69d8352ad.jpg","width":600,"height":337},{"@type":"BreadcrumbList","@id":"https:\/\/radiolifefm.com.br\/noticias\/cuidadora-de-59-anos-vai-a-policia-e-diz-ter-caido-em-golpe-apos-encontro-iniciado-na-internet\/#breadcrumb","itemListElement":[{"@type":"ListItem","position":1,"name":"In\u00edcio","item":"https:\/\/radiolifefm.com.br\/noticias\/"},{"@type":"ListItem","position":2,"name":"Cuidadora de 59 anos vai \u00e0 pol\u00edcia e diz ter ca\u00eddo em golpe ap\u00f3s encontro iniciado na internet"}]},{"@type":"WebSite","@id":"https:\/\/radiolifefm.com.br\/noticias\/#website","url":"https:\/\/radiolifefm.com.br\/noticias\/","name":"R\u00e1dio Life FM","description":"O Portal de Not\u00edcias de Adamantina","publisher":{"@id":"https:\/\/radiolifefm.com.br\/noticias\/#organization"},"alternateName":"Life FM","potentialAction":[{"@type":"SearchAction","target":{"@type":"EntryPoint","urlTemplate":"https:\/\/radiolifefm.com.br\/noticias\/?s={search_term_string}"},"query-input":{"@type":"PropertyValueSpecification","valueRequired":true,"valueName":"search_term_string"}}],"inLanguage":"pt-BR"},{"@type":"Organization","@id":"https:\/\/radiolifefm.com.br\/noticias\/#organization","name":"R\u00e1dio Life FM","alternateName":"Life FM","url":"https:\/\/radiolifefm.com.br\/noticias\/","logo":{"@type":"ImageObject","inLanguage":"pt-BR","@id":"https:\/\/radiolifefm.com.br\/noticias\/#\/schema\/logo\/image\/","url":"https:\/\/static.radiolifefm.com.br\/noticias\/wp-content\/uploads\/2019\/10\/logo-lifefm.png","contentUrl":"https:\/\/static.radiolifefm.com.br\/noticias\/wp-content\/uploads\/2019\/10\/logo-lifefm.png","width":196,"height":47,"caption":"R\u00e1dio Life FM"},"image":{"@id":"https:\/\/radiolifefm.com.br\/noticias\/#\/schema\/logo\/image\/"},"sameAs":["https:\/\/www.facebook.com\/radiolifefm\/","https:\/\/www.instagram.com\/life1079fm\/"]},{"@type":"Person","@id":"https:\/\/radiolifefm.com.br\/noticias\/#\/schema\/person\/6339b9fac59d12b071dec680d7375d87","name":"ritanery","image":{"@type":"ImageObject","inLanguage":"pt-BR","@id":"https:\/\/secure.gravatar.com\/avatar\/0e37bb19071f47c0b8a23f62a903df117c5a0e75f65a0c2901562f97cd41cf86?s=96&d=mm&r=g","url":"https:\/\/secure.gravatar.com\/avatar\/0e37bb19071f47c0b8a23f62a903df117c5a0e75f65a0c2901562f97cd41cf86?s=96&d=mm&r=g","contentUrl":"https:\/\/secure.gravatar.com\/avatar\/0e37bb19071f47c0b8a23f62a903df117c5a0e75f65a0c2901562f97cd41cf86?s=96&d=mm&r=g","caption":"ritanery"}}]}},"amp_enabled":true,"_links":{"self":[{"href":"https:\/\/radiolifefm.com.br\/noticias\/wp-json\/wp\/v2\/posts\/34999","targetHints":{"allow":["GET"]}}],"collection":[{"href":"https:\/\/radiolifefm.com.br\/noticias\/wp-json\/wp\/v2\/posts"}],"about":[{"href":"https:\/\/radiolifefm.com.br\/noticias\/wp-json\/wp\/v2\/types\/post"}],"author":[{"embeddable":true,"href":"https:\/\/radiolifefm.com.br\/noticias\/wp-json\/wp\/v2\/users\/13"}],"replies":[{"embeddable":true,"href":"https:\/\/radiolifefm.com.br\/noticias\/wp-json\/wp\/v2\/comments?post=34999"}],"version-history":[{"count":3,"href":"https:\/\/radiolifefm.com.br\/noticias\/wp-json\/wp\/v2\/posts\/34999\/revisions"}],"predecessor-version":[{"id":35004,"href":"https:\/\/radiolifefm.com.br\/noticias\/wp-json\/wp\/v2\/posts\/34999\/revisions\/35004"}],"wp:featuredmedia":[{"embeddable":true,"href":"https:\/\/radiolifefm.com.br\/noticias\/wp-json\/wp\/v2\/media\/35000"}],"wp:attachment":[{"href":"https:\/\/radiolifefm.com.br\/noticias\/wp-json\/wp\/v2\/media?parent=34999"}],"wp:term":[{"taxonomy":"category","embeddable":true,"href":"https:\/\/radiolifefm.com.br\/noticias\/wp-json\/wp\/v2\/categories?post=34999"},{"taxonomy":"post_tag","embeddable":true,"href":"https:\/\/radiolifefm.com.br\/noticias\/wp-json\/wp\/v2\/tags?post=34999"}],"curies":[{"name":"wp","href":"https:\/\/api.w.org\/{rel}","templated":true}]}}