{"id":30138,"date":"2020-11-19T10:46:54","date_gmt":"2020-11-19T13:46:54","guid":{"rendered":"https:\/\/radiolifefm.com.br\/noticias\/?p=30138"},"modified":"2026-03-23T08:56:18","modified_gmt":"2026-03-23T11:56:18","slug":"menino-de-2-anos-cai-de-janela-de-apartamento-no-primeiro-andar-em-presidente-prudente","status":"publish","type":"post","link":"https:\/\/radiolifefm.com.br\/noticias\/menino-de-2-anos-cai-de-janela-de-apartamento-no-primeiro-andar-em-presidente-prudente\/","title":{"rendered":"Menino de 2 anos cai de janela de apartamento no primeiro andar, em Presidente Prudente"},"content":{"rendered":"<div id=\"fb-root\"><\/div>\n<p>Um menino de 2 anos caiu de um apartamento no primeiro andar de um condom\u00ednio de pr\u00e9dios no Jardim Itapura, em\u00a0<a href=\"http:\/\/g1.globo.com\/sp\/presidente-prudente-regiao\/cidade\/presidente-prudente.html\">Presidente Prudente<\/a>, na noite desta quarta-feira (18). A crian\u00e7a caiu sobre um jardim e sofreu escoria\u00e7\u00f5es de natureza leve.<\/p>\n<p>Conforme o Boletim de Ocorr\u00eancia, a m\u00e3e da crian\u00e7a contou \u00e0 Pol\u00edcia Miliar que estava em um apartamento do primeiro andar, no quarto do filho, e o deixou no local para ir at\u00e9 a cozinha desligar o fog\u00e3o. Neste momento, a mulher ouviu um barulho.<\/p>\n<p>Quando voltou ao quarto, a mulher viu que a tela de prote\u00e7\u00e3o da janela estava descolada, e a crian\u00e7a teria mexido na janela e ca\u00eddo num jardim.<\/p>\n<p>A m\u00e3e viu a crian\u00e7a deitada no ch\u00e3o e imediatamente desceu, bem como acionou o Corpo de Bombeiros.<\/p>\n<p>O menino foi socorrido pela Unidade de Resgate do Corpo de Bombeiros e levado ao Pronto-socorro da Santa Casa de Miseric\u00f3rdia com ferimentos, aparentemente, de natureza leve. De acordo com o registro policial, a crian\u00e7a apresentava sangramento no nariz e incha\u00e7o na testa.<\/p>\n<p>Em nota ao\u00a0<strong>G1<\/strong>, a Santa Casa de Presidente Prudente informou que \u201ca crian\u00e7a de 2 anos deu entrada no Pronto-socorro ontem (18) \u00e0 noite com escoria\u00e7\u00f5es leves e o estado de sa\u00fade \u00e9 considerado est\u00e1vel\u201d.<\/p>\n<p>&nbsp;<\/p>\n<p>A per\u00edcia tamb\u00e9m compareceu ao local.<\/p>\n<p>O caso foi registrado na Delegacia Participativa da Pol\u00edcia Civil como queda acidental e les\u00e3o corporal culposa.<\/p>\n<p>&nbsp;<\/p>\n<p>Fonte: G1<\/p>\n","protected":false},"excerpt":{"rendered":"<p>Um menino de 2 anos caiu de um apartamento no primeiro andar de um condom\u00ednio de pr\u00e9dios no Jardim Itapura, em\u00a0Presidente Prudente, na noite desta quarta-feira (18). A crian\u00e7a caiu sobre um jardim e sofreu escoria\u00e7\u00f5es de natureza leve. Conforme o Boletim de Ocorr\u00eancia, a m\u00e3e da crian\u00e7a contou \u00e0 Pol\u00edcia Miliar que estava em [&hellip;]<\/p>\n","protected":false},"author":13,"featured_media":30139,"comment_status":"closed","ping_status":"open","sticky":false,"template":"","format":"standard","meta":{"_acf_changed":false,"_exactmetrics_skip_tracking":false,"_exactmetrics_sitenote_active":false,"_exactmetrics_sitenote_note":"","_exactmetrics_sitenote_category":0,"footnotes":""},"categories":[24],"tags":[],"class_list":["post-30138","post","type-post","status-publish","format-standard","has-post-thumbnail","hentry","category-regiao"],"acf":[],"yoast_head":"<!-- This site is optimized with the Yoast SEO plugin v27.2 - https:\/\/yoast.com\/product\/yoast-seo-wordpress\/ -->\n<title>Menino de 2 anos cai de janela de apartamento no primeiro andar, em Presidente Prudente - R\u00e1dio Life FM<\/title>\n<meta name=\"robots\" content=\"index, follow, max-snippet:-1, max-image-preview:large, max-video-preview:-1\" \/>\n<link rel=\"canonical\" href=\"https:\/\/radiolifefm.com.br\/noticias\/menino-de-2-anos-cai-de-janela-de-apartamento-no-primeiro-andar-em-presidente-prudente\/\" \/>\n<meta property=\"og:locale\" content=\"pt_BR\" \/>\n<meta property=\"og:type\" content=\"article\" \/>\n<meta property=\"og:title\" content=\"Menino de 2 anos cai de janela de apartamento no primeiro andar, em Presidente Prudente - R\u00e1dio Life FM\" \/>\n<meta property=\"og:description\" content=\"Um menino de 2 anos caiu de um apartamento no primeiro andar de um condom\u00ednio de pr\u00e9dios no Jardim Itapura, em\u00a0Presidente Prudente, na noite desta quarta-feira (18). A crian\u00e7a caiu sobre um jardim e sofreu escoria\u00e7\u00f5es de natureza leve. Conforme o Boletim de Ocorr\u00eancia, a m\u00e3e da crian\u00e7a contou \u00e0 Pol\u00edcia Miliar que estava em [&hellip;]\" \/>\n<meta property=\"og:url\" content=\"https:\/\/radiolifefm.com.br\/noticias\/menino-de-2-anos-cai-de-janela-de-apartamento-no-primeiro-andar-em-presidente-prudente\/\" \/>\n<meta property=\"og:site_name\" content=\"R\u00e1dio Life FM\" \/>\n<meta property=\"article:publisher\" content=\"https:\/\/www.facebook.com\/radiolifefm\/\" \/>\n<meta property=\"article:published_time\" content=\"2020-11-19T13:46:54+00:00\" \/>\n<meta property=\"article:modified_time\" content=\"2026-03-23T11:56:18+00:00\" \/>\n<meta property=\"og:image\" content=\"https:\/\/radiolifefm.com.br\/noticias\/wp-content\/uploads\/2020\/11\/santa-casa-ppe-1-.jpg\" \/>\n\t<meta property=\"og:image:width\" content=\"984\" \/>\n\t<meta property=\"og:image:height\" content=\"722\" \/>\n\t<meta property=\"og:image:type\" content=\"image\/jpeg\" \/>\n<meta name=\"author\" content=\"ritanery\" \/>\n<meta name=\"twitter:card\" content=\"summary_large_image\" \/>\n<meta name=\"twitter:label1\" content=\"Escrito por\" \/>\n\t<meta name=\"twitter:data1\" content=\"ritanery\" \/>\n\t<meta name=\"twitter:label2\" content=\"Est. tempo de leitura\" \/>\n\t<meta name=\"twitter:data2\" content=\"1 minuto\" \/>\n<script type=\"application\/ld+json\" class=\"yoast-schema-graph\">{\"@context\":\"https:\/\/schema.org\",\"@graph\":[{\"@type\":\"Article\",\"@id\":\"https:\/\/radiolifefm.com.br\/noticias\/menino-de-2-anos-cai-de-janela-de-apartamento-no-primeiro-andar-em-presidente-prudente\/#article\",\"isPartOf\":{\"@id\":\"https:\/\/radiolifefm.com.br\/noticias\/menino-de-2-anos-cai-de-janela-de-apartamento-no-primeiro-andar-em-presidente-prudente\/\"},\"author\":{\"name\":\"ritanery\",\"@id\":\"https:\/\/radiolifefm.com.br\/noticias\/#\/schema\/person\/6339b9fac59d12b071dec680d7375d87\"},\"headline\":\"Menino de 2 anos cai de janela de apartamento no primeiro andar, em Presidente Prudente\",\"datePublished\":\"2020-11-19T13:46:54+00:00\",\"dateModified\":\"2026-03-23T11:56:18+00:00\",\"mainEntityOfPage\":{\"@id\":\"https:\/\/radiolifefm.com.br\/noticias\/menino-de-2-anos-cai-de-janela-de-apartamento-no-primeiro-andar-em-presidente-prudente\/\"},\"wordCount\":269,\"publisher\":{\"@id\":\"https:\/\/radiolifefm.com.br\/noticias\/#organization\"},\"image\":{\"@id\":\"https:\/\/radiolifefm.com.br\/noticias\/menino-de-2-anos-cai-de-janela-de-apartamento-no-primeiro-andar-em-presidente-prudente\/#primaryimage\"},\"thumbnailUrl\":\"https:\/\/radiolifefm.com.br\/noticias\/wp-content\/uploads\/2020\/11\/santa-casa-ppe-1-.jpg\",\"articleSection\":[\"Regi\u00e3o\"],\"inLanguage\":\"pt-BR\"},{\"@type\":\"WebPage\",\"@id\":\"https:\/\/radiolifefm.com.br\/noticias\/menino-de-2-anos-cai-de-janela-de-apartamento-no-primeiro-andar-em-presidente-prudente\/\",\"url\":\"https:\/\/radiolifefm.com.br\/noticias\/menino-de-2-anos-cai-de-janela-de-apartamento-no-primeiro-andar-em-presidente-prudente\/\",\"name\":\"Menino de 2 anos cai de janela de apartamento no primeiro andar, em Presidente Prudente - R\u00e1dio Life FM\",\"isPartOf\":{\"@id\":\"https:\/\/radiolifefm.com.br\/noticias\/#website\"},\"primaryImageOfPage\":{\"@id\":\"https:\/\/radiolifefm.com.br\/noticias\/menino-de-2-anos-cai-de-janela-de-apartamento-no-primeiro-andar-em-presidente-prudente\/#primaryimage\"},\"image\":{\"@id\":\"https:\/\/radiolifefm.com.br\/noticias\/menino-de-2-anos-cai-de-janela-de-apartamento-no-primeiro-andar-em-presidente-prudente\/#primaryimage\"},\"thumbnailUrl\":\"https:\/\/radiolifefm.com.br\/noticias\/wp-content\/uploads\/2020\/11\/santa-casa-ppe-1-.jpg\",\"datePublished\":\"2020-11-19T13:46:54+00:00\",\"dateModified\":\"2026-03-23T11:56:18+00:00\",\"breadcrumb\":{\"@id\":\"https:\/\/radiolifefm.com.br\/noticias\/menino-de-2-anos-cai-de-janela-de-apartamento-no-primeiro-andar-em-presidente-prudente\/#breadcrumb\"},\"inLanguage\":\"pt-BR\",\"potentialAction\":[{\"@type\":\"ReadAction\",\"target\":[\"https:\/\/radiolifefm.com.br\/noticias\/menino-de-2-anos-cai-de-janela-de-apartamento-no-primeiro-andar-em-presidente-prudente\/\"]}]},{\"@type\":\"ImageObject\",\"inLanguage\":\"pt-BR\",\"@id\":\"https:\/\/radiolifefm.com.br\/noticias\/menino-de-2-anos-cai-de-janela-de-apartamento-no-primeiro-andar-em-presidente-prudente\/#primaryimage\",\"url\":\"https:\/\/radiolifefm.com.br\/noticias\/wp-content\/uploads\/2020\/11\/santa-casa-ppe-1-.jpg\",\"contentUrl\":\"https:\/\/radiolifefm.com.br\/noticias\/wp-content\/uploads\/2020\/11\/santa-casa-ppe-1-.jpg\",\"width\":984,\"height\":722,\"caption\":\"Conforme o Boletim de Ocorr\u00eancia, crian\u00e7a caiu sobre um jardim e sofreu escoria\u00e7\u00f5es de natureza leve. Ele foi levado para a Santa Casa de Miseric\u00f3rdia, onde recebe atendimento.\"},{\"@type\":\"BreadcrumbList\",\"@id\":\"https:\/\/radiolifefm.com.br\/noticias\/menino-de-2-anos-cai-de-janela-de-apartamento-no-primeiro-andar-em-presidente-prudente\/#breadcrumb\",\"itemListElement\":[{\"@type\":\"ListItem\",\"position\":1,\"name\":\"In\u00edcio\",\"item\":\"https:\/\/radiolifefm.com.br\/noticias\/\"},{\"@type\":\"ListItem\",\"position\":2,\"name\":\"Menino de 2 anos cai de janela de apartamento no primeiro andar, em Presidente Prudente\"}]},{\"@type\":\"WebSite\",\"@id\":\"https:\/\/radiolifefm.com.br\/noticias\/#website\",\"url\":\"https:\/\/radiolifefm.com.br\/noticias\/\",\"name\":\"R\u00e1dio Life FM\",\"description\":\"O Portal de Not\u00edcias de Adamantina\",\"publisher\":{\"@id\":\"https:\/\/radiolifefm.com.br\/noticias\/#organization\"},\"alternateName\":\"Life FM\",\"potentialAction\":[{\"@type\":\"SearchAction\",\"target\":{\"@type\":\"EntryPoint\",\"urlTemplate\":\"https:\/\/radiolifefm.com.br\/noticias\/?s={search_term_string}\"},\"query-input\":{\"@type\":\"PropertyValueSpecification\",\"valueRequired\":true,\"valueName\":\"search_term_string\"}}],\"inLanguage\":\"pt-BR\"},{\"@type\":\"Organization\",\"@id\":\"https:\/\/radiolifefm.com.br\/noticias\/#organization\",\"name\":\"R\u00e1dio Life FM\",\"alternateName\":\"Life FM\",\"url\":\"https:\/\/radiolifefm.com.br\/noticias\/\",\"logo\":{\"@type\":\"ImageObject\",\"inLanguage\":\"pt-BR\",\"@id\":\"https:\/\/radiolifefm.com.br\/noticias\/#\/schema\/logo\/image\/\",\"url\":\"https:\/\/static.radiolifefm.com.br\/noticias\/wp-content\/uploads\/2019\/10\/logo-lifefm.png\",\"contentUrl\":\"https:\/\/static.radiolifefm.com.br\/noticias\/wp-content\/uploads\/2019\/10\/logo-lifefm.png\",\"width\":196,\"height\":47,\"caption\":\"R\u00e1dio Life FM\"},\"image\":{\"@id\":\"https:\/\/radiolifefm.com.br\/noticias\/#\/schema\/logo\/image\/\"},\"sameAs\":[\"https:\/\/www.facebook.com\/radiolifefm\/\",\"https:\/\/www.instagram.com\/life1079fm\/\"]},{\"@type\":\"Person\",\"@id\":\"https:\/\/radiolifefm.com.br\/noticias\/#\/schema\/person\/6339b9fac59d12b071dec680d7375d87\",\"name\":\"ritanery\",\"image\":{\"@type\":\"ImageObject\",\"inLanguage\":\"pt-BR\",\"@id\":\"https:\/\/secure.gravatar.com\/avatar\/0e37bb19071f47c0b8a23f62a903df117c5a0e75f65a0c2901562f97cd41cf86?s=96&d=mm&r=g\",\"url\":\"https:\/\/secure.gravatar.com\/avatar\/0e37bb19071f47c0b8a23f62a903df117c5a0e75f65a0c2901562f97cd41cf86?s=96&d=mm&r=g\",\"contentUrl\":\"https:\/\/secure.gravatar.com\/avatar\/0e37bb19071f47c0b8a23f62a903df117c5a0e75f65a0c2901562f97cd41cf86?s=96&d=mm&r=g\",\"caption\":\"ritanery\"}}]}<\/script>\n<!-- \/ Yoast SEO plugin. -->","yoast_head_json":{"title":"Menino de 2 anos cai de janela de apartamento no primeiro andar, em Presidente Prudente - R\u00e1dio Life FM","robots":{"index":"index","follow":"follow","max-snippet":"max-snippet:-1","max-image-preview":"max-image-preview:large","max-video-preview":"max-video-preview:-1"},"canonical":"https:\/\/radiolifefm.com.br\/noticias\/menino-de-2-anos-cai-de-janela-de-apartamento-no-primeiro-andar-em-presidente-prudente\/","og_locale":"pt_BR","og_type":"article","og_title":"Menino de 2 anos cai de janela de apartamento no primeiro andar, em Presidente Prudente - R\u00e1dio Life FM","og_description":"Um menino de 2 anos caiu de um apartamento no primeiro andar de um condom\u00ednio de pr\u00e9dios no Jardim Itapura, em\u00a0Presidente Prudente, na noite desta quarta-feira (18). A crian\u00e7a caiu sobre um jardim e sofreu escoria\u00e7\u00f5es de natureza leve. Conforme o Boletim de Ocorr\u00eancia, a m\u00e3e da crian\u00e7a contou \u00e0 Pol\u00edcia Miliar que estava em [&hellip;]","og_url":"https:\/\/radiolifefm.com.br\/noticias\/menino-de-2-anos-cai-de-janela-de-apartamento-no-primeiro-andar-em-presidente-prudente\/","og_site_name":"R\u00e1dio Life FM","article_publisher":"https:\/\/www.facebook.com\/radiolifefm\/","article_published_time":"2020-11-19T13:46:54+00:00","article_modified_time":"2026-03-23T11:56:18+00:00","og_image":[{"width":984,"height":722,"url":"https:\/\/radiolifefm.com.br\/noticias\/wp-content\/uploads\/2020\/11\/santa-casa-ppe-1-.jpg","type":"image\/jpeg"}],"author":"ritanery","twitter_card":"summary_large_image","twitter_misc":{"Escrito por":"ritanery","Est. tempo de leitura":"1 minuto"},"schema":{"@context":"https:\/\/schema.org","@graph":[{"@type":"Article","@id":"https:\/\/radiolifefm.com.br\/noticias\/menino-de-2-anos-cai-de-janela-de-apartamento-no-primeiro-andar-em-presidente-prudente\/#article","isPartOf":{"@id":"https:\/\/radiolifefm.com.br\/noticias\/menino-de-2-anos-cai-de-janela-de-apartamento-no-primeiro-andar-em-presidente-prudente\/"},"author":{"name":"ritanery","@id":"https:\/\/radiolifefm.com.br\/noticias\/#\/schema\/person\/6339b9fac59d12b071dec680d7375d87"},"headline":"Menino de 2 anos cai de janela de apartamento no primeiro andar, em Presidente Prudente","datePublished":"2020-11-19T13:46:54+00:00","dateModified":"2026-03-23T11:56:18+00:00","mainEntityOfPage":{"@id":"https:\/\/radiolifefm.com.br\/noticias\/menino-de-2-anos-cai-de-janela-de-apartamento-no-primeiro-andar-em-presidente-prudente\/"},"wordCount":269,"publisher":{"@id":"https:\/\/radiolifefm.com.br\/noticias\/#organization"},"image":{"@id":"https:\/\/radiolifefm.com.br\/noticias\/menino-de-2-anos-cai-de-janela-de-apartamento-no-primeiro-andar-em-presidente-prudente\/#primaryimage"},"thumbnailUrl":"https:\/\/radiolifefm.com.br\/noticias\/wp-content\/uploads\/2020\/11\/santa-casa-ppe-1-.jpg","articleSection":["Regi\u00e3o"],"inLanguage":"pt-BR"},{"@type":"WebPage","@id":"https:\/\/radiolifefm.com.br\/noticias\/menino-de-2-anos-cai-de-janela-de-apartamento-no-primeiro-andar-em-presidente-prudente\/","url":"https:\/\/radiolifefm.com.br\/noticias\/menino-de-2-anos-cai-de-janela-de-apartamento-no-primeiro-andar-em-presidente-prudente\/","name":"Menino de 2 anos cai de janela de apartamento no primeiro andar, em Presidente Prudente - R\u00e1dio Life FM","isPartOf":{"@id":"https:\/\/radiolifefm.com.br\/noticias\/#website"},"primaryImageOfPage":{"@id":"https:\/\/radiolifefm.com.br\/noticias\/menino-de-2-anos-cai-de-janela-de-apartamento-no-primeiro-andar-em-presidente-prudente\/#primaryimage"},"image":{"@id":"https:\/\/radiolifefm.com.br\/noticias\/menino-de-2-anos-cai-de-janela-de-apartamento-no-primeiro-andar-em-presidente-prudente\/#primaryimage"},"thumbnailUrl":"https:\/\/radiolifefm.com.br\/noticias\/wp-content\/uploads\/2020\/11\/santa-casa-ppe-1-.jpg","datePublished":"2020-11-19T13:46:54+00:00","dateModified":"2026-03-23T11:56:18+00:00","breadcrumb":{"@id":"https:\/\/radiolifefm.com.br\/noticias\/menino-de-2-anos-cai-de-janela-de-apartamento-no-primeiro-andar-em-presidente-prudente\/#breadcrumb"},"inLanguage":"pt-BR","potentialAction":[{"@type":"ReadAction","target":["https:\/\/radiolifefm.com.br\/noticias\/menino-de-2-anos-cai-de-janela-de-apartamento-no-primeiro-andar-em-presidente-prudente\/"]}]},{"@type":"ImageObject","inLanguage":"pt-BR","@id":"https:\/\/radiolifefm.com.br\/noticias\/menino-de-2-anos-cai-de-janela-de-apartamento-no-primeiro-andar-em-presidente-prudente\/#primaryimage","url":"https:\/\/radiolifefm.com.br\/noticias\/wp-content\/uploads\/2020\/11\/santa-casa-ppe-1-.jpg","contentUrl":"https:\/\/radiolifefm.com.br\/noticias\/wp-content\/uploads\/2020\/11\/santa-casa-ppe-1-.jpg","width":984,"height":722,"caption":"Conforme o Boletim de Ocorr\u00eancia, crian\u00e7a caiu sobre um jardim e sofreu escoria\u00e7\u00f5es de natureza leve. Ele foi levado para a Santa Casa de Miseric\u00f3rdia, onde recebe atendimento."},{"@type":"BreadcrumbList","@id":"https:\/\/radiolifefm.com.br\/noticias\/menino-de-2-anos-cai-de-janela-de-apartamento-no-primeiro-andar-em-presidente-prudente\/#breadcrumb","itemListElement":[{"@type":"ListItem","position":1,"name":"In\u00edcio","item":"https:\/\/radiolifefm.com.br\/noticias\/"},{"@type":"ListItem","position":2,"name":"Menino de 2 anos cai de janela de apartamento no primeiro andar, em Presidente Prudente"}]},{"@type":"WebSite","@id":"https:\/\/radiolifefm.com.br\/noticias\/#website","url":"https:\/\/radiolifefm.com.br\/noticias\/","name":"R\u00e1dio Life FM","description":"O Portal de Not\u00edcias de Adamantina","publisher":{"@id":"https:\/\/radiolifefm.com.br\/noticias\/#organization"},"alternateName":"Life FM","potentialAction":[{"@type":"SearchAction","target":{"@type":"EntryPoint","urlTemplate":"https:\/\/radiolifefm.com.br\/noticias\/?s={search_term_string}"},"query-input":{"@type":"PropertyValueSpecification","valueRequired":true,"valueName":"search_term_string"}}],"inLanguage":"pt-BR"},{"@type":"Organization","@id":"https:\/\/radiolifefm.com.br\/noticias\/#organization","name":"R\u00e1dio Life FM","alternateName":"Life FM","url":"https:\/\/radiolifefm.com.br\/noticias\/","logo":{"@type":"ImageObject","inLanguage":"pt-BR","@id":"https:\/\/radiolifefm.com.br\/noticias\/#\/schema\/logo\/image\/","url":"https:\/\/static.radiolifefm.com.br\/noticias\/wp-content\/uploads\/2019\/10\/logo-lifefm.png","contentUrl":"https:\/\/static.radiolifefm.com.br\/noticias\/wp-content\/uploads\/2019\/10\/logo-lifefm.png","width":196,"height":47,"caption":"R\u00e1dio Life FM"},"image":{"@id":"https:\/\/radiolifefm.com.br\/noticias\/#\/schema\/logo\/image\/"},"sameAs":["https:\/\/www.facebook.com\/radiolifefm\/","https:\/\/www.instagram.com\/life1079fm\/"]},{"@type":"Person","@id":"https:\/\/radiolifefm.com.br\/noticias\/#\/schema\/person\/6339b9fac59d12b071dec680d7375d87","name":"ritanery","image":{"@type":"ImageObject","inLanguage":"pt-BR","@id":"https:\/\/secure.gravatar.com\/avatar\/0e37bb19071f47c0b8a23f62a903df117c5a0e75f65a0c2901562f97cd41cf86?s=96&d=mm&r=g","url":"https:\/\/secure.gravatar.com\/avatar\/0e37bb19071f47c0b8a23f62a903df117c5a0e75f65a0c2901562f97cd41cf86?s=96&d=mm&r=g","contentUrl":"https:\/\/secure.gravatar.com\/avatar\/0e37bb19071f47c0b8a23f62a903df117c5a0e75f65a0c2901562f97cd41cf86?s=96&d=mm&r=g","caption":"ritanery"}}]}},"amp_enabled":true,"_links":{"self":[{"href":"https:\/\/radiolifefm.com.br\/noticias\/wp-json\/wp\/v2\/posts\/30138","targetHints":{"allow":["GET"]}}],"collection":[{"href":"https:\/\/radiolifefm.com.br\/noticias\/wp-json\/wp\/v2\/posts"}],"about":[{"href":"https:\/\/radiolifefm.com.br\/noticias\/wp-json\/wp\/v2\/types\/post"}],"author":[{"embeddable":true,"href":"https:\/\/radiolifefm.com.br\/noticias\/wp-json\/wp\/v2\/users\/13"}],"replies":[{"embeddable":true,"href":"https:\/\/radiolifefm.com.br\/noticias\/wp-json\/wp\/v2\/comments?post=30138"}],"version-history":[{"count":2,"href":"https:\/\/radiolifefm.com.br\/noticias\/wp-json\/wp\/v2\/posts\/30138\/revisions"}],"predecessor-version":[{"id":30141,"href":"https:\/\/radiolifefm.com.br\/noticias\/wp-json\/wp\/v2\/posts\/30138\/revisions\/30141"}],"wp:featuredmedia":[{"embeddable":true,"href":"https:\/\/radiolifefm.com.br\/noticias\/wp-json\/wp\/v2\/media\/30139"}],"wp:attachment":[{"href":"https:\/\/radiolifefm.com.br\/noticias\/wp-json\/wp\/v2\/media?parent=30138"}],"wp:term":[{"taxonomy":"category","embeddable":true,"href":"https:\/\/radiolifefm.com.br\/noticias\/wp-json\/wp\/v2\/categories?post=30138"},{"taxonomy":"post_tag","embeddable":true,"href":"https:\/\/radiolifefm.com.br\/noticias\/wp-json\/wp\/v2\/tags?post=30138"}],"curies":[{"name":"wp","href":"https:\/\/api.w.org\/{rel}","templated":true}]}}