{"id":30098,"date":"2020-11-18T22:14:32","date_gmt":"2020-11-19T01:14:32","guid":{"rendered":"https:\/\/radiolifefm.com.br\/noticias\/?p=30098"},"modified":"2026-04-23T10:06:59","modified_gmt":"2026-04-23T13:06:59","slug":"bebe-tem-70-do-corpo-queimados-durante-incendio-vizinho-arromba-janela-da-casa-para-salvar-crianca","status":"publish","type":"post","link":"https:\/\/radiolifefm.com.br\/noticias\/bebe-tem-70-do-corpo-queimados-durante-incendio-vizinho-arromba-janela-da-casa-para-salvar-crianca\/","title":{"rendered":"Beb\u00ea tem 70% do corpo queimados durante inc\u00eandio; vizinho arromba janela da casa para salvar crian\u00e7a"},"content":{"rendered":"<div id=\"fb-root\"><\/div>\n<p style=\"font-weight: 400\">Uma beb\u00ea de sete meses teve ferimentos graves ap\u00f3s um inc\u00eandio em resid\u00eancia, que aconteceu nesta ter\u00e7a-feira (17), na rua das Cam\u00e9lias, Jardim do Trevo, em Ara\u00e7atuba.<\/p>\n<p style=\"font-weight: 400\">Por motivos a apurar, o fogo teria come\u00e7ado pr\u00f3ximo de um sof\u00e1 e se alastrou rapidamente pela casa, que ficou completamente destru\u00edda.<\/p>\n<p style=\"font-weight: 400\">Segundo a pol\u00edcia no momento em que o inc\u00eandio come\u00e7ou, a m\u00e3e das crian\u00e7as e o filho mais velho, de 3 anos correram para fora da casa. Em um dos quartos, no ber\u00e7o, estava a beb\u00ea de 7 meses.<\/p>\n<p><img decoding=\"async\" src=\"https:\/\/www.sigamais.com\/arquivo\/uploads\/whatsappimage20201117at1713501jpg16057237595fb5666f23d02.jpg\" \/><\/p>\n<p>Ao ver o inc\u00eandio, e quando soube que a crian\u00e7a estava no interior do im\u00f3vel, um vizinho decidiu resgat\u00e1-la. Fel\u00edcio Alves disse que\u00a0 foi necess\u00e1rio abrir a janela e arrombar uma grade, para que fosse poss\u00edvel retirar a crian\u00e7a do quarto. \u201cEstava sentado na frente da minha casa. A vizinha saiu correndo. Levantei, corri e vi o sof\u00e1 pegando fogo na sala. Fiquei desesperado quando vi o inc\u00eandio e escutei a crian\u00e7a chorando no ber\u00e7o. Abri a janela e vi que tinha grade\u201d, conta.<\/p>\n<p style=\"font-weight: 400\">Ap\u00f3s arrombar a grade e entrar no c\u00f4modo, o vizinho pegou a crian\u00e7a e entregou para a m\u00e3e, que aguardava do lado de fora. \u201cN\u00e3o conseguia ver muita coisa. S\u00f3 escutei a crian\u00e7a chorando. Estava uma fuma\u00e7a muito escura. Precisei jogar um pouco de \u00e1gua para ver se esfriava. Queimei o ombro, as costas e as m\u00e3os na janela, que estava quente\u201d, lembra.<\/p>\n<p><img decoding=\"async\" src=\"https:\/\/www.sigamais.com\/arquivo\/uploads\/171120043338119640826jpg16057234885fb56560594f1.jpg\" \/><\/p>\n<p>Depois de resgatar a crian\u00e7a, o beb\u00ea foi levado \u00e0 Santa Casa de Ara\u00e7atuba, com queimaduras em cerca de 70% do corpo. Depois de atendida, foi encaminhada para um hospital especializado em queimados, em Catanduva. A outra crian\u00e7a, de 3 anos, tamb\u00e9m se feriu, em estado leve, sendo atendia na Santa Casa de Ara\u00e7atuba, medicada e liberada.<\/p>\n<p>Fonte: Siga Mais<\/p>\n","protected":false},"excerpt":{"rendered":"<p>Uma beb\u00ea de sete meses teve ferimentos graves ap\u00f3s um inc\u00eandio em resid\u00eancia, que aconteceu nesta ter\u00e7a-feira (17), na rua das Cam\u00e9lias, Jardim do Trevo, em Ara\u00e7atuba. Por motivos a apurar, o fogo teria come\u00e7ado pr\u00f3ximo de um sof\u00e1 e se alastrou rapidamente pela casa, que ficou completamente destru\u00edda. Segundo a pol\u00edcia no momento em [&hellip;]<\/p>\n","protected":false},"author":13,"featured_media":30102,"comment_status":"closed","ping_status":"open","sticky":false,"template":"","format":"standard","meta":{"_acf_changed":false,"_exactmetrics_skip_tracking":false,"_exactmetrics_sitenote_active":false,"_exactmetrics_sitenote_note":"","_exactmetrics_sitenote_category":0,"footnotes":""},"categories":[24],"tags":[],"class_list":["post-30098","post","type-post","status-publish","format-standard","has-post-thumbnail","hentry","category-regiao"],"acf":[],"yoast_head":"<!-- This site is optimized with the Yoast SEO plugin v27.2 - https:\/\/yoast.com\/product\/yoast-seo-wordpress\/ -->\n<title>Beb\u00ea tem 70% do corpo queimados durante inc\u00eandio; vizinho arromba janela da casa para salvar crian\u00e7a - R\u00e1dio Life FM<\/title>\n<meta name=\"robots\" content=\"index, follow, max-snippet:-1, max-image-preview:large, max-video-preview:-1\" \/>\n<link rel=\"canonical\" href=\"https:\/\/radiolifefm.com.br\/noticias\/bebe-tem-70-do-corpo-queimados-durante-incendio-vizinho-arromba-janela-da-casa-para-salvar-crianca\/\" \/>\n<meta property=\"og:locale\" content=\"pt_BR\" \/>\n<meta property=\"og:type\" content=\"article\" \/>\n<meta property=\"og:title\" content=\"Beb\u00ea tem 70% do corpo queimados durante inc\u00eandio; vizinho arromba janela da casa para salvar crian\u00e7a - R\u00e1dio Life FM\" \/>\n<meta property=\"og:description\" content=\"Uma beb\u00ea de sete meses teve ferimentos graves ap\u00f3s um inc\u00eandio em resid\u00eancia, que aconteceu nesta ter\u00e7a-feira (17), na rua das Cam\u00e9lias, Jardim do Trevo, em Ara\u00e7atuba. Por motivos a apurar, o fogo teria come\u00e7ado pr\u00f3ximo de um sof\u00e1 e se alastrou rapidamente pela casa, que ficou completamente destru\u00edda. Segundo a pol\u00edcia no momento em [&hellip;]\" \/>\n<meta property=\"og:url\" content=\"https:\/\/radiolifefm.com.br\/noticias\/bebe-tem-70-do-corpo-queimados-durante-incendio-vizinho-arromba-janela-da-casa-para-salvar-crianca\/\" \/>\n<meta property=\"og:site_name\" content=\"R\u00e1dio Life FM\" \/>\n<meta property=\"article:publisher\" content=\"https:\/\/www.facebook.com\/radiolifefm\/\" \/>\n<meta property=\"article:published_time\" content=\"2020-11-19T01:14:32+00:00\" \/>\n<meta property=\"article:modified_time\" content=\"2026-04-23T13:06:59+00:00\" \/>\n<meta property=\"og:image\" content=\"https:\/\/radiolifefm.com.br\/noticias\/wp-content\/uploads\/2020\/11\/ata1jpg16057240445fb5678c8f69e.jpg\" \/>\n\t<meta property=\"og:image:width\" content=\"600\" \/>\n\t<meta property=\"og:image:height\" content=\"337\" \/>\n\t<meta property=\"og:image:type\" content=\"image\/jpeg\" \/>\n<meta name=\"author\" content=\"ritanery\" \/>\n<meta name=\"twitter:card\" content=\"summary_large_image\" \/>\n<meta name=\"twitter:label1\" content=\"Escrito por\" \/>\n\t<meta name=\"twitter:data1\" content=\"ritanery\" \/>\n\t<meta name=\"twitter:label2\" content=\"Est. tempo de leitura\" \/>\n\t<meta name=\"twitter:data2\" content=\"2 minutos\" \/>\n<script type=\"application\/ld+json\" class=\"yoast-schema-graph\">{\"@context\":\"https:\/\/schema.org\",\"@graph\":[{\"@type\":\"Article\",\"@id\":\"https:\/\/radiolifefm.com.br\/noticias\/bebe-tem-70-do-corpo-queimados-durante-incendio-vizinho-arromba-janela-da-casa-para-salvar-crianca\/#article\",\"isPartOf\":{\"@id\":\"https:\/\/radiolifefm.com.br\/noticias\/bebe-tem-70-do-corpo-queimados-durante-incendio-vizinho-arromba-janela-da-casa-para-salvar-crianca\/\"},\"author\":{\"name\":\"ritanery\",\"@id\":\"https:\/\/radiolifefm.com.br\/noticias\/#\/schema\/person\/6339b9fac59d12b071dec680d7375d87\"},\"headline\":\"Beb\u00ea tem 70% do corpo queimados durante inc\u00eandio; vizinho arromba janela da casa para salvar crian\u00e7a\",\"datePublished\":\"2020-11-19T01:14:32+00:00\",\"dateModified\":\"2026-04-23T13:06:59+00:00\",\"mainEntityOfPage\":{\"@id\":\"https:\/\/radiolifefm.com.br\/noticias\/bebe-tem-70-do-corpo-queimados-durante-incendio-vizinho-arromba-janela-da-casa-para-salvar-crianca\/\"},\"wordCount\":345,\"publisher\":{\"@id\":\"https:\/\/radiolifefm.com.br\/noticias\/#organization\"},\"image\":{\"@id\":\"https:\/\/radiolifefm.com.br\/noticias\/bebe-tem-70-do-corpo-queimados-durante-incendio-vizinho-arromba-janela-da-casa-para-salvar-crianca\/#primaryimage\"},\"thumbnailUrl\":\"https:\/\/radiolifefm.com.br\/noticias\/wp-content\/uploads\/2020\/11\/ata1jpg16057240445fb5678c8f69e.jpg\",\"articleSection\":[\"Regi\u00e3o\"],\"inLanguage\":\"pt-BR\"},{\"@type\":\"WebPage\",\"@id\":\"https:\/\/radiolifefm.com.br\/noticias\/bebe-tem-70-do-corpo-queimados-durante-incendio-vizinho-arromba-janela-da-casa-para-salvar-crianca\/\",\"url\":\"https:\/\/radiolifefm.com.br\/noticias\/bebe-tem-70-do-corpo-queimados-durante-incendio-vizinho-arromba-janela-da-casa-para-salvar-crianca\/\",\"name\":\"Beb\u00ea tem 70% do corpo queimados durante inc\u00eandio; vizinho arromba janela da casa para salvar crian\u00e7a - R\u00e1dio Life FM\",\"isPartOf\":{\"@id\":\"https:\/\/radiolifefm.com.br\/noticias\/#website\"},\"primaryImageOfPage\":{\"@id\":\"https:\/\/radiolifefm.com.br\/noticias\/bebe-tem-70-do-corpo-queimados-durante-incendio-vizinho-arromba-janela-da-casa-para-salvar-crianca\/#primaryimage\"},\"image\":{\"@id\":\"https:\/\/radiolifefm.com.br\/noticias\/bebe-tem-70-do-corpo-queimados-durante-incendio-vizinho-arromba-janela-da-casa-para-salvar-crianca\/#primaryimage\"},\"thumbnailUrl\":\"https:\/\/radiolifefm.com.br\/noticias\/wp-content\/uploads\/2020\/11\/ata1jpg16057240445fb5678c8f69e.jpg\",\"datePublished\":\"2020-11-19T01:14:32+00:00\",\"dateModified\":\"2026-04-23T13:06:59+00:00\",\"breadcrumb\":{\"@id\":\"https:\/\/radiolifefm.com.br\/noticias\/bebe-tem-70-do-corpo-queimados-durante-incendio-vizinho-arromba-janela-da-casa-para-salvar-crianca\/#breadcrumb\"},\"inLanguage\":\"pt-BR\",\"potentialAction\":[{\"@type\":\"ReadAction\",\"target\":[\"https:\/\/radiolifefm.com.br\/noticias\/bebe-tem-70-do-corpo-queimados-durante-incendio-vizinho-arromba-janela-da-casa-para-salvar-crianca\/\"]}]},{\"@type\":\"ImageObject\",\"inLanguage\":\"pt-BR\",\"@id\":\"https:\/\/radiolifefm.com.br\/noticias\/bebe-tem-70-do-corpo-queimados-durante-incendio-vizinho-arromba-janela-da-casa-para-salvar-crianca\/#primaryimage\",\"url\":\"https:\/\/radiolifefm.com.br\/noticias\/wp-content\/uploads\/2020\/11\/ata1jpg16057240445fb5678c8f69e.jpg\",\"contentUrl\":\"https:\/\/radiolifefm.com.br\/noticias\/wp-content\/uploads\/2020\/11\/ata1jpg16057240445fb5678c8f69e.jpg\",\"width\":600,\"height\":337,\"caption\":\"Vizinho arrombou a janela do quarto e conseguiu salvar a beb\u00ea.\"},{\"@type\":\"BreadcrumbList\",\"@id\":\"https:\/\/radiolifefm.com.br\/noticias\/bebe-tem-70-do-corpo-queimados-durante-incendio-vizinho-arromba-janela-da-casa-para-salvar-crianca\/#breadcrumb\",\"itemListElement\":[{\"@type\":\"ListItem\",\"position\":1,\"name\":\"In\u00edcio\",\"item\":\"https:\/\/radiolifefm.com.br\/noticias\/\"},{\"@type\":\"ListItem\",\"position\":2,\"name\":\"Beb\u00ea tem 70% do corpo queimados durante inc\u00eandio; vizinho arromba janela da casa para salvar crian\u00e7a\"}]},{\"@type\":\"WebSite\",\"@id\":\"https:\/\/radiolifefm.com.br\/noticias\/#website\",\"url\":\"https:\/\/radiolifefm.com.br\/noticias\/\",\"name\":\"R\u00e1dio Life FM\",\"description\":\"O Portal de Not\u00edcias de Adamantina\",\"publisher\":{\"@id\":\"https:\/\/radiolifefm.com.br\/noticias\/#organization\"},\"alternateName\":\"Life FM\",\"potentialAction\":[{\"@type\":\"SearchAction\",\"target\":{\"@type\":\"EntryPoint\",\"urlTemplate\":\"https:\/\/radiolifefm.com.br\/noticias\/?s={search_term_string}\"},\"query-input\":{\"@type\":\"PropertyValueSpecification\",\"valueRequired\":true,\"valueName\":\"search_term_string\"}}],\"inLanguage\":\"pt-BR\"},{\"@type\":\"Organization\",\"@id\":\"https:\/\/radiolifefm.com.br\/noticias\/#organization\",\"name\":\"R\u00e1dio Life FM\",\"alternateName\":\"Life FM\",\"url\":\"https:\/\/radiolifefm.com.br\/noticias\/\",\"logo\":{\"@type\":\"ImageObject\",\"inLanguage\":\"pt-BR\",\"@id\":\"https:\/\/radiolifefm.com.br\/noticias\/#\/schema\/logo\/image\/\",\"url\":\"https:\/\/static.radiolifefm.com.br\/noticias\/wp-content\/uploads\/2019\/10\/logo-lifefm.png\",\"contentUrl\":\"https:\/\/static.radiolifefm.com.br\/noticias\/wp-content\/uploads\/2019\/10\/logo-lifefm.png\",\"width\":196,\"height\":47,\"caption\":\"R\u00e1dio Life FM\"},\"image\":{\"@id\":\"https:\/\/radiolifefm.com.br\/noticias\/#\/schema\/logo\/image\/\"},\"sameAs\":[\"https:\/\/www.facebook.com\/radiolifefm\/\",\"https:\/\/www.instagram.com\/life1079fm\/\"]},{\"@type\":\"Person\",\"@id\":\"https:\/\/radiolifefm.com.br\/noticias\/#\/schema\/person\/6339b9fac59d12b071dec680d7375d87\",\"name\":\"ritanery\",\"image\":{\"@type\":\"ImageObject\",\"inLanguage\":\"pt-BR\",\"@id\":\"https:\/\/secure.gravatar.com\/avatar\/0e37bb19071f47c0b8a23f62a903df117c5a0e75f65a0c2901562f97cd41cf86?s=96&d=mm&r=g\",\"url\":\"https:\/\/secure.gravatar.com\/avatar\/0e37bb19071f47c0b8a23f62a903df117c5a0e75f65a0c2901562f97cd41cf86?s=96&d=mm&r=g\",\"contentUrl\":\"https:\/\/secure.gravatar.com\/avatar\/0e37bb19071f47c0b8a23f62a903df117c5a0e75f65a0c2901562f97cd41cf86?s=96&d=mm&r=g\",\"caption\":\"ritanery\"}}]}<\/script>\n<!-- \/ Yoast SEO plugin. -->","yoast_head_json":{"title":"Beb\u00ea tem 70% do corpo queimados durante inc\u00eandio; vizinho arromba janela da casa para salvar crian\u00e7a - R\u00e1dio Life FM","robots":{"index":"index","follow":"follow","max-snippet":"max-snippet:-1","max-image-preview":"max-image-preview:large","max-video-preview":"max-video-preview:-1"},"canonical":"https:\/\/radiolifefm.com.br\/noticias\/bebe-tem-70-do-corpo-queimados-durante-incendio-vizinho-arromba-janela-da-casa-para-salvar-crianca\/","og_locale":"pt_BR","og_type":"article","og_title":"Beb\u00ea tem 70% do corpo queimados durante inc\u00eandio; vizinho arromba janela da casa para salvar crian\u00e7a - R\u00e1dio Life FM","og_description":"Uma beb\u00ea de sete meses teve ferimentos graves ap\u00f3s um inc\u00eandio em resid\u00eancia, que aconteceu nesta ter\u00e7a-feira (17), na rua das Cam\u00e9lias, Jardim do Trevo, em Ara\u00e7atuba. Por motivos a apurar, o fogo teria come\u00e7ado pr\u00f3ximo de um sof\u00e1 e se alastrou rapidamente pela casa, que ficou completamente destru\u00edda. Segundo a pol\u00edcia no momento em [&hellip;]","og_url":"https:\/\/radiolifefm.com.br\/noticias\/bebe-tem-70-do-corpo-queimados-durante-incendio-vizinho-arromba-janela-da-casa-para-salvar-crianca\/","og_site_name":"R\u00e1dio Life FM","article_publisher":"https:\/\/www.facebook.com\/radiolifefm\/","article_published_time":"2020-11-19T01:14:32+00:00","article_modified_time":"2026-04-23T13:06:59+00:00","og_image":[{"width":600,"height":337,"url":"https:\/\/radiolifefm.com.br\/noticias\/wp-content\/uploads\/2020\/11\/ata1jpg16057240445fb5678c8f69e.jpg","type":"image\/jpeg"}],"author":"ritanery","twitter_card":"summary_large_image","twitter_misc":{"Escrito por":"ritanery","Est. tempo de leitura":"2 minutos"},"schema":{"@context":"https:\/\/schema.org","@graph":[{"@type":"Article","@id":"https:\/\/radiolifefm.com.br\/noticias\/bebe-tem-70-do-corpo-queimados-durante-incendio-vizinho-arromba-janela-da-casa-para-salvar-crianca\/#article","isPartOf":{"@id":"https:\/\/radiolifefm.com.br\/noticias\/bebe-tem-70-do-corpo-queimados-durante-incendio-vizinho-arromba-janela-da-casa-para-salvar-crianca\/"},"author":{"name":"ritanery","@id":"https:\/\/radiolifefm.com.br\/noticias\/#\/schema\/person\/6339b9fac59d12b071dec680d7375d87"},"headline":"Beb\u00ea tem 70% do corpo queimados durante inc\u00eandio; vizinho arromba janela da casa para salvar crian\u00e7a","datePublished":"2020-11-19T01:14:32+00:00","dateModified":"2026-04-23T13:06:59+00:00","mainEntityOfPage":{"@id":"https:\/\/radiolifefm.com.br\/noticias\/bebe-tem-70-do-corpo-queimados-durante-incendio-vizinho-arromba-janela-da-casa-para-salvar-crianca\/"},"wordCount":345,"publisher":{"@id":"https:\/\/radiolifefm.com.br\/noticias\/#organization"},"image":{"@id":"https:\/\/radiolifefm.com.br\/noticias\/bebe-tem-70-do-corpo-queimados-durante-incendio-vizinho-arromba-janela-da-casa-para-salvar-crianca\/#primaryimage"},"thumbnailUrl":"https:\/\/radiolifefm.com.br\/noticias\/wp-content\/uploads\/2020\/11\/ata1jpg16057240445fb5678c8f69e.jpg","articleSection":["Regi\u00e3o"],"inLanguage":"pt-BR"},{"@type":"WebPage","@id":"https:\/\/radiolifefm.com.br\/noticias\/bebe-tem-70-do-corpo-queimados-durante-incendio-vizinho-arromba-janela-da-casa-para-salvar-crianca\/","url":"https:\/\/radiolifefm.com.br\/noticias\/bebe-tem-70-do-corpo-queimados-durante-incendio-vizinho-arromba-janela-da-casa-para-salvar-crianca\/","name":"Beb\u00ea tem 70% do corpo queimados durante inc\u00eandio; vizinho arromba janela da casa para salvar crian\u00e7a - R\u00e1dio Life FM","isPartOf":{"@id":"https:\/\/radiolifefm.com.br\/noticias\/#website"},"primaryImageOfPage":{"@id":"https:\/\/radiolifefm.com.br\/noticias\/bebe-tem-70-do-corpo-queimados-durante-incendio-vizinho-arromba-janela-da-casa-para-salvar-crianca\/#primaryimage"},"image":{"@id":"https:\/\/radiolifefm.com.br\/noticias\/bebe-tem-70-do-corpo-queimados-durante-incendio-vizinho-arromba-janela-da-casa-para-salvar-crianca\/#primaryimage"},"thumbnailUrl":"https:\/\/radiolifefm.com.br\/noticias\/wp-content\/uploads\/2020\/11\/ata1jpg16057240445fb5678c8f69e.jpg","datePublished":"2020-11-19T01:14:32+00:00","dateModified":"2026-04-23T13:06:59+00:00","breadcrumb":{"@id":"https:\/\/radiolifefm.com.br\/noticias\/bebe-tem-70-do-corpo-queimados-durante-incendio-vizinho-arromba-janela-da-casa-para-salvar-crianca\/#breadcrumb"},"inLanguage":"pt-BR","potentialAction":[{"@type":"ReadAction","target":["https:\/\/radiolifefm.com.br\/noticias\/bebe-tem-70-do-corpo-queimados-durante-incendio-vizinho-arromba-janela-da-casa-para-salvar-crianca\/"]}]},{"@type":"ImageObject","inLanguage":"pt-BR","@id":"https:\/\/radiolifefm.com.br\/noticias\/bebe-tem-70-do-corpo-queimados-durante-incendio-vizinho-arromba-janela-da-casa-para-salvar-crianca\/#primaryimage","url":"https:\/\/radiolifefm.com.br\/noticias\/wp-content\/uploads\/2020\/11\/ata1jpg16057240445fb5678c8f69e.jpg","contentUrl":"https:\/\/radiolifefm.com.br\/noticias\/wp-content\/uploads\/2020\/11\/ata1jpg16057240445fb5678c8f69e.jpg","width":600,"height":337,"caption":"Vizinho arrombou a janela do quarto e conseguiu salvar a beb\u00ea."},{"@type":"BreadcrumbList","@id":"https:\/\/radiolifefm.com.br\/noticias\/bebe-tem-70-do-corpo-queimados-durante-incendio-vizinho-arromba-janela-da-casa-para-salvar-crianca\/#breadcrumb","itemListElement":[{"@type":"ListItem","position":1,"name":"In\u00edcio","item":"https:\/\/radiolifefm.com.br\/noticias\/"},{"@type":"ListItem","position":2,"name":"Beb\u00ea tem 70% do corpo queimados durante inc\u00eandio; vizinho arromba janela da casa para salvar crian\u00e7a"}]},{"@type":"WebSite","@id":"https:\/\/radiolifefm.com.br\/noticias\/#website","url":"https:\/\/radiolifefm.com.br\/noticias\/","name":"R\u00e1dio Life FM","description":"O Portal de Not\u00edcias de Adamantina","publisher":{"@id":"https:\/\/radiolifefm.com.br\/noticias\/#organization"},"alternateName":"Life FM","potentialAction":[{"@type":"SearchAction","target":{"@type":"EntryPoint","urlTemplate":"https:\/\/radiolifefm.com.br\/noticias\/?s={search_term_string}"},"query-input":{"@type":"PropertyValueSpecification","valueRequired":true,"valueName":"search_term_string"}}],"inLanguage":"pt-BR"},{"@type":"Organization","@id":"https:\/\/radiolifefm.com.br\/noticias\/#organization","name":"R\u00e1dio Life FM","alternateName":"Life FM","url":"https:\/\/radiolifefm.com.br\/noticias\/","logo":{"@type":"ImageObject","inLanguage":"pt-BR","@id":"https:\/\/radiolifefm.com.br\/noticias\/#\/schema\/logo\/image\/","url":"https:\/\/static.radiolifefm.com.br\/noticias\/wp-content\/uploads\/2019\/10\/logo-lifefm.png","contentUrl":"https:\/\/static.radiolifefm.com.br\/noticias\/wp-content\/uploads\/2019\/10\/logo-lifefm.png","width":196,"height":47,"caption":"R\u00e1dio Life FM"},"image":{"@id":"https:\/\/radiolifefm.com.br\/noticias\/#\/schema\/logo\/image\/"},"sameAs":["https:\/\/www.facebook.com\/radiolifefm\/","https:\/\/www.instagram.com\/life1079fm\/"]},{"@type":"Person","@id":"https:\/\/radiolifefm.com.br\/noticias\/#\/schema\/person\/6339b9fac59d12b071dec680d7375d87","name":"ritanery","image":{"@type":"ImageObject","inLanguage":"pt-BR","@id":"https:\/\/secure.gravatar.com\/avatar\/0e37bb19071f47c0b8a23f62a903df117c5a0e75f65a0c2901562f97cd41cf86?s=96&d=mm&r=g","url":"https:\/\/secure.gravatar.com\/avatar\/0e37bb19071f47c0b8a23f62a903df117c5a0e75f65a0c2901562f97cd41cf86?s=96&d=mm&r=g","contentUrl":"https:\/\/secure.gravatar.com\/avatar\/0e37bb19071f47c0b8a23f62a903df117c5a0e75f65a0c2901562f97cd41cf86?s=96&d=mm&r=g","caption":"ritanery"}}]}},"amp_enabled":true,"_links":{"self":[{"href":"https:\/\/radiolifefm.com.br\/noticias\/wp-json\/wp\/v2\/posts\/30098","targetHints":{"allow":["GET"]}}],"collection":[{"href":"https:\/\/radiolifefm.com.br\/noticias\/wp-json\/wp\/v2\/posts"}],"about":[{"href":"https:\/\/radiolifefm.com.br\/noticias\/wp-json\/wp\/v2\/types\/post"}],"author":[{"embeddable":true,"href":"https:\/\/radiolifefm.com.br\/noticias\/wp-json\/wp\/v2\/users\/13"}],"replies":[{"embeddable":true,"href":"https:\/\/radiolifefm.com.br\/noticias\/wp-json\/wp\/v2\/comments?post=30098"}],"version-history":[{"count":4,"href":"https:\/\/radiolifefm.com.br\/noticias\/wp-json\/wp\/v2\/posts\/30098\/revisions"}],"predecessor-version":[{"id":30106,"href":"https:\/\/radiolifefm.com.br\/noticias\/wp-json\/wp\/v2\/posts\/30098\/revisions\/30106"}],"wp:featuredmedia":[{"embeddable":true,"href":"https:\/\/radiolifefm.com.br\/noticias\/wp-json\/wp\/v2\/media\/30102"}],"wp:attachment":[{"href":"https:\/\/radiolifefm.com.br\/noticias\/wp-json\/wp\/v2\/media?parent=30098"}],"wp:term":[{"taxonomy":"category","embeddable":true,"href":"https:\/\/radiolifefm.com.br\/noticias\/wp-json\/wp\/v2\/categories?post=30098"},{"taxonomy":"post_tag","embeddable":true,"href":"https:\/\/radiolifefm.com.br\/noticias\/wp-json\/wp\/v2\/tags?post=30098"}],"curies":[{"name":"wp","href":"https:\/\/api.w.org\/{rel}","templated":true}]}}