{"id":30062,"date":"2020-11-18T09:33:48","date_gmt":"2020-11-18T12:33:48","guid":{"rendered":"https:\/\/radiolifefm.com.br\/noticias\/?p=30062"},"modified":"2026-01-17T01:02:45","modified_gmt":"2026-01-17T04:02:45","slug":"dupla-e-vista-com-produtos-furtados-de-oficina-mecanica-e-acaba-presa-pela-policia-militar","status":"publish","type":"post","link":"https:\/\/radiolifefm.com.br\/noticias\/dupla-e-vista-com-produtos-furtados-de-oficina-mecanica-e-acaba-presa-pela-policia-militar\/","title":{"rendered":"Dupla \u00e9 vista com produtos furtados de oficina mec\u00e2nica e acaba presa pela Pol\u00edcia Militar"},"content":{"rendered":"<div id=\"fb-root\"><\/div>\n<div class=\"mc-column content-text active-extra-styles \" data-block-type=\"unstyled\" data-block-weight=\"22\" data-block-id=\"2\">\n<p class=\"content-text__container \" data-track-category=\"Link no Texto\" data-track-links=\"\">Dois homens, de 36 anos, foram presos por furto a uma oficina mec\u00e2nica, na Vila Formosa, em\u00a0<a href=\"https:\/\/g1.globo.com\/sp\/presidente-prudente-regiao\/cidade\/presidente-prudente\/\">Presidente Prudente<\/a>, nesta ter\u00e7a-feira (17).<\/p>\n<\/div>\n<div class=\"wall protected-content\">\n<div class=\"mc-column content-text active-extra-styles \" data-block-type=\"unstyled\" data-block-weight=\"40\" data-block-id=\"3\">\n<p class=\"content-text__container \" data-track-category=\"Link no Texto\" data-track-links=\"\">Inicialmente, a PM recebeu a informa\u00e7\u00e3o de que uma oficina mec\u00e2nica havia sido furtada. No local, a equipe verificou que a porta frontal estava arrombada e que os autores do furto seriam dois homens, sendo que um estaria de bicicleta.<\/p>\n<\/div>\n<div class=\"mc-column content-text active-extra-styles \" data-block-type=\"unstyled\" data-block-weight=\"41\" data-block-id=\"4\">\n<p class=\"content-text__container \" data-track-category=\"Link no Texto\" data-track-links=\"\">Os policiais sa\u00edram em busca da dupla e viu os dois homens a quatro quadras de dist\u00e2ncia da oficina furtada, no cruzamento da Rua Mendes de Morais e Rua Porto Alegre. Eles carregavam sacos pretos e um deles estava de bicicleta.<\/p>\n<\/div>\n<div class=\"mc-column content-text active-extra-styles \" data-block-type=\"unstyled\" data-block-weight=\"36\" data-block-id=\"5\">\n<p class=\"content-text__container \" data-track-category=\"Link no Texto\" data-track-links=\"\">Ao notarem a presen\u00e7a da viatura da PM, o que estava de bicicleta tentou fugir, mas acabou contido pelos policiais. Conforme o Boletim de Ocorr\u00eancia, ele chegou a &#8220;sofrer uma leve queda&#8221;, mas n\u00e3o se machucou.<\/p>\n<\/div>\n<div class=\"mc-column content-text active-extra-styles \" data-block-type=\"unstyled\" data-block-weight=\"20\" data-block-id=\"6\">\n<p class=\"content-text__container \" data-track-category=\"Link no Texto\" data-track-links=\"\">De acordo com a pol\u00edcia, com a dupla havia uma m\u00e1quina de oz\u00f4nio e um scanner automotivo, furtados da oficina.<\/p>\n<\/div>\n<div class=\"mc-column content-text active-extra-styles \" data-block-type=\"unstyled\" data-block-weight=\"46\" data-block-id=\"7\">\n<p class=\"content-text__container \" data-track-category=\"Link no Texto\" data-track-links=\"\">Um dos rapazes confessou o crime e disse que praticou o furto sozinho, mas que encontrou o outro indiv\u00edduo e pediu ajuda para carregar parte do material que pegou na oficina, j\u00e1 que &#8220;ele estava de bicicleta&#8221;. Ele assumiu que pretendia vender o que havia furtado.<\/p>\n<\/div>\n<div class=\"content-ads content-ads--reveal\" data-block-type=\"ads\" data-block-id=\"8\">\n<div class=\"tag-manager-publicidade-container mc-has-reveal mc-has-ad-lazyload\" data-id=\"banner_materia2\"><\/div>\n<\/div>\n<div class=\"mc-column content-text active-extra-styles \" data-block-type=\"unstyled\" data-block-weight=\"61\" data-block-id=\"9\">\n<p class=\"content-text__container \" data-track-category=\"Link no Texto\" data-track-links=\"\">Tamb\u00e9m conforme o BO, os policiais localizaram uma chave inglesa e uma turquesa no escrit\u00f3rio da oficina, mas que elas n\u00e3o pertenciam \u00e0 v\u00edtima, um homem de 38 anos. De acordo com a PM, essas chaves seriam fruto de furto junto com outros materiais de outra oficina mec\u00e2nica, crime registrado na noite de segunda-feira (16). Por\u00e9m, a dupla negou esse crime.<\/p>\n<\/div>\n<div class=\"mc-column content-text active-extra-styles \" data-block-type=\"unstyled\" data-block-weight=\"29\" data-block-id=\"10\">\n<p class=\"content-text__container \" data-track-category=\"Link no Texto\" data-track-links=\"\">Um dos rapazes ainda indicou o local em que os demais itens levados da oficina estavam escondidos, numa \u00e1rea pr\u00f3xima \u00e0 linha f\u00e9rrea e uma cal\u00e7ada, debaixo de entulhos.<\/p>\n<\/div>\n<div class=\"mc-column content-text active-extra-styles \" data-block-type=\"unstyled\" data-block-weight=\"22\" data-block-id=\"11\">\n<p class=\"content-text__container \" data-track-category=\"Link no Texto\" data-track-links=\"\">Diante dos fatos, os dois homens foram presos e levados para a Delegacia Participativa, onde o caso foi registrado como furto qualificado.<\/p>\n<\/div>\n<div class=\"mc-column content-text active-extra-styles \" data-block-type=\"unstyled\" data-block-weight=\"51\" data-block-id=\"12\">\n<p class=\"content-text__container \" data-track-category=\"Link no Texto\" data-track-links=\"\">Foram apreendidos uma m\u00e1quina de oz\u00f4nio, um carregador de bateria automotiva, um medidor de carga, uma televis\u00e3o 32 polegadas, quatro baterias automotivas, nove ferramentas, uma caixa de ferramentas, dois gal\u00f5es de \u00f3leo especial, 17 frascos de \u00f3leo de motor, 20 frascos de \u00f3leo de motor, e 54 frascos de \u00f3leo lubrificante.<\/p>\n<\/div>\n<div class=\"mc-column content-text active-extra-styles \" data-block-type=\"unstyled\" data-block-weight=\"15\" data-block-id=\"13\">\n<p class=\"content-text__container \" data-track-category=\"Link no Texto\" data-track-links=\"\">A dupla permaneceu presa e \u00e0 disposi\u00e7\u00e3o da Justi\u00e7a. Foi requisitada per\u00edcia ao local furtado.<\/p>\n<\/div>\n<\/div>\n","protected":false},"excerpt":{"rendered":"<p>Dois homens, de 36 anos, foram presos por furto a uma oficina mec\u00e2nica, na Vila Formosa, em\u00a0Presidente Prudente, nesta ter\u00e7a-feira (17). Inicialmente, a PM recebeu a informa\u00e7\u00e3o de que uma oficina mec\u00e2nica havia sido furtada. No local, a equipe verificou que a porta frontal estava arrombada e que os autores do furto seriam dois homens, [&hellip;]<\/p>\n","protected":false},"author":13,"featured_media":30063,"comment_status":"closed","ping_status":"open","sticky":false,"template":"","format":"standard","meta":{"_acf_changed":false,"_exactmetrics_skip_tracking":false,"_exactmetrics_sitenote_active":false,"_exactmetrics_sitenote_note":"","_exactmetrics_sitenote_category":0,"footnotes":""},"categories":[24],"tags":[],"class_list":["post-30062","post","type-post","status-publish","format-standard","has-post-thumbnail","hentry","category-regiao"],"acf":[],"yoast_head":"<!-- This site is optimized with the Yoast SEO plugin v27.2 - https:\/\/yoast.com\/product\/yoast-seo-wordpress\/ -->\n<title>Dupla \u00e9 vista com produtos furtados de oficina mec\u00e2nica e acaba presa pela Pol\u00edcia Militar - R\u00e1dio Life FM<\/title>\n<meta name=\"robots\" content=\"index, follow, max-snippet:-1, max-image-preview:large, max-video-preview:-1\" \/>\n<link rel=\"canonical\" href=\"https:\/\/radiolifefm.com.br\/noticias\/dupla-e-vista-com-produtos-furtados-de-oficina-mecanica-e-acaba-presa-pela-policia-militar\/\" \/>\n<meta property=\"og:locale\" content=\"pt_BR\" \/>\n<meta property=\"og:type\" content=\"article\" \/>\n<meta property=\"og:title\" content=\"Dupla \u00e9 vista com produtos furtados de oficina mec\u00e2nica e acaba presa pela Pol\u00edcia Militar - R\u00e1dio Life FM\" \/>\n<meta property=\"og:description\" content=\"Dois homens, de 36 anos, foram presos por furto a uma oficina mec\u00e2nica, na Vila Formosa, em\u00a0Presidente Prudente, nesta ter\u00e7a-feira (17). Inicialmente, a PM recebeu a informa\u00e7\u00e3o de que uma oficina mec\u00e2nica havia sido furtada. No local, a equipe verificou que a porta frontal estava arrombada e que os autores do furto seriam dois homens, [&hellip;]\" \/>\n<meta property=\"og:url\" content=\"https:\/\/radiolifefm.com.br\/noticias\/dupla-e-vista-com-produtos-furtados-de-oficina-mecanica-e-acaba-presa-pela-policia-militar\/\" \/>\n<meta property=\"og:site_name\" content=\"R\u00e1dio Life FM\" \/>\n<meta property=\"article:publisher\" content=\"https:\/\/www.facebook.com\/radiolifefm\/\" \/>\n<meta property=\"article:published_time\" content=\"2020-11-18T12:33:48+00:00\" \/>\n<meta property=\"article:modified_time\" content=\"2026-01-17T04:02:45+00:00\" \/>\n<meta property=\"og:image\" content=\"https:\/\/radiolifefm.com.br\/noticias\/wp-content\/uploads\/2020\/11\/whatsapp-image-2020-11-17-at-19.27.29.jpeg\" \/>\n\t<meta property=\"og:image:width\" content=\"984\" \/>\n\t<meta property=\"og:image:height\" content=\"1312\" \/>\n\t<meta property=\"og:image:type\" content=\"image\/jpeg\" \/>\n<meta name=\"author\" content=\"ritanery\" \/>\n<meta name=\"twitter:card\" content=\"summary_large_image\" \/>\n<meta name=\"twitter:label1\" content=\"Escrito por\" \/>\n\t<meta name=\"twitter:data1\" content=\"ritanery\" \/>\n\t<meta name=\"twitter:label2\" content=\"Est. tempo de leitura\" \/>\n\t<meta name=\"twitter:data2\" content=\"2 minutos\" \/>\n<script type=\"application\/ld+json\" class=\"yoast-schema-graph\">{\"@context\":\"https:\/\/schema.org\",\"@graph\":[{\"@type\":\"Article\",\"@id\":\"https:\/\/radiolifefm.com.br\/noticias\/dupla-e-vista-com-produtos-furtados-de-oficina-mecanica-e-acaba-presa-pela-policia-militar\/#article\",\"isPartOf\":{\"@id\":\"https:\/\/radiolifefm.com.br\/noticias\/dupla-e-vista-com-produtos-furtados-de-oficina-mecanica-e-acaba-presa-pela-policia-militar\/\"},\"author\":{\"name\":\"ritanery\",\"@id\":\"https:\/\/radiolifefm.com.br\/noticias\/#\/schema\/person\/6339b9fac59d12b071dec680d7375d87\"},\"headline\":\"Dupla \u00e9 vista com produtos furtados de oficina mec\u00e2nica e acaba presa pela Pol\u00edcia Militar\",\"datePublished\":\"2020-11-18T12:33:48+00:00\",\"dateModified\":\"2026-01-17T04:02:45+00:00\",\"mainEntityOfPage\":{\"@id\":\"https:\/\/radiolifefm.com.br\/noticias\/dupla-e-vista-com-produtos-furtados-de-oficina-mecanica-e-acaba-presa-pela-policia-militar\/\"},\"wordCount\":417,\"publisher\":{\"@id\":\"https:\/\/radiolifefm.com.br\/noticias\/#organization\"},\"image\":{\"@id\":\"https:\/\/radiolifefm.com.br\/noticias\/dupla-e-vista-com-produtos-furtados-de-oficina-mecanica-e-acaba-presa-pela-policia-militar\/#primaryimage\"},\"thumbnailUrl\":\"https:\/\/radiolifefm.com.br\/noticias\/wp-content\/uploads\/2020\/11\/whatsapp-image-2020-11-17-at-19.27.29.jpeg\",\"articleSection\":[\"Regi\u00e3o\"],\"inLanguage\":\"pt-BR\"},{\"@type\":\"WebPage\",\"@id\":\"https:\/\/radiolifefm.com.br\/noticias\/dupla-e-vista-com-produtos-furtados-de-oficina-mecanica-e-acaba-presa-pela-policia-militar\/\",\"url\":\"https:\/\/radiolifefm.com.br\/noticias\/dupla-e-vista-com-produtos-furtados-de-oficina-mecanica-e-acaba-presa-pela-policia-militar\/\",\"name\":\"Dupla \u00e9 vista com produtos furtados de oficina mec\u00e2nica e acaba presa pela Pol\u00edcia Militar - R\u00e1dio Life FM\",\"isPartOf\":{\"@id\":\"https:\/\/radiolifefm.com.br\/noticias\/#website\"},\"primaryImageOfPage\":{\"@id\":\"https:\/\/radiolifefm.com.br\/noticias\/dupla-e-vista-com-produtos-furtados-de-oficina-mecanica-e-acaba-presa-pela-policia-militar\/#primaryimage\"},\"image\":{\"@id\":\"https:\/\/radiolifefm.com.br\/noticias\/dupla-e-vista-com-produtos-furtados-de-oficina-mecanica-e-acaba-presa-pela-policia-militar\/#primaryimage\"},\"thumbnailUrl\":\"https:\/\/radiolifefm.com.br\/noticias\/wp-content\/uploads\/2020\/11\/whatsapp-image-2020-11-17-at-19.27.29.jpeg\",\"datePublished\":\"2020-11-18T12:33:48+00:00\",\"dateModified\":\"2026-01-17T04:02:45+00:00\",\"breadcrumb\":{\"@id\":\"https:\/\/radiolifefm.com.br\/noticias\/dupla-e-vista-com-produtos-furtados-de-oficina-mecanica-e-acaba-presa-pela-policia-militar\/#breadcrumb\"},\"inLanguage\":\"pt-BR\",\"potentialAction\":[{\"@type\":\"ReadAction\",\"target\":[\"https:\/\/radiolifefm.com.br\/noticias\/dupla-e-vista-com-produtos-furtados-de-oficina-mecanica-e-acaba-presa-pela-policia-militar\/\"]}]},{\"@type\":\"ImageObject\",\"inLanguage\":\"pt-BR\",\"@id\":\"https:\/\/radiolifefm.com.br\/noticias\/dupla-e-vista-com-produtos-furtados-de-oficina-mecanica-e-acaba-presa-pela-policia-militar\/#primaryimage\",\"url\":\"https:\/\/radiolifefm.com.br\/noticias\/wp-content\/uploads\/2020\/11\/whatsapp-image-2020-11-17-at-19.27.29.jpeg\",\"contentUrl\":\"https:\/\/radiolifefm.com.br\/noticias\/wp-content\/uploads\/2020\/11\/whatsapp-image-2020-11-17-at-19.27.29.jpeg\",\"width\":984,\"height\":1312,\"caption\":\"Dois homens, um a p\u00e9 e o outro de bicicleta, estavam perto da linha f\u00e9rrea, em Presidente Prudente. Eles carregavam dois equipamentos, enquanto o restante do material estava escondido.\"},{\"@type\":\"BreadcrumbList\",\"@id\":\"https:\/\/radiolifefm.com.br\/noticias\/dupla-e-vista-com-produtos-furtados-de-oficina-mecanica-e-acaba-presa-pela-policia-militar\/#breadcrumb\",\"itemListElement\":[{\"@type\":\"ListItem\",\"position\":1,\"name\":\"In\u00edcio\",\"item\":\"https:\/\/radiolifefm.com.br\/noticias\/\"},{\"@type\":\"ListItem\",\"position\":2,\"name\":\"Dupla \u00e9 vista com produtos furtados de oficina mec\u00e2nica e acaba presa pela Pol\u00edcia Militar\"}]},{\"@type\":\"WebSite\",\"@id\":\"https:\/\/radiolifefm.com.br\/noticias\/#website\",\"url\":\"https:\/\/radiolifefm.com.br\/noticias\/\",\"name\":\"R\u00e1dio Life FM\",\"description\":\"O Portal de Not\u00edcias de Adamantina\",\"publisher\":{\"@id\":\"https:\/\/radiolifefm.com.br\/noticias\/#organization\"},\"alternateName\":\"Life FM\",\"potentialAction\":[{\"@type\":\"SearchAction\",\"target\":{\"@type\":\"EntryPoint\",\"urlTemplate\":\"https:\/\/radiolifefm.com.br\/noticias\/?s={search_term_string}\"},\"query-input\":{\"@type\":\"PropertyValueSpecification\",\"valueRequired\":true,\"valueName\":\"search_term_string\"}}],\"inLanguage\":\"pt-BR\"},{\"@type\":\"Organization\",\"@id\":\"https:\/\/radiolifefm.com.br\/noticias\/#organization\",\"name\":\"R\u00e1dio Life FM\",\"alternateName\":\"Life FM\",\"url\":\"https:\/\/radiolifefm.com.br\/noticias\/\",\"logo\":{\"@type\":\"ImageObject\",\"inLanguage\":\"pt-BR\",\"@id\":\"https:\/\/radiolifefm.com.br\/noticias\/#\/schema\/logo\/image\/\",\"url\":\"https:\/\/static.radiolifefm.com.br\/noticias\/wp-content\/uploads\/2019\/10\/logo-lifefm.png\",\"contentUrl\":\"https:\/\/static.radiolifefm.com.br\/noticias\/wp-content\/uploads\/2019\/10\/logo-lifefm.png\",\"width\":196,\"height\":47,\"caption\":\"R\u00e1dio Life FM\"},\"image\":{\"@id\":\"https:\/\/radiolifefm.com.br\/noticias\/#\/schema\/logo\/image\/\"},\"sameAs\":[\"https:\/\/www.facebook.com\/radiolifefm\/\",\"https:\/\/www.instagram.com\/life1079fm\/\"]},{\"@type\":\"Person\",\"@id\":\"https:\/\/radiolifefm.com.br\/noticias\/#\/schema\/person\/6339b9fac59d12b071dec680d7375d87\",\"name\":\"ritanery\",\"image\":{\"@type\":\"ImageObject\",\"inLanguage\":\"pt-BR\",\"@id\":\"https:\/\/secure.gravatar.com\/avatar\/0e37bb19071f47c0b8a23f62a903df117c5a0e75f65a0c2901562f97cd41cf86?s=96&d=mm&r=g\",\"url\":\"https:\/\/secure.gravatar.com\/avatar\/0e37bb19071f47c0b8a23f62a903df117c5a0e75f65a0c2901562f97cd41cf86?s=96&d=mm&r=g\",\"contentUrl\":\"https:\/\/secure.gravatar.com\/avatar\/0e37bb19071f47c0b8a23f62a903df117c5a0e75f65a0c2901562f97cd41cf86?s=96&d=mm&r=g\",\"caption\":\"ritanery\"}}]}<\/script>\n<!-- \/ Yoast SEO plugin. -->","yoast_head_json":{"title":"Dupla \u00e9 vista com produtos furtados de oficina mec\u00e2nica e acaba presa pela Pol\u00edcia Militar - R\u00e1dio Life FM","robots":{"index":"index","follow":"follow","max-snippet":"max-snippet:-1","max-image-preview":"max-image-preview:large","max-video-preview":"max-video-preview:-1"},"canonical":"https:\/\/radiolifefm.com.br\/noticias\/dupla-e-vista-com-produtos-furtados-de-oficina-mecanica-e-acaba-presa-pela-policia-militar\/","og_locale":"pt_BR","og_type":"article","og_title":"Dupla \u00e9 vista com produtos furtados de oficina mec\u00e2nica e acaba presa pela Pol\u00edcia Militar - R\u00e1dio Life FM","og_description":"Dois homens, de 36 anos, foram presos por furto a uma oficina mec\u00e2nica, na Vila Formosa, em\u00a0Presidente Prudente, nesta ter\u00e7a-feira (17). Inicialmente, a PM recebeu a informa\u00e7\u00e3o de que uma oficina mec\u00e2nica havia sido furtada. No local, a equipe verificou que a porta frontal estava arrombada e que os autores do furto seriam dois homens, [&hellip;]","og_url":"https:\/\/radiolifefm.com.br\/noticias\/dupla-e-vista-com-produtos-furtados-de-oficina-mecanica-e-acaba-presa-pela-policia-militar\/","og_site_name":"R\u00e1dio Life FM","article_publisher":"https:\/\/www.facebook.com\/radiolifefm\/","article_published_time":"2020-11-18T12:33:48+00:00","article_modified_time":"2026-01-17T04:02:45+00:00","og_image":[{"width":984,"height":1312,"url":"https:\/\/radiolifefm.com.br\/noticias\/wp-content\/uploads\/2020\/11\/whatsapp-image-2020-11-17-at-19.27.29.jpeg","type":"image\/jpeg"}],"author":"ritanery","twitter_card":"summary_large_image","twitter_misc":{"Escrito por":"ritanery","Est. tempo de leitura":"2 minutos"},"schema":{"@context":"https:\/\/schema.org","@graph":[{"@type":"Article","@id":"https:\/\/radiolifefm.com.br\/noticias\/dupla-e-vista-com-produtos-furtados-de-oficina-mecanica-e-acaba-presa-pela-policia-militar\/#article","isPartOf":{"@id":"https:\/\/radiolifefm.com.br\/noticias\/dupla-e-vista-com-produtos-furtados-de-oficina-mecanica-e-acaba-presa-pela-policia-militar\/"},"author":{"name":"ritanery","@id":"https:\/\/radiolifefm.com.br\/noticias\/#\/schema\/person\/6339b9fac59d12b071dec680d7375d87"},"headline":"Dupla \u00e9 vista com produtos furtados de oficina mec\u00e2nica e acaba presa pela Pol\u00edcia Militar","datePublished":"2020-11-18T12:33:48+00:00","dateModified":"2026-01-17T04:02:45+00:00","mainEntityOfPage":{"@id":"https:\/\/radiolifefm.com.br\/noticias\/dupla-e-vista-com-produtos-furtados-de-oficina-mecanica-e-acaba-presa-pela-policia-militar\/"},"wordCount":417,"publisher":{"@id":"https:\/\/radiolifefm.com.br\/noticias\/#organization"},"image":{"@id":"https:\/\/radiolifefm.com.br\/noticias\/dupla-e-vista-com-produtos-furtados-de-oficina-mecanica-e-acaba-presa-pela-policia-militar\/#primaryimage"},"thumbnailUrl":"https:\/\/radiolifefm.com.br\/noticias\/wp-content\/uploads\/2020\/11\/whatsapp-image-2020-11-17-at-19.27.29.jpeg","articleSection":["Regi\u00e3o"],"inLanguage":"pt-BR"},{"@type":"WebPage","@id":"https:\/\/radiolifefm.com.br\/noticias\/dupla-e-vista-com-produtos-furtados-de-oficina-mecanica-e-acaba-presa-pela-policia-militar\/","url":"https:\/\/radiolifefm.com.br\/noticias\/dupla-e-vista-com-produtos-furtados-de-oficina-mecanica-e-acaba-presa-pela-policia-militar\/","name":"Dupla \u00e9 vista com produtos furtados de oficina mec\u00e2nica e acaba presa pela Pol\u00edcia Militar - R\u00e1dio Life FM","isPartOf":{"@id":"https:\/\/radiolifefm.com.br\/noticias\/#website"},"primaryImageOfPage":{"@id":"https:\/\/radiolifefm.com.br\/noticias\/dupla-e-vista-com-produtos-furtados-de-oficina-mecanica-e-acaba-presa-pela-policia-militar\/#primaryimage"},"image":{"@id":"https:\/\/radiolifefm.com.br\/noticias\/dupla-e-vista-com-produtos-furtados-de-oficina-mecanica-e-acaba-presa-pela-policia-militar\/#primaryimage"},"thumbnailUrl":"https:\/\/radiolifefm.com.br\/noticias\/wp-content\/uploads\/2020\/11\/whatsapp-image-2020-11-17-at-19.27.29.jpeg","datePublished":"2020-11-18T12:33:48+00:00","dateModified":"2026-01-17T04:02:45+00:00","breadcrumb":{"@id":"https:\/\/radiolifefm.com.br\/noticias\/dupla-e-vista-com-produtos-furtados-de-oficina-mecanica-e-acaba-presa-pela-policia-militar\/#breadcrumb"},"inLanguage":"pt-BR","potentialAction":[{"@type":"ReadAction","target":["https:\/\/radiolifefm.com.br\/noticias\/dupla-e-vista-com-produtos-furtados-de-oficina-mecanica-e-acaba-presa-pela-policia-militar\/"]}]},{"@type":"ImageObject","inLanguage":"pt-BR","@id":"https:\/\/radiolifefm.com.br\/noticias\/dupla-e-vista-com-produtos-furtados-de-oficina-mecanica-e-acaba-presa-pela-policia-militar\/#primaryimage","url":"https:\/\/radiolifefm.com.br\/noticias\/wp-content\/uploads\/2020\/11\/whatsapp-image-2020-11-17-at-19.27.29.jpeg","contentUrl":"https:\/\/radiolifefm.com.br\/noticias\/wp-content\/uploads\/2020\/11\/whatsapp-image-2020-11-17-at-19.27.29.jpeg","width":984,"height":1312,"caption":"Dois homens, um a p\u00e9 e o outro de bicicleta, estavam perto da linha f\u00e9rrea, em Presidente Prudente. Eles carregavam dois equipamentos, enquanto o restante do material estava escondido."},{"@type":"BreadcrumbList","@id":"https:\/\/radiolifefm.com.br\/noticias\/dupla-e-vista-com-produtos-furtados-de-oficina-mecanica-e-acaba-presa-pela-policia-militar\/#breadcrumb","itemListElement":[{"@type":"ListItem","position":1,"name":"In\u00edcio","item":"https:\/\/radiolifefm.com.br\/noticias\/"},{"@type":"ListItem","position":2,"name":"Dupla \u00e9 vista com produtos furtados de oficina mec\u00e2nica e acaba presa pela Pol\u00edcia Militar"}]},{"@type":"WebSite","@id":"https:\/\/radiolifefm.com.br\/noticias\/#website","url":"https:\/\/radiolifefm.com.br\/noticias\/","name":"R\u00e1dio Life FM","description":"O Portal de Not\u00edcias de Adamantina","publisher":{"@id":"https:\/\/radiolifefm.com.br\/noticias\/#organization"},"alternateName":"Life FM","potentialAction":[{"@type":"SearchAction","target":{"@type":"EntryPoint","urlTemplate":"https:\/\/radiolifefm.com.br\/noticias\/?s={search_term_string}"},"query-input":{"@type":"PropertyValueSpecification","valueRequired":true,"valueName":"search_term_string"}}],"inLanguage":"pt-BR"},{"@type":"Organization","@id":"https:\/\/radiolifefm.com.br\/noticias\/#organization","name":"R\u00e1dio Life FM","alternateName":"Life FM","url":"https:\/\/radiolifefm.com.br\/noticias\/","logo":{"@type":"ImageObject","inLanguage":"pt-BR","@id":"https:\/\/radiolifefm.com.br\/noticias\/#\/schema\/logo\/image\/","url":"https:\/\/static.radiolifefm.com.br\/noticias\/wp-content\/uploads\/2019\/10\/logo-lifefm.png","contentUrl":"https:\/\/static.radiolifefm.com.br\/noticias\/wp-content\/uploads\/2019\/10\/logo-lifefm.png","width":196,"height":47,"caption":"R\u00e1dio Life FM"},"image":{"@id":"https:\/\/radiolifefm.com.br\/noticias\/#\/schema\/logo\/image\/"},"sameAs":["https:\/\/www.facebook.com\/radiolifefm\/","https:\/\/www.instagram.com\/life1079fm\/"]},{"@type":"Person","@id":"https:\/\/radiolifefm.com.br\/noticias\/#\/schema\/person\/6339b9fac59d12b071dec680d7375d87","name":"ritanery","image":{"@type":"ImageObject","inLanguage":"pt-BR","@id":"https:\/\/secure.gravatar.com\/avatar\/0e37bb19071f47c0b8a23f62a903df117c5a0e75f65a0c2901562f97cd41cf86?s=96&d=mm&r=g","url":"https:\/\/secure.gravatar.com\/avatar\/0e37bb19071f47c0b8a23f62a903df117c5a0e75f65a0c2901562f97cd41cf86?s=96&d=mm&r=g","contentUrl":"https:\/\/secure.gravatar.com\/avatar\/0e37bb19071f47c0b8a23f62a903df117c5a0e75f65a0c2901562f97cd41cf86?s=96&d=mm&r=g","caption":"ritanery"}}]}},"amp_enabled":true,"_links":{"self":[{"href":"https:\/\/radiolifefm.com.br\/noticias\/wp-json\/wp\/v2\/posts\/30062","targetHints":{"allow":["GET"]}}],"collection":[{"href":"https:\/\/radiolifefm.com.br\/noticias\/wp-json\/wp\/v2\/posts"}],"about":[{"href":"https:\/\/radiolifefm.com.br\/noticias\/wp-json\/wp\/v2\/types\/post"}],"author":[{"embeddable":true,"href":"https:\/\/radiolifefm.com.br\/noticias\/wp-json\/wp\/v2\/users\/13"}],"replies":[{"embeddable":true,"href":"https:\/\/radiolifefm.com.br\/noticias\/wp-json\/wp\/v2\/comments?post=30062"}],"version-history":[{"count":1,"href":"https:\/\/radiolifefm.com.br\/noticias\/wp-json\/wp\/v2\/posts\/30062\/revisions"}],"predecessor-version":[{"id":30064,"href":"https:\/\/radiolifefm.com.br\/noticias\/wp-json\/wp\/v2\/posts\/30062\/revisions\/30064"}],"wp:featuredmedia":[{"embeddable":true,"href":"https:\/\/radiolifefm.com.br\/noticias\/wp-json\/wp\/v2\/media\/30063"}],"wp:attachment":[{"href":"https:\/\/radiolifefm.com.br\/noticias\/wp-json\/wp\/v2\/media?parent=30062"}],"wp:term":[{"taxonomy":"category","embeddable":true,"href":"https:\/\/radiolifefm.com.br\/noticias\/wp-json\/wp\/v2\/categories?post=30062"},{"taxonomy":"post_tag","embeddable":true,"href":"https:\/\/radiolifefm.com.br\/noticias\/wp-json\/wp\/v2\/tags?post=30062"}],"curies":[{"name":"wp","href":"https:\/\/api.w.org\/{rel}","templated":true}]}}