{"id":29748,"date":"2020-11-12T22:05:25","date_gmt":"2020-11-13T01:05:25","guid":{"rendered":"https:\/\/radiolifefm.com.br\/noticias\/?p=29748"},"modified":"2026-01-24T19:34:47","modified_gmt":"2026-01-24T22:34:47","slug":"policia-civil-prende-2-traficantes-em-flagrante-no-jardim-marisa-com-drogas-e-arma-de-fogo","status":"publish","type":"post","link":"https:\/\/radiolifefm.com.br\/noticias\/policia-civil-prende-2-traficantes-em-flagrante-no-jardim-marisa-com-drogas-e-arma-de-fogo\/","title":{"rendered":"Pol\u00edcia Civil prende 2 traficantes em flagrante no Jardim Marisa com drogas e arma de fogo"},"content":{"rendered":"<div id=\"fb-root\"><\/div>\n<p>A Divis\u00e3o Especial de Investiga\u00e7\u00f5es Criminais-Deic\/Deinter 8, por meio da 2\u00aa Delegacia de Investiga\u00e7\u00f5es sobre Entorpecentes, dando sequencia aos trabalhos de combate ao crime de tr\u00e1fico de drogas, no in\u00edcio da tarde desta 5\u00aa feira (12\/11), ap\u00f3s dilig\u00eancias fruto das informa\u00e7\u00f5es recebidas da sociedade local, instalou ponto de observa\u00e7\u00e3o nas imedia\u00e7\u00f5es do local investigado sendo poss\u00edvel visualizar a movimenta\u00e7\u00e3o que ocorria.<\/p>\n<p>Diante disso realizaram a abordagem ao local onde foram localizados com os investigados, 11,40 gramas de \u201cmaconha\u201d, 16.20 gramas de \u201ccrack\u201d e um rev\u00f3lver calibre 32, al\u00e9m de petrechos comumente utilizados para fra\u00e7\u00e3o das drogas.<\/p>\n<p>Foi exarada voz de pris\u00e3o a J.U.G.D.F., 18 anos, estudante, solteiro e a V.G.S.O., 21 anos, desempregado, solteiro, que associados praticavam o com\u00e9rcio de \u201ccrack\u201d no Jd. Marisa em Presidente Prudente, que foram conduzidos \u00e0 sede da Deic para os trabalhos de Pol\u00edcia Judici\u00e1ria.<\/p>\n<p>Os autuados ser\u00e3o submetidos a audi\u00eancia de cust\u00f3dia e ap\u00f3s decis\u00e3o judicial, poder\u00e3o ser encaminhados a uma das unidades prisionais da regi\u00e3o.<\/p>\n<div class='flex flex-wrap items-center -mx-1'>\r\n<a class='thumbnail gallery p-1 w-1\/2 md:w-1\/4' href='https:\/\/radiolifefm.com.br\/noticias\/wp-content\/uploads\/2020\/11\/2.jpg'><img class='border border-white' src='https:\/\/radiolifefm.com.br\/noticias\/wp-content\/uploads\/2020\/11\/2-200x200.jpg' alt='2' \/><\/a><a class='thumbnail gallery p-1 w-1\/2 md:w-1\/4' href='https:\/\/radiolifefm.com.br\/noticias\/wp-content\/uploads\/2020\/11\/1-2.jpg'><img class='border border-white' src='https:\/\/radiolifefm.com.br\/noticias\/wp-content\/uploads\/2020\/11\/1-2-200x200.jpg' alt='1' \/><\/a><\/div>\n<p>Maiores informa\u00e7\u00f5es:<\/p>\n<p>Deic- Divis\u00e3o Especial de Investiga\u00e7\u00f5es Criminais-Deic\/Deinter 8<\/p>\n<p>Fone: 18-3221-9700<\/p>\n<p>&nbsp;<\/p>\n","protected":false},"excerpt":{"rendered":"<p>A Divis\u00e3o Especial de Investiga\u00e7\u00f5es Criminais-Deic\/Deinter 8, por meio da 2\u00aa Delegacia de Investiga\u00e7\u00f5es sobre Entorpecentes, dando sequencia aos trabalhos de combate ao crime de tr\u00e1fico de drogas, no in\u00edcio da tarde desta 5\u00aa feira (12\/11), ap\u00f3s dilig\u00eancias fruto das informa\u00e7\u00f5es recebidas da sociedade local, instalou ponto de observa\u00e7\u00e3o nas imedia\u00e7\u00f5es do local investigado sendo [&hellip;]<\/p>\n","protected":false},"author":13,"featured_media":29749,"comment_status":"closed","ping_status":"open","sticky":false,"template":"","format":"standard","meta":{"_acf_changed":false,"_exactmetrics_skip_tracking":false,"_exactmetrics_sitenote_active":false,"_exactmetrics_sitenote_note":"","_exactmetrics_sitenote_category":0,"footnotes":""},"categories":[24],"tags":[],"class_list":["post-29748","post","type-post","status-publish","format-standard","has-post-thumbnail","hentry","category-regiao"],"acf":[],"yoast_head":"<!-- This site is optimized with the Yoast SEO plugin v27.2 - https:\/\/yoast.com\/product\/yoast-seo-wordpress\/ -->\n<title>Pol\u00edcia Civil prende 2 traficantes em flagrante no Jardim Marisa com drogas e arma de fogo - R\u00e1dio Life FM<\/title>\n<meta name=\"robots\" content=\"index, follow, max-snippet:-1, max-image-preview:large, max-video-preview:-1\" \/>\n<link rel=\"canonical\" href=\"https:\/\/radiolifefm.com.br\/noticias\/policia-civil-prende-2-traficantes-em-flagrante-no-jardim-marisa-com-drogas-e-arma-de-fogo\/\" \/>\n<meta property=\"og:locale\" content=\"pt_BR\" \/>\n<meta property=\"og:type\" content=\"article\" \/>\n<meta property=\"og:title\" content=\"Pol\u00edcia Civil prende 2 traficantes em flagrante no Jardim Marisa com drogas e arma de fogo - R\u00e1dio Life FM\" \/>\n<meta property=\"og:description\" content=\"A Divis\u00e3o Especial de Investiga\u00e7\u00f5es Criminais-Deic\/Deinter 8, por meio da 2\u00aa Delegacia de Investiga\u00e7\u00f5es sobre Entorpecentes, dando sequencia aos trabalhos de combate ao crime de tr\u00e1fico de drogas, no in\u00edcio da tarde desta 5\u00aa feira (12\/11), ap\u00f3s dilig\u00eancias fruto das informa\u00e7\u00f5es recebidas da sociedade local, instalou ponto de observa\u00e7\u00e3o nas imedia\u00e7\u00f5es do local investigado sendo [&hellip;]\" \/>\n<meta property=\"og:url\" content=\"https:\/\/radiolifefm.com.br\/noticias\/policia-civil-prende-2-traficantes-em-flagrante-no-jardim-marisa-com-drogas-e-arma-de-fogo\/\" \/>\n<meta property=\"og:site_name\" content=\"R\u00e1dio Life FM\" \/>\n<meta property=\"article:publisher\" content=\"https:\/\/www.facebook.com\/radiolifefm\/\" \/>\n<meta property=\"article:published_time\" content=\"2020-11-13T01:05:25+00:00\" \/>\n<meta property=\"article:modified_time\" content=\"2026-01-24T22:34:47+00:00\" \/>\n<meta property=\"og:image\" content=\"https:\/\/radiolifefm.com.br\/noticias\/wp-content\/uploads\/2020\/11\/1-2.jpg\" \/>\n\t<meta property=\"og:image:width\" content=\"1280\" \/>\n\t<meta property=\"og:image:height\" content=\"1266\" \/>\n\t<meta property=\"og:image:type\" content=\"image\/jpeg\" \/>\n<meta name=\"author\" content=\"ritanery\" \/>\n<meta name=\"twitter:card\" content=\"summary_large_image\" \/>\n<meta name=\"twitter:label1\" content=\"Escrito por\" \/>\n\t<meta name=\"twitter:data1\" content=\"ritanery\" \/>\n\t<meta name=\"twitter:label2\" content=\"Est. tempo de leitura\" \/>\n\t<meta name=\"twitter:data2\" content=\"1 minuto\" \/>\n<script type=\"application\/ld+json\" class=\"yoast-schema-graph\">{\"@context\":\"https:\/\/schema.org\",\"@graph\":[{\"@type\":\"Article\",\"@id\":\"https:\/\/radiolifefm.com.br\/noticias\/policia-civil-prende-2-traficantes-em-flagrante-no-jardim-marisa-com-drogas-e-arma-de-fogo\/#article\",\"isPartOf\":{\"@id\":\"https:\/\/radiolifefm.com.br\/noticias\/policia-civil-prende-2-traficantes-em-flagrante-no-jardim-marisa-com-drogas-e-arma-de-fogo\/\"},\"author\":{\"name\":\"ritanery\",\"@id\":\"https:\/\/radiolifefm.com.br\/noticias\/#\/schema\/person\/6339b9fac59d12b071dec680d7375d87\"},\"headline\":\"Pol\u00edcia Civil prende 2 traficantes em flagrante no Jardim Marisa com drogas e arma de fogo\",\"datePublished\":\"2020-11-13T01:05:25+00:00\",\"dateModified\":\"2026-01-24T22:34:47+00:00\",\"mainEntityOfPage\":{\"@id\":\"https:\/\/radiolifefm.com.br\/noticias\/policia-civil-prende-2-traficantes-em-flagrante-no-jardim-marisa-com-drogas-e-arma-de-fogo\/\"},\"wordCount\":222,\"publisher\":{\"@id\":\"https:\/\/radiolifefm.com.br\/noticias\/#organization\"},\"image\":{\"@id\":\"https:\/\/radiolifefm.com.br\/noticias\/policia-civil-prende-2-traficantes-em-flagrante-no-jardim-marisa-com-drogas-e-arma-de-fogo\/#primaryimage\"},\"thumbnailUrl\":\"https:\/\/radiolifefm.com.br\/noticias\/wp-content\/uploads\/2020\/11\/1-2.jpg\",\"articleSection\":[\"Regi\u00e3o\"],\"inLanguage\":\"pt-BR\"},{\"@type\":\"WebPage\",\"@id\":\"https:\/\/radiolifefm.com.br\/noticias\/policia-civil-prende-2-traficantes-em-flagrante-no-jardim-marisa-com-drogas-e-arma-de-fogo\/\",\"url\":\"https:\/\/radiolifefm.com.br\/noticias\/policia-civil-prende-2-traficantes-em-flagrante-no-jardim-marisa-com-drogas-e-arma-de-fogo\/\",\"name\":\"Pol\u00edcia Civil prende 2 traficantes em flagrante no Jardim Marisa com drogas e arma de fogo - R\u00e1dio Life FM\",\"isPartOf\":{\"@id\":\"https:\/\/radiolifefm.com.br\/noticias\/#website\"},\"primaryImageOfPage\":{\"@id\":\"https:\/\/radiolifefm.com.br\/noticias\/policia-civil-prende-2-traficantes-em-flagrante-no-jardim-marisa-com-drogas-e-arma-de-fogo\/#primaryimage\"},\"image\":{\"@id\":\"https:\/\/radiolifefm.com.br\/noticias\/policia-civil-prende-2-traficantes-em-flagrante-no-jardim-marisa-com-drogas-e-arma-de-fogo\/#primaryimage\"},\"thumbnailUrl\":\"https:\/\/radiolifefm.com.br\/noticias\/wp-content\/uploads\/2020\/11\/1-2.jpg\",\"datePublished\":\"2020-11-13T01:05:25+00:00\",\"dateModified\":\"2026-01-24T22:34:47+00:00\",\"breadcrumb\":{\"@id\":\"https:\/\/radiolifefm.com.br\/noticias\/policia-civil-prende-2-traficantes-em-flagrante-no-jardim-marisa-com-drogas-e-arma-de-fogo\/#breadcrumb\"},\"inLanguage\":\"pt-BR\",\"potentialAction\":[{\"@type\":\"ReadAction\",\"target\":[\"https:\/\/radiolifefm.com.br\/noticias\/policia-civil-prende-2-traficantes-em-flagrante-no-jardim-marisa-com-drogas-e-arma-de-fogo\/\"]}]},{\"@type\":\"ImageObject\",\"inLanguage\":\"pt-BR\",\"@id\":\"https:\/\/radiolifefm.com.br\/noticias\/policia-civil-prende-2-traficantes-em-flagrante-no-jardim-marisa-com-drogas-e-arma-de-fogo\/#primaryimage\",\"url\":\"https:\/\/radiolifefm.com.br\/noticias\/wp-content\/uploads\/2020\/11\/1-2.jpg\",\"contentUrl\":\"https:\/\/radiolifefm.com.br\/noticias\/wp-content\/uploads\/2020\/11\/1-2.jpg\",\"width\":1280,\"height\":1266},{\"@type\":\"BreadcrumbList\",\"@id\":\"https:\/\/radiolifefm.com.br\/noticias\/policia-civil-prende-2-traficantes-em-flagrante-no-jardim-marisa-com-drogas-e-arma-de-fogo\/#breadcrumb\",\"itemListElement\":[{\"@type\":\"ListItem\",\"position\":1,\"name\":\"In\u00edcio\",\"item\":\"https:\/\/radiolifefm.com.br\/noticias\/\"},{\"@type\":\"ListItem\",\"position\":2,\"name\":\"Pol\u00edcia Civil prende 2 traficantes em flagrante no Jardim Marisa com drogas e arma de fogo\"}]},{\"@type\":\"WebSite\",\"@id\":\"https:\/\/radiolifefm.com.br\/noticias\/#website\",\"url\":\"https:\/\/radiolifefm.com.br\/noticias\/\",\"name\":\"R\u00e1dio Life FM\",\"description\":\"O Portal de Not\u00edcias de Adamantina\",\"publisher\":{\"@id\":\"https:\/\/radiolifefm.com.br\/noticias\/#organization\"},\"alternateName\":\"Life FM\",\"potentialAction\":[{\"@type\":\"SearchAction\",\"target\":{\"@type\":\"EntryPoint\",\"urlTemplate\":\"https:\/\/radiolifefm.com.br\/noticias\/?s={search_term_string}\"},\"query-input\":{\"@type\":\"PropertyValueSpecification\",\"valueRequired\":true,\"valueName\":\"search_term_string\"}}],\"inLanguage\":\"pt-BR\"},{\"@type\":\"Organization\",\"@id\":\"https:\/\/radiolifefm.com.br\/noticias\/#organization\",\"name\":\"R\u00e1dio Life FM\",\"alternateName\":\"Life FM\",\"url\":\"https:\/\/radiolifefm.com.br\/noticias\/\",\"logo\":{\"@type\":\"ImageObject\",\"inLanguage\":\"pt-BR\",\"@id\":\"https:\/\/radiolifefm.com.br\/noticias\/#\/schema\/logo\/image\/\",\"url\":\"https:\/\/static.radiolifefm.com.br\/noticias\/wp-content\/uploads\/2019\/10\/logo-lifefm.png\",\"contentUrl\":\"https:\/\/static.radiolifefm.com.br\/noticias\/wp-content\/uploads\/2019\/10\/logo-lifefm.png\",\"width\":196,\"height\":47,\"caption\":\"R\u00e1dio Life FM\"},\"image\":{\"@id\":\"https:\/\/radiolifefm.com.br\/noticias\/#\/schema\/logo\/image\/\"},\"sameAs\":[\"https:\/\/www.facebook.com\/radiolifefm\/\",\"https:\/\/www.instagram.com\/life1079fm\/\"]},{\"@type\":\"Person\",\"@id\":\"https:\/\/radiolifefm.com.br\/noticias\/#\/schema\/person\/6339b9fac59d12b071dec680d7375d87\",\"name\":\"ritanery\",\"image\":{\"@type\":\"ImageObject\",\"inLanguage\":\"pt-BR\",\"@id\":\"https:\/\/secure.gravatar.com\/avatar\/0e37bb19071f47c0b8a23f62a903df117c5a0e75f65a0c2901562f97cd41cf86?s=96&d=mm&r=g\",\"url\":\"https:\/\/secure.gravatar.com\/avatar\/0e37bb19071f47c0b8a23f62a903df117c5a0e75f65a0c2901562f97cd41cf86?s=96&d=mm&r=g\",\"contentUrl\":\"https:\/\/secure.gravatar.com\/avatar\/0e37bb19071f47c0b8a23f62a903df117c5a0e75f65a0c2901562f97cd41cf86?s=96&d=mm&r=g\",\"caption\":\"ritanery\"}}]}<\/script>\n<!-- \/ Yoast SEO plugin. -->","yoast_head_json":{"title":"Pol\u00edcia Civil prende 2 traficantes em flagrante no Jardim Marisa com drogas e arma de fogo - R\u00e1dio Life FM","robots":{"index":"index","follow":"follow","max-snippet":"max-snippet:-1","max-image-preview":"max-image-preview:large","max-video-preview":"max-video-preview:-1"},"canonical":"https:\/\/radiolifefm.com.br\/noticias\/policia-civil-prende-2-traficantes-em-flagrante-no-jardim-marisa-com-drogas-e-arma-de-fogo\/","og_locale":"pt_BR","og_type":"article","og_title":"Pol\u00edcia Civil prende 2 traficantes em flagrante no Jardim Marisa com drogas e arma de fogo - R\u00e1dio Life FM","og_description":"A Divis\u00e3o Especial de Investiga\u00e7\u00f5es Criminais-Deic\/Deinter 8, por meio da 2\u00aa Delegacia de Investiga\u00e7\u00f5es sobre Entorpecentes, dando sequencia aos trabalhos de combate ao crime de tr\u00e1fico de drogas, no in\u00edcio da tarde desta 5\u00aa feira (12\/11), ap\u00f3s dilig\u00eancias fruto das informa\u00e7\u00f5es recebidas da sociedade local, instalou ponto de observa\u00e7\u00e3o nas imedia\u00e7\u00f5es do local investigado sendo [&hellip;]","og_url":"https:\/\/radiolifefm.com.br\/noticias\/policia-civil-prende-2-traficantes-em-flagrante-no-jardim-marisa-com-drogas-e-arma-de-fogo\/","og_site_name":"R\u00e1dio Life FM","article_publisher":"https:\/\/www.facebook.com\/radiolifefm\/","article_published_time":"2020-11-13T01:05:25+00:00","article_modified_time":"2026-01-24T22:34:47+00:00","og_image":[{"width":1280,"height":1266,"url":"https:\/\/radiolifefm.com.br\/noticias\/wp-content\/uploads\/2020\/11\/1-2.jpg","type":"image\/jpeg"}],"author":"ritanery","twitter_card":"summary_large_image","twitter_misc":{"Escrito por":"ritanery","Est. tempo de leitura":"1 minuto"},"schema":{"@context":"https:\/\/schema.org","@graph":[{"@type":"Article","@id":"https:\/\/radiolifefm.com.br\/noticias\/policia-civil-prende-2-traficantes-em-flagrante-no-jardim-marisa-com-drogas-e-arma-de-fogo\/#article","isPartOf":{"@id":"https:\/\/radiolifefm.com.br\/noticias\/policia-civil-prende-2-traficantes-em-flagrante-no-jardim-marisa-com-drogas-e-arma-de-fogo\/"},"author":{"name":"ritanery","@id":"https:\/\/radiolifefm.com.br\/noticias\/#\/schema\/person\/6339b9fac59d12b071dec680d7375d87"},"headline":"Pol\u00edcia Civil prende 2 traficantes em flagrante no Jardim Marisa com drogas e arma de fogo","datePublished":"2020-11-13T01:05:25+00:00","dateModified":"2026-01-24T22:34:47+00:00","mainEntityOfPage":{"@id":"https:\/\/radiolifefm.com.br\/noticias\/policia-civil-prende-2-traficantes-em-flagrante-no-jardim-marisa-com-drogas-e-arma-de-fogo\/"},"wordCount":222,"publisher":{"@id":"https:\/\/radiolifefm.com.br\/noticias\/#organization"},"image":{"@id":"https:\/\/radiolifefm.com.br\/noticias\/policia-civil-prende-2-traficantes-em-flagrante-no-jardim-marisa-com-drogas-e-arma-de-fogo\/#primaryimage"},"thumbnailUrl":"https:\/\/radiolifefm.com.br\/noticias\/wp-content\/uploads\/2020\/11\/1-2.jpg","articleSection":["Regi\u00e3o"],"inLanguage":"pt-BR"},{"@type":"WebPage","@id":"https:\/\/radiolifefm.com.br\/noticias\/policia-civil-prende-2-traficantes-em-flagrante-no-jardim-marisa-com-drogas-e-arma-de-fogo\/","url":"https:\/\/radiolifefm.com.br\/noticias\/policia-civil-prende-2-traficantes-em-flagrante-no-jardim-marisa-com-drogas-e-arma-de-fogo\/","name":"Pol\u00edcia Civil prende 2 traficantes em flagrante no Jardim Marisa com drogas e arma de fogo - R\u00e1dio Life FM","isPartOf":{"@id":"https:\/\/radiolifefm.com.br\/noticias\/#website"},"primaryImageOfPage":{"@id":"https:\/\/radiolifefm.com.br\/noticias\/policia-civil-prende-2-traficantes-em-flagrante-no-jardim-marisa-com-drogas-e-arma-de-fogo\/#primaryimage"},"image":{"@id":"https:\/\/radiolifefm.com.br\/noticias\/policia-civil-prende-2-traficantes-em-flagrante-no-jardim-marisa-com-drogas-e-arma-de-fogo\/#primaryimage"},"thumbnailUrl":"https:\/\/radiolifefm.com.br\/noticias\/wp-content\/uploads\/2020\/11\/1-2.jpg","datePublished":"2020-11-13T01:05:25+00:00","dateModified":"2026-01-24T22:34:47+00:00","breadcrumb":{"@id":"https:\/\/radiolifefm.com.br\/noticias\/policia-civil-prende-2-traficantes-em-flagrante-no-jardim-marisa-com-drogas-e-arma-de-fogo\/#breadcrumb"},"inLanguage":"pt-BR","potentialAction":[{"@type":"ReadAction","target":["https:\/\/radiolifefm.com.br\/noticias\/policia-civil-prende-2-traficantes-em-flagrante-no-jardim-marisa-com-drogas-e-arma-de-fogo\/"]}]},{"@type":"ImageObject","inLanguage":"pt-BR","@id":"https:\/\/radiolifefm.com.br\/noticias\/policia-civil-prende-2-traficantes-em-flagrante-no-jardim-marisa-com-drogas-e-arma-de-fogo\/#primaryimage","url":"https:\/\/radiolifefm.com.br\/noticias\/wp-content\/uploads\/2020\/11\/1-2.jpg","contentUrl":"https:\/\/radiolifefm.com.br\/noticias\/wp-content\/uploads\/2020\/11\/1-2.jpg","width":1280,"height":1266},{"@type":"BreadcrumbList","@id":"https:\/\/radiolifefm.com.br\/noticias\/policia-civil-prende-2-traficantes-em-flagrante-no-jardim-marisa-com-drogas-e-arma-de-fogo\/#breadcrumb","itemListElement":[{"@type":"ListItem","position":1,"name":"In\u00edcio","item":"https:\/\/radiolifefm.com.br\/noticias\/"},{"@type":"ListItem","position":2,"name":"Pol\u00edcia Civil prende 2 traficantes em flagrante no Jardim Marisa com drogas e arma de fogo"}]},{"@type":"WebSite","@id":"https:\/\/radiolifefm.com.br\/noticias\/#website","url":"https:\/\/radiolifefm.com.br\/noticias\/","name":"R\u00e1dio Life FM","description":"O Portal de Not\u00edcias de Adamantina","publisher":{"@id":"https:\/\/radiolifefm.com.br\/noticias\/#organization"},"alternateName":"Life FM","potentialAction":[{"@type":"SearchAction","target":{"@type":"EntryPoint","urlTemplate":"https:\/\/radiolifefm.com.br\/noticias\/?s={search_term_string}"},"query-input":{"@type":"PropertyValueSpecification","valueRequired":true,"valueName":"search_term_string"}}],"inLanguage":"pt-BR"},{"@type":"Organization","@id":"https:\/\/radiolifefm.com.br\/noticias\/#organization","name":"R\u00e1dio Life FM","alternateName":"Life FM","url":"https:\/\/radiolifefm.com.br\/noticias\/","logo":{"@type":"ImageObject","inLanguage":"pt-BR","@id":"https:\/\/radiolifefm.com.br\/noticias\/#\/schema\/logo\/image\/","url":"https:\/\/static.radiolifefm.com.br\/noticias\/wp-content\/uploads\/2019\/10\/logo-lifefm.png","contentUrl":"https:\/\/static.radiolifefm.com.br\/noticias\/wp-content\/uploads\/2019\/10\/logo-lifefm.png","width":196,"height":47,"caption":"R\u00e1dio Life FM"},"image":{"@id":"https:\/\/radiolifefm.com.br\/noticias\/#\/schema\/logo\/image\/"},"sameAs":["https:\/\/www.facebook.com\/radiolifefm\/","https:\/\/www.instagram.com\/life1079fm\/"]},{"@type":"Person","@id":"https:\/\/radiolifefm.com.br\/noticias\/#\/schema\/person\/6339b9fac59d12b071dec680d7375d87","name":"ritanery","image":{"@type":"ImageObject","inLanguage":"pt-BR","@id":"https:\/\/secure.gravatar.com\/avatar\/0e37bb19071f47c0b8a23f62a903df117c5a0e75f65a0c2901562f97cd41cf86?s=96&d=mm&r=g","url":"https:\/\/secure.gravatar.com\/avatar\/0e37bb19071f47c0b8a23f62a903df117c5a0e75f65a0c2901562f97cd41cf86?s=96&d=mm&r=g","contentUrl":"https:\/\/secure.gravatar.com\/avatar\/0e37bb19071f47c0b8a23f62a903df117c5a0e75f65a0c2901562f97cd41cf86?s=96&d=mm&r=g","caption":"ritanery"}}]}},"amp_enabled":true,"_links":{"self":[{"href":"https:\/\/radiolifefm.com.br\/noticias\/wp-json\/wp\/v2\/posts\/29748","targetHints":{"allow":["GET"]}}],"collection":[{"href":"https:\/\/radiolifefm.com.br\/noticias\/wp-json\/wp\/v2\/posts"}],"about":[{"href":"https:\/\/radiolifefm.com.br\/noticias\/wp-json\/wp\/v2\/types\/post"}],"author":[{"embeddable":true,"href":"https:\/\/radiolifefm.com.br\/noticias\/wp-json\/wp\/v2\/users\/13"}],"replies":[{"embeddable":true,"href":"https:\/\/radiolifefm.com.br\/noticias\/wp-json\/wp\/v2\/comments?post=29748"}],"version-history":[{"count":1,"href":"https:\/\/radiolifefm.com.br\/noticias\/wp-json\/wp\/v2\/posts\/29748\/revisions"}],"predecessor-version":[{"id":29751,"href":"https:\/\/radiolifefm.com.br\/noticias\/wp-json\/wp\/v2\/posts\/29748\/revisions\/29751"}],"wp:featuredmedia":[{"embeddable":true,"href":"https:\/\/radiolifefm.com.br\/noticias\/wp-json\/wp\/v2\/media\/29749"}],"wp:attachment":[{"href":"https:\/\/radiolifefm.com.br\/noticias\/wp-json\/wp\/v2\/media?parent=29748"}],"wp:term":[{"taxonomy":"category","embeddable":true,"href":"https:\/\/radiolifefm.com.br\/noticias\/wp-json\/wp\/v2\/categories?post=29748"},{"taxonomy":"post_tag","embeddable":true,"href":"https:\/\/radiolifefm.com.br\/noticias\/wp-json\/wp\/v2\/tags?post=29748"}],"curies":[{"name":"wp","href":"https:\/\/api.w.org\/{rel}","templated":true}]}}