{"id":29654,"date":"2020-11-11T15:03:06","date_gmt":"2020-11-11T18:03:06","guid":{"rendered":"https:\/\/radiolifefm.com.br\/noticias\/?p=29654"},"modified":"2026-04-29T02:35:11","modified_gmt":"2026-04-29T05:35:11","slug":"acusado-de-matar-ex-mulher-com-facadas-no-peito-e-condenado-a-27-anos-de-prisao-em-tupa","status":"publish","type":"post","link":"https:\/\/radiolifefm.com.br\/noticias\/acusado-de-matar-ex-mulher-com-facadas-no-peito-e-condenado-a-27-anos-de-prisao-em-tupa\/","title":{"rendered":"Acusado de matar ex-mulher com facadas no peito \u00e9 condenado a 27 anos de pris\u00e3o em Tup\u00e3"},"content":{"rendered":"<div id=\"fb-root\"><\/div>\n<div class=\"mc-column content-text active-extra-styles \" data-block-type=\"unstyled\" data-block-weight=\"33\" data-block-id=\"2\">\n<p class=\"content-text__container \" data-track-category=\"Link no Texto\" data-track-links=\"\">O homem acusado de\u00a0<a href=\"https:\/\/g1.globo.com\/sp\/bauru-marilia\/noticia\/mulher-e-morta-a-facadas-e-ex-marido-e-suspeito-do-crime-em-tupa.ghtml\">matar a ex-mulher a facadas em agosto de 2017, em Tup\u00e3 (SP),\u00a0<\/a>foi condenado na tarde desta segunda-feira (9) a\u00a0<span class=\"highlight highlighted\">27 anos de pris\u00e3o, em regime inicial fechado<\/span>.<\/p>\n<\/div>\n<div class=\"wall protected-content\">\n<div class=\"mc-column content-text active-extra-styles \" data-block-type=\"unstyled\" data-block-weight=\"32\" data-block-id=\"3\">\n<p class=\"content-text__container \" data-track-category=\"Link no Texto\" data-track-links=\"\">A senten\u00e7a foi lida pelo juiz F\u00e1bio Jos\u00e9 Vasconcelos no fim da tarde no fechamento da sess\u00e3o do\u00a0<a href=\"https:\/\/g1.globo.com\/sp\/bauru-marilia\/noticia\/2020\/11\/09\/acusado-de-matar-ex-mulher-a-facadas-em-tupa-vai-a-juri-nesta-segunda-feira.ghtml\">Tribunal do J\u00fari, que come\u00e7ou pela manh\u00e3<\/a>, \u00e0s 9h, no f\u00f3rum da cidade.<\/p>\n<\/div>\n<div class=\"mc-column content-text active-extra-styles \" data-block-type=\"unstyled\" data-block-weight=\"49\" data-block-id=\"4\">\n<p class=\"content-text__container \" data-track-category=\"Link no Texto\" data-track-links=\"\">Segundo a senten\u00e7a, definida por maioria dos votos de um corpo de jurados formado por cinco mulheres e dois homens, a condena\u00e7\u00e3o de Ailton Bas\u00edlio levou em considera\u00e7\u00e3o o conjunto de qualificadoras do crime de homic\u00eddio, como o feminic\u00eddio, o uso de meio cruel e, em especial, a premedita\u00e7\u00e3o.<\/p>\n<\/div>\n<div class=\"mc-column content-text active-extra-styles \" data-block-type=\"unstyled\" data-block-weight=\"50\" data-block-id=\"5\">\n<p class=\"content-text__container \" data-track-category=\"Link no Texto\" data-track-links=\"\">Segundo o juiz destacou na leitura da senten\u00e7a, o fato do agora condenado ter feito saques em dinheiro \u00e0s v\u00e9speras do crime e ter avisado sua sogra que ela &#8220;ganharia um presente especial de anivers\u00e1rio&#8221; confirmam a premedita\u00e7\u00e3o. O crime aconteceu no dia do anivers\u00e1rio da m\u00e3e da v\u00edtima.<\/p>\n<\/div>\n<div class=\"mc-column content-text active-extra-styles \" data-block-type=\"unstyled\" data-block-weight=\"40\" data-block-id=\"6\">\n<p class=\"content-text__container \" data-track-category=\"Link no Texto\" data-track-links=\"\">A\u00edlton Bas\u00edlio foi condenado por matar a banc\u00e1ria D\u00e9bora Goulart, na \u00e9poca com 34 anos, com tr\u00eas facadas no peito. A\u00edlton e D\u00e9bora foram casados por 10 anos e, segundo as investiga\u00e7\u00f5es, ele n\u00e3o aceitava o fim do relacionamento.<\/p>\n<\/div>\n<div class=\"content-ads content-ads--reveal\" data-block-type=\"ads\" data-block-id=\"7\">\n<div class=\"tag-manager-publicidade-container mc-has-reveal mc-has-ad-lazyload\" data-id=\"banner_materia2\"><img decoding=\"async\" src=\"https:\/\/s2.glbimg.com\/aP45Xec1psRrpIJGzdliGFsGRPQ=\/0x0:879x502\/984x0\/smart\/filters:strip_icc()\/i.s3.glbimg.com\/v1\/AUTH_59edd422c0c84a879bd37670ae4f538a\/internal_photos\/bs\/2020\/M\/6\/uwsoMDSAi80q8x85dLQA\/tupa3.jpg\" alt=\"Juiz F\u00e1bio Jos\u00e9 Vasconcelos durante leitura da senten\u00e7a: meio cruel e premedita\u00e7\u00e3o \u2014 Foto: Mais Tup\u00e3\/Reprodu\u00e7\u00e3o\" \/><\/div>\n<\/div>\n<div data-id=\"banner_materia2\"><\/div>\n<div class=\"row medium-uncollapsed content-media content-photo\" data-block-type=\"backstage-photo\" data-block-id=\"8\">\n<div class=\"mc-column content-media__container\">\n<div class=\"mc-column content-text active-extra-styles \" data-block-type=\"unstyled\" data-block-weight=\"31\" data-block-id=\"9\">\n<p class=\"content-text__container \" data-track-category=\"Link no Texto\" data-track-links=\"\">No dia do crime, em 21 de agosto de 2017, ele atacou D\u00e9bora quando ela chegava em casa ap\u00f3s o trabalho. Depois do crime, fugiu com o carro da v\u00edtima.<\/p>\n<\/div>\n<div class=\"mc-column content-text active-extra-styles \" data-block-type=\"unstyled\" data-block-weight=\"24\" data-block-id=\"10\">\n<p class=\"content-text__container \" data-track-category=\"Link no Texto\" data-track-links=\"\">Imagens registraram o ve\u00edculo na Rodovia Comandante Jo\u00e3o Ribeiro de Barros e uma testemunha viu\u00a0<a href=\"https:\/\/g1.globo.com\/sp\/bauru-marilia\/noticia\/imagens-mostram-suspeito-de-matar-mulher-no-dia-do-assassinato-em-tupa.ghtml\">o carro estacionado na rodovi\u00e1ria de Maring\u00e1 (PR).<\/a><\/p>\n<\/div>\n<div class=\"mc-column content-text active-extra-styles \" data-block-type=\"unstyled\" data-block-weight=\"25\" data-block-id=\"11\">\n<p class=\"content-text__container \" data-track-category=\"Link no Texto\" data-track-links=\"\">A partir da\u00ed, a equipe da Delegacia de Investiga\u00e7\u00f5es Gerais (DIG), comandada pela delegada Milena Davoli, come\u00e7ou a seguir as pistas para localizar o acusado.<\/p>\n<p data-track-category=\"Link no Texto\" data-track-links=\"\"><img decoding=\"async\" src=\"https:\/\/s2.glbimg.com\/oyoJKTjZGDL16YcKkGPUWHmLIks=\/0x0:1545x1000\/984x0\/smart\/filters:strip_icc()\/i.s3.glbimg.com\/v1\/AUTH_59edd422c0c84a879bd37670ae4f538a\/internal_photos\/bs\/2017\/C\/X\/pBOHrMShy1No89Jg8ZfA\/tupa-ailton1.jpg\" alt=\"Ailton Basilio foi flagrado no aeroporto \u2014 Foto: Divulga\u00e7\u00e3o \/ Pol\u00edcia Civil\" \/><\/p>\n<div class=\"mc-column content-text active-extra-styles \" data-block-type=\"unstyled\" data-block-weight=\"45\" data-block-id=\"13\">\n<p class=\"content-text__container \" data-track-category=\"Link no Texto\" data-track-links=\"\"><a href=\"https:\/\/g1.globo.com\/sp\/bauru-marilia\/noticia\/policia-prende-no-rj-suspeito-de-matar-ex-mulher-a-facadas-no-interior-de-sp.ghtml\">A\u00edlton acabou preso no dia 27 de setembro de 2017\u00a0<\/a>em uma pousada em Terez\u00f3polis, na regi\u00e3o serrana no Rio de Janeiro, ap\u00f3s ser\u00a0<a href=\"https:\/\/g1.globo.com\/sp\/bauru-marilia\/noticia\/suspeito-de-matar-ex-mulher-a-facadas-em-tupa-e-flagrado-em-aeroporto-no-pr.ghtml\">flagrado por c\u00e2meras de seguran\u00e7a do aeroporto de Foz do Igua\u00e7u<\/a>, onde pegou o voo para o Rio de Janeiro.<\/p>\n<\/div>\n<div class=\"content-ads content-ads--reveal\" data-block-type=\"ads\" data-block-id=\"14\">\n<div class=\"tag-manager-publicidade-container mc-has-reveal mc-has-ad-lazyload\" data-id=\"banner_materia__fb1922cd-08ce-4beb-9547-335a218a76e4\"><\/div>\n<\/div>\n<div class=\"mc-column content-text active-extra-styles \" data-block-type=\"unstyled\" data-block-weight=\"34\" data-block-id=\"15\">\n<p class=\"content-text__container \" data-track-category=\"Link no Texto\" data-track-links=\"\">No dia em que foi preso<a href=\"https:\/\/g1.globo.com\/rj\/regiao-serrana\/noticia\/suspeito-de-matar-a-ex-mulher-a-facadas-em-sp-e-preso-em-uma-pousada-no-rj.ghtml\">\u00a0ele confessou para a delegada que matou D\u00e9bora mas n\u00e3o explicou os motivos<\/a>. Durante o depoimento na delegacia, ele permaneceu em sil\u00eancio. O acusado est\u00e1 preso em Caiu\u00e1.<\/p>\n<div class=\"mc-column content-text active-extra-styles\" data-block-type=\"raw\" data-block-weight=\"2\" data-block-id=\"17\">\n<div class=\"content-intertitle\">\n<h2>Crime premeditado<\/h2>\n<\/div>\n<p>&nbsp;<\/p>\n<\/div>\n<div class=\"mc-column content-text active-extra-styles \" data-block-type=\"unstyled\" data-block-weight=\"55\" data-block-id=\"18\">\n<p class=\"content-text__container \" data-track-category=\"Link no Texto\" data-track-links=\"\">Desde in\u00edcio das investiga\u00e7\u00f5es, o ex-marido de D\u00e9bora foi apontado pela pol\u00edcia como principal suspeito, pois testemunhas afirmaram que ele foi a \u00faltima pessoa que ela viu ainda viva.\u00a0<a href=\"https:\/\/g1.globo.com\/sp\/bauru-marilia\/noticia\/digital-de-suspeito-de-matar-ex-foi-encontrada-em-marca-de-sangue-na-faca-diz-policia.ghtml\">A digital do suspeito tamb\u00e9m foi encontrada na faca com sangue utilizada no crime<\/a>. A\u00edlton fugiu e deixou a faca cravada no peito da v\u00edtima.<\/p>\n<p data-track-category=\"Link no Texto\" data-track-links=\"\"><img decoding=\"async\" src=\"https:\/\/s2.glbimg.com\/r6xZbDveiE-_o5Jc7nsExhkZOjA=\/0x0:720x595\/984x0\/smart\/filters:strip_icc()\/i.s3.glbimg.com\/v1\/AUTH_59edd422c0c84a879bd37670ae4f538a\/internal_photos\/bs\/2017\/B\/7\/19R4BrTFKkZe8RBbzRug\/1e9427c2-d229-4d86-bc31-fcf29d081c92.jpg\" alt=\"Carro utilizado em fuga de suspeito de matar a ex-mulher foi encontrado em Maring\u00e1 \u2014 Foto: Arquivo Pessoal\" \/><\/p>\n<\/div>\n<\/div>\n<\/div>\n<\/div>\n<\/div>\n<\/div>\n","protected":false},"excerpt":{"rendered":"<p>O homem acusado de\u00a0matar a ex-mulher a facadas em agosto de 2017, em Tup\u00e3 (SP),\u00a0foi condenado na tarde desta segunda-feira (9) a\u00a027 anos de pris\u00e3o, em regime inicial fechado. A senten\u00e7a foi lida pelo juiz F\u00e1bio Jos\u00e9 Vasconcelos no fim da tarde no fechamento da sess\u00e3o do\u00a0Tribunal do J\u00fari, que come\u00e7ou pela manh\u00e3, \u00e0s 9h, [&hellip;]<\/p>\n","protected":false},"author":13,"featured_media":29655,"comment_status":"closed","ping_status":"open","sticky":false,"template":"","format":"standard","meta":{"_acf_changed":false,"_exactmetrics_skip_tracking":false,"_exactmetrics_sitenote_active":false,"_exactmetrics_sitenote_note":"","_exactmetrics_sitenote_category":0,"footnotes":""},"categories":[24],"tags":[],"class_list":["post-29654","post","type-post","status-publish","format-standard","has-post-thumbnail","hentry","category-regiao"],"acf":[],"yoast_head":"<!-- This site is optimized with the Yoast SEO plugin v27.2 - https:\/\/yoast.com\/product\/yoast-seo-wordpress\/ -->\n<title>Acusado de matar ex-mulher com facadas no peito \u00e9 condenado a 27 anos de pris\u00e3o em Tup\u00e3 - R\u00e1dio Life FM<\/title>\n<meta name=\"robots\" content=\"index, follow, max-snippet:-1, max-image-preview:large, max-video-preview:-1\" \/>\n<link rel=\"canonical\" href=\"https:\/\/radiolifefm.com.br\/noticias\/acusado-de-matar-ex-mulher-com-facadas-no-peito-e-condenado-a-27-anos-de-prisao-em-tupa\/\" \/>\n<meta property=\"og:locale\" content=\"pt_BR\" \/>\n<meta property=\"og:type\" content=\"article\" \/>\n<meta property=\"og:title\" content=\"Acusado de matar ex-mulher com facadas no peito \u00e9 condenado a 27 anos de pris\u00e3o em Tup\u00e3 - R\u00e1dio Life FM\" \/>\n<meta property=\"og:description\" content=\"O homem acusado de\u00a0matar a ex-mulher a facadas em agosto de 2017, em Tup\u00e3 (SP),\u00a0foi condenado na tarde desta segunda-feira (9) a\u00a027 anos de pris\u00e3o, em regime inicial fechado. A senten\u00e7a foi lida pelo juiz F\u00e1bio Jos\u00e9 Vasconcelos no fim da tarde no fechamento da sess\u00e3o do\u00a0Tribunal do J\u00fari, que come\u00e7ou pela manh\u00e3, \u00e0s 9h, [&hellip;]\" \/>\n<meta property=\"og:url\" content=\"https:\/\/radiolifefm.com.br\/noticias\/acusado-de-matar-ex-mulher-com-facadas-no-peito-e-condenado-a-27-anos-de-prisao-em-tupa\/\" \/>\n<meta property=\"og:site_name\" content=\"R\u00e1dio Life FM\" \/>\n<meta property=\"article:publisher\" content=\"https:\/\/www.facebook.com\/radiolifefm\/\" \/>\n<meta property=\"article:published_time\" content=\"2020-11-11T18:03:06+00:00\" \/>\n<meta property=\"article:modified_time\" content=\"2026-04-29T05:35:11+00:00\" \/>\n<meta property=\"og:image\" content=\"https:\/\/radiolifefm.com.br\/noticias\/wp-content\/uploads\/2020\/11\/tupa4.jpg\" \/>\n\t<meta property=\"og:image:width\" content=\"984\" \/>\n\t<meta property=\"og:image:height\" content=\"411\" \/>\n\t<meta property=\"og:image:type\" content=\"image\/jpeg\" \/>\n<meta name=\"author\" content=\"ritanery\" \/>\n<meta name=\"twitter:card\" content=\"summary_large_image\" \/>\n<meta name=\"twitter:label1\" content=\"Escrito por\" \/>\n\t<meta name=\"twitter:data1\" content=\"ritanery\" \/>\n\t<meta name=\"twitter:label2\" content=\"Est. tempo de leitura\" \/>\n\t<meta name=\"twitter:data2\" content=\"2 minutos\" \/>\n<script type=\"application\/ld+json\" class=\"yoast-schema-graph\">{\"@context\":\"https:\/\/schema.org\",\"@graph\":[{\"@type\":\"Article\",\"@id\":\"https:\/\/radiolifefm.com.br\/noticias\/acusado-de-matar-ex-mulher-com-facadas-no-peito-e-condenado-a-27-anos-de-prisao-em-tupa\/#article\",\"isPartOf\":{\"@id\":\"https:\/\/radiolifefm.com.br\/noticias\/acusado-de-matar-ex-mulher-com-facadas-no-peito-e-condenado-a-27-anos-de-prisao-em-tupa\/\"},\"author\":{\"name\":\"ritanery\",\"@id\":\"https:\/\/radiolifefm.com.br\/noticias\/#\/schema\/person\/6339b9fac59d12b071dec680d7375d87\"},\"headline\":\"Acusado de matar ex-mulher com facadas no peito \u00e9 condenado a 27 anos de pris\u00e3o em Tup\u00e3\",\"datePublished\":\"2020-11-11T18:03:06+00:00\",\"dateModified\":\"2026-04-29T05:35:11+00:00\",\"mainEntityOfPage\":{\"@id\":\"https:\/\/radiolifefm.com.br\/noticias\/acusado-de-matar-ex-mulher-com-facadas-no-peito-e-condenado-a-27-anos-de-prisao-em-tupa\/\"},\"wordCount\":475,\"publisher\":{\"@id\":\"https:\/\/radiolifefm.com.br\/noticias\/#organization\"},\"image\":{\"@id\":\"https:\/\/radiolifefm.com.br\/noticias\/acusado-de-matar-ex-mulher-com-facadas-no-peito-e-condenado-a-27-anos-de-prisao-em-tupa\/#primaryimage\"},\"thumbnailUrl\":\"https:\/\/radiolifefm.com.br\/noticias\/wp-content\/uploads\/2020\/11\/tupa4.jpg\",\"articleSection\":[\"Regi\u00e3o\"],\"inLanguage\":\"pt-BR\"},{\"@type\":\"WebPage\",\"@id\":\"https:\/\/radiolifefm.com.br\/noticias\/acusado-de-matar-ex-mulher-com-facadas-no-peito-e-condenado-a-27-anos-de-prisao-em-tupa\/\",\"url\":\"https:\/\/radiolifefm.com.br\/noticias\/acusado-de-matar-ex-mulher-com-facadas-no-peito-e-condenado-a-27-anos-de-prisao-em-tupa\/\",\"name\":\"Acusado de matar ex-mulher com facadas no peito \u00e9 condenado a 27 anos de pris\u00e3o em Tup\u00e3 - R\u00e1dio Life FM\",\"isPartOf\":{\"@id\":\"https:\/\/radiolifefm.com.br\/noticias\/#website\"},\"primaryImageOfPage\":{\"@id\":\"https:\/\/radiolifefm.com.br\/noticias\/acusado-de-matar-ex-mulher-com-facadas-no-peito-e-condenado-a-27-anos-de-prisao-em-tupa\/#primaryimage\"},\"image\":{\"@id\":\"https:\/\/radiolifefm.com.br\/noticias\/acusado-de-matar-ex-mulher-com-facadas-no-peito-e-condenado-a-27-anos-de-prisao-em-tupa\/#primaryimage\"},\"thumbnailUrl\":\"https:\/\/radiolifefm.com.br\/noticias\/wp-content\/uploads\/2020\/11\/tupa4.jpg\",\"datePublished\":\"2020-11-11T18:03:06+00:00\",\"dateModified\":\"2026-04-29T05:35:11+00:00\",\"breadcrumb\":{\"@id\":\"https:\/\/radiolifefm.com.br\/noticias\/acusado-de-matar-ex-mulher-com-facadas-no-peito-e-condenado-a-27-anos-de-prisao-em-tupa\/#breadcrumb\"},\"inLanguage\":\"pt-BR\",\"potentialAction\":[{\"@type\":\"ReadAction\",\"target\":[\"https:\/\/radiolifefm.com.br\/noticias\/acusado-de-matar-ex-mulher-com-facadas-no-peito-e-condenado-a-27-anos-de-prisao-em-tupa\/\"]}]},{\"@type\":\"ImageObject\",\"inLanguage\":\"pt-BR\",\"@id\":\"https:\/\/radiolifefm.com.br\/noticias\/acusado-de-matar-ex-mulher-com-facadas-no-peito-e-condenado-a-27-anos-de-prisao-em-tupa\/#primaryimage\",\"url\":\"https:\/\/radiolifefm.com.br\/noticias\/wp-content\/uploads\/2020\/11\/tupa4.jpg\",\"contentUrl\":\"https:\/\/radiolifefm.com.br\/noticias\/wp-content\/uploads\/2020\/11\/tupa4.jpg\",\"width\":984,\"height\":411,\"caption\":\"Por maioria, j\u00fari decidiu pela condena\u00e7\u00e3o e reconheceu qualificadoras, dentre elas a premedita\u00e7\u00e3o. Crime aconteceu em agosto de 2017, quando a banc\u00e1ria D\u00e9bora Goulart foi atacada em casa pelo o ex, Ailton Bas\u00edlio. Ap\u00f3s ficar mais de um m\u00eas foragido, ele foi preso no RJ.\"},{\"@type\":\"BreadcrumbList\",\"@id\":\"https:\/\/radiolifefm.com.br\/noticias\/acusado-de-matar-ex-mulher-com-facadas-no-peito-e-condenado-a-27-anos-de-prisao-em-tupa\/#breadcrumb\",\"itemListElement\":[{\"@type\":\"ListItem\",\"position\":1,\"name\":\"In\u00edcio\",\"item\":\"https:\/\/radiolifefm.com.br\/noticias\/\"},{\"@type\":\"ListItem\",\"position\":2,\"name\":\"Acusado de matar ex-mulher com facadas no peito \u00e9 condenado a 27 anos de pris\u00e3o em Tup\u00e3\"}]},{\"@type\":\"WebSite\",\"@id\":\"https:\/\/radiolifefm.com.br\/noticias\/#website\",\"url\":\"https:\/\/radiolifefm.com.br\/noticias\/\",\"name\":\"R\u00e1dio Life FM\",\"description\":\"O Portal de Not\u00edcias de Adamantina\",\"publisher\":{\"@id\":\"https:\/\/radiolifefm.com.br\/noticias\/#organization\"},\"alternateName\":\"Life FM\",\"potentialAction\":[{\"@type\":\"SearchAction\",\"target\":{\"@type\":\"EntryPoint\",\"urlTemplate\":\"https:\/\/radiolifefm.com.br\/noticias\/?s={search_term_string}\"},\"query-input\":{\"@type\":\"PropertyValueSpecification\",\"valueRequired\":true,\"valueName\":\"search_term_string\"}}],\"inLanguage\":\"pt-BR\"},{\"@type\":\"Organization\",\"@id\":\"https:\/\/radiolifefm.com.br\/noticias\/#organization\",\"name\":\"R\u00e1dio Life FM\",\"alternateName\":\"Life FM\",\"url\":\"https:\/\/radiolifefm.com.br\/noticias\/\",\"logo\":{\"@type\":\"ImageObject\",\"inLanguage\":\"pt-BR\",\"@id\":\"https:\/\/radiolifefm.com.br\/noticias\/#\/schema\/logo\/image\/\",\"url\":\"https:\/\/static.radiolifefm.com.br\/noticias\/wp-content\/uploads\/2019\/10\/logo-lifefm.png\",\"contentUrl\":\"https:\/\/static.radiolifefm.com.br\/noticias\/wp-content\/uploads\/2019\/10\/logo-lifefm.png\",\"width\":196,\"height\":47,\"caption\":\"R\u00e1dio Life FM\"},\"image\":{\"@id\":\"https:\/\/radiolifefm.com.br\/noticias\/#\/schema\/logo\/image\/\"},\"sameAs\":[\"https:\/\/www.facebook.com\/radiolifefm\/\",\"https:\/\/www.instagram.com\/life1079fm\/\"]},{\"@type\":\"Person\",\"@id\":\"https:\/\/radiolifefm.com.br\/noticias\/#\/schema\/person\/6339b9fac59d12b071dec680d7375d87\",\"name\":\"ritanery\",\"image\":{\"@type\":\"ImageObject\",\"inLanguage\":\"pt-BR\",\"@id\":\"https:\/\/secure.gravatar.com\/avatar\/0e37bb19071f47c0b8a23f62a903df117c5a0e75f65a0c2901562f97cd41cf86?s=96&d=mm&r=g\",\"url\":\"https:\/\/secure.gravatar.com\/avatar\/0e37bb19071f47c0b8a23f62a903df117c5a0e75f65a0c2901562f97cd41cf86?s=96&d=mm&r=g\",\"contentUrl\":\"https:\/\/secure.gravatar.com\/avatar\/0e37bb19071f47c0b8a23f62a903df117c5a0e75f65a0c2901562f97cd41cf86?s=96&d=mm&r=g\",\"caption\":\"ritanery\"}}]}<\/script>\n<!-- \/ Yoast SEO plugin. -->","yoast_head_json":{"title":"Acusado de matar ex-mulher com facadas no peito \u00e9 condenado a 27 anos de pris\u00e3o em Tup\u00e3 - R\u00e1dio Life FM","robots":{"index":"index","follow":"follow","max-snippet":"max-snippet:-1","max-image-preview":"max-image-preview:large","max-video-preview":"max-video-preview:-1"},"canonical":"https:\/\/radiolifefm.com.br\/noticias\/acusado-de-matar-ex-mulher-com-facadas-no-peito-e-condenado-a-27-anos-de-prisao-em-tupa\/","og_locale":"pt_BR","og_type":"article","og_title":"Acusado de matar ex-mulher com facadas no peito \u00e9 condenado a 27 anos de pris\u00e3o em Tup\u00e3 - R\u00e1dio Life FM","og_description":"O homem acusado de\u00a0matar a ex-mulher a facadas em agosto de 2017, em Tup\u00e3 (SP),\u00a0foi condenado na tarde desta segunda-feira (9) a\u00a027 anos de pris\u00e3o, em regime inicial fechado. A senten\u00e7a foi lida pelo juiz F\u00e1bio Jos\u00e9 Vasconcelos no fim da tarde no fechamento da sess\u00e3o do\u00a0Tribunal do J\u00fari, que come\u00e7ou pela manh\u00e3, \u00e0s 9h, [&hellip;]","og_url":"https:\/\/radiolifefm.com.br\/noticias\/acusado-de-matar-ex-mulher-com-facadas-no-peito-e-condenado-a-27-anos-de-prisao-em-tupa\/","og_site_name":"R\u00e1dio Life FM","article_publisher":"https:\/\/www.facebook.com\/radiolifefm\/","article_published_time":"2020-11-11T18:03:06+00:00","article_modified_time":"2026-04-29T05:35:11+00:00","og_image":[{"width":984,"height":411,"url":"https:\/\/radiolifefm.com.br\/noticias\/wp-content\/uploads\/2020\/11\/tupa4.jpg","type":"image\/jpeg"}],"author":"ritanery","twitter_card":"summary_large_image","twitter_misc":{"Escrito por":"ritanery","Est. tempo de leitura":"2 minutos"},"schema":{"@context":"https:\/\/schema.org","@graph":[{"@type":"Article","@id":"https:\/\/radiolifefm.com.br\/noticias\/acusado-de-matar-ex-mulher-com-facadas-no-peito-e-condenado-a-27-anos-de-prisao-em-tupa\/#article","isPartOf":{"@id":"https:\/\/radiolifefm.com.br\/noticias\/acusado-de-matar-ex-mulher-com-facadas-no-peito-e-condenado-a-27-anos-de-prisao-em-tupa\/"},"author":{"name":"ritanery","@id":"https:\/\/radiolifefm.com.br\/noticias\/#\/schema\/person\/6339b9fac59d12b071dec680d7375d87"},"headline":"Acusado de matar ex-mulher com facadas no peito \u00e9 condenado a 27 anos de pris\u00e3o em Tup\u00e3","datePublished":"2020-11-11T18:03:06+00:00","dateModified":"2026-04-29T05:35:11+00:00","mainEntityOfPage":{"@id":"https:\/\/radiolifefm.com.br\/noticias\/acusado-de-matar-ex-mulher-com-facadas-no-peito-e-condenado-a-27-anos-de-prisao-em-tupa\/"},"wordCount":475,"publisher":{"@id":"https:\/\/radiolifefm.com.br\/noticias\/#organization"},"image":{"@id":"https:\/\/radiolifefm.com.br\/noticias\/acusado-de-matar-ex-mulher-com-facadas-no-peito-e-condenado-a-27-anos-de-prisao-em-tupa\/#primaryimage"},"thumbnailUrl":"https:\/\/radiolifefm.com.br\/noticias\/wp-content\/uploads\/2020\/11\/tupa4.jpg","articleSection":["Regi\u00e3o"],"inLanguage":"pt-BR"},{"@type":"WebPage","@id":"https:\/\/radiolifefm.com.br\/noticias\/acusado-de-matar-ex-mulher-com-facadas-no-peito-e-condenado-a-27-anos-de-prisao-em-tupa\/","url":"https:\/\/radiolifefm.com.br\/noticias\/acusado-de-matar-ex-mulher-com-facadas-no-peito-e-condenado-a-27-anos-de-prisao-em-tupa\/","name":"Acusado de matar ex-mulher com facadas no peito \u00e9 condenado a 27 anos de pris\u00e3o em Tup\u00e3 - R\u00e1dio Life FM","isPartOf":{"@id":"https:\/\/radiolifefm.com.br\/noticias\/#website"},"primaryImageOfPage":{"@id":"https:\/\/radiolifefm.com.br\/noticias\/acusado-de-matar-ex-mulher-com-facadas-no-peito-e-condenado-a-27-anos-de-prisao-em-tupa\/#primaryimage"},"image":{"@id":"https:\/\/radiolifefm.com.br\/noticias\/acusado-de-matar-ex-mulher-com-facadas-no-peito-e-condenado-a-27-anos-de-prisao-em-tupa\/#primaryimage"},"thumbnailUrl":"https:\/\/radiolifefm.com.br\/noticias\/wp-content\/uploads\/2020\/11\/tupa4.jpg","datePublished":"2020-11-11T18:03:06+00:00","dateModified":"2026-04-29T05:35:11+00:00","breadcrumb":{"@id":"https:\/\/radiolifefm.com.br\/noticias\/acusado-de-matar-ex-mulher-com-facadas-no-peito-e-condenado-a-27-anos-de-prisao-em-tupa\/#breadcrumb"},"inLanguage":"pt-BR","potentialAction":[{"@type":"ReadAction","target":["https:\/\/radiolifefm.com.br\/noticias\/acusado-de-matar-ex-mulher-com-facadas-no-peito-e-condenado-a-27-anos-de-prisao-em-tupa\/"]}]},{"@type":"ImageObject","inLanguage":"pt-BR","@id":"https:\/\/radiolifefm.com.br\/noticias\/acusado-de-matar-ex-mulher-com-facadas-no-peito-e-condenado-a-27-anos-de-prisao-em-tupa\/#primaryimage","url":"https:\/\/radiolifefm.com.br\/noticias\/wp-content\/uploads\/2020\/11\/tupa4.jpg","contentUrl":"https:\/\/radiolifefm.com.br\/noticias\/wp-content\/uploads\/2020\/11\/tupa4.jpg","width":984,"height":411,"caption":"Por maioria, j\u00fari decidiu pela condena\u00e7\u00e3o e reconheceu qualificadoras, dentre elas a premedita\u00e7\u00e3o. Crime aconteceu em agosto de 2017, quando a banc\u00e1ria D\u00e9bora Goulart foi atacada em casa pelo o ex, Ailton Bas\u00edlio. Ap\u00f3s ficar mais de um m\u00eas foragido, ele foi preso no RJ."},{"@type":"BreadcrumbList","@id":"https:\/\/radiolifefm.com.br\/noticias\/acusado-de-matar-ex-mulher-com-facadas-no-peito-e-condenado-a-27-anos-de-prisao-em-tupa\/#breadcrumb","itemListElement":[{"@type":"ListItem","position":1,"name":"In\u00edcio","item":"https:\/\/radiolifefm.com.br\/noticias\/"},{"@type":"ListItem","position":2,"name":"Acusado de matar ex-mulher com facadas no peito \u00e9 condenado a 27 anos de pris\u00e3o em Tup\u00e3"}]},{"@type":"WebSite","@id":"https:\/\/radiolifefm.com.br\/noticias\/#website","url":"https:\/\/radiolifefm.com.br\/noticias\/","name":"R\u00e1dio Life FM","description":"O Portal de Not\u00edcias de Adamantina","publisher":{"@id":"https:\/\/radiolifefm.com.br\/noticias\/#organization"},"alternateName":"Life FM","potentialAction":[{"@type":"SearchAction","target":{"@type":"EntryPoint","urlTemplate":"https:\/\/radiolifefm.com.br\/noticias\/?s={search_term_string}"},"query-input":{"@type":"PropertyValueSpecification","valueRequired":true,"valueName":"search_term_string"}}],"inLanguage":"pt-BR"},{"@type":"Organization","@id":"https:\/\/radiolifefm.com.br\/noticias\/#organization","name":"R\u00e1dio Life FM","alternateName":"Life FM","url":"https:\/\/radiolifefm.com.br\/noticias\/","logo":{"@type":"ImageObject","inLanguage":"pt-BR","@id":"https:\/\/radiolifefm.com.br\/noticias\/#\/schema\/logo\/image\/","url":"https:\/\/static.radiolifefm.com.br\/noticias\/wp-content\/uploads\/2019\/10\/logo-lifefm.png","contentUrl":"https:\/\/static.radiolifefm.com.br\/noticias\/wp-content\/uploads\/2019\/10\/logo-lifefm.png","width":196,"height":47,"caption":"R\u00e1dio Life FM"},"image":{"@id":"https:\/\/radiolifefm.com.br\/noticias\/#\/schema\/logo\/image\/"},"sameAs":["https:\/\/www.facebook.com\/radiolifefm\/","https:\/\/www.instagram.com\/life1079fm\/"]},{"@type":"Person","@id":"https:\/\/radiolifefm.com.br\/noticias\/#\/schema\/person\/6339b9fac59d12b071dec680d7375d87","name":"ritanery","image":{"@type":"ImageObject","inLanguage":"pt-BR","@id":"https:\/\/secure.gravatar.com\/avatar\/0e37bb19071f47c0b8a23f62a903df117c5a0e75f65a0c2901562f97cd41cf86?s=96&d=mm&r=g","url":"https:\/\/secure.gravatar.com\/avatar\/0e37bb19071f47c0b8a23f62a903df117c5a0e75f65a0c2901562f97cd41cf86?s=96&d=mm&r=g","contentUrl":"https:\/\/secure.gravatar.com\/avatar\/0e37bb19071f47c0b8a23f62a903df117c5a0e75f65a0c2901562f97cd41cf86?s=96&d=mm&r=g","caption":"ritanery"}}]}},"amp_enabled":true,"_links":{"self":[{"href":"https:\/\/radiolifefm.com.br\/noticias\/wp-json\/wp\/v2\/posts\/29654","targetHints":{"allow":["GET"]}}],"collection":[{"href":"https:\/\/radiolifefm.com.br\/noticias\/wp-json\/wp\/v2\/posts"}],"about":[{"href":"https:\/\/radiolifefm.com.br\/noticias\/wp-json\/wp\/v2\/types\/post"}],"author":[{"embeddable":true,"href":"https:\/\/radiolifefm.com.br\/noticias\/wp-json\/wp\/v2\/users\/13"}],"replies":[{"embeddable":true,"href":"https:\/\/radiolifefm.com.br\/noticias\/wp-json\/wp\/v2\/comments?post=29654"}],"version-history":[{"count":1,"href":"https:\/\/radiolifefm.com.br\/noticias\/wp-json\/wp\/v2\/posts\/29654\/revisions"}],"predecessor-version":[{"id":29656,"href":"https:\/\/radiolifefm.com.br\/noticias\/wp-json\/wp\/v2\/posts\/29654\/revisions\/29656"}],"wp:featuredmedia":[{"embeddable":true,"href":"https:\/\/radiolifefm.com.br\/noticias\/wp-json\/wp\/v2\/media\/29655"}],"wp:attachment":[{"href":"https:\/\/radiolifefm.com.br\/noticias\/wp-json\/wp\/v2\/media?parent=29654"}],"wp:term":[{"taxonomy":"category","embeddable":true,"href":"https:\/\/radiolifefm.com.br\/noticias\/wp-json\/wp\/v2\/categories?post=29654"},{"taxonomy":"post_tag","embeddable":true,"href":"https:\/\/radiolifefm.com.br\/noticias\/wp-json\/wp\/v2\/tags?post=29654"}],"curies":[{"name":"wp","href":"https:\/\/api.w.org\/{rel}","templated":true}]}}