{"id":29532,"date":"2020-11-09T21:18:05","date_gmt":"2020-11-10T00:18:05","guid":{"rendered":"https:\/\/radiolifefm.com.br\/noticias\/?p=29532"},"modified":"2026-05-01T06:07:25","modified_gmt":"2026-05-01T09:07:25","slug":"operacao-balanca-e-mantida-em-rodovias-de-assis-e-dracena","status":"publish","type":"post","link":"https:\/\/radiolifefm.com.br\/noticias\/operacao-balanca-e-mantida-em-rodovias-de-assis-e-dracena\/","title":{"rendered":"Opera\u00e7\u00e3o Balan\u00e7a \u00e9 mantida em rodovias de Assis e Dracena"},"content":{"rendered":"<div id=\"fb-root\"><\/div>\n<p>O DER \u2013 Departamento de Estradas de Rodagem, com o apoio operacional das concession\u00e1rias Eixo SP e CART, d\u00e1 prosseguimento \u00e0 Opera\u00e7\u00e3o Balan\u00e7a em rodovias da regi\u00e3o. Os trabalhos ser\u00e3o concentrados na SP 294 \u2013 Rodovia Comandante Jo\u00e3o Ribeiro de Barros, no sentido leste do quil\u00f4metro 644, em Dracena, e na SP 284 \u2013 Man\u00edlio Gobbi, no km 454+200, em Assis.<\/p>\n<p>&nbsp;<\/p>\n<p>A mobiliza\u00e7\u00e3o acontece diariamente das 9h \u00e0s 16h com o objetivo de verificar excesso no PBT \u2013 Peso Bruto Total ou por grupo de eixos. Conforme o Conselho Nacional de Tr\u00e2nsito (Contran), a toler\u00e2ncia por eixo \u00e9 de 7,5% e de 5,0% para peso bruto total. Nos casos em que houver inconformidade, o motorista ser\u00e1 autuado por equipe do DER.<\/p>\n<p>&nbsp;<\/p>\n<p>O Contran orienta ainda que a toler\u00e2ncia de 10% por eixo s\u00f3 vale para quem respeitar o limite de 5% do PBT \u2013 Peso Bruto Total e\/ou PBTC \u2013 Peso Bruto Total Combinado. Em situa\u00e7\u00f5es de excesso de largura, altura e comprimento sem a devida AET \u2013 Autoriza\u00e7\u00e3o Especial de Tr\u00e2nsito, o transportador estar\u00e1 sujeito a autua\u00e7\u00e3o.<\/p>\n<p>&nbsp;<\/p>\n<p>Ve\u00edculos de carga que excedem os limites regulamentados causam riscos nas estradas. O excesso de peso gera desgaste precoce no pavimento asf\u00e1ltico das rodovias e ainda tira a estabilidade de tr\u00e1fego dos caminh\u00f5es em curvas, aclives ou declives. Assim, a fiscaliza\u00e7\u00e3o de peso coage os usu\u00e1rios a respeitarem a lei e garante melhores condi\u00e7\u00f5es de seguran\u00e7a vi\u00e1ria e a conserva\u00e7\u00e3o da malha vi\u00e1ria.<\/p>\n<p>Fonte: Wilson Vieira<\/p>\n","protected":false},"excerpt":{"rendered":"<p>O DER \u2013 Departamento de Estradas de Rodagem, com o apoio operacional das concession\u00e1rias Eixo SP e CART, d\u00e1 prosseguimento \u00e0 Opera\u00e7\u00e3o Balan\u00e7a em rodovias da regi\u00e3o. Os trabalhos ser\u00e3o concentrados na SP 294 \u2013 Rodovia Comandante Jo\u00e3o Ribeiro de Barros, no sentido leste do quil\u00f4metro 644, em Dracena, e na SP 284 \u2013 Man\u00edlio [&hellip;]<\/p>\n","protected":false},"author":8,"featured_media":29533,"comment_status":"closed","ping_status":"open","sticky":false,"template":"","format":"standard","meta":{"_acf_changed":false,"_exactmetrics_skip_tracking":false,"_exactmetrics_sitenote_active":false,"_exactmetrics_sitenote_note":"","_exactmetrics_sitenote_category":0,"footnotes":""},"categories":[24],"tags":[],"class_list":["post-29532","post","type-post","status-publish","format-standard","has-post-thumbnail","hentry","category-regiao"],"acf":[],"yoast_head":"<!-- This site is optimized with the Yoast SEO plugin v27.2 - https:\/\/yoast.com\/product\/yoast-seo-wordpress\/ -->\n<title>Opera\u00e7\u00e3o Balan\u00e7a \u00e9 mantida em rodovias de Assis e Dracena - R\u00e1dio Life FM<\/title>\n<meta name=\"robots\" content=\"index, follow, max-snippet:-1, max-image-preview:large, max-video-preview:-1\" \/>\n<link rel=\"canonical\" href=\"https:\/\/radiolifefm.com.br\/noticias\/operacao-balanca-e-mantida-em-rodovias-de-assis-e-dracena\/\" \/>\n<meta property=\"og:locale\" content=\"pt_BR\" \/>\n<meta property=\"og:type\" content=\"article\" \/>\n<meta property=\"og:title\" content=\"Opera\u00e7\u00e3o Balan\u00e7a \u00e9 mantida em rodovias de Assis e Dracena - R\u00e1dio Life FM\" \/>\n<meta property=\"og:description\" content=\"O DER \u2013 Departamento de Estradas de Rodagem, com o apoio operacional das concession\u00e1rias Eixo SP e CART, d\u00e1 prosseguimento \u00e0 Opera\u00e7\u00e3o Balan\u00e7a em rodovias da regi\u00e3o. Os trabalhos ser\u00e3o concentrados na SP 294 \u2013 Rodovia Comandante Jo\u00e3o Ribeiro de Barros, no sentido leste do quil\u00f4metro 644, em Dracena, e na SP 284 \u2013 Man\u00edlio [&hellip;]\" \/>\n<meta property=\"og:url\" content=\"https:\/\/radiolifefm.com.br\/noticias\/operacao-balanca-e-mantida-em-rodovias-de-assis-e-dracena\/\" \/>\n<meta property=\"og:site_name\" content=\"R\u00e1dio Life FM\" \/>\n<meta property=\"article:publisher\" content=\"https:\/\/www.facebook.com\/radiolifefm\/\" \/>\n<meta property=\"article:published_time\" content=\"2020-11-10T00:18:05+00:00\" \/>\n<meta property=\"article:modified_time\" content=\"2026-05-01T09:07:25+00:00\" \/>\n<meta property=\"og:image\" content=\"https:\/\/radiolifefm.com.br\/noticias\/wp-content\/uploads\/2020\/11\/unnamed-1-1.png\" \/>\n\t<meta property=\"og:image:width\" content=\"567\" \/>\n\t<meta property=\"og:image:height\" content=\"283\" \/>\n\t<meta property=\"og:image:type\" content=\"image\/png\" \/>\n<meta name=\"author\" content=\"joaograndao\" \/>\n<meta name=\"twitter:card\" content=\"summary_large_image\" \/>\n<meta name=\"twitter:label1\" content=\"Escrito por\" \/>\n\t<meta name=\"twitter:data1\" content=\"joaograndao\" \/>\n\t<meta name=\"twitter:label2\" content=\"Est. tempo de leitura\" \/>\n\t<meta name=\"twitter:data2\" content=\"1 minuto\" \/>\n<script type=\"application\/ld+json\" class=\"yoast-schema-graph\">{\"@context\":\"https:\/\/schema.org\",\"@graph\":[{\"@type\":\"Article\",\"@id\":\"https:\/\/radiolifefm.com.br\/noticias\/operacao-balanca-e-mantida-em-rodovias-de-assis-e-dracena\/#article\",\"isPartOf\":{\"@id\":\"https:\/\/radiolifefm.com.br\/noticias\/operacao-balanca-e-mantida-em-rodovias-de-assis-e-dracena\/\"},\"author\":{\"name\":\"joaograndao\",\"@id\":\"https:\/\/radiolifefm.com.br\/noticias\/#\/schema\/person\/6876e1240feffe6e1b63fd5cb85abf28\"},\"headline\":\"Opera\u00e7\u00e3o Balan\u00e7a \u00e9 mantida em rodovias de Assis e Dracena\",\"datePublished\":\"2020-11-10T00:18:05+00:00\",\"dateModified\":\"2026-05-01T09:07:25+00:00\",\"mainEntityOfPage\":{\"@id\":\"https:\/\/radiolifefm.com.br\/noticias\/operacao-balanca-e-mantida-em-rodovias-de-assis-e-dracena\/\"},\"wordCount\":269,\"publisher\":{\"@id\":\"https:\/\/radiolifefm.com.br\/noticias\/#organization\"},\"image\":{\"@id\":\"https:\/\/radiolifefm.com.br\/noticias\/operacao-balanca-e-mantida-em-rodovias-de-assis-e-dracena\/#primaryimage\"},\"thumbnailUrl\":\"https:\/\/radiolifefm.com.br\/noticias\/wp-content\/uploads\/2020\/11\/unnamed-1-1.png\",\"articleSection\":[\"Regi\u00e3o\"],\"inLanguage\":\"pt-BR\"},{\"@type\":\"WebPage\",\"@id\":\"https:\/\/radiolifefm.com.br\/noticias\/operacao-balanca-e-mantida-em-rodovias-de-assis-e-dracena\/\",\"url\":\"https:\/\/radiolifefm.com.br\/noticias\/operacao-balanca-e-mantida-em-rodovias-de-assis-e-dracena\/\",\"name\":\"Opera\u00e7\u00e3o Balan\u00e7a \u00e9 mantida em rodovias de Assis e Dracena - R\u00e1dio Life FM\",\"isPartOf\":{\"@id\":\"https:\/\/radiolifefm.com.br\/noticias\/#website\"},\"primaryImageOfPage\":{\"@id\":\"https:\/\/radiolifefm.com.br\/noticias\/operacao-balanca-e-mantida-em-rodovias-de-assis-e-dracena\/#primaryimage\"},\"image\":{\"@id\":\"https:\/\/radiolifefm.com.br\/noticias\/operacao-balanca-e-mantida-em-rodovias-de-assis-e-dracena\/#primaryimage\"},\"thumbnailUrl\":\"https:\/\/radiolifefm.com.br\/noticias\/wp-content\/uploads\/2020\/11\/unnamed-1-1.png\",\"datePublished\":\"2020-11-10T00:18:05+00:00\",\"dateModified\":\"2026-05-01T09:07:25+00:00\",\"breadcrumb\":{\"@id\":\"https:\/\/radiolifefm.com.br\/noticias\/operacao-balanca-e-mantida-em-rodovias-de-assis-e-dracena\/#breadcrumb\"},\"inLanguage\":\"pt-BR\",\"potentialAction\":[{\"@type\":\"ReadAction\",\"target\":[\"https:\/\/radiolifefm.com.br\/noticias\/operacao-balanca-e-mantida-em-rodovias-de-assis-e-dracena\/\"]}]},{\"@type\":\"ImageObject\",\"inLanguage\":\"pt-BR\",\"@id\":\"https:\/\/radiolifefm.com.br\/noticias\/operacao-balanca-e-mantida-em-rodovias-de-assis-e-dracena\/#primaryimage\",\"url\":\"https:\/\/radiolifefm.com.br\/noticias\/wp-content\/uploads\/2020\/11\/unnamed-1-1.png\",\"contentUrl\":\"https:\/\/radiolifefm.com.br\/noticias\/wp-content\/uploads\/2020\/11\/unnamed-1-1.png\",\"width\":567,\"height\":283,\"caption\":\"Fiscaliza\u00e7\u00e3o do DER tem apoio operacional da Eixo SP e CART\"},{\"@type\":\"BreadcrumbList\",\"@id\":\"https:\/\/radiolifefm.com.br\/noticias\/operacao-balanca-e-mantida-em-rodovias-de-assis-e-dracena\/#breadcrumb\",\"itemListElement\":[{\"@type\":\"ListItem\",\"position\":1,\"name\":\"In\u00edcio\",\"item\":\"https:\/\/radiolifefm.com.br\/noticias\/\"},{\"@type\":\"ListItem\",\"position\":2,\"name\":\"Opera\u00e7\u00e3o Balan\u00e7a \u00e9 mantida em rodovias de Assis e Dracena\"}]},{\"@type\":\"WebSite\",\"@id\":\"https:\/\/radiolifefm.com.br\/noticias\/#website\",\"url\":\"https:\/\/radiolifefm.com.br\/noticias\/\",\"name\":\"R\u00e1dio Life FM\",\"description\":\"O Portal de Not\u00edcias de Adamantina\",\"publisher\":{\"@id\":\"https:\/\/radiolifefm.com.br\/noticias\/#organization\"},\"alternateName\":\"Life FM\",\"potentialAction\":[{\"@type\":\"SearchAction\",\"target\":{\"@type\":\"EntryPoint\",\"urlTemplate\":\"https:\/\/radiolifefm.com.br\/noticias\/?s={search_term_string}\"},\"query-input\":{\"@type\":\"PropertyValueSpecification\",\"valueRequired\":true,\"valueName\":\"search_term_string\"}}],\"inLanguage\":\"pt-BR\"},{\"@type\":\"Organization\",\"@id\":\"https:\/\/radiolifefm.com.br\/noticias\/#organization\",\"name\":\"R\u00e1dio Life FM\",\"alternateName\":\"Life FM\",\"url\":\"https:\/\/radiolifefm.com.br\/noticias\/\",\"logo\":{\"@type\":\"ImageObject\",\"inLanguage\":\"pt-BR\",\"@id\":\"https:\/\/radiolifefm.com.br\/noticias\/#\/schema\/logo\/image\/\",\"url\":\"https:\/\/static.radiolifefm.com.br\/noticias\/wp-content\/uploads\/2019\/10\/logo-lifefm.png\",\"contentUrl\":\"https:\/\/static.radiolifefm.com.br\/noticias\/wp-content\/uploads\/2019\/10\/logo-lifefm.png\",\"width\":196,\"height\":47,\"caption\":\"R\u00e1dio Life FM\"},\"image\":{\"@id\":\"https:\/\/radiolifefm.com.br\/noticias\/#\/schema\/logo\/image\/\"},\"sameAs\":[\"https:\/\/www.facebook.com\/radiolifefm\/\",\"https:\/\/www.instagram.com\/life1079fm\/\"]},{\"@type\":\"Person\",\"@id\":\"https:\/\/radiolifefm.com.br\/noticias\/#\/schema\/person\/6876e1240feffe6e1b63fd5cb85abf28\",\"name\":\"joaograndao\",\"image\":{\"@type\":\"ImageObject\",\"inLanguage\":\"pt-BR\",\"@id\":\"https:\/\/secure.gravatar.com\/avatar\/d5b1a3cf357ed9c50404e256a1294083aa8ab5d2a994001567302786016cb32c?s=96&d=mm&r=g\",\"url\":\"https:\/\/secure.gravatar.com\/avatar\/d5b1a3cf357ed9c50404e256a1294083aa8ab5d2a994001567302786016cb32c?s=96&d=mm&r=g\",\"contentUrl\":\"https:\/\/secure.gravatar.com\/avatar\/d5b1a3cf357ed9c50404e256a1294083aa8ab5d2a994001567302786016cb32c?s=96&d=mm&r=g\",\"caption\":\"joaograndao\"}}]}<\/script>\n<!-- \/ Yoast SEO plugin. -->","yoast_head_json":{"title":"Opera\u00e7\u00e3o Balan\u00e7a \u00e9 mantida em rodovias de Assis e Dracena - R\u00e1dio Life FM","robots":{"index":"index","follow":"follow","max-snippet":"max-snippet:-1","max-image-preview":"max-image-preview:large","max-video-preview":"max-video-preview:-1"},"canonical":"https:\/\/radiolifefm.com.br\/noticias\/operacao-balanca-e-mantida-em-rodovias-de-assis-e-dracena\/","og_locale":"pt_BR","og_type":"article","og_title":"Opera\u00e7\u00e3o Balan\u00e7a \u00e9 mantida em rodovias de Assis e Dracena - R\u00e1dio Life FM","og_description":"O DER \u2013 Departamento de Estradas de Rodagem, com o apoio operacional das concession\u00e1rias Eixo SP e CART, d\u00e1 prosseguimento \u00e0 Opera\u00e7\u00e3o Balan\u00e7a em rodovias da regi\u00e3o. Os trabalhos ser\u00e3o concentrados na SP 294 \u2013 Rodovia Comandante Jo\u00e3o Ribeiro de Barros, no sentido leste do quil\u00f4metro 644, em Dracena, e na SP 284 \u2013 Man\u00edlio [&hellip;]","og_url":"https:\/\/radiolifefm.com.br\/noticias\/operacao-balanca-e-mantida-em-rodovias-de-assis-e-dracena\/","og_site_name":"R\u00e1dio Life FM","article_publisher":"https:\/\/www.facebook.com\/radiolifefm\/","article_published_time":"2020-11-10T00:18:05+00:00","article_modified_time":"2026-05-01T09:07:25+00:00","og_image":[{"width":567,"height":283,"url":"https:\/\/radiolifefm.com.br\/noticias\/wp-content\/uploads\/2020\/11\/unnamed-1-1.png","type":"image\/png"}],"author":"joaograndao","twitter_card":"summary_large_image","twitter_misc":{"Escrito por":"joaograndao","Est. tempo de leitura":"1 minuto"},"schema":{"@context":"https:\/\/schema.org","@graph":[{"@type":"Article","@id":"https:\/\/radiolifefm.com.br\/noticias\/operacao-balanca-e-mantida-em-rodovias-de-assis-e-dracena\/#article","isPartOf":{"@id":"https:\/\/radiolifefm.com.br\/noticias\/operacao-balanca-e-mantida-em-rodovias-de-assis-e-dracena\/"},"author":{"name":"joaograndao","@id":"https:\/\/radiolifefm.com.br\/noticias\/#\/schema\/person\/6876e1240feffe6e1b63fd5cb85abf28"},"headline":"Opera\u00e7\u00e3o Balan\u00e7a \u00e9 mantida em rodovias de Assis e Dracena","datePublished":"2020-11-10T00:18:05+00:00","dateModified":"2026-05-01T09:07:25+00:00","mainEntityOfPage":{"@id":"https:\/\/radiolifefm.com.br\/noticias\/operacao-balanca-e-mantida-em-rodovias-de-assis-e-dracena\/"},"wordCount":269,"publisher":{"@id":"https:\/\/radiolifefm.com.br\/noticias\/#organization"},"image":{"@id":"https:\/\/radiolifefm.com.br\/noticias\/operacao-balanca-e-mantida-em-rodovias-de-assis-e-dracena\/#primaryimage"},"thumbnailUrl":"https:\/\/radiolifefm.com.br\/noticias\/wp-content\/uploads\/2020\/11\/unnamed-1-1.png","articleSection":["Regi\u00e3o"],"inLanguage":"pt-BR"},{"@type":"WebPage","@id":"https:\/\/radiolifefm.com.br\/noticias\/operacao-balanca-e-mantida-em-rodovias-de-assis-e-dracena\/","url":"https:\/\/radiolifefm.com.br\/noticias\/operacao-balanca-e-mantida-em-rodovias-de-assis-e-dracena\/","name":"Opera\u00e7\u00e3o Balan\u00e7a \u00e9 mantida em rodovias de Assis e Dracena - R\u00e1dio Life FM","isPartOf":{"@id":"https:\/\/radiolifefm.com.br\/noticias\/#website"},"primaryImageOfPage":{"@id":"https:\/\/radiolifefm.com.br\/noticias\/operacao-balanca-e-mantida-em-rodovias-de-assis-e-dracena\/#primaryimage"},"image":{"@id":"https:\/\/radiolifefm.com.br\/noticias\/operacao-balanca-e-mantida-em-rodovias-de-assis-e-dracena\/#primaryimage"},"thumbnailUrl":"https:\/\/radiolifefm.com.br\/noticias\/wp-content\/uploads\/2020\/11\/unnamed-1-1.png","datePublished":"2020-11-10T00:18:05+00:00","dateModified":"2026-05-01T09:07:25+00:00","breadcrumb":{"@id":"https:\/\/radiolifefm.com.br\/noticias\/operacao-balanca-e-mantida-em-rodovias-de-assis-e-dracena\/#breadcrumb"},"inLanguage":"pt-BR","potentialAction":[{"@type":"ReadAction","target":["https:\/\/radiolifefm.com.br\/noticias\/operacao-balanca-e-mantida-em-rodovias-de-assis-e-dracena\/"]}]},{"@type":"ImageObject","inLanguage":"pt-BR","@id":"https:\/\/radiolifefm.com.br\/noticias\/operacao-balanca-e-mantida-em-rodovias-de-assis-e-dracena\/#primaryimage","url":"https:\/\/radiolifefm.com.br\/noticias\/wp-content\/uploads\/2020\/11\/unnamed-1-1.png","contentUrl":"https:\/\/radiolifefm.com.br\/noticias\/wp-content\/uploads\/2020\/11\/unnamed-1-1.png","width":567,"height":283,"caption":"Fiscaliza\u00e7\u00e3o do DER tem apoio operacional da Eixo SP e CART"},{"@type":"BreadcrumbList","@id":"https:\/\/radiolifefm.com.br\/noticias\/operacao-balanca-e-mantida-em-rodovias-de-assis-e-dracena\/#breadcrumb","itemListElement":[{"@type":"ListItem","position":1,"name":"In\u00edcio","item":"https:\/\/radiolifefm.com.br\/noticias\/"},{"@type":"ListItem","position":2,"name":"Opera\u00e7\u00e3o Balan\u00e7a \u00e9 mantida em rodovias de Assis e Dracena"}]},{"@type":"WebSite","@id":"https:\/\/radiolifefm.com.br\/noticias\/#website","url":"https:\/\/radiolifefm.com.br\/noticias\/","name":"R\u00e1dio Life FM","description":"O Portal de Not\u00edcias de Adamantina","publisher":{"@id":"https:\/\/radiolifefm.com.br\/noticias\/#organization"},"alternateName":"Life FM","potentialAction":[{"@type":"SearchAction","target":{"@type":"EntryPoint","urlTemplate":"https:\/\/radiolifefm.com.br\/noticias\/?s={search_term_string}"},"query-input":{"@type":"PropertyValueSpecification","valueRequired":true,"valueName":"search_term_string"}}],"inLanguage":"pt-BR"},{"@type":"Organization","@id":"https:\/\/radiolifefm.com.br\/noticias\/#organization","name":"R\u00e1dio Life FM","alternateName":"Life FM","url":"https:\/\/radiolifefm.com.br\/noticias\/","logo":{"@type":"ImageObject","inLanguage":"pt-BR","@id":"https:\/\/radiolifefm.com.br\/noticias\/#\/schema\/logo\/image\/","url":"https:\/\/static.radiolifefm.com.br\/noticias\/wp-content\/uploads\/2019\/10\/logo-lifefm.png","contentUrl":"https:\/\/static.radiolifefm.com.br\/noticias\/wp-content\/uploads\/2019\/10\/logo-lifefm.png","width":196,"height":47,"caption":"R\u00e1dio Life FM"},"image":{"@id":"https:\/\/radiolifefm.com.br\/noticias\/#\/schema\/logo\/image\/"},"sameAs":["https:\/\/www.facebook.com\/radiolifefm\/","https:\/\/www.instagram.com\/life1079fm\/"]},{"@type":"Person","@id":"https:\/\/radiolifefm.com.br\/noticias\/#\/schema\/person\/6876e1240feffe6e1b63fd5cb85abf28","name":"joaograndao","image":{"@type":"ImageObject","inLanguage":"pt-BR","@id":"https:\/\/secure.gravatar.com\/avatar\/d5b1a3cf357ed9c50404e256a1294083aa8ab5d2a994001567302786016cb32c?s=96&d=mm&r=g","url":"https:\/\/secure.gravatar.com\/avatar\/d5b1a3cf357ed9c50404e256a1294083aa8ab5d2a994001567302786016cb32c?s=96&d=mm&r=g","contentUrl":"https:\/\/secure.gravatar.com\/avatar\/d5b1a3cf357ed9c50404e256a1294083aa8ab5d2a994001567302786016cb32c?s=96&d=mm&r=g","caption":"joaograndao"}}]}},"amp_enabled":true,"_links":{"self":[{"href":"https:\/\/radiolifefm.com.br\/noticias\/wp-json\/wp\/v2\/posts\/29532","targetHints":{"allow":["GET"]}}],"collection":[{"href":"https:\/\/radiolifefm.com.br\/noticias\/wp-json\/wp\/v2\/posts"}],"about":[{"href":"https:\/\/radiolifefm.com.br\/noticias\/wp-json\/wp\/v2\/types\/post"}],"author":[{"embeddable":true,"href":"https:\/\/radiolifefm.com.br\/noticias\/wp-json\/wp\/v2\/users\/8"}],"replies":[{"embeddable":true,"href":"https:\/\/radiolifefm.com.br\/noticias\/wp-json\/wp\/v2\/comments?post=29532"}],"version-history":[{"count":1,"href":"https:\/\/radiolifefm.com.br\/noticias\/wp-json\/wp\/v2\/posts\/29532\/revisions"}],"predecessor-version":[{"id":29534,"href":"https:\/\/radiolifefm.com.br\/noticias\/wp-json\/wp\/v2\/posts\/29532\/revisions\/29534"}],"wp:featuredmedia":[{"embeddable":true,"href":"https:\/\/radiolifefm.com.br\/noticias\/wp-json\/wp\/v2\/media\/29533"}],"wp:attachment":[{"href":"https:\/\/radiolifefm.com.br\/noticias\/wp-json\/wp\/v2\/media?parent=29532"}],"wp:term":[{"taxonomy":"category","embeddable":true,"href":"https:\/\/radiolifefm.com.br\/noticias\/wp-json\/wp\/v2\/categories?post=29532"},{"taxonomy":"post_tag","embeddable":true,"href":"https:\/\/radiolifefm.com.br\/noticias\/wp-json\/wp\/v2\/tags?post=29532"}],"curies":[{"name":"wp","href":"https:\/\/api.w.org\/{rel}","templated":true}]}}