{"id":29514,"date":"2020-11-09T20:09:47","date_gmt":"2020-11-09T23:09:47","guid":{"rendered":"https:\/\/radiolifefm.com.br\/noticias\/?p=29514"},"modified":"2024-09-10T04:39:54","modified_gmt":"2024-09-10T07:39:54","slug":"idoso-e-preso-em-flagrante-apos-passar-as-maos-nas-nadegas-de-mulheres-dentro-de-supermercado-em-presidente-prudente","status":"publish","type":"post","link":"https:\/\/radiolifefm.com.br\/noticias\/idoso-e-preso-em-flagrante-apos-passar-as-maos-nas-nadegas-de-mulheres-dentro-de-supermercado-em-presidente-prudente\/","title":{"rendered":"Idoso \u00e9 preso em flagrante ap\u00f3s passar as m\u00e3os nas n\u00e1degas de mulheres dentro de supermercado em Presidente Prudente"},"content":{"rendered":"<div id=\"fb-root\"><\/div>\n<div class=\"mc-column content-text active-extra-styles \" data-block-type=\"unstyled\" data-block-weight=\"26\" data-block-id=\"2\">\n<p class=\"content-text__container \" data-track-category=\"Link no Texto\" data-track-links=\"\">Um homem de 74 anos foi preso em flagrante por importuna\u00e7\u00e3o sexual em um supermercado na Vila Nova, em\u00a0<a href=\"https:\/\/g1.globo.com\/sp\/presidente-prudente-regiao\/cidade\/presidente-prudente\/\">Presidente Prudente<\/a>, na tarde desta segunda-feira (9).<\/p>\n<\/div>\n<div class=\"wall protected-content\">\n<div class=\"mc-column content-text active-extra-styles \" data-block-type=\"unstyled\" data-block-weight=\"43\" data-block-id=\"3\">\n<p class=\"content-text__container \" data-track-category=\"Link no Texto\" data-track-links=\"\">De acordo com o Boletim de Ocorr\u00eancia registrado na Delegacia Participativa da Pol\u00edcia Civil, ele tinha uma conduta reiterada de passar as m\u00e3os nas n\u00e1degas de mulheres dentro do estabelecimento comercial e, nesta segunda-feira (19), a v\u00edtima foi uma jovem, de 19 anos.<\/p>\n<\/div>\n<div class=\"mc-column content-text active-extra-styles \" data-block-type=\"unstyled\" data-block-weight=\"32\" data-block-id=\"4\">\n<p class=\"content-text__container \" data-track-category=\"Link no Texto\" data-track-links=\"\">Segundo o documento policial, foi apurado que h\u00e1 alguns dias uma ent\u00e3o funcion\u00e1ria do supermercado, que j\u00e1 n\u00e3o trabalha mais no estabelecimento comercial, comentou que um senhor tinha apalpado as suas n\u00e1degas.<\/p>\n<\/div>\n<div class=\"mc-column content-text active-extra-styles \" data-block-type=\"unstyled\" data-block-weight=\"19\" data-block-id=\"5\">\n<p class=\"content-text__container \" data-track-category=\"Link no Texto\" data-track-links=\"\">Em princ\u00edpio, segundo narrou um seguran\u00e7a do supermercado, pensaram que o fato poderia ter-se dado sem a inten\u00e7\u00e3o libidinosa.<\/p>\n<\/div>\n<div class=\"mc-column content-text active-extra-styles \" data-block-type=\"unstyled\" data-block-weight=\"20\" data-block-id=\"6\">\n<p class=\"content-text__container \" data-track-category=\"Link no Texto\" data-track-links=\"\">No entanto, na \u00faltima quinta-feira (5), uma outra funcion\u00e1ria, de 32 anos, passou pela mesma situa\u00e7\u00e3o enquanto trabalhava no local.<\/p>\n<\/div>\n<div class=\"mc-column content-text active-extra-styles \" data-block-type=\"unstyled\" data-block-weight=\"30\" data-block-id=\"7\">\n<p class=\"content-text__container \" data-track-category=\"Link no Texto\" data-track-links=\"\">Ao conferir as imagens do sistema de c\u00e2meras de monitoramento do supermercado, percebeu que o idoso, que \u00e9 conhecido no local por ser cliente frequente, tinha agido de forma volunt\u00e1ria.<\/p>\n<\/div>\n<div class=\"mc-column content-text active-extra-styles \" data-block-type=\"unstyled\" data-block-weight=\"22\" data-block-id=\"8\">\n<p class=\"content-text__container \" data-track-category=\"Link no Texto\" data-track-links=\"\">Na tarde desta segunda-feira (9), o idoso repetiu a conduta libidinosa e desta vez teve como alvo a v\u00edtima de 19 anos.<\/p>\n<\/div>\n<div class=\"mc-column content-text active-extra-styles \" data-block-type=\"unstyled\" data-block-weight=\"36\" data-block-id=\"9\">\n<p class=\"content-text__container \" data-track-category=\"Link no Texto\" data-track-links=\"\">O seguran\u00e7a do estabelecimento foi acionado logo depois do fato e abordou o idoso no estacionamento do supermercado, detendo-o at\u00e9 a chegada ao local de uma viatura da Pol\u00edcia Militar, que o conduziu \u00e0 Delegacia Participativa.<\/p>\n<\/div>\n<div class=\"content-ads content-ads--reveal\" data-block-type=\"ads\" data-block-id=\"10\">\n<div id=\"banner_materia2\" class=\"tag-manager-publicidade-container mc-has-reveal mc-has-ad-lazyload tag-manager-publicidade-banner_materia2 tag-manager-publicidade-container--carregado tag-manager-publicidade-container--visivel\" data-id=\"banner_materia2\" data-google-query-id=\"CNmRutfJ9uwCFXozuQYdySQEaQ\" data-cid=\"138329506153\" data-lid=\"5523823341\">\n<div id=\"google_ads_iframe_\/95377733\/tvg_G1\/Sua_Regiao&gt;Sudeste&gt;Sao_Paulo_(Pres_Prudente)_3__container__\" style=\"margin: auto;padding: 0px;border: 0pt none;font: inherit;vertical-align: initial;max-width: 100%;text-align: left\">Na delegacia, o idoso negou os fatos \u00e0 Pol\u00edcia Civil. Ele disse que faz compras em v\u00e1rios mercados e que, \u00e0s vezes, carregando sacolas, pode bater a m\u00e3o em algu\u00e9m, sem querer.<\/div>\n<\/div>\n<\/div>\n<div class=\"mc-column content-text active-extra-styles \" data-block-type=\"unstyled\" data-block-weight=\"17\" data-block-id=\"12\">\n<p class=\"content-text__container \" data-track-category=\"Link no Texto\" data-track-links=\"\">Ainda segundo o Boletim de Ocorr\u00eancia, ele alegou que \u201c\u00e9 casado, tem tr\u00eas filhos, e \u00e9 evang\u00e9lico\u201d.<\/p>\n<\/div>\n<div class=\"mc-column content-text active-extra-styles \" data-block-type=\"unstyled\" data-block-weight=\"27\" data-block-id=\"13\">\n<p class=\"content-text__container \" data-track-category=\"Link no Texto\" data-track-links=\"\">Quando cientificado sobre a pris\u00e3o, o idoso desferiu diversos socos contra a parede da delegacia e, assim, eventualmente, \u201cpode ter se autolesionado\u201d, segundo o Boletim de Ocorr\u00eancia.<\/p>\n<\/div>\n<div class=\"mc-column content-text active-extra-styles \" data-block-type=\"unstyled\" data-block-weight=\"22\" data-block-id=\"14\">\n<p class=\"content-text__container \" data-track-category=\"Link no Texto\" data-track-links=\"\">\u201cEle se recusou a fornecer contato para comunicar sobre a pris\u00e3o, o que tamb\u00e9m \u00e9 indicativo da culpa\u201d, salientou a Pol\u00edcia Civil.<\/p>\n<\/div>\n<div class=\"mc-column content-text active-extra-styles\" data-block-type=\"raw\" data-block-weight=\"36\" data-block-id=\"15\">\n<p class=\"content-text__container\">\n<blockquote class=\"content-blockquote theme-border-color-primary-before\"><p>\u201cOs v\u00eddeos apresentados permitem um ju\u00edzo de certeza de que foram dolosas, volunt\u00e1rias, as condutas do indiciado, sendo que a pr\u00f3pria reitera\u00e7\u00e3o delas afasta eventual tese de que poderiam, eventualmente, ser involunt\u00e1rias\u201d, concluiu a Pol\u00edcia Civil.<\/p><\/blockquote>\n<p>&nbsp;<\/p>\n<\/div>\n<div class=\"mc-column content-text active-extra-styles \" data-block-type=\"unstyled\" data-block-weight=\"43\" data-block-id=\"16\">\n<p class=\"content-text__container \" data-track-category=\"Link no Texto\" data-track-links=\"\">Em decorr\u00eancia da \u201creitera\u00e7\u00e3o das condutas\u201d, a Pol\u00edcia Civil identificou que \u201co indiciado possui personalidade voltada para a pr\u00e1tica criminosa, sendo que, se solto, nada impedir\u00e1 a repeti\u00e7\u00e3o\u201d dos atos, e pediu \u00e0 Justi\u00e7a a convers\u00e3o da pris\u00e3o em flagrante em pris\u00e3o preventiva.<\/p>\n<p>Fonte: G1<\/p>\n<\/div>\n<\/div>\n","protected":false},"excerpt":{"rendered":"<p>Um homem de 74 anos foi preso em flagrante por importuna\u00e7\u00e3o sexual em um supermercado na Vila Nova, em\u00a0Presidente Prudente, na tarde desta segunda-feira (9). De acordo com o Boletim de Ocorr\u00eancia registrado na Delegacia Participativa da Pol\u00edcia Civil, ele tinha uma conduta reiterada de passar as m\u00e3os nas n\u00e1degas de mulheres dentro do estabelecimento [&hellip;]<\/p>\n","protected":false},"author":8,"featured_media":27508,"comment_status":"closed","ping_status":"open","sticky":false,"template":"","format":"standard","meta":{"_acf_changed":false,"_exactmetrics_skip_tracking":false,"_exactmetrics_sitenote_active":false,"_exactmetrics_sitenote_note":"","_exactmetrics_sitenote_category":0,"footnotes":""},"categories":[24],"tags":[],"class_list":["post-29514","post","type-post","status-publish","format-standard","has-post-thumbnail","hentry","category-regiao"],"acf":[],"yoast_head":"<!-- This site is optimized with the Yoast SEO plugin v27.2 - https:\/\/yoast.com\/product\/yoast-seo-wordpress\/ -->\n<title>Idoso \u00e9 preso em flagrante ap\u00f3s passar as m\u00e3os nas n\u00e1degas de mulheres dentro de supermercado em Presidente Prudente - R\u00e1dio Life FM<\/title>\n<meta name=\"robots\" content=\"index, follow, max-snippet:-1, max-image-preview:large, max-video-preview:-1\" \/>\n<link rel=\"canonical\" href=\"https:\/\/radiolifefm.com.br\/noticias\/idoso-e-preso-em-flagrante-apos-passar-as-maos-nas-nadegas-de-mulheres-dentro-de-supermercado-em-presidente-prudente\/\" \/>\n<meta property=\"og:locale\" content=\"pt_BR\" \/>\n<meta property=\"og:type\" content=\"article\" \/>\n<meta property=\"og:title\" content=\"Idoso \u00e9 preso em flagrante ap\u00f3s passar as m\u00e3os nas n\u00e1degas de mulheres dentro de supermercado em Presidente Prudente - R\u00e1dio Life FM\" \/>\n<meta property=\"og:description\" content=\"Um homem de 74 anos foi preso em flagrante por importuna\u00e7\u00e3o sexual em um supermercado na Vila Nova, em\u00a0Presidente Prudente, na tarde desta segunda-feira (9). De acordo com o Boletim de Ocorr\u00eancia registrado na Delegacia Participativa da Pol\u00edcia Civil, ele tinha uma conduta reiterada de passar as m\u00e3os nas n\u00e1degas de mulheres dentro do estabelecimento [&hellip;]\" \/>\n<meta property=\"og:url\" content=\"https:\/\/radiolifefm.com.br\/noticias\/idoso-e-preso-em-flagrante-apos-passar-as-maos-nas-nadegas-de-mulheres-dentro-de-supermercado-em-presidente-prudente\/\" \/>\n<meta property=\"og:site_name\" content=\"R\u00e1dio Life FM\" \/>\n<meta property=\"article:publisher\" content=\"https:\/\/www.facebook.com\/radiolifefm\/\" \/>\n<meta property=\"article:published_time\" content=\"2020-11-09T23:09:47+00:00\" \/>\n<meta property=\"article:modified_time\" content=\"2024-09-10T07:39:54+00:00\" \/>\n<meta property=\"og:image\" content=\"https:\/\/static.radiolifefm.com.br\/noticias\/wp-content\/uploads\/2020\/09\/img-9495.jpg\" \/>\n\t<meta property=\"og:image:width\" content=\"1000\" \/>\n\t<meta property=\"og:image:height\" content=\"717\" \/>\n\t<meta property=\"og:image:type\" content=\"image\/jpeg\" \/>\n<meta name=\"author\" content=\"joaograndao\" \/>\n<meta name=\"twitter:card\" content=\"summary_large_image\" \/>\n<meta name=\"twitter:label1\" content=\"Escrito por\" \/>\n\t<meta name=\"twitter:data1\" content=\"joaograndao\" \/>\n\t<meta name=\"twitter:label2\" content=\"Est. tempo de leitura\" \/>\n\t<meta name=\"twitter:data2\" content=\"2 minutos\" \/>\n<script type=\"application\/ld+json\" class=\"yoast-schema-graph\">{\"@context\":\"https:\/\/schema.org\",\"@graph\":[{\"@type\":\"Article\",\"@id\":\"https:\/\/radiolifefm.com.br\/noticias\/idoso-e-preso-em-flagrante-apos-passar-as-maos-nas-nadegas-de-mulheres-dentro-de-supermercado-em-presidente-prudente\/#article\",\"isPartOf\":{\"@id\":\"https:\/\/radiolifefm.com.br\/noticias\/idoso-e-preso-em-flagrante-apos-passar-as-maos-nas-nadegas-de-mulheres-dentro-de-supermercado-em-presidente-prudente\/\"},\"author\":{\"name\":\"joaograndao\",\"@id\":\"https:\/\/radiolifefm.com.br\/noticias\/#\/schema\/person\/6876e1240feffe6e1b63fd5cb85abf28\"},\"headline\":\"Idoso \u00e9 preso em flagrante ap\u00f3s passar as m\u00e3os nas n\u00e1degas de mulheres dentro de supermercado em Presidente Prudente\",\"datePublished\":\"2020-11-09T23:09:47+00:00\",\"dateModified\":\"2024-09-10T07:39:54+00:00\",\"mainEntityOfPage\":{\"@id\":\"https:\/\/radiolifefm.com.br\/noticias\/idoso-e-preso-em-flagrante-apos-passar-as-maos-nas-nadegas-de-mulheres-dentro-de-supermercado-em-presidente-prudente\/\"},\"wordCount\":462,\"publisher\":{\"@id\":\"https:\/\/radiolifefm.com.br\/noticias\/#organization\"},\"image\":{\"@id\":\"https:\/\/radiolifefm.com.br\/noticias\/idoso-e-preso-em-flagrante-apos-passar-as-maos-nas-nadegas-de-mulheres-dentro-de-supermercado-em-presidente-prudente\/#primaryimage\"},\"thumbnailUrl\":\"https:\/\/radiolifefm.com.br\/noticias\/wp-content\/uploads\/2020\/09\/img-9495.jpg\",\"articleSection\":[\"Regi\u00e3o\"],\"inLanguage\":\"pt-BR\"},{\"@type\":\"WebPage\",\"@id\":\"https:\/\/radiolifefm.com.br\/noticias\/idoso-e-preso-em-flagrante-apos-passar-as-maos-nas-nadegas-de-mulheres-dentro-de-supermercado-em-presidente-prudente\/\",\"url\":\"https:\/\/radiolifefm.com.br\/noticias\/idoso-e-preso-em-flagrante-apos-passar-as-maos-nas-nadegas-de-mulheres-dentro-de-supermercado-em-presidente-prudente\/\",\"name\":\"Idoso \u00e9 preso em flagrante ap\u00f3s passar as m\u00e3os nas n\u00e1degas de mulheres dentro de supermercado em Presidente Prudente - R\u00e1dio Life FM\",\"isPartOf\":{\"@id\":\"https:\/\/radiolifefm.com.br\/noticias\/#website\"},\"primaryImageOfPage\":{\"@id\":\"https:\/\/radiolifefm.com.br\/noticias\/idoso-e-preso-em-flagrante-apos-passar-as-maos-nas-nadegas-de-mulheres-dentro-de-supermercado-em-presidente-prudente\/#primaryimage\"},\"image\":{\"@id\":\"https:\/\/radiolifefm.com.br\/noticias\/idoso-e-preso-em-flagrante-apos-passar-as-maos-nas-nadegas-de-mulheres-dentro-de-supermercado-em-presidente-prudente\/#primaryimage\"},\"thumbnailUrl\":\"https:\/\/radiolifefm.com.br\/noticias\/wp-content\/uploads\/2020\/09\/img-9495.jpg\",\"datePublished\":\"2020-11-09T23:09:47+00:00\",\"dateModified\":\"2024-09-10T07:39:54+00:00\",\"breadcrumb\":{\"@id\":\"https:\/\/radiolifefm.com.br\/noticias\/idoso-e-preso-em-flagrante-apos-passar-as-maos-nas-nadegas-de-mulheres-dentro-de-supermercado-em-presidente-prudente\/#breadcrumb\"},\"inLanguage\":\"pt-BR\",\"potentialAction\":[{\"@type\":\"ReadAction\",\"target\":[\"https:\/\/radiolifefm.com.br\/noticias\/idoso-e-preso-em-flagrante-apos-passar-as-maos-nas-nadegas-de-mulheres-dentro-de-supermercado-em-presidente-prudente\/\"]}]},{\"@type\":\"ImageObject\",\"inLanguage\":\"pt-BR\",\"@id\":\"https:\/\/radiolifefm.com.br\/noticias\/idoso-e-preso-em-flagrante-apos-passar-as-maos-nas-nadegas-de-mulheres-dentro-de-supermercado-em-presidente-prudente\/#primaryimage\",\"url\":\"https:\/\/radiolifefm.com.br\/noticias\/wp-content\/uploads\/2020\/09\/img-9495.jpg\",\"contentUrl\":\"https:\/\/radiolifefm.com.br\/noticias\/wp-content\/uploads\/2020\/09\/img-9495.jpg\",\"width\":1000,\"height\":717,\"caption\":\"Crime ocorreu em um estabelecimento no Jardim Novo Bongiovani, em Presidente Prudente. Ladr\u00e3o fugiu com outro suspeito em uma motocicleta.\"},{\"@type\":\"BreadcrumbList\",\"@id\":\"https:\/\/radiolifefm.com.br\/noticias\/idoso-e-preso-em-flagrante-apos-passar-as-maos-nas-nadegas-de-mulheres-dentro-de-supermercado-em-presidente-prudente\/#breadcrumb\",\"itemListElement\":[{\"@type\":\"ListItem\",\"position\":1,\"name\":\"In\u00edcio\",\"item\":\"https:\/\/radiolifefm.com.br\/noticias\/\"},{\"@type\":\"ListItem\",\"position\":2,\"name\":\"Idoso \u00e9 preso em flagrante ap\u00f3s passar as m\u00e3os nas n\u00e1degas de mulheres dentro de supermercado em Presidente Prudente\"}]},{\"@type\":\"WebSite\",\"@id\":\"https:\/\/radiolifefm.com.br\/noticias\/#website\",\"url\":\"https:\/\/radiolifefm.com.br\/noticias\/\",\"name\":\"R\u00e1dio Life FM\",\"description\":\"O Portal de Not\u00edcias de Adamantina\",\"publisher\":{\"@id\":\"https:\/\/radiolifefm.com.br\/noticias\/#organization\"},\"alternateName\":\"Life FM\",\"potentialAction\":[{\"@type\":\"SearchAction\",\"target\":{\"@type\":\"EntryPoint\",\"urlTemplate\":\"https:\/\/radiolifefm.com.br\/noticias\/?s={search_term_string}\"},\"query-input\":{\"@type\":\"PropertyValueSpecification\",\"valueRequired\":true,\"valueName\":\"search_term_string\"}}],\"inLanguage\":\"pt-BR\"},{\"@type\":\"Organization\",\"@id\":\"https:\/\/radiolifefm.com.br\/noticias\/#organization\",\"name\":\"R\u00e1dio Life FM\",\"alternateName\":\"Life FM\",\"url\":\"https:\/\/radiolifefm.com.br\/noticias\/\",\"logo\":{\"@type\":\"ImageObject\",\"inLanguage\":\"pt-BR\",\"@id\":\"https:\/\/radiolifefm.com.br\/noticias\/#\/schema\/logo\/image\/\",\"url\":\"https:\/\/static.radiolifefm.com.br\/noticias\/wp-content\/uploads\/2019\/10\/logo-lifefm.png\",\"contentUrl\":\"https:\/\/static.radiolifefm.com.br\/noticias\/wp-content\/uploads\/2019\/10\/logo-lifefm.png\",\"width\":196,\"height\":47,\"caption\":\"R\u00e1dio Life FM\"},\"image\":{\"@id\":\"https:\/\/radiolifefm.com.br\/noticias\/#\/schema\/logo\/image\/\"},\"sameAs\":[\"https:\/\/www.facebook.com\/radiolifefm\/\",\"https:\/\/www.instagram.com\/life1079fm\/\"]},{\"@type\":\"Person\",\"@id\":\"https:\/\/radiolifefm.com.br\/noticias\/#\/schema\/person\/6876e1240feffe6e1b63fd5cb85abf28\",\"name\":\"joaograndao\",\"image\":{\"@type\":\"ImageObject\",\"inLanguage\":\"pt-BR\",\"@id\":\"https:\/\/secure.gravatar.com\/avatar\/d5b1a3cf357ed9c50404e256a1294083aa8ab5d2a994001567302786016cb32c?s=96&d=mm&r=g\",\"url\":\"https:\/\/secure.gravatar.com\/avatar\/d5b1a3cf357ed9c50404e256a1294083aa8ab5d2a994001567302786016cb32c?s=96&d=mm&r=g\",\"contentUrl\":\"https:\/\/secure.gravatar.com\/avatar\/d5b1a3cf357ed9c50404e256a1294083aa8ab5d2a994001567302786016cb32c?s=96&d=mm&r=g\",\"caption\":\"joaograndao\"}}]}<\/script>\n<!-- \/ Yoast SEO plugin. -->","yoast_head_json":{"title":"Idoso \u00e9 preso em flagrante ap\u00f3s passar as m\u00e3os nas n\u00e1degas de mulheres dentro de supermercado em Presidente Prudente - R\u00e1dio Life FM","robots":{"index":"index","follow":"follow","max-snippet":"max-snippet:-1","max-image-preview":"max-image-preview:large","max-video-preview":"max-video-preview:-1"},"canonical":"https:\/\/radiolifefm.com.br\/noticias\/idoso-e-preso-em-flagrante-apos-passar-as-maos-nas-nadegas-de-mulheres-dentro-de-supermercado-em-presidente-prudente\/","og_locale":"pt_BR","og_type":"article","og_title":"Idoso \u00e9 preso em flagrante ap\u00f3s passar as m\u00e3os nas n\u00e1degas de mulheres dentro de supermercado em Presidente Prudente - R\u00e1dio Life FM","og_description":"Um homem de 74 anos foi preso em flagrante por importuna\u00e7\u00e3o sexual em um supermercado na Vila Nova, em\u00a0Presidente Prudente, na tarde desta segunda-feira (9). De acordo com o Boletim de Ocorr\u00eancia registrado na Delegacia Participativa da Pol\u00edcia Civil, ele tinha uma conduta reiterada de passar as m\u00e3os nas n\u00e1degas de mulheres dentro do estabelecimento [&hellip;]","og_url":"https:\/\/radiolifefm.com.br\/noticias\/idoso-e-preso-em-flagrante-apos-passar-as-maos-nas-nadegas-de-mulheres-dentro-de-supermercado-em-presidente-prudente\/","og_site_name":"R\u00e1dio Life FM","article_publisher":"https:\/\/www.facebook.com\/radiolifefm\/","article_published_time":"2020-11-09T23:09:47+00:00","article_modified_time":"2024-09-10T07:39:54+00:00","og_image":[{"width":1000,"height":717,"url":"https:\/\/static.radiolifefm.com.br\/noticias\/wp-content\/uploads\/2020\/09\/img-9495.jpg","type":"image\/jpeg"}],"author":"joaograndao","twitter_card":"summary_large_image","twitter_misc":{"Escrito por":"joaograndao","Est. tempo de leitura":"2 minutos"},"schema":{"@context":"https:\/\/schema.org","@graph":[{"@type":"Article","@id":"https:\/\/radiolifefm.com.br\/noticias\/idoso-e-preso-em-flagrante-apos-passar-as-maos-nas-nadegas-de-mulheres-dentro-de-supermercado-em-presidente-prudente\/#article","isPartOf":{"@id":"https:\/\/radiolifefm.com.br\/noticias\/idoso-e-preso-em-flagrante-apos-passar-as-maos-nas-nadegas-de-mulheres-dentro-de-supermercado-em-presidente-prudente\/"},"author":{"name":"joaograndao","@id":"https:\/\/radiolifefm.com.br\/noticias\/#\/schema\/person\/6876e1240feffe6e1b63fd5cb85abf28"},"headline":"Idoso \u00e9 preso em flagrante ap\u00f3s passar as m\u00e3os nas n\u00e1degas de mulheres dentro de supermercado em Presidente Prudente","datePublished":"2020-11-09T23:09:47+00:00","dateModified":"2024-09-10T07:39:54+00:00","mainEntityOfPage":{"@id":"https:\/\/radiolifefm.com.br\/noticias\/idoso-e-preso-em-flagrante-apos-passar-as-maos-nas-nadegas-de-mulheres-dentro-de-supermercado-em-presidente-prudente\/"},"wordCount":462,"publisher":{"@id":"https:\/\/radiolifefm.com.br\/noticias\/#organization"},"image":{"@id":"https:\/\/radiolifefm.com.br\/noticias\/idoso-e-preso-em-flagrante-apos-passar-as-maos-nas-nadegas-de-mulheres-dentro-de-supermercado-em-presidente-prudente\/#primaryimage"},"thumbnailUrl":"https:\/\/radiolifefm.com.br\/noticias\/wp-content\/uploads\/2020\/09\/img-9495.jpg","articleSection":["Regi\u00e3o"],"inLanguage":"pt-BR"},{"@type":"WebPage","@id":"https:\/\/radiolifefm.com.br\/noticias\/idoso-e-preso-em-flagrante-apos-passar-as-maos-nas-nadegas-de-mulheres-dentro-de-supermercado-em-presidente-prudente\/","url":"https:\/\/radiolifefm.com.br\/noticias\/idoso-e-preso-em-flagrante-apos-passar-as-maos-nas-nadegas-de-mulheres-dentro-de-supermercado-em-presidente-prudente\/","name":"Idoso \u00e9 preso em flagrante ap\u00f3s passar as m\u00e3os nas n\u00e1degas de mulheres dentro de supermercado em Presidente Prudente - R\u00e1dio Life FM","isPartOf":{"@id":"https:\/\/radiolifefm.com.br\/noticias\/#website"},"primaryImageOfPage":{"@id":"https:\/\/radiolifefm.com.br\/noticias\/idoso-e-preso-em-flagrante-apos-passar-as-maos-nas-nadegas-de-mulheres-dentro-de-supermercado-em-presidente-prudente\/#primaryimage"},"image":{"@id":"https:\/\/radiolifefm.com.br\/noticias\/idoso-e-preso-em-flagrante-apos-passar-as-maos-nas-nadegas-de-mulheres-dentro-de-supermercado-em-presidente-prudente\/#primaryimage"},"thumbnailUrl":"https:\/\/radiolifefm.com.br\/noticias\/wp-content\/uploads\/2020\/09\/img-9495.jpg","datePublished":"2020-11-09T23:09:47+00:00","dateModified":"2024-09-10T07:39:54+00:00","breadcrumb":{"@id":"https:\/\/radiolifefm.com.br\/noticias\/idoso-e-preso-em-flagrante-apos-passar-as-maos-nas-nadegas-de-mulheres-dentro-de-supermercado-em-presidente-prudente\/#breadcrumb"},"inLanguage":"pt-BR","potentialAction":[{"@type":"ReadAction","target":["https:\/\/radiolifefm.com.br\/noticias\/idoso-e-preso-em-flagrante-apos-passar-as-maos-nas-nadegas-de-mulheres-dentro-de-supermercado-em-presidente-prudente\/"]}]},{"@type":"ImageObject","inLanguage":"pt-BR","@id":"https:\/\/radiolifefm.com.br\/noticias\/idoso-e-preso-em-flagrante-apos-passar-as-maos-nas-nadegas-de-mulheres-dentro-de-supermercado-em-presidente-prudente\/#primaryimage","url":"https:\/\/radiolifefm.com.br\/noticias\/wp-content\/uploads\/2020\/09\/img-9495.jpg","contentUrl":"https:\/\/radiolifefm.com.br\/noticias\/wp-content\/uploads\/2020\/09\/img-9495.jpg","width":1000,"height":717,"caption":"Crime ocorreu em um estabelecimento no Jardim Novo Bongiovani, em Presidente Prudente. Ladr\u00e3o fugiu com outro suspeito em uma motocicleta."},{"@type":"BreadcrumbList","@id":"https:\/\/radiolifefm.com.br\/noticias\/idoso-e-preso-em-flagrante-apos-passar-as-maos-nas-nadegas-de-mulheres-dentro-de-supermercado-em-presidente-prudente\/#breadcrumb","itemListElement":[{"@type":"ListItem","position":1,"name":"In\u00edcio","item":"https:\/\/radiolifefm.com.br\/noticias\/"},{"@type":"ListItem","position":2,"name":"Idoso \u00e9 preso em flagrante ap\u00f3s passar as m\u00e3os nas n\u00e1degas de mulheres dentro de supermercado em Presidente Prudente"}]},{"@type":"WebSite","@id":"https:\/\/radiolifefm.com.br\/noticias\/#website","url":"https:\/\/radiolifefm.com.br\/noticias\/","name":"R\u00e1dio Life FM","description":"O Portal de Not\u00edcias de Adamantina","publisher":{"@id":"https:\/\/radiolifefm.com.br\/noticias\/#organization"},"alternateName":"Life FM","potentialAction":[{"@type":"SearchAction","target":{"@type":"EntryPoint","urlTemplate":"https:\/\/radiolifefm.com.br\/noticias\/?s={search_term_string}"},"query-input":{"@type":"PropertyValueSpecification","valueRequired":true,"valueName":"search_term_string"}}],"inLanguage":"pt-BR"},{"@type":"Organization","@id":"https:\/\/radiolifefm.com.br\/noticias\/#organization","name":"R\u00e1dio Life FM","alternateName":"Life FM","url":"https:\/\/radiolifefm.com.br\/noticias\/","logo":{"@type":"ImageObject","inLanguage":"pt-BR","@id":"https:\/\/radiolifefm.com.br\/noticias\/#\/schema\/logo\/image\/","url":"https:\/\/static.radiolifefm.com.br\/noticias\/wp-content\/uploads\/2019\/10\/logo-lifefm.png","contentUrl":"https:\/\/static.radiolifefm.com.br\/noticias\/wp-content\/uploads\/2019\/10\/logo-lifefm.png","width":196,"height":47,"caption":"R\u00e1dio Life FM"},"image":{"@id":"https:\/\/radiolifefm.com.br\/noticias\/#\/schema\/logo\/image\/"},"sameAs":["https:\/\/www.facebook.com\/radiolifefm\/","https:\/\/www.instagram.com\/life1079fm\/"]},{"@type":"Person","@id":"https:\/\/radiolifefm.com.br\/noticias\/#\/schema\/person\/6876e1240feffe6e1b63fd5cb85abf28","name":"joaograndao","image":{"@type":"ImageObject","inLanguage":"pt-BR","@id":"https:\/\/secure.gravatar.com\/avatar\/d5b1a3cf357ed9c50404e256a1294083aa8ab5d2a994001567302786016cb32c?s=96&d=mm&r=g","url":"https:\/\/secure.gravatar.com\/avatar\/d5b1a3cf357ed9c50404e256a1294083aa8ab5d2a994001567302786016cb32c?s=96&d=mm&r=g","contentUrl":"https:\/\/secure.gravatar.com\/avatar\/d5b1a3cf357ed9c50404e256a1294083aa8ab5d2a994001567302786016cb32c?s=96&d=mm&r=g","caption":"joaograndao"}}]}},"amp_enabled":true,"_links":{"self":[{"href":"https:\/\/radiolifefm.com.br\/noticias\/wp-json\/wp\/v2\/posts\/29514","targetHints":{"allow":["GET"]}}],"collection":[{"href":"https:\/\/radiolifefm.com.br\/noticias\/wp-json\/wp\/v2\/posts"}],"about":[{"href":"https:\/\/radiolifefm.com.br\/noticias\/wp-json\/wp\/v2\/types\/post"}],"author":[{"embeddable":true,"href":"https:\/\/radiolifefm.com.br\/noticias\/wp-json\/wp\/v2\/users\/8"}],"replies":[{"embeddable":true,"href":"https:\/\/radiolifefm.com.br\/noticias\/wp-json\/wp\/v2\/comments?post=29514"}],"version-history":[{"count":4,"href":"https:\/\/radiolifefm.com.br\/noticias\/wp-json\/wp\/v2\/posts\/29514\/revisions"}],"predecessor-version":[{"id":29518,"href":"https:\/\/radiolifefm.com.br\/noticias\/wp-json\/wp\/v2\/posts\/29514\/revisions\/29518"}],"wp:featuredmedia":[{"embeddable":true,"href":"https:\/\/radiolifefm.com.br\/noticias\/wp-json\/wp\/v2\/media\/27508"}],"wp:attachment":[{"href":"https:\/\/radiolifefm.com.br\/noticias\/wp-json\/wp\/v2\/media?parent=29514"}],"wp:term":[{"taxonomy":"category","embeddable":true,"href":"https:\/\/radiolifefm.com.br\/noticias\/wp-json\/wp\/v2\/categories?post=29514"},{"taxonomy":"post_tag","embeddable":true,"href":"https:\/\/radiolifefm.com.br\/noticias\/wp-json\/wp\/v2\/tags?post=29514"}],"curies":[{"name":"wp","href":"https:\/\/api.w.org\/{rel}","templated":true}]}}