{"id":29493,"date":"2020-11-09T09:29:23","date_gmt":"2020-11-09T12:29:23","guid":{"rendered":"https:\/\/radiolifefm.com.br\/noticias\/?p=29493"},"modified":"2025-11-09T15:59:21","modified_gmt":"2025-11-09T18:59:21","slug":"https-g1-globo-com-sp-presidente-prudente-regiao-noticia-2020-11-09-casal-e-morto-a-tiros-na-praca-ataliba-leonel-em-santo-anastacio-ghtml","status":"publish","type":"post","link":"https:\/\/radiolifefm.com.br\/noticias\/https-g1-globo-com-sp-presidente-prudente-regiao-noticia-2020-11-09-casal-e-morto-a-tiros-na-praca-ataliba-leonel-em-santo-anastacio-ghtml\/","title":{"rendered":"Casal \u00e9 morto a tiros na Pra\u00e7a Ataliba Leonel, em Santo Anast\u00e1cio"},"content":{"rendered":"<div id=\"fb-root\"><\/div>\n<div class=\"mc-column content-text active-extra-styles \" data-block-type=\"unstyled\" data-block-weight=\"35\" data-block-id=\"2\">\n<p class=\"content-text__container \" data-track-category=\"Link no Texto\" data-track-links=\"\">Um casal foi morto a tiros na Pra\u00e7a Ataliba Leonel, em\u00a0<a href=\"http:\/\/g1.globo.com\/sp\/presidente-prudente-regiao\/cidade\/santo-anastacio.html\">Santo Anast\u00e1cio<\/a>. O crime ocorreu por volta da 0h30 desta segunda-feira (9). O ex-marido da v\u00edtima foi preso suspeito de atirar contra as v\u00edtimas.<\/p>\n<\/div>\n<div class=\"wall protected-content\">\n<div class=\"mc-column content-text active-extra-styles \" data-block-type=\"unstyled\" data-block-weight=\"29\" data-block-id=\"3\">\n<p class=\"content-text__container \" data-track-category=\"Link no Texto\" data-track-links=\"\">Segundo informa\u00e7\u00f5es da Pol\u00edcia Civil, o ex-marido n\u00e3o se conformou com o t\u00e9rmino da rela\u00e7\u00e3o, que durou 14 anos, e resolveu praticar o crime alegando ter sido trocado.<\/p>\n<\/div>\n<div class=\"mc-column content-text active-extra-styles \" data-block-type=\"unstyled\" data-block-weight=\"13\" data-block-id=\"4\">\n<p class=\"content-text__container \" data-track-category=\"Link no Texto\" data-track-links=\"\">A mulher tinha 27 anos e o homem, atual namorado, 28 anos.<\/p>\n<\/div>\n<div class=\"mc-column content-text active-extra-styles \" data-block-type=\"unstyled\" data-block-weight=\"29\" data-block-id=\"5\">\n<p class=\"content-text__container \" data-track-category=\"Link no Texto\" data-track-links=\"\">Conforme a pol\u00edcia, o indiv\u00edduo, de 33 anos, chegou recarregar a arma de fogo e no total foram disparados 12 tiros; n\u00e3o foi informado quantos atingiram as v\u00edtimas.<\/p>\n<\/div>\n<div class=\"mc-column content-text active-extra-styles \" data-block-type=\"unstyled\" data-block-weight=\"36\" data-block-id=\"6\">\n<p class=\"content-text__container \" data-track-category=\"Link no Texto\" data-track-links=\"\">O indiv\u00edduo fugiu por uma rodovia e foi perseguido pela Pol\u00edcia Militar at\u00e9 Presidente Venceslau, onde entrou em um posto de combust\u00edveis e \u201cjogou o carro\u201d contra uma bomba de combust\u00edvel. Ele n\u00e3o se feriu.<\/p>\n<\/div>\n<div class=\"mc-column content-text active-extra-styles \" data-block-type=\"unstyled\" data-block-weight=\"18\" data-block-id=\"7\">\n<p class=\"content-text__container \" data-track-category=\"Link no Texto\" data-track-links=\"\">A pol\u00edcia prendeu o homem em flagrante por duplo homic\u00eddio qualificado. Ele permaneceu \u00e0 disposi\u00e7\u00e3o da Justi\u00e7a.<\/p>\n<p>Fonte: G1<\/p>\n<\/div>\n<div class='flex flex-wrap items-center -mx-1'>\r\n<a class='thumbnail gallery p-1 w-1\/2 md:w-1\/4' href='https:\/\/radiolifefm.com.br\/noticias\/wp-content\/uploads\/2020\/11\/whatsapp-image-2020-11-09-at-07.54.14.jpeg'><img class='border border-white' src='https:\/\/radiolifefm.com.br\/noticias\/wp-content\/uploads\/2020\/11\/whatsapp-image-2020-11-09-at-07.54.14-200x200.jpeg' alt='Whatsapp Image 2020 11 09 At 07.54.14' \/><\/a><a class='thumbnail gallery p-1 w-1\/2 md:w-1\/4' href='https:\/\/radiolifefm.com.br\/noticias\/wp-content\/uploads\/2020\/11\/whatsapp-image-2020-11-09-at-07.54.18.jpeg'><img class='border border-white' src='https:\/\/radiolifefm.com.br\/noticias\/wp-content\/uploads\/2020\/11\/whatsapp-image-2020-11-09-at-07.54.18-200x200.jpeg' alt='Whatsapp Image 2020 11 09 At 07.54.18' \/><\/a><a class='thumbnail gallery p-1 w-1\/2 md:w-1\/4' href='https:\/\/radiolifefm.com.br\/noticias\/wp-content\/uploads\/2020\/11\/whatsapp-image-2020-11-09-at-07.54.16.jpeg'><img class='border border-white' src='https:\/\/radiolifefm.com.br\/noticias\/wp-content\/uploads\/2020\/11\/whatsapp-image-2020-11-09-at-07.54.16-200x200.jpeg' alt='Whatsapp Image 2020 11 09 At 07.54.16' \/><\/a><\/div>\n<\/div>\n","protected":false},"excerpt":{"rendered":"<p>Um casal foi morto a tiros na Pra\u00e7a Ataliba Leonel, em\u00a0Santo Anast\u00e1cio. O crime ocorreu por volta da 0h30 desta segunda-feira (9). O ex-marido da v\u00edtima foi preso suspeito de atirar contra as v\u00edtimas. Segundo informa\u00e7\u00f5es da Pol\u00edcia Civil, o ex-marido n\u00e3o se conformou com o t\u00e9rmino da rela\u00e7\u00e3o, que durou 14 anos, e resolveu [&hellip;]<\/p>\n","protected":false},"author":8,"featured_media":29494,"comment_status":"closed","ping_status":"open","sticky":false,"template":"","format":"standard","meta":{"_acf_changed":false,"_exactmetrics_skip_tracking":false,"_exactmetrics_sitenote_active":false,"_exactmetrics_sitenote_note":"","_exactmetrics_sitenote_category":0,"footnotes":""},"categories":[24],"tags":[],"class_list":["post-29493","post","type-post","status-publish","format-standard","has-post-thumbnail","hentry","category-regiao"],"acf":[],"yoast_head":"<!-- This site is optimized with the Yoast SEO plugin v27.2 - https:\/\/yoast.com\/product\/yoast-seo-wordpress\/ -->\n<title>Casal \u00e9 morto a tiros na Pra\u00e7a Ataliba Leonel, em Santo Anast\u00e1cio - R\u00e1dio Life FM<\/title>\n<meta name=\"robots\" content=\"index, follow, max-snippet:-1, max-image-preview:large, max-video-preview:-1\" \/>\n<link rel=\"canonical\" href=\"https:\/\/radiolifefm.com.br\/noticias\/https-g1-globo-com-sp-presidente-prudente-regiao-noticia-2020-11-09-casal-e-morto-a-tiros-na-praca-ataliba-leonel-em-santo-anastacio-ghtml\/\" \/>\n<meta property=\"og:locale\" content=\"pt_BR\" \/>\n<meta property=\"og:type\" content=\"article\" \/>\n<meta property=\"og:title\" content=\"Casal \u00e9 morto a tiros na Pra\u00e7a Ataliba Leonel, em Santo Anast\u00e1cio - R\u00e1dio Life FM\" \/>\n<meta property=\"og:description\" content=\"Um casal foi morto a tiros na Pra\u00e7a Ataliba Leonel, em\u00a0Santo Anast\u00e1cio. O crime ocorreu por volta da 0h30 desta segunda-feira (9). O ex-marido da v\u00edtima foi preso suspeito de atirar contra as v\u00edtimas. Segundo informa\u00e7\u00f5es da Pol\u00edcia Civil, o ex-marido n\u00e3o se conformou com o t\u00e9rmino da rela\u00e7\u00e3o, que durou 14 anos, e resolveu [&hellip;]\" \/>\n<meta property=\"og:url\" content=\"https:\/\/radiolifefm.com.br\/noticias\/https-g1-globo-com-sp-presidente-prudente-regiao-noticia-2020-11-09-casal-e-morto-a-tiros-na-praca-ataliba-leonel-em-santo-anastacio-ghtml\/\" \/>\n<meta property=\"og:site_name\" content=\"R\u00e1dio Life FM\" \/>\n<meta property=\"article:publisher\" content=\"https:\/\/www.facebook.com\/radiolifefm\/\" \/>\n<meta property=\"article:published_time\" content=\"2020-11-09T12:29:23+00:00\" \/>\n<meta property=\"article:modified_time\" content=\"2025-11-09T18:59:21+00:00\" \/>\n<meta property=\"og:image\" content=\"https:\/\/static.radiolifefm.com.br\/noticias\/wp-content\/uploads\/2020\/11\/whatsapp-image-2020-11-09-at-07.54.16.jpeg\" \/>\n\t<meta property=\"og:image:width\" content=\"984\" \/>\n\t<meta property=\"og:image:height\" content=\"950\" \/>\n\t<meta property=\"og:image:type\" content=\"image\/jpeg\" \/>\n<meta name=\"author\" content=\"joaograndao\" \/>\n<meta name=\"twitter:card\" content=\"summary_large_image\" \/>\n<meta name=\"twitter:label1\" content=\"Escrito por\" \/>\n\t<meta name=\"twitter:data1\" content=\"joaograndao\" \/>\n\t<meta name=\"twitter:label2\" content=\"Est. tempo de leitura\" \/>\n\t<meta name=\"twitter:data2\" content=\"1 minuto\" \/>\n<script type=\"application\/ld+json\" class=\"yoast-schema-graph\">{\"@context\":\"https:\/\/schema.org\",\"@graph\":[{\"@type\":\"Article\",\"@id\":\"https:\/\/radiolifefm.com.br\/noticias\/https-g1-globo-com-sp-presidente-prudente-regiao-noticia-2020-11-09-casal-e-morto-a-tiros-na-praca-ataliba-leonel-em-santo-anastacio-ghtml\/#article\",\"isPartOf\":{\"@id\":\"https:\/\/radiolifefm.com.br\/noticias\/https-g1-globo-com-sp-presidente-prudente-regiao-noticia-2020-11-09-casal-e-morto-a-tiros-na-praca-ataliba-leonel-em-santo-anastacio-ghtml\/\"},\"author\":{\"name\":\"joaograndao\",\"@id\":\"https:\/\/radiolifefm.com.br\/noticias\/#\/schema\/person\/6876e1240feffe6e1b63fd5cb85abf28\"},\"headline\":\"Casal \u00e9 morto a tiros na Pra\u00e7a Ataliba Leonel, em Santo Anast\u00e1cio\",\"datePublished\":\"2020-11-09T12:29:23+00:00\",\"dateModified\":\"2025-11-09T18:59:21+00:00\",\"mainEntityOfPage\":{\"@id\":\"https:\/\/radiolifefm.com.br\/noticias\/https-g1-globo-com-sp-presidente-prudente-regiao-noticia-2020-11-09-casal-e-morto-a-tiros-na-praca-ataliba-leonel-em-santo-anastacio-ghtml\/\"},\"wordCount\":189,\"publisher\":{\"@id\":\"https:\/\/radiolifefm.com.br\/noticias\/#organization\"},\"image\":{\"@id\":\"https:\/\/radiolifefm.com.br\/noticias\/https-g1-globo-com-sp-presidente-prudente-regiao-noticia-2020-11-09-casal-e-morto-a-tiros-na-praca-ataliba-leonel-em-santo-anastacio-ghtml\/#primaryimage\"},\"thumbnailUrl\":\"https:\/\/radiolifefm.com.br\/noticias\/wp-content\/uploads\/2020\/11\/whatsapp-image-2020-11-09-at-07.54.16.jpeg\",\"articleSection\":[\"Regi\u00e3o\"],\"inLanguage\":\"pt-BR\"},{\"@type\":\"WebPage\",\"@id\":\"https:\/\/radiolifefm.com.br\/noticias\/https-g1-globo-com-sp-presidente-prudente-regiao-noticia-2020-11-09-casal-e-morto-a-tiros-na-praca-ataliba-leonel-em-santo-anastacio-ghtml\/\",\"url\":\"https:\/\/radiolifefm.com.br\/noticias\/https-g1-globo-com-sp-presidente-prudente-regiao-noticia-2020-11-09-casal-e-morto-a-tiros-na-praca-ataliba-leonel-em-santo-anastacio-ghtml\/\",\"name\":\"Casal \u00e9 morto a tiros na Pra\u00e7a Ataliba Leonel, em Santo Anast\u00e1cio - R\u00e1dio Life FM\",\"isPartOf\":{\"@id\":\"https:\/\/radiolifefm.com.br\/noticias\/#website\"},\"primaryImageOfPage\":{\"@id\":\"https:\/\/radiolifefm.com.br\/noticias\/https-g1-globo-com-sp-presidente-prudente-regiao-noticia-2020-11-09-casal-e-morto-a-tiros-na-praca-ataliba-leonel-em-santo-anastacio-ghtml\/#primaryimage\"},\"image\":{\"@id\":\"https:\/\/radiolifefm.com.br\/noticias\/https-g1-globo-com-sp-presidente-prudente-regiao-noticia-2020-11-09-casal-e-morto-a-tiros-na-praca-ataliba-leonel-em-santo-anastacio-ghtml\/#primaryimage\"},\"thumbnailUrl\":\"https:\/\/radiolifefm.com.br\/noticias\/wp-content\/uploads\/2020\/11\/whatsapp-image-2020-11-09-at-07.54.16.jpeg\",\"datePublished\":\"2020-11-09T12:29:23+00:00\",\"dateModified\":\"2025-11-09T18:59:21+00:00\",\"breadcrumb\":{\"@id\":\"https:\/\/radiolifefm.com.br\/noticias\/https-g1-globo-com-sp-presidente-prudente-regiao-noticia-2020-11-09-casal-e-morto-a-tiros-na-praca-ataliba-leonel-em-santo-anastacio-ghtml\/#breadcrumb\"},\"inLanguage\":\"pt-BR\",\"potentialAction\":[{\"@type\":\"ReadAction\",\"target\":[\"https:\/\/radiolifefm.com.br\/noticias\/https-g1-globo-com-sp-presidente-prudente-regiao-noticia-2020-11-09-casal-e-morto-a-tiros-na-praca-ataliba-leonel-em-santo-anastacio-ghtml\/\"]}]},{\"@type\":\"ImageObject\",\"inLanguage\":\"pt-BR\",\"@id\":\"https:\/\/radiolifefm.com.br\/noticias\/https-g1-globo-com-sp-presidente-prudente-regiao-noticia-2020-11-09-casal-e-morto-a-tiros-na-praca-ataliba-leonel-em-santo-anastacio-ghtml\/#primaryimage\",\"url\":\"https:\/\/radiolifefm.com.br\/noticias\/wp-content\/uploads\/2020\/11\/whatsapp-image-2020-11-09-at-07.54.16.jpeg\",\"contentUrl\":\"https:\/\/radiolifefm.com.br\/noticias\/wp-content\/uploads\/2020\/11\/whatsapp-image-2020-11-09-at-07.54.16.jpeg\",\"width\":984,\"height\":950,\"caption\":\"Suspeito de cometer o crime \u00e9 ex-marido de uma das v\u00edtimas. Ele foi preso em flagrante ap\u00f3s bater o carro contra uma bomba de combust\u00edveis.\"},{\"@type\":\"BreadcrumbList\",\"@id\":\"https:\/\/radiolifefm.com.br\/noticias\/https-g1-globo-com-sp-presidente-prudente-regiao-noticia-2020-11-09-casal-e-morto-a-tiros-na-praca-ataliba-leonel-em-santo-anastacio-ghtml\/#breadcrumb\",\"itemListElement\":[{\"@type\":\"ListItem\",\"position\":1,\"name\":\"In\u00edcio\",\"item\":\"https:\/\/radiolifefm.com.br\/noticias\/\"},{\"@type\":\"ListItem\",\"position\":2,\"name\":\"Casal \u00e9 morto a tiros na Pra\u00e7a Ataliba Leonel, em Santo Anast\u00e1cio\"}]},{\"@type\":\"WebSite\",\"@id\":\"https:\/\/radiolifefm.com.br\/noticias\/#website\",\"url\":\"https:\/\/radiolifefm.com.br\/noticias\/\",\"name\":\"R\u00e1dio Life FM\",\"description\":\"O Portal de Not\u00edcias de Adamantina\",\"publisher\":{\"@id\":\"https:\/\/radiolifefm.com.br\/noticias\/#organization\"},\"alternateName\":\"Life FM\",\"potentialAction\":[{\"@type\":\"SearchAction\",\"target\":{\"@type\":\"EntryPoint\",\"urlTemplate\":\"https:\/\/radiolifefm.com.br\/noticias\/?s={search_term_string}\"},\"query-input\":{\"@type\":\"PropertyValueSpecification\",\"valueRequired\":true,\"valueName\":\"search_term_string\"}}],\"inLanguage\":\"pt-BR\"},{\"@type\":\"Organization\",\"@id\":\"https:\/\/radiolifefm.com.br\/noticias\/#organization\",\"name\":\"R\u00e1dio Life FM\",\"alternateName\":\"Life FM\",\"url\":\"https:\/\/radiolifefm.com.br\/noticias\/\",\"logo\":{\"@type\":\"ImageObject\",\"inLanguage\":\"pt-BR\",\"@id\":\"https:\/\/radiolifefm.com.br\/noticias\/#\/schema\/logo\/image\/\",\"url\":\"https:\/\/static.radiolifefm.com.br\/noticias\/wp-content\/uploads\/2019\/10\/logo-lifefm.png\",\"contentUrl\":\"https:\/\/static.radiolifefm.com.br\/noticias\/wp-content\/uploads\/2019\/10\/logo-lifefm.png\",\"width\":196,\"height\":47,\"caption\":\"R\u00e1dio Life FM\"},\"image\":{\"@id\":\"https:\/\/radiolifefm.com.br\/noticias\/#\/schema\/logo\/image\/\"},\"sameAs\":[\"https:\/\/www.facebook.com\/radiolifefm\/\",\"https:\/\/www.instagram.com\/life1079fm\/\"]},{\"@type\":\"Person\",\"@id\":\"https:\/\/radiolifefm.com.br\/noticias\/#\/schema\/person\/6876e1240feffe6e1b63fd5cb85abf28\",\"name\":\"joaograndao\",\"image\":{\"@type\":\"ImageObject\",\"inLanguage\":\"pt-BR\",\"@id\":\"https:\/\/secure.gravatar.com\/avatar\/d5b1a3cf357ed9c50404e256a1294083aa8ab5d2a994001567302786016cb32c?s=96&d=mm&r=g\",\"url\":\"https:\/\/secure.gravatar.com\/avatar\/d5b1a3cf357ed9c50404e256a1294083aa8ab5d2a994001567302786016cb32c?s=96&d=mm&r=g\",\"contentUrl\":\"https:\/\/secure.gravatar.com\/avatar\/d5b1a3cf357ed9c50404e256a1294083aa8ab5d2a994001567302786016cb32c?s=96&d=mm&r=g\",\"caption\":\"joaograndao\"}}]}<\/script>\n<!-- \/ Yoast SEO plugin. -->","yoast_head_json":{"title":"Casal \u00e9 morto a tiros na Pra\u00e7a Ataliba Leonel, em Santo Anast\u00e1cio - R\u00e1dio Life FM","robots":{"index":"index","follow":"follow","max-snippet":"max-snippet:-1","max-image-preview":"max-image-preview:large","max-video-preview":"max-video-preview:-1"},"canonical":"https:\/\/radiolifefm.com.br\/noticias\/https-g1-globo-com-sp-presidente-prudente-regiao-noticia-2020-11-09-casal-e-morto-a-tiros-na-praca-ataliba-leonel-em-santo-anastacio-ghtml\/","og_locale":"pt_BR","og_type":"article","og_title":"Casal \u00e9 morto a tiros na Pra\u00e7a Ataliba Leonel, em Santo Anast\u00e1cio - R\u00e1dio Life FM","og_description":"Um casal foi morto a tiros na Pra\u00e7a Ataliba Leonel, em\u00a0Santo Anast\u00e1cio. O crime ocorreu por volta da 0h30 desta segunda-feira (9). O ex-marido da v\u00edtima foi preso suspeito de atirar contra as v\u00edtimas. Segundo informa\u00e7\u00f5es da Pol\u00edcia Civil, o ex-marido n\u00e3o se conformou com o t\u00e9rmino da rela\u00e7\u00e3o, que durou 14 anos, e resolveu [&hellip;]","og_url":"https:\/\/radiolifefm.com.br\/noticias\/https-g1-globo-com-sp-presidente-prudente-regiao-noticia-2020-11-09-casal-e-morto-a-tiros-na-praca-ataliba-leonel-em-santo-anastacio-ghtml\/","og_site_name":"R\u00e1dio Life FM","article_publisher":"https:\/\/www.facebook.com\/radiolifefm\/","article_published_time":"2020-11-09T12:29:23+00:00","article_modified_time":"2025-11-09T18:59:21+00:00","og_image":[{"width":984,"height":950,"url":"https:\/\/static.radiolifefm.com.br\/noticias\/wp-content\/uploads\/2020\/11\/whatsapp-image-2020-11-09-at-07.54.16.jpeg","type":"image\/jpeg"}],"author":"joaograndao","twitter_card":"summary_large_image","twitter_misc":{"Escrito por":"joaograndao","Est. tempo de leitura":"1 minuto"},"schema":{"@context":"https:\/\/schema.org","@graph":[{"@type":"Article","@id":"https:\/\/radiolifefm.com.br\/noticias\/https-g1-globo-com-sp-presidente-prudente-regiao-noticia-2020-11-09-casal-e-morto-a-tiros-na-praca-ataliba-leonel-em-santo-anastacio-ghtml\/#article","isPartOf":{"@id":"https:\/\/radiolifefm.com.br\/noticias\/https-g1-globo-com-sp-presidente-prudente-regiao-noticia-2020-11-09-casal-e-morto-a-tiros-na-praca-ataliba-leonel-em-santo-anastacio-ghtml\/"},"author":{"name":"joaograndao","@id":"https:\/\/radiolifefm.com.br\/noticias\/#\/schema\/person\/6876e1240feffe6e1b63fd5cb85abf28"},"headline":"Casal \u00e9 morto a tiros na Pra\u00e7a Ataliba Leonel, em Santo Anast\u00e1cio","datePublished":"2020-11-09T12:29:23+00:00","dateModified":"2025-11-09T18:59:21+00:00","mainEntityOfPage":{"@id":"https:\/\/radiolifefm.com.br\/noticias\/https-g1-globo-com-sp-presidente-prudente-regiao-noticia-2020-11-09-casal-e-morto-a-tiros-na-praca-ataliba-leonel-em-santo-anastacio-ghtml\/"},"wordCount":189,"publisher":{"@id":"https:\/\/radiolifefm.com.br\/noticias\/#organization"},"image":{"@id":"https:\/\/radiolifefm.com.br\/noticias\/https-g1-globo-com-sp-presidente-prudente-regiao-noticia-2020-11-09-casal-e-morto-a-tiros-na-praca-ataliba-leonel-em-santo-anastacio-ghtml\/#primaryimage"},"thumbnailUrl":"https:\/\/radiolifefm.com.br\/noticias\/wp-content\/uploads\/2020\/11\/whatsapp-image-2020-11-09-at-07.54.16.jpeg","articleSection":["Regi\u00e3o"],"inLanguage":"pt-BR"},{"@type":"WebPage","@id":"https:\/\/radiolifefm.com.br\/noticias\/https-g1-globo-com-sp-presidente-prudente-regiao-noticia-2020-11-09-casal-e-morto-a-tiros-na-praca-ataliba-leonel-em-santo-anastacio-ghtml\/","url":"https:\/\/radiolifefm.com.br\/noticias\/https-g1-globo-com-sp-presidente-prudente-regiao-noticia-2020-11-09-casal-e-morto-a-tiros-na-praca-ataliba-leonel-em-santo-anastacio-ghtml\/","name":"Casal \u00e9 morto a tiros na Pra\u00e7a Ataliba Leonel, em Santo Anast\u00e1cio - R\u00e1dio Life FM","isPartOf":{"@id":"https:\/\/radiolifefm.com.br\/noticias\/#website"},"primaryImageOfPage":{"@id":"https:\/\/radiolifefm.com.br\/noticias\/https-g1-globo-com-sp-presidente-prudente-regiao-noticia-2020-11-09-casal-e-morto-a-tiros-na-praca-ataliba-leonel-em-santo-anastacio-ghtml\/#primaryimage"},"image":{"@id":"https:\/\/radiolifefm.com.br\/noticias\/https-g1-globo-com-sp-presidente-prudente-regiao-noticia-2020-11-09-casal-e-morto-a-tiros-na-praca-ataliba-leonel-em-santo-anastacio-ghtml\/#primaryimage"},"thumbnailUrl":"https:\/\/radiolifefm.com.br\/noticias\/wp-content\/uploads\/2020\/11\/whatsapp-image-2020-11-09-at-07.54.16.jpeg","datePublished":"2020-11-09T12:29:23+00:00","dateModified":"2025-11-09T18:59:21+00:00","breadcrumb":{"@id":"https:\/\/radiolifefm.com.br\/noticias\/https-g1-globo-com-sp-presidente-prudente-regiao-noticia-2020-11-09-casal-e-morto-a-tiros-na-praca-ataliba-leonel-em-santo-anastacio-ghtml\/#breadcrumb"},"inLanguage":"pt-BR","potentialAction":[{"@type":"ReadAction","target":["https:\/\/radiolifefm.com.br\/noticias\/https-g1-globo-com-sp-presidente-prudente-regiao-noticia-2020-11-09-casal-e-morto-a-tiros-na-praca-ataliba-leonel-em-santo-anastacio-ghtml\/"]}]},{"@type":"ImageObject","inLanguage":"pt-BR","@id":"https:\/\/radiolifefm.com.br\/noticias\/https-g1-globo-com-sp-presidente-prudente-regiao-noticia-2020-11-09-casal-e-morto-a-tiros-na-praca-ataliba-leonel-em-santo-anastacio-ghtml\/#primaryimage","url":"https:\/\/radiolifefm.com.br\/noticias\/wp-content\/uploads\/2020\/11\/whatsapp-image-2020-11-09-at-07.54.16.jpeg","contentUrl":"https:\/\/radiolifefm.com.br\/noticias\/wp-content\/uploads\/2020\/11\/whatsapp-image-2020-11-09-at-07.54.16.jpeg","width":984,"height":950,"caption":"Suspeito de cometer o crime \u00e9 ex-marido de uma das v\u00edtimas. Ele foi preso em flagrante ap\u00f3s bater o carro contra uma bomba de combust\u00edveis."},{"@type":"BreadcrumbList","@id":"https:\/\/radiolifefm.com.br\/noticias\/https-g1-globo-com-sp-presidente-prudente-regiao-noticia-2020-11-09-casal-e-morto-a-tiros-na-praca-ataliba-leonel-em-santo-anastacio-ghtml\/#breadcrumb","itemListElement":[{"@type":"ListItem","position":1,"name":"In\u00edcio","item":"https:\/\/radiolifefm.com.br\/noticias\/"},{"@type":"ListItem","position":2,"name":"Casal \u00e9 morto a tiros na Pra\u00e7a Ataliba Leonel, em Santo Anast\u00e1cio"}]},{"@type":"WebSite","@id":"https:\/\/radiolifefm.com.br\/noticias\/#website","url":"https:\/\/radiolifefm.com.br\/noticias\/","name":"R\u00e1dio Life FM","description":"O Portal de Not\u00edcias de Adamantina","publisher":{"@id":"https:\/\/radiolifefm.com.br\/noticias\/#organization"},"alternateName":"Life FM","potentialAction":[{"@type":"SearchAction","target":{"@type":"EntryPoint","urlTemplate":"https:\/\/radiolifefm.com.br\/noticias\/?s={search_term_string}"},"query-input":{"@type":"PropertyValueSpecification","valueRequired":true,"valueName":"search_term_string"}}],"inLanguage":"pt-BR"},{"@type":"Organization","@id":"https:\/\/radiolifefm.com.br\/noticias\/#organization","name":"R\u00e1dio Life FM","alternateName":"Life FM","url":"https:\/\/radiolifefm.com.br\/noticias\/","logo":{"@type":"ImageObject","inLanguage":"pt-BR","@id":"https:\/\/radiolifefm.com.br\/noticias\/#\/schema\/logo\/image\/","url":"https:\/\/static.radiolifefm.com.br\/noticias\/wp-content\/uploads\/2019\/10\/logo-lifefm.png","contentUrl":"https:\/\/static.radiolifefm.com.br\/noticias\/wp-content\/uploads\/2019\/10\/logo-lifefm.png","width":196,"height":47,"caption":"R\u00e1dio Life FM"},"image":{"@id":"https:\/\/radiolifefm.com.br\/noticias\/#\/schema\/logo\/image\/"},"sameAs":["https:\/\/www.facebook.com\/radiolifefm\/","https:\/\/www.instagram.com\/life1079fm\/"]},{"@type":"Person","@id":"https:\/\/radiolifefm.com.br\/noticias\/#\/schema\/person\/6876e1240feffe6e1b63fd5cb85abf28","name":"joaograndao","image":{"@type":"ImageObject","inLanguage":"pt-BR","@id":"https:\/\/secure.gravatar.com\/avatar\/d5b1a3cf357ed9c50404e256a1294083aa8ab5d2a994001567302786016cb32c?s=96&d=mm&r=g","url":"https:\/\/secure.gravatar.com\/avatar\/d5b1a3cf357ed9c50404e256a1294083aa8ab5d2a994001567302786016cb32c?s=96&d=mm&r=g","contentUrl":"https:\/\/secure.gravatar.com\/avatar\/d5b1a3cf357ed9c50404e256a1294083aa8ab5d2a994001567302786016cb32c?s=96&d=mm&r=g","caption":"joaograndao"}}]}},"amp_enabled":true,"_links":{"self":[{"href":"https:\/\/radiolifefm.com.br\/noticias\/wp-json\/wp\/v2\/posts\/29493","targetHints":{"allow":["GET"]}}],"collection":[{"href":"https:\/\/radiolifefm.com.br\/noticias\/wp-json\/wp\/v2\/posts"}],"about":[{"href":"https:\/\/radiolifefm.com.br\/noticias\/wp-json\/wp\/v2\/types\/post"}],"author":[{"embeddable":true,"href":"https:\/\/radiolifefm.com.br\/noticias\/wp-json\/wp\/v2\/users\/8"}],"replies":[{"embeddable":true,"href":"https:\/\/radiolifefm.com.br\/noticias\/wp-json\/wp\/v2\/comments?post=29493"}],"version-history":[{"count":2,"href":"https:\/\/radiolifefm.com.br\/noticias\/wp-json\/wp\/v2\/posts\/29493\/revisions"}],"predecessor-version":[{"id":29498,"href":"https:\/\/radiolifefm.com.br\/noticias\/wp-json\/wp\/v2\/posts\/29493\/revisions\/29498"}],"wp:featuredmedia":[{"embeddable":true,"href":"https:\/\/radiolifefm.com.br\/noticias\/wp-json\/wp\/v2\/media\/29494"}],"wp:attachment":[{"href":"https:\/\/radiolifefm.com.br\/noticias\/wp-json\/wp\/v2\/media?parent=29493"}],"wp:term":[{"taxonomy":"category","embeddable":true,"href":"https:\/\/radiolifefm.com.br\/noticias\/wp-json\/wp\/v2\/categories?post=29493"},{"taxonomy":"post_tag","embeddable":true,"href":"https:\/\/radiolifefm.com.br\/noticias\/wp-json\/wp\/v2\/tags?post=29493"}],"curies":[{"name":"wp","href":"https:\/\/api.w.org\/{rel}","templated":true}]}}