{"id":29437,"date":"2020-11-08T10:31:07","date_gmt":"2020-11-08T13:31:07","guid":{"rendered":"https:\/\/radiolifefm.com.br\/noticias\/?p=29437"},"modified":"2026-04-12T04:48:05","modified_gmt":"2026-04-12T07:48:05","slug":"homem-e-morto-com-tiro-na-cabeca","status":"publish","type":"post","link":"https:\/\/radiolifefm.com.br\/noticias\/homem-e-morto-com-tiro-na-cabeca\/","title":{"rendered":"Homem \u00e9 morto com tiro na cabe\u00e7a"},"content":{"rendered":"<div id=\"fb-root\"><\/div>\n<div data-block-type=\"unstyled\" data-block-weight=\"38\" data-block-id=\"2\">\n<p data-track-category=\"Link no Texto\" data-track-links=\"\">Um homem de 26 anos foi baleado no final da tarde deste s\u00e1bado (7), no Jardim Para\u00edso, em\u00a0Presidente Prudente. Ele chegou a ser levado para o Hospital Regional (HR), mas n\u00e3o resistiu. O agressor fugiu do local.<\/p>\n<\/div>\n<div>\n<div data-block-type=\"unstyled\" data-block-weight=\"34\" data-block-id=\"3\">\n<p data-track-category=\"Link no Texto\" data-track-links=\"\">De acordo com as informa\u00e7\u00f5es preliminares repassadas pela Pol\u00edcia Militar, a v\u00edtima foi socorrida com vida pela Unidade de Resgate do Corpo de Bombeiros e encaminhada ao Hospital Regional (HR) para receber atendimento m\u00e9dico.<\/p>\n<\/div>\n<div data-block-type=\"unstyled\" data-block-weight=\"32\" data-block-id=\"4\">\n<p data-track-category=\"Link no Texto\" data-track-links=\"\">O HR informou que o paciente, de 26 anos, deu entrada no Pronto-socorro da unidade por volta das 18h, em \u201cestado grav\u00edssimo\u201d, e foi prontamente atendido pela equipe m\u00e9dica e multiprofissional.<\/p>\n<\/div>\n<div data-block-type=\"raw\" data-block-weight=\"1\" data-block-id=\"5\">\n<div>\n<h2>\u2018Estampido\u2019<\/h2>\n<\/div>\n<\/div>\n<div data-block-type=\"unstyled\" data-block-weight=\"66\" data-block-id=\"6\">\n<p data-track-category=\"Link no Texto\" data-track-links=\"\">Conforme o Boletim de Ocorr\u00eancia registrado na Delegacia Participativa da Pol\u00edcia Civil, quando chegou ao local, a PM se deparou com v\u00edtima ca\u00edda na cal\u00e7ada, com uma les\u00e3o na cabe\u00e7a causada por disparo de arma de fogo. O homem estava agonizando e foi atendido pelo Grupo de Resgate e Aten\u00e7\u00e3o \u00e0s Urg\u00eancias (Grau) e na sequ\u00eancia levado ao HR, onde \u00e0s 19h13 foi constatado o \u00f3bito.<\/p>\n<\/div>\n<div data-block-type=\"unstyled\" data-block-weight=\"24\" data-block-id=\"7\">\n<p data-track-category=\"Link no Texto\" data-track-links=\"\">\u00c0 pol\u00edcia, populares disseram apenas terem ouvido um estampido de disparo de arma de fogo, e ap\u00f3s visualizaram um ve\u00edculo saindo rapidamente do local.<\/p>\n<\/div>\n<div data-block-type=\"unstyled\" data-block-weight=\"32\" data-block-id=\"8\">\n<p data-track-category=\"Link no Texto\" data-track-links=\"\">A v\u00edtima deixou no local seu ve\u00edculo, de cor cinza, que foi apreendido administrativamente pela Pol\u00edcia Militar e recolhido ao P\u00e1tio Municipal, ainda de acordo com as informa\u00e7\u00f5es do Boletim de Ocorr\u00eancia.<\/p>\n<div data-block-type=\"unstyled\" data-block-weight=\"6\" data-block-id=\"10\">\n<p data-track-category=\"Link no Texto\" data-track-links=\"\">O celular da v\u00edtima foi apreendido.<\/p>\n<\/div>\n<div data-block-type=\"unstyled\" data-block-weight=\"9\" data-block-id=\"11\">\n<p data-track-category=\"Link no Texto\" data-track-links=\"\">A per\u00edcia tamb\u00e9m foi acionada e esteve no local.<\/p>\n<p>Fonte: G1<\/p>\n<\/div>\n<\/div>\n<\/div>\n","protected":false},"excerpt":{"rendered":"<p>Um homem de 26 anos foi baleado no final da tarde deste s\u00e1bado (7), no Jardim Para\u00edso, em\u00a0Presidente Prudente. Ele chegou a ser levado para o Hospital Regional (HR), mas n\u00e3o resistiu. O agressor fugiu do local. De acordo com as informa\u00e7\u00f5es preliminares repassadas pela Pol\u00edcia Militar, a v\u00edtima foi socorrida com vida pela Unidade [&hellip;]<\/p>\n","protected":false},"author":8,"featured_media":29438,"comment_status":"closed","ping_status":"open","sticky":false,"template":"","format":"standard","meta":{"_acf_changed":false,"_exactmetrics_skip_tracking":false,"_exactmetrics_sitenote_active":false,"_exactmetrics_sitenote_note":"","_exactmetrics_sitenote_category":0,"footnotes":""},"categories":[24],"tags":[],"class_list":["post-29437","post","type-post","status-publish","format-standard","has-post-thumbnail","hentry","category-regiao"],"acf":[],"yoast_head":"<!-- This site is optimized with the Yoast SEO plugin v27.2 - https:\/\/yoast.com\/product\/yoast-seo-wordpress\/ -->\n<title>Homem \u00e9 morto com tiro na cabe\u00e7a - R\u00e1dio Life FM<\/title>\n<meta name=\"robots\" content=\"index, follow, max-snippet:-1, max-image-preview:large, max-video-preview:-1\" \/>\n<link rel=\"canonical\" href=\"https:\/\/radiolifefm.com.br\/noticias\/homem-e-morto-com-tiro-na-cabeca\/\" \/>\n<meta property=\"og:locale\" content=\"pt_BR\" \/>\n<meta property=\"og:type\" content=\"article\" \/>\n<meta property=\"og:title\" content=\"Homem \u00e9 morto com tiro na cabe\u00e7a - R\u00e1dio Life FM\" \/>\n<meta property=\"og:description\" content=\"Um homem de 26 anos foi baleado no final da tarde deste s\u00e1bado (7), no Jardim Para\u00edso, em\u00a0Presidente Prudente. Ele chegou a ser levado para o Hospital Regional (HR), mas n\u00e3o resistiu. O agressor fugiu do local. De acordo com as informa\u00e7\u00f5es preliminares repassadas pela Pol\u00edcia Militar, a v\u00edtima foi socorrida com vida pela Unidade [&hellip;]\" \/>\n<meta property=\"og:url\" content=\"https:\/\/radiolifefm.com.br\/noticias\/homem-e-morto-com-tiro-na-cabeca\/\" \/>\n<meta property=\"og:site_name\" content=\"R\u00e1dio Life FM\" \/>\n<meta property=\"article:publisher\" content=\"https:\/\/www.facebook.com\/radiolifefm\/\" \/>\n<meta property=\"article:published_time\" content=\"2020-11-08T13:31:07+00:00\" \/>\n<meta property=\"article:modified_time\" content=\"2026-04-12T07:48:05+00:00\" \/>\n<meta property=\"og:image\" content=\"https:\/\/radiolifefm.com.br\/noticias\/wp-content\/uploads\/2020\/11\/tiro.jpg\" \/>\n\t<meta property=\"og:image:width\" content=\"700\" \/>\n\t<meta property=\"og:image:height\" content=\"763\" \/>\n\t<meta property=\"og:image:type\" content=\"image\/jpeg\" \/>\n<meta name=\"author\" content=\"joaograndao\" \/>\n<meta name=\"twitter:card\" content=\"summary_large_image\" \/>\n<meta name=\"twitter:label1\" content=\"Escrito por\" \/>\n\t<meta name=\"twitter:data1\" content=\"joaograndao\" \/>\n\t<meta name=\"twitter:label2\" content=\"Est. tempo de leitura\" \/>\n\t<meta name=\"twitter:data2\" content=\"1 minuto\" \/>\n<script type=\"application\/ld+json\" class=\"yoast-schema-graph\">{\"@context\":\"https:\/\/schema.org\",\"@graph\":[{\"@type\":\"Article\",\"@id\":\"https:\/\/radiolifefm.com.br\/noticias\/homem-e-morto-com-tiro-na-cabeca\/#article\",\"isPartOf\":{\"@id\":\"https:\/\/radiolifefm.com.br\/noticias\/homem-e-morto-com-tiro-na-cabeca\/\"},\"author\":{\"name\":\"joaograndao\",\"@id\":\"https:\/\/radiolifefm.com.br\/noticias\/#\/schema\/person\/6876e1240feffe6e1b63fd5cb85abf28\"},\"headline\":\"Homem \u00e9 morto com tiro na cabe\u00e7a\",\"datePublished\":\"2020-11-08T13:31:07+00:00\",\"dateModified\":\"2026-04-12T07:48:05+00:00\",\"mainEntityOfPage\":{\"@id\":\"https:\/\/radiolifefm.com.br\/noticias\/homem-e-morto-com-tiro-na-cabeca\/\"},\"wordCount\":277,\"publisher\":{\"@id\":\"https:\/\/radiolifefm.com.br\/noticias\/#organization\"},\"image\":{\"@id\":\"https:\/\/radiolifefm.com.br\/noticias\/homem-e-morto-com-tiro-na-cabeca\/#primaryimage\"},\"thumbnailUrl\":\"https:\/\/radiolifefm.com.br\/noticias\/wp-content\/uploads\/2020\/11\/tiro.jpg\",\"articleSection\":[\"Regi\u00e3o\"],\"inLanguage\":\"pt-BR\"},{\"@type\":\"WebPage\",\"@id\":\"https:\/\/radiolifefm.com.br\/noticias\/homem-e-morto-com-tiro-na-cabeca\/\",\"url\":\"https:\/\/radiolifefm.com.br\/noticias\/homem-e-morto-com-tiro-na-cabeca\/\",\"name\":\"Homem \u00e9 morto com tiro na cabe\u00e7a - R\u00e1dio Life FM\",\"isPartOf\":{\"@id\":\"https:\/\/radiolifefm.com.br\/noticias\/#website\"},\"primaryImageOfPage\":{\"@id\":\"https:\/\/radiolifefm.com.br\/noticias\/homem-e-morto-com-tiro-na-cabeca\/#primaryimage\"},\"image\":{\"@id\":\"https:\/\/radiolifefm.com.br\/noticias\/homem-e-morto-com-tiro-na-cabeca\/#primaryimage\"},\"thumbnailUrl\":\"https:\/\/radiolifefm.com.br\/noticias\/wp-content\/uploads\/2020\/11\/tiro.jpg\",\"datePublished\":\"2020-11-08T13:31:07+00:00\",\"dateModified\":\"2026-04-12T07:48:05+00:00\",\"breadcrumb\":{\"@id\":\"https:\/\/radiolifefm.com.br\/noticias\/homem-e-morto-com-tiro-na-cabeca\/#breadcrumb\"},\"inLanguage\":\"pt-BR\",\"potentialAction\":[{\"@type\":\"ReadAction\",\"target\":[\"https:\/\/radiolifefm.com.br\/noticias\/homem-e-morto-com-tiro-na-cabeca\/\"]}]},{\"@type\":\"ImageObject\",\"inLanguage\":\"pt-BR\",\"@id\":\"https:\/\/radiolifefm.com.br\/noticias\/homem-e-morto-com-tiro-na-cabeca\/#primaryimage\",\"url\":\"https:\/\/radiolifefm.com.br\/noticias\/wp-content\/uploads\/2020\/11\/tiro.jpg\",\"contentUrl\":\"https:\/\/radiolifefm.com.br\/noticias\/wp-content\/uploads\/2020\/11\/tiro.jpg\",\"width\":700,\"height\":763},{\"@type\":\"BreadcrumbList\",\"@id\":\"https:\/\/radiolifefm.com.br\/noticias\/homem-e-morto-com-tiro-na-cabeca\/#breadcrumb\",\"itemListElement\":[{\"@type\":\"ListItem\",\"position\":1,\"name\":\"In\u00edcio\",\"item\":\"https:\/\/radiolifefm.com.br\/noticias\/\"},{\"@type\":\"ListItem\",\"position\":2,\"name\":\"Homem \u00e9 morto com tiro na cabe\u00e7a\"}]},{\"@type\":\"WebSite\",\"@id\":\"https:\/\/radiolifefm.com.br\/noticias\/#website\",\"url\":\"https:\/\/radiolifefm.com.br\/noticias\/\",\"name\":\"R\u00e1dio Life FM\",\"description\":\"O Portal de Not\u00edcias de Adamantina\",\"publisher\":{\"@id\":\"https:\/\/radiolifefm.com.br\/noticias\/#organization\"},\"alternateName\":\"Life FM\",\"potentialAction\":[{\"@type\":\"SearchAction\",\"target\":{\"@type\":\"EntryPoint\",\"urlTemplate\":\"https:\/\/radiolifefm.com.br\/noticias\/?s={search_term_string}\"},\"query-input\":{\"@type\":\"PropertyValueSpecification\",\"valueRequired\":true,\"valueName\":\"search_term_string\"}}],\"inLanguage\":\"pt-BR\"},{\"@type\":\"Organization\",\"@id\":\"https:\/\/radiolifefm.com.br\/noticias\/#organization\",\"name\":\"R\u00e1dio Life FM\",\"alternateName\":\"Life FM\",\"url\":\"https:\/\/radiolifefm.com.br\/noticias\/\",\"logo\":{\"@type\":\"ImageObject\",\"inLanguage\":\"pt-BR\",\"@id\":\"https:\/\/radiolifefm.com.br\/noticias\/#\/schema\/logo\/image\/\",\"url\":\"https:\/\/static.radiolifefm.com.br\/noticias\/wp-content\/uploads\/2019\/10\/logo-lifefm.png\",\"contentUrl\":\"https:\/\/static.radiolifefm.com.br\/noticias\/wp-content\/uploads\/2019\/10\/logo-lifefm.png\",\"width\":196,\"height\":47,\"caption\":\"R\u00e1dio Life FM\"},\"image\":{\"@id\":\"https:\/\/radiolifefm.com.br\/noticias\/#\/schema\/logo\/image\/\"},\"sameAs\":[\"https:\/\/www.facebook.com\/radiolifefm\/\",\"https:\/\/www.instagram.com\/life1079fm\/\"]},{\"@type\":\"Person\",\"@id\":\"https:\/\/radiolifefm.com.br\/noticias\/#\/schema\/person\/6876e1240feffe6e1b63fd5cb85abf28\",\"name\":\"joaograndao\",\"image\":{\"@type\":\"ImageObject\",\"inLanguage\":\"pt-BR\",\"@id\":\"https:\/\/secure.gravatar.com\/avatar\/d5b1a3cf357ed9c50404e256a1294083aa8ab5d2a994001567302786016cb32c?s=96&d=mm&r=g\",\"url\":\"https:\/\/secure.gravatar.com\/avatar\/d5b1a3cf357ed9c50404e256a1294083aa8ab5d2a994001567302786016cb32c?s=96&d=mm&r=g\",\"contentUrl\":\"https:\/\/secure.gravatar.com\/avatar\/d5b1a3cf357ed9c50404e256a1294083aa8ab5d2a994001567302786016cb32c?s=96&d=mm&r=g\",\"caption\":\"joaograndao\"}}]}<\/script>\n<!-- \/ Yoast SEO plugin. -->","yoast_head_json":{"title":"Homem \u00e9 morto com tiro na cabe\u00e7a - R\u00e1dio Life FM","robots":{"index":"index","follow":"follow","max-snippet":"max-snippet:-1","max-image-preview":"max-image-preview:large","max-video-preview":"max-video-preview:-1"},"canonical":"https:\/\/radiolifefm.com.br\/noticias\/homem-e-morto-com-tiro-na-cabeca\/","og_locale":"pt_BR","og_type":"article","og_title":"Homem \u00e9 morto com tiro na cabe\u00e7a - R\u00e1dio Life FM","og_description":"Um homem de 26 anos foi baleado no final da tarde deste s\u00e1bado (7), no Jardim Para\u00edso, em\u00a0Presidente Prudente. Ele chegou a ser levado para o Hospital Regional (HR), mas n\u00e3o resistiu. O agressor fugiu do local. De acordo com as informa\u00e7\u00f5es preliminares repassadas pela Pol\u00edcia Militar, a v\u00edtima foi socorrida com vida pela Unidade [&hellip;]","og_url":"https:\/\/radiolifefm.com.br\/noticias\/homem-e-morto-com-tiro-na-cabeca\/","og_site_name":"R\u00e1dio Life FM","article_publisher":"https:\/\/www.facebook.com\/radiolifefm\/","article_published_time":"2020-11-08T13:31:07+00:00","article_modified_time":"2026-04-12T07:48:05+00:00","og_image":[{"width":700,"height":763,"url":"https:\/\/radiolifefm.com.br\/noticias\/wp-content\/uploads\/2020\/11\/tiro.jpg","type":"image\/jpeg"}],"author":"joaograndao","twitter_card":"summary_large_image","twitter_misc":{"Escrito por":"joaograndao","Est. tempo de leitura":"1 minuto"},"schema":{"@context":"https:\/\/schema.org","@graph":[{"@type":"Article","@id":"https:\/\/radiolifefm.com.br\/noticias\/homem-e-morto-com-tiro-na-cabeca\/#article","isPartOf":{"@id":"https:\/\/radiolifefm.com.br\/noticias\/homem-e-morto-com-tiro-na-cabeca\/"},"author":{"name":"joaograndao","@id":"https:\/\/radiolifefm.com.br\/noticias\/#\/schema\/person\/6876e1240feffe6e1b63fd5cb85abf28"},"headline":"Homem \u00e9 morto com tiro na cabe\u00e7a","datePublished":"2020-11-08T13:31:07+00:00","dateModified":"2026-04-12T07:48:05+00:00","mainEntityOfPage":{"@id":"https:\/\/radiolifefm.com.br\/noticias\/homem-e-morto-com-tiro-na-cabeca\/"},"wordCount":277,"publisher":{"@id":"https:\/\/radiolifefm.com.br\/noticias\/#organization"},"image":{"@id":"https:\/\/radiolifefm.com.br\/noticias\/homem-e-morto-com-tiro-na-cabeca\/#primaryimage"},"thumbnailUrl":"https:\/\/radiolifefm.com.br\/noticias\/wp-content\/uploads\/2020\/11\/tiro.jpg","articleSection":["Regi\u00e3o"],"inLanguage":"pt-BR"},{"@type":"WebPage","@id":"https:\/\/radiolifefm.com.br\/noticias\/homem-e-morto-com-tiro-na-cabeca\/","url":"https:\/\/radiolifefm.com.br\/noticias\/homem-e-morto-com-tiro-na-cabeca\/","name":"Homem \u00e9 morto com tiro na cabe\u00e7a - R\u00e1dio Life FM","isPartOf":{"@id":"https:\/\/radiolifefm.com.br\/noticias\/#website"},"primaryImageOfPage":{"@id":"https:\/\/radiolifefm.com.br\/noticias\/homem-e-morto-com-tiro-na-cabeca\/#primaryimage"},"image":{"@id":"https:\/\/radiolifefm.com.br\/noticias\/homem-e-morto-com-tiro-na-cabeca\/#primaryimage"},"thumbnailUrl":"https:\/\/radiolifefm.com.br\/noticias\/wp-content\/uploads\/2020\/11\/tiro.jpg","datePublished":"2020-11-08T13:31:07+00:00","dateModified":"2026-04-12T07:48:05+00:00","breadcrumb":{"@id":"https:\/\/radiolifefm.com.br\/noticias\/homem-e-morto-com-tiro-na-cabeca\/#breadcrumb"},"inLanguage":"pt-BR","potentialAction":[{"@type":"ReadAction","target":["https:\/\/radiolifefm.com.br\/noticias\/homem-e-morto-com-tiro-na-cabeca\/"]}]},{"@type":"ImageObject","inLanguage":"pt-BR","@id":"https:\/\/radiolifefm.com.br\/noticias\/homem-e-morto-com-tiro-na-cabeca\/#primaryimage","url":"https:\/\/radiolifefm.com.br\/noticias\/wp-content\/uploads\/2020\/11\/tiro.jpg","contentUrl":"https:\/\/radiolifefm.com.br\/noticias\/wp-content\/uploads\/2020\/11\/tiro.jpg","width":700,"height":763},{"@type":"BreadcrumbList","@id":"https:\/\/radiolifefm.com.br\/noticias\/homem-e-morto-com-tiro-na-cabeca\/#breadcrumb","itemListElement":[{"@type":"ListItem","position":1,"name":"In\u00edcio","item":"https:\/\/radiolifefm.com.br\/noticias\/"},{"@type":"ListItem","position":2,"name":"Homem \u00e9 morto com tiro na cabe\u00e7a"}]},{"@type":"WebSite","@id":"https:\/\/radiolifefm.com.br\/noticias\/#website","url":"https:\/\/radiolifefm.com.br\/noticias\/","name":"R\u00e1dio Life FM","description":"O Portal de Not\u00edcias de Adamantina","publisher":{"@id":"https:\/\/radiolifefm.com.br\/noticias\/#organization"},"alternateName":"Life FM","potentialAction":[{"@type":"SearchAction","target":{"@type":"EntryPoint","urlTemplate":"https:\/\/radiolifefm.com.br\/noticias\/?s={search_term_string}"},"query-input":{"@type":"PropertyValueSpecification","valueRequired":true,"valueName":"search_term_string"}}],"inLanguage":"pt-BR"},{"@type":"Organization","@id":"https:\/\/radiolifefm.com.br\/noticias\/#organization","name":"R\u00e1dio Life FM","alternateName":"Life FM","url":"https:\/\/radiolifefm.com.br\/noticias\/","logo":{"@type":"ImageObject","inLanguage":"pt-BR","@id":"https:\/\/radiolifefm.com.br\/noticias\/#\/schema\/logo\/image\/","url":"https:\/\/static.radiolifefm.com.br\/noticias\/wp-content\/uploads\/2019\/10\/logo-lifefm.png","contentUrl":"https:\/\/static.radiolifefm.com.br\/noticias\/wp-content\/uploads\/2019\/10\/logo-lifefm.png","width":196,"height":47,"caption":"R\u00e1dio Life FM"},"image":{"@id":"https:\/\/radiolifefm.com.br\/noticias\/#\/schema\/logo\/image\/"},"sameAs":["https:\/\/www.facebook.com\/radiolifefm\/","https:\/\/www.instagram.com\/life1079fm\/"]},{"@type":"Person","@id":"https:\/\/radiolifefm.com.br\/noticias\/#\/schema\/person\/6876e1240feffe6e1b63fd5cb85abf28","name":"joaograndao","image":{"@type":"ImageObject","inLanguage":"pt-BR","@id":"https:\/\/secure.gravatar.com\/avatar\/d5b1a3cf357ed9c50404e256a1294083aa8ab5d2a994001567302786016cb32c?s=96&d=mm&r=g","url":"https:\/\/secure.gravatar.com\/avatar\/d5b1a3cf357ed9c50404e256a1294083aa8ab5d2a994001567302786016cb32c?s=96&d=mm&r=g","contentUrl":"https:\/\/secure.gravatar.com\/avatar\/d5b1a3cf357ed9c50404e256a1294083aa8ab5d2a994001567302786016cb32c?s=96&d=mm&r=g","caption":"joaograndao"}}]}},"amp_enabled":true,"_links":{"self":[{"href":"https:\/\/radiolifefm.com.br\/noticias\/wp-json\/wp\/v2\/posts\/29437","targetHints":{"allow":["GET"]}}],"collection":[{"href":"https:\/\/radiolifefm.com.br\/noticias\/wp-json\/wp\/v2\/posts"}],"about":[{"href":"https:\/\/radiolifefm.com.br\/noticias\/wp-json\/wp\/v2\/types\/post"}],"author":[{"embeddable":true,"href":"https:\/\/radiolifefm.com.br\/noticias\/wp-json\/wp\/v2\/users\/8"}],"replies":[{"embeddable":true,"href":"https:\/\/radiolifefm.com.br\/noticias\/wp-json\/wp\/v2\/comments?post=29437"}],"version-history":[{"count":1,"href":"https:\/\/radiolifefm.com.br\/noticias\/wp-json\/wp\/v2\/posts\/29437\/revisions"}],"predecessor-version":[{"id":29439,"href":"https:\/\/radiolifefm.com.br\/noticias\/wp-json\/wp\/v2\/posts\/29437\/revisions\/29439"}],"wp:featuredmedia":[{"embeddable":true,"href":"https:\/\/radiolifefm.com.br\/noticias\/wp-json\/wp\/v2\/media\/29438"}],"wp:attachment":[{"href":"https:\/\/radiolifefm.com.br\/noticias\/wp-json\/wp\/v2\/media?parent=29437"}],"wp:term":[{"taxonomy":"category","embeddable":true,"href":"https:\/\/radiolifefm.com.br\/noticias\/wp-json\/wp\/v2\/categories?post=29437"},{"taxonomy":"post_tag","embeddable":true,"href":"https:\/\/radiolifefm.com.br\/noticias\/wp-json\/wp\/v2\/tags?post=29437"}],"curies":[{"name":"wp","href":"https:\/\/api.w.org\/{rel}","templated":true}]}}