{"id":29151,"date":"2020-11-03T22:19:51","date_gmt":"2020-11-04T01:19:51","guid":{"rendered":"https:\/\/radiolifefm.com.br\/noticias\/?p=29151"},"modified":"2026-03-01T12:06:17","modified_gmt":"2026-03-01T15:06:17","slug":"policia-civil-recebe-homenagem-de-criancas-da-escola-champagnat","status":"publish","type":"post","link":"https:\/\/radiolifefm.com.br\/noticias\/policia-civil-recebe-homenagem-de-criancas-da-escola-champagnat\/","title":{"rendered":"Pol\u00edcia Civil recebe homenagem de crian\u00e7as da Escola Champagnat"},"content":{"rendered":"<div id=\"fb-root\"><\/div>\n<div>A professora Maria Helena de Castro Santos e o Agente de Pastoral Charles Aparecido Chagas Bezerra, representando a Escola CHAMPAGNAT \u2013 Grupo Marista foram recepcionados pela Dra. Adriana Pavarina Ribeiro Franco e pelo Dr. Ramon Euclides Guarnieri Pedr\u00e3o, Delegados de Pol\u00edcia da 2\u00aa Dise\/Deic e 1\u00aa DIG\/Deic, respectivamente, nesta manh\u00e3 (03\/11) na sede da Deic em Pres. Prudente.<\/div>\n<div><\/div>\n<div>A visita teve o prop\u00f3sito de entregar aos Policiais Civis cartas manuscritas por alunos da 4\u00aa s\u00e9rie do ensino fundamental daquela institui\u00e7\u00e3o de ensino aos Policiais Civis, cujos conte\u00fados demonstram admira\u00e7\u00e3o, carinho, al\u00e9m de agradecimento pela prote\u00e7\u00e3o e seguran\u00e7a que s\u00e3o concedidas diariamente a toda popula\u00e7\u00e3o, principalmente nesse momento de pandemia, j\u00e1 que a Seguran\u00e7a P\u00fablica est\u00e1 na linha de frente, juntamente com os profissionais da sa\u00fade.<\/div>\n<div><\/div>\n<div>As cartinhas recebidas simbolizam o carinho que as crian\u00e7as nutrem pelos policiais, algumas cartas contem desenho, onde h\u00e1 compara\u00e7\u00e3o entre o policial e o \u201cSuper Homem\u201d.<\/div>\n<div><\/div>\n<div>A Pol\u00edcia Civil agradece por todo carinho demonstrado pelos alunos da escola.<\/div>\n<div>\n<div class='flex flex-wrap items-center -mx-1'>\r\n<a class='thumbnail gallery p-1 w-1\/2 md:w-1\/4' href='https:\/\/radiolifefm.com.br\/noticias\/wp-content\/uploads\/2020\/11\/WhatsApp-Image-2020-11-03-at-16.08.471.jpeg'><img class='border border-white' src='https:\/\/radiolifefm.com.br\/noticias\/wp-content\/uploads\/2020\/11\/WhatsApp-Image-2020-11-03-at-16.08.471-200x200.jpeg' alt='WhatsApp Image 2020 11 03 At 16.08.47(1)' \/><\/a><a class='thumbnail gallery p-1 w-1\/2 md:w-1\/4' href='https:\/\/radiolifefm.com.br\/noticias\/wp-content\/uploads\/2020\/11\/WhatsApp-Image-2020-11-03-at-16.08.47-1.jpeg'><img class='border border-white' src='https:\/\/radiolifefm.com.br\/noticias\/wp-content\/uploads\/2020\/11\/WhatsApp-Image-2020-11-03-at-16.08.47-1-200x200.jpeg' alt='WhatsApp Image 2020 11 03 At 16.08.47' \/><\/a><a class='thumbnail gallery p-1 w-1\/2 md:w-1\/4' href='https:\/\/radiolifefm.com.br\/noticias\/wp-content\/uploads\/2020\/11\/WhatsApp-Image-2020-11-03-at-16.08.481.jpeg'><img class='border border-white' src='https:\/\/radiolifefm.com.br\/noticias\/wp-content\/uploads\/2020\/11\/WhatsApp-Image-2020-11-03-at-16.08.481-200x200.jpeg' alt='WhatsApp Image 2020 11 03 At 16.08.48(1)' \/><\/a><a class='thumbnail gallery p-1 w-1\/2 md:w-1\/4' href='https:\/\/radiolifefm.com.br\/noticias\/wp-content\/uploads\/2020\/11\/WhatsApp-Image-2020-11-03-at-16.08.48.jpeg'><img class='border border-white' src='https:\/\/radiolifefm.com.br\/noticias\/wp-content\/uploads\/2020\/11\/WhatsApp-Image-2020-11-03-at-16.08.48-200x200.jpeg' alt='WhatsApp Image 2020 11 03 At 16.08.48' \/><\/a><a class='thumbnail gallery p-1 w-1\/2 md:w-1\/4' href='https:\/\/radiolifefm.com.br\/noticias\/wp-content\/uploads\/2020\/11\/WhatsApp-Image-2020-11-03-at-16.08.49.jpeg'><img class='border border-white' src='https:\/\/radiolifefm.com.br\/noticias\/wp-content\/uploads\/2020\/11\/WhatsApp-Image-2020-11-03-at-16.08.49-200x200.jpeg' alt='WhatsApp Image 2020 11 03 At 16.08.49' \/><\/a><\/div>\n<\/div>\n<div><b>Maiores informa\u00e7\u00f5es:<\/b><\/div>\n<div><b>Deinter 8 Pres. Prudente<\/b><\/div>\n<p><b>Fone: 18-3901-3450<\/b><\/p>\n","protected":false},"excerpt":{"rendered":"<p>A professora Maria Helena de Castro Santos e o Agente de Pastoral Charles Aparecido Chagas Bezerra, representando a Escola CHAMPAGNAT \u2013 Grupo Marista foram recepcionados pela Dra. Adriana Pavarina Ribeiro Franco e pelo Dr. Ramon Euclides Guarnieri Pedr\u00e3o, Delegados de Pol\u00edcia da 2\u00aa Dise\/Deic e 1\u00aa DIG\/Deic, respectivamente, nesta manh\u00e3 (03\/11) na sede da Deic [&hellip;]<\/p>\n","protected":false},"author":8,"featured_media":29152,"comment_status":"closed","ping_status":"open","sticky":false,"template":"","format":"standard","meta":{"_acf_changed":false,"_exactmetrics_skip_tracking":false,"_exactmetrics_sitenote_active":false,"_exactmetrics_sitenote_note":"","_exactmetrics_sitenote_category":0,"footnotes":""},"categories":[24],"tags":[],"class_list":["post-29151","post","type-post","status-publish","format-standard","has-post-thumbnail","hentry","category-regiao"],"acf":[],"yoast_head":"<!-- This site is optimized with the Yoast SEO plugin v27.2 - https:\/\/yoast.com\/product\/yoast-seo-wordpress\/ -->\n<title>Pol\u00edcia Civil recebe homenagem de crian\u00e7as da Escola Champagnat - R\u00e1dio Life FM<\/title>\n<meta name=\"robots\" content=\"index, follow, max-snippet:-1, max-image-preview:large, max-video-preview:-1\" \/>\n<link rel=\"canonical\" href=\"https:\/\/radiolifefm.com.br\/noticias\/policia-civil-recebe-homenagem-de-criancas-da-escola-champagnat\/\" \/>\n<meta property=\"og:locale\" content=\"pt_BR\" \/>\n<meta property=\"og:type\" content=\"article\" \/>\n<meta property=\"og:title\" content=\"Pol\u00edcia Civil recebe homenagem de crian\u00e7as da Escola Champagnat - R\u00e1dio Life FM\" \/>\n<meta property=\"og:description\" content=\"A professora Maria Helena de Castro Santos e o Agente de Pastoral Charles Aparecido Chagas Bezerra, representando a Escola CHAMPAGNAT \u2013 Grupo Marista foram recepcionados pela Dra. Adriana Pavarina Ribeiro Franco e pelo Dr. Ramon Euclides Guarnieri Pedr\u00e3o, Delegados de Pol\u00edcia da 2\u00aa Dise\/Deic e 1\u00aa DIG\/Deic, respectivamente, nesta manh\u00e3 (03\/11) na sede da Deic [&hellip;]\" \/>\n<meta property=\"og:url\" content=\"https:\/\/radiolifefm.com.br\/noticias\/policia-civil-recebe-homenagem-de-criancas-da-escola-champagnat\/\" \/>\n<meta property=\"og:site_name\" content=\"R\u00e1dio Life FM\" \/>\n<meta property=\"article:publisher\" content=\"https:\/\/www.facebook.com\/radiolifefm\/\" \/>\n<meta property=\"article:published_time\" content=\"2020-11-04T01:19:51+00:00\" \/>\n<meta property=\"article:modified_time\" content=\"2026-03-01T15:06:17+00:00\" \/>\n<meta property=\"og:image\" content=\"https:\/\/radiolifefm.com.br\/noticias\/wp-content\/uploads\/2020\/11\/WhatsApp-Image-2020-11-03-at-16.08.47.jpeg\" \/>\n\t<meta property=\"og:image:width\" content=\"1280\" \/>\n\t<meta property=\"og:image:height\" content=\"720\" \/>\n\t<meta property=\"og:image:type\" content=\"image\/jpeg\" \/>\n<meta name=\"author\" content=\"joaograndao\" \/>\n<meta name=\"twitter:card\" content=\"summary_large_image\" \/>\n<meta name=\"twitter:label1\" content=\"Escrito por\" \/>\n\t<meta name=\"twitter:data1\" content=\"joaograndao\" \/>\n\t<meta name=\"twitter:label2\" content=\"Est. tempo de leitura\" \/>\n\t<meta name=\"twitter:data2\" content=\"1 minuto\" \/>\n<script type=\"application\/ld+json\" class=\"yoast-schema-graph\">{\"@context\":\"https:\/\/schema.org\",\"@graph\":[{\"@type\":\"Article\",\"@id\":\"https:\/\/radiolifefm.com.br\/noticias\/policia-civil-recebe-homenagem-de-criancas-da-escola-champagnat\/#article\",\"isPartOf\":{\"@id\":\"https:\/\/radiolifefm.com.br\/noticias\/policia-civil-recebe-homenagem-de-criancas-da-escola-champagnat\/\"},\"author\":{\"name\":\"joaograndao\",\"@id\":\"https:\/\/radiolifefm.com.br\/noticias\/#\/schema\/person\/6876e1240feffe6e1b63fd5cb85abf28\"},\"headline\":\"Pol\u00edcia Civil recebe homenagem de crian\u00e7as da Escola Champagnat\",\"datePublished\":\"2020-11-04T01:19:51+00:00\",\"dateModified\":\"2026-03-01T15:06:17+00:00\",\"mainEntityOfPage\":{\"@id\":\"https:\/\/radiolifefm.com.br\/noticias\/policia-civil-recebe-homenagem-de-criancas-da-escola-champagnat\/\"},\"wordCount\":202,\"publisher\":{\"@id\":\"https:\/\/radiolifefm.com.br\/noticias\/#organization\"},\"image\":{\"@id\":\"https:\/\/radiolifefm.com.br\/noticias\/policia-civil-recebe-homenagem-de-criancas-da-escola-champagnat\/#primaryimage\"},\"thumbnailUrl\":\"https:\/\/radiolifefm.com.br\/noticias\/wp-content\/uploads\/2020\/11\/WhatsApp-Image-2020-11-03-at-16.08.47.jpeg\",\"articleSection\":[\"Regi\u00e3o\"],\"inLanguage\":\"pt-BR\"},{\"@type\":\"WebPage\",\"@id\":\"https:\/\/radiolifefm.com.br\/noticias\/policia-civil-recebe-homenagem-de-criancas-da-escola-champagnat\/\",\"url\":\"https:\/\/radiolifefm.com.br\/noticias\/policia-civil-recebe-homenagem-de-criancas-da-escola-champagnat\/\",\"name\":\"Pol\u00edcia Civil recebe homenagem de crian\u00e7as da Escola Champagnat - R\u00e1dio Life FM\",\"isPartOf\":{\"@id\":\"https:\/\/radiolifefm.com.br\/noticias\/#website\"},\"primaryImageOfPage\":{\"@id\":\"https:\/\/radiolifefm.com.br\/noticias\/policia-civil-recebe-homenagem-de-criancas-da-escola-champagnat\/#primaryimage\"},\"image\":{\"@id\":\"https:\/\/radiolifefm.com.br\/noticias\/policia-civil-recebe-homenagem-de-criancas-da-escola-champagnat\/#primaryimage\"},\"thumbnailUrl\":\"https:\/\/radiolifefm.com.br\/noticias\/wp-content\/uploads\/2020\/11\/WhatsApp-Image-2020-11-03-at-16.08.47.jpeg\",\"datePublished\":\"2020-11-04T01:19:51+00:00\",\"dateModified\":\"2026-03-01T15:06:17+00:00\",\"breadcrumb\":{\"@id\":\"https:\/\/radiolifefm.com.br\/noticias\/policia-civil-recebe-homenagem-de-criancas-da-escola-champagnat\/#breadcrumb\"},\"inLanguage\":\"pt-BR\",\"potentialAction\":[{\"@type\":\"ReadAction\",\"target\":[\"https:\/\/radiolifefm.com.br\/noticias\/policia-civil-recebe-homenagem-de-criancas-da-escola-champagnat\/\"]}]},{\"@type\":\"ImageObject\",\"inLanguage\":\"pt-BR\",\"@id\":\"https:\/\/radiolifefm.com.br\/noticias\/policia-civil-recebe-homenagem-de-criancas-da-escola-champagnat\/#primaryimage\",\"url\":\"https:\/\/radiolifefm.com.br\/noticias\/wp-content\/uploads\/2020\/11\/WhatsApp-Image-2020-11-03-at-16.08.47.jpeg\",\"contentUrl\":\"https:\/\/radiolifefm.com.br\/noticias\/wp-content\/uploads\/2020\/11\/WhatsApp-Image-2020-11-03-at-16.08.47.jpeg\",\"width\":1280,\"height\":720},{\"@type\":\"BreadcrumbList\",\"@id\":\"https:\/\/radiolifefm.com.br\/noticias\/policia-civil-recebe-homenagem-de-criancas-da-escola-champagnat\/#breadcrumb\",\"itemListElement\":[{\"@type\":\"ListItem\",\"position\":1,\"name\":\"In\u00edcio\",\"item\":\"https:\/\/radiolifefm.com.br\/noticias\/\"},{\"@type\":\"ListItem\",\"position\":2,\"name\":\"Pol\u00edcia Civil recebe homenagem de crian\u00e7as da Escola Champagnat\"}]},{\"@type\":\"WebSite\",\"@id\":\"https:\/\/radiolifefm.com.br\/noticias\/#website\",\"url\":\"https:\/\/radiolifefm.com.br\/noticias\/\",\"name\":\"R\u00e1dio Life FM\",\"description\":\"O Portal de Not\u00edcias de Adamantina\",\"publisher\":{\"@id\":\"https:\/\/radiolifefm.com.br\/noticias\/#organization\"},\"alternateName\":\"Life FM\",\"potentialAction\":[{\"@type\":\"SearchAction\",\"target\":{\"@type\":\"EntryPoint\",\"urlTemplate\":\"https:\/\/radiolifefm.com.br\/noticias\/?s={search_term_string}\"},\"query-input\":{\"@type\":\"PropertyValueSpecification\",\"valueRequired\":true,\"valueName\":\"search_term_string\"}}],\"inLanguage\":\"pt-BR\"},{\"@type\":\"Organization\",\"@id\":\"https:\/\/radiolifefm.com.br\/noticias\/#organization\",\"name\":\"R\u00e1dio Life FM\",\"alternateName\":\"Life FM\",\"url\":\"https:\/\/radiolifefm.com.br\/noticias\/\",\"logo\":{\"@type\":\"ImageObject\",\"inLanguage\":\"pt-BR\",\"@id\":\"https:\/\/radiolifefm.com.br\/noticias\/#\/schema\/logo\/image\/\",\"url\":\"https:\/\/static.radiolifefm.com.br\/noticias\/wp-content\/uploads\/2019\/10\/logo-lifefm.png\",\"contentUrl\":\"https:\/\/static.radiolifefm.com.br\/noticias\/wp-content\/uploads\/2019\/10\/logo-lifefm.png\",\"width\":196,\"height\":47,\"caption\":\"R\u00e1dio Life FM\"},\"image\":{\"@id\":\"https:\/\/radiolifefm.com.br\/noticias\/#\/schema\/logo\/image\/\"},\"sameAs\":[\"https:\/\/www.facebook.com\/radiolifefm\/\",\"https:\/\/www.instagram.com\/life1079fm\/\"]},{\"@type\":\"Person\",\"@id\":\"https:\/\/radiolifefm.com.br\/noticias\/#\/schema\/person\/6876e1240feffe6e1b63fd5cb85abf28\",\"name\":\"joaograndao\",\"image\":{\"@type\":\"ImageObject\",\"inLanguage\":\"pt-BR\",\"@id\":\"https:\/\/secure.gravatar.com\/avatar\/d5b1a3cf357ed9c50404e256a1294083aa8ab5d2a994001567302786016cb32c?s=96&d=mm&r=g\",\"url\":\"https:\/\/secure.gravatar.com\/avatar\/d5b1a3cf357ed9c50404e256a1294083aa8ab5d2a994001567302786016cb32c?s=96&d=mm&r=g\",\"contentUrl\":\"https:\/\/secure.gravatar.com\/avatar\/d5b1a3cf357ed9c50404e256a1294083aa8ab5d2a994001567302786016cb32c?s=96&d=mm&r=g\",\"caption\":\"joaograndao\"}}]}<\/script>\n<!-- \/ Yoast SEO plugin. -->","yoast_head_json":{"title":"Pol\u00edcia Civil recebe homenagem de crian\u00e7as da Escola Champagnat - R\u00e1dio Life FM","robots":{"index":"index","follow":"follow","max-snippet":"max-snippet:-1","max-image-preview":"max-image-preview:large","max-video-preview":"max-video-preview:-1"},"canonical":"https:\/\/radiolifefm.com.br\/noticias\/policia-civil-recebe-homenagem-de-criancas-da-escola-champagnat\/","og_locale":"pt_BR","og_type":"article","og_title":"Pol\u00edcia Civil recebe homenagem de crian\u00e7as da Escola Champagnat - R\u00e1dio Life FM","og_description":"A professora Maria Helena de Castro Santos e o Agente de Pastoral Charles Aparecido Chagas Bezerra, representando a Escola CHAMPAGNAT \u2013 Grupo Marista foram recepcionados pela Dra. Adriana Pavarina Ribeiro Franco e pelo Dr. Ramon Euclides Guarnieri Pedr\u00e3o, Delegados de Pol\u00edcia da 2\u00aa Dise\/Deic e 1\u00aa DIG\/Deic, respectivamente, nesta manh\u00e3 (03\/11) na sede da Deic [&hellip;]","og_url":"https:\/\/radiolifefm.com.br\/noticias\/policia-civil-recebe-homenagem-de-criancas-da-escola-champagnat\/","og_site_name":"R\u00e1dio Life FM","article_publisher":"https:\/\/www.facebook.com\/radiolifefm\/","article_published_time":"2020-11-04T01:19:51+00:00","article_modified_time":"2026-03-01T15:06:17+00:00","og_image":[{"width":1280,"height":720,"url":"https:\/\/radiolifefm.com.br\/noticias\/wp-content\/uploads\/2020\/11\/WhatsApp-Image-2020-11-03-at-16.08.47.jpeg","type":"image\/jpeg"}],"author":"joaograndao","twitter_card":"summary_large_image","twitter_misc":{"Escrito por":"joaograndao","Est. tempo de leitura":"1 minuto"},"schema":{"@context":"https:\/\/schema.org","@graph":[{"@type":"Article","@id":"https:\/\/radiolifefm.com.br\/noticias\/policia-civil-recebe-homenagem-de-criancas-da-escola-champagnat\/#article","isPartOf":{"@id":"https:\/\/radiolifefm.com.br\/noticias\/policia-civil-recebe-homenagem-de-criancas-da-escola-champagnat\/"},"author":{"name":"joaograndao","@id":"https:\/\/radiolifefm.com.br\/noticias\/#\/schema\/person\/6876e1240feffe6e1b63fd5cb85abf28"},"headline":"Pol\u00edcia Civil recebe homenagem de crian\u00e7as da Escola Champagnat","datePublished":"2020-11-04T01:19:51+00:00","dateModified":"2026-03-01T15:06:17+00:00","mainEntityOfPage":{"@id":"https:\/\/radiolifefm.com.br\/noticias\/policia-civil-recebe-homenagem-de-criancas-da-escola-champagnat\/"},"wordCount":202,"publisher":{"@id":"https:\/\/radiolifefm.com.br\/noticias\/#organization"},"image":{"@id":"https:\/\/radiolifefm.com.br\/noticias\/policia-civil-recebe-homenagem-de-criancas-da-escola-champagnat\/#primaryimage"},"thumbnailUrl":"https:\/\/radiolifefm.com.br\/noticias\/wp-content\/uploads\/2020\/11\/WhatsApp-Image-2020-11-03-at-16.08.47.jpeg","articleSection":["Regi\u00e3o"],"inLanguage":"pt-BR"},{"@type":"WebPage","@id":"https:\/\/radiolifefm.com.br\/noticias\/policia-civil-recebe-homenagem-de-criancas-da-escola-champagnat\/","url":"https:\/\/radiolifefm.com.br\/noticias\/policia-civil-recebe-homenagem-de-criancas-da-escola-champagnat\/","name":"Pol\u00edcia Civil recebe homenagem de crian\u00e7as da Escola Champagnat - R\u00e1dio Life FM","isPartOf":{"@id":"https:\/\/radiolifefm.com.br\/noticias\/#website"},"primaryImageOfPage":{"@id":"https:\/\/radiolifefm.com.br\/noticias\/policia-civil-recebe-homenagem-de-criancas-da-escola-champagnat\/#primaryimage"},"image":{"@id":"https:\/\/radiolifefm.com.br\/noticias\/policia-civil-recebe-homenagem-de-criancas-da-escola-champagnat\/#primaryimage"},"thumbnailUrl":"https:\/\/radiolifefm.com.br\/noticias\/wp-content\/uploads\/2020\/11\/WhatsApp-Image-2020-11-03-at-16.08.47.jpeg","datePublished":"2020-11-04T01:19:51+00:00","dateModified":"2026-03-01T15:06:17+00:00","breadcrumb":{"@id":"https:\/\/radiolifefm.com.br\/noticias\/policia-civil-recebe-homenagem-de-criancas-da-escola-champagnat\/#breadcrumb"},"inLanguage":"pt-BR","potentialAction":[{"@type":"ReadAction","target":["https:\/\/radiolifefm.com.br\/noticias\/policia-civil-recebe-homenagem-de-criancas-da-escola-champagnat\/"]}]},{"@type":"ImageObject","inLanguage":"pt-BR","@id":"https:\/\/radiolifefm.com.br\/noticias\/policia-civil-recebe-homenagem-de-criancas-da-escola-champagnat\/#primaryimage","url":"https:\/\/radiolifefm.com.br\/noticias\/wp-content\/uploads\/2020\/11\/WhatsApp-Image-2020-11-03-at-16.08.47.jpeg","contentUrl":"https:\/\/radiolifefm.com.br\/noticias\/wp-content\/uploads\/2020\/11\/WhatsApp-Image-2020-11-03-at-16.08.47.jpeg","width":1280,"height":720},{"@type":"BreadcrumbList","@id":"https:\/\/radiolifefm.com.br\/noticias\/policia-civil-recebe-homenagem-de-criancas-da-escola-champagnat\/#breadcrumb","itemListElement":[{"@type":"ListItem","position":1,"name":"In\u00edcio","item":"https:\/\/radiolifefm.com.br\/noticias\/"},{"@type":"ListItem","position":2,"name":"Pol\u00edcia Civil recebe homenagem de crian\u00e7as da Escola Champagnat"}]},{"@type":"WebSite","@id":"https:\/\/radiolifefm.com.br\/noticias\/#website","url":"https:\/\/radiolifefm.com.br\/noticias\/","name":"R\u00e1dio Life FM","description":"O Portal de Not\u00edcias de Adamantina","publisher":{"@id":"https:\/\/radiolifefm.com.br\/noticias\/#organization"},"alternateName":"Life FM","potentialAction":[{"@type":"SearchAction","target":{"@type":"EntryPoint","urlTemplate":"https:\/\/radiolifefm.com.br\/noticias\/?s={search_term_string}"},"query-input":{"@type":"PropertyValueSpecification","valueRequired":true,"valueName":"search_term_string"}}],"inLanguage":"pt-BR"},{"@type":"Organization","@id":"https:\/\/radiolifefm.com.br\/noticias\/#organization","name":"R\u00e1dio Life FM","alternateName":"Life FM","url":"https:\/\/radiolifefm.com.br\/noticias\/","logo":{"@type":"ImageObject","inLanguage":"pt-BR","@id":"https:\/\/radiolifefm.com.br\/noticias\/#\/schema\/logo\/image\/","url":"https:\/\/static.radiolifefm.com.br\/noticias\/wp-content\/uploads\/2019\/10\/logo-lifefm.png","contentUrl":"https:\/\/static.radiolifefm.com.br\/noticias\/wp-content\/uploads\/2019\/10\/logo-lifefm.png","width":196,"height":47,"caption":"R\u00e1dio Life FM"},"image":{"@id":"https:\/\/radiolifefm.com.br\/noticias\/#\/schema\/logo\/image\/"},"sameAs":["https:\/\/www.facebook.com\/radiolifefm\/","https:\/\/www.instagram.com\/life1079fm\/"]},{"@type":"Person","@id":"https:\/\/radiolifefm.com.br\/noticias\/#\/schema\/person\/6876e1240feffe6e1b63fd5cb85abf28","name":"joaograndao","image":{"@type":"ImageObject","inLanguage":"pt-BR","@id":"https:\/\/secure.gravatar.com\/avatar\/d5b1a3cf357ed9c50404e256a1294083aa8ab5d2a994001567302786016cb32c?s=96&d=mm&r=g","url":"https:\/\/secure.gravatar.com\/avatar\/d5b1a3cf357ed9c50404e256a1294083aa8ab5d2a994001567302786016cb32c?s=96&d=mm&r=g","contentUrl":"https:\/\/secure.gravatar.com\/avatar\/d5b1a3cf357ed9c50404e256a1294083aa8ab5d2a994001567302786016cb32c?s=96&d=mm&r=g","caption":"joaograndao"}}]}},"amp_enabled":true,"_links":{"self":[{"href":"https:\/\/radiolifefm.com.br\/noticias\/wp-json\/wp\/v2\/posts\/29151","targetHints":{"allow":["GET"]}}],"collection":[{"href":"https:\/\/radiolifefm.com.br\/noticias\/wp-json\/wp\/v2\/posts"}],"about":[{"href":"https:\/\/radiolifefm.com.br\/noticias\/wp-json\/wp\/v2\/types\/post"}],"author":[{"embeddable":true,"href":"https:\/\/radiolifefm.com.br\/noticias\/wp-json\/wp\/v2\/users\/8"}],"replies":[{"embeddable":true,"href":"https:\/\/radiolifefm.com.br\/noticias\/wp-json\/wp\/v2\/comments?post=29151"}],"version-history":[{"count":1,"href":"https:\/\/radiolifefm.com.br\/noticias\/wp-json\/wp\/v2\/posts\/29151\/revisions"}],"predecessor-version":[{"id":29158,"href":"https:\/\/radiolifefm.com.br\/noticias\/wp-json\/wp\/v2\/posts\/29151\/revisions\/29158"}],"wp:featuredmedia":[{"embeddable":true,"href":"https:\/\/radiolifefm.com.br\/noticias\/wp-json\/wp\/v2\/media\/29152"}],"wp:attachment":[{"href":"https:\/\/radiolifefm.com.br\/noticias\/wp-json\/wp\/v2\/media?parent=29151"}],"wp:term":[{"taxonomy":"category","embeddable":true,"href":"https:\/\/radiolifefm.com.br\/noticias\/wp-json\/wp\/v2\/categories?post=29151"},{"taxonomy":"post_tag","embeddable":true,"href":"https:\/\/radiolifefm.com.br\/noticias\/wp-json\/wp\/v2\/tags?post=29151"}],"curies":[{"name":"wp","href":"https:\/\/api.w.org\/{rel}","templated":true}]}}