{"id":29091,"date":"2020-11-01T21:31:50","date_gmt":"2020-11-02T00:31:50","guid":{"rendered":"https:\/\/radiolifefm.com.br\/noticias\/?p=29091"},"modified":"2026-04-18T23:52:40","modified_gmt":"2026-04-19T02:52:40","slug":"confusao-familiar-termina-com-um-homem-esfaqueado-nas-costas-em-martinopolis","status":"publish","type":"post","link":"https:\/\/radiolifefm.com.br\/noticias\/confusao-familiar-termina-com-um-homem-esfaqueado-nas-costas-em-martinopolis\/","title":{"rendered":"Confus\u00e3o familiar termina com um homem esfaqueado nas costas em Martin\u00f3polis"},"content":{"rendered":"<div id=\"fb-root\"><\/div>\n<div class=\"mc-column content-text active-extra-styles \" data-block-type=\"unstyled\" data-block-weight=\"19\" data-block-id=\"2\">\n<p class=\"content-text__container \" data-track-category=\"Link no Texto\" data-track-links=\"\">Uma confus\u00e3o familiar terminou com uma pessoa esfaqueada na madrugada deste domingo (1\u00ba), no bairro Pedro Zumira, em\u00a0<a href=\"https:\/\/g1.globo.com\/sp\/presidente-prudente-regiao\/cidade\/martinopolis-sp\/\">Martin\u00f3polis<\/a>.<\/p>\n<\/div>\n<div class=\"wall protected-content\">\n<div class=\"mc-column content-text active-extra-styles \" data-block-type=\"unstyled\" data-block-weight=\"44\" data-block-id=\"3\">\n<p class=\"content-text__container \" data-track-category=\"Link no Texto\" data-track-links=\"\">A Pol\u00edcia Militar informou ao\u00a0<strong>G1\u00a0<\/strong>que no local iniciou-se uma briga de casal. Para tentar defender sua irm\u00e3, um homem foi tirar satisfa\u00e7\u00e3o com seu cunhado. Nesse momento, o suspeito foi at\u00e9 um carro, pegou uma faca e foi para cima do cunhado.<\/p>\n<\/div>\n<div class=\"mc-column content-text active-extra-styles \" data-block-type=\"unstyled\" data-block-weight=\"25\" data-block-id=\"4\">\n<p class=\"content-text__container \" data-track-category=\"Link no Texto\" data-track-links=\"\">Para tentar evitar a agress\u00e3o entre cunhados, um terceiro indiv\u00edduo, um homem de 51 anos, interveio e acabou sendo atingido com uma facada nas costas.<\/p>\n<\/div>\n<div class=\"mc-column content-text active-extra-styles \" data-block-type=\"unstyled\" data-block-weight=\"22\" data-block-id=\"5\">\n<p class=\"content-text__container \" data-track-category=\"Link no Texto\" data-track-links=\"\">Ele foi socorrido pelo Corpo de Bombeiros e encaminhado para a Santa Casa da cidade. A v\u00edtima foi medicada e depois liberada.<\/p>\n<\/div>\n<div class=\"mc-column content-text active-extra-styles \" data-block-type=\"unstyled\" data-block-weight=\"28\" data-block-id=\"6\">\n<p class=\"content-text__container \" data-track-category=\"Link no Texto\" data-track-links=\"\">Todas as partes envolvidas foram conduzidas pela Pol\u00edcia Militar para a Delegacia da Pol\u00edcia Civil. Ap\u00f3s o registro da ocorr\u00eancia, todos os envolvidos foram liberados, segundo a PM.<\/p>\n<\/div>\n<div class=\"mc-column content-text active-extra-styles \" data-block-type=\"unstyled\" data-block-weight=\"8\" data-block-id=\"7\">\n<p class=\"content-text__container \" data-track-category=\"Link no Texto\" data-track-links=\"\">O caso foi registrado como les\u00e3o corporal dolosa.<\/p>\n<\/div>\n<\/div>\n","protected":false},"excerpt":{"rendered":"<p>Uma confus\u00e3o familiar terminou com uma pessoa esfaqueada na madrugada deste domingo (1\u00ba), no bairro Pedro Zumira, em\u00a0Martin\u00f3polis. A Pol\u00edcia Militar informou ao\u00a0G1\u00a0que no local iniciou-se uma briga de casal. Para tentar defender sua irm\u00e3, um homem foi tirar satisfa\u00e7\u00e3o com seu cunhado. Nesse momento, o suspeito foi at\u00e9 um carro, pegou uma faca e [&hellip;]<\/p>\n","protected":false},"author":8,"featured_media":29092,"comment_status":"closed","ping_status":"open","sticky":false,"template":"","format":"standard","meta":{"_acf_changed":false,"_exactmetrics_skip_tracking":false,"_exactmetrics_sitenote_active":false,"_exactmetrics_sitenote_note":"","_exactmetrics_sitenote_category":0,"footnotes":""},"categories":[24],"tags":[],"class_list":["post-29091","post","type-post","status-publish","format-standard","has-post-thumbnail","hentry","category-regiao"],"acf":[],"yoast_head":"<!-- This site is optimized with the Yoast SEO plugin v27.2 - https:\/\/yoast.com\/product\/yoast-seo-wordpress\/ -->\n<title>Confus\u00e3o familiar termina com um homem esfaqueado nas costas em Martin\u00f3polis - R\u00e1dio Life FM<\/title>\n<meta name=\"robots\" content=\"index, follow, max-snippet:-1, max-image-preview:large, max-video-preview:-1\" \/>\n<link rel=\"canonical\" href=\"https:\/\/radiolifefm.com.br\/noticias\/confusao-familiar-termina-com-um-homem-esfaqueado-nas-costas-em-martinopolis\/\" \/>\n<meta property=\"og:locale\" content=\"pt_BR\" \/>\n<meta property=\"og:type\" content=\"article\" \/>\n<meta property=\"og:title\" content=\"Confus\u00e3o familiar termina com um homem esfaqueado nas costas em Martin\u00f3polis - R\u00e1dio Life FM\" \/>\n<meta property=\"og:description\" content=\"Uma confus\u00e3o familiar terminou com uma pessoa esfaqueada na madrugada deste domingo (1\u00ba), no bairro Pedro Zumira, em\u00a0Martin\u00f3polis. A Pol\u00edcia Militar informou ao\u00a0G1\u00a0que no local iniciou-se uma briga de casal. Para tentar defender sua irm\u00e3, um homem foi tirar satisfa\u00e7\u00e3o com seu cunhado. Nesse momento, o suspeito foi at\u00e9 um carro, pegou uma faca e [&hellip;]\" \/>\n<meta property=\"og:url\" content=\"https:\/\/radiolifefm.com.br\/noticias\/confusao-familiar-termina-com-um-homem-esfaqueado-nas-costas-em-martinopolis\/\" \/>\n<meta property=\"og:site_name\" content=\"R\u00e1dio Life FM\" \/>\n<meta property=\"article:publisher\" content=\"https:\/\/www.facebook.com\/radiolifefm\/\" \/>\n<meta property=\"article:published_time\" content=\"2020-11-02T00:31:50+00:00\" \/>\n<meta property=\"article:modified_time\" content=\"2026-04-19T02:52:40+00:00\" \/>\n<meta property=\"og:image\" content=\"https:\/\/radiolifefm.com.br\/noticias\/wp-content\/uploads\/2020\/11\/whatsapp-image-2020-11-01-at-12.25.38.jpeg\" \/>\n\t<meta property=\"og:image:width\" content=\"984\" \/>\n\t<meta property=\"og:image:height\" content=\"1150\" \/>\n\t<meta property=\"og:image:type\" content=\"image\/jpeg\" \/>\n<meta name=\"author\" content=\"joaograndao\" \/>\n<meta name=\"twitter:card\" content=\"summary_large_image\" \/>\n<meta name=\"twitter:label1\" content=\"Escrito por\" \/>\n\t<meta name=\"twitter:data1\" content=\"joaograndao\" \/>\n\t<meta name=\"twitter:label2\" content=\"Est. tempo de leitura\" \/>\n\t<meta name=\"twitter:data2\" content=\"1 minuto\" \/>\n<script type=\"application\/ld+json\" class=\"yoast-schema-graph\">{\"@context\":\"https:\/\/schema.org\",\"@graph\":[{\"@type\":\"Article\",\"@id\":\"https:\/\/radiolifefm.com.br\/noticias\/confusao-familiar-termina-com-um-homem-esfaqueado-nas-costas-em-martinopolis\/#article\",\"isPartOf\":{\"@id\":\"https:\/\/radiolifefm.com.br\/noticias\/confusao-familiar-termina-com-um-homem-esfaqueado-nas-costas-em-martinopolis\/\"},\"author\":{\"name\":\"joaograndao\",\"@id\":\"https:\/\/radiolifefm.com.br\/noticias\/#\/schema\/person\/6876e1240feffe6e1b63fd5cb85abf28\"},\"headline\":\"Confus\u00e3o familiar termina com um homem esfaqueado nas costas em Martin\u00f3polis\",\"datePublished\":\"2020-11-02T00:31:50+00:00\",\"dateModified\":\"2026-04-19T02:52:40+00:00\",\"mainEntityOfPage\":{\"@id\":\"https:\/\/radiolifefm.com.br\/noticias\/confusao-familiar-termina-com-um-homem-esfaqueado-nas-costas-em-martinopolis\/\"},\"wordCount\":169,\"publisher\":{\"@id\":\"https:\/\/radiolifefm.com.br\/noticias\/#organization\"},\"image\":{\"@id\":\"https:\/\/radiolifefm.com.br\/noticias\/confusao-familiar-termina-com-um-homem-esfaqueado-nas-costas-em-martinopolis\/#primaryimage\"},\"thumbnailUrl\":\"https:\/\/radiolifefm.com.br\/noticias\/wp-content\/uploads\/2020\/11\/whatsapp-image-2020-11-01-at-12.25.38.jpeg\",\"articleSection\":[\"Regi\u00e3o\"],\"inLanguage\":\"pt-BR\"},{\"@type\":\"WebPage\",\"@id\":\"https:\/\/radiolifefm.com.br\/noticias\/confusao-familiar-termina-com-um-homem-esfaqueado-nas-costas-em-martinopolis\/\",\"url\":\"https:\/\/radiolifefm.com.br\/noticias\/confusao-familiar-termina-com-um-homem-esfaqueado-nas-costas-em-martinopolis\/\",\"name\":\"Confus\u00e3o familiar termina com um homem esfaqueado nas costas em Martin\u00f3polis - R\u00e1dio Life FM\",\"isPartOf\":{\"@id\":\"https:\/\/radiolifefm.com.br\/noticias\/#website\"},\"primaryImageOfPage\":{\"@id\":\"https:\/\/radiolifefm.com.br\/noticias\/confusao-familiar-termina-com-um-homem-esfaqueado-nas-costas-em-martinopolis\/#primaryimage\"},\"image\":{\"@id\":\"https:\/\/radiolifefm.com.br\/noticias\/confusao-familiar-termina-com-um-homem-esfaqueado-nas-costas-em-martinopolis\/#primaryimage\"},\"thumbnailUrl\":\"https:\/\/radiolifefm.com.br\/noticias\/wp-content\/uploads\/2020\/11\/whatsapp-image-2020-11-01-at-12.25.38.jpeg\",\"datePublished\":\"2020-11-02T00:31:50+00:00\",\"dateModified\":\"2026-04-19T02:52:40+00:00\",\"breadcrumb\":{\"@id\":\"https:\/\/radiolifefm.com.br\/noticias\/confusao-familiar-termina-com-um-homem-esfaqueado-nas-costas-em-martinopolis\/#breadcrumb\"},\"inLanguage\":\"pt-BR\",\"potentialAction\":[{\"@type\":\"ReadAction\",\"target\":[\"https:\/\/radiolifefm.com.br\/noticias\/confusao-familiar-termina-com-um-homem-esfaqueado-nas-costas-em-martinopolis\/\"]}]},{\"@type\":\"ImageObject\",\"inLanguage\":\"pt-BR\",\"@id\":\"https:\/\/radiolifefm.com.br\/noticias\/confusao-familiar-termina-com-um-homem-esfaqueado-nas-costas-em-martinopolis\/#primaryimage\",\"url\":\"https:\/\/radiolifefm.com.br\/noticias\/wp-content\/uploads\/2020\/11\/whatsapp-image-2020-11-01-at-12.25.38.jpeg\",\"contentUrl\":\"https:\/\/radiolifefm.com.br\/noticias\/wp-content\/uploads\/2020\/11\/whatsapp-image-2020-11-01-at-12.25.38.jpeg\",\"width\":984,\"height\":1150,\"caption\":\"V\u00edtima, de 51 anos, tentou evitar uma agress\u00e3o entre cunhados quando foi atingida. Caso foi registrado como les\u00e3o corporal dolosa.\"},{\"@type\":\"BreadcrumbList\",\"@id\":\"https:\/\/radiolifefm.com.br\/noticias\/confusao-familiar-termina-com-um-homem-esfaqueado-nas-costas-em-martinopolis\/#breadcrumb\",\"itemListElement\":[{\"@type\":\"ListItem\",\"position\":1,\"name\":\"In\u00edcio\",\"item\":\"https:\/\/radiolifefm.com.br\/noticias\/\"},{\"@type\":\"ListItem\",\"position\":2,\"name\":\"Confus\u00e3o familiar termina com um homem esfaqueado nas costas em Martin\u00f3polis\"}]},{\"@type\":\"WebSite\",\"@id\":\"https:\/\/radiolifefm.com.br\/noticias\/#website\",\"url\":\"https:\/\/radiolifefm.com.br\/noticias\/\",\"name\":\"R\u00e1dio Life FM\",\"description\":\"O Portal de Not\u00edcias de Adamantina\",\"publisher\":{\"@id\":\"https:\/\/radiolifefm.com.br\/noticias\/#organization\"},\"alternateName\":\"Life FM\",\"potentialAction\":[{\"@type\":\"SearchAction\",\"target\":{\"@type\":\"EntryPoint\",\"urlTemplate\":\"https:\/\/radiolifefm.com.br\/noticias\/?s={search_term_string}\"},\"query-input\":{\"@type\":\"PropertyValueSpecification\",\"valueRequired\":true,\"valueName\":\"search_term_string\"}}],\"inLanguage\":\"pt-BR\"},{\"@type\":\"Organization\",\"@id\":\"https:\/\/radiolifefm.com.br\/noticias\/#organization\",\"name\":\"R\u00e1dio Life FM\",\"alternateName\":\"Life FM\",\"url\":\"https:\/\/radiolifefm.com.br\/noticias\/\",\"logo\":{\"@type\":\"ImageObject\",\"inLanguage\":\"pt-BR\",\"@id\":\"https:\/\/radiolifefm.com.br\/noticias\/#\/schema\/logo\/image\/\",\"url\":\"https:\/\/static.radiolifefm.com.br\/noticias\/wp-content\/uploads\/2019\/10\/logo-lifefm.png\",\"contentUrl\":\"https:\/\/static.radiolifefm.com.br\/noticias\/wp-content\/uploads\/2019\/10\/logo-lifefm.png\",\"width\":196,\"height\":47,\"caption\":\"R\u00e1dio Life FM\"},\"image\":{\"@id\":\"https:\/\/radiolifefm.com.br\/noticias\/#\/schema\/logo\/image\/\"},\"sameAs\":[\"https:\/\/www.facebook.com\/radiolifefm\/\",\"https:\/\/www.instagram.com\/life1079fm\/\"]},{\"@type\":\"Person\",\"@id\":\"https:\/\/radiolifefm.com.br\/noticias\/#\/schema\/person\/6876e1240feffe6e1b63fd5cb85abf28\",\"name\":\"joaograndao\",\"image\":{\"@type\":\"ImageObject\",\"inLanguage\":\"pt-BR\",\"@id\":\"https:\/\/secure.gravatar.com\/avatar\/d5b1a3cf357ed9c50404e256a1294083aa8ab5d2a994001567302786016cb32c?s=96&d=mm&r=g\",\"url\":\"https:\/\/secure.gravatar.com\/avatar\/d5b1a3cf357ed9c50404e256a1294083aa8ab5d2a994001567302786016cb32c?s=96&d=mm&r=g\",\"contentUrl\":\"https:\/\/secure.gravatar.com\/avatar\/d5b1a3cf357ed9c50404e256a1294083aa8ab5d2a994001567302786016cb32c?s=96&d=mm&r=g\",\"caption\":\"joaograndao\"}}]}<\/script>\n<!-- \/ Yoast SEO plugin. -->","yoast_head_json":{"title":"Confus\u00e3o familiar termina com um homem esfaqueado nas costas em Martin\u00f3polis - R\u00e1dio Life FM","robots":{"index":"index","follow":"follow","max-snippet":"max-snippet:-1","max-image-preview":"max-image-preview:large","max-video-preview":"max-video-preview:-1"},"canonical":"https:\/\/radiolifefm.com.br\/noticias\/confusao-familiar-termina-com-um-homem-esfaqueado-nas-costas-em-martinopolis\/","og_locale":"pt_BR","og_type":"article","og_title":"Confus\u00e3o familiar termina com um homem esfaqueado nas costas em Martin\u00f3polis - R\u00e1dio Life FM","og_description":"Uma confus\u00e3o familiar terminou com uma pessoa esfaqueada na madrugada deste domingo (1\u00ba), no bairro Pedro Zumira, em\u00a0Martin\u00f3polis. A Pol\u00edcia Militar informou ao\u00a0G1\u00a0que no local iniciou-se uma briga de casal. Para tentar defender sua irm\u00e3, um homem foi tirar satisfa\u00e7\u00e3o com seu cunhado. Nesse momento, o suspeito foi at\u00e9 um carro, pegou uma faca e [&hellip;]","og_url":"https:\/\/radiolifefm.com.br\/noticias\/confusao-familiar-termina-com-um-homem-esfaqueado-nas-costas-em-martinopolis\/","og_site_name":"R\u00e1dio Life FM","article_publisher":"https:\/\/www.facebook.com\/radiolifefm\/","article_published_time":"2020-11-02T00:31:50+00:00","article_modified_time":"2026-04-19T02:52:40+00:00","og_image":[{"width":984,"height":1150,"url":"https:\/\/radiolifefm.com.br\/noticias\/wp-content\/uploads\/2020\/11\/whatsapp-image-2020-11-01-at-12.25.38.jpeg","type":"image\/jpeg"}],"author":"joaograndao","twitter_card":"summary_large_image","twitter_misc":{"Escrito por":"joaograndao","Est. tempo de leitura":"1 minuto"},"schema":{"@context":"https:\/\/schema.org","@graph":[{"@type":"Article","@id":"https:\/\/radiolifefm.com.br\/noticias\/confusao-familiar-termina-com-um-homem-esfaqueado-nas-costas-em-martinopolis\/#article","isPartOf":{"@id":"https:\/\/radiolifefm.com.br\/noticias\/confusao-familiar-termina-com-um-homem-esfaqueado-nas-costas-em-martinopolis\/"},"author":{"name":"joaograndao","@id":"https:\/\/radiolifefm.com.br\/noticias\/#\/schema\/person\/6876e1240feffe6e1b63fd5cb85abf28"},"headline":"Confus\u00e3o familiar termina com um homem esfaqueado nas costas em Martin\u00f3polis","datePublished":"2020-11-02T00:31:50+00:00","dateModified":"2026-04-19T02:52:40+00:00","mainEntityOfPage":{"@id":"https:\/\/radiolifefm.com.br\/noticias\/confusao-familiar-termina-com-um-homem-esfaqueado-nas-costas-em-martinopolis\/"},"wordCount":169,"publisher":{"@id":"https:\/\/radiolifefm.com.br\/noticias\/#organization"},"image":{"@id":"https:\/\/radiolifefm.com.br\/noticias\/confusao-familiar-termina-com-um-homem-esfaqueado-nas-costas-em-martinopolis\/#primaryimage"},"thumbnailUrl":"https:\/\/radiolifefm.com.br\/noticias\/wp-content\/uploads\/2020\/11\/whatsapp-image-2020-11-01-at-12.25.38.jpeg","articleSection":["Regi\u00e3o"],"inLanguage":"pt-BR"},{"@type":"WebPage","@id":"https:\/\/radiolifefm.com.br\/noticias\/confusao-familiar-termina-com-um-homem-esfaqueado-nas-costas-em-martinopolis\/","url":"https:\/\/radiolifefm.com.br\/noticias\/confusao-familiar-termina-com-um-homem-esfaqueado-nas-costas-em-martinopolis\/","name":"Confus\u00e3o familiar termina com um homem esfaqueado nas costas em Martin\u00f3polis - R\u00e1dio Life FM","isPartOf":{"@id":"https:\/\/radiolifefm.com.br\/noticias\/#website"},"primaryImageOfPage":{"@id":"https:\/\/radiolifefm.com.br\/noticias\/confusao-familiar-termina-com-um-homem-esfaqueado-nas-costas-em-martinopolis\/#primaryimage"},"image":{"@id":"https:\/\/radiolifefm.com.br\/noticias\/confusao-familiar-termina-com-um-homem-esfaqueado-nas-costas-em-martinopolis\/#primaryimage"},"thumbnailUrl":"https:\/\/radiolifefm.com.br\/noticias\/wp-content\/uploads\/2020\/11\/whatsapp-image-2020-11-01-at-12.25.38.jpeg","datePublished":"2020-11-02T00:31:50+00:00","dateModified":"2026-04-19T02:52:40+00:00","breadcrumb":{"@id":"https:\/\/radiolifefm.com.br\/noticias\/confusao-familiar-termina-com-um-homem-esfaqueado-nas-costas-em-martinopolis\/#breadcrumb"},"inLanguage":"pt-BR","potentialAction":[{"@type":"ReadAction","target":["https:\/\/radiolifefm.com.br\/noticias\/confusao-familiar-termina-com-um-homem-esfaqueado-nas-costas-em-martinopolis\/"]}]},{"@type":"ImageObject","inLanguage":"pt-BR","@id":"https:\/\/radiolifefm.com.br\/noticias\/confusao-familiar-termina-com-um-homem-esfaqueado-nas-costas-em-martinopolis\/#primaryimage","url":"https:\/\/radiolifefm.com.br\/noticias\/wp-content\/uploads\/2020\/11\/whatsapp-image-2020-11-01-at-12.25.38.jpeg","contentUrl":"https:\/\/radiolifefm.com.br\/noticias\/wp-content\/uploads\/2020\/11\/whatsapp-image-2020-11-01-at-12.25.38.jpeg","width":984,"height":1150,"caption":"V\u00edtima, de 51 anos, tentou evitar uma agress\u00e3o entre cunhados quando foi atingida. Caso foi registrado como les\u00e3o corporal dolosa."},{"@type":"BreadcrumbList","@id":"https:\/\/radiolifefm.com.br\/noticias\/confusao-familiar-termina-com-um-homem-esfaqueado-nas-costas-em-martinopolis\/#breadcrumb","itemListElement":[{"@type":"ListItem","position":1,"name":"In\u00edcio","item":"https:\/\/radiolifefm.com.br\/noticias\/"},{"@type":"ListItem","position":2,"name":"Confus\u00e3o familiar termina com um homem esfaqueado nas costas em Martin\u00f3polis"}]},{"@type":"WebSite","@id":"https:\/\/radiolifefm.com.br\/noticias\/#website","url":"https:\/\/radiolifefm.com.br\/noticias\/","name":"R\u00e1dio Life FM","description":"O Portal de Not\u00edcias de Adamantina","publisher":{"@id":"https:\/\/radiolifefm.com.br\/noticias\/#organization"},"alternateName":"Life FM","potentialAction":[{"@type":"SearchAction","target":{"@type":"EntryPoint","urlTemplate":"https:\/\/radiolifefm.com.br\/noticias\/?s={search_term_string}"},"query-input":{"@type":"PropertyValueSpecification","valueRequired":true,"valueName":"search_term_string"}}],"inLanguage":"pt-BR"},{"@type":"Organization","@id":"https:\/\/radiolifefm.com.br\/noticias\/#organization","name":"R\u00e1dio Life FM","alternateName":"Life FM","url":"https:\/\/radiolifefm.com.br\/noticias\/","logo":{"@type":"ImageObject","inLanguage":"pt-BR","@id":"https:\/\/radiolifefm.com.br\/noticias\/#\/schema\/logo\/image\/","url":"https:\/\/static.radiolifefm.com.br\/noticias\/wp-content\/uploads\/2019\/10\/logo-lifefm.png","contentUrl":"https:\/\/static.radiolifefm.com.br\/noticias\/wp-content\/uploads\/2019\/10\/logo-lifefm.png","width":196,"height":47,"caption":"R\u00e1dio Life FM"},"image":{"@id":"https:\/\/radiolifefm.com.br\/noticias\/#\/schema\/logo\/image\/"},"sameAs":["https:\/\/www.facebook.com\/radiolifefm\/","https:\/\/www.instagram.com\/life1079fm\/"]},{"@type":"Person","@id":"https:\/\/radiolifefm.com.br\/noticias\/#\/schema\/person\/6876e1240feffe6e1b63fd5cb85abf28","name":"joaograndao","image":{"@type":"ImageObject","inLanguage":"pt-BR","@id":"https:\/\/secure.gravatar.com\/avatar\/d5b1a3cf357ed9c50404e256a1294083aa8ab5d2a994001567302786016cb32c?s=96&d=mm&r=g","url":"https:\/\/secure.gravatar.com\/avatar\/d5b1a3cf357ed9c50404e256a1294083aa8ab5d2a994001567302786016cb32c?s=96&d=mm&r=g","contentUrl":"https:\/\/secure.gravatar.com\/avatar\/d5b1a3cf357ed9c50404e256a1294083aa8ab5d2a994001567302786016cb32c?s=96&d=mm&r=g","caption":"joaograndao"}}]}},"amp_enabled":true,"_links":{"self":[{"href":"https:\/\/radiolifefm.com.br\/noticias\/wp-json\/wp\/v2\/posts\/29091","targetHints":{"allow":["GET"]}}],"collection":[{"href":"https:\/\/radiolifefm.com.br\/noticias\/wp-json\/wp\/v2\/posts"}],"about":[{"href":"https:\/\/radiolifefm.com.br\/noticias\/wp-json\/wp\/v2\/types\/post"}],"author":[{"embeddable":true,"href":"https:\/\/radiolifefm.com.br\/noticias\/wp-json\/wp\/v2\/users\/8"}],"replies":[{"embeddable":true,"href":"https:\/\/radiolifefm.com.br\/noticias\/wp-json\/wp\/v2\/comments?post=29091"}],"version-history":[{"count":1,"href":"https:\/\/radiolifefm.com.br\/noticias\/wp-json\/wp\/v2\/posts\/29091\/revisions"}],"predecessor-version":[{"id":29093,"href":"https:\/\/radiolifefm.com.br\/noticias\/wp-json\/wp\/v2\/posts\/29091\/revisions\/29093"}],"wp:featuredmedia":[{"embeddable":true,"href":"https:\/\/radiolifefm.com.br\/noticias\/wp-json\/wp\/v2\/media\/29092"}],"wp:attachment":[{"href":"https:\/\/radiolifefm.com.br\/noticias\/wp-json\/wp\/v2\/media?parent=29091"}],"wp:term":[{"taxonomy":"category","embeddable":true,"href":"https:\/\/radiolifefm.com.br\/noticias\/wp-json\/wp\/v2\/categories?post=29091"},{"taxonomy":"post_tag","embeddable":true,"href":"https:\/\/radiolifefm.com.br\/noticias\/wp-json\/wp\/v2\/tags?post=29091"}],"curies":[{"name":"wp","href":"https:\/\/api.w.org\/{rel}","templated":true}]}}