{"id":29053,"date":"2020-10-30T17:05:23","date_gmt":"2020-10-30T20:05:23","guid":{"rendered":"https:\/\/radiolifefm.com.br\/noticias\/?p=29053"},"modified":"2026-04-27T13:02:29","modified_gmt":"2026-04-27T16:02:29","slug":"fundacao-casa-retoma-visitas-presenciais-de-familiares-a-adolescentes-em-internacao","status":"publish","type":"post","link":"https:\/\/radiolifefm.com.br\/noticias\/fundacao-casa-retoma-visitas-presenciais-de-familiares-a-adolescentes-em-internacao\/","title":{"rendered":"Funda\u00e7\u00e3o Casa retoma visitas presenciais de familiares a adolescentes em interna\u00e7\u00e3o"},"content":{"rendered":"<div id=\"fb-root\"><\/div>\n<div class=\"mc-column content-text active-extra-styles \" data-block-type=\"unstyled\" data-block-weight=\"44\" data-block-id=\"2\">\n<p class=\"content-text__container \" data-track-category=\"Link no Texto\" data-track-links=\"\">A partir da pr\u00f3xima semana, a Funda\u00e7\u00e3o Casa ir\u00e1 retomar as visitas presenciais dos familiares para os adolescentes em interna\u00e7\u00e3o em todos os centros socioeducativos da institui\u00e7\u00e3o no Estado de S\u00e3o Paulo. Na regi\u00e3o de\u00a0<a href=\"https:\/\/g1.globo.com\/sp\/presidente-prudente-regiao\/cidade\/presidente-prudente\/\">Presidente Prudente<\/a>, existem unidades em\u00a0<a href=\"https:\/\/g1.globo.com\/sp\/presidente-prudente-regiao\/cidade\/irapuru\/\">Irapuru<\/a>\u00a0e\u00a0<a href=\"https:\/\/g1.globo.com\/sp\/presidente-prudente-regiao\/cidade\/presidente-bernardes-sp\/\">Presidente Bernardes<\/a>.<\/p>\n<\/div>\n<div class=\"wall protected-content\">\n<div class=\"mc-column content-text active-extra-styles \" data-block-type=\"unstyled\" data-block-weight=\"29\" data-block-id=\"3\">\n<p class=\"content-text__container \" data-track-category=\"Link no Texto\" data-track-links=\"\">De acordo com dados atualizados nesta quinta-feira (29), a unidade de Presidente Bernardes contava com 43 adolescentes e as duas unidades de Irapuru tinham 50 e 41 internos cada.<\/p>\n<\/div>\n<div class=\"mc-column content-text active-extra-styles \" data-block-type=\"unstyled\" data-block-weight=\"23\" data-block-id=\"4\">\n<p class=\"content-text__container \" data-track-category=\"Link no Texto\" data-track-links=\"\">Nos locais, os servidores orientar\u00e3o as fam\u00edlias sobre todas as medidas de seguran\u00e7a e higiene necess\u00e1rias para evitar a propaga\u00e7\u00e3o da Covid-19.<\/p>\n<\/div>\n<div class=\"mc-column content-text active-extra-styles \" data-block-type=\"unstyled\" data-block-weight=\"13\" data-block-id=\"5\">\n<p class=\"content-text__container \" data-track-category=\"Link no Texto\" data-track-links=\"\">As visitas estavam suspensas desde mar\u00e7o, por causa da pandemia do novo coronav\u00edrus.<\/p>\n<\/div>\n<div class=\"mc-column content-text active-extra-styles \" data-block-type=\"unstyled\" data-block-weight=\"28\" data-block-id=\"6\">\n<p class=\"content-text__container \" data-track-category=\"Link no Texto\" data-track-links=\"\">Segundo a Funda\u00e7\u00e3o Casa, cada jovem receber\u00e1 a visita quinzenal de um membro da fam\u00edlia, previamente autorizado pela equipe de refer\u00eancia do adolescente no centro socioeducativo.<\/p>\n<\/div>\n<div class=\"mc-column content-text active-extra-styles \" data-block-type=\"unstyled\" data-block-weight=\"56\" data-block-id=\"7\">\n<p class=\"content-text__container \" data-track-category=\"Link no Texto\" data-track-links=\"\">Para ingressar no local, o visitante ter\u00e1 a temperatura aferida; responder\u00e1 a um question\u00e1rio sobre o seu estado de sa\u00fade; preencher\u00e1 uma declara\u00e7\u00e3o de que n\u00e3o pertence ao grupo de risco da doen\u00e7a; dever\u00e1 utilizar m\u00e1scara; e, ainda, ter\u00e1 de tomar os cuidados de higiene, como lavar as m\u00e3os e utilizar \u00e1lcool em gel.<\/p>\n<\/div>\n<p data-track-category=\"Link no Texto\" data-track-links=\"\"><img decoding=\"async\" src=\"https:\/\/s2.glbimg.com\/sE6VnBc8-GKcPzRn4MHXyK6psHo=\/0x0:620x465\/984x0\/smart\/filters:strip_icc()\/s.glbimg.com\/jo\/g1\/f\/original\/2016\/05\/07\/fundacao-bernardes-1.jpg\" alt=\"Unidade da Funda\u00e7\u00e3o Casa em Presidente Bernardes  \u2014 Foto: Reprodu\u00e7\u00e3o\/TV Fronteira\" \/><\/p>\n<div class=\"mc-column content-text active-extra-styles \" data-block-type=\"unstyled\" data-block-weight=\"34\" data-block-id=\"10\">\n<p class=\"content-text__container \" data-track-category=\"Link no Texto\" data-track-links=\"\">A institui\u00e7\u00e3o esclareceu que familiar com temperatura corporal acima de 37,2\u00baC ou que teve contato com pessoa com suspeita ou diagnosticada com Covid-19 h\u00e1 menos de 14 dias n\u00e3o poder\u00e1 realizar a visita.<\/p>\n<\/div>\n<div class=\"mc-column content-text active-extra-styles \" data-block-type=\"unstyled\" data-block-weight=\"48\" data-block-id=\"11\">\n<p class=\"content-text__container \" data-track-category=\"Link no Texto\" data-track-links=\"\">\u201cAs visitas presencias s\u00f3 foram suspensas devido \u00e0 gravidade da pandemia da Covid-19, mas o contato entre adolescente e familiar continuou garantido por meio de videochamada, telefonema, correspond\u00eancia manuscrita e\u00a0<em>e-mails<\/em>\u201d, explica o secret\u00e1rio estadual da Justi\u00e7a e Cidadania e presidente da Funda\u00e7\u00e3o Casa, Fernando Jos\u00e9 da Costa.<\/p>\n<\/div>\n<div class=\"mc-column content-text active-extra-styles \" data-block-type=\"unstyled\" data-block-weight=\"18\" data-block-id=\"12\">\n<p class=\"content-text__container \" data-track-category=\"Link no Texto\" data-track-links=\"\">Mesmo com a retomada das visitas presenciais, os adolescentes ainda ter\u00e3o contatos via\u00a0<em>online\u00a0<\/em>com seus familiares.<\/p>\n<\/div>\n<div class=\"mc-column content-text active-extra-styles \" data-block-type=\"unstyled\" data-block-weight=\"28\" data-block-id=\"13\">\n<p class=\"content-text__container \" data-track-category=\"Link no Texto\" data-track-links=\"\">Segundo a Funda\u00e7\u00e3o Casa, a dura\u00e7\u00e3o da visita presencial ser\u00e1 de uma hora, observando distanciamento social de 2 metros, em local aberto e procurando evitar o contato f\u00edsico.<\/p>\n<\/div>\n<div class=\"mc-column content-text active-extra-styles \" data-block-type=\"unstyled\" data-block-weight=\"37\" data-block-id=\"14\">\n<p class=\"content-text__container \" data-track-category=\"Link no Texto\" data-track-links=\"\">Ainda de acordo com a institui\u00e7\u00e3o, cada centro socioeducativo programar\u00e1 o hor\u00e1rio da visita\u00e7\u00e3o, que pode acontecer entre 10h e 12h ou entre 14h e 16h. A cada hora ser\u00e1 permitido o ingresso de at\u00e9 15 familiares.<\/p>\n<p>Fonte: G1<\/p>\n<\/div>\n<\/div>\n","protected":false},"excerpt":{"rendered":"<p>A partir da pr\u00f3xima semana, a Funda\u00e7\u00e3o Casa ir\u00e1 retomar as visitas presenciais dos familiares para os adolescentes em interna\u00e7\u00e3o em todos os centros socioeducativos da institui\u00e7\u00e3o no Estado de S\u00e3o Paulo. Na regi\u00e3o de\u00a0Presidente Prudente, existem unidades em\u00a0Irapuru\u00a0e\u00a0Presidente Bernardes. De acordo com dados atualizados nesta quinta-feira (29), a unidade de Presidente Bernardes contava com [&hellip;]<\/p>\n","protected":false},"author":8,"featured_media":29054,"comment_status":"closed","ping_status":"open","sticky":false,"template":"","format":"standard","meta":{"_acf_changed":false,"_exactmetrics_skip_tracking":false,"_exactmetrics_sitenote_active":false,"_exactmetrics_sitenote_note":"","_exactmetrics_sitenote_category":0,"footnotes":""},"categories":[24],"tags":[],"class_list":["post-29053","post","type-post","status-publish","format-standard","has-post-thumbnail","hentry","category-regiao"],"acf":[],"yoast_head":"<!-- This site is optimized with the Yoast SEO plugin v27.2 - https:\/\/yoast.com\/product\/yoast-seo-wordpress\/ -->\n<title>Funda\u00e7\u00e3o Casa retoma visitas presenciais de familiares a adolescentes em interna\u00e7\u00e3o - R\u00e1dio Life FM<\/title>\n<meta name=\"robots\" content=\"index, follow, max-snippet:-1, max-image-preview:large, max-video-preview:-1\" \/>\n<link rel=\"canonical\" href=\"https:\/\/radiolifefm.com.br\/noticias\/fundacao-casa-retoma-visitas-presenciais-de-familiares-a-adolescentes-em-internacao\/\" \/>\n<meta property=\"og:locale\" content=\"pt_BR\" \/>\n<meta property=\"og:type\" content=\"article\" \/>\n<meta property=\"og:title\" content=\"Funda\u00e7\u00e3o Casa retoma visitas presenciais de familiares a adolescentes em interna\u00e7\u00e3o - R\u00e1dio Life FM\" \/>\n<meta property=\"og:description\" content=\"A partir da pr\u00f3xima semana, a Funda\u00e7\u00e3o Casa ir\u00e1 retomar as visitas presenciais dos familiares para os adolescentes em interna\u00e7\u00e3o em todos os centros socioeducativos da institui\u00e7\u00e3o no Estado de S\u00e3o Paulo. Na regi\u00e3o de\u00a0Presidente Prudente, existem unidades em\u00a0Irapuru\u00a0e\u00a0Presidente Bernardes. De acordo com dados atualizados nesta quinta-feira (29), a unidade de Presidente Bernardes contava com [&hellip;]\" \/>\n<meta property=\"og:url\" content=\"https:\/\/radiolifefm.com.br\/noticias\/fundacao-casa-retoma-visitas-presenciais-de-familiares-a-adolescentes-em-internacao\/\" \/>\n<meta property=\"og:site_name\" content=\"R\u00e1dio Life FM\" \/>\n<meta property=\"article:publisher\" content=\"https:\/\/www.facebook.com\/radiolifefm\/\" \/>\n<meta property=\"article:published_time\" content=\"2020-10-30T20:05:23+00:00\" \/>\n<meta property=\"article:modified_time\" content=\"2026-04-27T16:02:29+00:00\" \/>\n<meta property=\"og:image\" content=\"https:\/\/radiolifefm.com.br\/noticias\/wp-content\/uploads\/2020\/10\/fundacao-irapuru.jpg\" \/>\n\t<meta property=\"og:image:width\" content=\"984\" \/>\n\t<meta property=\"og:image:height\" content=\"738\" \/>\n\t<meta property=\"og:image:type\" content=\"image\/jpeg\" \/>\n<meta name=\"author\" content=\"joaograndao\" \/>\n<meta name=\"twitter:card\" content=\"summary_large_image\" \/>\n<meta name=\"twitter:label1\" content=\"Escrito por\" \/>\n\t<meta name=\"twitter:data1\" content=\"joaograndao\" \/>\n\t<meta name=\"twitter:label2\" content=\"Est. tempo de leitura\" \/>\n\t<meta name=\"twitter:data2\" content=\"2 minutos\" \/>\n<script type=\"application\/ld+json\" class=\"yoast-schema-graph\">{\"@context\":\"https:\/\/schema.org\",\"@graph\":[{\"@type\":\"Article\",\"@id\":\"https:\/\/radiolifefm.com.br\/noticias\/fundacao-casa-retoma-visitas-presenciais-de-familiares-a-adolescentes-em-internacao\/#article\",\"isPartOf\":{\"@id\":\"https:\/\/radiolifefm.com.br\/noticias\/fundacao-casa-retoma-visitas-presenciais-de-familiares-a-adolescentes-em-internacao\/\"},\"author\":{\"name\":\"joaograndao\",\"@id\":\"https:\/\/radiolifefm.com.br\/noticias\/#\/schema\/person\/6876e1240feffe6e1b63fd5cb85abf28\"},\"headline\":\"Funda\u00e7\u00e3o Casa retoma visitas presenciais de familiares a adolescentes em interna\u00e7\u00e3o\",\"datePublished\":\"2020-10-30T20:05:23+00:00\",\"dateModified\":\"2026-04-27T16:02:29+00:00\",\"mainEntityOfPage\":{\"@id\":\"https:\/\/radiolifefm.com.br\/noticias\/fundacao-casa-retoma-visitas-presenciais-de-familiares-a-adolescentes-em-internacao\/\"},\"wordCount\":394,\"publisher\":{\"@id\":\"https:\/\/radiolifefm.com.br\/noticias\/#organization\"},\"image\":{\"@id\":\"https:\/\/radiolifefm.com.br\/noticias\/fundacao-casa-retoma-visitas-presenciais-de-familiares-a-adolescentes-em-internacao\/#primaryimage\"},\"thumbnailUrl\":\"https:\/\/radiolifefm.com.br\/noticias\/wp-content\/uploads\/2020\/10\/fundacao-irapuru.jpg\",\"articleSection\":[\"Regi\u00e3o\"],\"inLanguage\":\"pt-BR\"},{\"@type\":\"WebPage\",\"@id\":\"https:\/\/radiolifefm.com.br\/noticias\/fundacao-casa-retoma-visitas-presenciais-de-familiares-a-adolescentes-em-internacao\/\",\"url\":\"https:\/\/radiolifefm.com.br\/noticias\/fundacao-casa-retoma-visitas-presenciais-de-familiares-a-adolescentes-em-internacao\/\",\"name\":\"Funda\u00e7\u00e3o Casa retoma visitas presenciais de familiares a adolescentes em interna\u00e7\u00e3o - R\u00e1dio Life FM\",\"isPartOf\":{\"@id\":\"https:\/\/radiolifefm.com.br\/noticias\/#website\"},\"primaryImageOfPage\":{\"@id\":\"https:\/\/radiolifefm.com.br\/noticias\/fundacao-casa-retoma-visitas-presenciais-de-familiares-a-adolescentes-em-internacao\/#primaryimage\"},\"image\":{\"@id\":\"https:\/\/radiolifefm.com.br\/noticias\/fundacao-casa-retoma-visitas-presenciais-de-familiares-a-adolescentes-em-internacao\/#primaryimage\"},\"thumbnailUrl\":\"https:\/\/radiolifefm.com.br\/noticias\/wp-content\/uploads\/2020\/10\/fundacao-irapuru.jpg\",\"datePublished\":\"2020-10-30T20:05:23+00:00\",\"dateModified\":\"2026-04-27T16:02:29+00:00\",\"breadcrumb\":{\"@id\":\"https:\/\/radiolifefm.com.br\/noticias\/fundacao-casa-retoma-visitas-presenciais-de-familiares-a-adolescentes-em-internacao\/#breadcrumb\"},\"inLanguage\":\"pt-BR\",\"potentialAction\":[{\"@type\":\"ReadAction\",\"target\":[\"https:\/\/radiolifefm.com.br\/noticias\/fundacao-casa-retoma-visitas-presenciais-de-familiares-a-adolescentes-em-internacao\/\"]}]},{\"@type\":\"ImageObject\",\"inLanguage\":\"pt-BR\",\"@id\":\"https:\/\/radiolifefm.com.br\/noticias\/fundacao-casa-retoma-visitas-presenciais-de-familiares-a-adolescentes-em-internacao\/#primaryimage\",\"url\":\"https:\/\/radiolifefm.com.br\/noticias\/wp-content\/uploads\/2020\/10\/fundacao-irapuru.jpg\",\"contentUrl\":\"https:\/\/radiolifefm.com.br\/noticias\/wp-content\/uploads\/2020\/10\/fundacao-irapuru.jpg\",\"width\":984,\"height\":738,\"caption\":\"Contato estava suspenso desde mar\u00e7o em decorr\u00eancia da pandemia da Covid-19. Na regi\u00e3o de Presidente Prudente, unidades funcionam em Irapuru e Presidente Bernardes.\"},{\"@type\":\"BreadcrumbList\",\"@id\":\"https:\/\/radiolifefm.com.br\/noticias\/fundacao-casa-retoma-visitas-presenciais-de-familiares-a-adolescentes-em-internacao\/#breadcrumb\",\"itemListElement\":[{\"@type\":\"ListItem\",\"position\":1,\"name\":\"In\u00edcio\",\"item\":\"https:\/\/radiolifefm.com.br\/noticias\/\"},{\"@type\":\"ListItem\",\"position\":2,\"name\":\"Funda\u00e7\u00e3o Casa retoma visitas presenciais de familiares a adolescentes em interna\u00e7\u00e3o\"}]},{\"@type\":\"WebSite\",\"@id\":\"https:\/\/radiolifefm.com.br\/noticias\/#website\",\"url\":\"https:\/\/radiolifefm.com.br\/noticias\/\",\"name\":\"R\u00e1dio Life FM\",\"description\":\"O Portal de Not\u00edcias de Adamantina\",\"publisher\":{\"@id\":\"https:\/\/radiolifefm.com.br\/noticias\/#organization\"},\"alternateName\":\"Life FM\",\"potentialAction\":[{\"@type\":\"SearchAction\",\"target\":{\"@type\":\"EntryPoint\",\"urlTemplate\":\"https:\/\/radiolifefm.com.br\/noticias\/?s={search_term_string}\"},\"query-input\":{\"@type\":\"PropertyValueSpecification\",\"valueRequired\":true,\"valueName\":\"search_term_string\"}}],\"inLanguage\":\"pt-BR\"},{\"@type\":\"Organization\",\"@id\":\"https:\/\/radiolifefm.com.br\/noticias\/#organization\",\"name\":\"R\u00e1dio Life FM\",\"alternateName\":\"Life FM\",\"url\":\"https:\/\/radiolifefm.com.br\/noticias\/\",\"logo\":{\"@type\":\"ImageObject\",\"inLanguage\":\"pt-BR\",\"@id\":\"https:\/\/radiolifefm.com.br\/noticias\/#\/schema\/logo\/image\/\",\"url\":\"https:\/\/static.radiolifefm.com.br\/noticias\/wp-content\/uploads\/2019\/10\/logo-lifefm.png\",\"contentUrl\":\"https:\/\/static.radiolifefm.com.br\/noticias\/wp-content\/uploads\/2019\/10\/logo-lifefm.png\",\"width\":196,\"height\":47,\"caption\":\"R\u00e1dio Life FM\"},\"image\":{\"@id\":\"https:\/\/radiolifefm.com.br\/noticias\/#\/schema\/logo\/image\/\"},\"sameAs\":[\"https:\/\/www.facebook.com\/radiolifefm\/\",\"https:\/\/www.instagram.com\/life1079fm\/\"]},{\"@type\":\"Person\",\"@id\":\"https:\/\/radiolifefm.com.br\/noticias\/#\/schema\/person\/6876e1240feffe6e1b63fd5cb85abf28\",\"name\":\"joaograndao\",\"image\":{\"@type\":\"ImageObject\",\"inLanguage\":\"pt-BR\",\"@id\":\"https:\/\/secure.gravatar.com\/avatar\/d5b1a3cf357ed9c50404e256a1294083aa8ab5d2a994001567302786016cb32c?s=96&d=mm&r=g\",\"url\":\"https:\/\/secure.gravatar.com\/avatar\/d5b1a3cf357ed9c50404e256a1294083aa8ab5d2a994001567302786016cb32c?s=96&d=mm&r=g\",\"contentUrl\":\"https:\/\/secure.gravatar.com\/avatar\/d5b1a3cf357ed9c50404e256a1294083aa8ab5d2a994001567302786016cb32c?s=96&d=mm&r=g\",\"caption\":\"joaograndao\"}}]}<\/script>\n<!-- \/ Yoast SEO plugin. -->","yoast_head_json":{"title":"Funda\u00e7\u00e3o Casa retoma visitas presenciais de familiares a adolescentes em interna\u00e7\u00e3o - R\u00e1dio Life FM","robots":{"index":"index","follow":"follow","max-snippet":"max-snippet:-1","max-image-preview":"max-image-preview:large","max-video-preview":"max-video-preview:-1"},"canonical":"https:\/\/radiolifefm.com.br\/noticias\/fundacao-casa-retoma-visitas-presenciais-de-familiares-a-adolescentes-em-internacao\/","og_locale":"pt_BR","og_type":"article","og_title":"Funda\u00e7\u00e3o Casa retoma visitas presenciais de familiares a adolescentes em interna\u00e7\u00e3o - R\u00e1dio Life FM","og_description":"A partir da pr\u00f3xima semana, a Funda\u00e7\u00e3o Casa ir\u00e1 retomar as visitas presenciais dos familiares para os adolescentes em interna\u00e7\u00e3o em todos os centros socioeducativos da institui\u00e7\u00e3o no Estado de S\u00e3o Paulo. Na regi\u00e3o de\u00a0Presidente Prudente, existem unidades em\u00a0Irapuru\u00a0e\u00a0Presidente Bernardes. De acordo com dados atualizados nesta quinta-feira (29), a unidade de Presidente Bernardes contava com [&hellip;]","og_url":"https:\/\/radiolifefm.com.br\/noticias\/fundacao-casa-retoma-visitas-presenciais-de-familiares-a-adolescentes-em-internacao\/","og_site_name":"R\u00e1dio Life FM","article_publisher":"https:\/\/www.facebook.com\/radiolifefm\/","article_published_time":"2020-10-30T20:05:23+00:00","article_modified_time":"2026-04-27T16:02:29+00:00","og_image":[{"width":984,"height":738,"url":"https:\/\/radiolifefm.com.br\/noticias\/wp-content\/uploads\/2020\/10\/fundacao-irapuru.jpg","type":"image\/jpeg"}],"author":"joaograndao","twitter_card":"summary_large_image","twitter_misc":{"Escrito por":"joaograndao","Est. tempo de leitura":"2 minutos"},"schema":{"@context":"https:\/\/schema.org","@graph":[{"@type":"Article","@id":"https:\/\/radiolifefm.com.br\/noticias\/fundacao-casa-retoma-visitas-presenciais-de-familiares-a-adolescentes-em-internacao\/#article","isPartOf":{"@id":"https:\/\/radiolifefm.com.br\/noticias\/fundacao-casa-retoma-visitas-presenciais-de-familiares-a-adolescentes-em-internacao\/"},"author":{"name":"joaograndao","@id":"https:\/\/radiolifefm.com.br\/noticias\/#\/schema\/person\/6876e1240feffe6e1b63fd5cb85abf28"},"headline":"Funda\u00e7\u00e3o Casa retoma visitas presenciais de familiares a adolescentes em interna\u00e7\u00e3o","datePublished":"2020-10-30T20:05:23+00:00","dateModified":"2026-04-27T16:02:29+00:00","mainEntityOfPage":{"@id":"https:\/\/radiolifefm.com.br\/noticias\/fundacao-casa-retoma-visitas-presenciais-de-familiares-a-adolescentes-em-internacao\/"},"wordCount":394,"publisher":{"@id":"https:\/\/radiolifefm.com.br\/noticias\/#organization"},"image":{"@id":"https:\/\/radiolifefm.com.br\/noticias\/fundacao-casa-retoma-visitas-presenciais-de-familiares-a-adolescentes-em-internacao\/#primaryimage"},"thumbnailUrl":"https:\/\/radiolifefm.com.br\/noticias\/wp-content\/uploads\/2020\/10\/fundacao-irapuru.jpg","articleSection":["Regi\u00e3o"],"inLanguage":"pt-BR"},{"@type":"WebPage","@id":"https:\/\/radiolifefm.com.br\/noticias\/fundacao-casa-retoma-visitas-presenciais-de-familiares-a-adolescentes-em-internacao\/","url":"https:\/\/radiolifefm.com.br\/noticias\/fundacao-casa-retoma-visitas-presenciais-de-familiares-a-adolescentes-em-internacao\/","name":"Funda\u00e7\u00e3o Casa retoma visitas presenciais de familiares a adolescentes em interna\u00e7\u00e3o - R\u00e1dio Life FM","isPartOf":{"@id":"https:\/\/radiolifefm.com.br\/noticias\/#website"},"primaryImageOfPage":{"@id":"https:\/\/radiolifefm.com.br\/noticias\/fundacao-casa-retoma-visitas-presenciais-de-familiares-a-adolescentes-em-internacao\/#primaryimage"},"image":{"@id":"https:\/\/radiolifefm.com.br\/noticias\/fundacao-casa-retoma-visitas-presenciais-de-familiares-a-adolescentes-em-internacao\/#primaryimage"},"thumbnailUrl":"https:\/\/radiolifefm.com.br\/noticias\/wp-content\/uploads\/2020\/10\/fundacao-irapuru.jpg","datePublished":"2020-10-30T20:05:23+00:00","dateModified":"2026-04-27T16:02:29+00:00","breadcrumb":{"@id":"https:\/\/radiolifefm.com.br\/noticias\/fundacao-casa-retoma-visitas-presenciais-de-familiares-a-adolescentes-em-internacao\/#breadcrumb"},"inLanguage":"pt-BR","potentialAction":[{"@type":"ReadAction","target":["https:\/\/radiolifefm.com.br\/noticias\/fundacao-casa-retoma-visitas-presenciais-de-familiares-a-adolescentes-em-internacao\/"]}]},{"@type":"ImageObject","inLanguage":"pt-BR","@id":"https:\/\/radiolifefm.com.br\/noticias\/fundacao-casa-retoma-visitas-presenciais-de-familiares-a-adolescentes-em-internacao\/#primaryimage","url":"https:\/\/radiolifefm.com.br\/noticias\/wp-content\/uploads\/2020\/10\/fundacao-irapuru.jpg","contentUrl":"https:\/\/radiolifefm.com.br\/noticias\/wp-content\/uploads\/2020\/10\/fundacao-irapuru.jpg","width":984,"height":738,"caption":"Contato estava suspenso desde mar\u00e7o em decorr\u00eancia da pandemia da Covid-19. Na regi\u00e3o de Presidente Prudente, unidades funcionam em Irapuru e Presidente Bernardes."},{"@type":"BreadcrumbList","@id":"https:\/\/radiolifefm.com.br\/noticias\/fundacao-casa-retoma-visitas-presenciais-de-familiares-a-adolescentes-em-internacao\/#breadcrumb","itemListElement":[{"@type":"ListItem","position":1,"name":"In\u00edcio","item":"https:\/\/radiolifefm.com.br\/noticias\/"},{"@type":"ListItem","position":2,"name":"Funda\u00e7\u00e3o Casa retoma visitas presenciais de familiares a adolescentes em interna\u00e7\u00e3o"}]},{"@type":"WebSite","@id":"https:\/\/radiolifefm.com.br\/noticias\/#website","url":"https:\/\/radiolifefm.com.br\/noticias\/","name":"R\u00e1dio Life FM","description":"O Portal de Not\u00edcias de Adamantina","publisher":{"@id":"https:\/\/radiolifefm.com.br\/noticias\/#organization"},"alternateName":"Life FM","potentialAction":[{"@type":"SearchAction","target":{"@type":"EntryPoint","urlTemplate":"https:\/\/radiolifefm.com.br\/noticias\/?s={search_term_string}"},"query-input":{"@type":"PropertyValueSpecification","valueRequired":true,"valueName":"search_term_string"}}],"inLanguage":"pt-BR"},{"@type":"Organization","@id":"https:\/\/radiolifefm.com.br\/noticias\/#organization","name":"R\u00e1dio Life FM","alternateName":"Life FM","url":"https:\/\/radiolifefm.com.br\/noticias\/","logo":{"@type":"ImageObject","inLanguage":"pt-BR","@id":"https:\/\/radiolifefm.com.br\/noticias\/#\/schema\/logo\/image\/","url":"https:\/\/static.radiolifefm.com.br\/noticias\/wp-content\/uploads\/2019\/10\/logo-lifefm.png","contentUrl":"https:\/\/static.radiolifefm.com.br\/noticias\/wp-content\/uploads\/2019\/10\/logo-lifefm.png","width":196,"height":47,"caption":"R\u00e1dio Life FM"},"image":{"@id":"https:\/\/radiolifefm.com.br\/noticias\/#\/schema\/logo\/image\/"},"sameAs":["https:\/\/www.facebook.com\/radiolifefm\/","https:\/\/www.instagram.com\/life1079fm\/"]},{"@type":"Person","@id":"https:\/\/radiolifefm.com.br\/noticias\/#\/schema\/person\/6876e1240feffe6e1b63fd5cb85abf28","name":"joaograndao","image":{"@type":"ImageObject","inLanguage":"pt-BR","@id":"https:\/\/secure.gravatar.com\/avatar\/d5b1a3cf357ed9c50404e256a1294083aa8ab5d2a994001567302786016cb32c?s=96&d=mm&r=g","url":"https:\/\/secure.gravatar.com\/avatar\/d5b1a3cf357ed9c50404e256a1294083aa8ab5d2a994001567302786016cb32c?s=96&d=mm&r=g","contentUrl":"https:\/\/secure.gravatar.com\/avatar\/d5b1a3cf357ed9c50404e256a1294083aa8ab5d2a994001567302786016cb32c?s=96&d=mm&r=g","caption":"joaograndao"}}]}},"amp_enabled":true,"_links":{"self":[{"href":"https:\/\/radiolifefm.com.br\/noticias\/wp-json\/wp\/v2\/posts\/29053","targetHints":{"allow":["GET"]}}],"collection":[{"href":"https:\/\/radiolifefm.com.br\/noticias\/wp-json\/wp\/v2\/posts"}],"about":[{"href":"https:\/\/radiolifefm.com.br\/noticias\/wp-json\/wp\/v2\/types\/post"}],"author":[{"embeddable":true,"href":"https:\/\/radiolifefm.com.br\/noticias\/wp-json\/wp\/v2\/users\/8"}],"replies":[{"embeddable":true,"href":"https:\/\/radiolifefm.com.br\/noticias\/wp-json\/wp\/v2\/comments?post=29053"}],"version-history":[{"count":1,"href":"https:\/\/radiolifefm.com.br\/noticias\/wp-json\/wp\/v2\/posts\/29053\/revisions"}],"predecessor-version":[{"id":29055,"href":"https:\/\/radiolifefm.com.br\/noticias\/wp-json\/wp\/v2\/posts\/29053\/revisions\/29055"}],"wp:featuredmedia":[{"embeddable":true,"href":"https:\/\/radiolifefm.com.br\/noticias\/wp-json\/wp\/v2\/media\/29054"}],"wp:attachment":[{"href":"https:\/\/radiolifefm.com.br\/noticias\/wp-json\/wp\/v2\/media?parent=29053"}],"wp:term":[{"taxonomy":"category","embeddable":true,"href":"https:\/\/radiolifefm.com.br\/noticias\/wp-json\/wp\/v2\/categories?post=29053"},{"taxonomy":"post_tag","embeddable":true,"href":"https:\/\/radiolifefm.com.br\/noticias\/wp-json\/wp\/v2\/tags?post=29053"}],"curies":[{"name":"wp","href":"https:\/\/api.w.org\/{rel}","templated":true}]}}