{"id":28933,"date":"2020-10-29T10:15:33","date_gmt":"2020-10-29T13:15:33","guid":{"rendered":"https:\/\/radiolifefm.com.br\/noticias\/?p=28933"},"modified":"2026-05-01T22:11:50","modified_gmt":"2026-05-02T01:11:50","slug":"moradora-de-lucelia-que-e-estudante-de-medicina-tem-bolsa-retirada-e-cria-financiamento-coletivo-para-continuar-os-estudos","status":"publish","type":"post","link":"https:\/\/radiolifefm.com.br\/noticias\/moradora-de-lucelia-que-e-estudante-de-medicina-tem-bolsa-retirada-e-cria-financiamento-coletivo-para-continuar-os-estudos\/","title":{"rendered":"Moradora de Luc\u00e9lia que \u00e9 estudante de medicina tem bolsa retirada e cria financiamento coletivo para continuar os estudos"},"content":{"rendered":"<div id=\"fb-root\"><\/div>\n<p>A estudante Ana Cl\u00e1udia da Silva Assis, de 27 anos, moradora em Luc\u00e9lia e atualmente no segundo termo do curso de medicina do Centro Universit\u00e1rio de Adamantina (UniFAI) recorreu a uma vaquinha virtual para tentar continuar nos estudos. Sua iniciativa ganhou destaque e repercuss\u00e3o ap\u00f3s a hist\u00f3ria ter sido publicada pelo perfil @estudantesninja, no Instagram.<\/p>\n<p>Ana Cl\u00e1udia tem uma gradua\u00e7\u00e3o, em biomedicina est\u00e9tica. Essa foi sua segunda op\u00e7\u00e3o. Quando passou no processo de sele\u00e7\u00e3o ganhou a bolsa e fez o curso. Mas nunca desistiu do sonho em cursar medicina.<\/p>\n<p>Segundo o @estudantesninja, Ana nasceu ap\u00f3s uma gesta\u00e7\u00e3o de risco, em raz\u00e3o da idade da m\u00e3e. Depois, aos cinco anos, ficou sem pai, que foi embora e n\u00e3o fez mais contato.\u00a0<em>&#8220;Ela sempre teve o sonho de fazer medicina, tentou algumas IES p\u00fablicas, mas n\u00e3o conseguiu. Foi quando sua m\u00e3e ficou extremamente doente, com estimativa de vida de at\u00e9 seis meses. Ent\u00e3o, Ana passou no vestibular de segunda op\u00e7\u00e3o, biomedicina, ganhou uma bolsa e foi fazer\u201d<\/em>, descreve.<\/p>\n<p>Ana concluiu biomedicina est\u00e9tica e iniciou sua inser\u00e7\u00e3o no mercado, e enquanto algumas portas se abriram outras se fechariam. Em 2020 ela passou no vestibular de medicina da UniFAI. Com suas economias conseguiu arcar com o primeiro semestre, alimentada ainda pela expectativa de que pudesse acessar um programa de bolsa de estudos da UniFAI, cujas informa\u00e7\u00f5es havia buscado anteriormente, e se via com perfil apto a pleitear o benef\u00edcio.<\/p>\n<p>O problema surgiu durante o primeiro bimestre do curso, quando as regras do programa de bolsa foram alteradas pela reitoria da UniFAI. A institui\u00e7\u00e3o configurou o pr\u00e9-projeto de lei e encaminhou ao prefeito, com as propostas de mudan\u00e7as na legisla\u00e7\u00e3o vigente. Depois disso, o projeto de lei, com as altera\u00e7\u00f5es, foi ent\u00e3o apresentado pela Prefeitura de Adamantina \u00e0 C\u00e2mara Municipal, onde foi votado e aprovado, se transformando na Lei Municipal N\u00ba 3.971, de 26 de mar\u00e7o de 2020.<\/p>\n<p>A nova lei mudou os crit\u00e9rios socioecon\u00f4micos de sele\u00e7\u00e3o dos candidatos \u00e0s bolsas de 50%. A partir de uma f\u00f3rmula de c\u00e1lculo, os crit\u00e9rios ficaram ainda mais seletivos. Outros aspectos trazidos na nova lei s\u00e3o a exig\u00eancia de renda que permita custear a outra metade da bolsa e a impossibilidade de atender aqueles estudantes que j\u00e1 tenham uma gradua\u00e7\u00e3o conclu\u00edda, ou que fossem egressos do ensino m\u00e9dio cursado em escolas particulares (exceto quando se comprovar ter sido contemplado com bolsa de estudo, nessa fase).<\/p>\n<p>Para muitos estudantes, as novas regras se tornaram excludentes e restritivas.\u00a0<em>&#8220;O que ela n\u00e3o contava era que a sua universidade UniFAI, por ser uma autarquia municipal, poderia logo ap\u00f3s a sua entrada mudar uma lei, que proibisse que ela ganhasse a bolsa de estudo concedida pela IES, por ser ela formada. Ela tamb\u00e9m n\u00e3o contava com a pandemia, que atingiu sem nenhum impedimento seu trabalho e \u00fanica fonte de renda, impossibilitando- a de arcar com o curso\u201d<\/em>, narra o @estudantesninja.<\/p>\n<p>O perfil no Instagram cita ainda que a m\u00e3e da estudante, com o progn\u00f3stico que tra\u00e7ou uma expectativa de seis meses, diante da sua doen\u00e7a, est\u00e1 viva. Em raz\u00e3o dos cuidados que a m\u00e3e exige, a filha mora com ela.\u00a0<em>&#8220;Sua m\u00e3e, confundindo o entendimento humano, continua viva, e com 68 anos, mas por conta de sua grave patologia, foi impedida de morar sozinha. Ana por ser filha \u00fanica, tem que morar com a m\u00e3e. E isso a impede de mudar-se de institui\u00e7\u00e3o\u201d<\/em>, finaliza o @estudantesninja, que informa e divulga o lan\u00e7amento de uma campanha de financiamento colaborativo pela ferramenta Vakinha. A meta \u00e9 arrecadar R$ 300 mil.\u00a0<a href=\"https:\/\/www.vakinha.com.br\/vaquinha\/ser-medica-ana-claudia-da-silva-assis\"><strong>Acesse aqui para doar<\/strong><\/a>.<\/p>\n<p>Fonte: Tup\u00e3 City<\/p>\n","protected":false},"excerpt":{"rendered":"<p>A estudante Ana Cl\u00e1udia da Silva Assis, de 27 anos, moradora em Luc\u00e9lia e atualmente no segundo termo do curso de medicina do Centro Universit\u00e1rio de Adamantina (UniFAI) recorreu a uma vaquinha virtual para tentar continuar nos estudos. Sua iniciativa ganhou destaque e repercuss\u00e3o ap\u00f3s a hist\u00f3ria ter sido publicada pelo perfil @estudantesninja, no Instagram. [&hellip;]<\/p>\n","protected":false},"author":8,"featured_media":28934,"comment_status":"closed","ping_status":"open","sticky":false,"template":"","format":"standard","meta":{"_acf_changed":false,"_exactmetrics_skip_tracking":false,"_exactmetrics_sitenote_active":false,"_exactmetrics_sitenote_note":"","_exactmetrics_sitenote_category":0,"footnotes":""},"categories":[24],"tags":[],"class_list":["post-28933","post","type-post","status-publish","format-standard","has-post-thumbnail","hentry","category-regiao"],"acf":[],"yoast_head":"<!-- This site is optimized with the Yoast SEO plugin v27.2 - https:\/\/yoast.com\/product\/yoast-seo-wordpress\/ -->\n<title>Moradora de Luc\u00e9lia que \u00e9 estudante de medicina tem bolsa retirada e cria financiamento coletivo para continuar os estudos - R\u00e1dio Life FM<\/title>\n<meta name=\"robots\" content=\"index, follow, max-snippet:-1, max-image-preview:large, max-video-preview:-1\" \/>\n<link rel=\"canonical\" href=\"https:\/\/radiolifefm.com.br\/noticias\/moradora-de-lucelia-que-e-estudante-de-medicina-tem-bolsa-retirada-e-cria-financiamento-coletivo-para-continuar-os-estudos\/\" \/>\n<meta property=\"og:locale\" content=\"pt_BR\" \/>\n<meta property=\"og:type\" content=\"article\" \/>\n<meta property=\"og:title\" content=\"Moradora de Luc\u00e9lia que \u00e9 estudante de medicina tem bolsa retirada e cria financiamento coletivo para continuar os estudos - R\u00e1dio Life FM\" \/>\n<meta property=\"og:description\" content=\"A estudante Ana Cl\u00e1udia da Silva Assis, de 27 anos, moradora em Luc\u00e9lia e atualmente no segundo termo do curso de medicina do Centro Universit\u00e1rio de Adamantina (UniFAI) recorreu a uma vaquinha virtual para tentar continuar nos estudos. Sua iniciativa ganhou destaque e repercuss\u00e3o ap\u00f3s a hist\u00f3ria ter sido publicada pelo perfil @estudantesninja, no Instagram. [&hellip;]\" \/>\n<meta property=\"og:url\" content=\"https:\/\/radiolifefm.com.br\/noticias\/moradora-de-lucelia-que-e-estudante-de-medicina-tem-bolsa-retirada-e-cria-financiamento-coletivo-para-continuar-os-estudos\/\" \/>\n<meta property=\"og:site_name\" content=\"R\u00e1dio Life FM\" \/>\n<meta property=\"article:publisher\" content=\"https:\/\/www.facebook.com\/radiolifefm\/\" \/>\n<meta property=\"article:published_time\" content=\"2020-10-29T13:15:33+00:00\" \/>\n<meta property=\"article:modified_time\" content=\"2026-05-02T01:11:50+00:00\" \/>\n<meta property=\"og:image\" content=\"https:\/\/radiolifefm.com.br\/noticias\/wp-content\/uploads\/2020\/10\/fileg_456323-605x.jpg\" \/>\n\t<meta property=\"og:image:width\" content=\"605\" \/>\n\t<meta property=\"og:image:height\" content=\"339\" \/>\n\t<meta property=\"og:image:type\" content=\"image\/jpeg\" \/>\n<meta name=\"author\" content=\"joaograndao\" \/>\n<meta name=\"twitter:card\" content=\"summary_large_image\" \/>\n<meta name=\"twitter:label1\" content=\"Escrito por\" \/>\n\t<meta name=\"twitter:data1\" content=\"joaograndao\" \/>\n\t<meta name=\"twitter:label2\" content=\"Est. tempo de leitura\" \/>\n\t<meta name=\"twitter:data2\" content=\"3 minutos\" \/>\n<script type=\"application\/ld+json\" class=\"yoast-schema-graph\">{\"@context\":\"https:\/\/schema.org\",\"@graph\":[{\"@type\":\"Article\",\"@id\":\"https:\/\/radiolifefm.com.br\/noticias\/moradora-de-lucelia-que-e-estudante-de-medicina-tem-bolsa-retirada-e-cria-financiamento-coletivo-para-continuar-os-estudos\/#article\",\"isPartOf\":{\"@id\":\"https:\/\/radiolifefm.com.br\/noticias\/moradora-de-lucelia-que-e-estudante-de-medicina-tem-bolsa-retirada-e-cria-financiamento-coletivo-para-continuar-os-estudos\/\"},\"author\":{\"name\":\"joaograndao\",\"@id\":\"https:\/\/radiolifefm.com.br\/noticias\/#\/schema\/person\/6876e1240feffe6e1b63fd5cb85abf28\"},\"headline\":\"Moradora de Luc\u00e9lia que \u00e9 estudante de medicina tem bolsa retirada e cria financiamento coletivo para continuar os estudos\",\"datePublished\":\"2020-10-29T13:15:33+00:00\",\"dateModified\":\"2026-05-02T01:11:50+00:00\",\"mainEntityOfPage\":{\"@id\":\"https:\/\/radiolifefm.com.br\/noticias\/moradora-de-lucelia-que-e-estudante-de-medicina-tem-bolsa-retirada-e-cria-financiamento-coletivo-para-continuar-os-estudos\/\"},\"wordCount\":660,\"publisher\":{\"@id\":\"https:\/\/radiolifefm.com.br\/noticias\/#organization\"},\"image\":{\"@id\":\"https:\/\/radiolifefm.com.br\/noticias\/moradora-de-lucelia-que-e-estudante-de-medicina-tem-bolsa-retirada-e-cria-financiamento-coletivo-para-continuar-os-estudos\/#primaryimage\"},\"thumbnailUrl\":\"https:\/\/radiolifefm.com.br\/noticias\/wp-content\/uploads\/2020\/10\/fileg_456323-605x.jpg\",\"articleSection\":[\"Regi\u00e3o\"],\"inLanguage\":\"pt-BR\"},{\"@type\":\"WebPage\",\"@id\":\"https:\/\/radiolifefm.com.br\/noticias\/moradora-de-lucelia-que-e-estudante-de-medicina-tem-bolsa-retirada-e-cria-financiamento-coletivo-para-continuar-os-estudos\/\",\"url\":\"https:\/\/radiolifefm.com.br\/noticias\/moradora-de-lucelia-que-e-estudante-de-medicina-tem-bolsa-retirada-e-cria-financiamento-coletivo-para-continuar-os-estudos\/\",\"name\":\"Moradora de Luc\u00e9lia que \u00e9 estudante de medicina tem bolsa retirada e cria financiamento coletivo para continuar os estudos - R\u00e1dio Life FM\",\"isPartOf\":{\"@id\":\"https:\/\/radiolifefm.com.br\/noticias\/#website\"},\"primaryImageOfPage\":{\"@id\":\"https:\/\/radiolifefm.com.br\/noticias\/moradora-de-lucelia-que-e-estudante-de-medicina-tem-bolsa-retirada-e-cria-financiamento-coletivo-para-continuar-os-estudos\/#primaryimage\"},\"image\":{\"@id\":\"https:\/\/radiolifefm.com.br\/noticias\/moradora-de-lucelia-que-e-estudante-de-medicina-tem-bolsa-retirada-e-cria-financiamento-coletivo-para-continuar-os-estudos\/#primaryimage\"},\"thumbnailUrl\":\"https:\/\/radiolifefm.com.br\/noticias\/wp-content\/uploads\/2020\/10\/fileg_456323-605x.jpg\",\"datePublished\":\"2020-10-29T13:15:33+00:00\",\"dateModified\":\"2026-05-02T01:11:50+00:00\",\"breadcrumb\":{\"@id\":\"https:\/\/radiolifefm.com.br\/noticias\/moradora-de-lucelia-que-e-estudante-de-medicina-tem-bolsa-retirada-e-cria-financiamento-coletivo-para-continuar-os-estudos\/#breadcrumb\"},\"inLanguage\":\"pt-BR\",\"potentialAction\":[{\"@type\":\"ReadAction\",\"target\":[\"https:\/\/radiolifefm.com.br\/noticias\/moradora-de-lucelia-que-e-estudante-de-medicina-tem-bolsa-retirada-e-cria-financiamento-coletivo-para-continuar-os-estudos\/\"]}]},{\"@type\":\"ImageObject\",\"inLanguage\":\"pt-BR\",\"@id\":\"https:\/\/radiolifefm.com.br\/noticias\/moradora-de-lucelia-que-e-estudante-de-medicina-tem-bolsa-retirada-e-cria-financiamento-coletivo-para-continuar-os-estudos\/#primaryimage\",\"url\":\"https:\/\/radiolifefm.com.br\/noticias\/wp-content\/uploads\/2020\/10\/fileg_456323-605x.jpg\",\"contentUrl\":\"https:\/\/radiolifefm.com.br\/noticias\/wp-content\/uploads\/2020\/10\/fileg_456323-605x.jpg\",\"width\":605,\"height\":339},{\"@type\":\"BreadcrumbList\",\"@id\":\"https:\/\/radiolifefm.com.br\/noticias\/moradora-de-lucelia-que-e-estudante-de-medicina-tem-bolsa-retirada-e-cria-financiamento-coletivo-para-continuar-os-estudos\/#breadcrumb\",\"itemListElement\":[{\"@type\":\"ListItem\",\"position\":1,\"name\":\"In\u00edcio\",\"item\":\"https:\/\/radiolifefm.com.br\/noticias\/\"},{\"@type\":\"ListItem\",\"position\":2,\"name\":\"Moradora de Luc\u00e9lia que \u00e9 estudante de medicina tem bolsa retirada e cria financiamento coletivo para continuar os estudos\"}]},{\"@type\":\"WebSite\",\"@id\":\"https:\/\/radiolifefm.com.br\/noticias\/#website\",\"url\":\"https:\/\/radiolifefm.com.br\/noticias\/\",\"name\":\"R\u00e1dio Life FM\",\"description\":\"O Portal de Not\u00edcias de Adamantina\",\"publisher\":{\"@id\":\"https:\/\/radiolifefm.com.br\/noticias\/#organization\"},\"alternateName\":\"Life FM\",\"potentialAction\":[{\"@type\":\"SearchAction\",\"target\":{\"@type\":\"EntryPoint\",\"urlTemplate\":\"https:\/\/radiolifefm.com.br\/noticias\/?s={search_term_string}\"},\"query-input\":{\"@type\":\"PropertyValueSpecification\",\"valueRequired\":true,\"valueName\":\"search_term_string\"}}],\"inLanguage\":\"pt-BR\"},{\"@type\":\"Organization\",\"@id\":\"https:\/\/radiolifefm.com.br\/noticias\/#organization\",\"name\":\"R\u00e1dio Life FM\",\"alternateName\":\"Life FM\",\"url\":\"https:\/\/radiolifefm.com.br\/noticias\/\",\"logo\":{\"@type\":\"ImageObject\",\"inLanguage\":\"pt-BR\",\"@id\":\"https:\/\/radiolifefm.com.br\/noticias\/#\/schema\/logo\/image\/\",\"url\":\"https:\/\/static.radiolifefm.com.br\/noticias\/wp-content\/uploads\/2019\/10\/logo-lifefm.png\",\"contentUrl\":\"https:\/\/static.radiolifefm.com.br\/noticias\/wp-content\/uploads\/2019\/10\/logo-lifefm.png\",\"width\":196,\"height\":47,\"caption\":\"R\u00e1dio Life FM\"},\"image\":{\"@id\":\"https:\/\/radiolifefm.com.br\/noticias\/#\/schema\/logo\/image\/\"},\"sameAs\":[\"https:\/\/www.facebook.com\/radiolifefm\/\",\"https:\/\/www.instagram.com\/life1079fm\/\"]},{\"@type\":\"Person\",\"@id\":\"https:\/\/radiolifefm.com.br\/noticias\/#\/schema\/person\/6876e1240feffe6e1b63fd5cb85abf28\",\"name\":\"joaograndao\",\"image\":{\"@type\":\"ImageObject\",\"inLanguage\":\"pt-BR\",\"@id\":\"https:\/\/secure.gravatar.com\/avatar\/d5b1a3cf357ed9c50404e256a1294083aa8ab5d2a994001567302786016cb32c?s=96&d=mm&r=g\",\"url\":\"https:\/\/secure.gravatar.com\/avatar\/d5b1a3cf357ed9c50404e256a1294083aa8ab5d2a994001567302786016cb32c?s=96&d=mm&r=g\",\"contentUrl\":\"https:\/\/secure.gravatar.com\/avatar\/d5b1a3cf357ed9c50404e256a1294083aa8ab5d2a994001567302786016cb32c?s=96&d=mm&r=g\",\"caption\":\"joaograndao\"}}]}<\/script>\n<!-- \/ Yoast SEO plugin. -->","yoast_head_json":{"title":"Moradora de Luc\u00e9lia que \u00e9 estudante de medicina tem bolsa retirada e cria financiamento coletivo para continuar os estudos - R\u00e1dio Life FM","robots":{"index":"index","follow":"follow","max-snippet":"max-snippet:-1","max-image-preview":"max-image-preview:large","max-video-preview":"max-video-preview:-1"},"canonical":"https:\/\/radiolifefm.com.br\/noticias\/moradora-de-lucelia-que-e-estudante-de-medicina-tem-bolsa-retirada-e-cria-financiamento-coletivo-para-continuar-os-estudos\/","og_locale":"pt_BR","og_type":"article","og_title":"Moradora de Luc\u00e9lia que \u00e9 estudante de medicina tem bolsa retirada e cria financiamento coletivo para continuar os estudos - R\u00e1dio Life FM","og_description":"A estudante Ana Cl\u00e1udia da Silva Assis, de 27 anos, moradora em Luc\u00e9lia e atualmente no segundo termo do curso de medicina do Centro Universit\u00e1rio de Adamantina (UniFAI) recorreu a uma vaquinha virtual para tentar continuar nos estudos. Sua iniciativa ganhou destaque e repercuss\u00e3o ap\u00f3s a hist\u00f3ria ter sido publicada pelo perfil @estudantesninja, no Instagram. [&hellip;]","og_url":"https:\/\/radiolifefm.com.br\/noticias\/moradora-de-lucelia-que-e-estudante-de-medicina-tem-bolsa-retirada-e-cria-financiamento-coletivo-para-continuar-os-estudos\/","og_site_name":"R\u00e1dio Life FM","article_publisher":"https:\/\/www.facebook.com\/radiolifefm\/","article_published_time":"2020-10-29T13:15:33+00:00","article_modified_time":"2026-05-02T01:11:50+00:00","og_image":[{"width":605,"height":339,"url":"https:\/\/radiolifefm.com.br\/noticias\/wp-content\/uploads\/2020\/10\/fileg_456323-605x.jpg","type":"image\/jpeg"}],"author":"joaograndao","twitter_card":"summary_large_image","twitter_misc":{"Escrito por":"joaograndao","Est. tempo de leitura":"3 minutos"},"schema":{"@context":"https:\/\/schema.org","@graph":[{"@type":"Article","@id":"https:\/\/radiolifefm.com.br\/noticias\/moradora-de-lucelia-que-e-estudante-de-medicina-tem-bolsa-retirada-e-cria-financiamento-coletivo-para-continuar-os-estudos\/#article","isPartOf":{"@id":"https:\/\/radiolifefm.com.br\/noticias\/moradora-de-lucelia-que-e-estudante-de-medicina-tem-bolsa-retirada-e-cria-financiamento-coletivo-para-continuar-os-estudos\/"},"author":{"name":"joaograndao","@id":"https:\/\/radiolifefm.com.br\/noticias\/#\/schema\/person\/6876e1240feffe6e1b63fd5cb85abf28"},"headline":"Moradora de Luc\u00e9lia que \u00e9 estudante de medicina tem bolsa retirada e cria financiamento coletivo para continuar os estudos","datePublished":"2020-10-29T13:15:33+00:00","dateModified":"2026-05-02T01:11:50+00:00","mainEntityOfPage":{"@id":"https:\/\/radiolifefm.com.br\/noticias\/moradora-de-lucelia-que-e-estudante-de-medicina-tem-bolsa-retirada-e-cria-financiamento-coletivo-para-continuar-os-estudos\/"},"wordCount":660,"publisher":{"@id":"https:\/\/radiolifefm.com.br\/noticias\/#organization"},"image":{"@id":"https:\/\/radiolifefm.com.br\/noticias\/moradora-de-lucelia-que-e-estudante-de-medicina-tem-bolsa-retirada-e-cria-financiamento-coletivo-para-continuar-os-estudos\/#primaryimage"},"thumbnailUrl":"https:\/\/radiolifefm.com.br\/noticias\/wp-content\/uploads\/2020\/10\/fileg_456323-605x.jpg","articleSection":["Regi\u00e3o"],"inLanguage":"pt-BR"},{"@type":"WebPage","@id":"https:\/\/radiolifefm.com.br\/noticias\/moradora-de-lucelia-que-e-estudante-de-medicina-tem-bolsa-retirada-e-cria-financiamento-coletivo-para-continuar-os-estudos\/","url":"https:\/\/radiolifefm.com.br\/noticias\/moradora-de-lucelia-que-e-estudante-de-medicina-tem-bolsa-retirada-e-cria-financiamento-coletivo-para-continuar-os-estudos\/","name":"Moradora de Luc\u00e9lia que \u00e9 estudante de medicina tem bolsa retirada e cria financiamento coletivo para continuar os estudos - R\u00e1dio Life FM","isPartOf":{"@id":"https:\/\/radiolifefm.com.br\/noticias\/#website"},"primaryImageOfPage":{"@id":"https:\/\/radiolifefm.com.br\/noticias\/moradora-de-lucelia-que-e-estudante-de-medicina-tem-bolsa-retirada-e-cria-financiamento-coletivo-para-continuar-os-estudos\/#primaryimage"},"image":{"@id":"https:\/\/radiolifefm.com.br\/noticias\/moradora-de-lucelia-que-e-estudante-de-medicina-tem-bolsa-retirada-e-cria-financiamento-coletivo-para-continuar-os-estudos\/#primaryimage"},"thumbnailUrl":"https:\/\/radiolifefm.com.br\/noticias\/wp-content\/uploads\/2020\/10\/fileg_456323-605x.jpg","datePublished":"2020-10-29T13:15:33+00:00","dateModified":"2026-05-02T01:11:50+00:00","breadcrumb":{"@id":"https:\/\/radiolifefm.com.br\/noticias\/moradora-de-lucelia-que-e-estudante-de-medicina-tem-bolsa-retirada-e-cria-financiamento-coletivo-para-continuar-os-estudos\/#breadcrumb"},"inLanguage":"pt-BR","potentialAction":[{"@type":"ReadAction","target":["https:\/\/radiolifefm.com.br\/noticias\/moradora-de-lucelia-que-e-estudante-de-medicina-tem-bolsa-retirada-e-cria-financiamento-coletivo-para-continuar-os-estudos\/"]}]},{"@type":"ImageObject","inLanguage":"pt-BR","@id":"https:\/\/radiolifefm.com.br\/noticias\/moradora-de-lucelia-que-e-estudante-de-medicina-tem-bolsa-retirada-e-cria-financiamento-coletivo-para-continuar-os-estudos\/#primaryimage","url":"https:\/\/radiolifefm.com.br\/noticias\/wp-content\/uploads\/2020\/10\/fileg_456323-605x.jpg","contentUrl":"https:\/\/radiolifefm.com.br\/noticias\/wp-content\/uploads\/2020\/10\/fileg_456323-605x.jpg","width":605,"height":339},{"@type":"BreadcrumbList","@id":"https:\/\/radiolifefm.com.br\/noticias\/moradora-de-lucelia-que-e-estudante-de-medicina-tem-bolsa-retirada-e-cria-financiamento-coletivo-para-continuar-os-estudos\/#breadcrumb","itemListElement":[{"@type":"ListItem","position":1,"name":"In\u00edcio","item":"https:\/\/radiolifefm.com.br\/noticias\/"},{"@type":"ListItem","position":2,"name":"Moradora de Luc\u00e9lia que \u00e9 estudante de medicina tem bolsa retirada e cria financiamento coletivo para continuar os estudos"}]},{"@type":"WebSite","@id":"https:\/\/radiolifefm.com.br\/noticias\/#website","url":"https:\/\/radiolifefm.com.br\/noticias\/","name":"R\u00e1dio Life FM","description":"O Portal de Not\u00edcias de Adamantina","publisher":{"@id":"https:\/\/radiolifefm.com.br\/noticias\/#organization"},"alternateName":"Life FM","potentialAction":[{"@type":"SearchAction","target":{"@type":"EntryPoint","urlTemplate":"https:\/\/radiolifefm.com.br\/noticias\/?s={search_term_string}"},"query-input":{"@type":"PropertyValueSpecification","valueRequired":true,"valueName":"search_term_string"}}],"inLanguage":"pt-BR"},{"@type":"Organization","@id":"https:\/\/radiolifefm.com.br\/noticias\/#organization","name":"R\u00e1dio Life FM","alternateName":"Life FM","url":"https:\/\/radiolifefm.com.br\/noticias\/","logo":{"@type":"ImageObject","inLanguage":"pt-BR","@id":"https:\/\/radiolifefm.com.br\/noticias\/#\/schema\/logo\/image\/","url":"https:\/\/static.radiolifefm.com.br\/noticias\/wp-content\/uploads\/2019\/10\/logo-lifefm.png","contentUrl":"https:\/\/static.radiolifefm.com.br\/noticias\/wp-content\/uploads\/2019\/10\/logo-lifefm.png","width":196,"height":47,"caption":"R\u00e1dio Life FM"},"image":{"@id":"https:\/\/radiolifefm.com.br\/noticias\/#\/schema\/logo\/image\/"},"sameAs":["https:\/\/www.facebook.com\/radiolifefm\/","https:\/\/www.instagram.com\/life1079fm\/"]},{"@type":"Person","@id":"https:\/\/radiolifefm.com.br\/noticias\/#\/schema\/person\/6876e1240feffe6e1b63fd5cb85abf28","name":"joaograndao","image":{"@type":"ImageObject","inLanguage":"pt-BR","@id":"https:\/\/secure.gravatar.com\/avatar\/d5b1a3cf357ed9c50404e256a1294083aa8ab5d2a994001567302786016cb32c?s=96&d=mm&r=g","url":"https:\/\/secure.gravatar.com\/avatar\/d5b1a3cf357ed9c50404e256a1294083aa8ab5d2a994001567302786016cb32c?s=96&d=mm&r=g","contentUrl":"https:\/\/secure.gravatar.com\/avatar\/d5b1a3cf357ed9c50404e256a1294083aa8ab5d2a994001567302786016cb32c?s=96&d=mm&r=g","caption":"joaograndao"}}]}},"amp_enabled":true,"_links":{"self":[{"href":"https:\/\/radiolifefm.com.br\/noticias\/wp-json\/wp\/v2\/posts\/28933","targetHints":{"allow":["GET"]}}],"collection":[{"href":"https:\/\/radiolifefm.com.br\/noticias\/wp-json\/wp\/v2\/posts"}],"about":[{"href":"https:\/\/radiolifefm.com.br\/noticias\/wp-json\/wp\/v2\/types\/post"}],"author":[{"embeddable":true,"href":"https:\/\/radiolifefm.com.br\/noticias\/wp-json\/wp\/v2\/users\/8"}],"replies":[{"embeddable":true,"href":"https:\/\/radiolifefm.com.br\/noticias\/wp-json\/wp\/v2\/comments?post=28933"}],"version-history":[{"count":1,"href":"https:\/\/radiolifefm.com.br\/noticias\/wp-json\/wp\/v2\/posts\/28933\/revisions"}],"predecessor-version":[{"id":28935,"href":"https:\/\/radiolifefm.com.br\/noticias\/wp-json\/wp\/v2\/posts\/28933\/revisions\/28935"}],"wp:featuredmedia":[{"embeddable":true,"href":"https:\/\/radiolifefm.com.br\/noticias\/wp-json\/wp\/v2\/media\/28934"}],"wp:attachment":[{"href":"https:\/\/radiolifefm.com.br\/noticias\/wp-json\/wp\/v2\/media?parent=28933"}],"wp:term":[{"taxonomy":"category","embeddable":true,"href":"https:\/\/radiolifefm.com.br\/noticias\/wp-json\/wp\/v2\/categories?post=28933"},{"taxonomy":"post_tag","embeddable":true,"href":"https:\/\/radiolifefm.com.br\/noticias\/wp-json\/wp\/v2\/tags?post=28933"}],"curies":[{"name":"wp","href":"https:\/\/api.w.org\/{rel}","templated":true}]}}