{"id":28902,"date":"2020-10-28T22:32:26","date_gmt":"2020-10-29T01:32:26","guid":{"rendered":"https:\/\/radiolifefm.com.br\/noticias\/?p=28902"},"modified":"2026-04-08T14:42:32","modified_gmt":"2026-04-08T17:42:32","slug":"florida-iniciada-instalacao-de-cameras-de-monitoramento","status":"publish","type":"post","link":"https:\/\/radiolifefm.com.br\/noticias\/florida-iniciada-instalacao-de-cameras-de-monitoramento\/","title":{"rendered":"FL\u00d3RIDA: Iniciada instala\u00e7\u00e3o de c\u00e2meras de monitoramento"},"content":{"rendered":"<div id=\"fb-root\"><\/div>\n<p>Foi iniciada a instala\u00e7\u00e3o das c\u00e2meras e equipamentos que v\u00e3o compor o sistema de monitoramento em Fl\u00f3rida Paulista. A iniciativa \u00e9 do Conselho Comunit\u00e1rio de Seguran\u00e7a que conta com o apoio do F\u00f3rum da comarca de Fl\u00f3rida Paulista que destinou recursos na ordem dos R$ 29 mil.<\/p>\n<p>O valor est\u00e1 sendo empregado na aquisi\u00e7\u00e3o dos equipamentos e m\u00e3o de obra da instala\u00e7\u00e3o feita por uma empresa especializada e que j\u00e1 executou estes servi\u00e7os em outras cidades da regi\u00e3o.<\/p>\n<p>A Prefeitura de Fl\u00f3rida Paulista tamb\u00e9m \u00e9 parceira na realiza\u00e7\u00e3o deste projeto em arcar com os custos de internet e estrutura necess\u00e1ria como postes, energia e outros servi\u00e7os. Est\u00e3o sendo instaladas c\u00e2meras em pontos estrat\u00e9gicos da cidade cujo mapeamento j\u00e1 foi feito pelo delegado dr. Hilton Testi Renz e o sargento PM D\u2019Aquino.<\/p>\n<p>As imagens ser\u00e3o enviadas para as centrais instaladas na Delegacia de Pol\u00edcia e tamb\u00e9m na sede do 4\u00ba Grupamento Policial onde ser\u00e3o acessadas 24 horas e ainda v\u00e3o ficar gravadas para eventuais consultas por parte das autoridades municipais, auxiliando assim em investiga\u00e7\u00f5es e esclarecimentos de crimes.<\/p>\n<p>O presidente do Conseg, Pedro Ventura, destacou a import\u00e2ncia da destina\u00e7\u00e3o dos recursos financeiros feita pelo Poder Judici\u00e1rio e Minist\u00e9rio P\u00fablico para a execu\u00e7\u00e3o do projeto.<\/p>\n<p>Vale ressaltar que os recursos destinados pela Justi\u00e7a para aquisi\u00e7\u00e3o e instala\u00e7\u00e3o dos equipamentos j\u00e1 foram depositados na conta do Instituto Retribuir, respons\u00e1vel por acompanhar o desenvolvimento do projeto.<\/p>\n<p>&nbsp;<\/p>\n<p>Fonte: Folha Regional<\/p>\n","protected":false},"excerpt":{"rendered":"<p>Foi iniciada a instala\u00e7\u00e3o das c\u00e2meras e equipamentos que v\u00e3o compor o sistema de monitoramento em Fl\u00f3rida Paulista. A iniciativa \u00e9 do Conselho Comunit\u00e1rio de Seguran\u00e7a que conta com o apoio do F\u00f3rum da comarca de Fl\u00f3rida Paulista que destinou recursos na ordem dos R$ 29 mil. O valor est\u00e1 sendo empregado na aquisi\u00e7\u00e3o dos [&hellip;]<\/p>\n","protected":false},"author":8,"featured_media":28903,"comment_status":"closed","ping_status":"open","sticky":false,"template":"","format":"standard","meta":{"_acf_changed":false,"_exactmetrics_skip_tracking":false,"_exactmetrics_sitenote_active":false,"_exactmetrics_sitenote_note":"","_exactmetrics_sitenote_category":0,"footnotes":""},"categories":[24],"tags":[],"class_list":["post-28902","post","type-post","status-publish","format-standard","has-post-thumbnail","hentry","category-regiao"],"acf":[],"yoast_head":"<!-- This site is optimized with the Yoast SEO plugin v27.2 - https:\/\/yoast.com\/product\/yoast-seo-wordpress\/ -->\n<title>FL\u00d3RIDA: Iniciada instala\u00e7\u00e3o de c\u00e2meras de monitoramento - R\u00e1dio Life FM<\/title>\n<meta name=\"robots\" content=\"index, follow, max-snippet:-1, max-image-preview:large, max-video-preview:-1\" \/>\n<link rel=\"canonical\" href=\"https:\/\/radiolifefm.com.br\/noticias\/florida-iniciada-instalacao-de-cameras-de-monitoramento\/\" \/>\n<meta property=\"og:locale\" content=\"pt_BR\" \/>\n<meta property=\"og:type\" content=\"article\" \/>\n<meta property=\"og:title\" content=\"FL\u00d3RIDA: Iniciada instala\u00e7\u00e3o de c\u00e2meras de monitoramento - R\u00e1dio Life FM\" \/>\n<meta property=\"og:description\" content=\"Foi iniciada a instala\u00e7\u00e3o das c\u00e2meras e equipamentos que v\u00e3o compor o sistema de monitoramento em Fl\u00f3rida Paulista. A iniciativa \u00e9 do Conselho Comunit\u00e1rio de Seguran\u00e7a que conta com o apoio do F\u00f3rum da comarca de Fl\u00f3rida Paulista que destinou recursos na ordem dos R$ 29 mil. O valor est\u00e1 sendo empregado na aquisi\u00e7\u00e3o dos [&hellip;]\" \/>\n<meta property=\"og:url\" content=\"https:\/\/radiolifefm.com.br\/noticias\/florida-iniciada-instalacao-de-cameras-de-monitoramento\/\" \/>\n<meta property=\"og:site_name\" content=\"R\u00e1dio Life FM\" \/>\n<meta property=\"article:publisher\" content=\"https:\/\/www.facebook.com\/radiolifefm\/\" \/>\n<meta property=\"article:published_time\" content=\"2020-10-29T01:32:26+00:00\" \/>\n<meta property=\"article:modified_time\" content=\"2026-04-08T17:42:32+00:00\" \/>\n<meta property=\"og:image\" content=\"https:\/\/radiolifefm.com.br\/noticias\/wp-content\/uploads\/2020\/10\/F33-2.jpg\" \/>\n\t<meta property=\"og:image:width\" content=\"1000\" \/>\n\t<meta property=\"og:image:height\" content=\"664\" \/>\n\t<meta property=\"og:image:type\" content=\"image\/jpeg\" \/>\n<meta name=\"author\" content=\"joaograndao\" \/>\n<meta name=\"twitter:card\" content=\"summary_large_image\" \/>\n<meta name=\"twitter:label1\" content=\"Escrito por\" \/>\n\t<meta name=\"twitter:data1\" content=\"joaograndao\" \/>\n\t<meta name=\"twitter:label2\" content=\"Est. tempo de leitura\" \/>\n\t<meta name=\"twitter:data2\" content=\"1 minuto\" \/>\n<script type=\"application\/ld+json\" class=\"yoast-schema-graph\">{\"@context\":\"https:\/\/schema.org\",\"@graph\":[{\"@type\":\"Article\",\"@id\":\"https:\/\/radiolifefm.com.br\/noticias\/florida-iniciada-instalacao-de-cameras-de-monitoramento\/#article\",\"isPartOf\":{\"@id\":\"https:\/\/radiolifefm.com.br\/noticias\/florida-iniciada-instalacao-de-cameras-de-monitoramento\/\"},\"author\":{\"name\":\"joaograndao\",\"@id\":\"https:\/\/radiolifefm.com.br\/noticias\/#\/schema\/person\/6876e1240feffe6e1b63fd5cb85abf28\"},\"headline\":\"FL\u00d3RIDA: Iniciada instala\u00e7\u00e3o de c\u00e2meras de monitoramento\",\"datePublished\":\"2020-10-29T01:32:26+00:00\",\"dateModified\":\"2026-04-08T17:42:32+00:00\",\"mainEntityOfPage\":{\"@id\":\"https:\/\/radiolifefm.com.br\/noticias\/florida-iniciada-instalacao-de-cameras-de-monitoramento\/\"},\"wordCount\":279,\"publisher\":{\"@id\":\"https:\/\/radiolifefm.com.br\/noticias\/#organization\"},\"image\":{\"@id\":\"https:\/\/radiolifefm.com.br\/noticias\/florida-iniciada-instalacao-de-cameras-de-monitoramento\/#primaryimage\"},\"thumbnailUrl\":\"https:\/\/radiolifefm.com.br\/noticias\/wp-content\/uploads\/2020\/10\/F33-2.jpg\",\"articleSection\":[\"Regi\u00e3o\"],\"inLanguage\":\"pt-BR\"},{\"@type\":\"WebPage\",\"@id\":\"https:\/\/radiolifefm.com.br\/noticias\/florida-iniciada-instalacao-de-cameras-de-monitoramento\/\",\"url\":\"https:\/\/radiolifefm.com.br\/noticias\/florida-iniciada-instalacao-de-cameras-de-monitoramento\/\",\"name\":\"FL\u00d3RIDA: Iniciada instala\u00e7\u00e3o de c\u00e2meras de monitoramento - R\u00e1dio Life FM\",\"isPartOf\":{\"@id\":\"https:\/\/radiolifefm.com.br\/noticias\/#website\"},\"primaryImageOfPage\":{\"@id\":\"https:\/\/radiolifefm.com.br\/noticias\/florida-iniciada-instalacao-de-cameras-de-monitoramento\/#primaryimage\"},\"image\":{\"@id\":\"https:\/\/radiolifefm.com.br\/noticias\/florida-iniciada-instalacao-de-cameras-de-monitoramento\/#primaryimage\"},\"thumbnailUrl\":\"https:\/\/radiolifefm.com.br\/noticias\/wp-content\/uploads\/2020\/10\/F33-2.jpg\",\"datePublished\":\"2020-10-29T01:32:26+00:00\",\"dateModified\":\"2026-04-08T17:42:32+00:00\",\"breadcrumb\":{\"@id\":\"https:\/\/radiolifefm.com.br\/noticias\/florida-iniciada-instalacao-de-cameras-de-monitoramento\/#breadcrumb\"},\"inLanguage\":\"pt-BR\",\"potentialAction\":[{\"@type\":\"ReadAction\",\"target\":[\"https:\/\/radiolifefm.com.br\/noticias\/florida-iniciada-instalacao-de-cameras-de-monitoramento\/\"]}]},{\"@type\":\"ImageObject\",\"inLanguage\":\"pt-BR\",\"@id\":\"https:\/\/radiolifefm.com.br\/noticias\/florida-iniciada-instalacao-de-cameras-de-monitoramento\/#primaryimage\",\"url\":\"https:\/\/radiolifefm.com.br\/noticias\/wp-content\/uploads\/2020\/10\/F33-2.jpg\",\"contentUrl\":\"https:\/\/radiolifefm.com.br\/noticias\/wp-content\/uploads\/2020\/10\/F33-2.jpg\",\"width\":1000,\"height\":664},{\"@type\":\"BreadcrumbList\",\"@id\":\"https:\/\/radiolifefm.com.br\/noticias\/florida-iniciada-instalacao-de-cameras-de-monitoramento\/#breadcrumb\",\"itemListElement\":[{\"@type\":\"ListItem\",\"position\":1,\"name\":\"In\u00edcio\",\"item\":\"https:\/\/radiolifefm.com.br\/noticias\/\"},{\"@type\":\"ListItem\",\"position\":2,\"name\":\"FL\u00d3RIDA: Iniciada instala\u00e7\u00e3o de c\u00e2meras de monitoramento\"}]},{\"@type\":\"WebSite\",\"@id\":\"https:\/\/radiolifefm.com.br\/noticias\/#website\",\"url\":\"https:\/\/radiolifefm.com.br\/noticias\/\",\"name\":\"R\u00e1dio Life FM\",\"description\":\"O Portal de Not\u00edcias de Adamantina\",\"publisher\":{\"@id\":\"https:\/\/radiolifefm.com.br\/noticias\/#organization\"},\"alternateName\":\"Life FM\",\"potentialAction\":[{\"@type\":\"SearchAction\",\"target\":{\"@type\":\"EntryPoint\",\"urlTemplate\":\"https:\/\/radiolifefm.com.br\/noticias\/?s={search_term_string}\"},\"query-input\":{\"@type\":\"PropertyValueSpecification\",\"valueRequired\":true,\"valueName\":\"search_term_string\"}}],\"inLanguage\":\"pt-BR\"},{\"@type\":\"Organization\",\"@id\":\"https:\/\/radiolifefm.com.br\/noticias\/#organization\",\"name\":\"R\u00e1dio Life FM\",\"alternateName\":\"Life FM\",\"url\":\"https:\/\/radiolifefm.com.br\/noticias\/\",\"logo\":{\"@type\":\"ImageObject\",\"inLanguage\":\"pt-BR\",\"@id\":\"https:\/\/radiolifefm.com.br\/noticias\/#\/schema\/logo\/image\/\",\"url\":\"https:\/\/static.radiolifefm.com.br\/noticias\/wp-content\/uploads\/2019\/10\/logo-lifefm.png\",\"contentUrl\":\"https:\/\/static.radiolifefm.com.br\/noticias\/wp-content\/uploads\/2019\/10\/logo-lifefm.png\",\"width\":196,\"height\":47,\"caption\":\"R\u00e1dio Life FM\"},\"image\":{\"@id\":\"https:\/\/radiolifefm.com.br\/noticias\/#\/schema\/logo\/image\/\"},\"sameAs\":[\"https:\/\/www.facebook.com\/radiolifefm\/\",\"https:\/\/www.instagram.com\/life1079fm\/\"]},{\"@type\":\"Person\",\"@id\":\"https:\/\/radiolifefm.com.br\/noticias\/#\/schema\/person\/6876e1240feffe6e1b63fd5cb85abf28\",\"name\":\"joaograndao\",\"image\":{\"@type\":\"ImageObject\",\"inLanguage\":\"pt-BR\",\"@id\":\"https:\/\/secure.gravatar.com\/avatar\/d5b1a3cf357ed9c50404e256a1294083aa8ab5d2a994001567302786016cb32c?s=96&d=mm&r=g\",\"url\":\"https:\/\/secure.gravatar.com\/avatar\/d5b1a3cf357ed9c50404e256a1294083aa8ab5d2a994001567302786016cb32c?s=96&d=mm&r=g\",\"contentUrl\":\"https:\/\/secure.gravatar.com\/avatar\/d5b1a3cf357ed9c50404e256a1294083aa8ab5d2a994001567302786016cb32c?s=96&d=mm&r=g\",\"caption\":\"joaograndao\"}}]}<\/script>\n<!-- \/ Yoast SEO plugin. -->","yoast_head_json":{"title":"FL\u00d3RIDA: Iniciada instala\u00e7\u00e3o de c\u00e2meras de monitoramento - R\u00e1dio Life FM","robots":{"index":"index","follow":"follow","max-snippet":"max-snippet:-1","max-image-preview":"max-image-preview:large","max-video-preview":"max-video-preview:-1"},"canonical":"https:\/\/radiolifefm.com.br\/noticias\/florida-iniciada-instalacao-de-cameras-de-monitoramento\/","og_locale":"pt_BR","og_type":"article","og_title":"FL\u00d3RIDA: Iniciada instala\u00e7\u00e3o de c\u00e2meras de monitoramento - R\u00e1dio Life FM","og_description":"Foi iniciada a instala\u00e7\u00e3o das c\u00e2meras e equipamentos que v\u00e3o compor o sistema de monitoramento em Fl\u00f3rida Paulista. A iniciativa \u00e9 do Conselho Comunit\u00e1rio de Seguran\u00e7a que conta com o apoio do F\u00f3rum da comarca de Fl\u00f3rida Paulista que destinou recursos na ordem dos R$ 29 mil. O valor est\u00e1 sendo empregado na aquisi\u00e7\u00e3o dos [&hellip;]","og_url":"https:\/\/radiolifefm.com.br\/noticias\/florida-iniciada-instalacao-de-cameras-de-monitoramento\/","og_site_name":"R\u00e1dio Life FM","article_publisher":"https:\/\/www.facebook.com\/radiolifefm\/","article_published_time":"2020-10-29T01:32:26+00:00","article_modified_time":"2026-04-08T17:42:32+00:00","og_image":[{"width":1000,"height":664,"url":"https:\/\/radiolifefm.com.br\/noticias\/wp-content\/uploads\/2020\/10\/F33-2.jpg","type":"image\/jpeg"}],"author":"joaograndao","twitter_card":"summary_large_image","twitter_misc":{"Escrito por":"joaograndao","Est. tempo de leitura":"1 minuto"},"schema":{"@context":"https:\/\/schema.org","@graph":[{"@type":"Article","@id":"https:\/\/radiolifefm.com.br\/noticias\/florida-iniciada-instalacao-de-cameras-de-monitoramento\/#article","isPartOf":{"@id":"https:\/\/radiolifefm.com.br\/noticias\/florida-iniciada-instalacao-de-cameras-de-monitoramento\/"},"author":{"name":"joaograndao","@id":"https:\/\/radiolifefm.com.br\/noticias\/#\/schema\/person\/6876e1240feffe6e1b63fd5cb85abf28"},"headline":"FL\u00d3RIDA: Iniciada instala\u00e7\u00e3o de c\u00e2meras de monitoramento","datePublished":"2020-10-29T01:32:26+00:00","dateModified":"2026-04-08T17:42:32+00:00","mainEntityOfPage":{"@id":"https:\/\/radiolifefm.com.br\/noticias\/florida-iniciada-instalacao-de-cameras-de-monitoramento\/"},"wordCount":279,"publisher":{"@id":"https:\/\/radiolifefm.com.br\/noticias\/#organization"},"image":{"@id":"https:\/\/radiolifefm.com.br\/noticias\/florida-iniciada-instalacao-de-cameras-de-monitoramento\/#primaryimage"},"thumbnailUrl":"https:\/\/radiolifefm.com.br\/noticias\/wp-content\/uploads\/2020\/10\/F33-2.jpg","articleSection":["Regi\u00e3o"],"inLanguage":"pt-BR"},{"@type":"WebPage","@id":"https:\/\/radiolifefm.com.br\/noticias\/florida-iniciada-instalacao-de-cameras-de-monitoramento\/","url":"https:\/\/radiolifefm.com.br\/noticias\/florida-iniciada-instalacao-de-cameras-de-monitoramento\/","name":"FL\u00d3RIDA: Iniciada instala\u00e7\u00e3o de c\u00e2meras de monitoramento - R\u00e1dio Life FM","isPartOf":{"@id":"https:\/\/radiolifefm.com.br\/noticias\/#website"},"primaryImageOfPage":{"@id":"https:\/\/radiolifefm.com.br\/noticias\/florida-iniciada-instalacao-de-cameras-de-monitoramento\/#primaryimage"},"image":{"@id":"https:\/\/radiolifefm.com.br\/noticias\/florida-iniciada-instalacao-de-cameras-de-monitoramento\/#primaryimage"},"thumbnailUrl":"https:\/\/radiolifefm.com.br\/noticias\/wp-content\/uploads\/2020\/10\/F33-2.jpg","datePublished":"2020-10-29T01:32:26+00:00","dateModified":"2026-04-08T17:42:32+00:00","breadcrumb":{"@id":"https:\/\/radiolifefm.com.br\/noticias\/florida-iniciada-instalacao-de-cameras-de-monitoramento\/#breadcrumb"},"inLanguage":"pt-BR","potentialAction":[{"@type":"ReadAction","target":["https:\/\/radiolifefm.com.br\/noticias\/florida-iniciada-instalacao-de-cameras-de-monitoramento\/"]}]},{"@type":"ImageObject","inLanguage":"pt-BR","@id":"https:\/\/radiolifefm.com.br\/noticias\/florida-iniciada-instalacao-de-cameras-de-monitoramento\/#primaryimage","url":"https:\/\/radiolifefm.com.br\/noticias\/wp-content\/uploads\/2020\/10\/F33-2.jpg","contentUrl":"https:\/\/radiolifefm.com.br\/noticias\/wp-content\/uploads\/2020\/10\/F33-2.jpg","width":1000,"height":664},{"@type":"BreadcrumbList","@id":"https:\/\/radiolifefm.com.br\/noticias\/florida-iniciada-instalacao-de-cameras-de-monitoramento\/#breadcrumb","itemListElement":[{"@type":"ListItem","position":1,"name":"In\u00edcio","item":"https:\/\/radiolifefm.com.br\/noticias\/"},{"@type":"ListItem","position":2,"name":"FL\u00d3RIDA: Iniciada instala\u00e7\u00e3o de c\u00e2meras de monitoramento"}]},{"@type":"WebSite","@id":"https:\/\/radiolifefm.com.br\/noticias\/#website","url":"https:\/\/radiolifefm.com.br\/noticias\/","name":"R\u00e1dio Life FM","description":"O Portal de Not\u00edcias de Adamantina","publisher":{"@id":"https:\/\/radiolifefm.com.br\/noticias\/#organization"},"alternateName":"Life FM","potentialAction":[{"@type":"SearchAction","target":{"@type":"EntryPoint","urlTemplate":"https:\/\/radiolifefm.com.br\/noticias\/?s={search_term_string}"},"query-input":{"@type":"PropertyValueSpecification","valueRequired":true,"valueName":"search_term_string"}}],"inLanguage":"pt-BR"},{"@type":"Organization","@id":"https:\/\/radiolifefm.com.br\/noticias\/#organization","name":"R\u00e1dio Life FM","alternateName":"Life FM","url":"https:\/\/radiolifefm.com.br\/noticias\/","logo":{"@type":"ImageObject","inLanguage":"pt-BR","@id":"https:\/\/radiolifefm.com.br\/noticias\/#\/schema\/logo\/image\/","url":"https:\/\/static.radiolifefm.com.br\/noticias\/wp-content\/uploads\/2019\/10\/logo-lifefm.png","contentUrl":"https:\/\/static.radiolifefm.com.br\/noticias\/wp-content\/uploads\/2019\/10\/logo-lifefm.png","width":196,"height":47,"caption":"R\u00e1dio Life FM"},"image":{"@id":"https:\/\/radiolifefm.com.br\/noticias\/#\/schema\/logo\/image\/"},"sameAs":["https:\/\/www.facebook.com\/radiolifefm\/","https:\/\/www.instagram.com\/life1079fm\/"]},{"@type":"Person","@id":"https:\/\/radiolifefm.com.br\/noticias\/#\/schema\/person\/6876e1240feffe6e1b63fd5cb85abf28","name":"joaograndao","image":{"@type":"ImageObject","inLanguage":"pt-BR","@id":"https:\/\/secure.gravatar.com\/avatar\/d5b1a3cf357ed9c50404e256a1294083aa8ab5d2a994001567302786016cb32c?s=96&d=mm&r=g","url":"https:\/\/secure.gravatar.com\/avatar\/d5b1a3cf357ed9c50404e256a1294083aa8ab5d2a994001567302786016cb32c?s=96&d=mm&r=g","contentUrl":"https:\/\/secure.gravatar.com\/avatar\/d5b1a3cf357ed9c50404e256a1294083aa8ab5d2a994001567302786016cb32c?s=96&d=mm&r=g","caption":"joaograndao"}}]}},"amp_enabled":true,"_links":{"self":[{"href":"https:\/\/radiolifefm.com.br\/noticias\/wp-json\/wp\/v2\/posts\/28902","targetHints":{"allow":["GET"]}}],"collection":[{"href":"https:\/\/radiolifefm.com.br\/noticias\/wp-json\/wp\/v2\/posts"}],"about":[{"href":"https:\/\/radiolifefm.com.br\/noticias\/wp-json\/wp\/v2\/types\/post"}],"author":[{"embeddable":true,"href":"https:\/\/radiolifefm.com.br\/noticias\/wp-json\/wp\/v2\/users\/8"}],"replies":[{"embeddable":true,"href":"https:\/\/radiolifefm.com.br\/noticias\/wp-json\/wp\/v2\/comments?post=28902"}],"version-history":[{"count":1,"href":"https:\/\/radiolifefm.com.br\/noticias\/wp-json\/wp\/v2\/posts\/28902\/revisions"}],"predecessor-version":[{"id":28904,"href":"https:\/\/radiolifefm.com.br\/noticias\/wp-json\/wp\/v2\/posts\/28902\/revisions\/28904"}],"wp:featuredmedia":[{"embeddable":true,"href":"https:\/\/radiolifefm.com.br\/noticias\/wp-json\/wp\/v2\/media\/28903"}],"wp:attachment":[{"href":"https:\/\/radiolifefm.com.br\/noticias\/wp-json\/wp\/v2\/media?parent=28902"}],"wp:term":[{"taxonomy":"category","embeddable":true,"href":"https:\/\/radiolifefm.com.br\/noticias\/wp-json\/wp\/v2\/categories?post=28902"},{"taxonomy":"post_tag","embeddable":true,"href":"https:\/\/radiolifefm.com.br\/noticias\/wp-json\/wp\/v2\/tags?post=28902"}],"curies":[{"name":"wp","href":"https:\/\/api.w.org\/{rel}","templated":true}]}}