{"id":28880,"date":"2020-10-28T22:00:08","date_gmt":"2020-10-29T01:00:08","guid":{"rendered":"https:\/\/radiolifefm.com.br\/noticias\/?p=28880"},"modified":"2026-03-12T12:45:03","modified_gmt":"2026-03-12T15:45:03","slug":"acusado-de-matar-homem-em-fazenda-de-iacri-sp-diz-que-vingou-a-morte-do-irmao-ocorrida-no-ceara","status":"publish","type":"post","link":"https:\/\/radiolifefm.com.br\/noticias\/acusado-de-matar-homem-em-fazenda-de-iacri-sp-diz-que-vingou-a-morte-do-irmao-ocorrida-no-ceara\/","title":{"rendered":"Acusado de matar homem em fazenda de Iacri \u2013 SP, diz que vingou a morte do irm\u00e3o ocorrida no Cear\u00e1"},"content":{"rendered":"<div id=\"fb-root\"><\/div>\n<p>Preso pela Pol\u00edcia Civil na manh\u00e3 de hoje (28) acusado da autoria da morte de Francisco Marcos Pereira de Souza, que tinha 34 anos de idade, um morador de Iacri de 33 anos revelou que praticou o crime para vingar a morte do seu irm\u00e3o, homic\u00eddio este ocorrido em Pedra Branca, no estado do Cear\u00e1. O acusado contou ainda que a morte do seu irm\u00e3o foi praticada por Francisco de Souza, que estava residindo em Piacatu e foi assassinado a tiros em uma fazenda de Iacri, no \u00faltimo dia 17. O rev\u00f3lver usado no crime tamb\u00e9m foi apreendido.<\/p>\n<p>O delegado Wellington Ubirat\u00e3, da Delegacia de Pol\u00edcia Civil de Iacri, informou tamb\u00e9m que foi detido um jovem de 18 anos que teria levado de moto o indiv\u00edduo at\u00e9 a fazenda para executar Francisco de Souza. \u201cAp\u00f3s o cometimento do delito fizemos a investiga\u00e7\u00e3o e intelig\u00eancia policial, com apoio da DIG e DISE de Tup\u00e3, esclarecemos o crime e identificamos os dois envolvidos no homic\u00eddio do \u00faltimo dia 17. Na manh\u00e3 de hoje, dia 28, fizemos o trabalho de busca e diante da confiss\u00e3o dos investigados eu representei junto ao F\u00f3rum de Bastos pela pris\u00e3o tempor\u00e1ria de 30 dias de ambos os investigados\u201d.<\/p>\n<p>Wellington Ubirat\u00e3 revelou ainda que: \u201cSegundo o atirador a v\u00edtima teria ceifado a vida de seu irm\u00e3o de nome Daniel h\u00e1 5 anos atr\u00e1s na cidade de Pedra Branca no Cear\u00e1, e em virtude disso na data do dia 17 de outubro teria se vingado da morte do familiar. Contou ainda que o jovem de 18 anos levou ele &#8211; acusado &#8211; at\u00e9 a propriedade e ficou perto de uma ponte pr\u00f3ximo ao local do homic\u00eddio. Relatou tamb\u00e9m que desceu da moto e foi at\u00e9 o local do crime onde disparou sete tiros contra a v\u00edtima. Ainda segundo o depoimento existe uma desaven\u00e7a familiar\u201d.<\/p>\n<p>O trabalho policial realizado na manh\u00e3 de hoje contou com o delegado Wellington Ubirat\u00e3, o\u00a0investigador Jos\u00e9 C\u00edcero, que est\u00e1 substituindo a investigadora Viviane que desfruta de merecidas f\u00e9rias\u00a0e apoio da equipe da\u00a0DIG (Delegacia de Investiga\u00e7\u00f5es Gerais) de Tup\u00e3 &#8211; investigadores M\u00e1rcio, Tiago, Arthur, Marcio Jorge e Marshal.<\/p>\n<p>&nbsp;<\/p>\n<p>Fonte: Bastos J\u00e1<\/p>\n","protected":false},"excerpt":{"rendered":"<p>Preso pela Pol\u00edcia Civil na manh\u00e3 de hoje (28) acusado da autoria da morte de Francisco Marcos Pereira de Souza, que tinha 34 anos de idade, um morador de Iacri de 33 anos revelou que praticou o crime para vingar a morte do seu irm\u00e3o, homic\u00eddio este ocorrido em Pedra Branca, no estado do Cear\u00e1. [&hellip;]<\/p>\n","protected":false},"author":8,"featured_media":28881,"comment_status":"closed","ping_status":"open","sticky":false,"template":"","format":"standard","meta":{"_acf_changed":false,"_exactmetrics_skip_tracking":false,"_exactmetrics_sitenote_active":false,"_exactmetrics_sitenote_note":"","_exactmetrics_sitenote_category":0,"footnotes":""},"categories":[24],"tags":[],"class_list":["post-28880","post","type-post","status-publish","format-standard","has-post-thumbnail","hentry","category-regiao"],"acf":[],"yoast_head":"<!-- This site is optimized with the Yoast SEO plugin v27.2 - https:\/\/yoast.com\/product\/yoast-seo-wordpress\/ -->\n<title>Acusado de matar homem em fazenda de Iacri \u2013 SP, diz que vingou a morte do irm\u00e3o ocorrida no Cear\u00e1 - R\u00e1dio Life FM<\/title>\n<meta name=\"robots\" content=\"index, follow, max-snippet:-1, max-image-preview:large, max-video-preview:-1\" \/>\n<link rel=\"canonical\" href=\"https:\/\/radiolifefm.com.br\/noticias\/acusado-de-matar-homem-em-fazenda-de-iacri-sp-diz-que-vingou-a-morte-do-irmao-ocorrida-no-ceara\/\" \/>\n<meta property=\"og:locale\" content=\"pt_BR\" \/>\n<meta property=\"og:type\" content=\"article\" \/>\n<meta property=\"og:title\" content=\"Acusado de matar homem em fazenda de Iacri \u2013 SP, diz que vingou a morte do irm\u00e3o ocorrida no Cear\u00e1 - R\u00e1dio Life FM\" \/>\n<meta property=\"og:description\" content=\"Preso pela Pol\u00edcia Civil na manh\u00e3 de hoje (28) acusado da autoria da morte de Francisco Marcos Pereira de Souza, que tinha 34 anos de idade, um morador de Iacri de 33 anos revelou que praticou o crime para vingar a morte do seu irm\u00e3o, homic\u00eddio este ocorrido em Pedra Branca, no estado do Cear\u00e1. [&hellip;]\" \/>\n<meta property=\"og:url\" content=\"https:\/\/radiolifefm.com.br\/noticias\/acusado-de-matar-homem-em-fazenda-de-iacri-sp-diz-que-vingou-a-morte-do-irmao-ocorrida-no-ceara\/\" \/>\n<meta property=\"og:site_name\" content=\"R\u00e1dio Life FM\" \/>\n<meta property=\"article:publisher\" content=\"https:\/\/www.facebook.com\/radiolifefm\/\" \/>\n<meta property=\"article:published_time\" content=\"2020-10-29T01:00:08+00:00\" \/>\n<meta property=\"article:modified_time\" content=\"2026-03-12T15:45:03+00:00\" \/>\n<meta property=\"og:image\" content=\"https:\/\/radiolifefm.com.br\/noticias\/wp-content\/uploads\/2020\/10\/16039013040_mFiSBtSKtbKnv1Q.jpg\" \/>\n\t<meta property=\"og:image:width\" content=\"800\" \/>\n\t<meta property=\"og:image:height\" content=\"519\" \/>\n\t<meta property=\"og:image:type\" content=\"image\/jpeg\" \/>\n<meta name=\"author\" content=\"joaograndao\" \/>\n<meta name=\"twitter:card\" content=\"summary_large_image\" \/>\n<meta name=\"twitter:label1\" content=\"Escrito por\" \/>\n\t<meta name=\"twitter:data1\" content=\"joaograndao\" \/>\n\t<meta name=\"twitter:label2\" content=\"Est. tempo de leitura\" \/>\n\t<meta name=\"twitter:data2\" content=\"2 minutos\" \/>\n<script type=\"application\/ld+json\" class=\"yoast-schema-graph\">{\"@context\":\"https:\/\/schema.org\",\"@graph\":[{\"@type\":\"Article\",\"@id\":\"https:\/\/radiolifefm.com.br\/noticias\/acusado-de-matar-homem-em-fazenda-de-iacri-sp-diz-que-vingou-a-morte-do-irmao-ocorrida-no-ceara\/#article\",\"isPartOf\":{\"@id\":\"https:\/\/radiolifefm.com.br\/noticias\/acusado-de-matar-homem-em-fazenda-de-iacri-sp-diz-que-vingou-a-morte-do-irmao-ocorrida-no-ceara\/\"},\"author\":{\"name\":\"joaograndao\",\"@id\":\"https:\/\/radiolifefm.com.br\/noticias\/#\/schema\/person\/6876e1240feffe6e1b63fd5cb85abf28\"},\"headline\":\"Acusado de matar homem em fazenda de Iacri \u2013 SP, diz que vingou a morte do irm\u00e3o ocorrida no Cear\u00e1\",\"datePublished\":\"2020-10-29T01:00:08+00:00\",\"dateModified\":\"2026-03-12T15:45:03+00:00\",\"mainEntityOfPage\":{\"@id\":\"https:\/\/radiolifefm.com.br\/noticias\/acusado-de-matar-homem-em-fazenda-de-iacri-sp-diz-que-vingou-a-morte-do-irmao-ocorrida-no-ceara\/\"},\"wordCount\":397,\"publisher\":{\"@id\":\"https:\/\/radiolifefm.com.br\/noticias\/#organization\"},\"image\":{\"@id\":\"https:\/\/radiolifefm.com.br\/noticias\/acusado-de-matar-homem-em-fazenda-de-iacri-sp-diz-que-vingou-a-morte-do-irmao-ocorrida-no-ceara\/#primaryimage\"},\"thumbnailUrl\":\"https:\/\/radiolifefm.com.br\/noticias\/wp-content\/uploads\/2020\/10\/16039013040_mFiSBtSKtbKnv1Q.jpg\",\"articleSection\":[\"Regi\u00e3o\"],\"inLanguage\":\"pt-BR\"},{\"@type\":\"WebPage\",\"@id\":\"https:\/\/radiolifefm.com.br\/noticias\/acusado-de-matar-homem-em-fazenda-de-iacri-sp-diz-que-vingou-a-morte-do-irmao-ocorrida-no-ceara\/\",\"url\":\"https:\/\/radiolifefm.com.br\/noticias\/acusado-de-matar-homem-em-fazenda-de-iacri-sp-diz-que-vingou-a-morte-do-irmao-ocorrida-no-ceara\/\",\"name\":\"Acusado de matar homem em fazenda de Iacri \u2013 SP, diz que vingou a morte do irm\u00e3o ocorrida no Cear\u00e1 - R\u00e1dio Life FM\",\"isPartOf\":{\"@id\":\"https:\/\/radiolifefm.com.br\/noticias\/#website\"},\"primaryImageOfPage\":{\"@id\":\"https:\/\/radiolifefm.com.br\/noticias\/acusado-de-matar-homem-em-fazenda-de-iacri-sp-diz-que-vingou-a-morte-do-irmao-ocorrida-no-ceara\/#primaryimage\"},\"image\":{\"@id\":\"https:\/\/radiolifefm.com.br\/noticias\/acusado-de-matar-homem-em-fazenda-de-iacri-sp-diz-que-vingou-a-morte-do-irmao-ocorrida-no-ceara\/#primaryimage\"},\"thumbnailUrl\":\"https:\/\/radiolifefm.com.br\/noticias\/wp-content\/uploads\/2020\/10\/16039013040_mFiSBtSKtbKnv1Q.jpg\",\"datePublished\":\"2020-10-29T01:00:08+00:00\",\"dateModified\":\"2026-03-12T15:45:03+00:00\",\"breadcrumb\":{\"@id\":\"https:\/\/radiolifefm.com.br\/noticias\/acusado-de-matar-homem-em-fazenda-de-iacri-sp-diz-que-vingou-a-morte-do-irmao-ocorrida-no-ceara\/#breadcrumb\"},\"inLanguage\":\"pt-BR\",\"potentialAction\":[{\"@type\":\"ReadAction\",\"target\":[\"https:\/\/radiolifefm.com.br\/noticias\/acusado-de-matar-homem-em-fazenda-de-iacri-sp-diz-que-vingou-a-morte-do-irmao-ocorrida-no-ceara\/\"]}]},{\"@type\":\"ImageObject\",\"inLanguage\":\"pt-BR\",\"@id\":\"https:\/\/radiolifefm.com.br\/noticias\/acusado-de-matar-homem-em-fazenda-de-iacri-sp-diz-que-vingou-a-morte-do-irmao-ocorrida-no-ceara\/#primaryimage\",\"url\":\"https:\/\/radiolifefm.com.br\/noticias\/wp-content\/uploads\/2020\/10\/16039013040_mFiSBtSKtbKnv1Q.jpg\",\"contentUrl\":\"https:\/\/radiolifefm.com.br\/noticias\/wp-content\/uploads\/2020\/10\/16039013040_mFiSBtSKtbKnv1Q.jpg\",\"width\":800,\"height\":519},{\"@type\":\"BreadcrumbList\",\"@id\":\"https:\/\/radiolifefm.com.br\/noticias\/acusado-de-matar-homem-em-fazenda-de-iacri-sp-diz-que-vingou-a-morte-do-irmao-ocorrida-no-ceara\/#breadcrumb\",\"itemListElement\":[{\"@type\":\"ListItem\",\"position\":1,\"name\":\"In\u00edcio\",\"item\":\"https:\/\/radiolifefm.com.br\/noticias\/\"},{\"@type\":\"ListItem\",\"position\":2,\"name\":\"Acusado de matar homem em fazenda de Iacri \u2013 SP, diz que vingou a morte do irm\u00e3o ocorrida no Cear\u00e1\"}]},{\"@type\":\"WebSite\",\"@id\":\"https:\/\/radiolifefm.com.br\/noticias\/#website\",\"url\":\"https:\/\/radiolifefm.com.br\/noticias\/\",\"name\":\"R\u00e1dio Life FM\",\"description\":\"O Portal de Not\u00edcias de Adamantina\",\"publisher\":{\"@id\":\"https:\/\/radiolifefm.com.br\/noticias\/#organization\"},\"alternateName\":\"Life FM\",\"potentialAction\":[{\"@type\":\"SearchAction\",\"target\":{\"@type\":\"EntryPoint\",\"urlTemplate\":\"https:\/\/radiolifefm.com.br\/noticias\/?s={search_term_string}\"},\"query-input\":{\"@type\":\"PropertyValueSpecification\",\"valueRequired\":true,\"valueName\":\"search_term_string\"}}],\"inLanguage\":\"pt-BR\"},{\"@type\":\"Organization\",\"@id\":\"https:\/\/radiolifefm.com.br\/noticias\/#organization\",\"name\":\"R\u00e1dio Life FM\",\"alternateName\":\"Life FM\",\"url\":\"https:\/\/radiolifefm.com.br\/noticias\/\",\"logo\":{\"@type\":\"ImageObject\",\"inLanguage\":\"pt-BR\",\"@id\":\"https:\/\/radiolifefm.com.br\/noticias\/#\/schema\/logo\/image\/\",\"url\":\"https:\/\/static.radiolifefm.com.br\/noticias\/wp-content\/uploads\/2019\/10\/logo-lifefm.png\",\"contentUrl\":\"https:\/\/static.radiolifefm.com.br\/noticias\/wp-content\/uploads\/2019\/10\/logo-lifefm.png\",\"width\":196,\"height\":47,\"caption\":\"R\u00e1dio Life FM\"},\"image\":{\"@id\":\"https:\/\/radiolifefm.com.br\/noticias\/#\/schema\/logo\/image\/\"},\"sameAs\":[\"https:\/\/www.facebook.com\/radiolifefm\/\",\"https:\/\/www.instagram.com\/life1079fm\/\"]},{\"@type\":\"Person\",\"@id\":\"https:\/\/radiolifefm.com.br\/noticias\/#\/schema\/person\/6876e1240feffe6e1b63fd5cb85abf28\",\"name\":\"joaograndao\",\"image\":{\"@type\":\"ImageObject\",\"inLanguage\":\"pt-BR\",\"@id\":\"https:\/\/secure.gravatar.com\/avatar\/d5b1a3cf357ed9c50404e256a1294083aa8ab5d2a994001567302786016cb32c?s=96&d=mm&r=g\",\"url\":\"https:\/\/secure.gravatar.com\/avatar\/d5b1a3cf357ed9c50404e256a1294083aa8ab5d2a994001567302786016cb32c?s=96&d=mm&r=g\",\"contentUrl\":\"https:\/\/secure.gravatar.com\/avatar\/d5b1a3cf357ed9c50404e256a1294083aa8ab5d2a994001567302786016cb32c?s=96&d=mm&r=g\",\"caption\":\"joaograndao\"}}]}<\/script>\n<!-- \/ Yoast SEO plugin. -->","yoast_head_json":{"title":"Acusado de matar homem em fazenda de Iacri \u2013 SP, diz que vingou a morte do irm\u00e3o ocorrida no Cear\u00e1 - R\u00e1dio Life FM","robots":{"index":"index","follow":"follow","max-snippet":"max-snippet:-1","max-image-preview":"max-image-preview:large","max-video-preview":"max-video-preview:-1"},"canonical":"https:\/\/radiolifefm.com.br\/noticias\/acusado-de-matar-homem-em-fazenda-de-iacri-sp-diz-que-vingou-a-morte-do-irmao-ocorrida-no-ceara\/","og_locale":"pt_BR","og_type":"article","og_title":"Acusado de matar homem em fazenda de Iacri \u2013 SP, diz que vingou a morte do irm\u00e3o ocorrida no Cear\u00e1 - R\u00e1dio Life FM","og_description":"Preso pela Pol\u00edcia Civil na manh\u00e3 de hoje (28) acusado da autoria da morte de Francisco Marcos Pereira de Souza, que tinha 34 anos de idade, um morador de Iacri de 33 anos revelou que praticou o crime para vingar a morte do seu irm\u00e3o, homic\u00eddio este ocorrido em Pedra Branca, no estado do Cear\u00e1. [&hellip;]","og_url":"https:\/\/radiolifefm.com.br\/noticias\/acusado-de-matar-homem-em-fazenda-de-iacri-sp-diz-que-vingou-a-morte-do-irmao-ocorrida-no-ceara\/","og_site_name":"R\u00e1dio Life FM","article_publisher":"https:\/\/www.facebook.com\/radiolifefm\/","article_published_time":"2020-10-29T01:00:08+00:00","article_modified_time":"2026-03-12T15:45:03+00:00","og_image":[{"width":800,"height":519,"url":"https:\/\/radiolifefm.com.br\/noticias\/wp-content\/uploads\/2020\/10\/16039013040_mFiSBtSKtbKnv1Q.jpg","type":"image\/jpeg"}],"author":"joaograndao","twitter_card":"summary_large_image","twitter_misc":{"Escrito por":"joaograndao","Est. tempo de leitura":"2 minutos"},"schema":{"@context":"https:\/\/schema.org","@graph":[{"@type":"Article","@id":"https:\/\/radiolifefm.com.br\/noticias\/acusado-de-matar-homem-em-fazenda-de-iacri-sp-diz-que-vingou-a-morte-do-irmao-ocorrida-no-ceara\/#article","isPartOf":{"@id":"https:\/\/radiolifefm.com.br\/noticias\/acusado-de-matar-homem-em-fazenda-de-iacri-sp-diz-que-vingou-a-morte-do-irmao-ocorrida-no-ceara\/"},"author":{"name":"joaograndao","@id":"https:\/\/radiolifefm.com.br\/noticias\/#\/schema\/person\/6876e1240feffe6e1b63fd5cb85abf28"},"headline":"Acusado de matar homem em fazenda de Iacri \u2013 SP, diz que vingou a morte do irm\u00e3o ocorrida no Cear\u00e1","datePublished":"2020-10-29T01:00:08+00:00","dateModified":"2026-03-12T15:45:03+00:00","mainEntityOfPage":{"@id":"https:\/\/radiolifefm.com.br\/noticias\/acusado-de-matar-homem-em-fazenda-de-iacri-sp-diz-que-vingou-a-morte-do-irmao-ocorrida-no-ceara\/"},"wordCount":397,"publisher":{"@id":"https:\/\/radiolifefm.com.br\/noticias\/#organization"},"image":{"@id":"https:\/\/radiolifefm.com.br\/noticias\/acusado-de-matar-homem-em-fazenda-de-iacri-sp-diz-que-vingou-a-morte-do-irmao-ocorrida-no-ceara\/#primaryimage"},"thumbnailUrl":"https:\/\/radiolifefm.com.br\/noticias\/wp-content\/uploads\/2020\/10\/16039013040_mFiSBtSKtbKnv1Q.jpg","articleSection":["Regi\u00e3o"],"inLanguage":"pt-BR"},{"@type":"WebPage","@id":"https:\/\/radiolifefm.com.br\/noticias\/acusado-de-matar-homem-em-fazenda-de-iacri-sp-diz-que-vingou-a-morte-do-irmao-ocorrida-no-ceara\/","url":"https:\/\/radiolifefm.com.br\/noticias\/acusado-de-matar-homem-em-fazenda-de-iacri-sp-diz-que-vingou-a-morte-do-irmao-ocorrida-no-ceara\/","name":"Acusado de matar homem em fazenda de Iacri \u2013 SP, diz que vingou a morte do irm\u00e3o ocorrida no Cear\u00e1 - R\u00e1dio Life FM","isPartOf":{"@id":"https:\/\/radiolifefm.com.br\/noticias\/#website"},"primaryImageOfPage":{"@id":"https:\/\/radiolifefm.com.br\/noticias\/acusado-de-matar-homem-em-fazenda-de-iacri-sp-diz-que-vingou-a-morte-do-irmao-ocorrida-no-ceara\/#primaryimage"},"image":{"@id":"https:\/\/radiolifefm.com.br\/noticias\/acusado-de-matar-homem-em-fazenda-de-iacri-sp-diz-que-vingou-a-morte-do-irmao-ocorrida-no-ceara\/#primaryimage"},"thumbnailUrl":"https:\/\/radiolifefm.com.br\/noticias\/wp-content\/uploads\/2020\/10\/16039013040_mFiSBtSKtbKnv1Q.jpg","datePublished":"2020-10-29T01:00:08+00:00","dateModified":"2026-03-12T15:45:03+00:00","breadcrumb":{"@id":"https:\/\/radiolifefm.com.br\/noticias\/acusado-de-matar-homem-em-fazenda-de-iacri-sp-diz-que-vingou-a-morte-do-irmao-ocorrida-no-ceara\/#breadcrumb"},"inLanguage":"pt-BR","potentialAction":[{"@type":"ReadAction","target":["https:\/\/radiolifefm.com.br\/noticias\/acusado-de-matar-homem-em-fazenda-de-iacri-sp-diz-que-vingou-a-morte-do-irmao-ocorrida-no-ceara\/"]}]},{"@type":"ImageObject","inLanguage":"pt-BR","@id":"https:\/\/radiolifefm.com.br\/noticias\/acusado-de-matar-homem-em-fazenda-de-iacri-sp-diz-que-vingou-a-morte-do-irmao-ocorrida-no-ceara\/#primaryimage","url":"https:\/\/radiolifefm.com.br\/noticias\/wp-content\/uploads\/2020\/10\/16039013040_mFiSBtSKtbKnv1Q.jpg","contentUrl":"https:\/\/radiolifefm.com.br\/noticias\/wp-content\/uploads\/2020\/10\/16039013040_mFiSBtSKtbKnv1Q.jpg","width":800,"height":519},{"@type":"BreadcrumbList","@id":"https:\/\/radiolifefm.com.br\/noticias\/acusado-de-matar-homem-em-fazenda-de-iacri-sp-diz-que-vingou-a-morte-do-irmao-ocorrida-no-ceara\/#breadcrumb","itemListElement":[{"@type":"ListItem","position":1,"name":"In\u00edcio","item":"https:\/\/radiolifefm.com.br\/noticias\/"},{"@type":"ListItem","position":2,"name":"Acusado de matar homem em fazenda de Iacri \u2013 SP, diz que vingou a morte do irm\u00e3o ocorrida no Cear\u00e1"}]},{"@type":"WebSite","@id":"https:\/\/radiolifefm.com.br\/noticias\/#website","url":"https:\/\/radiolifefm.com.br\/noticias\/","name":"R\u00e1dio Life FM","description":"O Portal de Not\u00edcias de Adamantina","publisher":{"@id":"https:\/\/radiolifefm.com.br\/noticias\/#organization"},"alternateName":"Life FM","potentialAction":[{"@type":"SearchAction","target":{"@type":"EntryPoint","urlTemplate":"https:\/\/radiolifefm.com.br\/noticias\/?s={search_term_string}"},"query-input":{"@type":"PropertyValueSpecification","valueRequired":true,"valueName":"search_term_string"}}],"inLanguage":"pt-BR"},{"@type":"Organization","@id":"https:\/\/radiolifefm.com.br\/noticias\/#organization","name":"R\u00e1dio Life FM","alternateName":"Life FM","url":"https:\/\/radiolifefm.com.br\/noticias\/","logo":{"@type":"ImageObject","inLanguage":"pt-BR","@id":"https:\/\/radiolifefm.com.br\/noticias\/#\/schema\/logo\/image\/","url":"https:\/\/static.radiolifefm.com.br\/noticias\/wp-content\/uploads\/2019\/10\/logo-lifefm.png","contentUrl":"https:\/\/static.radiolifefm.com.br\/noticias\/wp-content\/uploads\/2019\/10\/logo-lifefm.png","width":196,"height":47,"caption":"R\u00e1dio Life FM"},"image":{"@id":"https:\/\/radiolifefm.com.br\/noticias\/#\/schema\/logo\/image\/"},"sameAs":["https:\/\/www.facebook.com\/radiolifefm\/","https:\/\/www.instagram.com\/life1079fm\/"]},{"@type":"Person","@id":"https:\/\/radiolifefm.com.br\/noticias\/#\/schema\/person\/6876e1240feffe6e1b63fd5cb85abf28","name":"joaograndao","image":{"@type":"ImageObject","inLanguage":"pt-BR","@id":"https:\/\/secure.gravatar.com\/avatar\/d5b1a3cf357ed9c50404e256a1294083aa8ab5d2a994001567302786016cb32c?s=96&d=mm&r=g","url":"https:\/\/secure.gravatar.com\/avatar\/d5b1a3cf357ed9c50404e256a1294083aa8ab5d2a994001567302786016cb32c?s=96&d=mm&r=g","contentUrl":"https:\/\/secure.gravatar.com\/avatar\/d5b1a3cf357ed9c50404e256a1294083aa8ab5d2a994001567302786016cb32c?s=96&d=mm&r=g","caption":"joaograndao"}}]}},"amp_enabled":true,"_links":{"self":[{"href":"https:\/\/radiolifefm.com.br\/noticias\/wp-json\/wp\/v2\/posts\/28880","targetHints":{"allow":["GET"]}}],"collection":[{"href":"https:\/\/radiolifefm.com.br\/noticias\/wp-json\/wp\/v2\/posts"}],"about":[{"href":"https:\/\/radiolifefm.com.br\/noticias\/wp-json\/wp\/v2\/types\/post"}],"author":[{"embeddable":true,"href":"https:\/\/radiolifefm.com.br\/noticias\/wp-json\/wp\/v2\/users\/8"}],"replies":[{"embeddable":true,"href":"https:\/\/radiolifefm.com.br\/noticias\/wp-json\/wp\/v2\/comments?post=28880"}],"version-history":[{"count":1,"href":"https:\/\/radiolifefm.com.br\/noticias\/wp-json\/wp\/v2\/posts\/28880\/revisions"}],"predecessor-version":[{"id":28882,"href":"https:\/\/radiolifefm.com.br\/noticias\/wp-json\/wp\/v2\/posts\/28880\/revisions\/28882"}],"wp:featuredmedia":[{"embeddable":true,"href":"https:\/\/radiolifefm.com.br\/noticias\/wp-json\/wp\/v2\/media\/28881"}],"wp:attachment":[{"href":"https:\/\/radiolifefm.com.br\/noticias\/wp-json\/wp\/v2\/media?parent=28880"}],"wp:term":[{"taxonomy":"category","embeddable":true,"href":"https:\/\/radiolifefm.com.br\/noticias\/wp-json\/wp\/v2\/categories?post=28880"},{"taxonomy":"post_tag","embeddable":true,"href":"https:\/\/radiolifefm.com.br\/noticias\/wp-json\/wp\/v2\/tags?post=28880"}],"curies":[{"name":"wp","href":"https:\/\/api.w.org\/{rel}","templated":true}]}}