{"id":28817,"date":"2020-10-28T09:27:06","date_gmt":"2020-10-28T12:27:06","guid":{"rendered":"https:\/\/radiolifefm.com.br\/noticias\/?p=28817"},"modified":"2026-04-27T22:13:26","modified_gmt":"2026-04-28T01:13:26","slug":"justica-eleitoral-ve-propaganda-subliminar-em-temporizacao-de-semaforos-com-o-mesmo-numero-de-candidatura-de-prefeito","status":"publish","type":"post","link":"https:\/\/radiolifefm.com.br\/noticias\/justica-eleitoral-ve-propaganda-subliminar-em-temporizacao-de-semaforos-com-o-mesmo-numero-de-candidatura-de-prefeito\/","title":{"rendered":"Justi\u00e7a Eleitoral v\u00ea &#8216;propaganda subliminar&#8217; em temporiza\u00e7\u00e3o de sem\u00e1foros com o mesmo n\u00famero de candidatura de prefeito"},"content":{"rendered":"<div id=\"fb-root\"><\/div>\n<div class=\"mc-column content-text active-extra-styles \" data-block-type=\"unstyled\" data-block-weight=\"43\" data-block-id=\"2\">\n<p class=\"content-text__container \" data-track-category=\"Link no Texto\" data-track-links=\"\">A ju\u00edza da 149\u00aa Zona Eleitoral de\u00a0<a href=\"https:\/\/g1.globo.com\/sp\/presidente-prudente-regiao\/cidade\/dracena\/\">Dracena (SP)<\/a>, Aline Sugahara Bertaco, determinou para que o atual prefeito da cidade, Juliano Brito Bertolini (PODE), restabele\u00e7a no prazo de 48 horas a programa\u00e7\u00e3o anterior de tempo de sinaliza\u00e7\u00e3o de todos os sem\u00e1foros do munic\u00edpio.<\/p>\n<\/div>\n<div class=\"wall protected-content\">\n<div class=\"mc-column content-text active-extra-styles \" data-block-type=\"unstyled\" data-block-weight=\"53\" data-block-id=\"3\">\n<p class=\"content-text__container \" data-track-category=\"Link no Texto\" data-track-links=\"\">A decis\u00e3o, proferida nesta segunda-feira (26), foi dada no \u00e2mbito de uma a\u00e7\u00e3o de investiga\u00e7\u00e3o judicial eleitoral, ajuizada pela coliga\u00e7\u00e3o Todos por Dracena, formada pelos partidos Republicanos, Pros, DEM e Patriota, contra Juliano Brito Bertolini, o vice-prefeito Mois\u00e9s Antonio de Lima e a coliga\u00e7\u00e3o Unidos Faremos Mais!, formada por PTB, Podemos e PV.<\/p>\n<\/div>\n<div class=\"mc-column content-text active-extra-styles \" data-block-type=\"unstyled\" data-block-weight=\"45\" data-block-id=\"4\">\n<p class=\"content-text__container \" data-track-category=\"Link no Texto\" data-track-links=\"\">Na a\u00e7\u00e3o, os autores alegam que Bertolini, na condi\u00e7\u00e3o de atual prefeito de Dracena, alterou a temporiza\u00e7\u00e3o de todos os sem\u00e1foros de tr\u00e2nsito da cidade, a fim de que os equipamentos tivessem o tempo de 19 segundos, mesmo n\u00famero utilizado para sua candidatura \u00e0 reelei\u00e7\u00e3o.<\/p>\n<\/div>\n<div class=\"mc-column content-text active-extra-styles \" data-block-type=\"unstyled\" data-block-weight=\"50\" data-block-id=\"5\">\n<p class=\"content-text__container \" data-track-category=\"Link no Texto\" data-track-links=\"\">Para os autores da a\u00e7\u00e3o, tal atitude do chefe do Poder Executivo caracterizou \u201cabuso do poder pol\u00edtico em raz\u00e3o da utiliza\u00e7\u00e3o da m\u00e1quina estatal a fim de fazer sua campanha eleitoral, com a estrita finalidade de abusar do poder pol\u00edtico a ele concedido, concluindo pelo car\u00e1ter subliminar da propaganda\u201d.<\/p>\n<\/div>\n<div class=\"mc-column content-text active-extra-styles \" data-block-type=\"unstyled\" data-block-weight=\"33\" data-block-id=\"6\">\n<p class=\"content-text__container \" data-track-category=\"Link no Texto\" data-track-links=\"\">A a\u00e7\u00e3o pede a cassa\u00e7\u00e3o dos registros ou diplomas dos investigados, bem como a inelegibilidade para as elei\u00e7\u00f5es a se realizarem nos oito anos subsequentes ao pleito do pr\u00f3ximo dia 15 de novembro.<\/p>\n<\/div>\n<div class=\"mc-column content-text active-extra-styles \" data-block-type=\"unstyled\" data-block-weight=\"22\" data-block-id=\"8\">\n<p class=\"content-text__container \" data-track-category=\"Link no Texto\" data-track-links=\"\">Segundo a decis\u00e3o, a coliga\u00e7\u00e3o autora apresentou testemunhas e juntou documentos e v\u00eddeos nos quais se verifica a situa\u00e7\u00e3o descrita na a\u00e7\u00e3o.<\/p>\n<\/div>\n<div class=\"mc-column content-text active-extra-styles \" data-block-type=\"unstyled\" data-block-weight=\"21\" data-block-id=\"9\">\n<p class=\"content-text__container \" data-track-category=\"Link no Texto\" data-track-links=\"\">O Minist\u00e9rio P\u00fablico Eleitoral requereu a suspens\u00e3o do ato para que os sem\u00e1foros voltem \u00e0 programa\u00e7\u00e3o anterior de tempo de sinaliza\u00e7\u00e3o.<\/p>\n<\/div>\n<div class=\"mc-column content-text active-extra-styles \" data-block-type=\"unstyled\" data-block-weight=\"27\" data-block-id=\"10\">\n<p class=\"content-text__container \" data-track-category=\"Link no Texto\" data-track-links=\"\">Os sem\u00e1foros citados na a\u00e7\u00e3o ajuizada na Justi\u00e7a Eleitoral s\u00e3o equipamentos novos instalados recentemente na cidade com temporizadores iniciando a contagem regressiva a partir dos 19 segundos.<\/p>\n<p><img loading=\"lazy\" decoding=\"async\" class=\"aligncenter wp-image-28818 size-full\" src=\"https:\/\/static.radiolifefm.com.br\/wp-content\/uploads\/sites\/2\/2020\/10\/whatsapp-image-2020-10-27-at-17.10.21.jpeg\" alt=\"\" width=\"984\" height=\"738\" srcset=\"https:\/\/radiolifefm.com.br\/noticias\/wp-content\/uploads\/2020\/10\/whatsapp-image-2020-10-27-at-17.10.21.jpeg 984w, https:\/\/radiolifefm.com.br\/noticias\/wp-content\/uploads\/2020\/10\/whatsapp-image-2020-10-27-at-17.10.21-300x225.jpeg 300w, https:\/\/radiolifefm.com.br\/noticias\/wp-content\/uploads\/2020\/10\/whatsapp-image-2020-10-27-at-17.10.21-768x576.jpeg 768w\" sizes=\"auto, (max-width: 984px) 100vw, 984px\" \/><\/p>\n<\/div>\n<\/div>\n","protected":false},"excerpt":{"rendered":"<p>A ju\u00edza da 149\u00aa Zona Eleitoral de\u00a0Dracena (SP), Aline Sugahara Bertaco, determinou para que o atual prefeito da cidade, Juliano Brito Bertolini (PODE), restabele\u00e7a no prazo de 48 horas a programa\u00e7\u00e3o anterior de tempo de sinaliza\u00e7\u00e3o de todos os sem\u00e1foros do munic\u00edpio. A decis\u00e3o, proferida nesta segunda-feira (26), foi dada no \u00e2mbito de uma a\u00e7\u00e3o [&hellip;]<\/p>\n","protected":false},"author":8,"featured_media":28819,"comment_status":"closed","ping_status":"open","sticky":false,"template":"","format":"standard","meta":{"_acf_changed":false,"_exactmetrics_skip_tracking":false,"_exactmetrics_sitenote_active":false,"_exactmetrics_sitenote_note":"","_exactmetrics_sitenote_category":0,"footnotes":""},"categories":[24],"tags":[],"class_list":["post-28817","post","type-post","status-publish","format-standard","has-post-thumbnail","hentry","category-regiao"],"acf":[],"yoast_head":"<!-- This site is optimized with the Yoast SEO plugin v27.2 - https:\/\/yoast.com\/product\/yoast-seo-wordpress\/ -->\n<title>Justi\u00e7a Eleitoral v\u00ea &#039;propaganda subliminar&#039; em temporiza\u00e7\u00e3o de sem\u00e1foros com o mesmo n\u00famero de candidatura de prefeito - R\u00e1dio Life FM<\/title>\n<meta name=\"robots\" content=\"index, follow, max-snippet:-1, max-image-preview:large, max-video-preview:-1\" \/>\n<link rel=\"canonical\" href=\"https:\/\/radiolifefm.com.br\/noticias\/justica-eleitoral-ve-propaganda-subliminar-em-temporizacao-de-semaforos-com-o-mesmo-numero-de-candidatura-de-prefeito\/\" \/>\n<meta property=\"og:locale\" content=\"pt_BR\" \/>\n<meta property=\"og:type\" content=\"article\" \/>\n<meta property=\"og:title\" content=\"Justi\u00e7a Eleitoral v\u00ea &#039;propaganda subliminar&#039; em temporiza\u00e7\u00e3o de sem\u00e1foros com o mesmo n\u00famero de candidatura de prefeito - R\u00e1dio Life FM\" \/>\n<meta property=\"og:description\" content=\"A ju\u00edza da 149\u00aa Zona Eleitoral de\u00a0Dracena (SP), Aline Sugahara Bertaco, determinou para que o atual prefeito da cidade, Juliano Brito Bertolini (PODE), restabele\u00e7a no prazo de 48 horas a programa\u00e7\u00e3o anterior de tempo de sinaliza\u00e7\u00e3o de todos os sem\u00e1foros do munic\u00edpio. A decis\u00e3o, proferida nesta segunda-feira (26), foi dada no \u00e2mbito de uma a\u00e7\u00e3o [&hellip;]\" \/>\n<meta property=\"og:url\" content=\"https:\/\/radiolifefm.com.br\/noticias\/justica-eleitoral-ve-propaganda-subliminar-em-temporizacao-de-semaforos-com-o-mesmo-numero-de-candidatura-de-prefeito\/\" \/>\n<meta property=\"og:site_name\" content=\"R\u00e1dio Life FM\" \/>\n<meta property=\"article:publisher\" content=\"https:\/\/www.facebook.com\/radiolifefm\/\" \/>\n<meta property=\"article:published_time\" content=\"2020-10-28T12:27:06+00:00\" \/>\n<meta property=\"article:modified_time\" content=\"2026-04-28T01:13:26+00:00\" \/>\n<meta property=\"og:image\" content=\"https:\/\/radiolifefm.com.br\/noticias\/wp-content\/uploads\/2020\/10\/whatsapp-image-2020-10-27-at-17.06.23.jpeg\" \/>\n\t<meta property=\"og:image:width\" content=\"984\" \/>\n\t<meta property=\"og:image:height\" content=\"738\" \/>\n\t<meta property=\"og:image:type\" content=\"image\/jpeg\" \/>\n<meta name=\"author\" content=\"joaograndao\" \/>\n<meta name=\"twitter:card\" content=\"summary_large_image\" \/>\n<meta name=\"twitter:label1\" content=\"Escrito por\" \/>\n\t<meta name=\"twitter:data1\" content=\"joaograndao\" \/>\n\t<meta name=\"twitter:label2\" content=\"Est. tempo de leitura\" \/>\n\t<meta name=\"twitter:data2\" content=\"2 minutos\" \/>\n<script type=\"application\/ld+json\" class=\"yoast-schema-graph\">{\"@context\":\"https:\/\/schema.org\",\"@graph\":[{\"@type\":\"Article\",\"@id\":\"https:\/\/radiolifefm.com.br\/noticias\/justica-eleitoral-ve-propaganda-subliminar-em-temporizacao-de-semaforos-com-o-mesmo-numero-de-candidatura-de-prefeito\/#article\",\"isPartOf\":{\"@id\":\"https:\/\/radiolifefm.com.br\/noticias\/justica-eleitoral-ve-propaganda-subliminar-em-temporizacao-de-semaforos-com-o-mesmo-numero-de-candidatura-de-prefeito\/\"},\"author\":{\"name\":\"joaograndao\",\"@id\":\"https:\/\/radiolifefm.com.br\/noticias\/#\/schema\/person\/6876e1240feffe6e1b63fd5cb85abf28\"},\"headline\":\"Justi\u00e7a Eleitoral v\u00ea &#8216;propaganda subliminar&#8217; em temporiza\u00e7\u00e3o de sem\u00e1foros com o mesmo n\u00famero de candidatura de prefeito\",\"datePublished\":\"2020-10-28T12:27:06+00:00\",\"dateModified\":\"2026-04-28T01:13:26+00:00\",\"mainEntityOfPage\":{\"@id\":\"https:\/\/radiolifefm.com.br\/noticias\/justica-eleitoral-ve-propaganda-subliminar-em-temporizacao-de-semaforos-com-o-mesmo-numero-de-candidatura-de-prefeito\/\"},\"wordCount\":351,\"publisher\":{\"@id\":\"https:\/\/radiolifefm.com.br\/noticias\/#organization\"},\"image\":{\"@id\":\"https:\/\/radiolifefm.com.br\/noticias\/justica-eleitoral-ve-propaganda-subliminar-em-temporizacao-de-semaforos-com-o-mesmo-numero-de-candidatura-de-prefeito\/#primaryimage\"},\"thumbnailUrl\":\"https:\/\/radiolifefm.com.br\/noticias\/wp-content\/uploads\/2020\/10\/whatsapp-image-2020-10-27-at-17.06.23.jpeg\",\"articleSection\":[\"Regi\u00e3o\"],\"inLanguage\":\"pt-BR\"},{\"@type\":\"WebPage\",\"@id\":\"https:\/\/radiolifefm.com.br\/noticias\/justica-eleitoral-ve-propaganda-subliminar-em-temporizacao-de-semaforos-com-o-mesmo-numero-de-candidatura-de-prefeito\/\",\"url\":\"https:\/\/radiolifefm.com.br\/noticias\/justica-eleitoral-ve-propaganda-subliminar-em-temporizacao-de-semaforos-com-o-mesmo-numero-de-candidatura-de-prefeito\/\",\"name\":\"Justi\u00e7a Eleitoral v\u00ea 'propaganda subliminar' em temporiza\u00e7\u00e3o de sem\u00e1foros com o mesmo n\u00famero de candidatura de prefeito - R\u00e1dio Life FM\",\"isPartOf\":{\"@id\":\"https:\/\/radiolifefm.com.br\/noticias\/#website\"},\"primaryImageOfPage\":{\"@id\":\"https:\/\/radiolifefm.com.br\/noticias\/justica-eleitoral-ve-propaganda-subliminar-em-temporizacao-de-semaforos-com-o-mesmo-numero-de-candidatura-de-prefeito\/#primaryimage\"},\"image\":{\"@id\":\"https:\/\/radiolifefm.com.br\/noticias\/justica-eleitoral-ve-propaganda-subliminar-em-temporizacao-de-semaforos-com-o-mesmo-numero-de-candidatura-de-prefeito\/#primaryimage\"},\"thumbnailUrl\":\"https:\/\/radiolifefm.com.br\/noticias\/wp-content\/uploads\/2020\/10\/whatsapp-image-2020-10-27-at-17.06.23.jpeg\",\"datePublished\":\"2020-10-28T12:27:06+00:00\",\"dateModified\":\"2026-04-28T01:13:26+00:00\",\"breadcrumb\":{\"@id\":\"https:\/\/radiolifefm.com.br\/noticias\/justica-eleitoral-ve-propaganda-subliminar-em-temporizacao-de-semaforos-com-o-mesmo-numero-de-candidatura-de-prefeito\/#breadcrumb\"},\"inLanguage\":\"pt-BR\",\"potentialAction\":[{\"@type\":\"ReadAction\",\"target\":[\"https:\/\/radiolifefm.com.br\/noticias\/justica-eleitoral-ve-propaganda-subliminar-em-temporizacao-de-semaforos-com-o-mesmo-numero-de-candidatura-de-prefeito\/\"]}]},{\"@type\":\"ImageObject\",\"inLanguage\":\"pt-BR\",\"@id\":\"https:\/\/radiolifefm.com.br\/noticias\/justica-eleitoral-ve-propaganda-subliminar-em-temporizacao-de-semaforos-com-o-mesmo-numero-de-candidatura-de-prefeito\/#primaryimage\",\"url\":\"https:\/\/radiolifefm.com.br\/noticias\/wp-content\/uploads\/2020\/10\/whatsapp-image-2020-10-27-at-17.06.23.jpeg\",\"contentUrl\":\"https:\/\/radiolifefm.com.br\/noticias\/wp-content\/uploads\/2020\/10\/whatsapp-image-2020-10-27-at-17.06.23.jpeg\",\"width\":984,\"height\":738,\"caption\":\"Ju\u00edza Aline Sugahara Bertaco, da 149\u00aa Zona Eleitoral, determinou prazo de 48 horas para a mudan\u00e7a na contagem regressiva de tempo dos sinais de tr\u00e2nsito em Dracena (SP).\"},{\"@type\":\"BreadcrumbList\",\"@id\":\"https:\/\/radiolifefm.com.br\/noticias\/justica-eleitoral-ve-propaganda-subliminar-em-temporizacao-de-semaforos-com-o-mesmo-numero-de-candidatura-de-prefeito\/#breadcrumb\",\"itemListElement\":[{\"@type\":\"ListItem\",\"position\":1,\"name\":\"In\u00edcio\",\"item\":\"https:\/\/radiolifefm.com.br\/noticias\/\"},{\"@type\":\"ListItem\",\"position\":2,\"name\":\"Justi\u00e7a Eleitoral v\u00ea &#8216;propaganda subliminar&#8217; em temporiza\u00e7\u00e3o de sem\u00e1foros com o mesmo n\u00famero de candidatura de prefeito\"}]},{\"@type\":\"WebSite\",\"@id\":\"https:\/\/radiolifefm.com.br\/noticias\/#website\",\"url\":\"https:\/\/radiolifefm.com.br\/noticias\/\",\"name\":\"R\u00e1dio Life FM\",\"description\":\"O Portal de Not\u00edcias de Adamantina\",\"publisher\":{\"@id\":\"https:\/\/radiolifefm.com.br\/noticias\/#organization\"},\"alternateName\":\"Life FM\",\"potentialAction\":[{\"@type\":\"SearchAction\",\"target\":{\"@type\":\"EntryPoint\",\"urlTemplate\":\"https:\/\/radiolifefm.com.br\/noticias\/?s={search_term_string}\"},\"query-input\":{\"@type\":\"PropertyValueSpecification\",\"valueRequired\":true,\"valueName\":\"search_term_string\"}}],\"inLanguage\":\"pt-BR\"},{\"@type\":\"Organization\",\"@id\":\"https:\/\/radiolifefm.com.br\/noticias\/#organization\",\"name\":\"R\u00e1dio Life FM\",\"alternateName\":\"Life FM\",\"url\":\"https:\/\/radiolifefm.com.br\/noticias\/\",\"logo\":{\"@type\":\"ImageObject\",\"inLanguage\":\"pt-BR\",\"@id\":\"https:\/\/radiolifefm.com.br\/noticias\/#\/schema\/logo\/image\/\",\"url\":\"https:\/\/static.radiolifefm.com.br\/noticias\/wp-content\/uploads\/2019\/10\/logo-lifefm.png\",\"contentUrl\":\"https:\/\/static.radiolifefm.com.br\/noticias\/wp-content\/uploads\/2019\/10\/logo-lifefm.png\",\"width\":196,\"height\":47,\"caption\":\"R\u00e1dio Life FM\"},\"image\":{\"@id\":\"https:\/\/radiolifefm.com.br\/noticias\/#\/schema\/logo\/image\/\"},\"sameAs\":[\"https:\/\/www.facebook.com\/radiolifefm\/\",\"https:\/\/www.instagram.com\/life1079fm\/\"]},{\"@type\":\"Person\",\"@id\":\"https:\/\/radiolifefm.com.br\/noticias\/#\/schema\/person\/6876e1240feffe6e1b63fd5cb85abf28\",\"name\":\"joaograndao\",\"image\":{\"@type\":\"ImageObject\",\"inLanguage\":\"pt-BR\",\"@id\":\"https:\/\/secure.gravatar.com\/avatar\/d5b1a3cf357ed9c50404e256a1294083aa8ab5d2a994001567302786016cb32c?s=96&d=mm&r=g\",\"url\":\"https:\/\/secure.gravatar.com\/avatar\/d5b1a3cf357ed9c50404e256a1294083aa8ab5d2a994001567302786016cb32c?s=96&d=mm&r=g\",\"contentUrl\":\"https:\/\/secure.gravatar.com\/avatar\/d5b1a3cf357ed9c50404e256a1294083aa8ab5d2a994001567302786016cb32c?s=96&d=mm&r=g\",\"caption\":\"joaograndao\"}}]}<\/script>\n<!-- \/ Yoast SEO plugin. -->","yoast_head_json":{"title":"Justi\u00e7a Eleitoral v\u00ea 'propaganda subliminar' em temporiza\u00e7\u00e3o de sem\u00e1foros com o mesmo n\u00famero de candidatura de prefeito - R\u00e1dio Life FM","robots":{"index":"index","follow":"follow","max-snippet":"max-snippet:-1","max-image-preview":"max-image-preview:large","max-video-preview":"max-video-preview:-1"},"canonical":"https:\/\/radiolifefm.com.br\/noticias\/justica-eleitoral-ve-propaganda-subliminar-em-temporizacao-de-semaforos-com-o-mesmo-numero-de-candidatura-de-prefeito\/","og_locale":"pt_BR","og_type":"article","og_title":"Justi\u00e7a Eleitoral v\u00ea 'propaganda subliminar' em temporiza\u00e7\u00e3o de sem\u00e1foros com o mesmo n\u00famero de candidatura de prefeito - R\u00e1dio Life FM","og_description":"A ju\u00edza da 149\u00aa Zona Eleitoral de\u00a0Dracena (SP), Aline Sugahara Bertaco, determinou para que o atual prefeito da cidade, Juliano Brito Bertolini (PODE), restabele\u00e7a no prazo de 48 horas a programa\u00e7\u00e3o anterior de tempo de sinaliza\u00e7\u00e3o de todos os sem\u00e1foros do munic\u00edpio. A decis\u00e3o, proferida nesta segunda-feira (26), foi dada no \u00e2mbito de uma a\u00e7\u00e3o [&hellip;]","og_url":"https:\/\/radiolifefm.com.br\/noticias\/justica-eleitoral-ve-propaganda-subliminar-em-temporizacao-de-semaforos-com-o-mesmo-numero-de-candidatura-de-prefeito\/","og_site_name":"R\u00e1dio Life FM","article_publisher":"https:\/\/www.facebook.com\/radiolifefm\/","article_published_time":"2020-10-28T12:27:06+00:00","article_modified_time":"2026-04-28T01:13:26+00:00","og_image":[{"width":984,"height":738,"url":"https:\/\/radiolifefm.com.br\/noticias\/wp-content\/uploads\/2020\/10\/whatsapp-image-2020-10-27-at-17.06.23.jpeg","type":"image\/jpeg"}],"author":"joaograndao","twitter_card":"summary_large_image","twitter_misc":{"Escrito por":"joaograndao","Est. tempo de leitura":"2 minutos"},"schema":{"@context":"https:\/\/schema.org","@graph":[{"@type":"Article","@id":"https:\/\/radiolifefm.com.br\/noticias\/justica-eleitoral-ve-propaganda-subliminar-em-temporizacao-de-semaforos-com-o-mesmo-numero-de-candidatura-de-prefeito\/#article","isPartOf":{"@id":"https:\/\/radiolifefm.com.br\/noticias\/justica-eleitoral-ve-propaganda-subliminar-em-temporizacao-de-semaforos-com-o-mesmo-numero-de-candidatura-de-prefeito\/"},"author":{"name":"joaograndao","@id":"https:\/\/radiolifefm.com.br\/noticias\/#\/schema\/person\/6876e1240feffe6e1b63fd5cb85abf28"},"headline":"Justi\u00e7a Eleitoral v\u00ea &#8216;propaganda subliminar&#8217; em temporiza\u00e7\u00e3o de sem\u00e1foros com o mesmo n\u00famero de candidatura de prefeito","datePublished":"2020-10-28T12:27:06+00:00","dateModified":"2026-04-28T01:13:26+00:00","mainEntityOfPage":{"@id":"https:\/\/radiolifefm.com.br\/noticias\/justica-eleitoral-ve-propaganda-subliminar-em-temporizacao-de-semaforos-com-o-mesmo-numero-de-candidatura-de-prefeito\/"},"wordCount":351,"publisher":{"@id":"https:\/\/radiolifefm.com.br\/noticias\/#organization"},"image":{"@id":"https:\/\/radiolifefm.com.br\/noticias\/justica-eleitoral-ve-propaganda-subliminar-em-temporizacao-de-semaforos-com-o-mesmo-numero-de-candidatura-de-prefeito\/#primaryimage"},"thumbnailUrl":"https:\/\/radiolifefm.com.br\/noticias\/wp-content\/uploads\/2020\/10\/whatsapp-image-2020-10-27-at-17.06.23.jpeg","articleSection":["Regi\u00e3o"],"inLanguage":"pt-BR"},{"@type":"WebPage","@id":"https:\/\/radiolifefm.com.br\/noticias\/justica-eleitoral-ve-propaganda-subliminar-em-temporizacao-de-semaforos-com-o-mesmo-numero-de-candidatura-de-prefeito\/","url":"https:\/\/radiolifefm.com.br\/noticias\/justica-eleitoral-ve-propaganda-subliminar-em-temporizacao-de-semaforos-com-o-mesmo-numero-de-candidatura-de-prefeito\/","name":"Justi\u00e7a Eleitoral v\u00ea 'propaganda subliminar' em temporiza\u00e7\u00e3o de sem\u00e1foros com o mesmo n\u00famero de candidatura de prefeito - R\u00e1dio Life FM","isPartOf":{"@id":"https:\/\/radiolifefm.com.br\/noticias\/#website"},"primaryImageOfPage":{"@id":"https:\/\/radiolifefm.com.br\/noticias\/justica-eleitoral-ve-propaganda-subliminar-em-temporizacao-de-semaforos-com-o-mesmo-numero-de-candidatura-de-prefeito\/#primaryimage"},"image":{"@id":"https:\/\/radiolifefm.com.br\/noticias\/justica-eleitoral-ve-propaganda-subliminar-em-temporizacao-de-semaforos-com-o-mesmo-numero-de-candidatura-de-prefeito\/#primaryimage"},"thumbnailUrl":"https:\/\/radiolifefm.com.br\/noticias\/wp-content\/uploads\/2020\/10\/whatsapp-image-2020-10-27-at-17.06.23.jpeg","datePublished":"2020-10-28T12:27:06+00:00","dateModified":"2026-04-28T01:13:26+00:00","breadcrumb":{"@id":"https:\/\/radiolifefm.com.br\/noticias\/justica-eleitoral-ve-propaganda-subliminar-em-temporizacao-de-semaforos-com-o-mesmo-numero-de-candidatura-de-prefeito\/#breadcrumb"},"inLanguage":"pt-BR","potentialAction":[{"@type":"ReadAction","target":["https:\/\/radiolifefm.com.br\/noticias\/justica-eleitoral-ve-propaganda-subliminar-em-temporizacao-de-semaforos-com-o-mesmo-numero-de-candidatura-de-prefeito\/"]}]},{"@type":"ImageObject","inLanguage":"pt-BR","@id":"https:\/\/radiolifefm.com.br\/noticias\/justica-eleitoral-ve-propaganda-subliminar-em-temporizacao-de-semaforos-com-o-mesmo-numero-de-candidatura-de-prefeito\/#primaryimage","url":"https:\/\/radiolifefm.com.br\/noticias\/wp-content\/uploads\/2020\/10\/whatsapp-image-2020-10-27-at-17.06.23.jpeg","contentUrl":"https:\/\/radiolifefm.com.br\/noticias\/wp-content\/uploads\/2020\/10\/whatsapp-image-2020-10-27-at-17.06.23.jpeg","width":984,"height":738,"caption":"Ju\u00edza Aline Sugahara Bertaco, da 149\u00aa Zona Eleitoral, determinou prazo de 48 horas para a mudan\u00e7a na contagem regressiva de tempo dos sinais de tr\u00e2nsito em Dracena (SP)."},{"@type":"BreadcrumbList","@id":"https:\/\/radiolifefm.com.br\/noticias\/justica-eleitoral-ve-propaganda-subliminar-em-temporizacao-de-semaforos-com-o-mesmo-numero-de-candidatura-de-prefeito\/#breadcrumb","itemListElement":[{"@type":"ListItem","position":1,"name":"In\u00edcio","item":"https:\/\/radiolifefm.com.br\/noticias\/"},{"@type":"ListItem","position":2,"name":"Justi\u00e7a Eleitoral v\u00ea &#8216;propaganda subliminar&#8217; em temporiza\u00e7\u00e3o de sem\u00e1foros com o mesmo n\u00famero de candidatura de prefeito"}]},{"@type":"WebSite","@id":"https:\/\/radiolifefm.com.br\/noticias\/#website","url":"https:\/\/radiolifefm.com.br\/noticias\/","name":"R\u00e1dio Life FM","description":"O Portal de Not\u00edcias de Adamantina","publisher":{"@id":"https:\/\/radiolifefm.com.br\/noticias\/#organization"},"alternateName":"Life FM","potentialAction":[{"@type":"SearchAction","target":{"@type":"EntryPoint","urlTemplate":"https:\/\/radiolifefm.com.br\/noticias\/?s={search_term_string}"},"query-input":{"@type":"PropertyValueSpecification","valueRequired":true,"valueName":"search_term_string"}}],"inLanguage":"pt-BR"},{"@type":"Organization","@id":"https:\/\/radiolifefm.com.br\/noticias\/#organization","name":"R\u00e1dio Life FM","alternateName":"Life FM","url":"https:\/\/radiolifefm.com.br\/noticias\/","logo":{"@type":"ImageObject","inLanguage":"pt-BR","@id":"https:\/\/radiolifefm.com.br\/noticias\/#\/schema\/logo\/image\/","url":"https:\/\/static.radiolifefm.com.br\/noticias\/wp-content\/uploads\/2019\/10\/logo-lifefm.png","contentUrl":"https:\/\/static.radiolifefm.com.br\/noticias\/wp-content\/uploads\/2019\/10\/logo-lifefm.png","width":196,"height":47,"caption":"R\u00e1dio Life FM"},"image":{"@id":"https:\/\/radiolifefm.com.br\/noticias\/#\/schema\/logo\/image\/"},"sameAs":["https:\/\/www.facebook.com\/radiolifefm\/","https:\/\/www.instagram.com\/life1079fm\/"]},{"@type":"Person","@id":"https:\/\/radiolifefm.com.br\/noticias\/#\/schema\/person\/6876e1240feffe6e1b63fd5cb85abf28","name":"joaograndao","image":{"@type":"ImageObject","inLanguage":"pt-BR","@id":"https:\/\/secure.gravatar.com\/avatar\/d5b1a3cf357ed9c50404e256a1294083aa8ab5d2a994001567302786016cb32c?s=96&d=mm&r=g","url":"https:\/\/secure.gravatar.com\/avatar\/d5b1a3cf357ed9c50404e256a1294083aa8ab5d2a994001567302786016cb32c?s=96&d=mm&r=g","contentUrl":"https:\/\/secure.gravatar.com\/avatar\/d5b1a3cf357ed9c50404e256a1294083aa8ab5d2a994001567302786016cb32c?s=96&d=mm&r=g","caption":"joaograndao"}}]}},"amp_enabled":true,"_links":{"self":[{"href":"https:\/\/radiolifefm.com.br\/noticias\/wp-json\/wp\/v2\/posts\/28817","targetHints":{"allow":["GET"]}}],"collection":[{"href":"https:\/\/radiolifefm.com.br\/noticias\/wp-json\/wp\/v2\/posts"}],"about":[{"href":"https:\/\/radiolifefm.com.br\/noticias\/wp-json\/wp\/v2\/types\/post"}],"author":[{"embeddable":true,"href":"https:\/\/radiolifefm.com.br\/noticias\/wp-json\/wp\/v2\/users\/8"}],"replies":[{"embeddable":true,"href":"https:\/\/radiolifefm.com.br\/noticias\/wp-json\/wp\/v2\/comments?post=28817"}],"version-history":[{"count":3,"href":"https:\/\/radiolifefm.com.br\/noticias\/wp-json\/wp\/v2\/posts\/28817\/revisions"}],"predecessor-version":[{"id":28822,"href":"https:\/\/radiolifefm.com.br\/noticias\/wp-json\/wp\/v2\/posts\/28817\/revisions\/28822"}],"wp:featuredmedia":[{"embeddable":true,"href":"https:\/\/radiolifefm.com.br\/noticias\/wp-json\/wp\/v2\/media\/28819"}],"wp:attachment":[{"href":"https:\/\/radiolifefm.com.br\/noticias\/wp-json\/wp\/v2\/media?parent=28817"}],"wp:term":[{"taxonomy":"category","embeddable":true,"href":"https:\/\/radiolifefm.com.br\/noticias\/wp-json\/wp\/v2\/categories?post=28817"},{"taxonomy":"post_tag","embeddable":true,"href":"https:\/\/radiolifefm.com.br\/noticias\/wp-json\/wp\/v2\/tags?post=28817"}],"curies":[{"name":"wp","href":"https:\/\/api.w.org\/{rel}","templated":true}]}}