{"id":28481,"date":"2020-10-21T13:55:51","date_gmt":"2020-10-21T16:55:51","guid":{"rendered":"https:\/\/radiolifefm.com.br\/noticias\/?p=28481"},"modified":"2026-05-01T14:02:59","modified_gmt":"2026-05-01T17:02:59","slug":"deputado-bragato-pode-destinar-r-1-milhao-para-inova-prudente","status":"publish","type":"post","link":"https:\/\/radiolifefm.com.br\/noticias\/deputado-bragato-pode-destinar-r-1-milhao-para-inova-prudente\/","title":{"rendered":"Deputado Bragato pode destinar R$ 1 milh\u00e3o para Inova Prudente"},"content":{"rendered":"<div id=\"fb-root\"><\/div>\n<p>O deputado Mauro Bragato se reuniu com o diretor do SEBRAE-Prudente, Jos\u00e9 Carlos Cavalcante, com o consultor do \u00f3rg\u00e3o, Eliezer Sales Ramos, com o secret\u00e1rio municipal de Tecnologia e diretor do Inova Prudente, Rog\u00e9rio Alessi, al\u00e9m do diretor regional da Secretaria de Desenvolvimento Regional, Francisco Torturello, representando o secret\u00e1rio Marco Vinholi, para uma conversa sobre a cria\u00e7\u00e3o de um Polo Tecnol\u00f3gico na regi\u00e3o.<\/p>\n<p>O SEBRAE apresentou ao parlamentar um Projeto de Desenvolvimento Regional, inserindo os Projetos de Desenvolvimento Local dos 53 munic\u00edpios da regi\u00e3o de Presidente Prudente. O secret\u00e1rio Alessi solicitou ao deputado recurso no valor de R$ 1 milh\u00e3o \u2014 R$ 500 mil para a Funda\u00e7\u00e3o Inova Prudente desenvolver projetos tecnol\u00f3gicos e R$ 500 mil para a implanta\u00e7\u00e3o do IPT (Instituto Paulista de Tecnologia) juntamente com a Funda\u00e7\u00e3o.<\/p>\n<p>Bragato disse que vai trabalhar para viabilizar a destina\u00e7\u00e3o desse recurso, tendo em vista que a regi\u00e3o \u00e9 um polo tecnol\u00f3gico muito importante para o Estado, contando com tr\u00eas campi da UNESP, duas FATECs, nove ETCs, al\u00e9m de estar estrategicamente localizada entre os Estados do Paran\u00e1 e de Mato Grosso do Sul. Ainda ressaltou que a conquista do credenciamento da Funda\u00e7\u00e3o Inova Prudente junto \u00e0 Rede Paulista de Centros de Inova\u00e7\u00e3o Tecnol\u00f3gica do Estado j\u00e1 \u00e9 um grande feito para a regi\u00e3o.<br \/>\nO credenciamento reconhece produ\u00e7\u00e3o e articula\u00e7\u00e3o com pesquisa e inova\u00e7\u00e3o, conecta empreendedores a outros CITs e pode garantir repasse de recursos do Estado em 2021.<br \/>\nDe acordo com a Secretaria de Desenvolvimento, Ci\u00eancia, Tecnologia e Inova\u00e7\u00e3o de S\u00e3o Paulo, \u201cCentro de Inova\u00e7\u00e3o Tecnol\u00f3gica (CIT)\u201d \u00e9 um espa\u00e7o criado para estimular o crescimento e competitividade das micro e pequenas empresas. Adaptado \u00e0s condi\u00e7\u00f5es e necessidades locais, o empreendimento concentra e oferece um conjunto de mecanismos e servi\u00e7os de suporte ao processo de inova\u00e7\u00e3o das empresas, promovendo a intera\u00e7\u00e3o entre empreendedores e pesquisadores para o desenvolvimento de setores econ\u00f4micos.<br \/>\nPara o consultor de ambientes de inova\u00e7\u00e3o Luis Isique, que conduziu o estudo que resultou no credenciamento, o feito in\u00e9dito na regi\u00e3o mostra a qualidade do trabalho realizado sobretudo nos \u00faltimos 3 anos. \u201cPrudente consolida-se estrategicamente como um ambiente que produz inova\u00e7\u00e3o, e agora pode dizer que tem um Centro\u201d, comenta Isique referindo-se ao fato de que somente ambientes credenciados pelo estado podem ser chamados de Centros de Inova\u00e7\u00e3o.<br \/>\nAgora s\u00e3o nove os CITs credenciados no Estado: Jundia\u00ed, Mar\u00edlia, Indaiatuba, Guarulhos, Bauru, Rio Claro, Guaruj\u00e1, Embraer e Presidente Prudente.<\/p>\n","protected":false},"excerpt":{"rendered":"<p>O deputado Mauro Bragato se reuniu com o diretor do SEBRAE-Prudente, Jos\u00e9 Carlos Cavalcante, com o consultor do \u00f3rg\u00e3o, Eliezer Sales Ramos, com o secret\u00e1rio municipal de Tecnologia e diretor do Inova Prudente, Rog\u00e9rio Alessi, al\u00e9m do diretor regional da Secretaria de Desenvolvimento Regional, Francisco Torturello, representando o secret\u00e1rio Marco Vinholi, para uma conversa sobre [&hellip;]<\/p>\n","protected":false},"author":8,"featured_media":28482,"comment_status":"closed","ping_status":"open","sticky":false,"template":"","format":"standard","meta":{"_acf_changed":false,"_exactmetrics_skip_tracking":false,"_exactmetrics_sitenote_active":false,"_exactmetrics_sitenote_note":"","_exactmetrics_sitenote_category":0,"footnotes":""},"categories":[24],"tags":[],"class_list":["post-28481","post","type-post","status-publish","format-standard","has-post-thumbnail","hentry","category-regiao"],"acf":[],"yoast_head":"<!-- This site is optimized with the Yoast SEO plugin v27.2 - https:\/\/yoast.com\/product\/yoast-seo-wordpress\/ -->\n<title>Deputado Bragato pode destinar R$ 1 milh\u00e3o para Inova Prudente - R\u00e1dio Life FM<\/title>\n<meta name=\"robots\" content=\"index, follow, max-snippet:-1, max-image-preview:large, max-video-preview:-1\" \/>\n<link rel=\"canonical\" href=\"https:\/\/radiolifefm.com.br\/noticias\/deputado-bragato-pode-destinar-r-1-milhao-para-inova-prudente\/\" \/>\n<meta property=\"og:locale\" content=\"pt_BR\" \/>\n<meta property=\"og:type\" content=\"article\" \/>\n<meta property=\"og:title\" content=\"Deputado Bragato pode destinar R$ 1 milh\u00e3o para Inova Prudente - R\u00e1dio Life FM\" \/>\n<meta property=\"og:description\" content=\"O deputado Mauro Bragato se reuniu com o diretor do SEBRAE-Prudente, Jos\u00e9 Carlos Cavalcante, com o consultor do \u00f3rg\u00e3o, Eliezer Sales Ramos, com o secret\u00e1rio municipal de Tecnologia e diretor do Inova Prudente, Rog\u00e9rio Alessi, al\u00e9m do diretor regional da Secretaria de Desenvolvimento Regional, Francisco Torturello, representando o secret\u00e1rio Marco Vinholi, para uma conversa sobre [&hellip;]\" \/>\n<meta property=\"og:url\" content=\"https:\/\/radiolifefm.com.br\/noticias\/deputado-bragato-pode-destinar-r-1-milhao-para-inova-prudente\/\" \/>\n<meta property=\"og:site_name\" content=\"R\u00e1dio Life FM\" \/>\n<meta property=\"article:publisher\" content=\"https:\/\/www.facebook.com\/radiolifefm\/\" \/>\n<meta property=\"article:published_time\" content=\"2020-10-21T16:55:51+00:00\" \/>\n<meta property=\"article:modified_time\" content=\"2026-05-01T17:02:59+00:00\" \/>\n<meta property=\"og:image\" content=\"https:\/\/radiolifefm.com.br\/noticias\/wp-content\/uploads\/2020\/10\/04b93e05-030e-425a-8596-d67146a3fa75.jpg\" \/>\n\t<meta property=\"og:image:width\" content=\"1040\" \/>\n\t<meta property=\"og:image:height\" content=\"555\" \/>\n\t<meta property=\"og:image:type\" content=\"image\/jpeg\" \/>\n<meta name=\"author\" content=\"joaograndao\" \/>\n<meta name=\"twitter:card\" content=\"summary_large_image\" \/>\n<meta name=\"twitter:label1\" content=\"Escrito por\" \/>\n\t<meta name=\"twitter:data1\" content=\"joaograndao\" \/>\n\t<meta name=\"twitter:label2\" content=\"Est. tempo de leitura\" \/>\n\t<meta name=\"twitter:data2\" content=\"2 minutos\" \/>\n<script type=\"application\/ld+json\" class=\"yoast-schema-graph\">{\"@context\":\"https:\/\/schema.org\",\"@graph\":[{\"@type\":\"Article\",\"@id\":\"https:\/\/radiolifefm.com.br\/noticias\/deputado-bragato-pode-destinar-r-1-milhao-para-inova-prudente\/#article\",\"isPartOf\":{\"@id\":\"https:\/\/radiolifefm.com.br\/noticias\/deputado-bragato-pode-destinar-r-1-milhao-para-inova-prudente\/\"},\"author\":{\"name\":\"joaograndao\",\"@id\":\"https:\/\/radiolifefm.com.br\/noticias\/#\/schema\/person\/6876e1240feffe6e1b63fd5cb85abf28\"},\"headline\":\"Deputado Bragato pode destinar R$ 1 milh\u00e3o para Inova Prudente\",\"datePublished\":\"2020-10-21T16:55:51+00:00\",\"dateModified\":\"2026-05-01T17:02:59+00:00\",\"mainEntityOfPage\":{\"@id\":\"https:\/\/radiolifefm.com.br\/noticias\/deputado-bragato-pode-destinar-r-1-milhao-para-inova-prudente\/\"},\"wordCount\":442,\"publisher\":{\"@id\":\"https:\/\/radiolifefm.com.br\/noticias\/#organization\"},\"image\":{\"@id\":\"https:\/\/radiolifefm.com.br\/noticias\/deputado-bragato-pode-destinar-r-1-milhao-para-inova-prudente\/#primaryimage\"},\"thumbnailUrl\":\"https:\/\/radiolifefm.com.br\/noticias\/wp-content\/uploads\/2020\/10\/04b93e05-030e-425a-8596-d67146a3fa75.jpg\",\"articleSection\":[\"Regi\u00e3o\"],\"inLanguage\":\"pt-BR\"},{\"@type\":\"WebPage\",\"@id\":\"https:\/\/radiolifefm.com.br\/noticias\/deputado-bragato-pode-destinar-r-1-milhao-para-inova-prudente\/\",\"url\":\"https:\/\/radiolifefm.com.br\/noticias\/deputado-bragato-pode-destinar-r-1-milhao-para-inova-prudente\/\",\"name\":\"Deputado Bragato pode destinar R$ 1 milh\u00e3o para Inova Prudente - R\u00e1dio Life FM\",\"isPartOf\":{\"@id\":\"https:\/\/radiolifefm.com.br\/noticias\/#website\"},\"primaryImageOfPage\":{\"@id\":\"https:\/\/radiolifefm.com.br\/noticias\/deputado-bragato-pode-destinar-r-1-milhao-para-inova-prudente\/#primaryimage\"},\"image\":{\"@id\":\"https:\/\/radiolifefm.com.br\/noticias\/deputado-bragato-pode-destinar-r-1-milhao-para-inova-prudente\/#primaryimage\"},\"thumbnailUrl\":\"https:\/\/radiolifefm.com.br\/noticias\/wp-content\/uploads\/2020\/10\/04b93e05-030e-425a-8596-d67146a3fa75.jpg\",\"datePublished\":\"2020-10-21T16:55:51+00:00\",\"dateModified\":\"2026-05-01T17:02:59+00:00\",\"breadcrumb\":{\"@id\":\"https:\/\/radiolifefm.com.br\/noticias\/deputado-bragato-pode-destinar-r-1-milhao-para-inova-prudente\/#breadcrumb\"},\"inLanguage\":\"pt-BR\",\"potentialAction\":[{\"@type\":\"ReadAction\",\"target\":[\"https:\/\/radiolifefm.com.br\/noticias\/deputado-bragato-pode-destinar-r-1-milhao-para-inova-prudente\/\"]}]},{\"@type\":\"ImageObject\",\"inLanguage\":\"pt-BR\",\"@id\":\"https:\/\/radiolifefm.com.br\/noticias\/deputado-bragato-pode-destinar-r-1-milhao-para-inova-prudente\/#primaryimage\",\"url\":\"https:\/\/radiolifefm.com.br\/noticias\/wp-content\/uploads\/2020\/10\/04b93e05-030e-425a-8596-d67146a3fa75.jpg\",\"contentUrl\":\"https:\/\/radiolifefm.com.br\/noticias\/wp-content\/uploads\/2020\/10\/04b93e05-030e-425a-8596-d67146a3fa75.jpg\",\"width\":1040,\"height\":555},{\"@type\":\"BreadcrumbList\",\"@id\":\"https:\/\/radiolifefm.com.br\/noticias\/deputado-bragato-pode-destinar-r-1-milhao-para-inova-prudente\/#breadcrumb\",\"itemListElement\":[{\"@type\":\"ListItem\",\"position\":1,\"name\":\"In\u00edcio\",\"item\":\"https:\/\/radiolifefm.com.br\/noticias\/\"},{\"@type\":\"ListItem\",\"position\":2,\"name\":\"Deputado Bragato pode destinar R$ 1 milh\u00e3o para Inova Prudente\"}]},{\"@type\":\"WebSite\",\"@id\":\"https:\/\/radiolifefm.com.br\/noticias\/#website\",\"url\":\"https:\/\/radiolifefm.com.br\/noticias\/\",\"name\":\"R\u00e1dio Life FM\",\"description\":\"O Portal de Not\u00edcias de Adamantina\",\"publisher\":{\"@id\":\"https:\/\/radiolifefm.com.br\/noticias\/#organization\"},\"alternateName\":\"Life FM\",\"potentialAction\":[{\"@type\":\"SearchAction\",\"target\":{\"@type\":\"EntryPoint\",\"urlTemplate\":\"https:\/\/radiolifefm.com.br\/noticias\/?s={search_term_string}\"},\"query-input\":{\"@type\":\"PropertyValueSpecification\",\"valueRequired\":true,\"valueName\":\"search_term_string\"}}],\"inLanguage\":\"pt-BR\"},{\"@type\":\"Organization\",\"@id\":\"https:\/\/radiolifefm.com.br\/noticias\/#organization\",\"name\":\"R\u00e1dio Life FM\",\"alternateName\":\"Life FM\",\"url\":\"https:\/\/radiolifefm.com.br\/noticias\/\",\"logo\":{\"@type\":\"ImageObject\",\"inLanguage\":\"pt-BR\",\"@id\":\"https:\/\/radiolifefm.com.br\/noticias\/#\/schema\/logo\/image\/\",\"url\":\"https:\/\/static.radiolifefm.com.br\/noticias\/wp-content\/uploads\/2019\/10\/logo-lifefm.png\",\"contentUrl\":\"https:\/\/static.radiolifefm.com.br\/noticias\/wp-content\/uploads\/2019\/10\/logo-lifefm.png\",\"width\":196,\"height\":47,\"caption\":\"R\u00e1dio Life FM\"},\"image\":{\"@id\":\"https:\/\/radiolifefm.com.br\/noticias\/#\/schema\/logo\/image\/\"},\"sameAs\":[\"https:\/\/www.facebook.com\/radiolifefm\/\",\"https:\/\/www.instagram.com\/life1079fm\/\"]},{\"@type\":\"Person\",\"@id\":\"https:\/\/radiolifefm.com.br\/noticias\/#\/schema\/person\/6876e1240feffe6e1b63fd5cb85abf28\",\"name\":\"joaograndao\",\"image\":{\"@type\":\"ImageObject\",\"inLanguage\":\"pt-BR\",\"@id\":\"https:\/\/secure.gravatar.com\/avatar\/d5b1a3cf357ed9c50404e256a1294083aa8ab5d2a994001567302786016cb32c?s=96&d=mm&r=g\",\"url\":\"https:\/\/secure.gravatar.com\/avatar\/d5b1a3cf357ed9c50404e256a1294083aa8ab5d2a994001567302786016cb32c?s=96&d=mm&r=g\",\"contentUrl\":\"https:\/\/secure.gravatar.com\/avatar\/d5b1a3cf357ed9c50404e256a1294083aa8ab5d2a994001567302786016cb32c?s=96&d=mm&r=g\",\"caption\":\"joaograndao\"}}]}<\/script>\n<!-- \/ Yoast SEO plugin. -->","yoast_head_json":{"title":"Deputado Bragato pode destinar R$ 1 milh\u00e3o para Inova Prudente - R\u00e1dio Life FM","robots":{"index":"index","follow":"follow","max-snippet":"max-snippet:-1","max-image-preview":"max-image-preview:large","max-video-preview":"max-video-preview:-1"},"canonical":"https:\/\/radiolifefm.com.br\/noticias\/deputado-bragato-pode-destinar-r-1-milhao-para-inova-prudente\/","og_locale":"pt_BR","og_type":"article","og_title":"Deputado Bragato pode destinar R$ 1 milh\u00e3o para Inova Prudente - R\u00e1dio Life FM","og_description":"O deputado Mauro Bragato se reuniu com o diretor do SEBRAE-Prudente, Jos\u00e9 Carlos Cavalcante, com o consultor do \u00f3rg\u00e3o, Eliezer Sales Ramos, com o secret\u00e1rio municipal de Tecnologia e diretor do Inova Prudente, Rog\u00e9rio Alessi, al\u00e9m do diretor regional da Secretaria de Desenvolvimento Regional, Francisco Torturello, representando o secret\u00e1rio Marco Vinholi, para uma conversa sobre [&hellip;]","og_url":"https:\/\/radiolifefm.com.br\/noticias\/deputado-bragato-pode-destinar-r-1-milhao-para-inova-prudente\/","og_site_name":"R\u00e1dio Life FM","article_publisher":"https:\/\/www.facebook.com\/radiolifefm\/","article_published_time":"2020-10-21T16:55:51+00:00","article_modified_time":"2026-05-01T17:02:59+00:00","og_image":[{"width":1040,"height":555,"url":"https:\/\/radiolifefm.com.br\/noticias\/wp-content\/uploads\/2020\/10\/04b93e05-030e-425a-8596-d67146a3fa75.jpg","type":"image\/jpeg"}],"author":"joaograndao","twitter_card":"summary_large_image","twitter_misc":{"Escrito por":"joaograndao","Est. tempo de leitura":"2 minutos"},"schema":{"@context":"https:\/\/schema.org","@graph":[{"@type":"Article","@id":"https:\/\/radiolifefm.com.br\/noticias\/deputado-bragato-pode-destinar-r-1-milhao-para-inova-prudente\/#article","isPartOf":{"@id":"https:\/\/radiolifefm.com.br\/noticias\/deputado-bragato-pode-destinar-r-1-milhao-para-inova-prudente\/"},"author":{"name":"joaograndao","@id":"https:\/\/radiolifefm.com.br\/noticias\/#\/schema\/person\/6876e1240feffe6e1b63fd5cb85abf28"},"headline":"Deputado Bragato pode destinar R$ 1 milh\u00e3o para Inova Prudente","datePublished":"2020-10-21T16:55:51+00:00","dateModified":"2026-05-01T17:02:59+00:00","mainEntityOfPage":{"@id":"https:\/\/radiolifefm.com.br\/noticias\/deputado-bragato-pode-destinar-r-1-milhao-para-inova-prudente\/"},"wordCount":442,"publisher":{"@id":"https:\/\/radiolifefm.com.br\/noticias\/#organization"},"image":{"@id":"https:\/\/radiolifefm.com.br\/noticias\/deputado-bragato-pode-destinar-r-1-milhao-para-inova-prudente\/#primaryimage"},"thumbnailUrl":"https:\/\/radiolifefm.com.br\/noticias\/wp-content\/uploads\/2020\/10\/04b93e05-030e-425a-8596-d67146a3fa75.jpg","articleSection":["Regi\u00e3o"],"inLanguage":"pt-BR"},{"@type":"WebPage","@id":"https:\/\/radiolifefm.com.br\/noticias\/deputado-bragato-pode-destinar-r-1-milhao-para-inova-prudente\/","url":"https:\/\/radiolifefm.com.br\/noticias\/deputado-bragato-pode-destinar-r-1-milhao-para-inova-prudente\/","name":"Deputado Bragato pode destinar R$ 1 milh\u00e3o para Inova Prudente - R\u00e1dio Life FM","isPartOf":{"@id":"https:\/\/radiolifefm.com.br\/noticias\/#website"},"primaryImageOfPage":{"@id":"https:\/\/radiolifefm.com.br\/noticias\/deputado-bragato-pode-destinar-r-1-milhao-para-inova-prudente\/#primaryimage"},"image":{"@id":"https:\/\/radiolifefm.com.br\/noticias\/deputado-bragato-pode-destinar-r-1-milhao-para-inova-prudente\/#primaryimage"},"thumbnailUrl":"https:\/\/radiolifefm.com.br\/noticias\/wp-content\/uploads\/2020\/10\/04b93e05-030e-425a-8596-d67146a3fa75.jpg","datePublished":"2020-10-21T16:55:51+00:00","dateModified":"2026-05-01T17:02:59+00:00","breadcrumb":{"@id":"https:\/\/radiolifefm.com.br\/noticias\/deputado-bragato-pode-destinar-r-1-milhao-para-inova-prudente\/#breadcrumb"},"inLanguage":"pt-BR","potentialAction":[{"@type":"ReadAction","target":["https:\/\/radiolifefm.com.br\/noticias\/deputado-bragato-pode-destinar-r-1-milhao-para-inova-prudente\/"]}]},{"@type":"ImageObject","inLanguage":"pt-BR","@id":"https:\/\/radiolifefm.com.br\/noticias\/deputado-bragato-pode-destinar-r-1-milhao-para-inova-prudente\/#primaryimage","url":"https:\/\/radiolifefm.com.br\/noticias\/wp-content\/uploads\/2020\/10\/04b93e05-030e-425a-8596-d67146a3fa75.jpg","contentUrl":"https:\/\/radiolifefm.com.br\/noticias\/wp-content\/uploads\/2020\/10\/04b93e05-030e-425a-8596-d67146a3fa75.jpg","width":1040,"height":555},{"@type":"BreadcrumbList","@id":"https:\/\/radiolifefm.com.br\/noticias\/deputado-bragato-pode-destinar-r-1-milhao-para-inova-prudente\/#breadcrumb","itemListElement":[{"@type":"ListItem","position":1,"name":"In\u00edcio","item":"https:\/\/radiolifefm.com.br\/noticias\/"},{"@type":"ListItem","position":2,"name":"Deputado Bragato pode destinar R$ 1 milh\u00e3o para Inova Prudente"}]},{"@type":"WebSite","@id":"https:\/\/radiolifefm.com.br\/noticias\/#website","url":"https:\/\/radiolifefm.com.br\/noticias\/","name":"R\u00e1dio Life FM","description":"O Portal de Not\u00edcias de Adamantina","publisher":{"@id":"https:\/\/radiolifefm.com.br\/noticias\/#organization"},"alternateName":"Life FM","potentialAction":[{"@type":"SearchAction","target":{"@type":"EntryPoint","urlTemplate":"https:\/\/radiolifefm.com.br\/noticias\/?s={search_term_string}"},"query-input":{"@type":"PropertyValueSpecification","valueRequired":true,"valueName":"search_term_string"}}],"inLanguage":"pt-BR"},{"@type":"Organization","@id":"https:\/\/radiolifefm.com.br\/noticias\/#organization","name":"R\u00e1dio Life FM","alternateName":"Life FM","url":"https:\/\/radiolifefm.com.br\/noticias\/","logo":{"@type":"ImageObject","inLanguage":"pt-BR","@id":"https:\/\/radiolifefm.com.br\/noticias\/#\/schema\/logo\/image\/","url":"https:\/\/static.radiolifefm.com.br\/noticias\/wp-content\/uploads\/2019\/10\/logo-lifefm.png","contentUrl":"https:\/\/static.radiolifefm.com.br\/noticias\/wp-content\/uploads\/2019\/10\/logo-lifefm.png","width":196,"height":47,"caption":"R\u00e1dio Life FM"},"image":{"@id":"https:\/\/radiolifefm.com.br\/noticias\/#\/schema\/logo\/image\/"},"sameAs":["https:\/\/www.facebook.com\/radiolifefm\/","https:\/\/www.instagram.com\/life1079fm\/"]},{"@type":"Person","@id":"https:\/\/radiolifefm.com.br\/noticias\/#\/schema\/person\/6876e1240feffe6e1b63fd5cb85abf28","name":"joaograndao","image":{"@type":"ImageObject","inLanguage":"pt-BR","@id":"https:\/\/secure.gravatar.com\/avatar\/d5b1a3cf357ed9c50404e256a1294083aa8ab5d2a994001567302786016cb32c?s=96&d=mm&r=g","url":"https:\/\/secure.gravatar.com\/avatar\/d5b1a3cf357ed9c50404e256a1294083aa8ab5d2a994001567302786016cb32c?s=96&d=mm&r=g","contentUrl":"https:\/\/secure.gravatar.com\/avatar\/d5b1a3cf357ed9c50404e256a1294083aa8ab5d2a994001567302786016cb32c?s=96&d=mm&r=g","caption":"joaograndao"}}]}},"amp_enabled":true,"_links":{"self":[{"href":"https:\/\/radiolifefm.com.br\/noticias\/wp-json\/wp\/v2\/posts\/28481","targetHints":{"allow":["GET"]}}],"collection":[{"href":"https:\/\/radiolifefm.com.br\/noticias\/wp-json\/wp\/v2\/posts"}],"about":[{"href":"https:\/\/radiolifefm.com.br\/noticias\/wp-json\/wp\/v2\/types\/post"}],"author":[{"embeddable":true,"href":"https:\/\/radiolifefm.com.br\/noticias\/wp-json\/wp\/v2\/users\/8"}],"replies":[{"embeddable":true,"href":"https:\/\/radiolifefm.com.br\/noticias\/wp-json\/wp\/v2\/comments?post=28481"}],"version-history":[{"count":1,"href":"https:\/\/radiolifefm.com.br\/noticias\/wp-json\/wp\/v2\/posts\/28481\/revisions"}],"predecessor-version":[{"id":28483,"href":"https:\/\/radiolifefm.com.br\/noticias\/wp-json\/wp\/v2\/posts\/28481\/revisions\/28483"}],"wp:featuredmedia":[{"embeddable":true,"href":"https:\/\/radiolifefm.com.br\/noticias\/wp-json\/wp\/v2\/media\/28482"}],"wp:attachment":[{"href":"https:\/\/radiolifefm.com.br\/noticias\/wp-json\/wp\/v2\/media?parent=28481"}],"wp:term":[{"taxonomy":"category","embeddable":true,"href":"https:\/\/radiolifefm.com.br\/noticias\/wp-json\/wp\/v2\/categories?post=28481"},{"taxonomy":"post_tag","embeddable":true,"href":"https:\/\/radiolifefm.com.br\/noticias\/wp-json\/wp\/v2\/tags?post=28481"}],"curies":[{"name":"wp","href":"https:\/\/api.w.org\/{rel}","templated":true}]}}