{"id":28458,"date":"2020-10-21T10:15:32","date_gmt":"2020-10-21T13:15:32","guid":{"rendered":"https:\/\/radiolifefm.com.br\/noticias\/?p=28458"},"modified":"2026-05-01T19:32:29","modified_gmt":"2026-05-01T22:32:29","slug":"eixo-sp-cart-e-der-dao-sequencia-a-operacao-balanca","status":"publish","type":"post","link":"https:\/\/radiolifefm.com.br\/noticias\/eixo-sp-cart-e-der-dao-sequencia-a-operacao-balanca\/","title":{"rendered":"Eixo SP, CART e DER d\u00e3o sequ\u00eancia a Opera\u00e7\u00e3o Balan\u00e7a"},"content":{"rendered":"<div id=\"fb-root\"><\/div>\n<p>A Eixo SP Concession\u00e1ria de Rodovias d\u00e1 prosseguimento, em car\u00e1ter educativo, \u00e0 Opera\u00e7\u00e3o Balan\u00e7a nos postos de fiscaliza\u00e7\u00e3o da SP 284 \u2013 Rodovia Man\u00edlio Gobbi, e da SP 425 \u2013 Assis Chateaubriand, em Presidente Prudente. Iniciativa tem o apoio da CART Concession\u00e1ria de Rodovias, PMRv \u2013 Pol\u00edcia Militar Rodovi\u00e1ria e do DER-SP \u2013 Departamento Estadual de Estradas de Rodagem.\u00a0\u00a0\u00a0 \u00a0\u00a0<u><\/u>\u00a0<u><\/u><\/p>\n<p><u><\/u>\u00a0<u><\/u><\/p>\n<p>A mobiliza\u00e7\u00e3o acontece diariamente das 9h \u00e0s 16h, no km 454+200, em ambos os sentidos da SP 284, e no km 434, sentido norte da SP 425. Nos casos de excesso no PBT \u2013 Peso Bruto Total ou por grupo de eixos, o motorista ser\u00e1 orientado sobre as normas previstas na legisla\u00e7\u00e3o de tr\u00e2nsito, sem autua\u00e7\u00e3o por infra\u00e7\u00e3o. Tamb\u00e9m neste per\u00edodo, caminhoneiros receber\u00e3o orienta\u00e7\u00f5es de sa\u00fade e ir\u00e3o aferir a temperatura e press\u00e3o.\u00a0<u><\/u>\u00a0<u><\/u><\/p>\n<p><u><\/u>\u00a0<u><\/u><\/p>\n<p>\u201cPor determina\u00e7\u00e3o da ARTESP, a fiscaliza\u00e7\u00e3o de peso de cargas transportadas na malha do programa de concess\u00f5es rodovi\u00e1rias paulista segue suspensa. Esta iniciativa da Eixo SP e parceiros tem o objetivo de orientar os motoristas sobre as normas e analisar o comportamento de tr\u00e1fego no segmento rodovi\u00e1rio visando a garantia da seguran\u00e7a e fluidez para os usu\u00e1rios\u201d, explica Rog\u00e9rio Rodrigues, Superintendente de Opera\u00e7\u00f5es da Eixo SP.\u00a0\u00a0 \u00a0\u00a0<u><\/u>\u00a0<u><\/u><\/p>\n<p><u><\/u>\u00a0<u><\/u><\/p>\n<p><b>Tecnologia\u00a0 \u00a0\u00a0<\/b><u><\/u>\u00a0<u><\/u><\/p>\n<p>A Eixo SP contar\u00e1 com o apoio da CART tamb\u00e9m no oferecimento de tecnologia avan\u00e7ada, uma balan\u00e7a m\u00f3vel embarcada em autom\u00f3vel tipo furg\u00e3o. Esta tecnologia consiste em c\u00e9lulas de carga, posicionadas no piso de passagem dos ve\u00edculos comerciais. Alimentado por gerador, o mecanismo envia informa\u00e7\u00f5es em tempo real ao monitor para aferi\u00e7\u00e3o do peso.\u00a0\u00a0\u00a0<u><\/u>\u00a0<u><\/u><\/p>\n<p><u><\/u>\u00a0<u><\/u><\/p>\n<p>\u201cConforme o Conselho Nacional de Tr\u00e2nsito (Contran), a toler\u00e2ncia por eixo \u00e9 de 7,5% e de 5,0% para peso bruto total. Nos casos em que houver inconformidade, o motorista ser\u00e1 orientado sobre os limites da norma e servir\u00e1 para o condutor estar alinhado \u00e0s regras do transporte rodovi\u00e1rio, o que reflete na seguran\u00e7a para o transportador, usu\u00e1rios e comunidades do entorno, que utilizam estas rodovias, de tr\u00e1fego diversificado\u201d, conclui Luis Santos, Gerente de Opera\u00e7\u00f5es da CART. \u00a0\u00a0<u><\/u>\u00a0<u><\/u><\/p>\n<p><u><\/u>\u00a0<u><\/u><\/p>\n<p>O Contran orienta ainda que a toler\u00e2ncia de 10% por eixo s\u00f3 vale para quem respeitar o limite de 5% do PBT \u2013 Peso Bruto Total e\/ou PBTC \u2013 Peso Bruto Total Combinado. Em situa\u00e7\u00f5es de excesso de largura, altura e comprimento sem a devida AET \u2013 Autoriza\u00e7\u00e3o Especial de Tr\u00e2nsito, o transportador estar\u00e1 sujeito \u00e0 autua\u00e7\u00e3o por parte da equipe do DER-SP, que estar\u00e1 presente. \u00a0<u><\/u>\u00a0<u><\/u><\/p>\n<p><u><\/u>\u00a0<u><\/u><\/p>\n<p><b>Sobre a Eixo SP\u00a0 \u00a0\u00a0<\/b><u><\/u>\u00a0<u><\/u><\/p>\n<p>A Eixo SP Concession\u00e1ria de Rodovias administra o lote Pipa (Piracicaba-Panorama), malha com mais de 1.273 km de estradas que passam por 62 munic\u00edpios da regi\u00e3o de Rio Claro, no centro do Estado, at\u00e9 Panorama, no extremo oeste, na divisa com o Mato Grosso do Sul. O maior contrato sob supervis\u00e3o da Artesp \u2013 Ag\u00eancia Reguladora de Transportes do Estado de S\u00e3o Paulo, ter\u00e1 investimentos na ordem de R$ 14 bilh\u00f5es em obras de amplia\u00e7\u00e3o, conserva\u00e7\u00e3o, al\u00e9m da moderniza\u00e7\u00e3o de servi\u00e7os ao usu\u00e1rio. Mais informa\u00e7\u00f5es acesse:\u00a0<a href=\"http:\/\/www.eixosp.com.br\/\" target=\"_blank\" rel=\"noopener noreferrer\" data-saferedirecturl=\"https:\/\/www.google.com\/url?q=http:\/\/www.eixosp.com.br\/&amp;source=gmail&amp;ust=1603369053295000&amp;usg=AFQjCNHXljI9b8NEzBHoiCAXD1jPU7_Sqg\">www.eixosp.com.br<\/a>.\u00a0 \u00a0\u00a0<u><\/u><\/p>\n","protected":false},"excerpt":{"rendered":"<p>A Eixo SP Concession\u00e1ria de Rodovias d\u00e1 prosseguimento, em car\u00e1ter educativo, \u00e0 Opera\u00e7\u00e3o Balan\u00e7a nos postos de fiscaliza\u00e7\u00e3o da SP 284 \u2013 Rodovia Man\u00edlio Gobbi, e da SP 425 \u2013 Assis Chateaubriand, em Presidente Prudente. Iniciativa tem o apoio da CART Concession\u00e1ria de Rodovias, PMRv \u2013 Pol\u00edcia Militar Rodovi\u00e1ria e do DER-SP \u2013 Departamento Estadual [&hellip;]<\/p>\n","protected":false},"author":8,"featured_media":28459,"comment_status":"closed","ping_status":"open","sticky":false,"template":"","format":"standard","meta":{"_acf_changed":false,"_exactmetrics_skip_tracking":false,"_exactmetrics_sitenote_active":false,"_exactmetrics_sitenote_note":"","_exactmetrics_sitenote_category":0,"footnotes":""},"categories":[24],"tags":[],"class_list":["post-28458","post","type-post","status-publish","format-standard","has-post-thumbnail","hentry","category-regiao"],"acf":[],"yoast_head":"<!-- This site is optimized with the Yoast SEO plugin v27.2 - https:\/\/yoast.com\/product\/yoast-seo-wordpress\/ -->\n<title>Eixo SP, CART e DER d\u00e3o sequ\u00eancia a Opera\u00e7\u00e3o Balan\u00e7a - R\u00e1dio Life FM<\/title>\n<meta name=\"robots\" content=\"index, follow, max-snippet:-1, max-image-preview:large, max-video-preview:-1\" \/>\n<link rel=\"canonical\" href=\"https:\/\/radiolifefm.com.br\/noticias\/eixo-sp-cart-e-der-dao-sequencia-a-operacao-balanca\/\" \/>\n<meta property=\"og:locale\" content=\"pt_BR\" \/>\n<meta property=\"og:type\" content=\"article\" \/>\n<meta property=\"og:title\" content=\"Eixo SP, CART e DER d\u00e3o sequ\u00eancia a Opera\u00e7\u00e3o Balan\u00e7a - R\u00e1dio Life FM\" \/>\n<meta property=\"og:description\" content=\"A Eixo SP Concession\u00e1ria de Rodovias d\u00e1 prosseguimento, em car\u00e1ter educativo, \u00e0 Opera\u00e7\u00e3o Balan\u00e7a nos postos de fiscaliza\u00e7\u00e3o da SP 284 \u2013 Rodovia Man\u00edlio Gobbi, e da SP 425 \u2013 Assis Chateaubriand, em Presidente Prudente. Iniciativa tem o apoio da CART Concession\u00e1ria de Rodovias, PMRv \u2013 Pol\u00edcia Militar Rodovi\u00e1ria e do DER-SP \u2013 Departamento Estadual [&hellip;]\" \/>\n<meta property=\"og:url\" content=\"https:\/\/radiolifefm.com.br\/noticias\/eixo-sp-cart-e-der-dao-sequencia-a-operacao-balanca\/\" \/>\n<meta property=\"og:site_name\" content=\"R\u00e1dio Life FM\" \/>\n<meta property=\"article:publisher\" content=\"https:\/\/www.facebook.com\/radiolifefm\/\" \/>\n<meta property=\"article:published_time\" content=\"2020-10-21T13:15:32+00:00\" \/>\n<meta property=\"article:modified_time\" content=\"2026-05-01T22:32:29+00:00\" \/>\n<meta property=\"og:image\" content=\"https:\/\/radiolifefm.com.br\/noticias\/wp-content\/uploads\/2020\/10\/Operacao-balanca.jpeg\" \/>\n\t<meta property=\"og:image:width\" content=\"1032\" \/>\n\t<meta property=\"og:image:height\" content=\"581\" \/>\n\t<meta property=\"og:image:type\" content=\"image\/jpeg\" \/>\n<meta name=\"author\" content=\"joaograndao\" \/>\n<meta name=\"twitter:card\" content=\"summary_large_image\" \/>\n<meta name=\"twitter:label1\" content=\"Escrito por\" \/>\n\t<meta name=\"twitter:data1\" content=\"joaograndao\" \/>\n\t<meta name=\"twitter:label2\" content=\"Est. tempo de leitura\" \/>\n\t<meta name=\"twitter:data2\" content=\"3 minutos\" \/>\n<script type=\"application\/ld+json\" class=\"yoast-schema-graph\">{\"@context\":\"https:\/\/schema.org\",\"@graph\":[{\"@type\":\"Article\",\"@id\":\"https:\/\/radiolifefm.com.br\/noticias\/eixo-sp-cart-e-der-dao-sequencia-a-operacao-balanca\/#article\",\"isPartOf\":{\"@id\":\"https:\/\/radiolifefm.com.br\/noticias\/eixo-sp-cart-e-der-dao-sequencia-a-operacao-balanca\/\"},\"author\":{\"name\":\"joaograndao\",\"@id\":\"https:\/\/radiolifefm.com.br\/noticias\/#\/schema\/person\/6876e1240feffe6e1b63fd5cb85abf28\"},\"headline\":\"Eixo SP, CART e DER d\u00e3o sequ\u00eancia a Opera\u00e7\u00e3o Balan\u00e7a\",\"datePublished\":\"2020-10-21T13:15:32+00:00\",\"dateModified\":\"2026-05-01T22:32:29+00:00\",\"mainEntityOfPage\":{\"@id\":\"https:\/\/radiolifefm.com.br\/noticias\/eixo-sp-cart-e-der-dao-sequencia-a-operacao-balanca\/\"},\"wordCount\":546,\"publisher\":{\"@id\":\"https:\/\/radiolifefm.com.br\/noticias\/#organization\"},\"image\":{\"@id\":\"https:\/\/radiolifefm.com.br\/noticias\/eixo-sp-cart-e-der-dao-sequencia-a-operacao-balanca\/#primaryimage\"},\"thumbnailUrl\":\"https:\/\/radiolifefm.com.br\/noticias\/wp-content\/uploads\/2020\/10\/Operacao-balanca.jpeg\",\"articleSection\":[\"Regi\u00e3o\"],\"inLanguage\":\"pt-BR\"},{\"@type\":\"WebPage\",\"@id\":\"https:\/\/radiolifefm.com.br\/noticias\/eixo-sp-cart-e-der-dao-sequencia-a-operacao-balanca\/\",\"url\":\"https:\/\/radiolifefm.com.br\/noticias\/eixo-sp-cart-e-der-dao-sequencia-a-operacao-balanca\/\",\"name\":\"Eixo SP, CART e DER d\u00e3o sequ\u00eancia a Opera\u00e7\u00e3o Balan\u00e7a - R\u00e1dio Life FM\",\"isPartOf\":{\"@id\":\"https:\/\/radiolifefm.com.br\/noticias\/#website\"},\"primaryImageOfPage\":{\"@id\":\"https:\/\/radiolifefm.com.br\/noticias\/eixo-sp-cart-e-der-dao-sequencia-a-operacao-balanca\/#primaryimage\"},\"image\":{\"@id\":\"https:\/\/radiolifefm.com.br\/noticias\/eixo-sp-cart-e-der-dao-sequencia-a-operacao-balanca\/#primaryimage\"},\"thumbnailUrl\":\"https:\/\/radiolifefm.com.br\/noticias\/wp-content\/uploads\/2020\/10\/Operacao-balanca.jpeg\",\"datePublished\":\"2020-10-21T13:15:32+00:00\",\"dateModified\":\"2026-05-01T22:32:29+00:00\",\"breadcrumb\":{\"@id\":\"https:\/\/radiolifefm.com.br\/noticias\/eixo-sp-cart-e-der-dao-sequencia-a-operacao-balanca\/#breadcrumb\"},\"inLanguage\":\"pt-BR\",\"potentialAction\":[{\"@type\":\"ReadAction\",\"target\":[\"https:\/\/radiolifefm.com.br\/noticias\/eixo-sp-cart-e-der-dao-sequencia-a-operacao-balanca\/\"]}]},{\"@type\":\"ImageObject\",\"inLanguage\":\"pt-BR\",\"@id\":\"https:\/\/radiolifefm.com.br\/noticias\/eixo-sp-cart-e-der-dao-sequencia-a-operacao-balanca\/#primaryimage\",\"url\":\"https:\/\/radiolifefm.com.br\/noticias\/wp-content\/uploads\/2020\/10\/Operacao-balanca.jpeg\",\"contentUrl\":\"https:\/\/radiolifefm.com.br\/noticias\/wp-content\/uploads\/2020\/10\/Operacao-balanca.jpeg\",\"width\":1032,\"height\":581},{\"@type\":\"BreadcrumbList\",\"@id\":\"https:\/\/radiolifefm.com.br\/noticias\/eixo-sp-cart-e-der-dao-sequencia-a-operacao-balanca\/#breadcrumb\",\"itemListElement\":[{\"@type\":\"ListItem\",\"position\":1,\"name\":\"In\u00edcio\",\"item\":\"https:\/\/radiolifefm.com.br\/noticias\/\"},{\"@type\":\"ListItem\",\"position\":2,\"name\":\"Eixo SP, CART e DER d\u00e3o sequ\u00eancia a Opera\u00e7\u00e3o Balan\u00e7a\"}]},{\"@type\":\"WebSite\",\"@id\":\"https:\/\/radiolifefm.com.br\/noticias\/#website\",\"url\":\"https:\/\/radiolifefm.com.br\/noticias\/\",\"name\":\"R\u00e1dio Life FM\",\"description\":\"O Portal de Not\u00edcias de Adamantina\",\"publisher\":{\"@id\":\"https:\/\/radiolifefm.com.br\/noticias\/#organization\"},\"alternateName\":\"Life FM\",\"potentialAction\":[{\"@type\":\"SearchAction\",\"target\":{\"@type\":\"EntryPoint\",\"urlTemplate\":\"https:\/\/radiolifefm.com.br\/noticias\/?s={search_term_string}\"},\"query-input\":{\"@type\":\"PropertyValueSpecification\",\"valueRequired\":true,\"valueName\":\"search_term_string\"}}],\"inLanguage\":\"pt-BR\"},{\"@type\":\"Organization\",\"@id\":\"https:\/\/radiolifefm.com.br\/noticias\/#organization\",\"name\":\"R\u00e1dio Life FM\",\"alternateName\":\"Life FM\",\"url\":\"https:\/\/radiolifefm.com.br\/noticias\/\",\"logo\":{\"@type\":\"ImageObject\",\"inLanguage\":\"pt-BR\",\"@id\":\"https:\/\/radiolifefm.com.br\/noticias\/#\/schema\/logo\/image\/\",\"url\":\"https:\/\/static.radiolifefm.com.br\/noticias\/wp-content\/uploads\/2019\/10\/logo-lifefm.png\",\"contentUrl\":\"https:\/\/static.radiolifefm.com.br\/noticias\/wp-content\/uploads\/2019\/10\/logo-lifefm.png\",\"width\":196,\"height\":47,\"caption\":\"R\u00e1dio Life FM\"},\"image\":{\"@id\":\"https:\/\/radiolifefm.com.br\/noticias\/#\/schema\/logo\/image\/\"},\"sameAs\":[\"https:\/\/www.facebook.com\/radiolifefm\/\",\"https:\/\/www.instagram.com\/life1079fm\/\"]},{\"@type\":\"Person\",\"@id\":\"https:\/\/radiolifefm.com.br\/noticias\/#\/schema\/person\/6876e1240feffe6e1b63fd5cb85abf28\",\"name\":\"joaograndao\",\"image\":{\"@type\":\"ImageObject\",\"inLanguage\":\"pt-BR\",\"@id\":\"https:\/\/secure.gravatar.com\/avatar\/d5b1a3cf357ed9c50404e256a1294083aa8ab5d2a994001567302786016cb32c?s=96&d=mm&r=g\",\"url\":\"https:\/\/secure.gravatar.com\/avatar\/d5b1a3cf357ed9c50404e256a1294083aa8ab5d2a994001567302786016cb32c?s=96&d=mm&r=g\",\"contentUrl\":\"https:\/\/secure.gravatar.com\/avatar\/d5b1a3cf357ed9c50404e256a1294083aa8ab5d2a994001567302786016cb32c?s=96&d=mm&r=g\",\"caption\":\"joaograndao\"}}]}<\/script>\n<!-- \/ Yoast SEO plugin. -->","yoast_head_json":{"title":"Eixo SP, CART e DER d\u00e3o sequ\u00eancia a Opera\u00e7\u00e3o Balan\u00e7a - R\u00e1dio Life FM","robots":{"index":"index","follow":"follow","max-snippet":"max-snippet:-1","max-image-preview":"max-image-preview:large","max-video-preview":"max-video-preview:-1"},"canonical":"https:\/\/radiolifefm.com.br\/noticias\/eixo-sp-cart-e-der-dao-sequencia-a-operacao-balanca\/","og_locale":"pt_BR","og_type":"article","og_title":"Eixo SP, CART e DER d\u00e3o sequ\u00eancia a Opera\u00e7\u00e3o Balan\u00e7a - R\u00e1dio Life FM","og_description":"A Eixo SP Concession\u00e1ria de Rodovias d\u00e1 prosseguimento, em car\u00e1ter educativo, \u00e0 Opera\u00e7\u00e3o Balan\u00e7a nos postos de fiscaliza\u00e7\u00e3o da SP 284 \u2013 Rodovia Man\u00edlio Gobbi, e da SP 425 \u2013 Assis Chateaubriand, em Presidente Prudente. Iniciativa tem o apoio da CART Concession\u00e1ria de Rodovias, PMRv \u2013 Pol\u00edcia Militar Rodovi\u00e1ria e do DER-SP \u2013 Departamento Estadual [&hellip;]","og_url":"https:\/\/radiolifefm.com.br\/noticias\/eixo-sp-cart-e-der-dao-sequencia-a-operacao-balanca\/","og_site_name":"R\u00e1dio Life FM","article_publisher":"https:\/\/www.facebook.com\/radiolifefm\/","article_published_time":"2020-10-21T13:15:32+00:00","article_modified_time":"2026-05-01T22:32:29+00:00","og_image":[{"width":1032,"height":581,"url":"https:\/\/radiolifefm.com.br\/noticias\/wp-content\/uploads\/2020\/10\/Operacao-balanca.jpeg","type":"image\/jpeg"}],"author":"joaograndao","twitter_card":"summary_large_image","twitter_misc":{"Escrito por":"joaograndao","Est. tempo de leitura":"3 minutos"},"schema":{"@context":"https:\/\/schema.org","@graph":[{"@type":"Article","@id":"https:\/\/radiolifefm.com.br\/noticias\/eixo-sp-cart-e-der-dao-sequencia-a-operacao-balanca\/#article","isPartOf":{"@id":"https:\/\/radiolifefm.com.br\/noticias\/eixo-sp-cart-e-der-dao-sequencia-a-operacao-balanca\/"},"author":{"name":"joaograndao","@id":"https:\/\/radiolifefm.com.br\/noticias\/#\/schema\/person\/6876e1240feffe6e1b63fd5cb85abf28"},"headline":"Eixo SP, CART e DER d\u00e3o sequ\u00eancia a Opera\u00e7\u00e3o Balan\u00e7a","datePublished":"2020-10-21T13:15:32+00:00","dateModified":"2026-05-01T22:32:29+00:00","mainEntityOfPage":{"@id":"https:\/\/radiolifefm.com.br\/noticias\/eixo-sp-cart-e-der-dao-sequencia-a-operacao-balanca\/"},"wordCount":546,"publisher":{"@id":"https:\/\/radiolifefm.com.br\/noticias\/#organization"},"image":{"@id":"https:\/\/radiolifefm.com.br\/noticias\/eixo-sp-cart-e-der-dao-sequencia-a-operacao-balanca\/#primaryimage"},"thumbnailUrl":"https:\/\/radiolifefm.com.br\/noticias\/wp-content\/uploads\/2020\/10\/Operacao-balanca.jpeg","articleSection":["Regi\u00e3o"],"inLanguage":"pt-BR"},{"@type":"WebPage","@id":"https:\/\/radiolifefm.com.br\/noticias\/eixo-sp-cart-e-der-dao-sequencia-a-operacao-balanca\/","url":"https:\/\/radiolifefm.com.br\/noticias\/eixo-sp-cart-e-der-dao-sequencia-a-operacao-balanca\/","name":"Eixo SP, CART e DER d\u00e3o sequ\u00eancia a Opera\u00e7\u00e3o Balan\u00e7a - R\u00e1dio Life FM","isPartOf":{"@id":"https:\/\/radiolifefm.com.br\/noticias\/#website"},"primaryImageOfPage":{"@id":"https:\/\/radiolifefm.com.br\/noticias\/eixo-sp-cart-e-der-dao-sequencia-a-operacao-balanca\/#primaryimage"},"image":{"@id":"https:\/\/radiolifefm.com.br\/noticias\/eixo-sp-cart-e-der-dao-sequencia-a-operacao-balanca\/#primaryimage"},"thumbnailUrl":"https:\/\/radiolifefm.com.br\/noticias\/wp-content\/uploads\/2020\/10\/Operacao-balanca.jpeg","datePublished":"2020-10-21T13:15:32+00:00","dateModified":"2026-05-01T22:32:29+00:00","breadcrumb":{"@id":"https:\/\/radiolifefm.com.br\/noticias\/eixo-sp-cart-e-der-dao-sequencia-a-operacao-balanca\/#breadcrumb"},"inLanguage":"pt-BR","potentialAction":[{"@type":"ReadAction","target":["https:\/\/radiolifefm.com.br\/noticias\/eixo-sp-cart-e-der-dao-sequencia-a-operacao-balanca\/"]}]},{"@type":"ImageObject","inLanguage":"pt-BR","@id":"https:\/\/radiolifefm.com.br\/noticias\/eixo-sp-cart-e-der-dao-sequencia-a-operacao-balanca\/#primaryimage","url":"https:\/\/radiolifefm.com.br\/noticias\/wp-content\/uploads\/2020\/10\/Operacao-balanca.jpeg","contentUrl":"https:\/\/radiolifefm.com.br\/noticias\/wp-content\/uploads\/2020\/10\/Operacao-balanca.jpeg","width":1032,"height":581},{"@type":"BreadcrumbList","@id":"https:\/\/radiolifefm.com.br\/noticias\/eixo-sp-cart-e-der-dao-sequencia-a-operacao-balanca\/#breadcrumb","itemListElement":[{"@type":"ListItem","position":1,"name":"In\u00edcio","item":"https:\/\/radiolifefm.com.br\/noticias\/"},{"@type":"ListItem","position":2,"name":"Eixo SP, CART e DER d\u00e3o sequ\u00eancia a Opera\u00e7\u00e3o Balan\u00e7a"}]},{"@type":"WebSite","@id":"https:\/\/radiolifefm.com.br\/noticias\/#website","url":"https:\/\/radiolifefm.com.br\/noticias\/","name":"R\u00e1dio Life FM","description":"O Portal de Not\u00edcias de Adamantina","publisher":{"@id":"https:\/\/radiolifefm.com.br\/noticias\/#organization"},"alternateName":"Life FM","potentialAction":[{"@type":"SearchAction","target":{"@type":"EntryPoint","urlTemplate":"https:\/\/radiolifefm.com.br\/noticias\/?s={search_term_string}"},"query-input":{"@type":"PropertyValueSpecification","valueRequired":true,"valueName":"search_term_string"}}],"inLanguage":"pt-BR"},{"@type":"Organization","@id":"https:\/\/radiolifefm.com.br\/noticias\/#organization","name":"R\u00e1dio Life FM","alternateName":"Life FM","url":"https:\/\/radiolifefm.com.br\/noticias\/","logo":{"@type":"ImageObject","inLanguage":"pt-BR","@id":"https:\/\/radiolifefm.com.br\/noticias\/#\/schema\/logo\/image\/","url":"https:\/\/static.radiolifefm.com.br\/noticias\/wp-content\/uploads\/2019\/10\/logo-lifefm.png","contentUrl":"https:\/\/static.radiolifefm.com.br\/noticias\/wp-content\/uploads\/2019\/10\/logo-lifefm.png","width":196,"height":47,"caption":"R\u00e1dio Life FM"},"image":{"@id":"https:\/\/radiolifefm.com.br\/noticias\/#\/schema\/logo\/image\/"},"sameAs":["https:\/\/www.facebook.com\/radiolifefm\/","https:\/\/www.instagram.com\/life1079fm\/"]},{"@type":"Person","@id":"https:\/\/radiolifefm.com.br\/noticias\/#\/schema\/person\/6876e1240feffe6e1b63fd5cb85abf28","name":"joaograndao","image":{"@type":"ImageObject","inLanguage":"pt-BR","@id":"https:\/\/secure.gravatar.com\/avatar\/d5b1a3cf357ed9c50404e256a1294083aa8ab5d2a994001567302786016cb32c?s=96&d=mm&r=g","url":"https:\/\/secure.gravatar.com\/avatar\/d5b1a3cf357ed9c50404e256a1294083aa8ab5d2a994001567302786016cb32c?s=96&d=mm&r=g","contentUrl":"https:\/\/secure.gravatar.com\/avatar\/d5b1a3cf357ed9c50404e256a1294083aa8ab5d2a994001567302786016cb32c?s=96&d=mm&r=g","caption":"joaograndao"}}]}},"amp_enabled":true,"_links":{"self":[{"href":"https:\/\/radiolifefm.com.br\/noticias\/wp-json\/wp\/v2\/posts\/28458","targetHints":{"allow":["GET"]}}],"collection":[{"href":"https:\/\/radiolifefm.com.br\/noticias\/wp-json\/wp\/v2\/posts"}],"about":[{"href":"https:\/\/radiolifefm.com.br\/noticias\/wp-json\/wp\/v2\/types\/post"}],"author":[{"embeddable":true,"href":"https:\/\/radiolifefm.com.br\/noticias\/wp-json\/wp\/v2\/users\/8"}],"replies":[{"embeddable":true,"href":"https:\/\/radiolifefm.com.br\/noticias\/wp-json\/wp\/v2\/comments?post=28458"}],"version-history":[{"count":1,"href":"https:\/\/radiolifefm.com.br\/noticias\/wp-json\/wp\/v2\/posts\/28458\/revisions"}],"predecessor-version":[{"id":28460,"href":"https:\/\/radiolifefm.com.br\/noticias\/wp-json\/wp\/v2\/posts\/28458\/revisions\/28460"}],"wp:featuredmedia":[{"embeddable":true,"href":"https:\/\/radiolifefm.com.br\/noticias\/wp-json\/wp\/v2\/media\/28459"}],"wp:attachment":[{"href":"https:\/\/radiolifefm.com.br\/noticias\/wp-json\/wp\/v2\/media?parent=28458"}],"wp:term":[{"taxonomy":"category","embeddable":true,"href":"https:\/\/radiolifefm.com.br\/noticias\/wp-json\/wp\/v2\/categories?post=28458"},{"taxonomy":"post_tag","embeddable":true,"href":"https:\/\/radiolifefm.com.br\/noticias\/wp-json\/wp\/v2\/tags?post=28458"}],"curies":[{"name":"wp","href":"https:\/\/api.w.org\/{rel}","templated":true}]}}