{"id":28455,"date":"2020-10-21T09:12:30","date_gmt":"2020-10-21T12:12:30","guid":{"rendered":"https:\/\/radiolifefm.com.br\/noticias\/?p=28455"},"modified":"2025-05-29T07:43:32","modified_gmt":"2025-05-29T10:43:32","slug":"carga-de-produtos-do-paraguai-sem-documentacao-fiscal-e-apreendida-em-presidente-venceslau","status":"publish","type":"post","link":"https:\/\/radiolifefm.com.br\/noticias\/carga-de-produtos-do-paraguai-sem-documentacao-fiscal-e-apreendida-em-presidente-venceslau\/","title":{"rendered":"Carga de produtos do Paraguai sem documenta\u00e7\u00e3o fiscal \u00e9 apreendida em Presidente Venceslau"},"content":{"rendered":"<div id=\"fb-root\"><\/div>\n<div class=\"mc-column content-text active-extra-styles \" data-block-type=\"unstyled\" data-block-weight=\"19\" data-block-id=\"2\">\n<p class=\"content-text__container \" data-track-category=\"Link no Texto\" data-track-links=\"\">A Pol\u00edcia Militar Rodovi\u00e1ria apreendeu v\u00e1rios produtos de origem estrangeira sem documenta\u00e7\u00e3o fiscal nesta ter\u00e7a-feira (20), em\u00a0<a href=\"https:\/\/g1.globo.com\/sp\/presidente-prudente-regiao\/cidade\/presidente-venceslau\/\">Presidente Venceslau<\/a>.<\/p>\n<\/div>\n<div class=\"wall protected-content\">\n<div class=\"mc-column content-text active-extra-styles \" data-block-type=\"unstyled\" data-block-weight=\"17\" data-block-id=\"3\">\n<p class=\"content-text__container \" data-track-category=\"Link no Texto\" data-track-links=\"\">Os materiais estavam em um \u00f4nibus que foi abordado no km 616,5 da Rodovia Raposo Tavares (SP-270).<\/p>\n<\/div>\n<div class=\"mc-column content-text active-extra-styles \" data-block-type=\"unstyled\" data-block-weight=\"31\" data-block-id=\"4\">\n<p class=\"content-text__container \" data-track-category=\"Link no Texto\" data-track-links=\"\">Durante desenvolvimento da Opera\u00e7\u00e3o S\u00e3o Paulo Mais Seguro, uma equipe policial abordou o coletivo e, no procedimento de vistoria, encontrou no bagageiro externo seis fardos contendo grande quantidade de produtos diversos.<\/p>\n<\/div>\n<div class=\"mc-column content-text active-extra-styles \" data-block-type=\"unstyled\" data-block-weight=\"12\" data-block-id=\"5\">\n<p class=\"content-text__container \" data-track-category=\"Link no Texto\" data-track-links=\"\">Os materiais, oriundos do Paraguai, n\u00e3o possu\u00edam documenta\u00e7\u00e3o fiscal, segundo a pol\u00edcia.<\/p>\n<\/div>\n<div class=\"mc-column content-text active-extra-styles \" data-block-type=\"unstyled\" data-block-weight=\"11\" data-block-id=\"6\">\n<p class=\"content-text__container \" data-track-category=\"Link no Texto\" data-track-links=\"\">A ocorr\u00eancia foi encaminhada para a Receita Federal em Presidente Prudente.<\/p>\n<\/div>\n<div class=\"mc-column content-text active-extra-styles \" data-block-type=\"unstyled\" data-block-weight=\"38\" data-block-id=\"7\">\n<p class=\"content-text__container \" data-track-category=\"Link no Texto\" data-track-links=\"\">Ao todo, foram contabilizados 3 mil \u00f3culos, 1.000 baterias para celular, 200 ess\u00eancias de narguil\u00e9 e 800 produtos diversos dentre eles: pel\u00edculas, capa para celular, caneta, luva de instala\u00e7\u00e3o de celular. As mercadorias foram apreendidas para posterior valora\u00e7\u00e3o.<\/p>\n<\/div>\n<div class=\"mc-column content-text active-extra-styles \" data-block-type=\"unstyled\" data-block-weight=\"13\" data-block-id=\"8\">\n<p class=\"content-text__container \" data-track-category=\"Link no Texto\" data-track-links=\"\">Os indiciados foram liberados ap\u00f3s suas oitivas para responder o processo em liberdade.<\/p>\n<p>Fonte: G1<\/p>\n<\/div>\n<\/div>\n","protected":false},"excerpt":{"rendered":"<p>A Pol\u00edcia Militar Rodovi\u00e1ria apreendeu v\u00e1rios produtos de origem estrangeira sem documenta\u00e7\u00e3o fiscal nesta ter\u00e7a-feira (20), em\u00a0Presidente Venceslau. Os materiais estavam em um \u00f4nibus que foi abordado no km 616,5 da Rodovia Raposo Tavares (SP-270). Durante desenvolvimento da Opera\u00e7\u00e3o S\u00e3o Paulo Mais Seguro, uma equipe policial abordou o coletivo e, no procedimento de vistoria, encontrou [&hellip;]<\/p>\n","protected":false},"author":8,"featured_media":28456,"comment_status":"closed","ping_status":"open","sticky":false,"template":"","format":"standard","meta":{"_acf_changed":false,"_exactmetrics_skip_tracking":false,"_exactmetrics_sitenote_active":false,"_exactmetrics_sitenote_note":"","_exactmetrics_sitenote_category":0,"footnotes":""},"categories":[24],"tags":[],"class_list":["post-28455","post","type-post","status-publish","format-standard","has-post-thumbnail","hentry","category-regiao"],"acf":[],"yoast_head":"<!-- This site is optimized with the Yoast SEO plugin v27.2 - https:\/\/yoast.com\/product\/yoast-seo-wordpress\/ -->\n<title>Carga de produtos do Paraguai sem documenta\u00e7\u00e3o fiscal \u00e9 apreendida em Presidente Venceslau - R\u00e1dio Life FM<\/title>\n<meta name=\"robots\" content=\"index, follow, max-snippet:-1, max-image-preview:large, max-video-preview:-1\" \/>\n<link rel=\"canonical\" href=\"https:\/\/radiolifefm.com.br\/noticias\/carga-de-produtos-do-paraguai-sem-documentacao-fiscal-e-apreendida-em-presidente-venceslau\/\" \/>\n<meta property=\"og:locale\" content=\"pt_BR\" \/>\n<meta property=\"og:type\" content=\"article\" \/>\n<meta property=\"og:title\" content=\"Carga de produtos do Paraguai sem documenta\u00e7\u00e3o fiscal \u00e9 apreendida em Presidente Venceslau - R\u00e1dio Life FM\" \/>\n<meta property=\"og:description\" content=\"A Pol\u00edcia Militar Rodovi\u00e1ria apreendeu v\u00e1rios produtos de origem estrangeira sem documenta\u00e7\u00e3o fiscal nesta ter\u00e7a-feira (20), em\u00a0Presidente Venceslau. Os materiais estavam em um \u00f4nibus que foi abordado no km 616,5 da Rodovia Raposo Tavares (SP-270). Durante desenvolvimento da Opera\u00e7\u00e3o S\u00e3o Paulo Mais Seguro, uma equipe policial abordou o coletivo e, no procedimento de vistoria, encontrou [&hellip;]\" \/>\n<meta property=\"og:url\" content=\"https:\/\/radiolifefm.com.br\/noticias\/carga-de-produtos-do-paraguai-sem-documentacao-fiscal-e-apreendida-em-presidente-venceslau\/\" \/>\n<meta property=\"og:site_name\" content=\"R\u00e1dio Life FM\" \/>\n<meta property=\"article:publisher\" content=\"https:\/\/www.facebook.com\/radiolifefm\/\" \/>\n<meta property=\"article:published_time\" content=\"2020-10-21T12:12:30+00:00\" \/>\n<meta property=\"article:modified_time\" content=\"2025-05-29T10:43:32+00:00\" \/>\n<meta property=\"og:image\" content=\"https:\/\/static.radiolifefm.com.br\/noticias\/wp-content\/uploads\/2020\/10\/whatsapp-image-2020-10-20-at-16.41.11.jpeg\" \/>\n\t<meta property=\"og:image:width\" content=\"984\" \/>\n\t<meta property=\"og:image:height\" content=\"738\" \/>\n\t<meta property=\"og:image:type\" content=\"image\/jpeg\" \/>\n<meta name=\"author\" content=\"joaograndao\" \/>\n<meta name=\"twitter:card\" content=\"summary_large_image\" \/>\n<meta name=\"twitter:label1\" content=\"Escrito por\" \/>\n\t<meta name=\"twitter:data1\" content=\"joaograndao\" \/>\n\t<meta name=\"twitter:label2\" content=\"Est. tempo de leitura\" \/>\n\t<meta name=\"twitter:data2\" content=\"1 minuto\" \/>\n<script type=\"application\/ld+json\" class=\"yoast-schema-graph\">{\"@context\":\"https:\/\/schema.org\",\"@graph\":[{\"@type\":\"Article\",\"@id\":\"https:\/\/radiolifefm.com.br\/noticias\/carga-de-produtos-do-paraguai-sem-documentacao-fiscal-e-apreendida-em-presidente-venceslau\/#article\",\"isPartOf\":{\"@id\":\"https:\/\/radiolifefm.com.br\/noticias\/carga-de-produtos-do-paraguai-sem-documentacao-fiscal-e-apreendida-em-presidente-venceslau\/\"},\"author\":{\"name\":\"joaograndao\",\"@id\":\"https:\/\/radiolifefm.com.br\/noticias\/#\/schema\/person\/6876e1240feffe6e1b63fd5cb85abf28\"},\"headline\":\"Carga de produtos do Paraguai sem documenta\u00e7\u00e3o fiscal \u00e9 apreendida em Presidente Venceslau\",\"datePublished\":\"2020-10-21T12:12:30+00:00\",\"dateModified\":\"2025-05-29T10:43:32+00:00\",\"mainEntityOfPage\":{\"@id\":\"https:\/\/radiolifefm.com.br\/noticias\/carga-de-produtos-do-paraguai-sem-documentacao-fiscal-e-apreendida-em-presidente-venceslau\/\"},\"wordCount\":167,\"publisher\":{\"@id\":\"https:\/\/radiolifefm.com.br\/noticias\/#organization\"},\"image\":{\"@id\":\"https:\/\/radiolifefm.com.br\/noticias\/carga-de-produtos-do-paraguai-sem-documentacao-fiscal-e-apreendida-em-presidente-venceslau\/#primaryimage\"},\"thumbnailUrl\":\"https:\/\/radiolifefm.com.br\/noticias\/wp-content\/uploads\/2020\/10\/whatsapp-image-2020-10-20-at-16.41.11.jpeg\",\"articleSection\":[\"Regi\u00e3o\"],\"inLanguage\":\"pt-BR\"},{\"@type\":\"WebPage\",\"@id\":\"https:\/\/radiolifefm.com.br\/noticias\/carga-de-produtos-do-paraguai-sem-documentacao-fiscal-e-apreendida-em-presidente-venceslau\/\",\"url\":\"https:\/\/radiolifefm.com.br\/noticias\/carga-de-produtos-do-paraguai-sem-documentacao-fiscal-e-apreendida-em-presidente-venceslau\/\",\"name\":\"Carga de produtos do Paraguai sem documenta\u00e7\u00e3o fiscal \u00e9 apreendida em Presidente Venceslau - R\u00e1dio Life FM\",\"isPartOf\":{\"@id\":\"https:\/\/radiolifefm.com.br\/noticias\/#website\"},\"primaryImageOfPage\":{\"@id\":\"https:\/\/radiolifefm.com.br\/noticias\/carga-de-produtos-do-paraguai-sem-documentacao-fiscal-e-apreendida-em-presidente-venceslau\/#primaryimage\"},\"image\":{\"@id\":\"https:\/\/radiolifefm.com.br\/noticias\/carga-de-produtos-do-paraguai-sem-documentacao-fiscal-e-apreendida-em-presidente-venceslau\/#primaryimage\"},\"thumbnailUrl\":\"https:\/\/radiolifefm.com.br\/noticias\/wp-content\/uploads\/2020\/10\/whatsapp-image-2020-10-20-at-16.41.11.jpeg\",\"datePublished\":\"2020-10-21T12:12:30+00:00\",\"dateModified\":\"2025-05-29T10:43:32+00:00\",\"breadcrumb\":{\"@id\":\"https:\/\/radiolifefm.com.br\/noticias\/carga-de-produtos-do-paraguai-sem-documentacao-fiscal-e-apreendida-em-presidente-venceslau\/#breadcrumb\"},\"inLanguage\":\"pt-BR\",\"potentialAction\":[{\"@type\":\"ReadAction\",\"target\":[\"https:\/\/radiolifefm.com.br\/noticias\/carga-de-produtos-do-paraguai-sem-documentacao-fiscal-e-apreendida-em-presidente-venceslau\/\"]}]},{\"@type\":\"ImageObject\",\"inLanguage\":\"pt-BR\",\"@id\":\"https:\/\/radiolifefm.com.br\/noticias\/carga-de-produtos-do-paraguai-sem-documentacao-fiscal-e-apreendida-em-presidente-venceslau\/#primaryimage\",\"url\":\"https:\/\/radiolifefm.com.br\/noticias\/wp-content\/uploads\/2020\/10\/whatsapp-image-2020-10-20-at-16.41.11.jpeg\",\"contentUrl\":\"https:\/\/radiolifefm.com.br\/noticias\/wp-content\/uploads\/2020\/10\/whatsapp-image-2020-10-20-at-16.41.11.jpeg\",\"width\":984,\"height\":738,\"caption\":\"Materiais estavam no bagageiro externo de um \u00f4nibus que foi abordado na Rodovia Raposo Tavares (SP-270). Ocorr\u00eancia foi encaminhada para a Receita Federal em Presidente Prudente.\"},{\"@type\":\"BreadcrumbList\",\"@id\":\"https:\/\/radiolifefm.com.br\/noticias\/carga-de-produtos-do-paraguai-sem-documentacao-fiscal-e-apreendida-em-presidente-venceslau\/#breadcrumb\",\"itemListElement\":[{\"@type\":\"ListItem\",\"position\":1,\"name\":\"In\u00edcio\",\"item\":\"https:\/\/radiolifefm.com.br\/noticias\/\"},{\"@type\":\"ListItem\",\"position\":2,\"name\":\"Carga de produtos do Paraguai sem documenta\u00e7\u00e3o fiscal \u00e9 apreendida em Presidente Venceslau\"}]},{\"@type\":\"WebSite\",\"@id\":\"https:\/\/radiolifefm.com.br\/noticias\/#website\",\"url\":\"https:\/\/radiolifefm.com.br\/noticias\/\",\"name\":\"R\u00e1dio Life FM\",\"description\":\"O Portal de Not\u00edcias de Adamantina\",\"publisher\":{\"@id\":\"https:\/\/radiolifefm.com.br\/noticias\/#organization\"},\"alternateName\":\"Life FM\",\"potentialAction\":[{\"@type\":\"SearchAction\",\"target\":{\"@type\":\"EntryPoint\",\"urlTemplate\":\"https:\/\/radiolifefm.com.br\/noticias\/?s={search_term_string}\"},\"query-input\":{\"@type\":\"PropertyValueSpecification\",\"valueRequired\":true,\"valueName\":\"search_term_string\"}}],\"inLanguage\":\"pt-BR\"},{\"@type\":\"Organization\",\"@id\":\"https:\/\/radiolifefm.com.br\/noticias\/#organization\",\"name\":\"R\u00e1dio Life FM\",\"alternateName\":\"Life FM\",\"url\":\"https:\/\/radiolifefm.com.br\/noticias\/\",\"logo\":{\"@type\":\"ImageObject\",\"inLanguage\":\"pt-BR\",\"@id\":\"https:\/\/radiolifefm.com.br\/noticias\/#\/schema\/logo\/image\/\",\"url\":\"https:\/\/static.radiolifefm.com.br\/noticias\/wp-content\/uploads\/2019\/10\/logo-lifefm.png\",\"contentUrl\":\"https:\/\/static.radiolifefm.com.br\/noticias\/wp-content\/uploads\/2019\/10\/logo-lifefm.png\",\"width\":196,\"height\":47,\"caption\":\"R\u00e1dio Life FM\"},\"image\":{\"@id\":\"https:\/\/radiolifefm.com.br\/noticias\/#\/schema\/logo\/image\/\"},\"sameAs\":[\"https:\/\/www.facebook.com\/radiolifefm\/\",\"https:\/\/www.instagram.com\/life1079fm\/\"]},{\"@type\":\"Person\",\"@id\":\"https:\/\/radiolifefm.com.br\/noticias\/#\/schema\/person\/6876e1240feffe6e1b63fd5cb85abf28\",\"name\":\"joaograndao\",\"image\":{\"@type\":\"ImageObject\",\"inLanguage\":\"pt-BR\",\"@id\":\"https:\/\/secure.gravatar.com\/avatar\/d5b1a3cf357ed9c50404e256a1294083aa8ab5d2a994001567302786016cb32c?s=96&d=mm&r=g\",\"url\":\"https:\/\/secure.gravatar.com\/avatar\/d5b1a3cf357ed9c50404e256a1294083aa8ab5d2a994001567302786016cb32c?s=96&d=mm&r=g\",\"contentUrl\":\"https:\/\/secure.gravatar.com\/avatar\/d5b1a3cf357ed9c50404e256a1294083aa8ab5d2a994001567302786016cb32c?s=96&d=mm&r=g\",\"caption\":\"joaograndao\"}}]}<\/script>\n<!-- \/ Yoast SEO plugin. -->","yoast_head_json":{"title":"Carga de produtos do Paraguai sem documenta\u00e7\u00e3o fiscal \u00e9 apreendida em Presidente Venceslau - R\u00e1dio Life FM","robots":{"index":"index","follow":"follow","max-snippet":"max-snippet:-1","max-image-preview":"max-image-preview:large","max-video-preview":"max-video-preview:-1"},"canonical":"https:\/\/radiolifefm.com.br\/noticias\/carga-de-produtos-do-paraguai-sem-documentacao-fiscal-e-apreendida-em-presidente-venceslau\/","og_locale":"pt_BR","og_type":"article","og_title":"Carga de produtos do Paraguai sem documenta\u00e7\u00e3o fiscal \u00e9 apreendida em Presidente Venceslau - R\u00e1dio Life FM","og_description":"A Pol\u00edcia Militar Rodovi\u00e1ria apreendeu v\u00e1rios produtos de origem estrangeira sem documenta\u00e7\u00e3o fiscal nesta ter\u00e7a-feira (20), em\u00a0Presidente Venceslau. Os materiais estavam em um \u00f4nibus que foi abordado no km 616,5 da Rodovia Raposo Tavares (SP-270). Durante desenvolvimento da Opera\u00e7\u00e3o S\u00e3o Paulo Mais Seguro, uma equipe policial abordou o coletivo e, no procedimento de vistoria, encontrou [&hellip;]","og_url":"https:\/\/radiolifefm.com.br\/noticias\/carga-de-produtos-do-paraguai-sem-documentacao-fiscal-e-apreendida-em-presidente-venceslau\/","og_site_name":"R\u00e1dio Life FM","article_publisher":"https:\/\/www.facebook.com\/radiolifefm\/","article_published_time":"2020-10-21T12:12:30+00:00","article_modified_time":"2025-05-29T10:43:32+00:00","og_image":[{"width":984,"height":738,"url":"https:\/\/static.radiolifefm.com.br\/noticias\/wp-content\/uploads\/2020\/10\/whatsapp-image-2020-10-20-at-16.41.11.jpeg","type":"image\/jpeg"}],"author":"joaograndao","twitter_card":"summary_large_image","twitter_misc":{"Escrito por":"joaograndao","Est. tempo de leitura":"1 minuto"},"schema":{"@context":"https:\/\/schema.org","@graph":[{"@type":"Article","@id":"https:\/\/radiolifefm.com.br\/noticias\/carga-de-produtos-do-paraguai-sem-documentacao-fiscal-e-apreendida-em-presidente-venceslau\/#article","isPartOf":{"@id":"https:\/\/radiolifefm.com.br\/noticias\/carga-de-produtos-do-paraguai-sem-documentacao-fiscal-e-apreendida-em-presidente-venceslau\/"},"author":{"name":"joaograndao","@id":"https:\/\/radiolifefm.com.br\/noticias\/#\/schema\/person\/6876e1240feffe6e1b63fd5cb85abf28"},"headline":"Carga de produtos do Paraguai sem documenta\u00e7\u00e3o fiscal \u00e9 apreendida em Presidente Venceslau","datePublished":"2020-10-21T12:12:30+00:00","dateModified":"2025-05-29T10:43:32+00:00","mainEntityOfPage":{"@id":"https:\/\/radiolifefm.com.br\/noticias\/carga-de-produtos-do-paraguai-sem-documentacao-fiscal-e-apreendida-em-presidente-venceslau\/"},"wordCount":167,"publisher":{"@id":"https:\/\/radiolifefm.com.br\/noticias\/#organization"},"image":{"@id":"https:\/\/radiolifefm.com.br\/noticias\/carga-de-produtos-do-paraguai-sem-documentacao-fiscal-e-apreendida-em-presidente-venceslau\/#primaryimage"},"thumbnailUrl":"https:\/\/radiolifefm.com.br\/noticias\/wp-content\/uploads\/2020\/10\/whatsapp-image-2020-10-20-at-16.41.11.jpeg","articleSection":["Regi\u00e3o"],"inLanguage":"pt-BR"},{"@type":"WebPage","@id":"https:\/\/radiolifefm.com.br\/noticias\/carga-de-produtos-do-paraguai-sem-documentacao-fiscal-e-apreendida-em-presidente-venceslau\/","url":"https:\/\/radiolifefm.com.br\/noticias\/carga-de-produtos-do-paraguai-sem-documentacao-fiscal-e-apreendida-em-presidente-venceslau\/","name":"Carga de produtos do Paraguai sem documenta\u00e7\u00e3o fiscal \u00e9 apreendida em Presidente Venceslau - R\u00e1dio Life FM","isPartOf":{"@id":"https:\/\/radiolifefm.com.br\/noticias\/#website"},"primaryImageOfPage":{"@id":"https:\/\/radiolifefm.com.br\/noticias\/carga-de-produtos-do-paraguai-sem-documentacao-fiscal-e-apreendida-em-presidente-venceslau\/#primaryimage"},"image":{"@id":"https:\/\/radiolifefm.com.br\/noticias\/carga-de-produtos-do-paraguai-sem-documentacao-fiscal-e-apreendida-em-presidente-venceslau\/#primaryimage"},"thumbnailUrl":"https:\/\/radiolifefm.com.br\/noticias\/wp-content\/uploads\/2020\/10\/whatsapp-image-2020-10-20-at-16.41.11.jpeg","datePublished":"2020-10-21T12:12:30+00:00","dateModified":"2025-05-29T10:43:32+00:00","breadcrumb":{"@id":"https:\/\/radiolifefm.com.br\/noticias\/carga-de-produtos-do-paraguai-sem-documentacao-fiscal-e-apreendida-em-presidente-venceslau\/#breadcrumb"},"inLanguage":"pt-BR","potentialAction":[{"@type":"ReadAction","target":["https:\/\/radiolifefm.com.br\/noticias\/carga-de-produtos-do-paraguai-sem-documentacao-fiscal-e-apreendida-em-presidente-venceslau\/"]}]},{"@type":"ImageObject","inLanguage":"pt-BR","@id":"https:\/\/radiolifefm.com.br\/noticias\/carga-de-produtos-do-paraguai-sem-documentacao-fiscal-e-apreendida-em-presidente-venceslau\/#primaryimage","url":"https:\/\/radiolifefm.com.br\/noticias\/wp-content\/uploads\/2020\/10\/whatsapp-image-2020-10-20-at-16.41.11.jpeg","contentUrl":"https:\/\/radiolifefm.com.br\/noticias\/wp-content\/uploads\/2020\/10\/whatsapp-image-2020-10-20-at-16.41.11.jpeg","width":984,"height":738,"caption":"Materiais estavam no bagageiro externo de um \u00f4nibus que foi abordado na Rodovia Raposo Tavares (SP-270). Ocorr\u00eancia foi encaminhada para a Receita Federal em Presidente Prudente."},{"@type":"BreadcrumbList","@id":"https:\/\/radiolifefm.com.br\/noticias\/carga-de-produtos-do-paraguai-sem-documentacao-fiscal-e-apreendida-em-presidente-venceslau\/#breadcrumb","itemListElement":[{"@type":"ListItem","position":1,"name":"In\u00edcio","item":"https:\/\/radiolifefm.com.br\/noticias\/"},{"@type":"ListItem","position":2,"name":"Carga de produtos do Paraguai sem documenta\u00e7\u00e3o fiscal \u00e9 apreendida em Presidente Venceslau"}]},{"@type":"WebSite","@id":"https:\/\/radiolifefm.com.br\/noticias\/#website","url":"https:\/\/radiolifefm.com.br\/noticias\/","name":"R\u00e1dio Life FM","description":"O Portal de Not\u00edcias de Adamantina","publisher":{"@id":"https:\/\/radiolifefm.com.br\/noticias\/#organization"},"alternateName":"Life FM","potentialAction":[{"@type":"SearchAction","target":{"@type":"EntryPoint","urlTemplate":"https:\/\/radiolifefm.com.br\/noticias\/?s={search_term_string}"},"query-input":{"@type":"PropertyValueSpecification","valueRequired":true,"valueName":"search_term_string"}}],"inLanguage":"pt-BR"},{"@type":"Organization","@id":"https:\/\/radiolifefm.com.br\/noticias\/#organization","name":"R\u00e1dio Life FM","alternateName":"Life FM","url":"https:\/\/radiolifefm.com.br\/noticias\/","logo":{"@type":"ImageObject","inLanguage":"pt-BR","@id":"https:\/\/radiolifefm.com.br\/noticias\/#\/schema\/logo\/image\/","url":"https:\/\/static.radiolifefm.com.br\/noticias\/wp-content\/uploads\/2019\/10\/logo-lifefm.png","contentUrl":"https:\/\/static.radiolifefm.com.br\/noticias\/wp-content\/uploads\/2019\/10\/logo-lifefm.png","width":196,"height":47,"caption":"R\u00e1dio Life FM"},"image":{"@id":"https:\/\/radiolifefm.com.br\/noticias\/#\/schema\/logo\/image\/"},"sameAs":["https:\/\/www.facebook.com\/radiolifefm\/","https:\/\/www.instagram.com\/life1079fm\/"]},{"@type":"Person","@id":"https:\/\/radiolifefm.com.br\/noticias\/#\/schema\/person\/6876e1240feffe6e1b63fd5cb85abf28","name":"joaograndao","image":{"@type":"ImageObject","inLanguage":"pt-BR","@id":"https:\/\/secure.gravatar.com\/avatar\/d5b1a3cf357ed9c50404e256a1294083aa8ab5d2a994001567302786016cb32c?s=96&d=mm&r=g","url":"https:\/\/secure.gravatar.com\/avatar\/d5b1a3cf357ed9c50404e256a1294083aa8ab5d2a994001567302786016cb32c?s=96&d=mm&r=g","contentUrl":"https:\/\/secure.gravatar.com\/avatar\/d5b1a3cf357ed9c50404e256a1294083aa8ab5d2a994001567302786016cb32c?s=96&d=mm&r=g","caption":"joaograndao"}}]}},"amp_enabled":true,"_links":{"self":[{"href":"https:\/\/radiolifefm.com.br\/noticias\/wp-json\/wp\/v2\/posts\/28455","targetHints":{"allow":["GET"]}}],"collection":[{"href":"https:\/\/radiolifefm.com.br\/noticias\/wp-json\/wp\/v2\/posts"}],"about":[{"href":"https:\/\/radiolifefm.com.br\/noticias\/wp-json\/wp\/v2\/types\/post"}],"author":[{"embeddable":true,"href":"https:\/\/radiolifefm.com.br\/noticias\/wp-json\/wp\/v2\/users\/8"}],"replies":[{"embeddable":true,"href":"https:\/\/radiolifefm.com.br\/noticias\/wp-json\/wp\/v2\/comments?post=28455"}],"version-history":[{"count":1,"href":"https:\/\/radiolifefm.com.br\/noticias\/wp-json\/wp\/v2\/posts\/28455\/revisions"}],"predecessor-version":[{"id":28457,"href":"https:\/\/radiolifefm.com.br\/noticias\/wp-json\/wp\/v2\/posts\/28455\/revisions\/28457"}],"wp:featuredmedia":[{"embeddable":true,"href":"https:\/\/radiolifefm.com.br\/noticias\/wp-json\/wp\/v2\/media\/28456"}],"wp:attachment":[{"href":"https:\/\/radiolifefm.com.br\/noticias\/wp-json\/wp\/v2\/media?parent=28455"}],"wp:term":[{"taxonomy":"category","embeddable":true,"href":"https:\/\/radiolifefm.com.br\/noticias\/wp-json\/wp\/v2\/categories?post=28455"},{"taxonomy":"post_tag","embeddable":true,"href":"https:\/\/radiolifefm.com.br\/noticias\/wp-json\/wp\/v2\/tags?post=28455"}],"curies":[{"name":"wp","href":"https:\/\/api.w.org\/{rel}","templated":true}]}}