{"id":28382,"date":"2020-10-20T08:36:16","date_gmt":"2020-10-20T11:36:16","guid":{"rendered":"https:\/\/radiolifefm.com.br\/noticias\/?p=28382"},"modified":"2026-04-26T17:04:45","modified_gmt":"2026-04-26T20:04:45","slug":"policial-militar-de-presidente-prudente-e-assassinado-em-sao-paulo","status":"publish","type":"post","link":"https:\/\/radiolifefm.com.br\/noticias\/policial-militar-de-presidente-prudente-e-assassinado-em-sao-paulo\/","title":{"rendered":"Policial militar de Presidente Prudente \u00e9 assassinado em S\u00e3o Paulo"},"content":{"rendered":"<div id=\"fb-root\"><\/div>\n<div class=\"mc-column content-text active-extra-styles \" data-block-type=\"unstyled\" data-block-weight=\"17\" data-block-id=\"2\">\n<p class=\"content-text__container \" data-track-category=\"Link no Texto\" data-track-links=\"\">Um policial militar de 32 anos, morador de\u00a0<a href=\"https:\/\/g1.globo.com\/sp\/presidente-prudente-regiao\/cidade\/presidente-prudente\/\">Presidente Prudente (SP)<\/a>, foi assassinado em\u00a0<a href=\"https:\/\/g1.globo.com\/sp\/sao-paulo\/cidade\/sao-paulo\/\">S\u00e3o Paulo (SP)<\/a>.<\/p>\n<\/div>\n<div class=\"wall protected-content\">\n<div class=\"mc-column content-text active-extra-styles \" data-block-type=\"unstyled\" data-block-weight=\"21\" data-block-id=\"3\">\n<p class=\"content-text__container \" data-track-category=\"Link no Texto\" data-track-links=\"\">O corpo do soldado Daniel Alves de Lima foi identificado nesta segunda-feira (19), no Instituto M\u00e9dico Legal (IML), na capital paulista.<\/p>\n<\/div>\n<div class=\"mc-column content-text active-extra-styles \" data-block-type=\"unstyled\" data-block-weight=\"38\" data-block-id=\"4\">\n<p class=\"content-text__container \" data-track-category=\"Link no Texto\" data-track-links=\"\">De acordo com as informa\u00e7\u00f5es divulgadas pela PM, policiais militares que estavam em servi\u00e7o, na manh\u00e3 do \u00faltimo s\u00e1bado (17), abordaram quatro indiv\u00edduos que conduziam uma carro\u00e7a, na Avenida Rudge, no bairro de Campos El\u00edseos, em S\u00e3o Paulo.<\/p>\n<\/div>\n<div class=\"mc-column content-text active-extra-styles \" data-block-type=\"unstyled\" data-block-weight=\"15\" data-block-id=\"5\">\n<p class=\"content-text__container \" data-track-category=\"Link no Texto\" data-track-links=\"\">Na abordagem, os policiais constataram que havia o corpo de um homem dentro da carro\u00e7a.<\/p>\n<\/div>\n<div class=\"mc-column content-text active-extra-styles \" data-block-type=\"unstyled\" data-block-weight=\"26\" data-block-id=\"6\">\n<p class=\"content-text__container \" data-track-category=\"Link no Texto\" data-track-links=\"\">A ocorr\u00eancia foi apresentada no 2\u00ba Distrito Policial (DP), onde a Pol\u00edcia Civil indiciou os quatro indiv\u00edduos pelo crime de homic\u00eddio qualificado, em concurso de pessoas.<\/p>\n<\/div>\n<div class=\"mc-column content-text active-extra-styles \" data-block-type=\"unstyled\" data-block-weight=\"22\" data-block-id=\"7\">\n<p class=\"content-text__container \" data-track-category=\"Link no Texto\" data-track-links=\"\">Nesta segunda-feira (19), o corpo da v\u00edtima foi identificado como sendo do soldado da Pol\u00edcia Militar Daniel Alves de Lima, 32 anos.<\/p>\n<\/div>\n<div class=\"mc-column content-text active-extra-styles \" data-block-type=\"unstyled\" data-block-weight=\"37\" data-block-id=\"8\">\n<p class=\"content-text__container \" data-track-category=\"Link no Texto\" data-track-links=\"\">Segundo a Pol\u00edcia Militar, informa\u00e7\u00f5es preliminares indicam que possivelmente o soldado estaria evangelizando para moradores de rua, na regi\u00e3o central da capital. Por\u00e9m, o caso est\u00e1 em investiga\u00e7\u00e3o na Pol\u00edcia Civil, com o apoio da Pol\u00edcia Militar.<\/p>\n<p><img loading=\"lazy\" decoding=\"async\" class=\"aligncenter wp-image-28383 size-large\" src=\"https:\/\/static.radiolifefm.com.br\/wp-content\/uploads\/sites\/2\/2020\/10\/carroca-1-pm-768x1024.gif\" alt=\"\" width=\"768\" height=\"1024\" srcset=\"https:\/\/radiolifefm.com.br\/noticias\/wp-content\/uploads\/2020\/10\/carroca-1-pm-768x1024.gif 768w, https:\/\/radiolifefm.com.br\/noticias\/wp-content\/uploads\/2020\/10\/carroca-1-pm-225x300.gif 225w\" sizes=\"auto, (max-width: 768px) 100vw, 768px\" \/><\/p>\n<div class=\"mc-column content-text active-extra-styles \" data-block-type=\"unstyled\" data-block-weight=\"52\" data-block-id=\"12\">\n<p class=\"content-text__container \" data-track-category=\"Link no Texto\" data-track-links=\"\">O soldado tinha sido visto pela \u00faltima vez na Pra\u00e7a da Rep\u00fablica, tamb\u00e9m na regi\u00e3o central. No fim de semana,\u00a0<a href=\"https:\/\/g1.globo.com\/sp\/sao-paulo\/noticia\/2020\/10\/19\/pm-desaparecido-e-achado-morto-nu-e-amarrado-dentro-de-carroca-no-centro-de-sp-4-foram-presos-por-suspeita-de-homicidio.ghtml\">uma equipe da Pol\u00edcia Militar encontrou um cad\u00e1ver sem roupas, n\u00e3o identificado, dentro de uma carro\u00e7a, que era levada por quatro homens sobre o Viaduto Orlando Gurgel, no bairro de Campos El\u00edseos<\/a>.<\/p>\n<\/div>\n<div class=\"mc-column content-text active-extra-styles \" data-block-type=\"unstyled\" data-block-weight=\"44\" data-block-id=\"13\">\n<p class=\"content-text__container \" data-track-category=\"Link no Texto\" data-track-links=\"\">Algumas partes do cad\u00e1ver estariam esmagadas, segundo policiais. O corpo do PM Daniel Alves de Lima estava escondido, debaixo de cobertores, dentro da carro\u00e7a. O local onde o corpo foi encontrado \u00e9 pr\u00f3ximo \u00e0 Cracol\u00e2ndia, regi\u00e3o conhecida pelo tr\u00e1fico e pelo consumo de drogas.<\/p>\n<\/div>\n<div class=\"mc-column content-text active-extra-styles \" data-block-type=\"unstyled\" data-block-weight=\"26\" data-block-id=\"14\">\n<p class=\"content-text__container \" data-track-category=\"Link no Texto\" data-track-links=\"\">O caso foi registrado como homic\u00eddio qualificado no 2\u00ba DP. A Pol\u00edcia Civil vai investigar as causas da morte e eventuais responsabilidades pelo assassinato do PM.<\/p>\n<\/div>\n<div class=\"mc-column content-text active-extra-styles \" data-block-type=\"unstyled\" data-block-weight=\"41\" data-block-id=\"15\">\n<p class=\"content-text__container \" data-track-category=\"Link no Texto\" data-track-links=\"\">Todos os quatro indiciados j\u00e1 tinham passagens anteriores por outros crimes, como furto, roubo e tr\u00e1fico. Entre os suspeitos, est\u00e3o um cozinheiro, de 35 anos, e tr\u00eas desempregados, de 37, 32 e 26 anos. Eles foram algemados e levados \u00e0 delegacia.<\/p>\n<p>Fonte: G1<\/p>\n<\/div>\n<\/div>\n<\/div>\n","protected":false},"excerpt":{"rendered":"<p>Um policial militar de 32 anos, morador de\u00a0Presidente Prudente (SP), foi assassinado em\u00a0S\u00e3o Paulo (SP). O corpo do soldado Daniel Alves de Lima foi identificado nesta segunda-feira (19), no Instituto M\u00e9dico Legal (IML), na capital paulista. De acordo com as informa\u00e7\u00f5es divulgadas pela PM, policiais militares que estavam em servi\u00e7o, na manh\u00e3 do \u00faltimo s\u00e1bado [&hellip;]<\/p>\n","protected":false},"author":8,"featured_media":28384,"comment_status":"closed","ping_status":"open","sticky":false,"template":"","format":"standard","meta":{"_acf_changed":false,"_exactmetrics_skip_tracking":false,"_exactmetrics_sitenote_active":false,"_exactmetrics_sitenote_note":"","_exactmetrics_sitenote_category":0,"footnotes":""},"categories":[24],"tags":[],"class_list":["post-28382","post","type-post","status-publish","format-standard","has-post-thumbnail","hentry","category-regiao"],"acf":[],"yoast_head":"<!-- This site is optimized with the Yoast SEO plugin v27.2 - https:\/\/yoast.com\/product\/yoast-seo-wordpress\/ -->\n<title>Policial militar de Presidente Prudente \u00e9 assassinado em S\u00e3o Paulo - R\u00e1dio Life FM<\/title>\n<meta name=\"robots\" content=\"index, follow, max-snippet:-1, max-image-preview:large, max-video-preview:-1\" \/>\n<link rel=\"canonical\" href=\"https:\/\/radiolifefm.com.br\/noticias\/policial-militar-de-presidente-prudente-e-assassinado-em-sao-paulo\/\" \/>\n<meta property=\"og:locale\" content=\"pt_BR\" \/>\n<meta property=\"og:type\" content=\"article\" \/>\n<meta property=\"og:title\" content=\"Policial militar de Presidente Prudente \u00e9 assassinado em S\u00e3o Paulo - R\u00e1dio Life FM\" \/>\n<meta property=\"og:description\" content=\"Um policial militar de 32 anos, morador de\u00a0Presidente Prudente (SP), foi assassinado em\u00a0S\u00e3o Paulo (SP). O corpo do soldado Daniel Alves de Lima foi identificado nesta segunda-feira (19), no Instituto M\u00e9dico Legal (IML), na capital paulista. De acordo com as informa\u00e7\u00f5es divulgadas pela PM, policiais militares que estavam em servi\u00e7o, na manh\u00e3 do \u00faltimo s\u00e1bado [&hellip;]\" \/>\n<meta property=\"og:url\" content=\"https:\/\/radiolifefm.com.br\/noticias\/policial-militar-de-presidente-prudente-e-assassinado-em-sao-paulo\/\" \/>\n<meta property=\"og:site_name\" content=\"R\u00e1dio Life FM\" \/>\n<meta property=\"article:publisher\" content=\"https:\/\/www.facebook.com\/radiolifefm\/\" \/>\n<meta property=\"article:published_time\" content=\"2020-10-20T11:36:16+00:00\" \/>\n<meta property=\"article:modified_time\" content=\"2026-04-26T20:04:45+00:00\" \/>\n<meta property=\"og:image\" content=\"https:\/\/radiolifefm.com.br\/noticias\/wp-content\/uploads\/2020\/10\/t99fl5f8dfb3def822.jpeg\" \/>\n\t<meta property=\"og:image:width\" content=\"984\" \/>\n\t<meta property=\"og:image:height\" content=\"984\" \/>\n\t<meta property=\"og:image:type\" content=\"image\/jpeg\" \/>\n<meta name=\"author\" content=\"joaograndao\" \/>\n<meta name=\"twitter:card\" content=\"summary_large_image\" \/>\n<meta name=\"twitter:label1\" content=\"Escrito por\" \/>\n\t<meta name=\"twitter:data1\" content=\"joaograndao\" \/>\n\t<meta name=\"twitter:label2\" content=\"Est. tempo de leitura\" \/>\n\t<meta name=\"twitter:data2\" content=\"2 minutos\" \/>\n<script type=\"application\/ld+json\" class=\"yoast-schema-graph\">{\"@context\":\"https:\/\/schema.org\",\"@graph\":[{\"@type\":\"Article\",\"@id\":\"https:\/\/radiolifefm.com.br\/noticias\/policial-militar-de-presidente-prudente-e-assassinado-em-sao-paulo\/#article\",\"isPartOf\":{\"@id\":\"https:\/\/radiolifefm.com.br\/noticias\/policial-militar-de-presidente-prudente-e-assassinado-em-sao-paulo\/\"},\"author\":{\"name\":\"joaograndao\",\"@id\":\"https:\/\/radiolifefm.com.br\/noticias\/#\/schema\/person\/6876e1240feffe6e1b63fd5cb85abf28\"},\"headline\":\"Policial militar de Presidente Prudente \u00e9 assassinado em S\u00e3o Paulo\",\"datePublished\":\"2020-10-20T11:36:16+00:00\",\"dateModified\":\"2026-04-26T20:04:45+00:00\",\"mainEntityOfPage\":{\"@id\":\"https:\/\/radiolifefm.com.br\/noticias\/policial-militar-de-presidente-prudente-e-assassinado-em-sao-paulo\/\"},\"wordCount\":380,\"publisher\":{\"@id\":\"https:\/\/radiolifefm.com.br\/noticias\/#organization\"},\"image\":{\"@id\":\"https:\/\/radiolifefm.com.br\/noticias\/policial-militar-de-presidente-prudente-e-assassinado-em-sao-paulo\/#primaryimage\"},\"thumbnailUrl\":\"https:\/\/radiolifefm.com.br\/noticias\/wp-content\/uploads\/2020\/10\/t99fl5f8dfb3def822.jpeg\",\"articleSection\":[\"Regi\u00e3o\"],\"inLanguage\":\"pt-BR\"},{\"@type\":\"WebPage\",\"@id\":\"https:\/\/radiolifefm.com.br\/noticias\/policial-militar-de-presidente-prudente-e-assassinado-em-sao-paulo\/\",\"url\":\"https:\/\/radiolifefm.com.br\/noticias\/policial-militar-de-presidente-prudente-e-assassinado-em-sao-paulo\/\",\"name\":\"Policial militar de Presidente Prudente \u00e9 assassinado em S\u00e3o Paulo - R\u00e1dio Life FM\",\"isPartOf\":{\"@id\":\"https:\/\/radiolifefm.com.br\/noticias\/#website\"},\"primaryImageOfPage\":{\"@id\":\"https:\/\/radiolifefm.com.br\/noticias\/policial-militar-de-presidente-prudente-e-assassinado-em-sao-paulo\/#primaryimage\"},\"image\":{\"@id\":\"https:\/\/radiolifefm.com.br\/noticias\/policial-militar-de-presidente-prudente-e-assassinado-em-sao-paulo\/#primaryimage\"},\"thumbnailUrl\":\"https:\/\/radiolifefm.com.br\/noticias\/wp-content\/uploads\/2020\/10\/t99fl5f8dfb3def822.jpeg\",\"datePublished\":\"2020-10-20T11:36:16+00:00\",\"dateModified\":\"2026-04-26T20:04:45+00:00\",\"breadcrumb\":{\"@id\":\"https:\/\/radiolifefm.com.br\/noticias\/policial-militar-de-presidente-prudente-e-assassinado-em-sao-paulo\/#breadcrumb\"},\"inLanguage\":\"pt-BR\",\"potentialAction\":[{\"@type\":\"ReadAction\",\"target\":[\"https:\/\/radiolifefm.com.br\/noticias\/policial-militar-de-presidente-prudente-e-assassinado-em-sao-paulo\/\"]}]},{\"@type\":\"ImageObject\",\"inLanguage\":\"pt-BR\",\"@id\":\"https:\/\/radiolifefm.com.br\/noticias\/policial-militar-de-presidente-prudente-e-assassinado-em-sao-paulo\/#primaryimage\",\"url\":\"https:\/\/radiolifefm.com.br\/noticias\/wp-content\/uploads\/2020\/10\/t99fl5f8dfb3def822.jpeg\",\"contentUrl\":\"https:\/\/radiolifefm.com.br\/noticias\/wp-content\/uploads\/2020\/10\/t99fl5f8dfb3def822.jpeg\",\"width\":984,\"height\":984,\"caption\":\"Daniel Alves de Lima, de 32 anos, era soldado da Pol\u00edcia Militar\"},{\"@type\":\"BreadcrumbList\",\"@id\":\"https:\/\/radiolifefm.com.br\/noticias\/policial-militar-de-presidente-prudente-e-assassinado-em-sao-paulo\/#breadcrumb\",\"itemListElement\":[{\"@type\":\"ListItem\",\"position\":1,\"name\":\"In\u00edcio\",\"item\":\"https:\/\/radiolifefm.com.br\/noticias\/\"},{\"@type\":\"ListItem\",\"position\":2,\"name\":\"Policial militar de Presidente Prudente \u00e9 assassinado em S\u00e3o Paulo\"}]},{\"@type\":\"WebSite\",\"@id\":\"https:\/\/radiolifefm.com.br\/noticias\/#website\",\"url\":\"https:\/\/radiolifefm.com.br\/noticias\/\",\"name\":\"R\u00e1dio Life FM\",\"description\":\"O Portal de Not\u00edcias de Adamantina\",\"publisher\":{\"@id\":\"https:\/\/radiolifefm.com.br\/noticias\/#organization\"},\"alternateName\":\"Life FM\",\"potentialAction\":[{\"@type\":\"SearchAction\",\"target\":{\"@type\":\"EntryPoint\",\"urlTemplate\":\"https:\/\/radiolifefm.com.br\/noticias\/?s={search_term_string}\"},\"query-input\":{\"@type\":\"PropertyValueSpecification\",\"valueRequired\":true,\"valueName\":\"search_term_string\"}}],\"inLanguage\":\"pt-BR\"},{\"@type\":\"Organization\",\"@id\":\"https:\/\/radiolifefm.com.br\/noticias\/#organization\",\"name\":\"R\u00e1dio Life FM\",\"alternateName\":\"Life FM\",\"url\":\"https:\/\/radiolifefm.com.br\/noticias\/\",\"logo\":{\"@type\":\"ImageObject\",\"inLanguage\":\"pt-BR\",\"@id\":\"https:\/\/radiolifefm.com.br\/noticias\/#\/schema\/logo\/image\/\",\"url\":\"https:\/\/static.radiolifefm.com.br\/noticias\/wp-content\/uploads\/2019\/10\/logo-lifefm.png\",\"contentUrl\":\"https:\/\/static.radiolifefm.com.br\/noticias\/wp-content\/uploads\/2019\/10\/logo-lifefm.png\",\"width\":196,\"height\":47,\"caption\":\"R\u00e1dio Life FM\"},\"image\":{\"@id\":\"https:\/\/radiolifefm.com.br\/noticias\/#\/schema\/logo\/image\/\"},\"sameAs\":[\"https:\/\/www.facebook.com\/radiolifefm\/\",\"https:\/\/www.instagram.com\/life1079fm\/\"]},{\"@type\":\"Person\",\"@id\":\"https:\/\/radiolifefm.com.br\/noticias\/#\/schema\/person\/6876e1240feffe6e1b63fd5cb85abf28\",\"name\":\"joaograndao\",\"image\":{\"@type\":\"ImageObject\",\"inLanguage\":\"pt-BR\",\"@id\":\"https:\/\/secure.gravatar.com\/avatar\/d5b1a3cf357ed9c50404e256a1294083aa8ab5d2a994001567302786016cb32c?s=96&d=mm&r=g\",\"url\":\"https:\/\/secure.gravatar.com\/avatar\/d5b1a3cf357ed9c50404e256a1294083aa8ab5d2a994001567302786016cb32c?s=96&d=mm&r=g\",\"contentUrl\":\"https:\/\/secure.gravatar.com\/avatar\/d5b1a3cf357ed9c50404e256a1294083aa8ab5d2a994001567302786016cb32c?s=96&d=mm&r=g\",\"caption\":\"joaograndao\"}}]}<\/script>\n<!-- \/ Yoast SEO plugin. -->","yoast_head_json":{"title":"Policial militar de Presidente Prudente \u00e9 assassinado em S\u00e3o Paulo - R\u00e1dio Life FM","robots":{"index":"index","follow":"follow","max-snippet":"max-snippet:-1","max-image-preview":"max-image-preview:large","max-video-preview":"max-video-preview:-1"},"canonical":"https:\/\/radiolifefm.com.br\/noticias\/policial-militar-de-presidente-prudente-e-assassinado-em-sao-paulo\/","og_locale":"pt_BR","og_type":"article","og_title":"Policial militar de Presidente Prudente \u00e9 assassinado em S\u00e3o Paulo - R\u00e1dio Life FM","og_description":"Um policial militar de 32 anos, morador de\u00a0Presidente Prudente (SP), foi assassinado em\u00a0S\u00e3o Paulo (SP). O corpo do soldado Daniel Alves de Lima foi identificado nesta segunda-feira (19), no Instituto M\u00e9dico Legal (IML), na capital paulista. De acordo com as informa\u00e7\u00f5es divulgadas pela PM, policiais militares que estavam em servi\u00e7o, na manh\u00e3 do \u00faltimo s\u00e1bado [&hellip;]","og_url":"https:\/\/radiolifefm.com.br\/noticias\/policial-militar-de-presidente-prudente-e-assassinado-em-sao-paulo\/","og_site_name":"R\u00e1dio Life FM","article_publisher":"https:\/\/www.facebook.com\/radiolifefm\/","article_published_time":"2020-10-20T11:36:16+00:00","article_modified_time":"2026-04-26T20:04:45+00:00","og_image":[{"width":984,"height":984,"url":"https:\/\/radiolifefm.com.br\/noticias\/wp-content\/uploads\/2020\/10\/t99fl5f8dfb3def822.jpeg","type":"image\/jpeg"}],"author":"joaograndao","twitter_card":"summary_large_image","twitter_misc":{"Escrito por":"joaograndao","Est. tempo de leitura":"2 minutos"},"schema":{"@context":"https:\/\/schema.org","@graph":[{"@type":"Article","@id":"https:\/\/radiolifefm.com.br\/noticias\/policial-militar-de-presidente-prudente-e-assassinado-em-sao-paulo\/#article","isPartOf":{"@id":"https:\/\/radiolifefm.com.br\/noticias\/policial-militar-de-presidente-prudente-e-assassinado-em-sao-paulo\/"},"author":{"name":"joaograndao","@id":"https:\/\/radiolifefm.com.br\/noticias\/#\/schema\/person\/6876e1240feffe6e1b63fd5cb85abf28"},"headline":"Policial militar de Presidente Prudente \u00e9 assassinado em S\u00e3o Paulo","datePublished":"2020-10-20T11:36:16+00:00","dateModified":"2026-04-26T20:04:45+00:00","mainEntityOfPage":{"@id":"https:\/\/radiolifefm.com.br\/noticias\/policial-militar-de-presidente-prudente-e-assassinado-em-sao-paulo\/"},"wordCount":380,"publisher":{"@id":"https:\/\/radiolifefm.com.br\/noticias\/#organization"},"image":{"@id":"https:\/\/radiolifefm.com.br\/noticias\/policial-militar-de-presidente-prudente-e-assassinado-em-sao-paulo\/#primaryimage"},"thumbnailUrl":"https:\/\/radiolifefm.com.br\/noticias\/wp-content\/uploads\/2020\/10\/t99fl5f8dfb3def822.jpeg","articleSection":["Regi\u00e3o"],"inLanguage":"pt-BR"},{"@type":"WebPage","@id":"https:\/\/radiolifefm.com.br\/noticias\/policial-militar-de-presidente-prudente-e-assassinado-em-sao-paulo\/","url":"https:\/\/radiolifefm.com.br\/noticias\/policial-militar-de-presidente-prudente-e-assassinado-em-sao-paulo\/","name":"Policial militar de Presidente Prudente \u00e9 assassinado em S\u00e3o Paulo - R\u00e1dio Life FM","isPartOf":{"@id":"https:\/\/radiolifefm.com.br\/noticias\/#website"},"primaryImageOfPage":{"@id":"https:\/\/radiolifefm.com.br\/noticias\/policial-militar-de-presidente-prudente-e-assassinado-em-sao-paulo\/#primaryimage"},"image":{"@id":"https:\/\/radiolifefm.com.br\/noticias\/policial-militar-de-presidente-prudente-e-assassinado-em-sao-paulo\/#primaryimage"},"thumbnailUrl":"https:\/\/radiolifefm.com.br\/noticias\/wp-content\/uploads\/2020\/10\/t99fl5f8dfb3def822.jpeg","datePublished":"2020-10-20T11:36:16+00:00","dateModified":"2026-04-26T20:04:45+00:00","breadcrumb":{"@id":"https:\/\/radiolifefm.com.br\/noticias\/policial-militar-de-presidente-prudente-e-assassinado-em-sao-paulo\/#breadcrumb"},"inLanguage":"pt-BR","potentialAction":[{"@type":"ReadAction","target":["https:\/\/radiolifefm.com.br\/noticias\/policial-militar-de-presidente-prudente-e-assassinado-em-sao-paulo\/"]}]},{"@type":"ImageObject","inLanguage":"pt-BR","@id":"https:\/\/radiolifefm.com.br\/noticias\/policial-militar-de-presidente-prudente-e-assassinado-em-sao-paulo\/#primaryimage","url":"https:\/\/radiolifefm.com.br\/noticias\/wp-content\/uploads\/2020\/10\/t99fl5f8dfb3def822.jpeg","contentUrl":"https:\/\/radiolifefm.com.br\/noticias\/wp-content\/uploads\/2020\/10\/t99fl5f8dfb3def822.jpeg","width":984,"height":984,"caption":"Daniel Alves de Lima, de 32 anos, era soldado da Pol\u00edcia Militar"},{"@type":"BreadcrumbList","@id":"https:\/\/radiolifefm.com.br\/noticias\/policial-militar-de-presidente-prudente-e-assassinado-em-sao-paulo\/#breadcrumb","itemListElement":[{"@type":"ListItem","position":1,"name":"In\u00edcio","item":"https:\/\/radiolifefm.com.br\/noticias\/"},{"@type":"ListItem","position":2,"name":"Policial militar de Presidente Prudente \u00e9 assassinado em S\u00e3o Paulo"}]},{"@type":"WebSite","@id":"https:\/\/radiolifefm.com.br\/noticias\/#website","url":"https:\/\/radiolifefm.com.br\/noticias\/","name":"R\u00e1dio Life FM","description":"O Portal de Not\u00edcias de Adamantina","publisher":{"@id":"https:\/\/radiolifefm.com.br\/noticias\/#organization"},"alternateName":"Life FM","potentialAction":[{"@type":"SearchAction","target":{"@type":"EntryPoint","urlTemplate":"https:\/\/radiolifefm.com.br\/noticias\/?s={search_term_string}"},"query-input":{"@type":"PropertyValueSpecification","valueRequired":true,"valueName":"search_term_string"}}],"inLanguage":"pt-BR"},{"@type":"Organization","@id":"https:\/\/radiolifefm.com.br\/noticias\/#organization","name":"R\u00e1dio Life FM","alternateName":"Life FM","url":"https:\/\/radiolifefm.com.br\/noticias\/","logo":{"@type":"ImageObject","inLanguage":"pt-BR","@id":"https:\/\/radiolifefm.com.br\/noticias\/#\/schema\/logo\/image\/","url":"https:\/\/static.radiolifefm.com.br\/noticias\/wp-content\/uploads\/2019\/10\/logo-lifefm.png","contentUrl":"https:\/\/static.radiolifefm.com.br\/noticias\/wp-content\/uploads\/2019\/10\/logo-lifefm.png","width":196,"height":47,"caption":"R\u00e1dio Life FM"},"image":{"@id":"https:\/\/radiolifefm.com.br\/noticias\/#\/schema\/logo\/image\/"},"sameAs":["https:\/\/www.facebook.com\/radiolifefm\/","https:\/\/www.instagram.com\/life1079fm\/"]},{"@type":"Person","@id":"https:\/\/radiolifefm.com.br\/noticias\/#\/schema\/person\/6876e1240feffe6e1b63fd5cb85abf28","name":"joaograndao","image":{"@type":"ImageObject","inLanguage":"pt-BR","@id":"https:\/\/secure.gravatar.com\/avatar\/d5b1a3cf357ed9c50404e256a1294083aa8ab5d2a994001567302786016cb32c?s=96&d=mm&r=g","url":"https:\/\/secure.gravatar.com\/avatar\/d5b1a3cf357ed9c50404e256a1294083aa8ab5d2a994001567302786016cb32c?s=96&d=mm&r=g","contentUrl":"https:\/\/secure.gravatar.com\/avatar\/d5b1a3cf357ed9c50404e256a1294083aa8ab5d2a994001567302786016cb32c?s=96&d=mm&r=g","caption":"joaograndao"}}]}},"amp_enabled":true,"_links":{"self":[{"href":"https:\/\/radiolifefm.com.br\/noticias\/wp-json\/wp\/v2\/posts\/28382","targetHints":{"allow":["GET"]}}],"collection":[{"href":"https:\/\/radiolifefm.com.br\/noticias\/wp-json\/wp\/v2\/posts"}],"about":[{"href":"https:\/\/radiolifefm.com.br\/noticias\/wp-json\/wp\/v2\/types\/post"}],"author":[{"embeddable":true,"href":"https:\/\/radiolifefm.com.br\/noticias\/wp-json\/wp\/v2\/users\/8"}],"replies":[{"embeddable":true,"href":"https:\/\/radiolifefm.com.br\/noticias\/wp-json\/wp\/v2\/comments?post=28382"}],"version-history":[{"count":3,"href":"https:\/\/radiolifefm.com.br\/noticias\/wp-json\/wp\/v2\/posts\/28382\/revisions"}],"predecessor-version":[{"id":28387,"href":"https:\/\/radiolifefm.com.br\/noticias\/wp-json\/wp\/v2\/posts\/28382\/revisions\/28387"}],"wp:featuredmedia":[{"embeddable":true,"href":"https:\/\/radiolifefm.com.br\/noticias\/wp-json\/wp\/v2\/media\/28384"}],"wp:attachment":[{"href":"https:\/\/radiolifefm.com.br\/noticias\/wp-json\/wp\/v2\/media?parent=28382"}],"wp:term":[{"taxonomy":"category","embeddable":true,"href":"https:\/\/radiolifefm.com.br\/noticias\/wp-json\/wp\/v2\/categories?post=28382"},{"taxonomy":"post_tag","embeddable":true,"href":"https:\/\/radiolifefm.com.br\/noticias\/wp-json\/wp\/v2\/tags?post=28382"}],"curies":[{"name":"wp","href":"https:\/\/api.w.org\/{rel}","templated":true}]}}