{"id":28379,"date":"2020-10-19T19:54:16","date_gmt":"2020-10-19T22:54:16","guid":{"rendered":"https:\/\/radiolifefm.com.br\/noticias\/?p=28379"},"modified":"2026-01-09T19:55:53","modified_gmt":"2026-01-09T22:55:53","slug":"homem-de-70-anos-e-localizado-apos-tentar-contra-a-vida-de-sua-esposa-de-65-anos","status":"publish","type":"post","link":"https:\/\/radiolifefm.com.br\/noticias\/homem-de-70-anos-e-localizado-apos-tentar-contra-a-vida-de-sua-esposa-de-65-anos\/","title":{"rendered":"Homem de 70 anos \u00e9 localizado ap\u00f3s tentar contra a vida de sua esposa de 65 anos"},"content":{"rendered":"<div id=\"fb-root\"><\/div>\n<p>A Pol\u00edcia Civil prendeu hoje um homem de 70 anos acusado de tentativa de feminic\u00eddio que vitimou a esposa, de 65 anos. O crime ocorreu na manh\u00e3 do dia 9 de outubro, em Regente Feij\u00f3, no entanto, foi divulgado nesta segunda-feira.<\/p>\n<p>Segundo informa\u00e7\u00f5es da Pol\u00edcia Civil, a Pol\u00edcia Militar foi acionada para comparecer ao local para atender a uma ocorr\u00eancia de les\u00e3o corporal.<\/p>\n<p>No local, foram informados por vizinhos de que houve uma briga entre o casal, e que o indiv\u00edduo utilizou um peda\u00e7o de pau e um abajur para agredir a v\u00edtima. Ap\u00f3s golpear a mulher por diversas vezes, o marido fugiu e n\u00e3o foi mais visto.<\/p>\n<p>A v\u00edtima foi socorrida ao hospital local onde confirmou as agress\u00f5es. De acordo com a pol\u00edcia, devido ao seu estado de sa\u00fade, considerado grave, n\u00e3o foi poss\u00edvel colher a vers\u00e3o dos fatos. A mulher foi transferida ao HR (Hospital Regional) Doutor Domingos Leonardo Cer\u00e1volo, onde ficou internada por tr\u00eas dias.<\/p>\n<p>Depois de receber alta, a v\u00edtima prestou depoimento e afirmou que a discuss\u00e3o foi motivada por ci\u00fames por parte do acusado, que tamb\u00e9m n\u00e3o aceitava o pedido de separa\u00e7\u00e3o.<\/p>\n<p>Conforme o delegado de Pol\u00edcia Civil que conduz o caso, Rafael Guerreiro Galv\u00e3o, a equipe do SIG (Setor de Investiga\u00e7\u00e3o Geral) iniciou uma s\u00e9rie de dilig\u00eancias que resultaram na obten\u00e7\u00e3o de provas que serviram como base para a representa\u00e7\u00e3o da pris\u00e3o tempor\u00e1ria do suspeito.<\/p>\n<p>O mandado de pris\u00e3o foi expedido e, desde ent\u00e3o, o indiciado encontrava-se foragido da Justi\u00e7a. Depois do encerramento das dilig\u00eancias em busca do acusado, que estava escondido, o mesmo se entregou nesta segunda-feira. \u201cNeste momento ser\u00e1 indiciado formalmente e interrogado\u201d, afirma Galv\u00e3o.<\/p>\n<p><strong>Maiores informa\u00e7\u00f5es\u00a0<\/strong><\/p>\n<p><strong>Delegacia Seccional de Pol\u00edcia de Presidente Prudente\u00a0<\/strong><\/p>\n<p><strong>18-3221-9300<\/strong><strong>\u00a0<\/strong><\/p>\n","protected":false},"excerpt":{"rendered":"<p>A Pol\u00edcia Civil prendeu hoje um homem de 70 anos acusado de tentativa de feminic\u00eddio que vitimou a esposa, de 65 anos. O crime ocorreu na manh\u00e3 do dia 9 de outubro, em Regente Feij\u00f3, no entanto, foi divulgado nesta segunda-feira. Segundo informa\u00e7\u00f5es da Pol\u00edcia Civil, a Pol\u00edcia Militar foi acionada para comparecer ao local [&hellip;]<\/p>\n","protected":false},"author":8,"featured_media":28380,"comment_status":"closed","ping_status":"open","sticky":false,"template":"","format":"standard","meta":{"_acf_changed":false,"_exactmetrics_skip_tracking":false,"_exactmetrics_sitenote_active":false,"_exactmetrics_sitenote_note":"","_exactmetrics_sitenote_category":0,"footnotes":""},"categories":[24],"tags":[],"class_list":["post-28379","post","type-post","status-publish","format-standard","has-post-thumbnail","hentry","category-regiao"],"acf":[],"yoast_head":"<!-- This site is optimized with the Yoast SEO plugin v27.2 - https:\/\/yoast.com\/product\/yoast-seo-wordpress\/ -->\n<title>Homem de 70 anos \u00e9 localizado ap\u00f3s tentar contra a vida de sua esposa de 65 anos - R\u00e1dio Life FM<\/title>\n<meta name=\"robots\" content=\"index, follow, max-snippet:-1, max-image-preview:large, max-video-preview:-1\" \/>\n<link rel=\"canonical\" href=\"https:\/\/radiolifefm.com.br\/noticias\/homem-de-70-anos-e-localizado-apos-tentar-contra-a-vida-de-sua-esposa-de-65-anos\/\" \/>\n<meta property=\"og:locale\" content=\"pt_BR\" \/>\n<meta property=\"og:type\" content=\"article\" \/>\n<meta property=\"og:title\" content=\"Homem de 70 anos \u00e9 localizado ap\u00f3s tentar contra a vida de sua esposa de 65 anos - R\u00e1dio Life FM\" \/>\n<meta property=\"og:description\" content=\"A Pol\u00edcia Civil prendeu hoje um homem de 70 anos acusado de tentativa de feminic\u00eddio que vitimou a esposa, de 65 anos. O crime ocorreu na manh\u00e3 do dia 9 de outubro, em Regente Feij\u00f3, no entanto, foi divulgado nesta segunda-feira. Segundo informa\u00e7\u00f5es da Pol\u00edcia Civil, a Pol\u00edcia Militar foi acionada para comparecer ao local [&hellip;]\" \/>\n<meta property=\"og:url\" content=\"https:\/\/radiolifefm.com.br\/noticias\/homem-de-70-anos-e-localizado-apos-tentar-contra-a-vida-de-sua-esposa-de-65-anos\/\" \/>\n<meta property=\"og:site_name\" content=\"R\u00e1dio Life FM\" \/>\n<meta property=\"article:publisher\" content=\"https:\/\/www.facebook.com\/radiolifefm\/\" \/>\n<meta property=\"article:published_time\" content=\"2020-10-19T22:54:16+00:00\" \/>\n<meta property=\"article:modified_time\" content=\"2026-01-09T22:55:53+00:00\" \/>\n<meta property=\"og:image\" content=\"https:\/\/radiolifefm.com.br\/noticias\/wp-content\/uploads\/2020\/10\/039-Regente-Feijo-001-07.08.20.jpeg\" \/>\n\t<meta property=\"og:image:width\" content=\"780\" \/>\n\t<meta property=\"og:image:height\" content=\"1040\" \/>\n\t<meta property=\"og:image:type\" content=\"image\/jpeg\" \/>\n<meta name=\"author\" content=\"joaograndao\" \/>\n<meta name=\"twitter:card\" content=\"summary_large_image\" \/>\n<meta name=\"twitter:label1\" content=\"Escrito por\" \/>\n\t<meta name=\"twitter:data1\" content=\"joaograndao\" \/>\n\t<meta name=\"twitter:label2\" content=\"Est. tempo de leitura\" \/>\n\t<meta name=\"twitter:data2\" content=\"2 minutos\" \/>\n<script type=\"application\/ld+json\" class=\"yoast-schema-graph\">{\"@context\":\"https:\/\/schema.org\",\"@graph\":[{\"@type\":\"Article\",\"@id\":\"https:\/\/radiolifefm.com.br\/noticias\/homem-de-70-anos-e-localizado-apos-tentar-contra-a-vida-de-sua-esposa-de-65-anos\/#article\",\"isPartOf\":{\"@id\":\"https:\/\/radiolifefm.com.br\/noticias\/homem-de-70-anos-e-localizado-apos-tentar-contra-a-vida-de-sua-esposa-de-65-anos\/\"},\"author\":{\"name\":\"joaograndao\",\"@id\":\"https:\/\/radiolifefm.com.br\/noticias\/#\/schema\/person\/6876e1240feffe6e1b63fd5cb85abf28\"},\"headline\":\"Homem de 70 anos \u00e9 localizado ap\u00f3s tentar contra a vida de sua esposa de 65 anos\",\"datePublished\":\"2020-10-19T22:54:16+00:00\",\"dateModified\":\"2026-01-09T22:55:53+00:00\",\"mainEntityOfPage\":{\"@id\":\"https:\/\/radiolifefm.com.br\/noticias\/homem-de-70-anos-e-localizado-apos-tentar-contra-a-vida-de-sua-esposa-de-65-anos\/\"},\"wordCount\":339,\"publisher\":{\"@id\":\"https:\/\/radiolifefm.com.br\/noticias\/#organization\"},\"image\":{\"@id\":\"https:\/\/radiolifefm.com.br\/noticias\/homem-de-70-anos-e-localizado-apos-tentar-contra-a-vida-de-sua-esposa-de-65-anos\/#primaryimage\"},\"thumbnailUrl\":\"https:\/\/radiolifefm.com.br\/noticias\/wp-content\/uploads\/2020\/10\/039-Regente-Feijo-001-07.08.20.jpeg\",\"articleSection\":[\"Regi\u00e3o\"],\"inLanguage\":\"pt-BR\"},{\"@type\":\"WebPage\",\"@id\":\"https:\/\/radiolifefm.com.br\/noticias\/homem-de-70-anos-e-localizado-apos-tentar-contra-a-vida-de-sua-esposa-de-65-anos\/\",\"url\":\"https:\/\/radiolifefm.com.br\/noticias\/homem-de-70-anos-e-localizado-apos-tentar-contra-a-vida-de-sua-esposa-de-65-anos\/\",\"name\":\"Homem de 70 anos \u00e9 localizado ap\u00f3s tentar contra a vida de sua esposa de 65 anos - R\u00e1dio Life FM\",\"isPartOf\":{\"@id\":\"https:\/\/radiolifefm.com.br\/noticias\/#website\"},\"primaryImageOfPage\":{\"@id\":\"https:\/\/radiolifefm.com.br\/noticias\/homem-de-70-anos-e-localizado-apos-tentar-contra-a-vida-de-sua-esposa-de-65-anos\/#primaryimage\"},\"image\":{\"@id\":\"https:\/\/radiolifefm.com.br\/noticias\/homem-de-70-anos-e-localizado-apos-tentar-contra-a-vida-de-sua-esposa-de-65-anos\/#primaryimage\"},\"thumbnailUrl\":\"https:\/\/radiolifefm.com.br\/noticias\/wp-content\/uploads\/2020\/10\/039-Regente-Feijo-001-07.08.20.jpeg\",\"datePublished\":\"2020-10-19T22:54:16+00:00\",\"dateModified\":\"2026-01-09T22:55:53+00:00\",\"breadcrumb\":{\"@id\":\"https:\/\/radiolifefm.com.br\/noticias\/homem-de-70-anos-e-localizado-apos-tentar-contra-a-vida-de-sua-esposa-de-65-anos\/#breadcrumb\"},\"inLanguage\":\"pt-BR\",\"potentialAction\":[{\"@type\":\"ReadAction\",\"target\":[\"https:\/\/radiolifefm.com.br\/noticias\/homem-de-70-anos-e-localizado-apos-tentar-contra-a-vida-de-sua-esposa-de-65-anos\/\"]}]},{\"@type\":\"ImageObject\",\"inLanguage\":\"pt-BR\",\"@id\":\"https:\/\/radiolifefm.com.br\/noticias\/homem-de-70-anos-e-localizado-apos-tentar-contra-a-vida-de-sua-esposa-de-65-anos\/#primaryimage\",\"url\":\"https:\/\/radiolifefm.com.br\/noticias\/wp-content\/uploads\/2020\/10\/039-Regente-Feijo-001-07.08.20.jpeg\",\"contentUrl\":\"https:\/\/radiolifefm.com.br\/noticias\/wp-content\/uploads\/2020\/10\/039-Regente-Feijo-001-07.08.20.jpeg\",\"width\":780,\"height\":1040},{\"@type\":\"BreadcrumbList\",\"@id\":\"https:\/\/radiolifefm.com.br\/noticias\/homem-de-70-anos-e-localizado-apos-tentar-contra-a-vida-de-sua-esposa-de-65-anos\/#breadcrumb\",\"itemListElement\":[{\"@type\":\"ListItem\",\"position\":1,\"name\":\"In\u00edcio\",\"item\":\"https:\/\/radiolifefm.com.br\/noticias\/\"},{\"@type\":\"ListItem\",\"position\":2,\"name\":\"Homem de 70 anos \u00e9 localizado ap\u00f3s tentar contra a vida de sua esposa de 65 anos\"}]},{\"@type\":\"WebSite\",\"@id\":\"https:\/\/radiolifefm.com.br\/noticias\/#website\",\"url\":\"https:\/\/radiolifefm.com.br\/noticias\/\",\"name\":\"R\u00e1dio Life FM\",\"description\":\"O Portal de Not\u00edcias de Adamantina\",\"publisher\":{\"@id\":\"https:\/\/radiolifefm.com.br\/noticias\/#organization\"},\"alternateName\":\"Life FM\",\"potentialAction\":[{\"@type\":\"SearchAction\",\"target\":{\"@type\":\"EntryPoint\",\"urlTemplate\":\"https:\/\/radiolifefm.com.br\/noticias\/?s={search_term_string}\"},\"query-input\":{\"@type\":\"PropertyValueSpecification\",\"valueRequired\":true,\"valueName\":\"search_term_string\"}}],\"inLanguage\":\"pt-BR\"},{\"@type\":\"Organization\",\"@id\":\"https:\/\/radiolifefm.com.br\/noticias\/#organization\",\"name\":\"R\u00e1dio Life FM\",\"alternateName\":\"Life FM\",\"url\":\"https:\/\/radiolifefm.com.br\/noticias\/\",\"logo\":{\"@type\":\"ImageObject\",\"inLanguage\":\"pt-BR\",\"@id\":\"https:\/\/radiolifefm.com.br\/noticias\/#\/schema\/logo\/image\/\",\"url\":\"https:\/\/static.radiolifefm.com.br\/noticias\/wp-content\/uploads\/2019\/10\/logo-lifefm.png\",\"contentUrl\":\"https:\/\/static.radiolifefm.com.br\/noticias\/wp-content\/uploads\/2019\/10\/logo-lifefm.png\",\"width\":196,\"height\":47,\"caption\":\"R\u00e1dio Life FM\"},\"image\":{\"@id\":\"https:\/\/radiolifefm.com.br\/noticias\/#\/schema\/logo\/image\/\"},\"sameAs\":[\"https:\/\/www.facebook.com\/radiolifefm\/\",\"https:\/\/www.instagram.com\/life1079fm\/\"]},{\"@type\":\"Person\",\"@id\":\"https:\/\/radiolifefm.com.br\/noticias\/#\/schema\/person\/6876e1240feffe6e1b63fd5cb85abf28\",\"name\":\"joaograndao\",\"image\":{\"@type\":\"ImageObject\",\"inLanguage\":\"pt-BR\",\"@id\":\"https:\/\/secure.gravatar.com\/avatar\/d5b1a3cf357ed9c50404e256a1294083aa8ab5d2a994001567302786016cb32c?s=96&d=mm&r=g\",\"url\":\"https:\/\/secure.gravatar.com\/avatar\/d5b1a3cf357ed9c50404e256a1294083aa8ab5d2a994001567302786016cb32c?s=96&d=mm&r=g\",\"contentUrl\":\"https:\/\/secure.gravatar.com\/avatar\/d5b1a3cf357ed9c50404e256a1294083aa8ab5d2a994001567302786016cb32c?s=96&d=mm&r=g\",\"caption\":\"joaograndao\"}}]}<\/script>\n<!-- \/ Yoast SEO plugin. -->","yoast_head_json":{"title":"Homem de 70 anos \u00e9 localizado ap\u00f3s tentar contra a vida de sua esposa de 65 anos - R\u00e1dio Life FM","robots":{"index":"index","follow":"follow","max-snippet":"max-snippet:-1","max-image-preview":"max-image-preview:large","max-video-preview":"max-video-preview:-1"},"canonical":"https:\/\/radiolifefm.com.br\/noticias\/homem-de-70-anos-e-localizado-apos-tentar-contra-a-vida-de-sua-esposa-de-65-anos\/","og_locale":"pt_BR","og_type":"article","og_title":"Homem de 70 anos \u00e9 localizado ap\u00f3s tentar contra a vida de sua esposa de 65 anos - R\u00e1dio Life FM","og_description":"A Pol\u00edcia Civil prendeu hoje um homem de 70 anos acusado de tentativa de feminic\u00eddio que vitimou a esposa, de 65 anos. O crime ocorreu na manh\u00e3 do dia 9 de outubro, em Regente Feij\u00f3, no entanto, foi divulgado nesta segunda-feira. Segundo informa\u00e7\u00f5es da Pol\u00edcia Civil, a Pol\u00edcia Militar foi acionada para comparecer ao local [&hellip;]","og_url":"https:\/\/radiolifefm.com.br\/noticias\/homem-de-70-anos-e-localizado-apos-tentar-contra-a-vida-de-sua-esposa-de-65-anos\/","og_site_name":"R\u00e1dio Life FM","article_publisher":"https:\/\/www.facebook.com\/radiolifefm\/","article_published_time":"2020-10-19T22:54:16+00:00","article_modified_time":"2026-01-09T22:55:53+00:00","og_image":[{"width":780,"height":1040,"url":"https:\/\/radiolifefm.com.br\/noticias\/wp-content\/uploads\/2020\/10\/039-Regente-Feijo-001-07.08.20.jpeg","type":"image\/jpeg"}],"author":"joaograndao","twitter_card":"summary_large_image","twitter_misc":{"Escrito por":"joaograndao","Est. tempo de leitura":"2 minutos"},"schema":{"@context":"https:\/\/schema.org","@graph":[{"@type":"Article","@id":"https:\/\/radiolifefm.com.br\/noticias\/homem-de-70-anos-e-localizado-apos-tentar-contra-a-vida-de-sua-esposa-de-65-anos\/#article","isPartOf":{"@id":"https:\/\/radiolifefm.com.br\/noticias\/homem-de-70-anos-e-localizado-apos-tentar-contra-a-vida-de-sua-esposa-de-65-anos\/"},"author":{"name":"joaograndao","@id":"https:\/\/radiolifefm.com.br\/noticias\/#\/schema\/person\/6876e1240feffe6e1b63fd5cb85abf28"},"headline":"Homem de 70 anos \u00e9 localizado ap\u00f3s tentar contra a vida de sua esposa de 65 anos","datePublished":"2020-10-19T22:54:16+00:00","dateModified":"2026-01-09T22:55:53+00:00","mainEntityOfPage":{"@id":"https:\/\/radiolifefm.com.br\/noticias\/homem-de-70-anos-e-localizado-apos-tentar-contra-a-vida-de-sua-esposa-de-65-anos\/"},"wordCount":339,"publisher":{"@id":"https:\/\/radiolifefm.com.br\/noticias\/#organization"},"image":{"@id":"https:\/\/radiolifefm.com.br\/noticias\/homem-de-70-anos-e-localizado-apos-tentar-contra-a-vida-de-sua-esposa-de-65-anos\/#primaryimage"},"thumbnailUrl":"https:\/\/radiolifefm.com.br\/noticias\/wp-content\/uploads\/2020\/10\/039-Regente-Feijo-001-07.08.20.jpeg","articleSection":["Regi\u00e3o"],"inLanguage":"pt-BR"},{"@type":"WebPage","@id":"https:\/\/radiolifefm.com.br\/noticias\/homem-de-70-anos-e-localizado-apos-tentar-contra-a-vida-de-sua-esposa-de-65-anos\/","url":"https:\/\/radiolifefm.com.br\/noticias\/homem-de-70-anos-e-localizado-apos-tentar-contra-a-vida-de-sua-esposa-de-65-anos\/","name":"Homem de 70 anos \u00e9 localizado ap\u00f3s tentar contra a vida de sua esposa de 65 anos - R\u00e1dio Life FM","isPartOf":{"@id":"https:\/\/radiolifefm.com.br\/noticias\/#website"},"primaryImageOfPage":{"@id":"https:\/\/radiolifefm.com.br\/noticias\/homem-de-70-anos-e-localizado-apos-tentar-contra-a-vida-de-sua-esposa-de-65-anos\/#primaryimage"},"image":{"@id":"https:\/\/radiolifefm.com.br\/noticias\/homem-de-70-anos-e-localizado-apos-tentar-contra-a-vida-de-sua-esposa-de-65-anos\/#primaryimage"},"thumbnailUrl":"https:\/\/radiolifefm.com.br\/noticias\/wp-content\/uploads\/2020\/10\/039-Regente-Feijo-001-07.08.20.jpeg","datePublished":"2020-10-19T22:54:16+00:00","dateModified":"2026-01-09T22:55:53+00:00","breadcrumb":{"@id":"https:\/\/radiolifefm.com.br\/noticias\/homem-de-70-anos-e-localizado-apos-tentar-contra-a-vida-de-sua-esposa-de-65-anos\/#breadcrumb"},"inLanguage":"pt-BR","potentialAction":[{"@type":"ReadAction","target":["https:\/\/radiolifefm.com.br\/noticias\/homem-de-70-anos-e-localizado-apos-tentar-contra-a-vida-de-sua-esposa-de-65-anos\/"]}]},{"@type":"ImageObject","inLanguage":"pt-BR","@id":"https:\/\/radiolifefm.com.br\/noticias\/homem-de-70-anos-e-localizado-apos-tentar-contra-a-vida-de-sua-esposa-de-65-anos\/#primaryimage","url":"https:\/\/radiolifefm.com.br\/noticias\/wp-content\/uploads\/2020\/10\/039-Regente-Feijo-001-07.08.20.jpeg","contentUrl":"https:\/\/radiolifefm.com.br\/noticias\/wp-content\/uploads\/2020\/10\/039-Regente-Feijo-001-07.08.20.jpeg","width":780,"height":1040},{"@type":"BreadcrumbList","@id":"https:\/\/radiolifefm.com.br\/noticias\/homem-de-70-anos-e-localizado-apos-tentar-contra-a-vida-de-sua-esposa-de-65-anos\/#breadcrumb","itemListElement":[{"@type":"ListItem","position":1,"name":"In\u00edcio","item":"https:\/\/radiolifefm.com.br\/noticias\/"},{"@type":"ListItem","position":2,"name":"Homem de 70 anos \u00e9 localizado ap\u00f3s tentar contra a vida de sua esposa de 65 anos"}]},{"@type":"WebSite","@id":"https:\/\/radiolifefm.com.br\/noticias\/#website","url":"https:\/\/radiolifefm.com.br\/noticias\/","name":"R\u00e1dio Life FM","description":"O Portal de Not\u00edcias de Adamantina","publisher":{"@id":"https:\/\/radiolifefm.com.br\/noticias\/#organization"},"alternateName":"Life FM","potentialAction":[{"@type":"SearchAction","target":{"@type":"EntryPoint","urlTemplate":"https:\/\/radiolifefm.com.br\/noticias\/?s={search_term_string}"},"query-input":{"@type":"PropertyValueSpecification","valueRequired":true,"valueName":"search_term_string"}}],"inLanguage":"pt-BR"},{"@type":"Organization","@id":"https:\/\/radiolifefm.com.br\/noticias\/#organization","name":"R\u00e1dio Life FM","alternateName":"Life FM","url":"https:\/\/radiolifefm.com.br\/noticias\/","logo":{"@type":"ImageObject","inLanguage":"pt-BR","@id":"https:\/\/radiolifefm.com.br\/noticias\/#\/schema\/logo\/image\/","url":"https:\/\/static.radiolifefm.com.br\/noticias\/wp-content\/uploads\/2019\/10\/logo-lifefm.png","contentUrl":"https:\/\/static.radiolifefm.com.br\/noticias\/wp-content\/uploads\/2019\/10\/logo-lifefm.png","width":196,"height":47,"caption":"R\u00e1dio Life FM"},"image":{"@id":"https:\/\/radiolifefm.com.br\/noticias\/#\/schema\/logo\/image\/"},"sameAs":["https:\/\/www.facebook.com\/radiolifefm\/","https:\/\/www.instagram.com\/life1079fm\/"]},{"@type":"Person","@id":"https:\/\/radiolifefm.com.br\/noticias\/#\/schema\/person\/6876e1240feffe6e1b63fd5cb85abf28","name":"joaograndao","image":{"@type":"ImageObject","inLanguage":"pt-BR","@id":"https:\/\/secure.gravatar.com\/avatar\/d5b1a3cf357ed9c50404e256a1294083aa8ab5d2a994001567302786016cb32c?s=96&d=mm&r=g","url":"https:\/\/secure.gravatar.com\/avatar\/d5b1a3cf357ed9c50404e256a1294083aa8ab5d2a994001567302786016cb32c?s=96&d=mm&r=g","contentUrl":"https:\/\/secure.gravatar.com\/avatar\/d5b1a3cf357ed9c50404e256a1294083aa8ab5d2a994001567302786016cb32c?s=96&d=mm&r=g","caption":"joaograndao"}}]}},"amp_enabled":true,"_links":{"self":[{"href":"https:\/\/radiolifefm.com.br\/noticias\/wp-json\/wp\/v2\/posts\/28379","targetHints":{"allow":["GET"]}}],"collection":[{"href":"https:\/\/radiolifefm.com.br\/noticias\/wp-json\/wp\/v2\/posts"}],"about":[{"href":"https:\/\/radiolifefm.com.br\/noticias\/wp-json\/wp\/v2\/types\/post"}],"author":[{"embeddable":true,"href":"https:\/\/radiolifefm.com.br\/noticias\/wp-json\/wp\/v2\/users\/8"}],"replies":[{"embeddable":true,"href":"https:\/\/radiolifefm.com.br\/noticias\/wp-json\/wp\/v2\/comments?post=28379"}],"version-history":[{"count":1,"href":"https:\/\/radiolifefm.com.br\/noticias\/wp-json\/wp\/v2\/posts\/28379\/revisions"}],"predecessor-version":[{"id":28381,"href":"https:\/\/radiolifefm.com.br\/noticias\/wp-json\/wp\/v2\/posts\/28379\/revisions\/28381"}],"wp:featuredmedia":[{"embeddable":true,"href":"https:\/\/radiolifefm.com.br\/noticias\/wp-json\/wp\/v2\/media\/28380"}],"wp:attachment":[{"href":"https:\/\/radiolifefm.com.br\/noticias\/wp-json\/wp\/v2\/media?parent=28379"}],"wp:term":[{"taxonomy":"category","embeddable":true,"href":"https:\/\/radiolifefm.com.br\/noticias\/wp-json\/wp\/v2\/categories?post=28379"},{"taxonomy":"post_tag","embeddable":true,"href":"https:\/\/radiolifefm.com.br\/noticias\/wp-json\/wp\/v2\/tags?post=28379"}],"curies":[{"name":"wp","href":"https:\/\/api.w.org\/{rel}","templated":true}]}}