{"id":28369,"date":"2020-10-19T19:46:13","date_gmt":"2020-10-19T22:46:13","guid":{"rendered":"https:\/\/radiolifefm.com.br\/noticias\/?p=28369"},"modified":"2026-01-26T23:18:48","modified_gmt":"2026-01-27T02:18:48","slug":"acesso-maracai-x-sp-270-estara-fechado-para-recuperacao-de-pavimento","status":"publish","type":"post","link":"https:\/\/radiolifefm.com.br\/noticias\/acesso-maracai-x-sp-270-estara-fechado-para-recuperacao-de-pavimento\/","title":{"rendered":"Acesso Maraca\u00ed x SP-270 estar\u00e1 fechado para recupera\u00e7\u00e3o de pavimento"},"content":{"rendered":"<div id=\"fb-root\"><\/div>\n<p>A CART Concession\u00e1ria Auto Raposo Tavares ir\u00e1 executar obras no pavimento de al\u00e7a de acesso \u00e0 SP-270 \u2013 Rodovia Raposo Tavares, sentido oeste, localizada no km 472+600. Durante os trabalhos, programados para o hor\u00e1rio das 7h30 \u00e0s 17h desta ter\u00e7a-feira, 20, haver\u00e1 desvio programado para o condutor que fizer o trajeto munic\u00edpio-rodovia.\u00a0<u><\/u>\u00a0<u><\/u><\/p>\n<p><u><\/u>\u00a0<u><\/u><\/p>\n<p>Motorista que seguir pelo sentido oeste da Rodovia Raposo Tavares (capital x interior) dever\u00e1 acessar a rodovia na pista leste, seguir at\u00e9 o pr\u00f3ximo dispositivo localizado um quil\u00f4metro adiante e retornar no oeste.<u><\/u>\u00a0<u><\/u><\/p>\n<p><u><\/u>\u00a0<u><\/u><\/p>\n<p>A interven\u00e7\u00e3o no pavimento est\u00e1 inserida no cronograma de obras alinhado com a ARTESP \u2013 Ag\u00eancia Reguladora de Transportes do Estado de S\u00e3o Paulo e tem o apoio operacional da PMRv \u2013 Pol\u00edcia Militar Rodovi\u00e1ria. Em caso de chuva, as obras ser\u00e3o reprogramadas.\u00a0 \u00a0\u00a0<u><\/u>\u00a0<u><\/u><\/p>\n<p><u><\/u>\u00a0<u><\/u><\/p>\n<p>\u201cA CART mant\u00e9m um robusto cronograma de interven\u00e7\u00f5es nas al\u00e7as de acesso que s\u00e3o importantes instrumentos de comodidade ao condutor que utiliza com frequ\u00eancia a Raposo Tavares para viagens de curta dist\u00e2ncia ou, ainda, para o escoamento da produ\u00e7\u00e3o da ind\u00fastria e do agroneg\u00f3cio. S\u00e3o procedimentos que colocam as rodovias em uma posi\u00e7\u00e3o estrat\u00e9gica na rota do desenvolvimento econ\u00f4mico do interior paulista\u201d, afirma Marcos Lanuti, coordenador de Opera\u00e7\u00f5es da CART.\u00a0\u00a0<u><\/u>\u00a0<u><\/u><\/p>\n<p><u><\/u>\u00a0<u><\/u><\/p>\n<p><b>Sobre a CART\u00a0\u00a0\u00a0\u00a0\u00a0\u00a0\u00a0\u00a0\u00a0\u00a0\u00a0\u00a0\u00a0\u00a0\u00a0\u00a0 \u00a0\u00a0<\/b><u><\/u>\u00a0<u><\/u><\/p>\n<p>A CART administra as rodovias SP-225 &#8211; Jo\u00e3o Baptista Cabral Renn\u00f3, SP-327 &#8211; Orlando Quagliato e SP-270 &#8211; Raposo Tavares, no total de 834 quil\u00f4metros entre Presidente Epit\u00e1cio e Bauru, sendo 444 no eixo principal e 390 quil\u00f4metros de vicinais. Em 2019, a empresa ganhou a 1\u00aa coloca\u00e7\u00e3o na categoria Seguran\u00e7a Rodovi\u00e1ria e est\u00e1 entre as 10 melhores Concession\u00e1rias de Rodovias do Estado de SP, de acordo com o ranking divulgado pela ARTESP &#8211; Ag\u00eancia Reguladora de Transportes do Estado de S\u00e3o Paulo, \u00f3rg\u00e3o que regulamenta e fiscaliza o Programa de Concess\u00f5es Rodovi\u00e1rias do Governo do Estado de S\u00e3o Paulo. As rodovias da CART contribuem para a expans\u00e3o do com\u00e9rcio, ind\u00fastria, do agroneg\u00f3cio, do turismo e da presta\u00e7\u00e3o de servi\u00e7os nos munic\u00edpios cortados pelo Corredor Raposo Tavares. Monitorada e 100% duplicada, a concess\u00e3o confere seguran\u00e7a e agilidade no tr\u00e2nsito de cargas, conectando o Oeste Paulista com os principais pontos de escoamento da produ\u00e7\u00e3o do Brasil. \u00a0\u00a0<u><\/u>\u00a0<u><\/u><\/p>\n<p><u><\/u> <img loading=\"lazy\" decoding=\"async\" class=\"wp-image-28370 size-medium alignleft\" src=\"https:\/\/static.radiolifefm.com.br\/wp-content\/uploads\/sites\/2\/2020\/10\/Outlook-1azpjrym-300x75.png\" alt=\"\" width=\"300\" height=\"75\" srcset=\"https:\/\/radiolifefm.com.br\/noticias\/wp-content\/uploads\/2020\/10\/Outlook-1azpjrym-300x75.png 300w, https:\/\/radiolifefm.com.br\/noticias\/wp-content\/uploads\/2020\/10\/Outlook-1azpjrym-768x191.png 768w, https:\/\/radiolifefm.com.br\/noticias\/wp-content\/uploads\/2020\/10\/Outlook-1azpjrym.png 856w\" sizes=\"auto, (max-width: 300px) 100vw, 300px\" \/><\/p>\n","protected":false},"excerpt":{"rendered":"<p>A CART Concession\u00e1ria Auto Raposo Tavares ir\u00e1 executar obras no pavimento de al\u00e7a de acesso \u00e0 SP-270 \u2013 Rodovia Raposo Tavares, sentido oeste, localizada no km 472+600. Durante os trabalhos, programados para o hor\u00e1rio das 7h30 \u00e0s 17h desta ter\u00e7a-feira, 20, haver\u00e1 desvio programado para o condutor que fizer o trajeto munic\u00edpio-rodovia.\u00a0\u00a0 \u00a0 Motorista que [&hellip;]<\/p>\n","protected":false},"author":8,"featured_media":28372,"comment_status":"closed","ping_status":"open","sticky":false,"template":"","format":"standard","meta":{"_acf_changed":false,"_exactmetrics_skip_tracking":false,"_exactmetrics_sitenote_active":false,"_exactmetrics_sitenote_note":"","_exactmetrics_sitenote_category":0,"footnotes":""},"categories":[24],"tags":[],"class_list":["post-28369","post","type-post","status-publish","format-standard","has-post-thumbnail","hentry","category-regiao"],"acf":[],"yoast_head":"<!-- This site is optimized with the Yoast SEO plugin v27.2 - https:\/\/yoast.com\/product\/yoast-seo-wordpress\/ -->\n<title>Acesso Maraca\u00ed x SP-270 estar\u00e1 fechado para recupera\u00e7\u00e3o de pavimento - R\u00e1dio Life FM<\/title>\n<meta name=\"robots\" content=\"index, follow, max-snippet:-1, max-image-preview:large, max-video-preview:-1\" \/>\n<link rel=\"canonical\" href=\"https:\/\/radiolifefm.com.br\/noticias\/acesso-maracai-x-sp-270-estara-fechado-para-recuperacao-de-pavimento\/\" \/>\n<meta property=\"og:locale\" content=\"pt_BR\" \/>\n<meta property=\"og:type\" content=\"article\" \/>\n<meta property=\"og:title\" content=\"Acesso Maraca\u00ed x SP-270 estar\u00e1 fechado para recupera\u00e7\u00e3o de pavimento - R\u00e1dio Life FM\" \/>\n<meta property=\"og:description\" content=\"A CART Concession\u00e1ria Auto Raposo Tavares ir\u00e1 executar obras no pavimento de al\u00e7a de acesso \u00e0 SP-270 \u2013 Rodovia Raposo Tavares, sentido oeste, localizada no km 472+600. Durante os trabalhos, programados para o hor\u00e1rio das 7h30 \u00e0s 17h desta ter\u00e7a-feira, 20, haver\u00e1 desvio programado para o condutor que fizer o trajeto munic\u00edpio-rodovia.\u00a0\u00a0 \u00a0 Motorista que [&hellip;]\" \/>\n<meta property=\"og:url\" content=\"https:\/\/radiolifefm.com.br\/noticias\/acesso-maracai-x-sp-270-estara-fechado-para-recuperacao-de-pavimento\/\" \/>\n<meta property=\"og:site_name\" content=\"R\u00e1dio Life FM\" \/>\n<meta property=\"article:publisher\" content=\"https:\/\/www.facebook.com\/radiolifefm\/\" \/>\n<meta property=\"article:published_time\" content=\"2020-10-19T22:46:13+00:00\" \/>\n<meta property=\"article:modified_time\" content=\"2026-01-27T02:18:48+00:00\" \/>\n<meta property=\"og:image\" content=\"https:\/\/radiolifefm.com.br\/noticias\/wp-content\/uploads\/2020\/10\/Outlook-dl20xcu4.png\" \/>\n\t<meta property=\"og:image:width\" content=\"567\" \/>\n\t<meta property=\"og:image:height\" content=\"190\" \/>\n\t<meta property=\"og:image:type\" content=\"image\/png\" \/>\n<meta name=\"author\" content=\"joaograndao\" \/>\n<meta name=\"twitter:card\" content=\"summary_large_image\" \/>\n<meta name=\"twitter:label1\" content=\"Escrito por\" \/>\n\t<meta name=\"twitter:data1\" content=\"joaograndao\" \/>\n\t<meta name=\"twitter:label2\" content=\"Est. tempo de leitura\" \/>\n\t<meta name=\"twitter:data2\" content=\"2 minutos\" \/>\n<script type=\"application\/ld+json\" class=\"yoast-schema-graph\">{\"@context\":\"https:\/\/schema.org\",\"@graph\":[{\"@type\":\"Article\",\"@id\":\"https:\/\/radiolifefm.com.br\/noticias\/acesso-maracai-x-sp-270-estara-fechado-para-recuperacao-de-pavimento\/#article\",\"isPartOf\":{\"@id\":\"https:\/\/radiolifefm.com.br\/noticias\/acesso-maracai-x-sp-270-estara-fechado-para-recuperacao-de-pavimento\/\"},\"author\":{\"name\":\"joaograndao\",\"@id\":\"https:\/\/radiolifefm.com.br\/noticias\/#\/schema\/person\/6876e1240feffe6e1b63fd5cb85abf28\"},\"headline\":\"Acesso Maraca\u00ed x SP-270 estar\u00e1 fechado para recupera\u00e7\u00e3o de pavimento\",\"datePublished\":\"2020-10-19T22:46:13+00:00\",\"dateModified\":\"2026-01-27T02:18:48+00:00\",\"mainEntityOfPage\":{\"@id\":\"https:\/\/radiolifefm.com.br\/noticias\/acesso-maracai-x-sp-270-estara-fechado-para-recuperacao-de-pavimento\/\"},\"wordCount\":406,\"publisher\":{\"@id\":\"https:\/\/radiolifefm.com.br\/noticias\/#organization\"},\"image\":{\"@id\":\"https:\/\/radiolifefm.com.br\/noticias\/acesso-maracai-x-sp-270-estara-fechado-para-recuperacao-de-pavimento\/#primaryimage\"},\"thumbnailUrl\":\"https:\/\/radiolifefm.com.br\/noticias\/wp-content\/uploads\/2020\/10\/Outlook-dl20xcu4.png\",\"articleSection\":[\"Regi\u00e3o\"],\"inLanguage\":\"pt-BR\"},{\"@type\":\"WebPage\",\"@id\":\"https:\/\/radiolifefm.com.br\/noticias\/acesso-maracai-x-sp-270-estara-fechado-para-recuperacao-de-pavimento\/\",\"url\":\"https:\/\/radiolifefm.com.br\/noticias\/acesso-maracai-x-sp-270-estara-fechado-para-recuperacao-de-pavimento\/\",\"name\":\"Acesso Maraca\u00ed x SP-270 estar\u00e1 fechado para recupera\u00e7\u00e3o de pavimento - R\u00e1dio Life FM\",\"isPartOf\":{\"@id\":\"https:\/\/radiolifefm.com.br\/noticias\/#website\"},\"primaryImageOfPage\":{\"@id\":\"https:\/\/radiolifefm.com.br\/noticias\/acesso-maracai-x-sp-270-estara-fechado-para-recuperacao-de-pavimento\/#primaryimage\"},\"image\":{\"@id\":\"https:\/\/radiolifefm.com.br\/noticias\/acesso-maracai-x-sp-270-estara-fechado-para-recuperacao-de-pavimento\/#primaryimage\"},\"thumbnailUrl\":\"https:\/\/radiolifefm.com.br\/noticias\/wp-content\/uploads\/2020\/10\/Outlook-dl20xcu4.png\",\"datePublished\":\"2020-10-19T22:46:13+00:00\",\"dateModified\":\"2026-01-27T02:18:48+00:00\",\"breadcrumb\":{\"@id\":\"https:\/\/radiolifefm.com.br\/noticias\/acesso-maracai-x-sp-270-estara-fechado-para-recuperacao-de-pavimento\/#breadcrumb\"},\"inLanguage\":\"pt-BR\",\"potentialAction\":[{\"@type\":\"ReadAction\",\"target\":[\"https:\/\/radiolifefm.com.br\/noticias\/acesso-maracai-x-sp-270-estara-fechado-para-recuperacao-de-pavimento\/\"]}]},{\"@type\":\"ImageObject\",\"inLanguage\":\"pt-BR\",\"@id\":\"https:\/\/radiolifefm.com.br\/noticias\/acesso-maracai-x-sp-270-estara-fechado-para-recuperacao-de-pavimento\/#primaryimage\",\"url\":\"https:\/\/radiolifefm.com.br\/noticias\/wp-content\/uploads\/2020\/10\/Outlook-dl20xcu4.png\",\"contentUrl\":\"https:\/\/radiolifefm.com.br\/noticias\/wp-content\/uploads\/2020\/10\/Outlook-dl20xcu4.png\",\"width\":567,\"height\":190},{\"@type\":\"BreadcrumbList\",\"@id\":\"https:\/\/radiolifefm.com.br\/noticias\/acesso-maracai-x-sp-270-estara-fechado-para-recuperacao-de-pavimento\/#breadcrumb\",\"itemListElement\":[{\"@type\":\"ListItem\",\"position\":1,\"name\":\"In\u00edcio\",\"item\":\"https:\/\/radiolifefm.com.br\/noticias\/\"},{\"@type\":\"ListItem\",\"position\":2,\"name\":\"Acesso Maraca\u00ed x SP-270 estar\u00e1 fechado para recupera\u00e7\u00e3o de pavimento\"}]},{\"@type\":\"WebSite\",\"@id\":\"https:\/\/radiolifefm.com.br\/noticias\/#website\",\"url\":\"https:\/\/radiolifefm.com.br\/noticias\/\",\"name\":\"R\u00e1dio Life FM\",\"description\":\"O Portal de Not\u00edcias de Adamantina\",\"publisher\":{\"@id\":\"https:\/\/radiolifefm.com.br\/noticias\/#organization\"},\"alternateName\":\"Life FM\",\"potentialAction\":[{\"@type\":\"SearchAction\",\"target\":{\"@type\":\"EntryPoint\",\"urlTemplate\":\"https:\/\/radiolifefm.com.br\/noticias\/?s={search_term_string}\"},\"query-input\":{\"@type\":\"PropertyValueSpecification\",\"valueRequired\":true,\"valueName\":\"search_term_string\"}}],\"inLanguage\":\"pt-BR\"},{\"@type\":\"Organization\",\"@id\":\"https:\/\/radiolifefm.com.br\/noticias\/#organization\",\"name\":\"R\u00e1dio Life FM\",\"alternateName\":\"Life FM\",\"url\":\"https:\/\/radiolifefm.com.br\/noticias\/\",\"logo\":{\"@type\":\"ImageObject\",\"inLanguage\":\"pt-BR\",\"@id\":\"https:\/\/radiolifefm.com.br\/noticias\/#\/schema\/logo\/image\/\",\"url\":\"https:\/\/static.radiolifefm.com.br\/noticias\/wp-content\/uploads\/2019\/10\/logo-lifefm.png\",\"contentUrl\":\"https:\/\/static.radiolifefm.com.br\/noticias\/wp-content\/uploads\/2019\/10\/logo-lifefm.png\",\"width\":196,\"height\":47,\"caption\":\"R\u00e1dio Life FM\"},\"image\":{\"@id\":\"https:\/\/radiolifefm.com.br\/noticias\/#\/schema\/logo\/image\/\"},\"sameAs\":[\"https:\/\/www.facebook.com\/radiolifefm\/\",\"https:\/\/www.instagram.com\/life1079fm\/\"]},{\"@type\":\"Person\",\"@id\":\"https:\/\/radiolifefm.com.br\/noticias\/#\/schema\/person\/6876e1240feffe6e1b63fd5cb85abf28\",\"name\":\"joaograndao\",\"image\":{\"@type\":\"ImageObject\",\"inLanguage\":\"pt-BR\",\"@id\":\"https:\/\/secure.gravatar.com\/avatar\/d5b1a3cf357ed9c50404e256a1294083aa8ab5d2a994001567302786016cb32c?s=96&d=mm&r=g\",\"url\":\"https:\/\/secure.gravatar.com\/avatar\/d5b1a3cf357ed9c50404e256a1294083aa8ab5d2a994001567302786016cb32c?s=96&d=mm&r=g\",\"contentUrl\":\"https:\/\/secure.gravatar.com\/avatar\/d5b1a3cf357ed9c50404e256a1294083aa8ab5d2a994001567302786016cb32c?s=96&d=mm&r=g\",\"caption\":\"joaograndao\"}}]}<\/script>\n<!-- \/ Yoast SEO plugin. -->","yoast_head_json":{"title":"Acesso Maraca\u00ed x SP-270 estar\u00e1 fechado para recupera\u00e7\u00e3o de pavimento - R\u00e1dio Life FM","robots":{"index":"index","follow":"follow","max-snippet":"max-snippet:-1","max-image-preview":"max-image-preview:large","max-video-preview":"max-video-preview:-1"},"canonical":"https:\/\/radiolifefm.com.br\/noticias\/acesso-maracai-x-sp-270-estara-fechado-para-recuperacao-de-pavimento\/","og_locale":"pt_BR","og_type":"article","og_title":"Acesso Maraca\u00ed x SP-270 estar\u00e1 fechado para recupera\u00e7\u00e3o de pavimento - R\u00e1dio Life FM","og_description":"A CART Concession\u00e1ria Auto Raposo Tavares ir\u00e1 executar obras no pavimento de al\u00e7a de acesso \u00e0 SP-270 \u2013 Rodovia Raposo Tavares, sentido oeste, localizada no km 472+600. Durante os trabalhos, programados para o hor\u00e1rio das 7h30 \u00e0s 17h desta ter\u00e7a-feira, 20, haver\u00e1 desvio programado para o condutor que fizer o trajeto munic\u00edpio-rodovia.\u00a0\u00a0 \u00a0 Motorista que [&hellip;]","og_url":"https:\/\/radiolifefm.com.br\/noticias\/acesso-maracai-x-sp-270-estara-fechado-para-recuperacao-de-pavimento\/","og_site_name":"R\u00e1dio Life FM","article_publisher":"https:\/\/www.facebook.com\/radiolifefm\/","article_published_time":"2020-10-19T22:46:13+00:00","article_modified_time":"2026-01-27T02:18:48+00:00","og_image":[{"width":567,"height":190,"url":"https:\/\/radiolifefm.com.br\/noticias\/wp-content\/uploads\/2020\/10\/Outlook-dl20xcu4.png","type":"image\/png"}],"author":"joaograndao","twitter_card":"summary_large_image","twitter_misc":{"Escrito por":"joaograndao","Est. tempo de leitura":"2 minutos"},"schema":{"@context":"https:\/\/schema.org","@graph":[{"@type":"Article","@id":"https:\/\/radiolifefm.com.br\/noticias\/acesso-maracai-x-sp-270-estara-fechado-para-recuperacao-de-pavimento\/#article","isPartOf":{"@id":"https:\/\/radiolifefm.com.br\/noticias\/acesso-maracai-x-sp-270-estara-fechado-para-recuperacao-de-pavimento\/"},"author":{"name":"joaograndao","@id":"https:\/\/radiolifefm.com.br\/noticias\/#\/schema\/person\/6876e1240feffe6e1b63fd5cb85abf28"},"headline":"Acesso Maraca\u00ed x SP-270 estar\u00e1 fechado para recupera\u00e7\u00e3o de pavimento","datePublished":"2020-10-19T22:46:13+00:00","dateModified":"2026-01-27T02:18:48+00:00","mainEntityOfPage":{"@id":"https:\/\/radiolifefm.com.br\/noticias\/acesso-maracai-x-sp-270-estara-fechado-para-recuperacao-de-pavimento\/"},"wordCount":406,"publisher":{"@id":"https:\/\/radiolifefm.com.br\/noticias\/#organization"},"image":{"@id":"https:\/\/radiolifefm.com.br\/noticias\/acesso-maracai-x-sp-270-estara-fechado-para-recuperacao-de-pavimento\/#primaryimage"},"thumbnailUrl":"https:\/\/radiolifefm.com.br\/noticias\/wp-content\/uploads\/2020\/10\/Outlook-dl20xcu4.png","articleSection":["Regi\u00e3o"],"inLanguage":"pt-BR"},{"@type":"WebPage","@id":"https:\/\/radiolifefm.com.br\/noticias\/acesso-maracai-x-sp-270-estara-fechado-para-recuperacao-de-pavimento\/","url":"https:\/\/radiolifefm.com.br\/noticias\/acesso-maracai-x-sp-270-estara-fechado-para-recuperacao-de-pavimento\/","name":"Acesso Maraca\u00ed x SP-270 estar\u00e1 fechado para recupera\u00e7\u00e3o de pavimento - R\u00e1dio Life FM","isPartOf":{"@id":"https:\/\/radiolifefm.com.br\/noticias\/#website"},"primaryImageOfPage":{"@id":"https:\/\/radiolifefm.com.br\/noticias\/acesso-maracai-x-sp-270-estara-fechado-para-recuperacao-de-pavimento\/#primaryimage"},"image":{"@id":"https:\/\/radiolifefm.com.br\/noticias\/acesso-maracai-x-sp-270-estara-fechado-para-recuperacao-de-pavimento\/#primaryimage"},"thumbnailUrl":"https:\/\/radiolifefm.com.br\/noticias\/wp-content\/uploads\/2020\/10\/Outlook-dl20xcu4.png","datePublished":"2020-10-19T22:46:13+00:00","dateModified":"2026-01-27T02:18:48+00:00","breadcrumb":{"@id":"https:\/\/radiolifefm.com.br\/noticias\/acesso-maracai-x-sp-270-estara-fechado-para-recuperacao-de-pavimento\/#breadcrumb"},"inLanguage":"pt-BR","potentialAction":[{"@type":"ReadAction","target":["https:\/\/radiolifefm.com.br\/noticias\/acesso-maracai-x-sp-270-estara-fechado-para-recuperacao-de-pavimento\/"]}]},{"@type":"ImageObject","inLanguage":"pt-BR","@id":"https:\/\/radiolifefm.com.br\/noticias\/acesso-maracai-x-sp-270-estara-fechado-para-recuperacao-de-pavimento\/#primaryimage","url":"https:\/\/radiolifefm.com.br\/noticias\/wp-content\/uploads\/2020\/10\/Outlook-dl20xcu4.png","contentUrl":"https:\/\/radiolifefm.com.br\/noticias\/wp-content\/uploads\/2020\/10\/Outlook-dl20xcu4.png","width":567,"height":190},{"@type":"BreadcrumbList","@id":"https:\/\/radiolifefm.com.br\/noticias\/acesso-maracai-x-sp-270-estara-fechado-para-recuperacao-de-pavimento\/#breadcrumb","itemListElement":[{"@type":"ListItem","position":1,"name":"In\u00edcio","item":"https:\/\/radiolifefm.com.br\/noticias\/"},{"@type":"ListItem","position":2,"name":"Acesso Maraca\u00ed x SP-270 estar\u00e1 fechado para recupera\u00e7\u00e3o de pavimento"}]},{"@type":"WebSite","@id":"https:\/\/radiolifefm.com.br\/noticias\/#website","url":"https:\/\/radiolifefm.com.br\/noticias\/","name":"R\u00e1dio Life FM","description":"O Portal de Not\u00edcias de Adamantina","publisher":{"@id":"https:\/\/radiolifefm.com.br\/noticias\/#organization"},"alternateName":"Life FM","potentialAction":[{"@type":"SearchAction","target":{"@type":"EntryPoint","urlTemplate":"https:\/\/radiolifefm.com.br\/noticias\/?s={search_term_string}"},"query-input":{"@type":"PropertyValueSpecification","valueRequired":true,"valueName":"search_term_string"}}],"inLanguage":"pt-BR"},{"@type":"Organization","@id":"https:\/\/radiolifefm.com.br\/noticias\/#organization","name":"R\u00e1dio Life FM","alternateName":"Life FM","url":"https:\/\/radiolifefm.com.br\/noticias\/","logo":{"@type":"ImageObject","inLanguage":"pt-BR","@id":"https:\/\/radiolifefm.com.br\/noticias\/#\/schema\/logo\/image\/","url":"https:\/\/static.radiolifefm.com.br\/noticias\/wp-content\/uploads\/2019\/10\/logo-lifefm.png","contentUrl":"https:\/\/static.radiolifefm.com.br\/noticias\/wp-content\/uploads\/2019\/10\/logo-lifefm.png","width":196,"height":47,"caption":"R\u00e1dio Life FM"},"image":{"@id":"https:\/\/radiolifefm.com.br\/noticias\/#\/schema\/logo\/image\/"},"sameAs":["https:\/\/www.facebook.com\/radiolifefm\/","https:\/\/www.instagram.com\/life1079fm\/"]},{"@type":"Person","@id":"https:\/\/radiolifefm.com.br\/noticias\/#\/schema\/person\/6876e1240feffe6e1b63fd5cb85abf28","name":"joaograndao","image":{"@type":"ImageObject","inLanguage":"pt-BR","@id":"https:\/\/secure.gravatar.com\/avatar\/d5b1a3cf357ed9c50404e256a1294083aa8ab5d2a994001567302786016cb32c?s=96&d=mm&r=g","url":"https:\/\/secure.gravatar.com\/avatar\/d5b1a3cf357ed9c50404e256a1294083aa8ab5d2a994001567302786016cb32c?s=96&d=mm&r=g","contentUrl":"https:\/\/secure.gravatar.com\/avatar\/d5b1a3cf357ed9c50404e256a1294083aa8ab5d2a994001567302786016cb32c?s=96&d=mm&r=g","caption":"joaograndao"}}]}},"amp_enabled":true,"_links":{"self":[{"href":"https:\/\/radiolifefm.com.br\/noticias\/wp-json\/wp\/v2\/posts\/28369","targetHints":{"allow":["GET"]}}],"collection":[{"href":"https:\/\/radiolifefm.com.br\/noticias\/wp-json\/wp\/v2\/posts"}],"about":[{"href":"https:\/\/radiolifefm.com.br\/noticias\/wp-json\/wp\/v2\/types\/post"}],"author":[{"embeddable":true,"href":"https:\/\/radiolifefm.com.br\/noticias\/wp-json\/wp\/v2\/users\/8"}],"replies":[{"embeddable":true,"href":"https:\/\/radiolifefm.com.br\/noticias\/wp-json\/wp\/v2\/comments?post=28369"}],"version-history":[{"count":1,"href":"https:\/\/radiolifefm.com.br\/noticias\/wp-json\/wp\/v2\/posts\/28369\/revisions"}],"predecessor-version":[{"id":28371,"href":"https:\/\/radiolifefm.com.br\/noticias\/wp-json\/wp\/v2\/posts\/28369\/revisions\/28371"}],"wp:featuredmedia":[{"embeddable":true,"href":"https:\/\/radiolifefm.com.br\/noticias\/wp-json\/wp\/v2\/media\/28372"}],"wp:attachment":[{"href":"https:\/\/radiolifefm.com.br\/noticias\/wp-json\/wp\/v2\/media?parent=28369"}],"wp:term":[{"taxonomy":"category","embeddable":true,"href":"https:\/\/radiolifefm.com.br\/noticias\/wp-json\/wp\/v2\/categories?post=28369"},{"taxonomy":"post_tag","embeddable":true,"href":"https:\/\/radiolifefm.com.br\/noticias\/wp-json\/wp\/v2\/tags?post=28369"}],"curies":[{"name":"wp","href":"https:\/\/api.w.org\/{rel}","templated":true}]}}