{"id":28321,"date":"2020-10-19T10:16:05","date_gmt":"2020-10-19T13:16:05","guid":{"rendered":"https:\/\/radiolifefm.com.br\/noticias\/?p=28321"},"modified":"2026-04-21T15:35:58","modified_gmt":"2026-04-21T18:35:58","slug":"policia-militar-de-dracena-flagra-festa-com-grande-numero-de-pessoas-e-drogas","status":"publish","type":"post","link":"https:\/\/radiolifefm.com.br\/noticias\/policia-militar-de-dracena-flagra-festa-com-grande-numero-de-pessoas-e-drogas\/","title":{"rendered":"Policia Militar de Dracena, flagra festa com grande numero de pessoas e drogas"},"content":{"rendered":"<div id=\"fb-root\"><\/div>\n<p>Na data de s\u00e1bado (17) por volta das 23h59min na cidade de Dracena, equipes da Pol\u00edcia Militar em patrulhamento pelo bairro Vila Barros nas proximidades de um restaurante, deparou com uma grande quantidade de pessoas seguindo em dire\u00e7\u00e3o a uma \u00e1rea de lazer na estrada Byron de Azevedo Nogueira, e ao ser realizado patrulhamento foi constatado uma festa com grande n\u00famero de pessoas, confirmando aproximadamente 150 pessoas consumindo bebidas alco\u00f3licas, entre eles alguns menores de idade, e ap\u00f3s buscas no local foi encontrado entorpecentes e bebidas alco\u00f3licas. Foi acionado o Conselho Tutelar para conduzir os menores, que declararam a compra e o consumo de bebidas alco\u00f3licas no local bem como a aquisi\u00e7\u00e3o da entrada no local por R$10,00 (dez reais). Foi identificado a organizadora do evento (mulher de 41 anos), a propriet\u00e1ria do local e o outros que estavam prestando servi\u00e7os para o evento. Partes ouvidas e liberadas, sendo elaborados Boletins de Ocorr\u00eancia de infra\u00e7\u00e3o de medida sanit\u00e1ria preventiva\/localiza\u00e7\u00e3o e apreens\u00e3o de objetos (entorpecente e bebidas alco\u00f3licas).<\/p>\n<p>&nbsp;<\/p>\n<p>#25BPMI<\/p>\n<p>#POLICIAMILITARSP<\/p>\n<p>Fla#AFOR\u00c7AP\u00daBLICADES\u00c3OPAULO<\/p>\n<p>&nbsp;<\/p>\n<p>COMUNICA\u00c7\u00c3O SOCIAL DO 25BPMI<\/p>\n","protected":false},"excerpt":{"rendered":"<p>Na data de s\u00e1bado (17) por volta das 23h59min na cidade de Dracena, equipes da Pol\u00edcia Militar em patrulhamento pelo bairro Vila Barros nas proximidades de um restaurante, deparou com uma grande quantidade de pessoas seguindo em dire\u00e7\u00e3o a uma \u00e1rea de lazer na estrada Byron de Azevedo Nogueira, e ao ser realizado patrulhamento foi [&hellip;]<\/p>\n","protected":false},"author":8,"featured_media":28322,"comment_status":"closed","ping_status":"open","sticky":false,"template":"","format":"standard","meta":{"_acf_changed":false,"_exactmetrics_skip_tracking":false,"_exactmetrics_sitenote_active":false,"_exactmetrics_sitenote_note":"","_exactmetrics_sitenote_category":0,"footnotes":""},"categories":[24],"tags":[],"class_list":["post-28321","post","type-post","status-publish","format-standard","has-post-thumbnail","hentry","category-regiao"],"acf":[],"yoast_head":"<!-- This site is optimized with the Yoast SEO plugin v27.2 - https:\/\/yoast.com\/product\/yoast-seo-wordpress\/ -->\n<title>Policia Militar de Dracena, flagra festa com grande numero de pessoas e drogas - R\u00e1dio Life FM<\/title>\n<meta name=\"robots\" content=\"index, follow, max-snippet:-1, max-image-preview:large, max-video-preview:-1\" \/>\n<link rel=\"canonical\" href=\"https:\/\/radiolifefm.com.br\/noticias\/policia-militar-de-dracena-flagra-festa-com-grande-numero-de-pessoas-e-drogas\/\" \/>\n<meta property=\"og:locale\" content=\"pt_BR\" \/>\n<meta property=\"og:type\" content=\"article\" \/>\n<meta property=\"og:title\" content=\"Policia Militar de Dracena, flagra festa com grande numero de pessoas e drogas - R\u00e1dio Life FM\" \/>\n<meta property=\"og:description\" content=\"Na data de s\u00e1bado (17) por volta das 23h59min na cidade de Dracena, equipes da Pol\u00edcia Militar em patrulhamento pelo bairro Vila Barros nas proximidades de um restaurante, deparou com uma grande quantidade de pessoas seguindo em dire\u00e7\u00e3o a uma \u00e1rea de lazer na estrada Byron de Azevedo Nogueira, e ao ser realizado patrulhamento foi [&hellip;]\" \/>\n<meta property=\"og:url\" content=\"https:\/\/radiolifefm.com.br\/noticias\/policia-militar-de-dracena-flagra-festa-com-grande-numero-de-pessoas-e-drogas\/\" \/>\n<meta property=\"og:site_name\" content=\"R\u00e1dio Life FM\" \/>\n<meta property=\"article:publisher\" content=\"https:\/\/www.facebook.com\/radiolifefm\/\" \/>\n<meta property=\"article:published_time\" content=\"2020-10-19T13:16:05+00:00\" \/>\n<meta property=\"article:modified_time\" content=\"2026-04-21T18:35:58+00:00\" \/>\n<meta property=\"og:image\" content=\"https:\/\/radiolifefm.com.br\/noticias\/wp-content\/uploads\/2020\/10\/viatura.jpg\" \/>\n\t<meta property=\"og:image:width\" content=\"208\" \/>\n\t<meta property=\"og:image:height\" content=\"320\" \/>\n\t<meta property=\"og:image:type\" content=\"image\/jpeg\" \/>\n<meta name=\"author\" content=\"joaograndao\" \/>\n<meta name=\"twitter:card\" content=\"summary_large_image\" \/>\n<meta name=\"twitter:label1\" content=\"Escrito por\" \/>\n\t<meta name=\"twitter:data1\" content=\"joaograndao\" \/>\n\t<meta name=\"twitter:label2\" content=\"Est. tempo de leitura\" \/>\n\t<meta name=\"twitter:data2\" content=\"1 minuto\" \/>\n<script type=\"application\/ld+json\" class=\"yoast-schema-graph\">{\"@context\":\"https:\/\/schema.org\",\"@graph\":[{\"@type\":\"Article\",\"@id\":\"https:\/\/radiolifefm.com.br\/noticias\/policia-militar-de-dracena-flagra-festa-com-grande-numero-de-pessoas-e-drogas\/#article\",\"isPartOf\":{\"@id\":\"https:\/\/radiolifefm.com.br\/noticias\/policia-militar-de-dracena-flagra-festa-com-grande-numero-de-pessoas-e-drogas\/\"},\"author\":{\"name\":\"joaograndao\",\"@id\":\"https:\/\/radiolifefm.com.br\/noticias\/#\/schema\/person\/6876e1240feffe6e1b63fd5cb85abf28\"},\"headline\":\"Policia Militar de Dracena, flagra festa com grande numero de pessoas e drogas\",\"datePublished\":\"2020-10-19T13:16:05+00:00\",\"dateModified\":\"2026-04-21T18:35:58+00:00\",\"mainEntityOfPage\":{\"@id\":\"https:\/\/radiolifefm.com.br\/noticias\/policia-militar-de-dracena-flagra-festa-com-grande-numero-de-pessoas-e-drogas\/\"},\"wordCount\":210,\"publisher\":{\"@id\":\"https:\/\/radiolifefm.com.br\/noticias\/#organization\"},\"image\":{\"@id\":\"https:\/\/radiolifefm.com.br\/noticias\/policia-militar-de-dracena-flagra-festa-com-grande-numero-de-pessoas-e-drogas\/#primaryimage\"},\"thumbnailUrl\":\"https:\/\/radiolifefm.com.br\/noticias\/wp-content\/uploads\/2020\/10\/viatura.jpg\",\"articleSection\":[\"Regi\u00e3o\"],\"inLanguage\":\"pt-BR\"},{\"@type\":\"WebPage\",\"@id\":\"https:\/\/radiolifefm.com.br\/noticias\/policia-militar-de-dracena-flagra-festa-com-grande-numero-de-pessoas-e-drogas\/\",\"url\":\"https:\/\/radiolifefm.com.br\/noticias\/policia-militar-de-dracena-flagra-festa-com-grande-numero-de-pessoas-e-drogas\/\",\"name\":\"Policia Militar de Dracena, flagra festa com grande numero de pessoas e drogas - R\u00e1dio Life FM\",\"isPartOf\":{\"@id\":\"https:\/\/radiolifefm.com.br\/noticias\/#website\"},\"primaryImageOfPage\":{\"@id\":\"https:\/\/radiolifefm.com.br\/noticias\/policia-militar-de-dracena-flagra-festa-com-grande-numero-de-pessoas-e-drogas\/#primaryimage\"},\"image\":{\"@id\":\"https:\/\/radiolifefm.com.br\/noticias\/policia-militar-de-dracena-flagra-festa-com-grande-numero-de-pessoas-e-drogas\/#primaryimage\"},\"thumbnailUrl\":\"https:\/\/radiolifefm.com.br\/noticias\/wp-content\/uploads\/2020\/10\/viatura.jpg\",\"datePublished\":\"2020-10-19T13:16:05+00:00\",\"dateModified\":\"2026-04-21T18:35:58+00:00\",\"breadcrumb\":{\"@id\":\"https:\/\/radiolifefm.com.br\/noticias\/policia-militar-de-dracena-flagra-festa-com-grande-numero-de-pessoas-e-drogas\/#breadcrumb\"},\"inLanguage\":\"pt-BR\",\"potentialAction\":[{\"@type\":\"ReadAction\",\"target\":[\"https:\/\/radiolifefm.com.br\/noticias\/policia-militar-de-dracena-flagra-festa-com-grande-numero-de-pessoas-e-drogas\/\"]}]},{\"@type\":\"ImageObject\",\"inLanguage\":\"pt-BR\",\"@id\":\"https:\/\/radiolifefm.com.br\/noticias\/policia-militar-de-dracena-flagra-festa-com-grande-numero-de-pessoas-e-drogas\/#primaryimage\",\"url\":\"https:\/\/radiolifefm.com.br\/noticias\/wp-content\/uploads\/2020\/10\/viatura.jpg\",\"contentUrl\":\"https:\/\/radiolifefm.com.br\/noticias\/wp-content\/uploads\/2020\/10\/viatura.jpg\",\"width\":208,\"height\":320,\"caption\":\"Crime ocorreu na cidade de Bastos - SP dia 4 de setembro de 2020.\"},{\"@type\":\"BreadcrumbList\",\"@id\":\"https:\/\/radiolifefm.com.br\/noticias\/policia-militar-de-dracena-flagra-festa-com-grande-numero-de-pessoas-e-drogas\/#breadcrumb\",\"itemListElement\":[{\"@type\":\"ListItem\",\"position\":1,\"name\":\"In\u00edcio\",\"item\":\"https:\/\/radiolifefm.com.br\/noticias\/\"},{\"@type\":\"ListItem\",\"position\":2,\"name\":\"Policia Militar de Dracena, flagra festa com grande numero de pessoas e drogas\"}]},{\"@type\":\"WebSite\",\"@id\":\"https:\/\/radiolifefm.com.br\/noticias\/#website\",\"url\":\"https:\/\/radiolifefm.com.br\/noticias\/\",\"name\":\"R\u00e1dio Life FM\",\"description\":\"O Portal de Not\u00edcias de Adamantina\",\"publisher\":{\"@id\":\"https:\/\/radiolifefm.com.br\/noticias\/#organization\"},\"alternateName\":\"Life FM\",\"potentialAction\":[{\"@type\":\"SearchAction\",\"target\":{\"@type\":\"EntryPoint\",\"urlTemplate\":\"https:\/\/radiolifefm.com.br\/noticias\/?s={search_term_string}\"},\"query-input\":{\"@type\":\"PropertyValueSpecification\",\"valueRequired\":true,\"valueName\":\"search_term_string\"}}],\"inLanguage\":\"pt-BR\"},{\"@type\":\"Organization\",\"@id\":\"https:\/\/radiolifefm.com.br\/noticias\/#organization\",\"name\":\"R\u00e1dio Life FM\",\"alternateName\":\"Life FM\",\"url\":\"https:\/\/radiolifefm.com.br\/noticias\/\",\"logo\":{\"@type\":\"ImageObject\",\"inLanguage\":\"pt-BR\",\"@id\":\"https:\/\/radiolifefm.com.br\/noticias\/#\/schema\/logo\/image\/\",\"url\":\"https:\/\/static.radiolifefm.com.br\/noticias\/wp-content\/uploads\/2019\/10\/logo-lifefm.png\",\"contentUrl\":\"https:\/\/static.radiolifefm.com.br\/noticias\/wp-content\/uploads\/2019\/10\/logo-lifefm.png\",\"width\":196,\"height\":47,\"caption\":\"R\u00e1dio Life FM\"},\"image\":{\"@id\":\"https:\/\/radiolifefm.com.br\/noticias\/#\/schema\/logo\/image\/\"},\"sameAs\":[\"https:\/\/www.facebook.com\/radiolifefm\/\",\"https:\/\/www.instagram.com\/life1079fm\/\"]},{\"@type\":\"Person\",\"@id\":\"https:\/\/radiolifefm.com.br\/noticias\/#\/schema\/person\/6876e1240feffe6e1b63fd5cb85abf28\",\"name\":\"joaograndao\",\"image\":{\"@type\":\"ImageObject\",\"inLanguage\":\"pt-BR\",\"@id\":\"https:\/\/secure.gravatar.com\/avatar\/d5b1a3cf357ed9c50404e256a1294083aa8ab5d2a994001567302786016cb32c?s=96&d=mm&r=g\",\"url\":\"https:\/\/secure.gravatar.com\/avatar\/d5b1a3cf357ed9c50404e256a1294083aa8ab5d2a994001567302786016cb32c?s=96&d=mm&r=g\",\"contentUrl\":\"https:\/\/secure.gravatar.com\/avatar\/d5b1a3cf357ed9c50404e256a1294083aa8ab5d2a994001567302786016cb32c?s=96&d=mm&r=g\",\"caption\":\"joaograndao\"}}]}<\/script>\n<!-- \/ Yoast SEO plugin. -->","yoast_head_json":{"title":"Policia Militar de Dracena, flagra festa com grande numero de pessoas e drogas - R\u00e1dio Life FM","robots":{"index":"index","follow":"follow","max-snippet":"max-snippet:-1","max-image-preview":"max-image-preview:large","max-video-preview":"max-video-preview:-1"},"canonical":"https:\/\/radiolifefm.com.br\/noticias\/policia-militar-de-dracena-flagra-festa-com-grande-numero-de-pessoas-e-drogas\/","og_locale":"pt_BR","og_type":"article","og_title":"Policia Militar de Dracena, flagra festa com grande numero de pessoas e drogas - R\u00e1dio Life FM","og_description":"Na data de s\u00e1bado (17) por volta das 23h59min na cidade de Dracena, equipes da Pol\u00edcia Militar em patrulhamento pelo bairro Vila Barros nas proximidades de um restaurante, deparou com uma grande quantidade de pessoas seguindo em dire\u00e7\u00e3o a uma \u00e1rea de lazer na estrada Byron de Azevedo Nogueira, e ao ser realizado patrulhamento foi [&hellip;]","og_url":"https:\/\/radiolifefm.com.br\/noticias\/policia-militar-de-dracena-flagra-festa-com-grande-numero-de-pessoas-e-drogas\/","og_site_name":"R\u00e1dio Life FM","article_publisher":"https:\/\/www.facebook.com\/radiolifefm\/","article_published_time":"2020-10-19T13:16:05+00:00","article_modified_time":"2026-04-21T18:35:58+00:00","og_image":[{"width":208,"height":320,"url":"https:\/\/radiolifefm.com.br\/noticias\/wp-content\/uploads\/2020\/10\/viatura.jpg","type":"image\/jpeg"}],"author":"joaograndao","twitter_card":"summary_large_image","twitter_misc":{"Escrito por":"joaograndao","Est. tempo de leitura":"1 minuto"},"schema":{"@context":"https:\/\/schema.org","@graph":[{"@type":"Article","@id":"https:\/\/radiolifefm.com.br\/noticias\/policia-militar-de-dracena-flagra-festa-com-grande-numero-de-pessoas-e-drogas\/#article","isPartOf":{"@id":"https:\/\/radiolifefm.com.br\/noticias\/policia-militar-de-dracena-flagra-festa-com-grande-numero-de-pessoas-e-drogas\/"},"author":{"name":"joaograndao","@id":"https:\/\/radiolifefm.com.br\/noticias\/#\/schema\/person\/6876e1240feffe6e1b63fd5cb85abf28"},"headline":"Policia Militar de Dracena, flagra festa com grande numero de pessoas e drogas","datePublished":"2020-10-19T13:16:05+00:00","dateModified":"2026-04-21T18:35:58+00:00","mainEntityOfPage":{"@id":"https:\/\/radiolifefm.com.br\/noticias\/policia-militar-de-dracena-flagra-festa-com-grande-numero-de-pessoas-e-drogas\/"},"wordCount":210,"publisher":{"@id":"https:\/\/radiolifefm.com.br\/noticias\/#organization"},"image":{"@id":"https:\/\/radiolifefm.com.br\/noticias\/policia-militar-de-dracena-flagra-festa-com-grande-numero-de-pessoas-e-drogas\/#primaryimage"},"thumbnailUrl":"https:\/\/radiolifefm.com.br\/noticias\/wp-content\/uploads\/2020\/10\/viatura.jpg","articleSection":["Regi\u00e3o"],"inLanguage":"pt-BR"},{"@type":"WebPage","@id":"https:\/\/radiolifefm.com.br\/noticias\/policia-militar-de-dracena-flagra-festa-com-grande-numero-de-pessoas-e-drogas\/","url":"https:\/\/radiolifefm.com.br\/noticias\/policia-militar-de-dracena-flagra-festa-com-grande-numero-de-pessoas-e-drogas\/","name":"Policia Militar de Dracena, flagra festa com grande numero de pessoas e drogas - R\u00e1dio Life FM","isPartOf":{"@id":"https:\/\/radiolifefm.com.br\/noticias\/#website"},"primaryImageOfPage":{"@id":"https:\/\/radiolifefm.com.br\/noticias\/policia-militar-de-dracena-flagra-festa-com-grande-numero-de-pessoas-e-drogas\/#primaryimage"},"image":{"@id":"https:\/\/radiolifefm.com.br\/noticias\/policia-militar-de-dracena-flagra-festa-com-grande-numero-de-pessoas-e-drogas\/#primaryimage"},"thumbnailUrl":"https:\/\/radiolifefm.com.br\/noticias\/wp-content\/uploads\/2020\/10\/viatura.jpg","datePublished":"2020-10-19T13:16:05+00:00","dateModified":"2026-04-21T18:35:58+00:00","breadcrumb":{"@id":"https:\/\/radiolifefm.com.br\/noticias\/policia-militar-de-dracena-flagra-festa-com-grande-numero-de-pessoas-e-drogas\/#breadcrumb"},"inLanguage":"pt-BR","potentialAction":[{"@type":"ReadAction","target":["https:\/\/radiolifefm.com.br\/noticias\/policia-militar-de-dracena-flagra-festa-com-grande-numero-de-pessoas-e-drogas\/"]}]},{"@type":"ImageObject","inLanguage":"pt-BR","@id":"https:\/\/radiolifefm.com.br\/noticias\/policia-militar-de-dracena-flagra-festa-com-grande-numero-de-pessoas-e-drogas\/#primaryimage","url":"https:\/\/radiolifefm.com.br\/noticias\/wp-content\/uploads\/2020\/10\/viatura.jpg","contentUrl":"https:\/\/radiolifefm.com.br\/noticias\/wp-content\/uploads\/2020\/10\/viatura.jpg","width":208,"height":320,"caption":"Crime ocorreu na cidade de Bastos - SP dia 4 de setembro de 2020."},{"@type":"BreadcrumbList","@id":"https:\/\/radiolifefm.com.br\/noticias\/policia-militar-de-dracena-flagra-festa-com-grande-numero-de-pessoas-e-drogas\/#breadcrumb","itemListElement":[{"@type":"ListItem","position":1,"name":"In\u00edcio","item":"https:\/\/radiolifefm.com.br\/noticias\/"},{"@type":"ListItem","position":2,"name":"Policia Militar de Dracena, flagra festa com grande numero de pessoas e drogas"}]},{"@type":"WebSite","@id":"https:\/\/radiolifefm.com.br\/noticias\/#website","url":"https:\/\/radiolifefm.com.br\/noticias\/","name":"R\u00e1dio Life FM","description":"O Portal de Not\u00edcias de Adamantina","publisher":{"@id":"https:\/\/radiolifefm.com.br\/noticias\/#organization"},"alternateName":"Life FM","potentialAction":[{"@type":"SearchAction","target":{"@type":"EntryPoint","urlTemplate":"https:\/\/radiolifefm.com.br\/noticias\/?s={search_term_string}"},"query-input":{"@type":"PropertyValueSpecification","valueRequired":true,"valueName":"search_term_string"}}],"inLanguage":"pt-BR"},{"@type":"Organization","@id":"https:\/\/radiolifefm.com.br\/noticias\/#organization","name":"R\u00e1dio Life FM","alternateName":"Life FM","url":"https:\/\/radiolifefm.com.br\/noticias\/","logo":{"@type":"ImageObject","inLanguage":"pt-BR","@id":"https:\/\/radiolifefm.com.br\/noticias\/#\/schema\/logo\/image\/","url":"https:\/\/static.radiolifefm.com.br\/noticias\/wp-content\/uploads\/2019\/10\/logo-lifefm.png","contentUrl":"https:\/\/static.radiolifefm.com.br\/noticias\/wp-content\/uploads\/2019\/10\/logo-lifefm.png","width":196,"height":47,"caption":"R\u00e1dio Life FM"},"image":{"@id":"https:\/\/radiolifefm.com.br\/noticias\/#\/schema\/logo\/image\/"},"sameAs":["https:\/\/www.facebook.com\/radiolifefm\/","https:\/\/www.instagram.com\/life1079fm\/"]},{"@type":"Person","@id":"https:\/\/radiolifefm.com.br\/noticias\/#\/schema\/person\/6876e1240feffe6e1b63fd5cb85abf28","name":"joaograndao","image":{"@type":"ImageObject","inLanguage":"pt-BR","@id":"https:\/\/secure.gravatar.com\/avatar\/d5b1a3cf357ed9c50404e256a1294083aa8ab5d2a994001567302786016cb32c?s=96&d=mm&r=g","url":"https:\/\/secure.gravatar.com\/avatar\/d5b1a3cf357ed9c50404e256a1294083aa8ab5d2a994001567302786016cb32c?s=96&d=mm&r=g","contentUrl":"https:\/\/secure.gravatar.com\/avatar\/d5b1a3cf357ed9c50404e256a1294083aa8ab5d2a994001567302786016cb32c?s=96&d=mm&r=g","caption":"joaograndao"}}]}},"amp_enabled":true,"_links":{"self":[{"href":"https:\/\/radiolifefm.com.br\/noticias\/wp-json\/wp\/v2\/posts\/28321","targetHints":{"allow":["GET"]}}],"collection":[{"href":"https:\/\/radiolifefm.com.br\/noticias\/wp-json\/wp\/v2\/posts"}],"about":[{"href":"https:\/\/radiolifefm.com.br\/noticias\/wp-json\/wp\/v2\/types\/post"}],"author":[{"embeddable":true,"href":"https:\/\/radiolifefm.com.br\/noticias\/wp-json\/wp\/v2\/users\/8"}],"replies":[{"embeddable":true,"href":"https:\/\/radiolifefm.com.br\/noticias\/wp-json\/wp\/v2\/comments?post=28321"}],"version-history":[{"count":1,"href":"https:\/\/radiolifefm.com.br\/noticias\/wp-json\/wp\/v2\/posts\/28321\/revisions"}],"predecessor-version":[{"id":28323,"href":"https:\/\/radiolifefm.com.br\/noticias\/wp-json\/wp\/v2\/posts\/28321\/revisions\/28323"}],"wp:featuredmedia":[{"embeddable":true,"href":"https:\/\/radiolifefm.com.br\/noticias\/wp-json\/wp\/v2\/media\/28322"}],"wp:attachment":[{"href":"https:\/\/radiolifefm.com.br\/noticias\/wp-json\/wp\/v2\/media?parent=28321"}],"wp:term":[{"taxonomy":"category","embeddable":true,"href":"https:\/\/radiolifefm.com.br\/noticias\/wp-json\/wp\/v2\/categories?post=28321"},{"taxonomy":"post_tag","embeddable":true,"href":"https:\/\/radiolifefm.com.br\/noticias\/wp-json\/wp\/v2\/tags?post=28321"}],"curies":[{"name":"wp","href":"https:\/\/api.w.org\/{rel}","templated":true}]}}