{"id":28316,"date":"2020-10-19T08:44:15","date_gmt":"2020-10-19T11:44:15","guid":{"rendered":"https:\/\/radiolifefm.com.br\/noticias\/?p=28316"},"modified":"2026-04-12T22:24:44","modified_gmt":"2026-04-13T01:24:44","slug":"policia-civil-esclarece-morte-de-jovem-encontrada-em-rio-e-prende-dois-individuos","status":"publish","type":"post","link":"https:\/\/radiolifefm.com.br\/noticias\/policia-civil-esclarece-morte-de-jovem-encontrada-em-rio-e-prende-dois-individuos\/","title":{"rendered":"Pol\u00edcia Civil esclarece morte de jovem encontrada em rio e prende dois indiv\u00edduos"},"content":{"rendered":"<div id=\"fb-root\"><\/div>\n<p>A Pol\u00edcia Civil de Iacri, sob comando do delegado titular Welington Ubirat\u00e3 de Lima, esclareceu a morte da jovem Jessica Cardoso, de 24 anos de idade, moradora de Bastos. O delegado informou que duas pessoas foram presas por envolvimento no crime. O corpo da v\u00edtima foi encontrado em um ribeir\u00e3o do munic\u00edpio de Iacri, no \u00faltimo dia 9.<\/p>\n<p>Welington Ubirat\u00e3 de Lima destacou que \u201cap\u00f3s um intenso trabalho de investiga\u00e7\u00e3o, foram reunidos v\u00e1rios elementos informativos que apontavam para dois suspeitos\u201d disse o delegado que representou junto ao Poder Judici\u00e1rio de Bastos por buscas no im\u00f3vel dos acusados e pela pris\u00e3o tempor\u00e1ria por 30 dias. Os pedidos foram deferidos pela justi\u00e7a do F\u00f3rum de Bastos.<\/p>\n<p>Ainda segundo o delegado \u201cna tarde dessa sexta-feira (16), com apoio de policiais civis da DIG e DISE de Tup\u00e3, sob coordena\u00e7\u00e3o da delegada Milena Davoli, e policiais da Delegacia de Pol\u00edcia Civil de Bastos, sob coordena\u00e7\u00e3o da delegada Jana\u00edna Antoniazzi foi dado cumprimento ao mandado de busca e captura de um dos autores, que interrogado confessou a autoria\u201d.<\/p>\n<p>Welington Ubirat\u00e3 de Lima revelou ainda que na manh\u00e3 deste s\u00e1bado (17), policiais militares \u201creceberam a den\u00fancia via COPOM de que o procurado estaria escondido em uma granja do munic\u00edpio de Bastos. Em dilig\u00eancias pelo local encontraram o suspeito escondido em uma das casas do local. Ao perceber a chegada das viaturas ele tentou fugir embrenhando-se no mato, mas os policiais foram no seu encal\u00e7o e lograram \u00eaxito em captur\u00e1-lo\u201d.<\/p>\n<p>O delegado de Iacri ressaltou que \u201cos autores responder\u00e3o por feminic\u00eddio qualificado por motivo torpe, al\u00e9m da oculta\u00e7\u00e3o de cad\u00e1ver. Ficou apurado que o crime ocorreu na noite de 6 de outubro, quando um dos autores, atrav\u00e9s de um telefonema, teria marcado um encontro com a garota. Segundo sua declara\u00e7\u00e3o foram para a zona rural de Bastos e ap\u00f3s discuss\u00e3o um deles desferiu tapas contra a mesma, que caiu e bateu a cabe\u00e7a e ficou desfalecida\u201d.<\/p>\n<p>Welington Ubirat\u00e3 de Lima informou tamb\u00e9m que \u201co corpo da jovem foi colocado no porta-malas de um autom\u00f3vel, levado at\u00e9 a ponte e arremessada no rio, onde foi localizada na tarde do dia 9, em Iacri. O ve\u00edculo tamb\u00e9m foi identificado, localizado e apreendido\u201d. O site Bastos J\u00e1 apurou que os dois presos s\u00e3o moradores de Bastos.<\/p>\n<p>Fonte: Bastos J\u00e1<\/p>\n","protected":false},"excerpt":{"rendered":"<p>A Pol\u00edcia Civil de Iacri, sob comando do delegado titular Welington Ubirat\u00e3 de Lima, esclareceu a morte da jovem Jessica Cardoso, de 24 anos de idade, moradora de Bastos. O delegado informou que duas pessoas foram presas por envolvimento no crime. O corpo da v\u00edtima foi encontrado em um ribeir\u00e3o do munic\u00edpio de Iacri, no [&hellip;]<\/p>\n","protected":false},"author":8,"featured_media":28317,"comment_status":"closed","ping_status":"open","sticky":false,"template":"","format":"standard","meta":{"_acf_changed":false,"_exactmetrics_skip_tracking":false,"_exactmetrics_sitenote_active":false,"_exactmetrics_sitenote_note":"","_exactmetrics_sitenote_category":0,"footnotes":""},"categories":[24],"tags":[],"class_list":["post-28316","post","type-post","status-publish","format-standard","has-post-thumbnail","hentry","category-regiao"],"acf":[],"yoast_head":"<!-- This site is optimized with the Yoast SEO plugin v27.2 - https:\/\/yoast.com\/product\/yoast-seo-wordpress\/ -->\n<title>Pol\u00edcia Civil esclarece morte de jovem encontrada em rio e prende dois indiv\u00edduos - R\u00e1dio Life FM<\/title>\n<meta name=\"robots\" content=\"index, follow, max-snippet:-1, max-image-preview:large, max-video-preview:-1\" \/>\n<link rel=\"canonical\" href=\"https:\/\/radiolifefm.com.br\/noticias\/policia-civil-esclarece-morte-de-jovem-encontrada-em-rio-e-prende-dois-individuos\/\" \/>\n<meta property=\"og:locale\" content=\"pt_BR\" \/>\n<meta property=\"og:type\" content=\"article\" \/>\n<meta property=\"og:title\" content=\"Pol\u00edcia Civil esclarece morte de jovem encontrada em rio e prende dois indiv\u00edduos - R\u00e1dio Life FM\" \/>\n<meta property=\"og:description\" content=\"A Pol\u00edcia Civil de Iacri, sob comando do delegado titular Welington Ubirat\u00e3 de Lima, esclareceu a morte da jovem Jessica Cardoso, de 24 anos de idade, moradora de Bastos. O delegado informou que duas pessoas foram presas por envolvimento no crime. O corpo da v\u00edtima foi encontrado em um ribeir\u00e3o do munic\u00edpio de Iacri, no [&hellip;]\" \/>\n<meta property=\"og:url\" content=\"https:\/\/radiolifefm.com.br\/noticias\/policia-civil-esclarece-morte-de-jovem-encontrada-em-rio-e-prende-dois-individuos\/\" \/>\n<meta property=\"og:site_name\" content=\"R\u00e1dio Life FM\" \/>\n<meta property=\"article:publisher\" content=\"https:\/\/www.facebook.com\/radiolifefm\/\" \/>\n<meta property=\"article:published_time\" content=\"2020-10-19T11:44:15+00:00\" \/>\n<meta property=\"article:modified_time\" content=\"2026-04-13T01:24:44+00:00\" \/>\n<meta property=\"og:image\" content=\"https:\/\/radiolifefm.com.br\/noticias\/wp-content\/uploads\/2020\/10\/foto-vitimabastos.jpg\" \/>\n\t<meta property=\"og:image:width\" content=\"800\" \/>\n\t<meta property=\"og:image:height\" content=\"743\" \/>\n\t<meta property=\"og:image:type\" content=\"image\/jpeg\" \/>\n<meta name=\"author\" content=\"joaograndao\" \/>\n<meta name=\"twitter:card\" content=\"summary_large_image\" \/>\n<meta name=\"twitter:label1\" content=\"Escrito por\" \/>\n\t<meta name=\"twitter:data1\" content=\"joaograndao\" \/>\n\t<meta name=\"twitter:label2\" content=\"Est. tempo de leitura\" \/>\n\t<meta name=\"twitter:data2\" content=\"2 minutos\" \/>\n<script type=\"application\/ld+json\" class=\"yoast-schema-graph\">{\"@context\":\"https:\/\/schema.org\",\"@graph\":[{\"@type\":\"Article\",\"@id\":\"https:\/\/radiolifefm.com.br\/noticias\/policia-civil-esclarece-morte-de-jovem-encontrada-em-rio-e-prende-dois-individuos\/#article\",\"isPartOf\":{\"@id\":\"https:\/\/radiolifefm.com.br\/noticias\/policia-civil-esclarece-morte-de-jovem-encontrada-em-rio-e-prende-dois-individuos\/\"},\"author\":{\"name\":\"joaograndao\",\"@id\":\"https:\/\/radiolifefm.com.br\/noticias\/#\/schema\/person\/6876e1240feffe6e1b63fd5cb85abf28\"},\"headline\":\"Pol\u00edcia Civil esclarece morte de jovem encontrada em rio e prende dois indiv\u00edduos\",\"datePublished\":\"2020-10-19T11:44:15+00:00\",\"dateModified\":\"2026-04-13T01:24:44+00:00\",\"mainEntityOfPage\":{\"@id\":\"https:\/\/radiolifefm.com.br\/noticias\/policia-civil-esclarece-morte-de-jovem-encontrada-em-rio-e-prende-dois-individuos\/\"},\"wordCount\":425,\"publisher\":{\"@id\":\"https:\/\/radiolifefm.com.br\/noticias\/#organization\"},\"image\":{\"@id\":\"https:\/\/radiolifefm.com.br\/noticias\/policia-civil-esclarece-morte-de-jovem-encontrada-em-rio-e-prende-dois-individuos\/#primaryimage\"},\"thumbnailUrl\":\"https:\/\/radiolifefm.com.br\/noticias\/wp-content\/uploads\/2020\/10\/foto-vitimabastos.jpg\",\"articleSection\":[\"Regi\u00e3o\"],\"inLanguage\":\"pt-BR\"},{\"@type\":\"WebPage\",\"@id\":\"https:\/\/radiolifefm.com.br\/noticias\/policia-civil-esclarece-morte-de-jovem-encontrada-em-rio-e-prende-dois-individuos\/\",\"url\":\"https:\/\/radiolifefm.com.br\/noticias\/policia-civil-esclarece-morte-de-jovem-encontrada-em-rio-e-prende-dois-individuos\/\",\"name\":\"Pol\u00edcia Civil esclarece morte de jovem encontrada em rio e prende dois indiv\u00edduos - R\u00e1dio Life FM\",\"isPartOf\":{\"@id\":\"https:\/\/radiolifefm.com.br\/noticias\/#website\"},\"primaryImageOfPage\":{\"@id\":\"https:\/\/radiolifefm.com.br\/noticias\/policia-civil-esclarece-morte-de-jovem-encontrada-em-rio-e-prende-dois-individuos\/#primaryimage\"},\"image\":{\"@id\":\"https:\/\/radiolifefm.com.br\/noticias\/policia-civil-esclarece-morte-de-jovem-encontrada-em-rio-e-prende-dois-individuos\/#primaryimage\"},\"thumbnailUrl\":\"https:\/\/radiolifefm.com.br\/noticias\/wp-content\/uploads\/2020\/10\/foto-vitimabastos.jpg\",\"datePublished\":\"2020-10-19T11:44:15+00:00\",\"dateModified\":\"2026-04-13T01:24:44+00:00\",\"breadcrumb\":{\"@id\":\"https:\/\/radiolifefm.com.br\/noticias\/policia-civil-esclarece-morte-de-jovem-encontrada-em-rio-e-prende-dois-individuos\/#breadcrumb\"},\"inLanguage\":\"pt-BR\",\"potentialAction\":[{\"@type\":\"ReadAction\",\"target\":[\"https:\/\/radiolifefm.com.br\/noticias\/policia-civil-esclarece-morte-de-jovem-encontrada-em-rio-e-prende-dois-individuos\/\"]}]},{\"@type\":\"ImageObject\",\"inLanguage\":\"pt-BR\",\"@id\":\"https:\/\/radiolifefm.com.br\/noticias\/policia-civil-esclarece-morte-de-jovem-encontrada-em-rio-e-prende-dois-individuos\/#primaryimage\",\"url\":\"https:\/\/radiolifefm.com.br\/noticias\/wp-content\/uploads\/2020\/10\/foto-vitimabastos.jpg\",\"contentUrl\":\"https:\/\/radiolifefm.com.br\/noticias\/wp-content\/uploads\/2020\/10\/foto-vitimabastos.jpg\",\"width\":800,\"height\":743},{\"@type\":\"BreadcrumbList\",\"@id\":\"https:\/\/radiolifefm.com.br\/noticias\/policia-civil-esclarece-morte-de-jovem-encontrada-em-rio-e-prende-dois-individuos\/#breadcrumb\",\"itemListElement\":[{\"@type\":\"ListItem\",\"position\":1,\"name\":\"In\u00edcio\",\"item\":\"https:\/\/radiolifefm.com.br\/noticias\/\"},{\"@type\":\"ListItem\",\"position\":2,\"name\":\"Pol\u00edcia Civil esclarece morte de jovem encontrada em rio e prende dois indiv\u00edduos\"}]},{\"@type\":\"WebSite\",\"@id\":\"https:\/\/radiolifefm.com.br\/noticias\/#website\",\"url\":\"https:\/\/radiolifefm.com.br\/noticias\/\",\"name\":\"R\u00e1dio Life FM\",\"description\":\"O Portal de Not\u00edcias de Adamantina\",\"publisher\":{\"@id\":\"https:\/\/radiolifefm.com.br\/noticias\/#organization\"},\"alternateName\":\"Life FM\",\"potentialAction\":[{\"@type\":\"SearchAction\",\"target\":{\"@type\":\"EntryPoint\",\"urlTemplate\":\"https:\/\/radiolifefm.com.br\/noticias\/?s={search_term_string}\"},\"query-input\":{\"@type\":\"PropertyValueSpecification\",\"valueRequired\":true,\"valueName\":\"search_term_string\"}}],\"inLanguage\":\"pt-BR\"},{\"@type\":\"Organization\",\"@id\":\"https:\/\/radiolifefm.com.br\/noticias\/#organization\",\"name\":\"R\u00e1dio Life FM\",\"alternateName\":\"Life FM\",\"url\":\"https:\/\/radiolifefm.com.br\/noticias\/\",\"logo\":{\"@type\":\"ImageObject\",\"inLanguage\":\"pt-BR\",\"@id\":\"https:\/\/radiolifefm.com.br\/noticias\/#\/schema\/logo\/image\/\",\"url\":\"https:\/\/static.radiolifefm.com.br\/noticias\/wp-content\/uploads\/2019\/10\/logo-lifefm.png\",\"contentUrl\":\"https:\/\/static.radiolifefm.com.br\/noticias\/wp-content\/uploads\/2019\/10\/logo-lifefm.png\",\"width\":196,\"height\":47,\"caption\":\"R\u00e1dio Life FM\"},\"image\":{\"@id\":\"https:\/\/radiolifefm.com.br\/noticias\/#\/schema\/logo\/image\/\"},\"sameAs\":[\"https:\/\/www.facebook.com\/radiolifefm\/\",\"https:\/\/www.instagram.com\/life1079fm\/\"]},{\"@type\":\"Person\",\"@id\":\"https:\/\/radiolifefm.com.br\/noticias\/#\/schema\/person\/6876e1240feffe6e1b63fd5cb85abf28\",\"name\":\"joaograndao\",\"image\":{\"@type\":\"ImageObject\",\"inLanguage\":\"pt-BR\",\"@id\":\"https:\/\/secure.gravatar.com\/avatar\/d5b1a3cf357ed9c50404e256a1294083aa8ab5d2a994001567302786016cb32c?s=96&d=mm&r=g\",\"url\":\"https:\/\/secure.gravatar.com\/avatar\/d5b1a3cf357ed9c50404e256a1294083aa8ab5d2a994001567302786016cb32c?s=96&d=mm&r=g\",\"contentUrl\":\"https:\/\/secure.gravatar.com\/avatar\/d5b1a3cf357ed9c50404e256a1294083aa8ab5d2a994001567302786016cb32c?s=96&d=mm&r=g\",\"caption\":\"joaograndao\"}}]}<\/script>\n<!-- \/ Yoast SEO plugin. -->","yoast_head_json":{"title":"Pol\u00edcia Civil esclarece morte de jovem encontrada em rio e prende dois indiv\u00edduos - R\u00e1dio Life FM","robots":{"index":"index","follow":"follow","max-snippet":"max-snippet:-1","max-image-preview":"max-image-preview:large","max-video-preview":"max-video-preview:-1"},"canonical":"https:\/\/radiolifefm.com.br\/noticias\/policia-civil-esclarece-morte-de-jovem-encontrada-em-rio-e-prende-dois-individuos\/","og_locale":"pt_BR","og_type":"article","og_title":"Pol\u00edcia Civil esclarece morte de jovem encontrada em rio e prende dois indiv\u00edduos - R\u00e1dio Life FM","og_description":"A Pol\u00edcia Civil de Iacri, sob comando do delegado titular Welington Ubirat\u00e3 de Lima, esclareceu a morte da jovem Jessica Cardoso, de 24 anos de idade, moradora de Bastos. O delegado informou que duas pessoas foram presas por envolvimento no crime. O corpo da v\u00edtima foi encontrado em um ribeir\u00e3o do munic\u00edpio de Iacri, no [&hellip;]","og_url":"https:\/\/radiolifefm.com.br\/noticias\/policia-civil-esclarece-morte-de-jovem-encontrada-em-rio-e-prende-dois-individuos\/","og_site_name":"R\u00e1dio Life FM","article_publisher":"https:\/\/www.facebook.com\/radiolifefm\/","article_published_time":"2020-10-19T11:44:15+00:00","article_modified_time":"2026-04-13T01:24:44+00:00","og_image":[{"width":800,"height":743,"url":"https:\/\/radiolifefm.com.br\/noticias\/wp-content\/uploads\/2020\/10\/foto-vitimabastos.jpg","type":"image\/jpeg"}],"author":"joaograndao","twitter_card":"summary_large_image","twitter_misc":{"Escrito por":"joaograndao","Est. tempo de leitura":"2 minutos"},"schema":{"@context":"https:\/\/schema.org","@graph":[{"@type":"Article","@id":"https:\/\/radiolifefm.com.br\/noticias\/policia-civil-esclarece-morte-de-jovem-encontrada-em-rio-e-prende-dois-individuos\/#article","isPartOf":{"@id":"https:\/\/radiolifefm.com.br\/noticias\/policia-civil-esclarece-morte-de-jovem-encontrada-em-rio-e-prende-dois-individuos\/"},"author":{"name":"joaograndao","@id":"https:\/\/radiolifefm.com.br\/noticias\/#\/schema\/person\/6876e1240feffe6e1b63fd5cb85abf28"},"headline":"Pol\u00edcia Civil esclarece morte de jovem encontrada em rio e prende dois indiv\u00edduos","datePublished":"2020-10-19T11:44:15+00:00","dateModified":"2026-04-13T01:24:44+00:00","mainEntityOfPage":{"@id":"https:\/\/radiolifefm.com.br\/noticias\/policia-civil-esclarece-morte-de-jovem-encontrada-em-rio-e-prende-dois-individuos\/"},"wordCount":425,"publisher":{"@id":"https:\/\/radiolifefm.com.br\/noticias\/#organization"},"image":{"@id":"https:\/\/radiolifefm.com.br\/noticias\/policia-civil-esclarece-morte-de-jovem-encontrada-em-rio-e-prende-dois-individuos\/#primaryimage"},"thumbnailUrl":"https:\/\/radiolifefm.com.br\/noticias\/wp-content\/uploads\/2020\/10\/foto-vitimabastos.jpg","articleSection":["Regi\u00e3o"],"inLanguage":"pt-BR"},{"@type":"WebPage","@id":"https:\/\/radiolifefm.com.br\/noticias\/policia-civil-esclarece-morte-de-jovem-encontrada-em-rio-e-prende-dois-individuos\/","url":"https:\/\/radiolifefm.com.br\/noticias\/policia-civil-esclarece-morte-de-jovem-encontrada-em-rio-e-prende-dois-individuos\/","name":"Pol\u00edcia Civil esclarece morte de jovem encontrada em rio e prende dois indiv\u00edduos - R\u00e1dio Life FM","isPartOf":{"@id":"https:\/\/radiolifefm.com.br\/noticias\/#website"},"primaryImageOfPage":{"@id":"https:\/\/radiolifefm.com.br\/noticias\/policia-civil-esclarece-morte-de-jovem-encontrada-em-rio-e-prende-dois-individuos\/#primaryimage"},"image":{"@id":"https:\/\/radiolifefm.com.br\/noticias\/policia-civil-esclarece-morte-de-jovem-encontrada-em-rio-e-prende-dois-individuos\/#primaryimage"},"thumbnailUrl":"https:\/\/radiolifefm.com.br\/noticias\/wp-content\/uploads\/2020\/10\/foto-vitimabastos.jpg","datePublished":"2020-10-19T11:44:15+00:00","dateModified":"2026-04-13T01:24:44+00:00","breadcrumb":{"@id":"https:\/\/radiolifefm.com.br\/noticias\/policia-civil-esclarece-morte-de-jovem-encontrada-em-rio-e-prende-dois-individuos\/#breadcrumb"},"inLanguage":"pt-BR","potentialAction":[{"@type":"ReadAction","target":["https:\/\/radiolifefm.com.br\/noticias\/policia-civil-esclarece-morte-de-jovem-encontrada-em-rio-e-prende-dois-individuos\/"]}]},{"@type":"ImageObject","inLanguage":"pt-BR","@id":"https:\/\/radiolifefm.com.br\/noticias\/policia-civil-esclarece-morte-de-jovem-encontrada-em-rio-e-prende-dois-individuos\/#primaryimage","url":"https:\/\/radiolifefm.com.br\/noticias\/wp-content\/uploads\/2020\/10\/foto-vitimabastos.jpg","contentUrl":"https:\/\/radiolifefm.com.br\/noticias\/wp-content\/uploads\/2020\/10\/foto-vitimabastos.jpg","width":800,"height":743},{"@type":"BreadcrumbList","@id":"https:\/\/radiolifefm.com.br\/noticias\/policia-civil-esclarece-morte-de-jovem-encontrada-em-rio-e-prende-dois-individuos\/#breadcrumb","itemListElement":[{"@type":"ListItem","position":1,"name":"In\u00edcio","item":"https:\/\/radiolifefm.com.br\/noticias\/"},{"@type":"ListItem","position":2,"name":"Pol\u00edcia Civil esclarece morte de jovem encontrada em rio e prende dois indiv\u00edduos"}]},{"@type":"WebSite","@id":"https:\/\/radiolifefm.com.br\/noticias\/#website","url":"https:\/\/radiolifefm.com.br\/noticias\/","name":"R\u00e1dio Life FM","description":"O Portal de Not\u00edcias de Adamantina","publisher":{"@id":"https:\/\/radiolifefm.com.br\/noticias\/#organization"},"alternateName":"Life FM","potentialAction":[{"@type":"SearchAction","target":{"@type":"EntryPoint","urlTemplate":"https:\/\/radiolifefm.com.br\/noticias\/?s={search_term_string}"},"query-input":{"@type":"PropertyValueSpecification","valueRequired":true,"valueName":"search_term_string"}}],"inLanguage":"pt-BR"},{"@type":"Organization","@id":"https:\/\/radiolifefm.com.br\/noticias\/#organization","name":"R\u00e1dio Life FM","alternateName":"Life FM","url":"https:\/\/radiolifefm.com.br\/noticias\/","logo":{"@type":"ImageObject","inLanguage":"pt-BR","@id":"https:\/\/radiolifefm.com.br\/noticias\/#\/schema\/logo\/image\/","url":"https:\/\/static.radiolifefm.com.br\/noticias\/wp-content\/uploads\/2019\/10\/logo-lifefm.png","contentUrl":"https:\/\/static.radiolifefm.com.br\/noticias\/wp-content\/uploads\/2019\/10\/logo-lifefm.png","width":196,"height":47,"caption":"R\u00e1dio Life FM"},"image":{"@id":"https:\/\/radiolifefm.com.br\/noticias\/#\/schema\/logo\/image\/"},"sameAs":["https:\/\/www.facebook.com\/radiolifefm\/","https:\/\/www.instagram.com\/life1079fm\/"]},{"@type":"Person","@id":"https:\/\/radiolifefm.com.br\/noticias\/#\/schema\/person\/6876e1240feffe6e1b63fd5cb85abf28","name":"joaograndao","image":{"@type":"ImageObject","inLanguage":"pt-BR","@id":"https:\/\/secure.gravatar.com\/avatar\/d5b1a3cf357ed9c50404e256a1294083aa8ab5d2a994001567302786016cb32c?s=96&d=mm&r=g","url":"https:\/\/secure.gravatar.com\/avatar\/d5b1a3cf357ed9c50404e256a1294083aa8ab5d2a994001567302786016cb32c?s=96&d=mm&r=g","contentUrl":"https:\/\/secure.gravatar.com\/avatar\/d5b1a3cf357ed9c50404e256a1294083aa8ab5d2a994001567302786016cb32c?s=96&d=mm&r=g","caption":"joaograndao"}}]}},"amp_enabled":true,"_links":{"self":[{"href":"https:\/\/radiolifefm.com.br\/noticias\/wp-json\/wp\/v2\/posts\/28316","targetHints":{"allow":["GET"]}}],"collection":[{"href":"https:\/\/radiolifefm.com.br\/noticias\/wp-json\/wp\/v2\/posts"}],"about":[{"href":"https:\/\/radiolifefm.com.br\/noticias\/wp-json\/wp\/v2\/types\/post"}],"author":[{"embeddable":true,"href":"https:\/\/radiolifefm.com.br\/noticias\/wp-json\/wp\/v2\/users\/8"}],"replies":[{"embeddable":true,"href":"https:\/\/radiolifefm.com.br\/noticias\/wp-json\/wp\/v2\/comments?post=28316"}],"version-history":[{"count":2,"href":"https:\/\/radiolifefm.com.br\/noticias\/wp-json\/wp\/v2\/posts\/28316\/revisions"}],"predecessor-version":[{"id":28319,"href":"https:\/\/radiolifefm.com.br\/noticias\/wp-json\/wp\/v2\/posts\/28316\/revisions\/28319"}],"wp:featuredmedia":[{"embeddable":true,"href":"https:\/\/radiolifefm.com.br\/noticias\/wp-json\/wp\/v2\/media\/28317"}],"wp:attachment":[{"href":"https:\/\/radiolifefm.com.br\/noticias\/wp-json\/wp\/v2\/media?parent=28316"}],"wp:term":[{"taxonomy":"category","embeddable":true,"href":"https:\/\/radiolifefm.com.br\/noticias\/wp-json\/wp\/v2\/categories?post=28316"},{"taxonomy":"post_tag","embeddable":true,"href":"https:\/\/radiolifefm.com.br\/noticias\/wp-json\/wp\/v2\/tags?post=28316"}],"curies":[{"name":"wp","href":"https:\/\/api.w.org\/{rel}","templated":true}]}}