{"id":28313,"date":"2020-10-19T08:23:59","date_gmt":"2020-10-19T11:23:59","guid":{"rendered":"https:\/\/radiolifefm.com.br\/noticias\/?p=28313"},"modified":"2025-10-17T18:09:33","modified_gmt":"2025-10-17T21:09:33","slug":"homem-morre-afogado-apos-dar-mergulho-em-represa-do-proprio-sitio-em-presidente-prudente","status":"publish","type":"post","link":"https:\/\/radiolifefm.com.br\/noticias\/homem-morre-afogado-apos-dar-mergulho-em-represa-do-proprio-sitio-em-presidente-prudente\/","title":{"rendered":"Homem morre afogado ap\u00f3s dar mergulho em represa do pr\u00f3prio s\u00edtio, em Presidente Prudente"},"content":{"rendered":"<div id=\"fb-root\"><\/div>\n<div class=\"mc-column content-text active-extra-styles \" data-block-type=\"unstyled\" data-block-weight=\"46\" data-block-id=\"2\">\n<p class=\"content-text__container \" data-track-category=\"Link no Texto\" data-track-links=\"\">Um afogamento foi registrado neste domingo (18) em um s\u00edtio, em\u00a0<a href=\"http:\/\/g1.globo.com\/sp\/presidente-prudente-regiao\/cidade\/presidente-prudente.html\">Presidente Prudente<\/a>. A v\u00edtima foi um homem de 48 anos. Ele chegou a ser levado para a Santa Casa, mas n\u00e3o resistiu. O caso foi registrado na Delegacia Participativa da Pol\u00edcia Civil como morte acidental.<\/p>\n<\/div>\n<div class=\"wall protected-content\">\n<div class=\"mc-column content-text active-extra-styles \" data-block-type=\"unstyled\" data-block-weight=\"51\" data-block-id=\"3\">\n<p class=\"content-text__container \" data-track-category=\"Link no Texto\" data-track-links=\"\">A Pol\u00edcia Militar compareceu ao local, no Jardim Itapura, onde o irm\u00e3o da v\u00edtima contou que o homem foi at\u00e9 a uma pequena represa situada no s\u00edtio onde reside para se banhar e ap\u00f3s dar um mergulho, n\u00e3o retornou \u00e0 superf\u00edcie. Neste momento, os familiares acionaram o Corpo de Bombeiros.<\/p>\n<\/div>\n<div class=\"mc-column content-text active-extra-styles \" data-block-type=\"unstyled\" data-block-weight=\"18\" data-block-id=\"4\">\n<p class=\"content-text__container \" data-track-category=\"Link no Texto\" data-track-links=\"\">A equipe socorreu a v\u00edtima e a levou para a Santa Casa, onde foi constatado o \u00f3bito.<\/p>\n<p>Fonte: G1<\/p>\n<\/div>\n<\/div>\n","protected":false},"excerpt":{"rendered":"<p>Um afogamento foi registrado neste domingo (18) em um s\u00edtio, em\u00a0Presidente Prudente. A v\u00edtima foi um homem de 48 anos. Ele chegou a ser levado para a Santa Casa, mas n\u00e3o resistiu. O caso foi registrado na Delegacia Participativa da Pol\u00edcia Civil como morte acidental. A Pol\u00edcia Militar compareceu ao local, no Jardim Itapura, onde [&hellip;]<\/p>\n","protected":false},"author":8,"featured_media":28314,"comment_status":"closed","ping_status":"open","sticky":false,"template":"","format":"standard","meta":{"_acf_changed":false,"_exactmetrics_skip_tracking":false,"_exactmetrics_sitenote_active":false,"_exactmetrics_sitenote_note":"","_exactmetrics_sitenote_category":0,"footnotes":""},"categories":[24],"tags":[],"class_list":["post-28313","post","type-post","status-publish","format-standard","has-post-thumbnail","hentry","category-regiao"],"acf":[],"yoast_head":"<!-- This site is optimized with the Yoast SEO plugin v27.2 - https:\/\/yoast.com\/product\/yoast-seo-wordpress\/ -->\n<title>Homem morre afogado ap\u00f3s dar mergulho em represa do pr\u00f3prio s\u00edtio, em Presidente Prudente - R\u00e1dio Life FM<\/title>\n<meta name=\"robots\" content=\"index, follow, max-snippet:-1, max-image-preview:large, max-video-preview:-1\" \/>\n<link rel=\"canonical\" href=\"https:\/\/radiolifefm.com.br\/noticias\/homem-morre-afogado-apos-dar-mergulho-em-represa-do-proprio-sitio-em-presidente-prudente\/\" \/>\n<meta property=\"og:locale\" content=\"pt_BR\" \/>\n<meta property=\"og:type\" content=\"article\" \/>\n<meta property=\"og:title\" content=\"Homem morre afogado ap\u00f3s dar mergulho em represa do pr\u00f3prio s\u00edtio, em Presidente Prudente - R\u00e1dio Life FM\" \/>\n<meta property=\"og:description\" content=\"Um afogamento foi registrado neste domingo (18) em um s\u00edtio, em\u00a0Presidente Prudente. A v\u00edtima foi um homem de 48 anos. Ele chegou a ser levado para a Santa Casa, mas n\u00e3o resistiu. O caso foi registrado na Delegacia Participativa da Pol\u00edcia Civil como morte acidental. A Pol\u00edcia Militar compareceu ao local, no Jardim Itapura, onde [&hellip;]\" \/>\n<meta property=\"og:url\" content=\"https:\/\/radiolifefm.com.br\/noticias\/homem-morre-afogado-apos-dar-mergulho-em-represa-do-proprio-sitio-em-presidente-prudente\/\" \/>\n<meta property=\"og:site_name\" content=\"R\u00e1dio Life FM\" \/>\n<meta property=\"article:publisher\" content=\"https:\/\/www.facebook.com\/radiolifefm\/\" \/>\n<meta property=\"article:published_time\" content=\"2020-10-19T11:23:59+00:00\" \/>\n<meta property=\"article:modified_time\" content=\"2025-10-17T21:09:33+00:00\" \/>\n<meta property=\"og:image\" content=\"https:\/\/static.radiolifefm.com.br\/noticias\/wp-content\/uploads\/2020\/10\/img-0088-ok.jpg\" \/>\n\t<meta property=\"og:image:width\" content=\"984\" \/>\n\t<meta property=\"og:image:height\" content=\"701\" \/>\n\t<meta property=\"og:image:type\" content=\"image\/jpeg\" \/>\n<meta name=\"author\" content=\"joaograndao\" \/>\n<meta name=\"twitter:card\" content=\"summary_large_image\" \/>\n<meta name=\"twitter:label1\" content=\"Escrito por\" \/>\n\t<meta name=\"twitter:data1\" content=\"joaograndao\" \/>\n\t<meta name=\"twitter:label2\" content=\"Est. tempo de leitura\" \/>\n\t<meta name=\"twitter:data2\" content=\"1 minuto\" \/>\n<script type=\"application\/ld+json\" class=\"yoast-schema-graph\">{\"@context\":\"https:\/\/schema.org\",\"@graph\":[{\"@type\":\"Article\",\"@id\":\"https:\/\/radiolifefm.com.br\/noticias\/homem-morre-afogado-apos-dar-mergulho-em-represa-do-proprio-sitio-em-presidente-prudente\/#article\",\"isPartOf\":{\"@id\":\"https:\/\/radiolifefm.com.br\/noticias\/homem-morre-afogado-apos-dar-mergulho-em-represa-do-proprio-sitio-em-presidente-prudente\/\"},\"author\":{\"name\":\"joaograndao\",\"@id\":\"https:\/\/radiolifefm.com.br\/noticias\/#\/schema\/person\/6876e1240feffe6e1b63fd5cb85abf28\"},\"headline\":\"Homem morre afogado ap\u00f3s dar mergulho em represa do pr\u00f3prio s\u00edtio, em Presidente Prudente\",\"datePublished\":\"2020-10-19T11:23:59+00:00\",\"dateModified\":\"2025-10-17T21:09:33+00:00\",\"mainEntityOfPage\":{\"@id\":\"https:\/\/radiolifefm.com.br\/noticias\/homem-morre-afogado-apos-dar-mergulho-em-represa-do-proprio-sitio-em-presidente-prudente\/\"},\"wordCount\":141,\"publisher\":{\"@id\":\"https:\/\/radiolifefm.com.br\/noticias\/#organization\"},\"image\":{\"@id\":\"https:\/\/radiolifefm.com.br\/noticias\/homem-morre-afogado-apos-dar-mergulho-em-represa-do-proprio-sitio-em-presidente-prudente\/#primaryimage\"},\"thumbnailUrl\":\"https:\/\/radiolifefm.com.br\/noticias\/wp-content\/uploads\/2020\/10\/img-0088-ok.jpg\",\"articleSection\":[\"Regi\u00e3o\"],\"inLanguage\":\"pt-BR\"},{\"@type\":\"WebPage\",\"@id\":\"https:\/\/radiolifefm.com.br\/noticias\/homem-morre-afogado-apos-dar-mergulho-em-represa-do-proprio-sitio-em-presidente-prudente\/\",\"url\":\"https:\/\/radiolifefm.com.br\/noticias\/homem-morre-afogado-apos-dar-mergulho-em-represa-do-proprio-sitio-em-presidente-prudente\/\",\"name\":\"Homem morre afogado ap\u00f3s dar mergulho em represa do pr\u00f3prio s\u00edtio, em Presidente Prudente - R\u00e1dio Life FM\",\"isPartOf\":{\"@id\":\"https:\/\/radiolifefm.com.br\/noticias\/#website\"},\"primaryImageOfPage\":{\"@id\":\"https:\/\/radiolifefm.com.br\/noticias\/homem-morre-afogado-apos-dar-mergulho-em-represa-do-proprio-sitio-em-presidente-prudente\/#primaryimage\"},\"image\":{\"@id\":\"https:\/\/radiolifefm.com.br\/noticias\/homem-morre-afogado-apos-dar-mergulho-em-represa-do-proprio-sitio-em-presidente-prudente\/#primaryimage\"},\"thumbnailUrl\":\"https:\/\/radiolifefm.com.br\/noticias\/wp-content\/uploads\/2020\/10\/img-0088-ok.jpg\",\"datePublished\":\"2020-10-19T11:23:59+00:00\",\"dateModified\":\"2025-10-17T21:09:33+00:00\",\"breadcrumb\":{\"@id\":\"https:\/\/radiolifefm.com.br\/noticias\/homem-morre-afogado-apos-dar-mergulho-em-represa-do-proprio-sitio-em-presidente-prudente\/#breadcrumb\"},\"inLanguage\":\"pt-BR\",\"potentialAction\":[{\"@type\":\"ReadAction\",\"target\":[\"https:\/\/radiolifefm.com.br\/noticias\/homem-morre-afogado-apos-dar-mergulho-em-represa-do-proprio-sitio-em-presidente-prudente\/\"]}]},{\"@type\":\"ImageObject\",\"inLanguage\":\"pt-BR\",\"@id\":\"https:\/\/radiolifefm.com.br\/noticias\/homem-morre-afogado-apos-dar-mergulho-em-represa-do-proprio-sitio-em-presidente-prudente\/#primaryimage\",\"url\":\"https:\/\/radiolifefm.com.br\/noticias\/wp-content\/uploads\/2020\/10\/img-0088-ok.jpg\",\"contentUrl\":\"https:\/\/radiolifefm.com.br\/noticias\/wp-content\/uploads\/2020\/10\/img-0088-ok.jpg\",\"width\":984,\"height\":701},{\"@type\":\"BreadcrumbList\",\"@id\":\"https:\/\/radiolifefm.com.br\/noticias\/homem-morre-afogado-apos-dar-mergulho-em-represa-do-proprio-sitio-em-presidente-prudente\/#breadcrumb\",\"itemListElement\":[{\"@type\":\"ListItem\",\"position\":1,\"name\":\"In\u00edcio\",\"item\":\"https:\/\/radiolifefm.com.br\/noticias\/\"},{\"@type\":\"ListItem\",\"position\":2,\"name\":\"Homem morre afogado ap\u00f3s dar mergulho em represa do pr\u00f3prio s\u00edtio, em Presidente Prudente\"}]},{\"@type\":\"WebSite\",\"@id\":\"https:\/\/radiolifefm.com.br\/noticias\/#website\",\"url\":\"https:\/\/radiolifefm.com.br\/noticias\/\",\"name\":\"R\u00e1dio Life FM\",\"description\":\"O Portal de Not\u00edcias de Adamantina\",\"publisher\":{\"@id\":\"https:\/\/radiolifefm.com.br\/noticias\/#organization\"},\"alternateName\":\"Life FM\",\"potentialAction\":[{\"@type\":\"SearchAction\",\"target\":{\"@type\":\"EntryPoint\",\"urlTemplate\":\"https:\/\/radiolifefm.com.br\/noticias\/?s={search_term_string}\"},\"query-input\":{\"@type\":\"PropertyValueSpecification\",\"valueRequired\":true,\"valueName\":\"search_term_string\"}}],\"inLanguage\":\"pt-BR\"},{\"@type\":\"Organization\",\"@id\":\"https:\/\/radiolifefm.com.br\/noticias\/#organization\",\"name\":\"R\u00e1dio Life FM\",\"alternateName\":\"Life FM\",\"url\":\"https:\/\/radiolifefm.com.br\/noticias\/\",\"logo\":{\"@type\":\"ImageObject\",\"inLanguage\":\"pt-BR\",\"@id\":\"https:\/\/radiolifefm.com.br\/noticias\/#\/schema\/logo\/image\/\",\"url\":\"https:\/\/static.radiolifefm.com.br\/noticias\/wp-content\/uploads\/2019\/10\/logo-lifefm.png\",\"contentUrl\":\"https:\/\/static.radiolifefm.com.br\/noticias\/wp-content\/uploads\/2019\/10\/logo-lifefm.png\",\"width\":196,\"height\":47,\"caption\":\"R\u00e1dio Life FM\"},\"image\":{\"@id\":\"https:\/\/radiolifefm.com.br\/noticias\/#\/schema\/logo\/image\/\"},\"sameAs\":[\"https:\/\/www.facebook.com\/radiolifefm\/\",\"https:\/\/www.instagram.com\/life1079fm\/\"]},{\"@type\":\"Person\",\"@id\":\"https:\/\/radiolifefm.com.br\/noticias\/#\/schema\/person\/6876e1240feffe6e1b63fd5cb85abf28\",\"name\":\"joaograndao\",\"image\":{\"@type\":\"ImageObject\",\"inLanguage\":\"pt-BR\",\"@id\":\"https:\/\/secure.gravatar.com\/avatar\/d5b1a3cf357ed9c50404e256a1294083aa8ab5d2a994001567302786016cb32c?s=96&d=mm&r=g\",\"url\":\"https:\/\/secure.gravatar.com\/avatar\/d5b1a3cf357ed9c50404e256a1294083aa8ab5d2a994001567302786016cb32c?s=96&d=mm&r=g\",\"contentUrl\":\"https:\/\/secure.gravatar.com\/avatar\/d5b1a3cf357ed9c50404e256a1294083aa8ab5d2a994001567302786016cb32c?s=96&d=mm&r=g\",\"caption\":\"joaograndao\"}}]}<\/script>\n<!-- \/ Yoast SEO plugin. -->","yoast_head_json":{"title":"Homem morre afogado ap\u00f3s dar mergulho em represa do pr\u00f3prio s\u00edtio, em Presidente Prudente - R\u00e1dio Life FM","robots":{"index":"index","follow":"follow","max-snippet":"max-snippet:-1","max-image-preview":"max-image-preview:large","max-video-preview":"max-video-preview:-1"},"canonical":"https:\/\/radiolifefm.com.br\/noticias\/homem-morre-afogado-apos-dar-mergulho-em-represa-do-proprio-sitio-em-presidente-prudente\/","og_locale":"pt_BR","og_type":"article","og_title":"Homem morre afogado ap\u00f3s dar mergulho em represa do pr\u00f3prio s\u00edtio, em Presidente Prudente - R\u00e1dio Life FM","og_description":"Um afogamento foi registrado neste domingo (18) em um s\u00edtio, em\u00a0Presidente Prudente. A v\u00edtima foi um homem de 48 anos. Ele chegou a ser levado para a Santa Casa, mas n\u00e3o resistiu. O caso foi registrado na Delegacia Participativa da Pol\u00edcia Civil como morte acidental. A Pol\u00edcia Militar compareceu ao local, no Jardim Itapura, onde [&hellip;]","og_url":"https:\/\/radiolifefm.com.br\/noticias\/homem-morre-afogado-apos-dar-mergulho-em-represa-do-proprio-sitio-em-presidente-prudente\/","og_site_name":"R\u00e1dio Life FM","article_publisher":"https:\/\/www.facebook.com\/radiolifefm\/","article_published_time":"2020-10-19T11:23:59+00:00","article_modified_time":"2025-10-17T21:09:33+00:00","og_image":[{"width":984,"height":701,"url":"https:\/\/static.radiolifefm.com.br\/noticias\/wp-content\/uploads\/2020\/10\/img-0088-ok.jpg","type":"image\/jpeg"}],"author":"joaograndao","twitter_card":"summary_large_image","twitter_misc":{"Escrito por":"joaograndao","Est. tempo de leitura":"1 minuto"},"schema":{"@context":"https:\/\/schema.org","@graph":[{"@type":"Article","@id":"https:\/\/radiolifefm.com.br\/noticias\/homem-morre-afogado-apos-dar-mergulho-em-represa-do-proprio-sitio-em-presidente-prudente\/#article","isPartOf":{"@id":"https:\/\/radiolifefm.com.br\/noticias\/homem-morre-afogado-apos-dar-mergulho-em-represa-do-proprio-sitio-em-presidente-prudente\/"},"author":{"name":"joaograndao","@id":"https:\/\/radiolifefm.com.br\/noticias\/#\/schema\/person\/6876e1240feffe6e1b63fd5cb85abf28"},"headline":"Homem morre afogado ap\u00f3s dar mergulho em represa do pr\u00f3prio s\u00edtio, em Presidente Prudente","datePublished":"2020-10-19T11:23:59+00:00","dateModified":"2025-10-17T21:09:33+00:00","mainEntityOfPage":{"@id":"https:\/\/radiolifefm.com.br\/noticias\/homem-morre-afogado-apos-dar-mergulho-em-represa-do-proprio-sitio-em-presidente-prudente\/"},"wordCount":141,"publisher":{"@id":"https:\/\/radiolifefm.com.br\/noticias\/#organization"},"image":{"@id":"https:\/\/radiolifefm.com.br\/noticias\/homem-morre-afogado-apos-dar-mergulho-em-represa-do-proprio-sitio-em-presidente-prudente\/#primaryimage"},"thumbnailUrl":"https:\/\/radiolifefm.com.br\/noticias\/wp-content\/uploads\/2020\/10\/img-0088-ok.jpg","articleSection":["Regi\u00e3o"],"inLanguage":"pt-BR"},{"@type":"WebPage","@id":"https:\/\/radiolifefm.com.br\/noticias\/homem-morre-afogado-apos-dar-mergulho-em-represa-do-proprio-sitio-em-presidente-prudente\/","url":"https:\/\/radiolifefm.com.br\/noticias\/homem-morre-afogado-apos-dar-mergulho-em-represa-do-proprio-sitio-em-presidente-prudente\/","name":"Homem morre afogado ap\u00f3s dar mergulho em represa do pr\u00f3prio s\u00edtio, em Presidente Prudente - R\u00e1dio Life FM","isPartOf":{"@id":"https:\/\/radiolifefm.com.br\/noticias\/#website"},"primaryImageOfPage":{"@id":"https:\/\/radiolifefm.com.br\/noticias\/homem-morre-afogado-apos-dar-mergulho-em-represa-do-proprio-sitio-em-presidente-prudente\/#primaryimage"},"image":{"@id":"https:\/\/radiolifefm.com.br\/noticias\/homem-morre-afogado-apos-dar-mergulho-em-represa-do-proprio-sitio-em-presidente-prudente\/#primaryimage"},"thumbnailUrl":"https:\/\/radiolifefm.com.br\/noticias\/wp-content\/uploads\/2020\/10\/img-0088-ok.jpg","datePublished":"2020-10-19T11:23:59+00:00","dateModified":"2025-10-17T21:09:33+00:00","breadcrumb":{"@id":"https:\/\/radiolifefm.com.br\/noticias\/homem-morre-afogado-apos-dar-mergulho-em-represa-do-proprio-sitio-em-presidente-prudente\/#breadcrumb"},"inLanguage":"pt-BR","potentialAction":[{"@type":"ReadAction","target":["https:\/\/radiolifefm.com.br\/noticias\/homem-morre-afogado-apos-dar-mergulho-em-represa-do-proprio-sitio-em-presidente-prudente\/"]}]},{"@type":"ImageObject","inLanguage":"pt-BR","@id":"https:\/\/radiolifefm.com.br\/noticias\/homem-morre-afogado-apos-dar-mergulho-em-represa-do-proprio-sitio-em-presidente-prudente\/#primaryimage","url":"https:\/\/radiolifefm.com.br\/noticias\/wp-content\/uploads\/2020\/10\/img-0088-ok.jpg","contentUrl":"https:\/\/radiolifefm.com.br\/noticias\/wp-content\/uploads\/2020\/10\/img-0088-ok.jpg","width":984,"height":701},{"@type":"BreadcrumbList","@id":"https:\/\/radiolifefm.com.br\/noticias\/homem-morre-afogado-apos-dar-mergulho-em-represa-do-proprio-sitio-em-presidente-prudente\/#breadcrumb","itemListElement":[{"@type":"ListItem","position":1,"name":"In\u00edcio","item":"https:\/\/radiolifefm.com.br\/noticias\/"},{"@type":"ListItem","position":2,"name":"Homem morre afogado ap\u00f3s dar mergulho em represa do pr\u00f3prio s\u00edtio, em Presidente Prudente"}]},{"@type":"WebSite","@id":"https:\/\/radiolifefm.com.br\/noticias\/#website","url":"https:\/\/radiolifefm.com.br\/noticias\/","name":"R\u00e1dio Life FM","description":"O Portal de Not\u00edcias de Adamantina","publisher":{"@id":"https:\/\/radiolifefm.com.br\/noticias\/#organization"},"alternateName":"Life FM","potentialAction":[{"@type":"SearchAction","target":{"@type":"EntryPoint","urlTemplate":"https:\/\/radiolifefm.com.br\/noticias\/?s={search_term_string}"},"query-input":{"@type":"PropertyValueSpecification","valueRequired":true,"valueName":"search_term_string"}}],"inLanguage":"pt-BR"},{"@type":"Organization","@id":"https:\/\/radiolifefm.com.br\/noticias\/#organization","name":"R\u00e1dio Life FM","alternateName":"Life FM","url":"https:\/\/radiolifefm.com.br\/noticias\/","logo":{"@type":"ImageObject","inLanguage":"pt-BR","@id":"https:\/\/radiolifefm.com.br\/noticias\/#\/schema\/logo\/image\/","url":"https:\/\/static.radiolifefm.com.br\/noticias\/wp-content\/uploads\/2019\/10\/logo-lifefm.png","contentUrl":"https:\/\/static.radiolifefm.com.br\/noticias\/wp-content\/uploads\/2019\/10\/logo-lifefm.png","width":196,"height":47,"caption":"R\u00e1dio Life FM"},"image":{"@id":"https:\/\/radiolifefm.com.br\/noticias\/#\/schema\/logo\/image\/"},"sameAs":["https:\/\/www.facebook.com\/radiolifefm\/","https:\/\/www.instagram.com\/life1079fm\/"]},{"@type":"Person","@id":"https:\/\/radiolifefm.com.br\/noticias\/#\/schema\/person\/6876e1240feffe6e1b63fd5cb85abf28","name":"joaograndao","image":{"@type":"ImageObject","inLanguage":"pt-BR","@id":"https:\/\/secure.gravatar.com\/avatar\/d5b1a3cf357ed9c50404e256a1294083aa8ab5d2a994001567302786016cb32c?s=96&d=mm&r=g","url":"https:\/\/secure.gravatar.com\/avatar\/d5b1a3cf357ed9c50404e256a1294083aa8ab5d2a994001567302786016cb32c?s=96&d=mm&r=g","contentUrl":"https:\/\/secure.gravatar.com\/avatar\/d5b1a3cf357ed9c50404e256a1294083aa8ab5d2a994001567302786016cb32c?s=96&d=mm&r=g","caption":"joaograndao"}}]}},"amp_enabled":true,"_links":{"self":[{"href":"https:\/\/radiolifefm.com.br\/noticias\/wp-json\/wp\/v2\/posts\/28313","targetHints":{"allow":["GET"]}}],"collection":[{"href":"https:\/\/radiolifefm.com.br\/noticias\/wp-json\/wp\/v2\/posts"}],"about":[{"href":"https:\/\/radiolifefm.com.br\/noticias\/wp-json\/wp\/v2\/types\/post"}],"author":[{"embeddable":true,"href":"https:\/\/radiolifefm.com.br\/noticias\/wp-json\/wp\/v2\/users\/8"}],"replies":[{"embeddable":true,"href":"https:\/\/radiolifefm.com.br\/noticias\/wp-json\/wp\/v2\/comments?post=28313"}],"version-history":[{"count":1,"href":"https:\/\/radiolifefm.com.br\/noticias\/wp-json\/wp\/v2\/posts\/28313\/revisions"}],"predecessor-version":[{"id":28315,"href":"https:\/\/radiolifefm.com.br\/noticias\/wp-json\/wp\/v2\/posts\/28313\/revisions\/28315"}],"wp:featuredmedia":[{"embeddable":true,"href":"https:\/\/radiolifefm.com.br\/noticias\/wp-json\/wp\/v2\/media\/28314"}],"wp:attachment":[{"href":"https:\/\/radiolifefm.com.br\/noticias\/wp-json\/wp\/v2\/media?parent=28313"}],"wp:term":[{"taxonomy":"category","embeddable":true,"href":"https:\/\/radiolifefm.com.br\/noticias\/wp-json\/wp\/v2\/categories?post=28313"},{"taxonomy":"post_tag","embeddable":true,"href":"https:\/\/radiolifefm.com.br\/noticias\/wp-json\/wp\/v2\/tags?post=28313"}],"curies":[{"name":"wp","href":"https:\/\/api.w.org\/{rel}","templated":true}]}}