{"id":28243,"date":"2020-10-15T22:17:59","date_gmt":"2020-10-16T01:17:59","guid":{"rendered":"https:\/\/radiolifefm.com.br\/noticias\/?p=28243"},"modified":"2026-04-24T04:23:39","modified_gmt":"2026-04-24T07:23:39","slug":"carro-vai-parar-dentro-de-corrego-apos-cair-em-ribanceira-em-junqueiropolis-3-pessoas-ficam-feridas","status":"publish","type":"post","link":"https:\/\/radiolifefm.com.br\/noticias\/carro-vai-parar-dentro-de-corrego-apos-cair-em-ribanceira-em-junqueiropolis-3-pessoas-ficam-feridas\/","title":{"rendered":"Carro vai parar dentro de c\u00f3rrego ap\u00f3s cair em ribanceira em Junqueir\u00f3polis; 3 pessoas ficam feridas"},"content":{"rendered":"<div id=\"fb-root\"><\/div>\n<div class=\"mc-column content-text active-extra-styles \" data-block-type=\"unstyled\" data-block-weight=\"33\" data-block-id=\"2\">\n<p class=\"content-text__container \" data-track-category=\"Link no Texto\" data-track-links=\"\">Um carro caiu dentro de um c\u00f3rrego nesta quinta-feira (15), em\u00a0<a href=\"https:\/\/g1.globo.com\/sp\/presidente-prudente-regiao\/cidade\/junqueiropolis\/\">Junqueir\u00f3polis (SP)<\/a>.<\/p>\n<p class=\"content-text__container \" data-track-category=\"Link no Texto\" data-track-links=\"\">O acidente aconteceu no km 637 da Rodovia Comandante Jo\u00e3o Ribeiro de Barros (SP-294) e tr\u00eas pessoas tiveram ferimentos leves.<\/p>\n<\/div>\n<div class=\"wall protected-content\">\n<div class=\"mc-column content-text active-extra-styles \" data-block-type=\"unstyled\" data-block-weight=\"27\" data-block-id=\"3\">\n<p class=\"content-text__container \" data-track-category=\"Link no Texto\" data-track-links=\"\">De acordo com informa\u00e7\u00f5es da Pol\u00edcia Militar Rodovi\u00e1ria, o cap\u00f4 do ve\u00edculo abriu, o condutor perdeu o controle da dire\u00e7\u00e3o, saiu da pista e caiu na ribanceira.<\/p>\n<p data-track-category=\"Link no Texto\" data-track-links=\"\">Segundo a pol\u00edcia, chovia no momento do acidente.<\/p>\n<\/div>\n<div class=\"mc-column content-text active-extra-styles \" data-block-type=\"unstyled\" data-block-weight=\"8\" data-block-id=\"4\">\n<p class=\"content-text__container \" data-track-category=\"Link no Texto\" data-track-links=\"\">As tr\u00eas pessoas que estavam no autom\u00f3vel foram socorridas com ferimentos leves pelo Corpo de Bombeiros e pela concession\u00e1ria que administra a rodovia. Elas foram encaminhadas para a Santa Casa de Dracena (SP).<\/p>\n<\/div>\n<div class=\"mc-column content-text active-extra-styles \" data-block-type=\"unstyled\" data-block-weight=\"14\" data-block-id=\"6\">\n<p class=\"content-text__container \" data-track-category=\"Link no Texto\" data-track-links=\"\">A ribanceira tem tr\u00eas metros de altura e o c\u00f3rrego, dois metros de profundidade.<\/p>\n<\/div>\n<div class=\"mc-column content-text active-extra-styles \" data-block-type=\"unstyled\" data-block-weight=\"10\" data-block-id=\"7\">\n<p class=\"content-text__container \" data-track-category=\"Link no Texto\" data-track-links=\"\">Um trator foi utilizado para retirar o ve\u00edculo do c\u00f3rrego.<\/p>\n<\/div>\n<figure id=\"attachment_28244\" aria-describedby=\"caption-attachment-28244\" style=\"width: 300px\" class=\"wp-caption aligncenter\"><img loading=\"lazy\" decoding=\"async\" class=\"wp-image-28244 size-medium\" src=\"https:\/\/static.radiolifefm.com.br\/wp-content\/uploads\/sites\/2\/2020\/10\/carro-ribanceira-300x297.jpg\" alt=\"\" width=\"300\" height=\"297\" srcset=\"https:\/\/radiolifefm.com.br\/noticias\/wp-content\/uploads\/2020\/10\/carro-ribanceira-300x297.jpg 300w, https:\/\/radiolifefm.com.br\/noticias\/wp-content\/uploads\/2020\/10\/carro-ribanceira-150x150.jpg 150w, https:\/\/radiolifefm.com.br\/noticias\/wp-content\/uploads\/2020\/10\/carro-ribanceira-768x761.jpg 768w, https:\/\/radiolifefm.com.br\/noticias\/wp-content\/uploads\/2020\/10\/carro-ribanceira.jpg 984w\" sizes=\"auto, (max-width: 300px) 100vw, 300px\" \/><figcaption id=\"caption-attachment-28244\" class=\"wp-caption-text\">Ve\u00edculo foi tirado do c\u00f3rrego com a ajuda de um trator.<\/figcaption><\/figure>\n<p>Fonte: G1<\/p>\n<\/div>\n","protected":false},"excerpt":{"rendered":"<p>Um carro caiu dentro de um c\u00f3rrego nesta quinta-feira (15), em\u00a0Junqueir\u00f3polis (SP). O acidente aconteceu no km 637 da Rodovia Comandante Jo\u00e3o Ribeiro de Barros (SP-294) e tr\u00eas pessoas tiveram ferimentos leves. De acordo com informa\u00e7\u00f5es da Pol\u00edcia Militar Rodovi\u00e1ria, o cap\u00f4 do ve\u00edculo abriu, o condutor perdeu o controle da dire\u00e7\u00e3o, saiu da pista [&hellip;]<\/p>\n","protected":false},"author":8,"featured_media":28245,"comment_status":"closed","ping_status":"open","sticky":false,"template":"","format":"standard","meta":{"_acf_changed":false,"_exactmetrics_skip_tracking":false,"_exactmetrics_sitenote_active":false,"_exactmetrics_sitenote_note":"","_exactmetrics_sitenote_category":0,"footnotes":""},"categories":[24],"tags":[],"class_list":["post-28243","post","type-post","status-publish","format-standard","has-post-thumbnail","hentry","category-regiao"],"acf":[],"yoast_head":"<!-- This site is optimized with the Yoast SEO plugin v27.2 - https:\/\/yoast.com\/product\/yoast-seo-wordpress\/ -->\n<title>Carro vai parar dentro de c\u00f3rrego ap\u00f3s cair em ribanceira em Junqueir\u00f3polis; 3 pessoas ficam feridas - R\u00e1dio Life FM<\/title>\n<meta name=\"robots\" content=\"index, follow, max-snippet:-1, max-image-preview:large, max-video-preview:-1\" \/>\n<link rel=\"canonical\" href=\"https:\/\/radiolifefm.com.br\/noticias\/carro-vai-parar-dentro-de-corrego-apos-cair-em-ribanceira-em-junqueiropolis-3-pessoas-ficam-feridas\/\" \/>\n<meta property=\"og:locale\" content=\"pt_BR\" \/>\n<meta property=\"og:type\" content=\"article\" \/>\n<meta property=\"og:title\" content=\"Carro vai parar dentro de c\u00f3rrego ap\u00f3s cair em ribanceira em Junqueir\u00f3polis; 3 pessoas ficam feridas - R\u00e1dio Life FM\" \/>\n<meta property=\"og:description\" content=\"Um carro caiu dentro de um c\u00f3rrego nesta quinta-feira (15), em\u00a0Junqueir\u00f3polis (SP). O acidente aconteceu no km 637 da Rodovia Comandante Jo\u00e3o Ribeiro de Barros (SP-294) e tr\u00eas pessoas tiveram ferimentos leves. De acordo com informa\u00e7\u00f5es da Pol\u00edcia Militar Rodovi\u00e1ria, o cap\u00f4 do ve\u00edculo abriu, o condutor perdeu o controle da dire\u00e7\u00e3o, saiu da pista [&hellip;]\" \/>\n<meta property=\"og:url\" content=\"https:\/\/radiolifefm.com.br\/noticias\/carro-vai-parar-dentro-de-corrego-apos-cair-em-ribanceira-em-junqueiropolis-3-pessoas-ficam-feridas\/\" \/>\n<meta property=\"og:site_name\" content=\"R\u00e1dio Life FM\" \/>\n<meta property=\"article:publisher\" content=\"https:\/\/www.facebook.com\/radiolifefm\/\" \/>\n<meta property=\"article:published_time\" content=\"2020-10-16T01:17:59+00:00\" \/>\n<meta property=\"article:modified_time\" content=\"2026-04-24T07:23:39+00:00\" \/>\n<meta property=\"og:image\" content=\"https:\/\/radiolifefm.com.br\/noticias\/wp-content\/uploads\/2020\/10\/whatsapp-image-2020-10-15-at-17.38.49.jpeg\" \/>\n\t<meta property=\"og:image:width\" content=\"984\" \/>\n\t<meta property=\"og:image:height\" content=\"1174\" \/>\n\t<meta property=\"og:image:type\" content=\"image\/jpeg\" \/>\n<meta name=\"author\" content=\"joaograndao\" \/>\n<meta name=\"twitter:card\" content=\"summary_large_image\" \/>\n<meta name=\"twitter:label1\" content=\"Escrito por\" \/>\n\t<meta name=\"twitter:data1\" content=\"joaograndao\" \/>\n\t<meta name=\"twitter:label2\" content=\"Est. tempo de leitura\" \/>\n\t<meta name=\"twitter:data2\" content=\"1 minuto\" \/>\n<script type=\"application\/ld+json\" class=\"yoast-schema-graph\">{\"@context\":\"https:\/\/schema.org\",\"@graph\":[{\"@type\":\"Article\",\"@id\":\"https:\/\/radiolifefm.com.br\/noticias\/carro-vai-parar-dentro-de-corrego-apos-cair-em-ribanceira-em-junqueiropolis-3-pessoas-ficam-feridas\/#article\",\"isPartOf\":{\"@id\":\"https:\/\/radiolifefm.com.br\/noticias\/carro-vai-parar-dentro-de-corrego-apos-cair-em-ribanceira-em-junqueiropolis-3-pessoas-ficam-feridas\/\"},\"author\":{\"name\":\"joaograndao\",\"@id\":\"https:\/\/radiolifefm.com.br\/noticias\/#\/schema\/person\/6876e1240feffe6e1b63fd5cb85abf28\"},\"headline\":\"Carro vai parar dentro de c\u00f3rrego ap\u00f3s cair em ribanceira em Junqueir\u00f3polis; 3 pessoas ficam feridas\",\"datePublished\":\"2020-10-16T01:17:59+00:00\",\"dateModified\":\"2026-04-24T07:23:39+00:00\",\"mainEntityOfPage\":{\"@id\":\"https:\/\/radiolifefm.com.br\/noticias\/carro-vai-parar-dentro-de-corrego-apos-cair-em-ribanceira-em-junqueiropolis-3-pessoas-ficam-feridas\/\"},\"wordCount\":180,\"publisher\":{\"@id\":\"https:\/\/radiolifefm.com.br\/noticias\/#organization\"},\"image\":{\"@id\":\"https:\/\/radiolifefm.com.br\/noticias\/carro-vai-parar-dentro-de-corrego-apos-cair-em-ribanceira-em-junqueiropolis-3-pessoas-ficam-feridas\/#primaryimage\"},\"thumbnailUrl\":\"https:\/\/radiolifefm.com.br\/noticias\/wp-content\/uploads\/2020\/10\/whatsapp-image-2020-10-15-at-17.38.49.jpeg\",\"articleSection\":[\"Regi\u00e3o\"],\"inLanguage\":\"pt-BR\"},{\"@type\":\"WebPage\",\"@id\":\"https:\/\/radiolifefm.com.br\/noticias\/carro-vai-parar-dentro-de-corrego-apos-cair-em-ribanceira-em-junqueiropolis-3-pessoas-ficam-feridas\/\",\"url\":\"https:\/\/radiolifefm.com.br\/noticias\/carro-vai-parar-dentro-de-corrego-apos-cair-em-ribanceira-em-junqueiropolis-3-pessoas-ficam-feridas\/\",\"name\":\"Carro vai parar dentro de c\u00f3rrego ap\u00f3s cair em ribanceira em Junqueir\u00f3polis; 3 pessoas ficam feridas - R\u00e1dio Life FM\",\"isPartOf\":{\"@id\":\"https:\/\/radiolifefm.com.br\/noticias\/#website\"},\"primaryImageOfPage\":{\"@id\":\"https:\/\/radiolifefm.com.br\/noticias\/carro-vai-parar-dentro-de-corrego-apos-cair-em-ribanceira-em-junqueiropolis-3-pessoas-ficam-feridas\/#primaryimage\"},\"image\":{\"@id\":\"https:\/\/radiolifefm.com.br\/noticias\/carro-vai-parar-dentro-de-corrego-apos-cair-em-ribanceira-em-junqueiropolis-3-pessoas-ficam-feridas\/#primaryimage\"},\"thumbnailUrl\":\"https:\/\/radiolifefm.com.br\/noticias\/wp-content\/uploads\/2020\/10\/whatsapp-image-2020-10-15-at-17.38.49.jpeg\",\"datePublished\":\"2020-10-16T01:17:59+00:00\",\"dateModified\":\"2026-04-24T07:23:39+00:00\",\"breadcrumb\":{\"@id\":\"https:\/\/radiolifefm.com.br\/noticias\/carro-vai-parar-dentro-de-corrego-apos-cair-em-ribanceira-em-junqueiropolis-3-pessoas-ficam-feridas\/#breadcrumb\"},\"inLanguage\":\"pt-BR\",\"potentialAction\":[{\"@type\":\"ReadAction\",\"target\":[\"https:\/\/radiolifefm.com.br\/noticias\/carro-vai-parar-dentro-de-corrego-apos-cair-em-ribanceira-em-junqueiropolis-3-pessoas-ficam-feridas\/\"]}]},{\"@type\":\"ImageObject\",\"inLanguage\":\"pt-BR\",\"@id\":\"https:\/\/radiolifefm.com.br\/noticias\/carro-vai-parar-dentro-de-corrego-apos-cair-em-ribanceira-em-junqueiropolis-3-pessoas-ficam-feridas\/#primaryimage\",\"url\":\"https:\/\/radiolifefm.com.br\/noticias\/wp-content\/uploads\/2020\/10\/whatsapp-image-2020-10-15-at-17.38.49.jpeg\",\"contentUrl\":\"https:\/\/radiolifefm.com.br\/noticias\/wp-content\/uploads\/2020\/10\/whatsapp-image-2020-10-15-at-17.38.49.jpeg\",\"width\":984,\"height\":1174,\"caption\":\"Acidente aconteceu na Rodovia Comandante Jo\u00e3o Ribeiro de Barros (SP-294). Cap\u00f4 do ve\u00edculo abriu e motorista perdeu o controle da dire\u00e7\u00e3o.\"},{\"@type\":\"BreadcrumbList\",\"@id\":\"https:\/\/radiolifefm.com.br\/noticias\/carro-vai-parar-dentro-de-corrego-apos-cair-em-ribanceira-em-junqueiropolis-3-pessoas-ficam-feridas\/#breadcrumb\",\"itemListElement\":[{\"@type\":\"ListItem\",\"position\":1,\"name\":\"In\u00edcio\",\"item\":\"https:\/\/radiolifefm.com.br\/noticias\/\"},{\"@type\":\"ListItem\",\"position\":2,\"name\":\"Carro vai parar dentro de c\u00f3rrego ap\u00f3s cair em ribanceira em Junqueir\u00f3polis; 3 pessoas ficam feridas\"}]},{\"@type\":\"WebSite\",\"@id\":\"https:\/\/radiolifefm.com.br\/noticias\/#website\",\"url\":\"https:\/\/radiolifefm.com.br\/noticias\/\",\"name\":\"R\u00e1dio Life FM\",\"description\":\"O Portal de Not\u00edcias de Adamantina\",\"publisher\":{\"@id\":\"https:\/\/radiolifefm.com.br\/noticias\/#organization\"},\"alternateName\":\"Life FM\",\"potentialAction\":[{\"@type\":\"SearchAction\",\"target\":{\"@type\":\"EntryPoint\",\"urlTemplate\":\"https:\/\/radiolifefm.com.br\/noticias\/?s={search_term_string}\"},\"query-input\":{\"@type\":\"PropertyValueSpecification\",\"valueRequired\":true,\"valueName\":\"search_term_string\"}}],\"inLanguage\":\"pt-BR\"},{\"@type\":\"Organization\",\"@id\":\"https:\/\/radiolifefm.com.br\/noticias\/#organization\",\"name\":\"R\u00e1dio Life FM\",\"alternateName\":\"Life FM\",\"url\":\"https:\/\/radiolifefm.com.br\/noticias\/\",\"logo\":{\"@type\":\"ImageObject\",\"inLanguage\":\"pt-BR\",\"@id\":\"https:\/\/radiolifefm.com.br\/noticias\/#\/schema\/logo\/image\/\",\"url\":\"https:\/\/static.radiolifefm.com.br\/noticias\/wp-content\/uploads\/2019\/10\/logo-lifefm.png\",\"contentUrl\":\"https:\/\/static.radiolifefm.com.br\/noticias\/wp-content\/uploads\/2019\/10\/logo-lifefm.png\",\"width\":196,\"height\":47,\"caption\":\"R\u00e1dio Life FM\"},\"image\":{\"@id\":\"https:\/\/radiolifefm.com.br\/noticias\/#\/schema\/logo\/image\/\"},\"sameAs\":[\"https:\/\/www.facebook.com\/radiolifefm\/\",\"https:\/\/www.instagram.com\/life1079fm\/\"]},{\"@type\":\"Person\",\"@id\":\"https:\/\/radiolifefm.com.br\/noticias\/#\/schema\/person\/6876e1240feffe6e1b63fd5cb85abf28\",\"name\":\"joaograndao\",\"image\":{\"@type\":\"ImageObject\",\"inLanguage\":\"pt-BR\",\"@id\":\"https:\/\/secure.gravatar.com\/avatar\/d5b1a3cf357ed9c50404e256a1294083aa8ab5d2a994001567302786016cb32c?s=96&d=mm&r=g\",\"url\":\"https:\/\/secure.gravatar.com\/avatar\/d5b1a3cf357ed9c50404e256a1294083aa8ab5d2a994001567302786016cb32c?s=96&d=mm&r=g\",\"contentUrl\":\"https:\/\/secure.gravatar.com\/avatar\/d5b1a3cf357ed9c50404e256a1294083aa8ab5d2a994001567302786016cb32c?s=96&d=mm&r=g\",\"caption\":\"joaograndao\"}}]}<\/script>\n<!-- \/ Yoast SEO plugin. -->","yoast_head_json":{"title":"Carro vai parar dentro de c\u00f3rrego ap\u00f3s cair em ribanceira em Junqueir\u00f3polis; 3 pessoas ficam feridas - R\u00e1dio Life FM","robots":{"index":"index","follow":"follow","max-snippet":"max-snippet:-1","max-image-preview":"max-image-preview:large","max-video-preview":"max-video-preview:-1"},"canonical":"https:\/\/radiolifefm.com.br\/noticias\/carro-vai-parar-dentro-de-corrego-apos-cair-em-ribanceira-em-junqueiropolis-3-pessoas-ficam-feridas\/","og_locale":"pt_BR","og_type":"article","og_title":"Carro vai parar dentro de c\u00f3rrego ap\u00f3s cair em ribanceira em Junqueir\u00f3polis; 3 pessoas ficam feridas - R\u00e1dio Life FM","og_description":"Um carro caiu dentro de um c\u00f3rrego nesta quinta-feira (15), em\u00a0Junqueir\u00f3polis (SP). O acidente aconteceu no km 637 da Rodovia Comandante Jo\u00e3o Ribeiro de Barros (SP-294) e tr\u00eas pessoas tiveram ferimentos leves. De acordo com informa\u00e7\u00f5es da Pol\u00edcia Militar Rodovi\u00e1ria, o cap\u00f4 do ve\u00edculo abriu, o condutor perdeu o controle da dire\u00e7\u00e3o, saiu da pista [&hellip;]","og_url":"https:\/\/radiolifefm.com.br\/noticias\/carro-vai-parar-dentro-de-corrego-apos-cair-em-ribanceira-em-junqueiropolis-3-pessoas-ficam-feridas\/","og_site_name":"R\u00e1dio Life FM","article_publisher":"https:\/\/www.facebook.com\/radiolifefm\/","article_published_time":"2020-10-16T01:17:59+00:00","article_modified_time":"2026-04-24T07:23:39+00:00","og_image":[{"width":984,"height":1174,"url":"https:\/\/radiolifefm.com.br\/noticias\/wp-content\/uploads\/2020\/10\/whatsapp-image-2020-10-15-at-17.38.49.jpeg","type":"image\/jpeg"}],"author":"joaograndao","twitter_card":"summary_large_image","twitter_misc":{"Escrito por":"joaograndao","Est. tempo de leitura":"1 minuto"},"schema":{"@context":"https:\/\/schema.org","@graph":[{"@type":"Article","@id":"https:\/\/radiolifefm.com.br\/noticias\/carro-vai-parar-dentro-de-corrego-apos-cair-em-ribanceira-em-junqueiropolis-3-pessoas-ficam-feridas\/#article","isPartOf":{"@id":"https:\/\/radiolifefm.com.br\/noticias\/carro-vai-parar-dentro-de-corrego-apos-cair-em-ribanceira-em-junqueiropolis-3-pessoas-ficam-feridas\/"},"author":{"name":"joaograndao","@id":"https:\/\/radiolifefm.com.br\/noticias\/#\/schema\/person\/6876e1240feffe6e1b63fd5cb85abf28"},"headline":"Carro vai parar dentro de c\u00f3rrego ap\u00f3s cair em ribanceira em Junqueir\u00f3polis; 3 pessoas ficam feridas","datePublished":"2020-10-16T01:17:59+00:00","dateModified":"2026-04-24T07:23:39+00:00","mainEntityOfPage":{"@id":"https:\/\/radiolifefm.com.br\/noticias\/carro-vai-parar-dentro-de-corrego-apos-cair-em-ribanceira-em-junqueiropolis-3-pessoas-ficam-feridas\/"},"wordCount":180,"publisher":{"@id":"https:\/\/radiolifefm.com.br\/noticias\/#organization"},"image":{"@id":"https:\/\/radiolifefm.com.br\/noticias\/carro-vai-parar-dentro-de-corrego-apos-cair-em-ribanceira-em-junqueiropolis-3-pessoas-ficam-feridas\/#primaryimage"},"thumbnailUrl":"https:\/\/radiolifefm.com.br\/noticias\/wp-content\/uploads\/2020\/10\/whatsapp-image-2020-10-15-at-17.38.49.jpeg","articleSection":["Regi\u00e3o"],"inLanguage":"pt-BR"},{"@type":"WebPage","@id":"https:\/\/radiolifefm.com.br\/noticias\/carro-vai-parar-dentro-de-corrego-apos-cair-em-ribanceira-em-junqueiropolis-3-pessoas-ficam-feridas\/","url":"https:\/\/radiolifefm.com.br\/noticias\/carro-vai-parar-dentro-de-corrego-apos-cair-em-ribanceira-em-junqueiropolis-3-pessoas-ficam-feridas\/","name":"Carro vai parar dentro de c\u00f3rrego ap\u00f3s cair em ribanceira em Junqueir\u00f3polis; 3 pessoas ficam feridas - R\u00e1dio Life FM","isPartOf":{"@id":"https:\/\/radiolifefm.com.br\/noticias\/#website"},"primaryImageOfPage":{"@id":"https:\/\/radiolifefm.com.br\/noticias\/carro-vai-parar-dentro-de-corrego-apos-cair-em-ribanceira-em-junqueiropolis-3-pessoas-ficam-feridas\/#primaryimage"},"image":{"@id":"https:\/\/radiolifefm.com.br\/noticias\/carro-vai-parar-dentro-de-corrego-apos-cair-em-ribanceira-em-junqueiropolis-3-pessoas-ficam-feridas\/#primaryimage"},"thumbnailUrl":"https:\/\/radiolifefm.com.br\/noticias\/wp-content\/uploads\/2020\/10\/whatsapp-image-2020-10-15-at-17.38.49.jpeg","datePublished":"2020-10-16T01:17:59+00:00","dateModified":"2026-04-24T07:23:39+00:00","breadcrumb":{"@id":"https:\/\/radiolifefm.com.br\/noticias\/carro-vai-parar-dentro-de-corrego-apos-cair-em-ribanceira-em-junqueiropolis-3-pessoas-ficam-feridas\/#breadcrumb"},"inLanguage":"pt-BR","potentialAction":[{"@type":"ReadAction","target":["https:\/\/radiolifefm.com.br\/noticias\/carro-vai-parar-dentro-de-corrego-apos-cair-em-ribanceira-em-junqueiropolis-3-pessoas-ficam-feridas\/"]}]},{"@type":"ImageObject","inLanguage":"pt-BR","@id":"https:\/\/radiolifefm.com.br\/noticias\/carro-vai-parar-dentro-de-corrego-apos-cair-em-ribanceira-em-junqueiropolis-3-pessoas-ficam-feridas\/#primaryimage","url":"https:\/\/radiolifefm.com.br\/noticias\/wp-content\/uploads\/2020\/10\/whatsapp-image-2020-10-15-at-17.38.49.jpeg","contentUrl":"https:\/\/radiolifefm.com.br\/noticias\/wp-content\/uploads\/2020\/10\/whatsapp-image-2020-10-15-at-17.38.49.jpeg","width":984,"height":1174,"caption":"Acidente aconteceu na Rodovia Comandante Jo\u00e3o Ribeiro de Barros (SP-294). Cap\u00f4 do ve\u00edculo abriu e motorista perdeu o controle da dire\u00e7\u00e3o."},{"@type":"BreadcrumbList","@id":"https:\/\/radiolifefm.com.br\/noticias\/carro-vai-parar-dentro-de-corrego-apos-cair-em-ribanceira-em-junqueiropolis-3-pessoas-ficam-feridas\/#breadcrumb","itemListElement":[{"@type":"ListItem","position":1,"name":"In\u00edcio","item":"https:\/\/radiolifefm.com.br\/noticias\/"},{"@type":"ListItem","position":2,"name":"Carro vai parar dentro de c\u00f3rrego ap\u00f3s cair em ribanceira em Junqueir\u00f3polis; 3 pessoas ficam feridas"}]},{"@type":"WebSite","@id":"https:\/\/radiolifefm.com.br\/noticias\/#website","url":"https:\/\/radiolifefm.com.br\/noticias\/","name":"R\u00e1dio Life FM","description":"O Portal de Not\u00edcias de Adamantina","publisher":{"@id":"https:\/\/radiolifefm.com.br\/noticias\/#organization"},"alternateName":"Life FM","potentialAction":[{"@type":"SearchAction","target":{"@type":"EntryPoint","urlTemplate":"https:\/\/radiolifefm.com.br\/noticias\/?s={search_term_string}"},"query-input":{"@type":"PropertyValueSpecification","valueRequired":true,"valueName":"search_term_string"}}],"inLanguage":"pt-BR"},{"@type":"Organization","@id":"https:\/\/radiolifefm.com.br\/noticias\/#organization","name":"R\u00e1dio Life FM","alternateName":"Life FM","url":"https:\/\/radiolifefm.com.br\/noticias\/","logo":{"@type":"ImageObject","inLanguage":"pt-BR","@id":"https:\/\/radiolifefm.com.br\/noticias\/#\/schema\/logo\/image\/","url":"https:\/\/static.radiolifefm.com.br\/noticias\/wp-content\/uploads\/2019\/10\/logo-lifefm.png","contentUrl":"https:\/\/static.radiolifefm.com.br\/noticias\/wp-content\/uploads\/2019\/10\/logo-lifefm.png","width":196,"height":47,"caption":"R\u00e1dio Life FM"},"image":{"@id":"https:\/\/radiolifefm.com.br\/noticias\/#\/schema\/logo\/image\/"},"sameAs":["https:\/\/www.facebook.com\/radiolifefm\/","https:\/\/www.instagram.com\/life1079fm\/"]},{"@type":"Person","@id":"https:\/\/radiolifefm.com.br\/noticias\/#\/schema\/person\/6876e1240feffe6e1b63fd5cb85abf28","name":"joaograndao","image":{"@type":"ImageObject","inLanguage":"pt-BR","@id":"https:\/\/secure.gravatar.com\/avatar\/d5b1a3cf357ed9c50404e256a1294083aa8ab5d2a994001567302786016cb32c?s=96&d=mm&r=g","url":"https:\/\/secure.gravatar.com\/avatar\/d5b1a3cf357ed9c50404e256a1294083aa8ab5d2a994001567302786016cb32c?s=96&d=mm&r=g","contentUrl":"https:\/\/secure.gravatar.com\/avatar\/d5b1a3cf357ed9c50404e256a1294083aa8ab5d2a994001567302786016cb32c?s=96&d=mm&r=g","caption":"joaograndao"}}]}},"amp_enabled":true,"_links":{"self":[{"href":"https:\/\/radiolifefm.com.br\/noticias\/wp-json\/wp\/v2\/posts\/28243","targetHints":{"allow":["GET"]}}],"collection":[{"href":"https:\/\/radiolifefm.com.br\/noticias\/wp-json\/wp\/v2\/posts"}],"about":[{"href":"https:\/\/radiolifefm.com.br\/noticias\/wp-json\/wp\/v2\/types\/post"}],"author":[{"embeddable":true,"href":"https:\/\/radiolifefm.com.br\/noticias\/wp-json\/wp\/v2\/users\/8"}],"replies":[{"embeddable":true,"href":"https:\/\/radiolifefm.com.br\/noticias\/wp-json\/wp\/v2\/comments?post=28243"}],"version-history":[{"count":8,"href":"https:\/\/radiolifefm.com.br\/noticias\/wp-json\/wp\/v2\/posts\/28243\/revisions"}],"predecessor-version":[{"id":28253,"href":"https:\/\/radiolifefm.com.br\/noticias\/wp-json\/wp\/v2\/posts\/28243\/revisions\/28253"}],"wp:featuredmedia":[{"embeddable":true,"href":"https:\/\/radiolifefm.com.br\/noticias\/wp-json\/wp\/v2\/media\/28245"}],"wp:attachment":[{"href":"https:\/\/radiolifefm.com.br\/noticias\/wp-json\/wp\/v2\/media?parent=28243"}],"wp:term":[{"taxonomy":"category","embeddable":true,"href":"https:\/\/radiolifefm.com.br\/noticias\/wp-json\/wp\/v2\/categories?post=28243"},{"taxonomy":"post_tag","embeddable":true,"href":"https:\/\/radiolifefm.com.br\/noticias\/wp-json\/wp\/v2\/tags?post=28243"}],"curies":[{"name":"wp","href":"https:\/\/api.w.org\/{rel}","templated":true}]}}