{"id":28155,"date":"2020-10-14T08:26:59","date_gmt":"2020-10-14T11:26:59","guid":{"rendered":"https:\/\/radiolifefm.com.br\/noticias\/?p=28155"},"modified":"2026-04-24T07:11:10","modified_gmt":"2026-04-24T10:11:10","slug":"novo-proprietario-da-antiga-usina-floralco-concede-entrevista-e-fala-sobre-pagamentos-e-sua-reativacao","status":"publish","type":"post","link":"https:\/\/radiolifefm.com.br\/noticias\/novo-proprietario-da-antiga-usina-floralco-concede-entrevista-e-fala-sobre-pagamentos-e-sua-reativacao\/","title":{"rendered":"Novo propriet\u00e1rio da antiga Usina Floralco concede entrevista e fala sobre pagamentos e sua reativa\u00e7\u00e3o"},"content":{"rendered":"<div id=\"fb-root\"><\/div>\n<p>A compra da Usina Floralco, o pagamento de credores e ex-funcion\u00e1rios, investimentos e expectativas de seu funcionamento, foram temas de uma entrevista concedida com exclusividade pelo empres\u00e1rio Fernando Pereira Lopes ao jornalismo do Grupo Folha Regional (jornal, TV e site).<\/p>\n<p>Aproveitando a oportunidade, o empres\u00e1rio destacou que comprou a usina e terras em leil\u00e3o realizado pela Justi\u00e7a e que a quitou \u00e0 vista, mesmo tendo um prazo de cinco anos para pag\u00e1-la.<\/p>\n<p>Ele frisou tamb\u00e9m que os impostos da transa\u00e7\u00e3o de compra tamb\u00e9m foram pagos \u00e0 Prefeitura gerando receita aos cofres p\u00fablicos.<\/p>\n<p>\u201cFoi sem d\u00favida mais um grande neg\u00f3cio que fiz com felicidade e com a ci\u00eancia de que daria minha parcela para o crescimento da Cidade Amizade que t\u00e3o bem me acolheu. Pagamos o valor do lance dado no leil\u00e3o \u00e0 leiloeira, cumprindo com a nossa parte\u201d, destacou.<\/p>\n<p>Fernando fez quest\u00e3o de esclarecer ainda que muitas pessoas procuram seus funcion\u00e1rios e at\u00e9 mesmo questionam o motivo pelo qual os funcion\u00e1rios, credores e empresas ainda n\u00e3o receberam suas d\u00edvidas junto \u00e0 extinta Usina Floralco, por\u00e9m, isso n\u00e3o depende dele e sim das autoridades e pessoas respons\u00e1veis por cuidarem deste processo.<\/p>\n<p>\u201cDe minha parte foi pago o valor acordado. N\u00e3o tenho nenhuma d\u00edvida ou encargo sobre a compra da usina que tenha que ser honrado com a popula\u00e7\u00e3o; a usina n\u00e3o possui devedores e o passado de d\u00edvidas ficou para tr\u00e1s come\u00e7ando uma nova hist\u00f3ria que estamos escrevendo com muito trabalho e dedica\u00e7\u00e3o\u201d, frisou Fernando Pereira Lopes.<\/p>\n<p>INVESTIMENTOS E GERA\u00c7\u00c3O DE EMPREGOS<\/p>\n<p>O empres\u00e1rio relevou ainda, que desde a aquisi\u00e7\u00e3o da empresa e suas terras onde pagou R$ 53 milh\u00f5es, j\u00e1 foram investidos cerca de R$ 22 milh\u00f5es no manejo de terras, plantio e cultivo de cana-de-a\u00e7\u00facar e que este \u00e9 o primeiro passo para se projetar o retorno das atividades da ind\u00fastria de a\u00e7\u00facar e \u00e1lcool. Pessoas trabalhando, aquisi\u00e7\u00e3o de combust\u00edveis, materiais, equipamentos e m\u00e3o de obra da cidade est\u00e3o sendo priorizadas em todas as a\u00e7\u00f5es e servi\u00e7os desenvolvidos. \u201cN\u00e3o compramos nada fora, exceto aquilo que n\u00e3o encontramos aqui em Fl\u00f3rida Paulista. De medicamentos a insumos de cultivo, tudo \u00e9 adquirido no com\u00e9rcio floridense\u201d, revelou.<\/p>\n<p>O FUNCIONAMENTO DA USINA<\/p>\n<p>Perguntado sobre a possibilidade de funcionamento da usina, o empres\u00e1rio tamb\u00e9m revelou que est\u00e1 em conversa com dois grandes grupos que mostraram interesse em reativar as atividades do parque industrial e que est\u00e1 otimista, sendo que inclusive j\u00e1 h\u00e1 uma planilha de custos para sua manuten\u00e7\u00e3o visando seu funcionamento.<\/p>\n<p>A falta de mat\u00e9ria prima (cana) foi apontada como um primordial para o retorno das atividades.<\/p>\n<p>\u201cEstamos plantando, cultivando, adquirindo novas \u00e1reas, mantendo contato com propriet\u00e1rios rurais e buscando solu\u00e7\u00f5es para este importante detalhe, para que possamos contar com mat\u00e9ria prima, assim que haja o rein\u00edcio da moagem seja por mim ou por qualquer outro parceiro investidor\u201d, disse.<\/p>\n<p>Finalizando, Fernando agradeceu ao apoio e todo o suporte da Prefeitura e C\u00e2mara Municipal, aos colaboradores e principalmente \u00e0 popula\u00e7\u00e3o que acredita e que quer ver a \u201cfumacinha\u201d saindo novamente da caldeira da usina.<\/p>\n<p>\u201cTenham certeza, ningu\u00e9m mais do que eu est\u00e1 interessado em trazer de volta as atividades da usina e a prova disso \u00e9 o alto investimento em canaviais. Estamos fazendo o poss\u00edvel para que isso aconte\u00e7a, garantindo assim o progresso e uma mudan\u00e7a dr\u00e1stica e impactante na economia de Fl\u00f3rida Paulista\u201d, finalizou.<\/p>\n<p>Fonte: Folha Regional<\/p>\n","protected":false},"excerpt":{"rendered":"<p>A compra da Usina Floralco, o pagamento de credores e ex-funcion\u00e1rios, investimentos e expectativas de seu funcionamento, foram temas de uma entrevista concedida com exclusividade pelo empres\u00e1rio Fernando Pereira Lopes ao jornalismo do Grupo Folha Regional (jornal, TV e site). Aproveitando a oportunidade, o empres\u00e1rio destacou que comprou a usina e terras em leil\u00e3o realizado [&hellip;]<\/p>\n","protected":false},"author":8,"featured_media":28156,"comment_status":"closed","ping_status":"open","sticky":false,"template":"","format":"standard","meta":{"_acf_changed":false,"_exactmetrics_skip_tracking":false,"_exactmetrics_sitenote_active":false,"_exactmetrics_sitenote_note":"","_exactmetrics_sitenote_category":0,"footnotes":""},"categories":[24],"tags":[],"class_list":["post-28155","post","type-post","status-publish","format-standard","has-post-thumbnail","hentry","category-regiao"],"acf":[],"yoast_head":"<!-- This site is optimized with the Yoast SEO plugin v27.2 - https:\/\/yoast.com\/product\/yoast-seo-wordpress\/ -->\n<title>Novo propriet\u00e1rio da antiga Usina Floralco concede entrevista e fala sobre pagamentos e sua reativa\u00e7\u00e3o - R\u00e1dio Life FM<\/title>\n<meta name=\"robots\" content=\"index, follow, max-snippet:-1, max-image-preview:large, max-video-preview:-1\" \/>\n<link rel=\"canonical\" href=\"https:\/\/radiolifefm.com.br\/noticias\/novo-proprietario-da-antiga-usina-floralco-concede-entrevista-e-fala-sobre-pagamentos-e-sua-reativacao\/\" \/>\n<meta property=\"og:locale\" content=\"pt_BR\" \/>\n<meta property=\"og:type\" content=\"article\" \/>\n<meta property=\"og:title\" content=\"Novo propriet\u00e1rio da antiga Usina Floralco concede entrevista e fala sobre pagamentos e sua reativa\u00e7\u00e3o - R\u00e1dio Life FM\" \/>\n<meta property=\"og:description\" content=\"A compra da Usina Floralco, o pagamento de credores e ex-funcion\u00e1rios, investimentos e expectativas de seu funcionamento, foram temas de uma entrevista concedida com exclusividade pelo empres\u00e1rio Fernando Pereira Lopes ao jornalismo do Grupo Folha Regional (jornal, TV e site). Aproveitando a oportunidade, o empres\u00e1rio destacou que comprou a usina e terras em leil\u00e3o realizado [&hellip;]\" \/>\n<meta property=\"og:url\" content=\"https:\/\/radiolifefm.com.br\/noticias\/novo-proprietario-da-antiga-usina-floralco-concede-entrevista-e-fala-sobre-pagamentos-e-sua-reativacao\/\" \/>\n<meta property=\"og:site_name\" content=\"R\u00e1dio Life FM\" \/>\n<meta property=\"article:publisher\" content=\"https:\/\/www.facebook.com\/radiolifefm\/\" \/>\n<meta property=\"article:published_time\" content=\"2020-10-14T11:26:59+00:00\" \/>\n<meta property=\"article:modified_time\" content=\"2026-04-24T10:11:10+00:00\" \/>\n<meta property=\"og:image\" content=\"https:\/\/radiolifefm.com.br\/noticias\/wp-content\/uploads\/2020\/10\/F27.jpg\" \/>\n\t<meta property=\"og:image:width\" content=\"1000\" \/>\n\t<meta property=\"og:image:height\" content=\"664\" \/>\n\t<meta property=\"og:image:type\" content=\"image\/jpeg\" \/>\n<meta name=\"author\" content=\"joaograndao\" \/>\n<meta name=\"twitter:card\" content=\"summary_large_image\" \/>\n<meta name=\"twitter:label1\" content=\"Escrito por\" \/>\n\t<meta name=\"twitter:data1\" content=\"joaograndao\" \/>\n\t<meta name=\"twitter:label2\" content=\"Est. tempo de leitura\" \/>\n\t<meta name=\"twitter:data2\" content=\"3 minutos\" \/>\n<script type=\"application\/ld+json\" class=\"yoast-schema-graph\">{\"@context\":\"https:\/\/schema.org\",\"@graph\":[{\"@type\":\"Article\",\"@id\":\"https:\/\/radiolifefm.com.br\/noticias\/novo-proprietario-da-antiga-usina-floralco-concede-entrevista-e-fala-sobre-pagamentos-e-sua-reativacao\/#article\",\"isPartOf\":{\"@id\":\"https:\/\/radiolifefm.com.br\/noticias\/novo-proprietario-da-antiga-usina-floralco-concede-entrevista-e-fala-sobre-pagamentos-e-sua-reativacao\/\"},\"author\":{\"name\":\"joaograndao\",\"@id\":\"https:\/\/radiolifefm.com.br\/noticias\/#\/schema\/person\/6876e1240feffe6e1b63fd5cb85abf28\"},\"headline\":\"Novo propriet\u00e1rio da antiga Usina Floralco concede entrevista e fala sobre pagamentos e sua reativa\u00e7\u00e3o\",\"datePublished\":\"2020-10-14T11:26:59+00:00\",\"dateModified\":\"2026-04-24T10:11:10+00:00\",\"mainEntityOfPage\":{\"@id\":\"https:\/\/radiolifefm.com.br\/noticias\/novo-proprietario-da-antiga-usina-floralco-concede-entrevista-e-fala-sobre-pagamentos-e-sua-reativacao\/\"},\"wordCount\":627,\"publisher\":{\"@id\":\"https:\/\/radiolifefm.com.br\/noticias\/#organization\"},\"image\":{\"@id\":\"https:\/\/radiolifefm.com.br\/noticias\/novo-proprietario-da-antiga-usina-floralco-concede-entrevista-e-fala-sobre-pagamentos-e-sua-reativacao\/#primaryimage\"},\"thumbnailUrl\":\"https:\/\/radiolifefm.com.br\/noticias\/wp-content\/uploads\/2020\/10\/F27.jpg\",\"articleSection\":[\"Regi\u00e3o\"],\"inLanguage\":\"pt-BR\"},{\"@type\":\"WebPage\",\"@id\":\"https:\/\/radiolifefm.com.br\/noticias\/novo-proprietario-da-antiga-usina-floralco-concede-entrevista-e-fala-sobre-pagamentos-e-sua-reativacao\/\",\"url\":\"https:\/\/radiolifefm.com.br\/noticias\/novo-proprietario-da-antiga-usina-floralco-concede-entrevista-e-fala-sobre-pagamentos-e-sua-reativacao\/\",\"name\":\"Novo propriet\u00e1rio da antiga Usina Floralco concede entrevista e fala sobre pagamentos e sua reativa\u00e7\u00e3o - R\u00e1dio Life FM\",\"isPartOf\":{\"@id\":\"https:\/\/radiolifefm.com.br\/noticias\/#website\"},\"primaryImageOfPage\":{\"@id\":\"https:\/\/radiolifefm.com.br\/noticias\/novo-proprietario-da-antiga-usina-floralco-concede-entrevista-e-fala-sobre-pagamentos-e-sua-reativacao\/#primaryimage\"},\"image\":{\"@id\":\"https:\/\/radiolifefm.com.br\/noticias\/novo-proprietario-da-antiga-usina-floralco-concede-entrevista-e-fala-sobre-pagamentos-e-sua-reativacao\/#primaryimage\"},\"thumbnailUrl\":\"https:\/\/radiolifefm.com.br\/noticias\/wp-content\/uploads\/2020\/10\/F27.jpg\",\"datePublished\":\"2020-10-14T11:26:59+00:00\",\"dateModified\":\"2026-04-24T10:11:10+00:00\",\"breadcrumb\":{\"@id\":\"https:\/\/radiolifefm.com.br\/noticias\/novo-proprietario-da-antiga-usina-floralco-concede-entrevista-e-fala-sobre-pagamentos-e-sua-reativacao\/#breadcrumb\"},\"inLanguage\":\"pt-BR\",\"potentialAction\":[{\"@type\":\"ReadAction\",\"target\":[\"https:\/\/radiolifefm.com.br\/noticias\/novo-proprietario-da-antiga-usina-floralco-concede-entrevista-e-fala-sobre-pagamentos-e-sua-reativacao\/\"]}]},{\"@type\":\"ImageObject\",\"inLanguage\":\"pt-BR\",\"@id\":\"https:\/\/radiolifefm.com.br\/noticias\/novo-proprietario-da-antiga-usina-floralco-concede-entrevista-e-fala-sobre-pagamentos-e-sua-reativacao\/#primaryimage\",\"url\":\"https:\/\/radiolifefm.com.br\/noticias\/wp-content\/uploads\/2020\/10\/F27.jpg\",\"contentUrl\":\"https:\/\/radiolifefm.com.br\/noticias\/wp-content\/uploads\/2020\/10\/F27.jpg\",\"width\":1000,\"height\":664},{\"@type\":\"BreadcrumbList\",\"@id\":\"https:\/\/radiolifefm.com.br\/noticias\/novo-proprietario-da-antiga-usina-floralco-concede-entrevista-e-fala-sobre-pagamentos-e-sua-reativacao\/#breadcrumb\",\"itemListElement\":[{\"@type\":\"ListItem\",\"position\":1,\"name\":\"In\u00edcio\",\"item\":\"https:\/\/radiolifefm.com.br\/noticias\/\"},{\"@type\":\"ListItem\",\"position\":2,\"name\":\"Novo propriet\u00e1rio da antiga Usina Floralco concede entrevista e fala sobre pagamentos e sua reativa\u00e7\u00e3o\"}]},{\"@type\":\"WebSite\",\"@id\":\"https:\/\/radiolifefm.com.br\/noticias\/#website\",\"url\":\"https:\/\/radiolifefm.com.br\/noticias\/\",\"name\":\"R\u00e1dio Life FM\",\"description\":\"O Portal de Not\u00edcias de Adamantina\",\"publisher\":{\"@id\":\"https:\/\/radiolifefm.com.br\/noticias\/#organization\"},\"alternateName\":\"Life FM\",\"potentialAction\":[{\"@type\":\"SearchAction\",\"target\":{\"@type\":\"EntryPoint\",\"urlTemplate\":\"https:\/\/radiolifefm.com.br\/noticias\/?s={search_term_string}\"},\"query-input\":{\"@type\":\"PropertyValueSpecification\",\"valueRequired\":true,\"valueName\":\"search_term_string\"}}],\"inLanguage\":\"pt-BR\"},{\"@type\":\"Organization\",\"@id\":\"https:\/\/radiolifefm.com.br\/noticias\/#organization\",\"name\":\"R\u00e1dio Life FM\",\"alternateName\":\"Life FM\",\"url\":\"https:\/\/radiolifefm.com.br\/noticias\/\",\"logo\":{\"@type\":\"ImageObject\",\"inLanguage\":\"pt-BR\",\"@id\":\"https:\/\/radiolifefm.com.br\/noticias\/#\/schema\/logo\/image\/\",\"url\":\"https:\/\/static.radiolifefm.com.br\/noticias\/wp-content\/uploads\/2019\/10\/logo-lifefm.png\",\"contentUrl\":\"https:\/\/static.radiolifefm.com.br\/noticias\/wp-content\/uploads\/2019\/10\/logo-lifefm.png\",\"width\":196,\"height\":47,\"caption\":\"R\u00e1dio Life FM\"},\"image\":{\"@id\":\"https:\/\/radiolifefm.com.br\/noticias\/#\/schema\/logo\/image\/\"},\"sameAs\":[\"https:\/\/www.facebook.com\/radiolifefm\/\",\"https:\/\/www.instagram.com\/life1079fm\/\"]},{\"@type\":\"Person\",\"@id\":\"https:\/\/radiolifefm.com.br\/noticias\/#\/schema\/person\/6876e1240feffe6e1b63fd5cb85abf28\",\"name\":\"joaograndao\",\"image\":{\"@type\":\"ImageObject\",\"inLanguage\":\"pt-BR\",\"@id\":\"https:\/\/secure.gravatar.com\/avatar\/d5b1a3cf357ed9c50404e256a1294083aa8ab5d2a994001567302786016cb32c?s=96&d=mm&r=g\",\"url\":\"https:\/\/secure.gravatar.com\/avatar\/d5b1a3cf357ed9c50404e256a1294083aa8ab5d2a994001567302786016cb32c?s=96&d=mm&r=g\",\"contentUrl\":\"https:\/\/secure.gravatar.com\/avatar\/d5b1a3cf357ed9c50404e256a1294083aa8ab5d2a994001567302786016cb32c?s=96&d=mm&r=g\",\"caption\":\"joaograndao\"}}]}<\/script>\n<!-- \/ Yoast SEO plugin. -->","yoast_head_json":{"title":"Novo propriet\u00e1rio da antiga Usina Floralco concede entrevista e fala sobre pagamentos e sua reativa\u00e7\u00e3o - R\u00e1dio Life FM","robots":{"index":"index","follow":"follow","max-snippet":"max-snippet:-1","max-image-preview":"max-image-preview:large","max-video-preview":"max-video-preview:-1"},"canonical":"https:\/\/radiolifefm.com.br\/noticias\/novo-proprietario-da-antiga-usina-floralco-concede-entrevista-e-fala-sobre-pagamentos-e-sua-reativacao\/","og_locale":"pt_BR","og_type":"article","og_title":"Novo propriet\u00e1rio da antiga Usina Floralco concede entrevista e fala sobre pagamentos e sua reativa\u00e7\u00e3o - R\u00e1dio Life FM","og_description":"A compra da Usina Floralco, o pagamento de credores e ex-funcion\u00e1rios, investimentos e expectativas de seu funcionamento, foram temas de uma entrevista concedida com exclusividade pelo empres\u00e1rio Fernando Pereira Lopes ao jornalismo do Grupo Folha Regional (jornal, TV e site). Aproveitando a oportunidade, o empres\u00e1rio destacou que comprou a usina e terras em leil\u00e3o realizado [&hellip;]","og_url":"https:\/\/radiolifefm.com.br\/noticias\/novo-proprietario-da-antiga-usina-floralco-concede-entrevista-e-fala-sobre-pagamentos-e-sua-reativacao\/","og_site_name":"R\u00e1dio Life FM","article_publisher":"https:\/\/www.facebook.com\/radiolifefm\/","article_published_time":"2020-10-14T11:26:59+00:00","article_modified_time":"2026-04-24T10:11:10+00:00","og_image":[{"width":1000,"height":664,"url":"https:\/\/radiolifefm.com.br\/noticias\/wp-content\/uploads\/2020\/10\/F27.jpg","type":"image\/jpeg"}],"author":"joaograndao","twitter_card":"summary_large_image","twitter_misc":{"Escrito por":"joaograndao","Est. tempo de leitura":"3 minutos"},"schema":{"@context":"https:\/\/schema.org","@graph":[{"@type":"Article","@id":"https:\/\/radiolifefm.com.br\/noticias\/novo-proprietario-da-antiga-usina-floralco-concede-entrevista-e-fala-sobre-pagamentos-e-sua-reativacao\/#article","isPartOf":{"@id":"https:\/\/radiolifefm.com.br\/noticias\/novo-proprietario-da-antiga-usina-floralco-concede-entrevista-e-fala-sobre-pagamentos-e-sua-reativacao\/"},"author":{"name":"joaograndao","@id":"https:\/\/radiolifefm.com.br\/noticias\/#\/schema\/person\/6876e1240feffe6e1b63fd5cb85abf28"},"headline":"Novo propriet\u00e1rio da antiga Usina Floralco concede entrevista e fala sobre pagamentos e sua reativa\u00e7\u00e3o","datePublished":"2020-10-14T11:26:59+00:00","dateModified":"2026-04-24T10:11:10+00:00","mainEntityOfPage":{"@id":"https:\/\/radiolifefm.com.br\/noticias\/novo-proprietario-da-antiga-usina-floralco-concede-entrevista-e-fala-sobre-pagamentos-e-sua-reativacao\/"},"wordCount":627,"publisher":{"@id":"https:\/\/radiolifefm.com.br\/noticias\/#organization"},"image":{"@id":"https:\/\/radiolifefm.com.br\/noticias\/novo-proprietario-da-antiga-usina-floralco-concede-entrevista-e-fala-sobre-pagamentos-e-sua-reativacao\/#primaryimage"},"thumbnailUrl":"https:\/\/radiolifefm.com.br\/noticias\/wp-content\/uploads\/2020\/10\/F27.jpg","articleSection":["Regi\u00e3o"],"inLanguage":"pt-BR"},{"@type":"WebPage","@id":"https:\/\/radiolifefm.com.br\/noticias\/novo-proprietario-da-antiga-usina-floralco-concede-entrevista-e-fala-sobre-pagamentos-e-sua-reativacao\/","url":"https:\/\/radiolifefm.com.br\/noticias\/novo-proprietario-da-antiga-usina-floralco-concede-entrevista-e-fala-sobre-pagamentos-e-sua-reativacao\/","name":"Novo propriet\u00e1rio da antiga Usina Floralco concede entrevista e fala sobre pagamentos e sua reativa\u00e7\u00e3o - R\u00e1dio Life FM","isPartOf":{"@id":"https:\/\/radiolifefm.com.br\/noticias\/#website"},"primaryImageOfPage":{"@id":"https:\/\/radiolifefm.com.br\/noticias\/novo-proprietario-da-antiga-usina-floralco-concede-entrevista-e-fala-sobre-pagamentos-e-sua-reativacao\/#primaryimage"},"image":{"@id":"https:\/\/radiolifefm.com.br\/noticias\/novo-proprietario-da-antiga-usina-floralco-concede-entrevista-e-fala-sobre-pagamentos-e-sua-reativacao\/#primaryimage"},"thumbnailUrl":"https:\/\/radiolifefm.com.br\/noticias\/wp-content\/uploads\/2020\/10\/F27.jpg","datePublished":"2020-10-14T11:26:59+00:00","dateModified":"2026-04-24T10:11:10+00:00","breadcrumb":{"@id":"https:\/\/radiolifefm.com.br\/noticias\/novo-proprietario-da-antiga-usina-floralco-concede-entrevista-e-fala-sobre-pagamentos-e-sua-reativacao\/#breadcrumb"},"inLanguage":"pt-BR","potentialAction":[{"@type":"ReadAction","target":["https:\/\/radiolifefm.com.br\/noticias\/novo-proprietario-da-antiga-usina-floralco-concede-entrevista-e-fala-sobre-pagamentos-e-sua-reativacao\/"]}]},{"@type":"ImageObject","inLanguage":"pt-BR","@id":"https:\/\/radiolifefm.com.br\/noticias\/novo-proprietario-da-antiga-usina-floralco-concede-entrevista-e-fala-sobre-pagamentos-e-sua-reativacao\/#primaryimage","url":"https:\/\/radiolifefm.com.br\/noticias\/wp-content\/uploads\/2020\/10\/F27.jpg","contentUrl":"https:\/\/radiolifefm.com.br\/noticias\/wp-content\/uploads\/2020\/10\/F27.jpg","width":1000,"height":664},{"@type":"BreadcrumbList","@id":"https:\/\/radiolifefm.com.br\/noticias\/novo-proprietario-da-antiga-usina-floralco-concede-entrevista-e-fala-sobre-pagamentos-e-sua-reativacao\/#breadcrumb","itemListElement":[{"@type":"ListItem","position":1,"name":"In\u00edcio","item":"https:\/\/radiolifefm.com.br\/noticias\/"},{"@type":"ListItem","position":2,"name":"Novo propriet\u00e1rio da antiga Usina Floralco concede entrevista e fala sobre pagamentos e sua reativa\u00e7\u00e3o"}]},{"@type":"WebSite","@id":"https:\/\/radiolifefm.com.br\/noticias\/#website","url":"https:\/\/radiolifefm.com.br\/noticias\/","name":"R\u00e1dio Life FM","description":"O Portal de Not\u00edcias de Adamantina","publisher":{"@id":"https:\/\/radiolifefm.com.br\/noticias\/#organization"},"alternateName":"Life FM","potentialAction":[{"@type":"SearchAction","target":{"@type":"EntryPoint","urlTemplate":"https:\/\/radiolifefm.com.br\/noticias\/?s={search_term_string}"},"query-input":{"@type":"PropertyValueSpecification","valueRequired":true,"valueName":"search_term_string"}}],"inLanguage":"pt-BR"},{"@type":"Organization","@id":"https:\/\/radiolifefm.com.br\/noticias\/#organization","name":"R\u00e1dio Life FM","alternateName":"Life FM","url":"https:\/\/radiolifefm.com.br\/noticias\/","logo":{"@type":"ImageObject","inLanguage":"pt-BR","@id":"https:\/\/radiolifefm.com.br\/noticias\/#\/schema\/logo\/image\/","url":"https:\/\/static.radiolifefm.com.br\/noticias\/wp-content\/uploads\/2019\/10\/logo-lifefm.png","contentUrl":"https:\/\/static.radiolifefm.com.br\/noticias\/wp-content\/uploads\/2019\/10\/logo-lifefm.png","width":196,"height":47,"caption":"R\u00e1dio Life FM"},"image":{"@id":"https:\/\/radiolifefm.com.br\/noticias\/#\/schema\/logo\/image\/"},"sameAs":["https:\/\/www.facebook.com\/radiolifefm\/","https:\/\/www.instagram.com\/life1079fm\/"]},{"@type":"Person","@id":"https:\/\/radiolifefm.com.br\/noticias\/#\/schema\/person\/6876e1240feffe6e1b63fd5cb85abf28","name":"joaograndao","image":{"@type":"ImageObject","inLanguage":"pt-BR","@id":"https:\/\/secure.gravatar.com\/avatar\/d5b1a3cf357ed9c50404e256a1294083aa8ab5d2a994001567302786016cb32c?s=96&d=mm&r=g","url":"https:\/\/secure.gravatar.com\/avatar\/d5b1a3cf357ed9c50404e256a1294083aa8ab5d2a994001567302786016cb32c?s=96&d=mm&r=g","contentUrl":"https:\/\/secure.gravatar.com\/avatar\/d5b1a3cf357ed9c50404e256a1294083aa8ab5d2a994001567302786016cb32c?s=96&d=mm&r=g","caption":"joaograndao"}}]}},"amp_enabled":true,"_links":{"self":[{"href":"https:\/\/radiolifefm.com.br\/noticias\/wp-json\/wp\/v2\/posts\/28155","targetHints":{"allow":["GET"]}}],"collection":[{"href":"https:\/\/radiolifefm.com.br\/noticias\/wp-json\/wp\/v2\/posts"}],"about":[{"href":"https:\/\/radiolifefm.com.br\/noticias\/wp-json\/wp\/v2\/types\/post"}],"author":[{"embeddable":true,"href":"https:\/\/radiolifefm.com.br\/noticias\/wp-json\/wp\/v2\/users\/8"}],"replies":[{"embeddable":true,"href":"https:\/\/radiolifefm.com.br\/noticias\/wp-json\/wp\/v2\/comments?post=28155"}],"version-history":[{"count":2,"href":"https:\/\/radiolifefm.com.br\/noticias\/wp-json\/wp\/v2\/posts\/28155\/revisions"}],"predecessor-version":[{"id":28158,"href":"https:\/\/radiolifefm.com.br\/noticias\/wp-json\/wp\/v2\/posts\/28155\/revisions\/28158"}],"wp:featuredmedia":[{"embeddable":true,"href":"https:\/\/radiolifefm.com.br\/noticias\/wp-json\/wp\/v2\/media\/28156"}],"wp:attachment":[{"href":"https:\/\/radiolifefm.com.br\/noticias\/wp-json\/wp\/v2\/media?parent=28155"}],"wp:term":[{"taxonomy":"category","embeddable":true,"href":"https:\/\/radiolifefm.com.br\/noticias\/wp-json\/wp\/v2\/categories?post=28155"},{"taxonomy":"post_tag","embeddable":true,"href":"https:\/\/radiolifefm.com.br\/noticias\/wp-json\/wp\/v2\/tags?post=28155"}],"curies":[{"name":"wp","href":"https:\/\/api.w.org\/{rel}","templated":true}]}}