{"id":27926,"date":"2020-10-07T09:32:46","date_gmt":"2020-10-07T12:32:46","guid":{"rendered":"https:\/\/radiolifefm.com.br\/noticias\/?p=27926"},"modified":"2026-04-27T14:44:40","modified_gmt":"2026-04-27T17:44:40","slug":"floridense-faz-pedido-antes-de-morrer-vitima-de-cancer-e-chopp-e-servido-durante-seu-velorio","status":"publish","type":"post","link":"https:\/\/radiolifefm.com.br\/noticias\/floridense-faz-pedido-antes-de-morrer-vitima-de-cancer-e-chopp-e-servido-durante-seu-velorio\/","title":{"rendered":"Floridense faz pedido antes de morrer v\u00edtima de c\u00e2ncer e chopp \u00e9 servido durante seu vel\u00f3rio"},"content":{"rendered":"<div id=\"fb-root\"><\/div>\n<div class=\"mc-column content-text active-extra-styles \" data-block-type=\"unstyled\" data-block-weight=\"77\" data-block-id=\"2\">\n<p class=\"content-text__container \" data-track-category=\"Link no Texto\" data-track-links=\"\">Um vel\u00f3rio realizado nesta ter\u00e7a-feira (6) chamou a aten\u00e7\u00e3o em\u00a0Fl\u00f3rida Paulista. O motivo foram dois barris de chope colocados no local para familiares e amigos que foram se despedir de Ari Gon\u00e7alves Soares, de 56 anos, que morreu na noite da segunda-feira (5).\u00a0<span class=\"highlight highlighted\">A bebida durante o vel\u00f3rio nem de longe representava indiferen\u00e7a com a morte do empres\u00e1rio, mas, pelo contr\u00e1rio, a inten\u00e7\u00e3o foi atender a um pedido feito por ele pr\u00f3prio ainda em vida.<\/span><\/p>\n<\/div>\n<div class=\"wall protected-content\">\n<div class=\"mc-column content-text active-extra-styles \" data-block-type=\"unstyled\" data-block-weight=\"32\" data-block-id=\"3\">\n<p class=\"content-text__container \" data-track-category=\"Link no Texto\" data-track-links=\"\">O amigo Ramon de Oliveira Dellaqua foi quem contratou o servi\u00e7o. At\u00e9 a marca do chope que seria servido durante o vel\u00f3rio foi escolhida por Soares, que teve seu pedido atendido.<\/p>\n<p>\u201cEle sempre falava sobre esse desejo. Ari era uma pessoa positiva, alegre, feliz, extrovertida e era dessa forma que ele queria que fosse sua despedida, sem tristeza e dor\u201d, contou Dellaqua.<\/p>\n<\/div>\n<div class=\"mc-column content-text active-extra-styles \" data-block-type=\"unstyled\" data-block-weight=\"28\" data-block-id=\"5\">\n<p class=\"content-text__container \" data-track-category=\"Link no Texto\" data-track-links=\"\">Al\u00e9m da bebida no momento de despedida, o empres\u00e1rio tamb\u00e9m pediu que o seu corpo fosse cremado. O desejo, conforme contou Dellaqua, tamb\u00e9m foi realizado.<\/p>\n<\/div>\n<div class=\"mc-column content-text active-extra-styles \" data-block-type=\"unstyled\" data-block-weight=\"46\" data-block-id=\"6\">\n<p class=\"content-text__container \" data-track-category=\"Link no Texto\" data-track-links=\"\">\u201cQuando o vel\u00f3rio terminou, o corpo foi encaminhado a Ara\u00e7atuba [SP], para a crema\u00e7\u00e3o.\u00a0<span class=\"highlight highlighted\">Posteriormente, as cinzas v\u00e3o ser jogadas no mar, em Balne\u00e1rio Cambori\u00fa [SC]. Essa decis\u00e3o foi dos amigos mais pr\u00f3ximos, pois, como ele gostava muito de viajar, imaginamos que ficaria feliz\u201d, falou<\/span>.<\/p>\n<\/div>\n<p data-track-category=\"Link no Texto\" data-track-links=\"\"><img loading=\"lazy\" decoding=\"async\" class=\"aligncenter wp-image-27927 size-medium\" src=\"https:\/\/static.radiolifefm.com.br\/wp-content\/uploads\/sites\/2\/2020\/10\/whatsapp-image-2020-10-06-at-16.14.29-300x188.jpeg\" alt=\"\" width=\"300\" height=\"188\" srcset=\"https:\/\/radiolifefm.com.br\/noticias\/wp-content\/uploads\/2020\/10\/whatsapp-image-2020-10-06-at-16.14.29-300x188.jpeg 300w, https:\/\/radiolifefm.com.br\/noticias\/wp-content\/uploads\/2020\/10\/whatsapp-image-2020-10-06-at-16.14.29.jpeg 620w\" sizes=\"auto, (max-width: 300px) 100vw, 300px\" \/><\/p>\n<\/div>\n<div class=\"mc-column content-text active-extra-styles \" data-block-type=\"unstyled\" data-block-weight=\"42\" data-block-id=\"9\">\n<p class=\"content-text__container \" data-track-category=\"Link no Texto\" data-track-links=\"\">Soares lutava contra um c\u00e2ncer no p\u00e2ncreas, mas n\u00e3o resistiu. Mesmo diante de toda a batalha que enfrentou em vida, quando partisse, queria todos alegres, pois, apesar das dificuldades que viveu, sempre manteve o sorriso no rosto e a alegria constante.<\/p>\n<\/div>\n<div class=\"mc-column content-text active-extra-styles \" data-block-type=\"unstyled\" data-block-weight=\"26\" data-block-id=\"10\">\n<p class=\"content-text__container \" data-track-category=\"Link no Texto\" data-track-links=\"\"><span class=\"highlight highlighted\">\u201cAs coisas aconteceram como ele queria. N\u00f3s bebemos e relembramos todas as hist\u00f3rias boas que vivemos com ele, sem tristeza e negatividade\u201d, disse Dellaqua.<\/span><\/p>\n<\/div>\n<div class=\"mc-column content-text active-extra-styles \" data-block-type=\"unstyled\" data-block-weight=\"18\" data-block-id=\"11\">\n<p class=\"content-text__container \" data-track-category=\"Link no Texto\" data-track-links=\"\">O amigo ainda contou que algumas pessoas n\u00e3o entenderam a atitude e que isso at\u00e9 gerou cr\u00edticas.<\/p>\n<p>\u201cPessoas que n\u00e3o tinham conhecimento do desejo do Ari fizeram cr\u00edticas em redes sociais e julgaram o que foi feito. Isso n\u00e3o importa. O que importa \u00e9 que realizamos o que ele mais queria\u201d, ressaltou.<\/p>\n<div class=\"mc-column content-text active-extra-styles \" data-block-type=\"unstyled\" data-block-weight=\"12\" data-block-id=\"16\">\n<p class=\"content-text__container \" data-track-category=\"Link no Texto\" data-track-links=\"\">Dellaqua contratou uma empresa de\u00a0Adamantina\u00a0para realizar o servi\u00e7o.<\/p>\n<\/div>\n<div class=\"mc-column content-text active-extra-styles \" data-block-type=\"unstyled\" data-block-weight=\"27\" data-block-id=\"17\">\n<p class=\"content-text__container \" data-track-category=\"Link no Texto\" data-track-links=\"\">O propriet\u00e1rio da choperia, Luiz Alexandre Santos Hagui, falou\u00a0que de in\u00edcio pensou que seria uma brincadeira, mas depois percebeu que realmente era verdade.<\/p>\n<p>\u201cFoi uma experi\u00eancia diferenciada. N\u00e3o imaginava que isso aconteceria, pois nunca tinha oferecido esse tipo de servi\u00e7o. Mas depois entendi que era a vontade do Ari e que ele queria as pessoas felizes\u201d, contou.<\/p>\n<\/div>\n<div class=\"mc-column content-text active-extra-styles \" data-block-type=\"unstyled\" data-block-weight=\"20\" data-block-id=\"19\">\n<p class=\"content-text__container \" data-track-category=\"Link no Texto\" data-track-links=\"\">Hagui tamb\u00e9m disse\u00a0que diversas pessoas o contataram questionando sobre o servi\u00e7o oferecido, pois gerou bastante curiosidade.<\/p>\n<\/div>\n<div class=\"mc-column content-text active-extra-styles \" data-block-type=\"unstyled\" data-block-weight=\"27\" data-block-id=\"20\">\n<p class=\"content-text__container \" data-track-category=\"Link no Texto\" data-track-links=\"\">No vel\u00f3rio, foram colocados dois barris de chope \u00e0 disposi\u00e7\u00e3o das pessoas que se despediram de Ari, cada um com 50 litros, totalizando 100 litros da bebida.<\/p>\n<\/div>\n<p data-track-category=\"Link no Texto\" data-track-links=\"\"><img loading=\"lazy\" decoding=\"async\" class=\"aligncenter size-medium wp-image-27928\" src=\"https:\/\/static.radiolifefm.com.br\/wp-content\/uploads\/sites\/2\/2020\/10\/whatsapp-image-2020-10-06-at-16.06.23-276x300.jpeg\" alt=\"\" width=\"276\" height=\"300\" srcset=\"https:\/\/radiolifefm.com.br\/noticias\/wp-content\/uploads\/2020\/10\/whatsapp-image-2020-10-06-at-16.06.23-276x300.jpeg 276w, https:\/\/radiolifefm.com.br\/noticias\/wp-content\/uploads\/2020\/10\/whatsapp-image-2020-10-06-at-16.06.23.jpeg 621w\" sizes=\"auto, (max-width: 276px) 100vw, 276px\" \/><\/p>\n<\/div>\n<div class=\"mc-column content-text active-extra-styles \" data-block-type=\"unstyled\" data-block-weight=\"24\" data-block-id=\"23\">\n<p class=\"content-text__container \" data-track-category=\"Link no Texto\" data-track-links=\"\">Ari Gon\u00e7alves Soares, de 56 anos, morreu na noite desta segunda-feira (5), na Santa Casa de Miseric\u00f3rdia de Fl\u00f3rida Paulista, onde estava internado.<\/p>\n<\/div>\n<div class=\"mc-column content-text active-extra-styles \" data-block-type=\"unstyled\" data-block-weight=\"23\" data-block-id=\"24\">\n<p class=\"content-text__container \" data-track-category=\"Link no Texto\" data-track-links=\"\">O corpo do empres\u00e1rio foi velado em Fl\u00f3rida Paulista, das 9h \u00e0s 12h. Posteriormente, foi levado \u00e0\u00a0Ara\u00e7atuba, onde foi cremado.<\/p>\n<\/div>\n<div class=\"mc-column content-text active-extra-styles \" data-block-type=\"unstyled\" data-block-weight=\"11\" data-block-id=\"25\">\n<p class=\"content-text__container \" data-track-category=\"Link no Texto\" data-track-links=\"\">Ari deixou esposa e dois filhos, de 24 e 32 anos.<\/p>\n<\/div>\n<p data-track-category=\"Link no Texto\" data-track-links=\"\"><img loading=\"lazy\" decoding=\"async\" class=\"aligncenter size-medium wp-image-27929\" src=\"https:\/\/static.radiolifefm.com.br\/wp-content\/uploads\/sites\/2\/2020\/10\/whatsapp-image-2020-10-06-at-16.06.47-264x300.jpeg\" alt=\"\" width=\"264\" height=\"300\" srcset=\"https:\/\/radiolifefm.com.br\/noticias\/wp-content\/uploads\/2020\/10\/whatsapp-image-2020-10-06-at-16.06.47-264x300.jpeg 264w, https:\/\/radiolifefm.com.br\/noticias\/wp-content\/uploads\/2020\/10\/whatsapp-image-2020-10-06-at-16.06.47.jpeg 629w\" sizes=\"auto, (max-width: 264px) 100vw, 264px\" \/><br \/>\nFonte: Folha Regional<\/p>\n","protected":false},"excerpt":{"rendered":"<p>Um vel\u00f3rio realizado nesta ter\u00e7a-feira (6) chamou a aten\u00e7\u00e3o em\u00a0Fl\u00f3rida Paulista. O motivo foram dois barris de chope colocados no local para familiares e amigos que foram se despedir de Ari Gon\u00e7alves Soares, de 56 anos, que morreu na noite da segunda-feira (5).\u00a0A bebida durante o vel\u00f3rio nem de longe representava indiferen\u00e7a com a morte [&hellip;]<\/p>\n","protected":false},"author":8,"featured_media":27930,"comment_status":"closed","ping_status":"open","sticky":false,"template":"","format":"standard","meta":{"_acf_changed":false,"_exactmetrics_skip_tracking":false,"_exactmetrics_sitenote_active":false,"_exactmetrics_sitenote_note":"","_exactmetrics_sitenote_category":0,"footnotes":""},"categories":[24],"tags":[],"class_list":["post-27926","post","type-post","status-publish","format-standard","has-post-thumbnail","hentry","category-regiao"],"acf":[],"yoast_head":"<!-- This site is optimized with the Yoast SEO plugin v27.2 - https:\/\/yoast.com\/product\/yoast-seo-wordpress\/ -->\n<title>Floridense faz pedido antes de morrer v\u00edtima de c\u00e2ncer e chopp \u00e9 servido durante seu vel\u00f3rio - R\u00e1dio Life FM<\/title>\n<meta name=\"robots\" content=\"index, follow, max-snippet:-1, max-image-preview:large, max-video-preview:-1\" \/>\n<link rel=\"canonical\" href=\"https:\/\/radiolifefm.com.br\/noticias\/floridense-faz-pedido-antes-de-morrer-vitima-de-cancer-e-chopp-e-servido-durante-seu-velorio\/\" \/>\n<meta property=\"og:locale\" content=\"pt_BR\" \/>\n<meta property=\"og:type\" content=\"article\" \/>\n<meta property=\"og:title\" content=\"Floridense faz pedido antes de morrer v\u00edtima de c\u00e2ncer e chopp \u00e9 servido durante seu vel\u00f3rio - R\u00e1dio Life FM\" \/>\n<meta property=\"og:description\" content=\"Um vel\u00f3rio realizado nesta ter\u00e7a-feira (6) chamou a aten\u00e7\u00e3o em\u00a0Fl\u00f3rida Paulista. O motivo foram dois barris de chope colocados no local para familiares e amigos que foram se despedir de Ari Gon\u00e7alves Soares, de 56 anos, que morreu na noite da segunda-feira (5).\u00a0A bebida durante o vel\u00f3rio nem de longe representava indiferen\u00e7a com a morte [&hellip;]\" \/>\n<meta property=\"og:url\" content=\"https:\/\/radiolifefm.com.br\/noticias\/floridense-faz-pedido-antes-de-morrer-vitima-de-cancer-e-chopp-e-servido-durante-seu-velorio\/\" \/>\n<meta property=\"og:site_name\" content=\"R\u00e1dio Life FM\" \/>\n<meta property=\"article:publisher\" content=\"https:\/\/www.facebook.com\/radiolifefm\/\" \/>\n<meta property=\"article:published_time\" content=\"2020-10-07T12:32:46+00:00\" \/>\n<meta property=\"article:modified_time\" content=\"2026-04-27T17:44:40+00:00\" \/>\n<meta property=\"og:image\" content=\"https:\/\/radiolifefm.com.br\/noticias\/wp-content\/uploads\/2020\/10\/chopp.jpeg\" \/>\n\t<meta property=\"og:image:width\" content=\"800\" \/>\n\t<meta property=\"og:image:height\" content=\"755\" \/>\n\t<meta property=\"og:image:type\" content=\"image\/jpeg\" \/>\n<meta name=\"author\" content=\"joaograndao\" \/>\n<meta name=\"twitter:card\" content=\"summary_large_image\" \/>\n<meta name=\"twitter:label1\" content=\"Escrito por\" \/>\n\t<meta name=\"twitter:data1\" content=\"joaograndao\" \/>\n\t<meta name=\"twitter:label2\" content=\"Est. tempo de leitura\" \/>\n\t<meta name=\"twitter:data2\" content=\"3 minutos\" \/>\n<script type=\"application\/ld+json\" class=\"yoast-schema-graph\">{\"@context\":\"https:\/\/schema.org\",\"@graph\":[{\"@type\":\"Article\",\"@id\":\"https:\/\/radiolifefm.com.br\/noticias\/floridense-faz-pedido-antes-de-morrer-vitima-de-cancer-e-chopp-e-servido-durante-seu-velorio\/#article\",\"isPartOf\":{\"@id\":\"https:\/\/radiolifefm.com.br\/noticias\/floridense-faz-pedido-antes-de-morrer-vitima-de-cancer-e-chopp-e-servido-durante-seu-velorio\/\"},\"author\":{\"name\":\"joaograndao\",\"@id\":\"https:\/\/radiolifefm.com.br\/noticias\/#\/schema\/person\/6876e1240feffe6e1b63fd5cb85abf28\"},\"headline\":\"Floridense faz pedido antes de morrer v\u00edtima de c\u00e2ncer e chopp \u00e9 servido durante seu vel\u00f3rio\",\"datePublished\":\"2020-10-07T12:32:46+00:00\",\"dateModified\":\"2026-04-27T17:44:40+00:00\",\"mainEntityOfPage\":{\"@id\":\"https:\/\/radiolifefm.com.br\/noticias\/floridense-faz-pedido-antes-de-morrer-vitima-de-cancer-e-chopp-e-servido-durante-seu-velorio\/\"},\"wordCount\":551,\"publisher\":{\"@id\":\"https:\/\/radiolifefm.com.br\/noticias\/#organization\"},\"image\":{\"@id\":\"https:\/\/radiolifefm.com.br\/noticias\/floridense-faz-pedido-antes-de-morrer-vitima-de-cancer-e-chopp-e-servido-durante-seu-velorio\/#primaryimage\"},\"thumbnailUrl\":\"https:\/\/radiolifefm.com.br\/noticias\/wp-content\/uploads\/2020\/10\/chopp.jpeg\",\"articleSection\":[\"Regi\u00e3o\"],\"inLanguage\":\"pt-BR\"},{\"@type\":\"WebPage\",\"@id\":\"https:\/\/radiolifefm.com.br\/noticias\/floridense-faz-pedido-antes-de-morrer-vitima-de-cancer-e-chopp-e-servido-durante-seu-velorio\/\",\"url\":\"https:\/\/radiolifefm.com.br\/noticias\/floridense-faz-pedido-antes-de-morrer-vitima-de-cancer-e-chopp-e-servido-durante-seu-velorio\/\",\"name\":\"Floridense faz pedido antes de morrer v\u00edtima de c\u00e2ncer e chopp \u00e9 servido durante seu vel\u00f3rio - R\u00e1dio Life FM\",\"isPartOf\":{\"@id\":\"https:\/\/radiolifefm.com.br\/noticias\/#website\"},\"primaryImageOfPage\":{\"@id\":\"https:\/\/radiolifefm.com.br\/noticias\/floridense-faz-pedido-antes-de-morrer-vitima-de-cancer-e-chopp-e-servido-durante-seu-velorio\/#primaryimage\"},\"image\":{\"@id\":\"https:\/\/radiolifefm.com.br\/noticias\/floridense-faz-pedido-antes-de-morrer-vitima-de-cancer-e-chopp-e-servido-durante-seu-velorio\/#primaryimage\"},\"thumbnailUrl\":\"https:\/\/radiolifefm.com.br\/noticias\/wp-content\/uploads\/2020\/10\/chopp.jpeg\",\"datePublished\":\"2020-10-07T12:32:46+00:00\",\"dateModified\":\"2026-04-27T17:44:40+00:00\",\"breadcrumb\":{\"@id\":\"https:\/\/radiolifefm.com.br\/noticias\/floridense-faz-pedido-antes-de-morrer-vitima-de-cancer-e-chopp-e-servido-durante-seu-velorio\/#breadcrumb\"},\"inLanguage\":\"pt-BR\",\"potentialAction\":[{\"@type\":\"ReadAction\",\"target\":[\"https:\/\/radiolifefm.com.br\/noticias\/floridense-faz-pedido-antes-de-morrer-vitima-de-cancer-e-chopp-e-servido-durante-seu-velorio\/\"]}]},{\"@type\":\"ImageObject\",\"inLanguage\":\"pt-BR\",\"@id\":\"https:\/\/radiolifefm.com.br\/noticias\/floridense-faz-pedido-antes-de-morrer-vitima-de-cancer-e-chopp-e-servido-durante-seu-velorio\/#primaryimage\",\"url\":\"https:\/\/radiolifefm.com.br\/noticias\/wp-content\/uploads\/2020\/10\/chopp.jpeg\",\"contentUrl\":\"https:\/\/radiolifefm.com.br\/noticias\/wp-content\/uploads\/2020\/10\/chopp.jpeg\",\"width\":800,\"height\":755},{\"@type\":\"BreadcrumbList\",\"@id\":\"https:\/\/radiolifefm.com.br\/noticias\/floridense-faz-pedido-antes-de-morrer-vitima-de-cancer-e-chopp-e-servido-durante-seu-velorio\/#breadcrumb\",\"itemListElement\":[{\"@type\":\"ListItem\",\"position\":1,\"name\":\"In\u00edcio\",\"item\":\"https:\/\/radiolifefm.com.br\/noticias\/\"},{\"@type\":\"ListItem\",\"position\":2,\"name\":\"Floridense faz pedido antes de morrer v\u00edtima de c\u00e2ncer e chopp \u00e9 servido durante seu vel\u00f3rio\"}]},{\"@type\":\"WebSite\",\"@id\":\"https:\/\/radiolifefm.com.br\/noticias\/#website\",\"url\":\"https:\/\/radiolifefm.com.br\/noticias\/\",\"name\":\"R\u00e1dio Life FM\",\"description\":\"O Portal de Not\u00edcias de Adamantina\",\"publisher\":{\"@id\":\"https:\/\/radiolifefm.com.br\/noticias\/#organization\"},\"alternateName\":\"Life FM\",\"potentialAction\":[{\"@type\":\"SearchAction\",\"target\":{\"@type\":\"EntryPoint\",\"urlTemplate\":\"https:\/\/radiolifefm.com.br\/noticias\/?s={search_term_string}\"},\"query-input\":{\"@type\":\"PropertyValueSpecification\",\"valueRequired\":true,\"valueName\":\"search_term_string\"}}],\"inLanguage\":\"pt-BR\"},{\"@type\":\"Organization\",\"@id\":\"https:\/\/radiolifefm.com.br\/noticias\/#organization\",\"name\":\"R\u00e1dio Life FM\",\"alternateName\":\"Life FM\",\"url\":\"https:\/\/radiolifefm.com.br\/noticias\/\",\"logo\":{\"@type\":\"ImageObject\",\"inLanguage\":\"pt-BR\",\"@id\":\"https:\/\/radiolifefm.com.br\/noticias\/#\/schema\/logo\/image\/\",\"url\":\"https:\/\/static.radiolifefm.com.br\/noticias\/wp-content\/uploads\/2019\/10\/logo-lifefm.png\",\"contentUrl\":\"https:\/\/static.radiolifefm.com.br\/noticias\/wp-content\/uploads\/2019\/10\/logo-lifefm.png\",\"width\":196,\"height\":47,\"caption\":\"R\u00e1dio Life FM\"},\"image\":{\"@id\":\"https:\/\/radiolifefm.com.br\/noticias\/#\/schema\/logo\/image\/\"},\"sameAs\":[\"https:\/\/www.facebook.com\/radiolifefm\/\",\"https:\/\/www.instagram.com\/life1079fm\/\"]},{\"@type\":\"Person\",\"@id\":\"https:\/\/radiolifefm.com.br\/noticias\/#\/schema\/person\/6876e1240feffe6e1b63fd5cb85abf28\",\"name\":\"joaograndao\",\"image\":{\"@type\":\"ImageObject\",\"inLanguage\":\"pt-BR\",\"@id\":\"https:\/\/secure.gravatar.com\/avatar\/d5b1a3cf357ed9c50404e256a1294083aa8ab5d2a994001567302786016cb32c?s=96&d=mm&r=g\",\"url\":\"https:\/\/secure.gravatar.com\/avatar\/d5b1a3cf357ed9c50404e256a1294083aa8ab5d2a994001567302786016cb32c?s=96&d=mm&r=g\",\"contentUrl\":\"https:\/\/secure.gravatar.com\/avatar\/d5b1a3cf357ed9c50404e256a1294083aa8ab5d2a994001567302786016cb32c?s=96&d=mm&r=g\",\"caption\":\"joaograndao\"}}]}<\/script>\n<!-- \/ Yoast SEO plugin. -->","yoast_head_json":{"title":"Floridense faz pedido antes de morrer v\u00edtima de c\u00e2ncer e chopp \u00e9 servido durante seu vel\u00f3rio - R\u00e1dio Life FM","robots":{"index":"index","follow":"follow","max-snippet":"max-snippet:-1","max-image-preview":"max-image-preview:large","max-video-preview":"max-video-preview:-1"},"canonical":"https:\/\/radiolifefm.com.br\/noticias\/floridense-faz-pedido-antes-de-morrer-vitima-de-cancer-e-chopp-e-servido-durante-seu-velorio\/","og_locale":"pt_BR","og_type":"article","og_title":"Floridense faz pedido antes de morrer v\u00edtima de c\u00e2ncer e chopp \u00e9 servido durante seu vel\u00f3rio - R\u00e1dio Life FM","og_description":"Um vel\u00f3rio realizado nesta ter\u00e7a-feira (6) chamou a aten\u00e7\u00e3o em\u00a0Fl\u00f3rida Paulista. O motivo foram dois barris de chope colocados no local para familiares e amigos que foram se despedir de Ari Gon\u00e7alves Soares, de 56 anos, que morreu na noite da segunda-feira (5).\u00a0A bebida durante o vel\u00f3rio nem de longe representava indiferen\u00e7a com a morte [&hellip;]","og_url":"https:\/\/radiolifefm.com.br\/noticias\/floridense-faz-pedido-antes-de-morrer-vitima-de-cancer-e-chopp-e-servido-durante-seu-velorio\/","og_site_name":"R\u00e1dio Life FM","article_publisher":"https:\/\/www.facebook.com\/radiolifefm\/","article_published_time":"2020-10-07T12:32:46+00:00","article_modified_time":"2026-04-27T17:44:40+00:00","og_image":[{"width":800,"height":755,"url":"https:\/\/radiolifefm.com.br\/noticias\/wp-content\/uploads\/2020\/10\/chopp.jpeg","type":"image\/jpeg"}],"author":"joaograndao","twitter_card":"summary_large_image","twitter_misc":{"Escrito por":"joaograndao","Est. tempo de leitura":"3 minutos"},"schema":{"@context":"https:\/\/schema.org","@graph":[{"@type":"Article","@id":"https:\/\/radiolifefm.com.br\/noticias\/floridense-faz-pedido-antes-de-morrer-vitima-de-cancer-e-chopp-e-servido-durante-seu-velorio\/#article","isPartOf":{"@id":"https:\/\/radiolifefm.com.br\/noticias\/floridense-faz-pedido-antes-de-morrer-vitima-de-cancer-e-chopp-e-servido-durante-seu-velorio\/"},"author":{"name":"joaograndao","@id":"https:\/\/radiolifefm.com.br\/noticias\/#\/schema\/person\/6876e1240feffe6e1b63fd5cb85abf28"},"headline":"Floridense faz pedido antes de morrer v\u00edtima de c\u00e2ncer e chopp \u00e9 servido durante seu vel\u00f3rio","datePublished":"2020-10-07T12:32:46+00:00","dateModified":"2026-04-27T17:44:40+00:00","mainEntityOfPage":{"@id":"https:\/\/radiolifefm.com.br\/noticias\/floridense-faz-pedido-antes-de-morrer-vitima-de-cancer-e-chopp-e-servido-durante-seu-velorio\/"},"wordCount":551,"publisher":{"@id":"https:\/\/radiolifefm.com.br\/noticias\/#organization"},"image":{"@id":"https:\/\/radiolifefm.com.br\/noticias\/floridense-faz-pedido-antes-de-morrer-vitima-de-cancer-e-chopp-e-servido-durante-seu-velorio\/#primaryimage"},"thumbnailUrl":"https:\/\/radiolifefm.com.br\/noticias\/wp-content\/uploads\/2020\/10\/chopp.jpeg","articleSection":["Regi\u00e3o"],"inLanguage":"pt-BR"},{"@type":"WebPage","@id":"https:\/\/radiolifefm.com.br\/noticias\/floridense-faz-pedido-antes-de-morrer-vitima-de-cancer-e-chopp-e-servido-durante-seu-velorio\/","url":"https:\/\/radiolifefm.com.br\/noticias\/floridense-faz-pedido-antes-de-morrer-vitima-de-cancer-e-chopp-e-servido-durante-seu-velorio\/","name":"Floridense faz pedido antes de morrer v\u00edtima de c\u00e2ncer e chopp \u00e9 servido durante seu vel\u00f3rio - R\u00e1dio Life FM","isPartOf":{"@id":"https:\/\/radiolifefm.com.br\/noticias\/#website"},"primaryImageOfPage":{"@id":"https:\/\/radiolifefm.com.br\/noticias\/floridense-faz-pedido-antes-de-morrer-vitima-de-cancer-e-chopp-e-servido-durante-seu-velorio\/#primaryimage"},"image":{"@id":"https:\/\/radiolifefm.com.br\/noticias\/floridense-faz-pedido-antes-de-morrer-vitima-de-cancer-e-chopp-e-servido-durante-seu-velorio\/#primaryimage"},"thumbnailUrl":"https:\/\/radiolifefm.com.br\/noticias\/wp-content\/uploads\/2020\/10\/chopp.jpeg","datePublished":"2020-10-07T12:32:46+00:00","dateModified":"2026-04-27T17:44:40+00:00","breadcrumb":{"@id":"https:\/\/radiolifefm.com.br\/noticias\/floridense-faz-pedido-antes-de-morrer-vitima-de-cancer-e-chopp-e-servido-durante-seu-velorio\/#breadcrumb"},"inLanguage":"pt-BR","potentialAction":[{"@type":"ReadAction","target":["https:\/\/radiolifefm.com.br\/noticias\/floridense-faz-pedido-antes-de-morrer-vitima-de-cancer-e-chopp-e-servido-durante-seu-velorio\/"]}]},{"@type":"ImageObject","inLanguage":"pt-BR","@id":"https:\/\/radiolifefm.com.br\/noticias\/floridense-faz-pedido-antes-de-morrer-vitima-de-cancer-e-chopp-e-servido-durante-seu-velorio\/#primaryimage","url":"https:\/\/radiolifefm.com.br\/noticias\/wp-content\/uploads\/2020\/10\/chopp.jpeg","contentUrl":"https:\/\/radiolifefm.com.br\/noticias\/wp-content\/uploads\/2020\/10\/chopp.jpeg","width":800,"height":755},{"@type":"BreadcrumbList","@id":"https:\/\/radiolifefm.com.br\/noticias\/floridense-faz-pedido-antes-de-morrer-vitima-de-cancer-e-chopp-e-servido-durante-seu-velorio\/#breadcrumb","itemListElement":[{"@type":"ListItem","position":1,"name":"In\u00edcio","item":"https:\/\/radiolifefm.com.br\/noticias\/"},{"@type":"ListItem","position":2,"name":"Floridense faz pedido antes de morrer v\u00edtima de c\u00e2ncer e chopp \u00e9 servido durante seu vel\u00f3rio"}]},{"@type":"WebSite","@id":"https:\/\/radiolifefm.com.br\/noticias\/#website","url":"https:\/\/radiolifefm.com.br\/noticias\/","name":"R\u00e1dio Life FM","description":"O Portal de Not\u00edcias de Adamantina","publisher":{"@id":"https:\/\/radiolifefm.com.br\/noticias\/#organization"},"alternateName":"Life FM","potentialAction":[{"@type":"SearchAction","target":{"@type":"EntryPoint","urlTemplate":"https:\/\/radiolifefm.com.br\/noticias\/?s={search_term_string}"},"query-input":{"@type":"PropertyValueSpecification","valueRequired":true,"valueName":"search_term_string"}}],"inLanguage":"pt-BR"},{"@type":"Organization","@id":"https:\/\/radiolifefm.com.br\/noticias\/#organization","name":"R\u00e1dio Life FM","alternateName":"Life FM","url":"https:\/\/radiolifefm.com.br\/noticias\/","logo":{"@type":"ImageObject","inLanguage":"pt-BR","@id":"https:\/\/radiolifefm.com.br\/noticias\/#\/schema\/logo\/image\/","url":"https:\/\/static.radiolifefm.com.br\/noticias\/wp-content\/uploads\/2019\/10\/logo-lifefm.png","contentUrl":"https:\/\/static.radiolifefm.com.br\/noticias\/wp-content\/uploads\/2019\/10\/logo-lifefm.png","width":196,"height":47,"caption":"R\u00e1dio Life FM"},"image":{"@id":"https:\/\/radiolifefm.com.br\/noticias\/#\/schema\/logo\/image\/"},"sameAs":["https:\/\/www.facebook.com\/radiolifefm\/","https:\/\/www.instagram.com\/life1079fm\/"]},{"@type":"Person","@id":"https:\/\/radiolifefm.com.br\/noticias\/#\/schema\/person\/6876e1240feffe6e1b63fd5cb85abf28","name":"joaograndao","image":{"@type":"ImageObject","inLanguage":"pt-BR","@id":"https:\/\/secure.gravatar.com\/avatar\/d5b1a3cf357ed9c50404e256a1294083aa8ab5d2a994001567302786016cb32c?s=96&d=mm&r=g","url":"https:\/\/secure.gravatar.com\/avatar\/d5b1a3cf357ed9c50404e256a1294083aa8ab5d2a994001567302786016cb32c?s=96&d=mm&r=g","contentUrl":"https:\/\/secure.gravatar.com\/avatar\/d5b1a3cf357ed9c50404e256a1294083aa8ab5d2a994001567302786016cb32c?s=96&d=mm&r=g","caption":"joaograndao"}}]}},"amp_enabled":true,"_links":{"self":[{"href":"https:\/\/radiolifefm.com.br\/noticias\/wp-json\/wp\/v2\/posts\/27926","targetHints":{"allow":["GET"]}}],"collection":[{"href":"https:\/\/radiolifefm.com.br\/noticias\/wp-json\/wp\/v2\/posts"}],"about":[{"href":"https:\/\/radiolifefm.com.br\/noticias\/wp-json\/wp\/v2\/types\/post"}],"author":[{"embeddable":true,"href":"https:\/\/radiolifefm.com.br\/noticias\/wp-json\/wp\/v2\/users\/8"}],"replies":[{"embeddable":true,"href":"https:\/\/radiolifefm.com.br\/noticias\/wp-json\/wp\/v2\/comments?post=27926"}],"version-history":[{"count":2,"href":"https:\/\/radiolifefm.com.br\/noticias\/wp-json\/wp\/v2\/posts\/27926\/revisions"}],"predecessor-version":[{"id":27932,"href":"https:\/\/radiolifefm.com.br\/noticias\/wp-json\/wp\/v2\/posts\/27926\/revisions\/27932"}],"wp:featuredmedia":[{"embeddable":true,"href":"https:\/\/radiolifefm.com.br\/noticias\/wp-json\/wp\/v2\/media\/27930"}],"wp:attachment":[{"href":"https:\/\/radiolifefm.com.br\/noticias\/wp-json\/wp\/v2\/media?parent=27926"}],"wp:term":[{"taxonomy":"category","embeddable":true,"href":"https:\/\/radiolifefm.com.br\/noticias\/wp-json\/wp\/v2\/categories?post=27926"},{"taxonomy":"post_tag","embeddable":true,"href":"https:\/\/radiolifefm.com.br\/noticias\/wp-json\/wp\/v2\/tags?post=27926"}],"curies":[{"name":"wp","href":"https:\/\/api.w.org\/{rel}","templated":true}]}}