{"id":27877,"date":"2020-10-06T13:58:40","date_gmt":"2020-10-06T16:58:40","guid":{"rendered":"https:\/\/radiolifefm.com.br\/noticias\/?p=27877"},"modified":"2026-01-28T20:22:50","modified_gmt":"2026-01-28T23:22:50","slug":"acesso-a-alvares-machado-tera-interdicao-para-obras","status":"publish","type":"post","link":"https:\/\/radiolifefm.com.br\/noticias\/acesso-a-alvares-machado-tera-interdicao-para-obras\/","title":{"rendered":"Acesso a Alvares Machado ter\u00e1 interdi\u00e7\u00e3o para obras"},"content":{"rendered":"<div id=\"fb-root\"><\/div>\n<p>A CART Concession\u00e1ria de Rodovias ir\u00e1 interditar nesta quarta-feira, 7, al\u00e7a de sa\u00edda da SP 270 \u2013 Rodovia Raposo Tavares, que d\u00e1 acesso ao munic\u00edpio de \u00c1lvares Machado para obras no pavimento. Motoristas que utilizam o dispositivo, localizado no quil\u00f4metro 576 da pista Oeste (Presidente Prudente \u2013 Presidente Epit\u00e1cio) dever\u00e3o redobrar a aten\u00e7\u00e3o para as rotas alternativas. \u00a0<u><\/u>\u00a0<u><\/u><\/p>\n<p><u><\/u>\u00a0<u><\/u><\/p>\n<p>Das 8h \u00e0s 17h, o condutor encontrar\u00e1 o acesso \u00e0 SPA 576 fechado. A alternativa ser\u00e1 utilizar a al\u00e7a de acesso a \u00c1lvares Machado no km 573+900 ou pela rodovia Vicinal AVM 075, localizada no km 578+800 da Raposo Tavares.<u><\/u>\u00a0<u><\/u><\/p>\n<p><u><\/u>\u00a0<u><\/u><\/p>\n<p>Haver\u00e1 sinaliza\u00e7\u00e3o padr\u00e3o para o motorista seguir viagem sem dificuldades em encontrar as rotas alternativas.<u><\/u>\u00a0<u><\/u><\/p>\n<p><u><\/u>\u00a0<u><\/u><\/p>\n<p>A interven\u00e7\u00e3o no pavimento est\u00e1 inserida no cronograma de obras alinhado com a ARTESP \u2013 Ag\u00eancia Reguladora de Transportes do Estado de S\u00e3o Paulo e tem o apoio operacional da PMRv \u2013 Pol\u00edcia Militar Rodovi\u00e1ria. Em caso de chuva, as obras ser\u00e3o reprogramadas. \u00a0<u><\/u>\u00a0<u><\/u><\/p>\n<p><u><\/u>\u00a0<u><\/u><\/p>\n<p>\u201cA CART mant\u00e9m um robusto cronograma de interven\u00e7\u00f5es nas al\u00e7as de acesso que s\u00e3o importantes instrumentos de comodidade ao condutor que utiliza com frequ\u00eancia a Raposo Tavares para viagens de curta dist\u00e2ncia ou, ainda, para o escoamento da produ\u00e7\u00e3o da ind\u00fastria e do agroneg\u00f3cio. S\u00e3o procedimentos que colocam as rodovias em uma posi\u00e7\u00e3o estrat\u00e9gica na rota do desenvolvimento econ\u00f4mico do interior paulista\u201d, afirma Marcos Lanuti, coordenador de Opera\u00e7\u00f5es da CART. \u00a0<u><\/u>\u00a0<u><\/u><\/p>\n<p><u><\/u>\u00a0<u><\/u><\/p>\n<p><b>Sobre a CART\u00a0\u00a0\u00a0\u00a0\u00a0\u00a0\u00a0\u00a0\u00a0\u00a0\u00a0\u00a0\u00a0 \u00a0\u00a0<\/b><u><\/u>\u00a0<u><\/u><\/p>\n<p>A CART administra as rodovias SP-225 &#8211; Jo\u00e3o Baptista Cabral Renn\u00f3, SP-327 &#8211; Orlando Quagliato e SP-270 &#8211; Raposo Tavares, no total de 834 quil\u00f4metros entre Presidente Epit\u00e1cio e Bauru, sendo 444 no eixo principal e 390 quil\u00f4metros de vicinais. Em 2019, a empresa ganhou a 1\u00aa coloca\u00e7\u00e3o na categoria Seguran\u00e7a Rodovi\u00e1ria e est\u00e1 entre as 10 melhores Concession\u00e1rias de Rodovias do Estado de SP, de acordo com o ranking divulgado pela ARTESP &#8211; Ag\u00eancia Reguladora de Transportes do Estado de S\u00e3o Paulo, \u00f3rg\u00e3o que regulamenta e fiscaliza o Programa de Concess\u00f5es Rodovi\u00e1rias do Governo do Estado de S\u00e3o Paulo. As rodovias da CART contribuem para a expans\u00e3o do com\u00e9rcio, ind\u00fastria, do agroneg\u00f3cio, do turismo e da presta\u00e7\u00e3o de servi\u00e7os nos munic\u00edpios cortados pelo Corredor Raposo Tavares. Monitorada e 100% duplicada, a concess\u00e3o confere seguran\u00e7a e agilidade no tr\u00e2nsito de cargas, conectando o Oeste Paulista com os principais pontos de escoamento da produ\u00e7\u00e3o do Brasil.\u00a0<u><\/u><\/p>\n<p>&nbsp;<\/p>\n<p><img decoding=\"async\" src=\"https:\/\/mail.google.com\/mail\/u\/0?ui=2&amp;ik=a69da7365c&amp;attid=0.0.3&amp;permmsgid=msg-f:1679810883540808507&amp;th=174fe3193b48f33b&amp;view=fimg&amp;sz=s0-l75-ft&amp;attbid=ANGjdJ-lnSHwf8P70hpbQ5izQDX-C-QAJ-yzRR0V4HT5qpPrgEiGheIb624t9ncprUQKQKtwvRmzim9YikbmCx3_QY81tjwBSx8XASgi0MXioZi7iQ0GCd2KTzJYzhg&amp;disp=emb\" \/><\/p>\n","protected":false},"excerpt":{"rendered":"<p>A CART Concession\u00e1ria de Rodovias ir\u00e1 interditar nesta quarta-feira, 7, al\u00e7a de sa\u00edda da SP 270 \u2013 Rodovia Raposo Tavares, que d\u00e1 acesso ao munic\u00edpio de \u00c1lvares Machado para obras no pavimento. Motoristas que utilizam o dispositivo, localizado no quil\u00f4metro 576 da pista Oeste (Presidente Prudente \u2013 Presidente Epit\u00e1cio) dever\u00e3o redobrar a aten\u00e7\u00e3o para as [&hellip;]<\/p>\n","protected":false},"author":8,"featured_media":27878,"comment_status":"closed","ping_status":"open","sticky":false,"template":"","format":"standard","meta":{"_acf_changed":false,"_exactmetrics_skip_tracking":false,"_exactmetrics_sitenote_active":false,"_exactmetrics_sitenote_note":"","_exactmetrics_sitenote_category":0,"footnotes":""},"categories":[24],"tags":[],"class_list":["post-27877","post","type-post","status-publish","format-standard","has-post-thumbnail","hentry","category-regiao"],"acf":[],"yoast_head":"<!-- This site is optimized with the Yoast SEO plugin v27.2 - https:\/\/yoast.com\/product\/yoast-seo-wordpress\/ -->\n<title>Acesso a Alvares Machado ter\u00e1 interdi\u00e7\u00e3o para obras - R\u00e1dio Life FM<\/title>\n<meta name=\"robots\" content=\"index, follow, max-snippet:-1, max-image-preview:large, max-video-preview:-1\" \/>\n<link rel=\"canonical\" href=\"https:\/\/radiolifefm.com.br\/noticias\/acesso-a-alvares-machado-tera-interdicao-para-obras\/\" \/>\n<meta property=\"og:locale\" content=\"pt_BR\" \/>\n<meta property=\"og:type\" content=\"article\" \/>\n<meta property=\"og:title\" content=\"Acesso a Alvares Machado ter\u00e1 interdi\u00e7\u00e3o para obras - R\u00e1dio Life FM\" \/>\n<meta property=\"og:description\" content=\"A CART Concession\u00e1ria de Rodovias ir\u00e1 interditar nesta quarta-feira, 7, al\u00e7a de sa\u00edda da SP 270 \u2013 Rodovia Raposo Tavares, que d\u00e1 acesso ao munic\u00edpio de \u00c1lvares Machado para obras no pavimento. Motoristas que utilizam o dispositivo, localizado no quil\u00f4metro 576 da pista Oeste (Presidente Prudente \u2013 Presidente Epit\u00e1cio) dever\u00e3o redobrar a aten\u00e7\u00e3o para as [&hellip;]\" \/>\n<meta property=\"og:url\" content=\"https:\/\/radiolifefm.com.br\/noticias\/acesso-a-alvares-machado-tera-interdicao-para-obras\/\" \/>\n<meta property=\"og:site_name\" content=\"R\u00e1dio Life FM\" \/>\n<meta property=\"article:publisher\" content=\"https:\/\/www.facebook.com\/radiolifefm\/\" \/>\n<meta property=\"article:published_time\" content=\"2020-10-06T16:58:40+00:00\" \/>\n<meta property=\"article:modified_time\" content=\"2026-01-28T23:22:50+00:00\" \/>\n<meta property=\"og:image\" content=\"https:\/\/radiolifefm.com.br\/noticias\/wp-content\/uploads\/2020\/10\/Obras-em-Alvares-Machado.jpg\" \/>\n\t<meta property=\"og:image:width\" content=\"567\" \/>\n\t<meta property=\"og:image:height\" content=\"282\" \/>\n\t<meta property=\"og:image:type\" content=\"image\/jpeg\" \/>\n<meta name=\"author\" content=\"joaograndao\" \/>\n<meta name=\"twitter:card\" content=\"summary_large_image\" \/>\n<meta name=\"twitter:label1\" content=\"Escrito por\" \/>\n\t<meta name=\"twitter:data1\" content=\"joaograndao\" \/>\n\t<meta name=\"twitter:label2\" content=\"Est. tempo de leitura\" \/>\n\t<meta name=\"twitter:data2\" content=\"2 minutos\" \/>\n<script type=\"application\/ld+json\" class=\"yoast-schema-graph\">{\"@context\":\"https:\/\/schema.org\",\"@graph\":[{\"@type\":\"Article\",\"@id\":\"https:\/\/radiolifefm.com.br\/noticias\/acesso-a-alvares-machado-tera-interdicao-para-obras\/#article\",\"isPartOf\":{\"@id\":\"https:\/\/radiolifefm.com.br\/noticias\/acesso-a-alvares-machado-tera-interdicao-para-obras\/\"},\"author\":{\"name\":\"joaograndao\",\"@id\":\"https:\/\/radiolifefm.com.br\/noticias\/#\/schema\/person\/6876e1240feffe6e1b63fd5cb85abf28\"},\"headline\":\"Acesso a Alvares Machado ter\u00e1 interdi\u00e7\u00e3o para obras\",\"datePublished\":\"2020-10-06T16:58:40+00:00\",\"dateModified\":\"2026-01-28T23:22:50+00:00\",\"mainEntityOfPage\":{\"@id\":\"https:\/\/radiolifefm.com.br\/noticias\/acesso-a-alvares-machado-tera-interdicao-para-obras\/\"},\"wordCount\":430,\"publisher\":{\"@id\":\"https:\/\/radiolifefm.com.br\/noticias\/#organization\"},\"image\":{\"@id\":\"https:\/\/radiolifefm.com.br\/noticias\/acesso-a-alvares-machado-tera-interdicao-para-obras\/#primaryimage\"},\"thumbnailUrl\":\"https:\/\/radiolifefm.com.br\/noticias\/wp-content\/uploads\/2020\/10\/Obras-em-Alvares-Machado.jpg\",\"articleSection\":[\"Regi\u00e3o\"],\"inLanguage\":\"pt-BR\"},{\"@type\":\"WebPage\",\"@id\":\"https:\/\/radiolifefm.com.br\/noticias\/acesso-a-alvares-machado-tera-interdicao-para-obras\/\",\"url\":\"https:\/\/radiolifefm.com.br\/noticias\/acesso-a-alvares-machado-tera-interdicao-para-obras\/\",\"name\":\"Acesso a Alvares Machado ter\u00e1 interdi\u00e7\u00e3o para obras - R\u00e1dio Life FM\",\"isPartOf\":{\"@id\":\"https:\/\/radiolifefm.com.br\/noticias\/#website\"},\"primaryImageOfPage\":{\"@id\":\"https:\/\/radiolifefm.com.br\/noticias\/acesso-a-alvares-machado-tera-interdicao-para-obras\/#primaryimage\"},\"image\":{\"@id\":\"https:\/\/radiolifefm.com.br\/noticias\/acesso-a-alvares-machado-tera-interdicao-para-obras\/#primaryimage\"},\"thumbnailUrl\":\"https:\/\/radiolifefm.com.br\/noticias\/wp-content\/uploads\/2020\/10\/Obras-em-Alvares-Machado.jpg\",\"datePublished\":\"2020-10-06T16:58:40+00:00\",\"dateModified\":\"2026-01-28T23:22:50+00:00\",\"breadcrumb\":{\"@id\":\"https:\/\/radiolifefm.com.br\/noticias\/acesso-a-alvares-machado-tera-interdicao-para-obras\/#breadcrumb\"},\"inLanguage\":\"pt-BR\",\"potentialAction\":[{\"@type\":\"ReadAction\",\"target\":[\"https:\/\/radiolifefm.com.br\/noticias\/acesso-a-alvares-machado-tera-interdicao-para-obras\/\"]}]},{\"@type\":\"ImageObject\",\"inLanguage\":\"pt-BR\",\"@id\":\"https:\/\/radiolifefm.com.br\/noticias\/acesso-a-alvares-machado-tera-interdicao-para-obras\/#primaryimage\",\"url\":\"https:\/\/radiolifefm.com.br\/noticias\/wp-content\/uploads\/2020\/10\/Obras-em-Alvares-Machado.jpg\",\"contentUrl\":\"https:\/\/radiolifefm.com.br\/noticias\/wp-content\/uploads\/2020\/10\/Obras-em-Alvares-Machado.jpg\",\"width\":567,\"height\":282,\"caption\":\"Manuten\u00e7\u00e3o prev\u00ea altera\u00e7\u00f5es no tr\u00e1fego nesta quarta-feira, 7\"},{\"@type\":\"BreadcrumbList\",\"@id\":\"https:\/\/radiolifefm.com.br\/noticias\/acesso-a-alvares-machado-tera-interdicao-para-obras\/#breadcrumb\",\"itemListElement\":[{\"@type\":\"ListItem\",\"position\":1,\"name\":\"In\u00edcio\",\"item\":\"https:\/\/radiolifefm.com.br\/noticias\/\"},{\"@type\":\"ListItem\",\"position\":2,\"name\":\"Acesso a Alvares Machado ter\u00e1 interdi\u00e7\u00e3o para obras\"}]},{\"@type\":\"WebSite\",\"@id\":\"https:\/\/radiolifefm.com.br\/noticias\/#website\",\"url\":\"https:\/\/radiolifefm.com.br\/noticias\/\",\"name\":\"R\u00e1dio Life FM\",\"description\":\"O Portal de Not\u00edcias de Adamantina\",\"publisher\":{\"@id\":\"https:\/\/radiolifefm.com.br\/noticias\/#organization\"},\"alternateName\":\"Life FM\",\"potentialAction\":[{\"@type\":\"SearchAction\",\"target\":{\"@type\":\"EntryPoint\",\"urlTemplate\":\"https:\/\/radiolifefm.com.br\/noticias\/?s={search_term_string}\"},\"query-input\":{\"@type\":\"PropertyValueSpecification\",\"valueRequired\":true,\"valueName\":\"search_term_string\"}}],\"inLanguage\":\"pt-BR\"},{\"@type\":\"Organization\",\"@id\":\"https:\/\/radiolifefm.com.br\/noticias\/#organization\",\"name\":\"R\u00e1dio Life FM\",\"alternateName\":\"Life FM\",\"url\":\"https:\/\/radiolifefm.com.br\/noticias\/\",\"logo\":{\"@type\":\"ImageObject\",\"inLanguage\":\"pt-BR\",\"@id\":\"https:\/\/radiolifefm.com.br\/noticias\/#\/schema\/logo\/image\/\",\"url\":\"https:\/\/static.radiolifefm.com.br\/noticias\/wp-content\/uploads\/2019\/10\/logo-lifefm.png\",\"contentUrl\":\"https:\/\/static.radiolifefm.com.br\/noticias\/wp-content\/uploads\/2019\/10\/logo-lifefm.png\",\"width\":196,\"height\":47,\"caption\":\"R\u00e1dio Life FM\"},\"image\":{\"@id\":\"https:\/\/radiolifefm.com.br\/noticias\/#\/schema\/logo\/image\/\"},\"sameAs\":[\"https:\/\/www.facebook.com\/radiolifefm\/\",\"https:\/\/www.instagram.com\/life1079fm\/\"]},{\"@type\":\"Person\",\"@id\":\"https:\/\/radiolifefm.com.br\/noticias\/#\/schema\/person\/6876e1240feffe6e1b63fd5cb85abf28\",\"name\":\"joaograndao\",\"image\":{\"@type\":\"ImageObject\",\"inLanguage\":\"pt-BR\",\"@id\":\"https:\/\/secure.gravatar.com\/avatar\/d5b1a3cf357ed9c50404e256a1294083aa8ab5d2a994001567302786016cb32c?s=96&d=mm&r=g\",\"url\":\"https:\/\/secure.gravatar.com\/avatar\/d5b1a3cf357ed9c50404e256a1294083aa8ab5d2a994001567302786016cb32c?s=96&d=mm&r=g\",\"contentUrl\":\"https:\/\/secure.gravatar.com\/avatar\/d5b1a3cf357ed9c50404e256a1294083aa8ab5d2a994001567302786016cb32c?s=96&d=mm&r=g\",\"caption\":\"joaograndao\"}}]}<\/script>\n<!-- \/ Yoast SEO plugin. -->","yoast_head_json":{"title":"Acesso a Alvares Machado ter\u00e1 interdi\u00e7\u00e3o para obras - R\u00e1dio Life FM","robots":{"index":"index","follow":"follow","max-snippet":"max-snippet:-1","max-image-preview":"max-image-preview:large","max-video-preview":"max-video-preview:-1"},"canonical":"https:\/\/radiolifefm.com.br\/noticias\/acesso-a-alvares-machado-tera-interdicao-para-obras\/","og_locale":"pt_BR","og_type":"article","og_title":"Acesso a Alvares Machado ter\u00e1 interdi\u00e7\u00e3o para obras - R\u00e1dio Life FM","og_description":"A CART Concession\u00e1ria de Rodovias ir\u00e1 interditar nesta quarta-feira, 7, al\u00e7a de sa\u00edda da SP 270 \u2013 Rodovia Raposo Tavares, que d\u00e1 acesso ao munic\u00edpio de \u00c1lvares Machado para obras no pavimento. Motoristas que utilizam o dispositivo, localizado no quil\u00f4metro 576 da pista Oeste (Presidente Prudente \u2013 Presidente Epit\u00e1cio) dever\u00e3o redobrar a aten\u00e7\u00e3o para as [&hellip;]","og_url":"https:\/\/radiolifefm.com.br\/noticias\/acesso-a-alvares-machado-tera-interdicao-para-obras\/","og_site_name":"R\u00e1dio Life FM","article_publisher":"https:\/\/www.facebook.com\/radiolifefm\/","article_published_time":"2020-10-06T16:58:40+00:00","article_modified_time":"2026-01-28T23:22:50+00:00","og_image":[{"width":567,"height":282,"url":"https:\/\/radiolifefm.com.br\/noticias\/wp-content\/uploads\/2020\/10\/Obras-em-Alvares-Machado.jpg","type":"image\/jpeg"}],"author":"joaograndao","twitter_card":"summary_large_image","twitter_misc":{"Escrito por":"joaograndao","Est. tempo de leitura":"2 minutos"},"schema":{"@context":"https:\/\/schema.org","@graph":[{"@type":"Article","@id":"https:\/\/radiolifefm.com.br\/noticias\/acesso-a-alvares-machado-tera-interdicao-para-obras\/#article","isPartOf":{"@id":"https:\/\/radiolifefm.com.br\/noticias\/acesso-a-alvares-machado-tera-interdicao-para-obras\/"},"author":{"name":"joaograndao","@id":"https:\/\/radiolifefm.com.br\/noticias\/#\/schema\/person\/6876e1240feffe6e1b63fd5cb85abf28"},"headline":"Acesso a Alvares Machado ter\u00e1 interdi\u00e7\u00e3o para obras","datePublished":"2020-10-06T16:58:40+00:00","dateModified":"2026-01-28T23:22:50+00:00","mainEntityOfPage":{"@id":"https:\/\/radiolifefm.com.br\/noticias\/acesso-a-alvares-machado-tera-interdicao-para-obras\/"},"wordCount":430,"publisher":{"@id":"https:\/\/radiolifefm.com.br\/noticias\/#organization"},"image":{"@id":"https:\/\/radiolifefm.com.br\/noticias\/acesso-a-alvares-machado-tera-interdicao-para-obras\/#primaryimage"},"thumbnailUrl":"https:\/\/radiolifefm.com.br\/noticias\/wp-content\/uploads\/2020\/10\/Obras-em-Alvares-Machado.jpg","articleSection":["Regi\u00e3o"],"inLanguage":"pt-BR"},{"@type":"WebPage","@id":"https:\/\/radiolifefm.com.br\/noticias\/acesso-a-alvares-machado-tera-interdicao-para-obras\/","url":"https:\/\/radiolifefm.com.br\/noticias\/acesso-a-alvares-machado-tera-interdicao-para-obras\/","name":"Acesso a Alvares Machado ter\u00e1 interdi\u00e7\u00e3o para obras - R\u00e1dio Life FM","isPartOf":{"@id":"https:\/\/radiolifefm.com.br\/noticias\/#website"},"primaryImageOfPage":{"@id":"https:\/\/radiolifefm.com.br\/noticias\/acesso-a-alvares-machado-tera-interdicao-para-obras\/#primaryimage"},"image":{"@id":"https:\/\/radiolifefm.com.br\/noticias\/acesso-a-alvares-machado-tera-interdicao-para-obras\/#primaryimage"},"thumbnailUrl":"https:\/\/radiolifefm.com.br\/noticias\/wp-content\/uploads\/2020\/10\/Obras-em-Alvares-Machado.jpg","datePublished":"2020-10-06T16:58:40+00:00","dateModified":"2026-01-28T23:22:50+00:00","breadcrumb":{"@id":"https:\/\/radiolifefm.com.br\/noticias\/acesso-a-alvares-machado-tera-interdicao-para-obras\/#breadcrumb"},"inLanguage":"pt-BR","potentialAction":[{"@type":"ReadAction","target":["https:\/\/radiolifefm.com.br\/noticias\/acesso-a-alvares-machado-tera-interdicao-para-obras\/"]}]},{"@type":"ImageObject","inLanguage":"pt-BR","@id":"https:\/\/radiolifefm.com.br\/noticias\/acesso-a-alvares-machado-tera-interdicao-para-obras\/#primaryimage","url":"https:\/\/radiolifefm.com.br\/noticias\/wp-content\/uploads\/2020\/10\/Obras-em-Alvares-Machado.jpg","contentUrl":"https:\/\/radiolifefm.com.br\/noticias\/wp-content\/uploads\/2020\/10\/Obras-em-Alvares-Machado.jpg","width":567,"height":282,"caption":"Manuten\u00e7\u00e3o prev\u00ea altera\u00e7\u00f5es no tr\u00e1fego nesta quarta-feira, 7"},{"@type":"BreadcrumbList","@id":"https:\/\/radiolifefm.com.br\/noticias\/acesso-a-alvares-machado-tera-interdicao-para-obras\/#breadcrumb","itemListElement":[{"@type":"ListItem","position":1,"name":"In\u00edcio","item":"https:\/\/radiolifefm.com.br\/noticias\/"},{"@type":"ListItem","position":2,"name":"Acesso a Alvares Machado ter\u00e1 interdi\u00e7\u00e3o para obras"}]},{"@type":"WebSite","@id":"https:\/\/radiolifefm.com.br\/noticias\/#website","url":"https:\/\/radiolifefm.com.br\/noticias\/","name":"R\u00e1dio Life FM","description":"O Portal de Not\u00edcias de Adamantina","publisher":{"@id":"https:\/\/radiolifefm.com.br\/noticias\/#organization"},"alternateName":"Life FM","potentialAction":[{"@type":"SearchAction","target":{"@type":"EntryPoint","urlTemplate":"https:\/\/radiolifefm.com.br\/noticias\/?s={search_term_string}"},"query-input":{"@type":"PropertyValueSpecification","valueRequired":true,"valueName":"search_term_string"}}],"inLanguage":"pt-BR"},{"@type":"Organization","@id":"https:\/\/radiolifefm.com.br\/noticias\/#organization","name":"R\u00e1dio Life FM","alternateName":"Life FM","url":"https:\/\/radiolifefm.com.br\/noticias\/","logo":{"@type":"ImageObject","inLanguage":"pt-BR","@id":"https:\/\/radiolifefm.com.br\/noticias\/#\/schema\/logo\/image\/","url":"https:\/\/static.radiolifefm.com.br\/noticias\/wp-content\/uploads\/2019\/10\/logo-lifefm.png","contentUrl":"https:\/\/static.radiolifefm.com.br\/noticias\/wp-content\/uploads\/2019\/10\/logo-lifefm.png","width":196,"height":47,"caption":"R\u00e1dio Life FM"},"image":{"@id":"https:\/\/radiolifefm.com.br\/noticias\/#\/schema\/logo\/image\/"},"sameAs":["https:\/\/www.facebook.com\/radiolifefm\/","https:\/\/www.instagram.com\/life1079fm\/"]},{"@type":"Person","@id":"https:\/\/radiolifefm.com.br\/noticias\/#\/schema\/person\/6876e1240feffe6e1b63fd5cb85abf28","name":"joaograndao","image":{"@type":"ImageObject","inLanguage":"pt-BR","@id":"https:\/\/secure.gravatar.com\/avatar\/d5b1a3cf357ed9c50404e256a1294083aa8ab5d2a994001567302786016cb32c?s=96&d=mm&r=g","url":"https:\/\/secure.gravatar.com\/avatar\/d5b1a3cf357ed9c50404e256a1294083aa8ab5d2a994001567302786016cb32c?s=96&d=mm&r=g","contentUrl":"https:\/\/secure.gravatar.com\/avatar\/d5b1a3cf357ed9c50404e256a1294083aa8ab5d2a994001567302786016cb32c?s=96&d=mm&r=g","caption":"joaograndao"}}]}},"amp_enabled":true,"_links":{"self":[{"href":"https:\/\/radiolifefm.com.br\/noticias\/wp-json\/wp\/v2\/posts\/27877","targetHints":{"allow":["GET"]}}],"collection":[{"href":"https:\/\/radiolifefm.com.br\/noticias\/wp-json\/wp\/v2\/posts"}],"about":[{"href":"https:\/\/radiolifefm.com.br\/noticias\/wp-json\/wp\/v2\/types\/post"}],"author":[{"embeddable":true,"href":"https:\/\/radiolifefm.com.br\/noticias\/wp-json\/wp\/v2\/users\/8"}],"replies":[{"embeddable":true,"href":"https:\/\/radiolifefm.com.br\/noticias\/wp-json\/wp\/v2\/comments?post=27877"}],"version-history":[{"count":1,"href":"https:\/\/radiolifefm.com.br\/noticias\/wp-json\/wp\/v2\/posts\/27877\/revisions"}],"predecessor-version":[{"id":27879,"href":"https:\/\/radiolifefm.com.br\/noticias\/wp-json\/wp\/v2\/posts\/27877\/revisions\/27879"}],"wp:featuredmedia":[{"embeddable":true,"href":"https:\/\/radiolifefm.com.br\/noticias\/wp-json\/wp\/v2\/media\/27878"}],"wp:attachment":[{"href":"https:\/\/radiolifefm.com.br\/noticias\/wp-json\/wp\/v2\/media?parent=27877"}],"wp:term":[{"taxonomy":"category","embeddable":true,"href":"https:\/\/radiolifefm.com.br\/noticias\/wp-json\/wp\/v2\/categories?post=27877"},{"taxonomy":"post_tag","embeddable":true,"href":"https:\/\/radiolifefm.com.br\/noticias\/wp-json\/wp\/v2\/tags?post=27877"}],"curies":[{"name":"wp","href":"https:\/\/api.w.org\/{rel}","templated":true}]}}