{"id":27874,"date":"2020-10-06T13:55:48","date_gmt":"2020-10-06T16:55:48","guid":{"rendered":"https:\/\/radiolifefm.com.br\/noticias\/?p=27874"},"modified":"2026-04-23T09:21:05","modified_gmt":"2026-04-23T12:21:05","slug":"sp-294-tera-pare-e-siga-para-obras-no-pavimento-na-regiao-de-prudente","status":"publish","type":"post","link":"https:\/\/radiolifefm.com.br\/noticias\/sp-294-tera-pare-e-siga-para-obras-no-pavimento-na-regiao-de-prudente\/","title":{"rendered":"SP 294 ter\u00e1 Pare e Siga para obras no pavimento na regi\u00e3o de Prudente"},"content":{"rendered":"<div id=\"fb-root\"><\/div>\n<p>Avan\u00e7am os trabalhos de frentes de obras do segundo segmento da SP 294 \u2013 Rodovia Comandante Jo\u00e3o Ribeiro de Barros, na regi\u00e3o de Presidente Prudente. At\u00e9 domingo, 11, as interven\u00e7\u00f5es ir\u00e3o alterar as condi\u00e7\u00f5es de tr\u00e1fego no segmento que abrange 14 munic\u00edpios. \u00a0<u><\/u>\u00a0<u><\/u><\/p>\n<p><u><\/u>\u00a0<u><\/u><\/p>\n<p>O cronograma definido pelo setor de Engenharia e Planejamento da Eixo SP Concession\u00e1ria de Rodovias, alinhado com a ARTESP \u2013 Ag\u00eancia Reguladora de Transportes do Estado de S\u00e3o Paulo, prev\u00ea a recupera\u00e7\u00e3o de pavimento em pontos previamente mapeados na regi\u00e3o de Presidente Prudente em uma malha que totaliza 120 quil\u00f4metros de extens\u00e3o. \u00a0<u><\/u>\u00a0<u><\/u><\/p>\n<p><u><\/u>\u00a0<u><\/u><\/p>\n<p>Nos trechos de Parapu\u00e3, Dracena, Osvaldo Cruz, In\u00fabia Paulista, Luc\u00e9lia, Adamantina, Fl\u00f3rida Paulista, Pacaembu, Irapuru, Junqueir\u00f3polis, Tupi Paulista, Santa Mercedes, Paulic\u00e9ia e Panorama, que operam em sistema multivia &#8211; duplicado, mas sem separa\u00e7\u00e3o por canteiro central \u2013 haver\u00e1 mobiliza\u00e7\u00e3o de Opera\u00e7\u00e3o Pare e Siga.\u00a0<u><\/u>\u00a0<u><\/u><\/p>\n<p><u><\/u>\u00a0<u><\/u><\/p>\n<p>Na modalidade, o tr\u00e1fego flui nos dois sentidos em uma faixa, alternadamente. O local estar\u00e1 devidamente sinalizado e a Eixo SP orienta ao condutor que redobre a aten\u00e7\u00e3o para as placas e comando dos homens-bandeira sobre a parada ou libera\u00e7\u00e3o do fluxo. Em caso de chuva, o servi\u00e7o ser\u00e1 reprogramado.\u00a0<u><\/u>\u00a0<u><\/u><\/p>\n<p><u><\/u>\u00a0<u><\/u><\/p>\n<p>\u201cO plano inicial de investimentos da Eixo SP j\u00e1 entrega, em quatro meses, uma expressiva extens\u00e3o de malha rodovi\u00e1ria recuperada. A evolu\u00e7\u00e3o deste cronograma de servi\u00e7os \u00e9 resultado de uma for\u00e7a-tarefa que est\u00e1 diariamente a postos em diversos pontos da SP 294, importante rota para o escoamento da ind\u00fastria e do agroneg\u00f3cio no eixo S\u00e3o Paulo-Mato Grosso do Sul-Paran\u00e1\u201d, afirma Jos\u00e9 Geraldo de Andrade, superintendente de Obras da Concession\u00e1ria. \u00a0\u00a0<u><\/u>\u00a0<u><\/u><\/p>\n<p><u><\/u>\u00a0<u><\/u><\/p>\n<p><b>Sobre a Eixo SP \u00a0\u00a0<\/b><u><\/u>\u00a0<u><\/u><\/p>\n<p>A Eixo SP Concession\u00e1ria de Rodovias administra o lote Pipa (Piracicaba-Panorama), malha com mais de 1.273 km de estradas que passam por 62 munic\u00edpios da regi\u00e3o de Rio Claro, no centro do Estado, at\u00e9 Panorama, no extremo oeste, na divisa com o Mato Grosso do Sul. O maior contrato sob supervis\u00e3o da Artesp \u2013 Ag\u00eancia Reguladora de Transportes do Estado de S\u00e3o Paulo, ter\u00e1 investimentos na ordem de R$ 14 bilh\u00f5es em obras de amplia\u00e7\u00e3o, conserva\u00e7\u00e3o, al\u00e9m da moderniza\u00e7\u00e3o de servi\u00e7os ao usu\u00e1rio. Mais informa\u00e7\u00f5es acesse:\u00a0<a href=\"http:\/\/www.eixosp.com.br\/\" target=\"_blank\" rel=\"noopener noreferrer\" data-saferedirecturl=\"https:\/\/www.google.com\/url?q=http:\/\/www.eixosp.com.br\/&amp;source=gmail&amp;ust=1602089041793000&amp;usg=AFQjCNFkqMURO07hgqiYdq5vREMtef42GQ\">www.eixosp.com.br<\/a><u><\/u><\/p>\n","protected":false},"excerpt":{"rendered":"<p>Avan\u00e7am os trabalhos de frentes de obras do segundo segmento da SP 294 \u2013 Rodovia Comandante Jo\u00e3o Ribeiro de Barros, na regi\u00e3o de Presidente Prudente. At\u00e9 domingo, 11, as interven\u00e7\u00f5es ir\u00e3o alterar as condi\u00e7\u00f5es de tr\u00e1fego no segmento que abrange 14 munic\u00edpios. \u00a0\u00a0 \u00a0 O cronograma definido pelo setor de Engenharia e Planejamento da Eixo [&hellip;]<\/p>\n","protected":false},"author":8,"featured_media":27875,"comment_status":"closed","ping_status":"open","sticky":false,"template":"","format":"standard","meta":{"_acf_changed":false,"_exactmetrics_skip_tracking":false,"_exactmetrics_sitenote_active":false,"_exactmetrics_sitenote_note":"","_exactmetrics_sitenote_category":0,"footnotes":""},"categories":[24],"tags":[],"class_list":["post-27874","post","type-post","status-publish","format-standard","has-post-thumbnail","hentry","category-regiao"],"acf":[],"yoast_head":"<!-- This site is optimized with the Yoast SEO plugin v27.2 - https:\/\/yoast.com\/product\/yoast-seo-wordpress\/ -->\n<title>SP 294 ter\u00e1 Pare e Siga para obras no pavimento na regi\u00e3o de Prudente - R\u00e1dio Life FM<\/title>\n<meta name=\"robots\" content=\"index, follow, max-snippet:-1, max-image-preview:large, max-video-preview:-1\" \/>\n<link rel=\"canonical\" href=\"https:\/\/radiolifefm.com.br\/noticias\/sp-294-tera-pare-e-siga-para-obras-no-pavimento-na-regiao-de-prudente\/\" \/>\n<meta property=\"og:locale\" content=\"pt_BR\" \/>\n<meta property=\"og:type\" content=\"article\" \/>\n<meta property=\"og:title\" content=\"SP 294 ter\u00e1 Pare e Siga para obras no pavimento na regi\u00e3o de Prudente - R\u00e1dio Life FM\" \/>\n<meta property=\"og:description\" content=\"Avan\u00e7am os trabalhos de frentes de obras do segundo segmento da SP 294 \u2013 Rodovia Comandante Jo\u00e3o Ribeiro de Barros, na regi\u00e3o de Presidente Prudente. At\u00e9 domingo, 11, as interven\u00e7\u00f5es ir\u00e3o alterar as condi\u00e7\u00f5es de tr\u00e1fego no segmento que abrange 14 munic\u00edpios. \u00a0\u00a0 \u00a0 O cronograma definido pelo setor de Engenharia e Planejamento da Eixo [&hellip;]\" \/>\n<meta property=\"og:url\" content=\"https:\/\/radiolifefm.com.br\/noticias\/sp-294-tera-pare-e-siga-para-obras-no-pavimento-na-regiao-de-prudente\/\" \/>\n<meta property=\"og:site_name\" content=\"R\u00e1dio Life FM\" \/>\n<meta property=\"article:publisher\" content=\"https:\/\/www.facebook.com\/radiolifefm\/\" \/>\n<meta property=\"article:published_time\" content=\"2020-10-06T16:55:48+00:00\" \/>\n<meta property=\"article:modified_time\" content=\"2026-04-23T12:21:05+00:00\" \/>\n<meta property=\"og:image\" content=\"https:\/\/radiolifefm.com.br\/noticias\/wp-content\/uploads\/2020\/10\/unnamed.png\" \/>\n\t<meta property=\"og:image:width\" content=\"567\" \/>\n\t<meta property=\"og:image:height\" content=\"325\" \/>\n\t<meta property=\"og:image:type\" content=\"image\/png\" \/>\n<meta name=\"author\" content=\"joaograndao\" \/>\n<meta name=\"twitter:card\" content=\"summary_large_image\" \/>\n<meta name=\"twitter:label1\" content=\"Escrito por\" \/>\n\t<meta name=\"twitter:data1\" content=\"joaograndao\" \/>\n\t<meta name=\"twitter:label2\" content=\"Est. tempo de leitura\" \/>\n\t<meta name=\"twitter:data2\" content=\"2 minutos\" \/>\n<script type=\"application\/ld+json\" class=\"yoast-schema-graph\">{\"@context\":\"https:\/\/schema.org\",\"@graph\":[{\"@type\":\"Article\",\"@id\":\"https:\/\/radiolifefm.com.br\/noticias\/sp-294-tera-pare-e-siga-para-obras-no-pavimento-na-regiao-de-prudente\/#article\",\"isPartOf\":{\"@id\":\"https:\/\/radiolifefm.com.br\/noticias\/sp-294-tera-pare-e-siga-para-obras-no-pavimento-na-regiao-de-prudente\/\"},\"author\":{\"name\":\"joaograndao\",\"@id\":\"https:\/\/radiolifefm.com.br\/noticias\/#\/schema\/person\/6876e1240feffe6e1b63fd5cb85abf28\"},\"headline\":\"SP 294 ter\u00e1 Pare e Siga para obras no pavimento na regi\u00e3o de Prudente\",\"datePublished\":\"2020-10-06T16:55:48+00:00\",\"dateModified\":\"2026-04-23T12:21:05+00:00\",\"mainEntityOfPage\":{\"@id\":\"https:\/\/radiolifefm.com.br\/noticias\/sp-294-tera-pare-e-siga-para-obras-no-pavimento-na-regiao-de-prudente\/\"},\"wordCount\":402,\"publisher\":{\"@id\":\"https:\/\/radiolifefm.com.br\/noticias\/#organization\"},\"image\":{\"@id\":\"https:\/\/radiolifefm.com.br\/noticias\/sp-294-tera-pare-e-siga-para-obras-no-pavimento-na-regiao-de-prudente\/#primaryimage\"},\"thumbnailUrl\":\"https:\/\/radiolifefm.com.br\/noticias\/wp-content\/uploads\/2020\/10\/unnamed.png\",\"articleSection\":[\"Regi\u00e3o\"],\"inLanguage\":\"pt-BR\"},{\"@type\":\"WebPage\",\"@id\":\"https:\/\/radiolifefm.com.br\/noticias\/sp-294-tera-pare-e-siga-para-obras-no-pavimento-na-regiao-de-prudente\/\",\"url\":\"https:\/\/radiolifefm.com.br\/noticias\/sp-294-tera-pare-e-siga-para-obras-no-pavimento-na-regiao-de-prudente\/\",\"name\":\"SP 294 ter\u00e1 Pare e Siga para obras no pavimento na regi\u00e3o de Prudente - R\u00e1dio Life FM\",\"isPartOf\":{\"@id\":\"https:\/\/radiolifefm.com.br\/noticias\/#website\"},\"primaryImageOfPage\":{\"@id\":\"https:\/\/radiolifefm.com.br\/noticias\/sp-294-tera-pare-e-siga-para-obras-no-pavimento-na-regiao-de-prudente\/#primaryimage\"},\"image\":{\"@id\":\"https:\/\/radiolifefm.com.br\/noticias\/sp-294-tera-pare-e-siga-para-obras-no-pavimento-na-regiao-de-prudente\/#primaryimage\"},\"thumbnailUrl\":\"https:\/\/radiolifefm.com.br\/noticias\/wp-content\/uploads\/2020\/10\/unnamed.png\",\"datePublished\":\"2020-10-06T16:55:48+00:00\",\"dateModified\":\"2026-04-23T12:21:05+00:00\",\"breadcrumb\":{\"@id\":\"https:\/\/radiolifefm.com.br\/noticias\/sp-294-tera-pare-e-siga-para-obras-no-pavimento-na-regiao-de-prudente\/#breadcrumb\"},\"inLanguage\":\"pt-BR\",\"potentialAction\":[{\"@type\":\"ReadAction\",\"target\":[\"https:\/\/radiolifefm.com.br\/noticias\/sp-294-tera-pare-e-siga-para-obras-no-pavimento-na-regiao-de-prudente\/\"]}]},{\"@type\":\"ImageObject\",\"inLanguage\":\"pt-BR\",\"@id\":\"https:\/\/radiolifefm.com.br\/noticias\/sp-294-tera-pare-e-siga-para-obras-no-pavimento-na-regiao-de-prudente\/#primaryimage\",\"url\":\"https:\/\/radiolifefm.com.br\/noticias\/wp-content\/uploads\/2020\/10\/unnamed.png\",\"contentUrl\":\"https:\/\/radiolifefm.com.br\/noticias\/wp-content\/uploads\/2020\/10\/unnamed.png\",\"width\":567,\"height\":325,\"caption\":\"Equipes d\u00e3o sequ\u00eancia ao trabalho em 14 cidades\"},{\"@type\":\"BreadcrumbList\",\"@id\":\"https:\/\/radiolifefm.com.br\/noticias\/sp-294-tera-pare-e-siga-para-obras-no-pavimento-na-regiao-de-prudente\/#breadcrumb\",\"itemListElement\":[{\"@type\":\"ListItem\",\"position\":1,\"name\":\"In\u00edcio\",\"item\":\"https:\/\/radiolifefm.com.br\/noticias\/\"},{\"@type\":\"ListItem\",\"position\":2,\"name\":\"SP 294 ter\u00e1 Pare e Siga para obras no pavimento na regi\u00e3o de Prudente\"}]},{\"@type\":\"WebSite\",\"@id\":\"https:\/\/radiolifefm.com.br\/noticias\/#website\",\"url\":\"https:\/\/radiolifefm.com.br\/noticias\/\",\"name\":\"R\u00e1dio Life FM\",\"description\":\"O Portal de Not\u00edcias de Adamantina\",\"publisher\":{\"@id\":\"https:\/\/radiolifefm.com.br\/noticias\/#organization\"},\"alternateName\":\"Life FM\",\"potentialAction\":[{\"@type\":\"SearchAction\",\"target\":{\"@type\":\"EntryPoint\",\"urlTemplate\":\"https:\/\/radiolifefm.com.br\/noticias\/?s={search_term_string}\"},\"query-input\":{\"@type\":\"PropertyValueSpecification\",\"valueRequired\":true,\"valueName\":\"search_term_string\"}}],\"inLanguage\":\"pt-BR\"},{\"@type\":\"Organization\",\"@id\":\"https:\/\/radiolifefm.com.br\/noticias\/#organization\",\"name\":\"R\u00e1dio Life FM\",\"alternateName\":\"Life FM\",\"url\":\"https:\/\/radiolifefm.com.br\/noticias\/\",\"logo\":{\"@type\":\"ImageObject\",\"inLanguage\":\"pt-BR\",\"@id\":\"https:\/\/radiolifefm.com.br\/noticias\/#\/schema\/logo\/image\/\",\"url\":\"https:\/\/static.radiolifefm.com.br\/noticias\/wp-content\/uploads\/2019\/10\/logo-lifefm.png\",\"contentUrl\":\"https:\/\/static.radiolifefm.com.br\/noticias\/wp-content\/uploads\/2019\/10\/logo-lifefm.png\",\"width\":196,\"height\":47,\"caption\":\"R\u00e1dio Life FM\"},\"image\":{\"@id\":\"https:\/\/radiolifefm.com.br\/noticias\/#\/schema\/logo\/image\/\"},\"sameAs\":[\"https:\/\/www.facebook.com\/radiolifefm\/\",\"https:\/\/www.instagram.com\/life1079fm\/\"]},{\"@type\":\"Person\",\"@id\":\"https:\/\/radiolifefm.com.br\/noticias\/#\/schema\/person\/6876e1240feffe6e1b63fd5cb85abf28\",\"name\":\"joaograndao\",\"image\":{\"@type\":\"ImageObject\",\"inLanguage\":\"pt-BR\",\"@id\":\"https:\/\/secure.gravatar.com\/avatar\/d5b1a3cf357ed9c50404e256a1294083aa8ab5d2a994001567302786016cb32c?s=96&d=mm&r=g\",\"url\":\"https:\/\/secure.gravatar.com\/avatar\/d5b1a3cf357ed9c50404e256a1294083aa8ab5d2a994001567302786016cb32c?s=96&d=mm&r=g\",\"contentUrl\":\"https:\/\/secure.gravatar.com\/avatar\/d5b1a3cf357ed9c50404e256a1294083aa8ab5d2a994001567302786016cb32c?s=96&d=mm&r=g\",\"caption\":\"joaograndao\"}}]}<\/script>\n<!-- \/ Yoast SEO plugin. -->","yoast_head_json":{"title":"SP 294 ter\u00e1 Pare e Siga para obras no pavimento na regi\u00e3o de Prudente - R\u00e1dio Life FM","robots":{"index":"index","follow":"follow","max-snippet":"max-snippet:-1","max-image-preview":"max-image-preview:large","max-video-preview":"max-video-preview:-1"},"canonical":"https:\/\/radiolifefm.com.br\/noticias\/sp-294-tera-pare-e-siga-para-obras-no-pavimento-na-regiao-de-prudente\/","og_locale":"pt_BR","og_type":"article","og_title":"SP 294 ter\u00e1 Pare e Siga para obras no pavimento na regi\u00e3o de Prudente - R\u00e1dio Life FM","og_description":"Avan\u00e7am os trabalhos de frentes de obras do segundo segmento da SP 294 \u2013 Rodovia Comandante Jo\u00e3o Ribeiro de Barros, na regi\u00e3o de Presidente Prudente. At\u00e9 domingo, 11, as interven\u00e7\u00f5es ir\u00e3o alterar as condi\u00e7\u00f5es de tr\u00e1fego no segmento que abrange 14 munic\u00edpios. \u00a0\u00a0 \u00a0 O cronograma definido pelo setor de Engenharia e Planejamento da Eixo [&hellip;]","og_url":"https:\/\/radiolifefm.com.br\/noticias\/sp-294-tera-pare-e-siga-para-obras-no-pavimento-na-regiao-de-prudente\/","og_site_name":"R\u00e1dio Life FM","article_publisher":"https:\/\/www.facebook.com\/radiolifefm\/","article_published_time":"2020-10-06T16:55:48+00:00","article_modified_time":"2026-04-23T12:21:05+00:00","og_image":[{"width":567,"height":325,"url":"https:\/\/radiolifefm.com.br\/noticias\/wp-content\/uploads\/2020\/10\/unnamed.png","type":"image\/png"}],"author":"joaograndao","twitter_card":"summary_large_image","twitter_misc":{"Escrito por":"joaograndao","Est. tempo de leitura":"2 minutos"},"schema":{"@context":"https:\/\/schema.org","@graph":[{"@type":"Article","@id":"https:\/\/radiolifefm.com.br\/noticias\/sp-294-tera-pare-e-siga-para-obras-no-pavimento-na-regiao-de-prudente\/#article","isPartOf":{"@id":"https:\/\/radiolifefm.com.br\/noticias\/sp-294-tera-pare-e-siga-para-obras-no-pavimento-na-regiao-de-prudente\/"},"author":{"name":"joaograndao","@id":"https:\/\/radiolifefm.com.br\/noticias\/#\/schema\/person\/6876e1240feffe6e1b63fd5cb85abf28"},"headline":"SP 294 ter\u00e1 Pare e Siga para obras no pavimento na regi\u00e3o de Prudente","datePublished":"2020-10-06T16:55:48+00:00","dateModified":"2026-04-23T12:21:05+00:00","mainEntityOfPage":{"@id":"https:\/\/radiolifefm.com.br\/noticias\/sp-294-tera-pare-e-siga-para-obras-no-pavimento-na-regiao-de-prudente\/"},"wordCount":402,"publisher":{"@id":"https:\/\/radiolifefm.com.br\/noticias\/#organization"},"image":{"@id":"https:\/\/radiolifefm.com.br\/noticias\/sp-294-tera-pare-e-siga-para-obras-no-pavimento-na-regiao-de-prudente\/#primaryimage"},"thumbnailUrl":"https:\/\/radiolifefm.com.br\/noticias\/wp-content\/uploads\/2020\/10\/unnamed.png","articleSection":["Regi\u00e3o"],"inLanguage":"pt-BR"},{"@type":"WebPage","@id":"https:\/\/radiolifefm.com.br\/noticias\/sp-294-tera-pare-e-siga-para-obras-no-pavimento-na-regiao-de-prudente\/","url":"https:\/\/radiolifefm.com.br\/noticias\/sp-294-tera-pare-e-siga-para-obras-no-pavimento-na-regiao-de-prudente\/","name":"SP 294 ter\u00e1 Pare e Siga para obras no pavimento na regi\u00e3o de Prudente - R\u00e1dio Life FM","isPartOf":{"@id":"https:\/\/radiolifefm.com.br\/noticias\/#website"},"primaryImageOfPage":{"@id":"https:\/\/radiolifefm.com.br\/noticias\/sp-294-tera-pare-e-siga-para-obras-no-pavimento-na-regiao-de-prudente\/#primaryimage"},"image":{"@id":"https:\/\/radiolifefm.com.br\/noticias\/sp-294-tera-pare-e-siga-para-obras-no-pavimento-na-regiao-de-prudente\/#primaryimage"},"thumbnailUrl":"https:\/\/radiolifefm.com.br\/noticias\/wp-content\/uploads\/2020\/10\/unnamed.png","datePublished":"2020-10-06T16:55:48+00:00","dateModified":"2026-04-23T12:21:05+00:00","breadcrumb":{"@id":"https:\/\/radiolifefm.com.br\/noticias\/sp-294-tera-pare-e-siga-para-obras-no-pavimento-na-regiao-de-prudente\/#breadcrumb"},"inLanguage":"pt-BR","potentialAction":[{"@type":"ReadAction","target":["https:\/\/radiolifefm.com.br\/noticias\/sp-294-tera-pare-e-siga-para-obras-no-pavimento-na-regiao-de-prudente\/"]}]},{"@type":"ImageObject","inLanguage":"pt-BR","@id":"https:\/\/radiolifefm.com.br\/noticias\/sp-294-tera-pare-e-siga-para-obras-no-pavimento-na-regiao-de-prudente\/#primaryimage","url":"https:\/\/radiolifefm.com.br\/noticias\/wp-content\/uploads\/2020\/10\/unnamed.png","contentUrl":"https:\/\/radiolifefm.com.br\/noticias\/wp-content\/uploads\/2020\/10\/unnamed.png","width":567,"height":325,"caption":"Equipes d\u00e3o sequ\u00eancia ao trabalho em 14 cidades"},{"@type":"BreadcrumbList","@id":"https:\/\/radiolifefm.com.br\/noticias\/sp-294-tera-pare-e-siga-para-obras-no-pavimento-na-regiao-de-prudente\/#breadcrumb","itemListElement":[{"@type":"ListItem","position":1,"name":"In\u00edcio","item":"https:\/\/radiolifefm.com.br\/noticias\/"},{"@type":"ListItem","position":2,"name":"SP 294 ter\u00e1 Pare e Siga para obras no pavimento na regi\u00e3o de Prudente"}]},{"@type":"WebSite","@id":"https:\/\/radiolifefm.com.br\/noticias\/#website","url":"https:\/\/radiolifefm.com.br\/noticias\/","name":"R\u00e1dio Life FM","description":"O Portal de Not\u00edcias de Adamantina","publisher":{"@id":"https:\/\/radiolifefm.com.br\/noticias\/#organization"},"alternateName":"Life FM","potentialAction":[{"@type":"SearchAction","target":{"@type":"EntryPoint","urlTemplate":"https:\/\/radiolifefm.com.br\/noticias\/?s={search_term_string}"},"query-input":{"@type":"PropertyValueSpecification","valueRequired":true,"valueName":"search_term_string"}}],"inLanguage":"pt-BR"},{"@type":"Organization","@id":"https:\/\/radiolifefm.com.br\/noticias\/#organization","name":"R\u00e1dio Life FM","alternateName":"Life FM","url":"https:\/\/radiolifefm.com.br\/noticias\/","logo":{"@type":"ImageObject","inLanguage":"pt-BR","@id":"https:\/\/radiolifefm.com.br\/noticias\/#\/schema\/logo\/image\/","url":"https:\/\/static.radiolifefm.com.br\/noticias\/wp-content\/uploads\/2019\/10\/logo-lifefm.png","contentUrl":"https:\/\/static.radiolifefm.com.br\/noticias\/wp-content\/uploads\/2019\/10\/logo-lifefm.png","width":196,"height":47,"caption":"R\u00e1dio Life FM"},"image":{"@id":"https:\/\/radiolifefm.com.br\/noticias\/#\/schema\/logo\/image\/"},"sameAs":["https:\/\/www.facebook.com\/radiolifefm\/","https:\/\/www.instagram.com\/life1079fm\/"]},{"@type":"Person","@id":"https:\/\/radiolifefm.com.br\/noticias\/#\/schema\/person\/6876e1240feffe6e1b63fd5cb85abf28","name":"joaograndao","image":{"@type":"ImageObject","inLanguage":"pt-BR","@id":"https:\/\/secure.gravatar.com\/avatar\/d5b1a3cf357ed9c50404e256a1294083aa8ab5d2a994001567302786016cb32c?s=96&d=mm&r=g","url":"https:\/\/secure.gravatar.com\/avatar\/d5b1a3cf357ed9c50404e256a1294083aa8ab5d2a994001567302786016cb32c?s=96&d=mm&r=g","contentUrl":"https:\/\/secure.gravatar.com\/avatar\/d5b1a3cf357ed9c50404e256a1294083aa8ab5d2a994001567302786016cb32c?s=96&d=mm&r=g","caption":"joaograndao"}}]}},"amp_enabled":true,"_links":{"self":[{"href":"https:\/\/radiolifefm.com.br\/noticias\/wp-json\/wp\/v2\/posts\/27874","targetHints":{"allow":["GET"]}}],"collection":[{"href":"https:\/\/radiolifefm.com.br\/noticias\/wp-json\/wp\/v2\/posts"}],"about":[{"href":"https:\/\/radiolifefm.com.br\/noticias\/wp-json\/wp\/v2\/types\/post"}],"author":[{"embeddable":true,"href":"https:\/\/radiolifefm.com.br\/noticias\/wp-json\/wp\/v2\/users\/8"}],"replies":[{"embeddable":true,"href":"https:\/\/radiolifefm.com.br\/noticias\/wp-json\/wp\/v2\/comments?post=27874"}],"version-history":[{"count":1,"href":"https:\/\/radiolifefm.com.br\/noticias\/wp-json\/wp\/v2\/posts\/27874\/revisions"}],"predecessor-version":[{"id":27876,"href":"https:\/\/radiolifefm.com.br\/noticias\/wp-json\/wp\/v2\/posts\/27874\/revisions\/27876"}],"wp:featuredmedia":[{"embeddable":true,"href":"https:\/\/radiolifefm.com.br\/noticias\/wp-json\/wp\/v2\/media\/27875"}],"wp:attachment":[{"href":"https:\/\/radiolifefm.com.br\/noticias\/wp-json\/wp\/v2\/media?parent=27874"}],"wp:term":[{"taxonomy":"category","embeddable":true,"href":"https:\/\/radiolifefm.com.br\/noticias\/wp-json\/wp\/v2\/categories?post=27874"},{"taxonomy":"post_tag","embeddable":true,"href":"https:\/\/radiolifefm.com.br\/noticias\/wp-json\/wp\/v2\/tags?post=27874"}],"curies":[{"name":"wp","href":"https:\/\/api.w.org\/{rel}","templated":true}]}}