{"id":27815,"date":"2020-10-05T10:04:39","date_gmt":"2020-10-05T13:04:39","guid":{"rendered":"https:\/\/radiolifefm.com.br\/noticias\/?p=27815"},"modified":"2026-03-16T18:01:30","modified_gmt":"2026-03-16T21:01:30","slug":"o-que-aconteceu-com-o-alipio-sergio-barbosa","status":"publish","type":"post","link":"https:\/\/radiolifefm.com.br\/noticias\/o-que-aconteceu-com-o-alipio-sergio-barbosa\/","title":{"rendered":"O QUE ACONTECEU COM O \u201cAL\u00cdPIO\u201d?&#8230;- S\u00e9rgio Barbosa"},"content":{"rendered":"<div id=\"fb-root\"><\/div>\n<p>Naquelas conversas de outrora, ou seja, do passado que continuava no mesmo lugar de sempre para o AL\u00cdPIO, pode-se descrever que nem tudo era o que parecia ser do lado do mesmo e deu no que deu&#8230;<\/p>\n<p>Mesmo assim, todos os desencontros que ocorreram naqueles lados do AL\u00cdPIO foram programados de um jeito que era pra dar tudo errado, assim, nada se poderia fazer para resolver tais ocasos&#8230;<\/p>\n<p>De tudo o que se passou naqueles momentos mais do que complicados para o AL\u00cdPIO, talvez as coisas estivessem sem controle faz algum tempo, portanto, o resultado era mais do que esperado&#8230;<\/p>\n<p>De que adiantou todos os conselhos mediados pelos outros em benef\u00edcio da causa do AL\u00cdPIO, por isso e mais aquilo o resultado estava sendo esperado neste cen\u00e1rio um tanto quanto complicado para o mesmo&#8230;<\/p>\n<p>As viagens que aconteceram neste per\u00edodo em busca de um resultado sem mais e sem menos, pode ter causado tais divaga\u00e7\u00f5es para o AL\u00cdPIO, por\u00e9m, nem tudo estava de acordo com as possibilidades&#8230;<\/p>\n<p>Mas, como sempre, existem outras respostas para uma \u00fanica d\u00favida, assim, acredita-se que o AL\u00cdPIO sabia das coisas sem ter no\u00e7\u00e3o da realidade na qual estava envolvido&#8230;<\/p>\n<p>O que era pra ter sido feito neste meio do caminho estava do outro lado daquela porta que s\u00f3 o AL\u00cdPIO sabia como abrir, assim, suas escolhas foram determinantes para tais resultados&#8230;<\/p>\n<p>Apenas quem esteve com o AL\u00cdPIO pode saber melhor destas conversas sobre suas viagens em busca daquela outra pessoa, todavia, o mesmo estava sempre em estado de alerta contra tudo e todos&#8230;<\/p>\n<p>Mesmo assim, nada do que se perdeu neste meio termo das condi\u00e7\u00f5es adversas do AL\u00cdPIO est\u00e1 em desacordo com suas pretens\u00f5es divinas, entretanto, cada qual deve saber onde buscar suas respostas&#8230;<\/p>\n<p>Das incertezas que existem para todos os sonhadores de plant\u00e3o, acredita-se que o AL\u00cdPIO estava em sintonia com todas as previs\u00f5es sobre o seu futuro sem passado, por isso, tudo era poss\u00edvel em meio ao imposs\u00edvel&#8230;<\/p>\n<p>Como saber aquilo que n\u00e3o existe neste cen\u00e1rio patrocinado pelas mensagens que chegam sem maiores considera\u00e7\u00f5es com o AL\u00cdPIO, assim, nada se pode esperar deste contexto viciado pelas contradi\u00e7\u00f5es do mesmo&#8230;<\/p>\n<p>Al\u00e9m do mais em meio ao tudo de menos neste caso do AL\u00cdPIO, talvez o mesmo possa dar a volta por cima sem passar por debaixo da ponte, tendo em vista a necessidade de chegar do outro lado do seu tempo&#8230;<\/p>\n<p>S\u00d3 QUE CONHECE O AL\u00cdPIO SABE DISTO OU DAQUILO&#8230;<\/p>\n<p>&nbsp;<\/p>\n<div class='flex flex-wrap items-center -mx-1'>\r\n<a class='thumbnail gallery p-1 w-1\/2 md:w-1\/4' href='https:\/\/radiolifefm.com.br\/noticias\/wp-content\/uploads\/2020\/10\/DSC03039-scaled.jpg'><img class='border border-white' src='https:\/\/radiolifefm.com.br\/noticias\/wp-content\/uploads\/2020\/10\/DSC03039-200x200.jpg' alt='DSC03039' \/><\/a><a class='thumbnail gallery p-1 w-1\/2 md:w-1\/4' href='https:\/\/radiolifefm.com.br\/noticias\/wp-content\/uploads\/2020\/10\/DSC03209-scaled.jpg'><img class='border border-white' src='https:\/\/radiolifefm.com.br\/noticias\/wp-content\/uploads\/2020\/10\/DSC03209-200x200.jpg' alt='DSC03209' \/><\/a><\/div>\n<p><em>____________________________<\/em><\/p>\n<p><em>(*) jornalista diplomado e professor universit\u00e1rio. <\/em><\/p>\n<p><em>\u00a0<\/em><\/p>\n","protected":false},"excerpt":{"rendered":"<p>Naquelas conversas de outrora, ou seja, do passado que continuava no mesmo lugar de sempre para o AL\u00cdPIO, pode-se descrever que nem tudo era o que parecia ser do lado do mesmo e deu no que deu&#8230; Mesmo assim, todos os desencontros que ocorreram naqueles lados do AL\u00cdPIO foram programados de um jeito que era [&hellip;]<\/p>\n","protected":false},"author":8,"featured_media":27818,"comment_status":"closed","ping_status":"open","sticky":false,"template":"","format":"standard","meta":{"_acf_changed":false,"_exactmetrics_skip_tracking":false,"_exactmetrics_sitenote_active":false,"_exactmetrics_sitenote_note":"","_exactmetrics_sitenote_category":0,"footnotes":""},"categories":[59],"tags":[],"class_list":["post-27815","post","type-post","status-publish","format-standard","has-post-thumbnail","hentry","category-opiniao"],"acf":[],"yoast_head":"<!-- This site is optimized with the Yoast SEO plugin v27.2 - https:\/\/yoast.com\/product\/yoast-seo-wordpress\/ -->\n<title>O QUE ACONTECEU COM O \u201cAL\u00cdPIO\u201d?...- S\u00e9rgio Barbosa - R\u00e1dio Life FM<\/title>\n<meta name=\"robots\" content=\"index, follow, max-snippet:-1, max-image-preview:large, max-video-preview:-1\" \/>\n<link rel=\"canonical\" href=\"https:\/\/radiolifefm.com.br\/noticias\/o-que-aconteceu-com-o-alipio-sergio-barbosa\/\" \/>\n<meta property=\"og:locale\" content=\"pt_BR\" \/>\n<meta property=\"og:type\" content=\"article\" \/>\n<meta property=\"og:title\" content=\"O QUE ACONTECEU COM O \u201cAL\u00cdPIO\u201d?...- S\u00e9rgio Barbosa - R\u00e1dio Life FM\" \/>\n<meta property=\"og:description\" content=\"Naquelas conversas de outrora, ou seja, do passado que continuava no mesmo lugar de sempre para o AL\u00cdPIO, pode-se descrever que nem tudo era o que parecia ser do lado do mesmo e deu no que deu&#8230; Mesmo assim, todos os desencontros que ocorreram naqueles lados do AL\u00cdPIO foram programados de um jeito que era [&hellip;]\" \/>\n<meta property=\"og:url\" content=\"https:\/\/radiolifefm.com.br\/noticias\/o-que-aconteceu-com-o-alipio-sergio-barbosa\/\" \/>\n<meta property=\"og:site_name\" content=\"R\u00e1dio Life FM\" \/>\n<meta property=\"article:publisher\" content=\"https:\/\/www.facebook.com\/radiolifefm\/\" \/>\n<meta property=\"article:published_time\" content=\"2020-10-05T13:04:39+00:00\" \/>\n<meta property=\"article:modified_time\" content=\"2026-03-16T21:01:30+00:00\" \/>\n<meta property=\"og:image\" content=\"https:\/\/radiolifefm.com.br\/noticias\/wp-content\/uploads\/2020\/10\/DSC04301-scaled.jpg\" \/>\n\t<meta property=\"og:image:width\" content=\"2560\" \/>\n\t<meta property=\"og:image:height\" content=\"1920\" \/>\n\t<meta property=\"og:image:type\" content=\"image\/jpeg\" \/>\n<meta name=\"author\" content=\"joaograndao\" \/>\n<meta name=\"twitter:card\" content=\"summary_large_image\" \/>\n<meta name=\"twitter:label1\" content=\"Escrito por\" \/>\n\t<meta name=\"twitter:data1\" content=\"joaograndao\" \/>\n\t<meta name=\"twitter:label2\" content=\"Est. tempo de leitura\" \/>\n\t<meta name=\"twitter:data2\" content=\"2 minutos\" \/>\n<script type=\"application\/ld+json\" class=\"yoast-schema-graph\">{\"@context\":\"https:\/\/schema.org\",\"@graph\":[{\"@type\":\"Article\",\"@id\":\"https:\/\/radiolifefm.com.br\/noticias\/o-que-aconteceu-com-o-alipio-sergio-barbosa\/#article\",\"isPartOf\":{\"@id\":\"https:\/\/radiolifefm.com.br\/noticias\/o-que-aconteceu-com-o-alipio-sergio-barbosa\/\"},\"author\":{\"name\":\"joaograndao\",\"@id\":\"https:\/\/radiolifefm.com.br\/noticias\/#\/schema\/person\/6876e1240feffe6e1b63fd5cb85abf28\"},\"headline\":\"O QUE ACONTECEU COM O \u201cAL\u00cdPIO\u201d?&#8230;- S\u00e9rgio Barbosa\",\"datePublished\":\"2020-10-05T13:04:39+00:00\",\"dateModified\":\"2026-03-16T21:01:30+00:00\",\"mainEntityOfPage\":{\"@id\":\"https:\/\/radiolifefm.com.br\/noticias\/o-que-aconteceu-com-o-alipio-sergio-barbosa\/\"},\"wordCount\":459,\"publisher\":{\"@id\":\"https:\/\/radiolifefm.com.br\/noticias\/#organization\"},\"image\":{\"@id\":\"https:\/\/radiolifefm.com.br\/noticias\/o-que-aconteceu-com-o-alipio-sergio-barbosa\/#primaryimage\"},\"thumbnailUrl\":\"https:\/\/radiolifefm.com.br\/noticias\/wp-content\/uploads\/2020\/10\/DSC04301-scaled.jpg\",\"articleSection\":[\"Opini\u00e3o\"],\"inLanguage\":\"pt-BR\"},{\"@type\":\"WebPage\",\"@id\":\"https:\/\/radiolifefm.com.br\/noticias\/o-que-aconteceu-com-o-alipio-sergio-barbosa\/\",\"url\":\"https:\/\/radiolifefm.com.br\/noticias\/o-que-aconteceu-com-o-alipio-sergio-barbosa\/\",\"name\":\"O QUE ACONTECEU COM O \u201cAL\u00cdPIO\u201d?...- S\u00e9rgio Barbosa - R\u00e1dio Life FM\",\"isPartOf\":{\"@id\":\"https:\/\/radiolifefm.com.br\/noticias\/#website\"},\"primaryImageOfPage\":{\"@id\":\"https:\/\/radiolifefm.com.br\/noticias\/o-que-aconteceu-com-o-alipio-sergio-barbosa\/#primaryimage\"},\"image\":{\"@id\":\"https:\/\/radiolifefm.com.br\/noticias\/o-que-aconteceu-com-o-alipio-sergio-barbosa\/#primaryimage\"},\"thumbnailUrl\":\"https:\/\/radiolifefm.com.br\/noticias\/wp-content\/uploads\/2020\/10\/DSC04301-scaled.jpg\",\"datePublished\":\"2020-10-05T13:04:39+00:00\",\"dateModified\":\"2026-03-16T21:01:30+00:00\",\"breadcrumb\":{\"@id\":\"https:\/\/radiolifefm.com.br\/noticias\/o-que-aconteceu-com-o-alipio-sergio-barbosa\/#breadcrumb\"},\"inLanguage\":\"pt-BR\",\"potentialAction\":[{\"@type\":\"ReadAction\",\"target\":[\"https:\/\/radiolifefm.com.br\/noticias\/o-que-aconteceu-com-o-alipio-sergio-barbosa\/\"]}]},{\"@type\":\"ImageObject\",\"inLanguage\":\"pt-BR\",\"@id\":\"https:\/\/radiolifefm.com.br\/noticias\/o-que-aconteceu-com-o-alipio-sergio-barbosa\/#primaryimage\",\"url\":\"https:\/\/radiolifefm.com.br\/noticias\/wp-content\/uploads\/2020\/10\/DSC04301-scaled.jpg\",\"contentUrl\":\"https:\/\/radiolifefm.com.br\/noticias\/wp-content\/uploads\/2020\/10\/DSC04301-scaled.jpg\",\"width\":2560,\"height\":1920,\"caption\":\"\u201cTrocar um sofrimento por outro \u00e9, muitas vezes, t\u00e3o grande al\u00edvio como sentir o fim do sofrimento.\u201d (Elizabeth Goudge)\"},{\"@type\":\"BreadcrumbList\",\"@id\":\"https:\/\/radiolifefm.com.br\/noticias\/o-que-aconteceu-com-o-alipio-sergio-barbosa\/#breadcrumb\",\"itemListElement\":[{\"@type\":\"ListItem\",\"position\":1,\"name\":\"In\u00edcio\",\"item\":\"https:\/\/radiolifefm.com.br\/noticias\/\"},{\"@type\":\"ListItem\",\"position\":2,\"name\":\"O QUE ACONTECEU COM O \u201cAL\u00cdPIO\u201d?&#8230;- S\u00e9rgio Barbosa\"}]},{\"@type\":\"WebSite\",\"@id\":\"https:\/\/radiolifefm.com.br\/noticias\/#website\",\"url\":\"https:\/\/radiolifefm.com.br\/noticias\/\",\"name\":\"R\u00e1dio Life FM\",\"description\":\"O Portal de Not\u00edcias de Adamantina\",\"publisher\":{\"@id\":\"https:\/\/radiolifefm.com.br\/noticias\/#organization\"},\"alternateName\":\"Life FM\",\"potentialAction\":[{\"@type\":\"SearchAction\",\"target\":{\"@type\":\"EntryPoint\",\"urlTemplate\":\"https:\/\/radiolifefm.com.br\/noticias\/?s={search_term_string}\"},\"query-input\":{\"@type\":\"PropertyValueSpecification\",\"valueRequired\":true,\"valueName\":\"search_term_string\"}}],\"inLanguage\":\"pt-BR\"},{\"@type\":\"Organization\",\"@id\":\"https:\/\/radiolifefm.com.br\/noticias\/#organization\",\"name\":\"R\u00e1dio Life FM\",\"alternateName\":\"Life FM\",\"url\":\"https:\/\/radiolifefm.com.br\/noticias\/\",\"logo\":{\"@type\":\"ImageObject\",\"inLanguage\":\"pt-BR\",\"@id\":\"https:\/\/radiolifefm.com.br\/noticias\/#\/schema\/logo\/image\/\",\"url\":\"https:\/\/static.radiolifefm.com.br\/noticias\/wp-content\/uploads\/2019\/10\/logo-lifefm.png\",\"contentUrl\":\"https:\/\/static.radiolifefm.com.br\/noticias\/wp-content\/uploads\/2019\/10\/logo-lifefm.png\",\"width\":196,\"height\":47,\"caption\":\"R\u00e1dio Life FM\"},\"image\":{\"@id\":\"https:\/\/radiolifefm.com.br\/noticias\/#\/schema\/logo\/image\/\"},\"sameAs\":[\"https:\/\/www.facebook.com\/radiolifefm\/\",\"https:\/\/www.instagram.com\/life1079fm\/\"]},{\"@type\":\"Person\",\"@id\":\"https:\/\/radiolifefm.com.br\/noticias\/#\/schema\/person\/6876e1240feffe6e1b63fd5cb85abf28\",\"name\":\"joaograndao\",\"image\":{\"@type\":\"ImageObject\",\"inLanguage\":\"pt-BR\",\"@id\":\"https:\/\/secure.gravatar.com\/avatar\/d5b1a3cf357ed9c50404e256a1294083aa8ab5d2a994001567302786016cb32c?s=96&d=mm&r=g\",\"url\":\"https:\/\/secure.gravatar.com\/avatar\/d5b1a3cf357ed9c50404e256a1294083aa8ab5d2a994001567302786016cb32c?s=96&d=mm&r=g\",\"contentUrl\":\"https:\/\/secure.gravatar.com\/avatar\/d5b1a3cf357ed9c50404e256a1294083aa8ab5d2a994001567302786016cb32c?s=96&d=mm&r=g\",\"caption\":\"joaograndao\"}}]}<\/script>\n<!-- \/ Yoast SEO plugin. -->","yoast_head_json":{"title":"O QUE ACONTECEU COM O \u201cAL\u00cdPIO\u201d?...- S\u00e9rgio Barbosa - R\u00e1dio Life FM","robots":{"index":"index","follow":"follow","max-snippet":"max-snippet:-1","max-image-preview":"max-image-preview:large","max-video-preview":"max-video-preview:-1"},"canonical":"https:\/\/radiolifefm.com.br\/noticias\/o-que-aconteceu-com-o-alipio-sergio-barbosa\/","og_locale":"pt_BR","og_type":"article","og_title":"O QUE ACONTECEU COM O \u201cAL\u00cdPIO\u201d?...- S\u00e9rgio Barbosa - R\u00e1dio Life FM","og_description":"Naquelas conversas de outrora, ou seja, do passado que continuava no mesmo lugar de sempre para o AL\u00cdPIO, pode-se descrever que nem tudo era o que parecia ser do lado do mesmo e deu no que deu&#8230; Mesmo assim, todos os desencontros que ocorreram naqueles lados do AL\u00cdPIO foram programados de um jeito que era [&hellip;]","og_url":"https:\/\/radiolifefm.com.br\/noticias\/o-que-aconteceu-com-o-alipio-sergio-barbosa\/","og_site_name":"R\u00e1dio Life FM","article_publisher":"https:\/\/www.facebook.com\/radiolifefm\/","article_published_time":"2020-10-05T13:04:39+00:00","article_modified_time":"2026-03-16T21:01:30+00:00","og_image":[{"width":2560,"height":1920,"url":"https:\/\/radiolifefm.com.br\/noticias\/wp-content\/uploads\/2020\/10\/DSC04301-scaled.jpg","type":"image\/jpeg"}],"author":"joaograndao","twitter_card":"summary_large_image","twitter_misc":{"Escrito por":"joaograndao","Est. tempo de leitura":"2 minutos"},"schema":{"@context":"https:\/\/schema.org","@graph":[{"@type":"Article","@id":"https:\/\/radiolifefm.com.br\/noticias\/o-que-aconteceu-com-o-alipio-sergio-barbosa\/#article","isPartOf":{"@id":"https:\/\/radiolifefm.com.br\/noticias\/o-que-aconteceu-com-o-alipio-sergio-barbosa\/"},"author":{"name":"joaograndao","@id":"https:\/\/radiolifefm.com.br\/noticias\/#\/schema\/person\/6876e1240feffe6e1b63fd5cb85abf28"},"headline":"O QUE ACONTECEU COM O \u201cAL\u00cdPIO\u201d?&#8230;- S\u00e9rgio Barbosa","datePublished":"2020-10-05T13:04:39+00:00","dateModified":"2026-03-16T21:01:30+00:00","mainEntityOfPage":{"@id":"https:\/\/radiolifefm.com.br\/noticias\/o-que-aconteceu-com-o-alipio-sergio-barbosa\/"},"wordCount":459,"publisher":{"@id":"https:\/\/radiolifefm.com.br\/noticias\/#organization"},"image":{"@id":"https:\/\/radiolifefm.com.br\/noticias\/o-que-aconteceu-com-o-alipio-sergio-barbosa\/#primaryimage"},"thumbnailUrl":"https:\/\/radiolifefm.com.br\/noticias\/wp-content\/uploads\/2020\/10\/DSC04301-scaled.jpg","articleSection":["Opini\u00e3o"],"inLanguage":"pt-BR"},{"@type":"WebPage","@id":"https:\/\/radiolifefm.com.br\/noticias\/o-que-aconteceu-com-o-alipio-sergio-barbosa\/","url":"https:\/\/radiolifefm.com.br\/noticias\/o-que-aconteceu-com-o-alipio-sergio-barbosa\/","name":"O QUE ACONTECEU COM O \u201cAL\u00cdPIO\u201d?...- S\u00e9rgio Barbosa - R\u00e1dio Life FM","isPartOf":{"@id":"https:\/\/radiolifefm.com.br\/noticias\/#website"},"primaryImageOfPage":{"@id":"https:\/\/radiolifefm.com.br\/noticias\/o-que-aconteceu-com-o-alipio-sergio-barbosa\/#primaryimage"},"image":{"@id":"https:\/\/radiolifefm.com.br\/noticias\/o-que-aconteceu-com-o-alipio-sergio-barbosa\/#primaryimage"},"thumbnailUrl":"https:\/\/radiolifefm.com.br\/noticias\/wp-content\/uploads\/2020\/10\/DSC04301-scaled.jpg","datePublished":"2020-10-05T13:04:39+00:00","dateModified":"2026-03-16T21:01:30+00:00","breadcrumb":{"@id":"https:\/\/radiolifefm.com.br\/noticias\/o-que-aconteceu-com-o-alipio-sergio-barbosa\/#breadcrumb"},"inLanguage":"pt-BR","potentialAction":[{"@type":"ReadAction","target":["https:\/\/radiolifefm.com.br\/noticias\/o-que-aconteceu-com-o-alipio-sergio-barbosa\/"]}]},{"@type":"ImageObject","inLanguage":"pt-BR","@id":"https:\/\/radiolifefm.com.br\/noticias\/o-que-aconteceu-com-o-alipio-sergio-barbosa\/#primaryimage","url":"https:\/\/radiolifefm.com.br\/noticias\/wp-content\/uploads\/2020\/10\/DSC04301-scaled.jpg","contentUrl":"https:\/\/radiolifefm.com.br\/noticias\/wp-content\/uploads\/2020\/10\/DSC04301-scaled.jpg","width":2560,"height":1920,"caption":"\u201cTrocar um sofrimento por outro \u00e9, muitas vezes, t\u00e3o grande al\u00edvio como sentir o fim do sofrimento.\u201d (Elizabeth Goudge)"},{"@type":"BreadcrumbList","@id":"https:\/\/radiolifefm.com.br\/noticias\/o-que-aconteceu-com-o-alipio-sergio-barbosa\/#breadcrumb","itemListElement":[{"@type":"ListItem","position":1,"name":"In\u00edcio","item":"https:\/\/radiolifefm.com.br\/noticias\/"},{"@type":"ListItem","position":2,"name":"O QUE ACONTECEU COM O \u201cAL\u00cdPIO\u201d?&#8230;- S\u00e9rgio Barbosa"}]},{"@type":"WebSite","@id":"https:\/\/radiolifefm.com.br\/noticias\/#website","url":"https:\/\/radiolifefm.com.br\/noticias\/","name":"R\u00e1dio Life FM","description":"O Portal de Not\u00edcias de Adamantina","publisher":{"@id":"https:\/\/radiolifefm.com.br\/noticias\/#organization"},"alternateName":"Life FM","potentialAction":[{"@type":"SearchAction","target":{"@type":"EntryPoint","urlTemplate":"https:\/\/radiolifefm.com.br\/noticias\/?s={search_term_string}"},"query-input":{"@type":"PropertyValueSpecification","valueRequired":true,"valueName":"search_term_string"}}],"inLanguage":"pt-BR"},{"@type":"Organization","@id":"https:\/\/radiolifefm.com.br\/noticias\/#organization","name":"R\u00e1dio Life FM","alternateName":"Life FM","url":"https:\/\/radiolifefm.com.br\/noticias\/","logo":{"@type":"ImageObject","inLanguage":"pt-BR","@id":"https:\/\/radiolifefm.com.br\/noticias\/#\/schema\/logo\/image\/","url":"https:\/\/static.radiolifefm.com.br\/noticias\/wp-content\/uploads\/2019\/10\/logo-lifefm.png","contentUrl":"https:\/\/static.radiolifefm.com.br\/noticias\/wp-content\/uploads\/2019\/10\/logo-lifefm.png","width":196,"height":47,"caption":"R\u00e1dio Life FM"},"image":{"@id":"https:\/\/radiolifefm.com.br\/noticias\/#\/schema\/logo\/image\/"},"sameAs":["https:\/\/www.facebook.com\/radiolifefm\/","https:\/\/www.instagram.com\/life1079fm\/"]},{"@type":"Person","@id":"https:\/\/radiolifefm.com.br\/noticias\/#\/schema\/person\/6876e1240feffe6e1b63fd5cb85abf28","name":"joaograndao","image":{"@type":"ImageObject","inLanguage":"pt-BR","@id":"https:\/\/secure.gravatar.com\/avatar\/d5b1a3cf357ed9c50404e256a1294083aa8ab5d2a994001567302786016cb32c?s=96&d=mm&r=g","url":"https:\/\/secure.gravatar.com\/avatar\/d5b1a3cf357ed9c50404e256a1294083aa8ab5d2a994001567302786016cb32c?s=96&d=mm&r=g","contentUrl":"https:\/\/secure.gravatar.com\/avatar\/d5b1a3cf357ed9c50404e256a1294083aa8ab5d2a994001567302786016cb32c?s=96&d=mm&r=g","caption":"joaograndao"}}]}},"amp_enabled":true,"_links":{"self":[{"href":"https:\/\/radiolifefm.com.br\/noticias\/wp-json\/wp\/v2\/posts\/27815","targetHints":{"allow":["GET"]}}],"collection":[{"href":"https:\/\/radiolifefm.com.br\/noticias\/wp-json\/wp\/v2\/posts"}],"about":[{"href":"https:\/\/radiolifefm.com.br\/noticias\/wp-json\/wp\/v2\/types\/post"}],"author":[{"embeddable":true,"href":"https:\/\/radiolifefm.com.br\/noticias\/wp-json\/wp\/v2\/users\/8"}],"replies":[{"embeddable":true,"href":"https:\/\/radiolifefm.com.br\/noticias\/wp-json\/wp\/v2\/comments?post=27815"}],"version-history":[{"count":1,"href":"https:\/\/radiolifefm.com.br\/noticias\/wp-json\/wp\/v2\/posts\/27815\/revisions"}],"predecessor-version":[{"id":27819,"href":"https:\/\/radiolifefm.com.br\/noticias\/wp-json\/wp\/v2\/posts\/27815\/revisions\/27819"}],"wp:featuredmedia":[{"embeddable":true,"href":"https:\/\/radiolifefm.com.br\/noticias\/wp-json\/wp\/v2\/media\/27818"}],"wp:attachment":[{"href":"https:\/\/radiolifefm.com.br\/noticias\/wp-json\/wp\/v2\/media?parent=27815"}],"wp:term":[{"taxonomy":"category","embeddable":true,"href":"https:\/\/radiolifefm.com.br\/noticias\/wp-json\/wp\/v2\/categories?post=27815"},{"taxonomy":"post_tag","embeddable":true,"href":"https:\/\/radiolifefm.com.br\/noticias\/wp-json\/wp\/v2\/tags?post=27815"}],"curies":[{"name":"wp","href":"https:\/\/api.w.org\/{rel}","templated":true}]}}