{"id":27777,"date":"2020-10-02T22:46:55","date_gmt":"2020-10-03T01:46:55","guid":{"rendered":"https:\/\/radiolifefm.com.br\/noticias\/?p=27777"},"modified":"2026-04-23T01:17:58","modified_gmt":"2026-04-23T04:17:58","slug":"policia-civil-prende-mais-3-pessoas-na-regiao-de-dracena","status":"publish","type":"post","link":"https:\/\/radiolifefm.com.br\/noticias\/policia-civil-prende-mais-3-pessoas-na-regiao-de-dracena\/","title":{"rendered":"Pol\u00edcia Civil prende mais 3 pessoas na Regi\u00e3o de  Dracena"},"content":{"rendered":"<div id=\"fb-root\"><\/div>\n<div class=\"mc-column content-text active-extra-styles \" data-block-type=\"unstyled\" data-block-weight=\"34\" data-block-id=\"2\"><\/div>\n<div class=\"wall protected-content\">\n<div class=\"mc-column content-text active-extra-styles\" data-block-type=\"raw\" data-block-weight=\"111\" data-block-id=\"4\">\n<blockquote class=\"content-blockquote theme-border-color-primary-before\">\n<p style=\"font-weight: 400\"><em>Na \u00e1rea da Delegacia Seccional de Pol\u00edcia de Dracena do dia 30\/09 at\u00e9 2\/10, foram presos 4 homens e 1 adolescente internado, al\u00e9m de drogas, dinheiro e outros objetos foram apreendidas\u00a0<\/em><\/p>\n<p style=\"font-weight: 400\">A Pol\u00edcia Civil por interm\u00e9dio da Delegacia de Pol\u00edcia de Junqueir\u00f3polis dando continuidade \u00e0s a\u00e7\u00f5es de Pol\u00edcia Judici\u00e1ria da \u00e1rea da Delegacia Seccional de Dracena, cumpriu 4 mandados judiciais entre ontem e hoje (01 e 02\/10).<\/p>\n<p style=\"font-weight: 400\">Foram cumpridos Mandados de Pris\u00e3o em face de tr\u00eas maiores de idade e um Mandado de Interna\u00e7\u00e3o de adolescente.\u00a0\u00a0Os mandados referentes aos maiores de idade, dois de pris\u00e3o e um de interna\u00e7\u00e3o compuls\u00f3ria, tratam de envolvimento com pr\u00e1ticas delituosas de viol\u00eancia dom\u00e9stica.\u00a0\u00a0J\u00e1 o menor foi apreendido por ordem judicial pela pr\u00e1tica reiterada de furtos, com o mesmo foi localizado 2 por\u00e7\u00f5es de coca\u00edna.<\/p>\n<p style=\"font-weight: 400\">Os maiores ser\u00e3o encaminhados \u00e0 Cadeia P\u00fablica de Pres. Venceslau e ap\u00f3s, removidos para unidades prisionais da SAP. O adolescente ser\u00e1 encaminhando \u00e0 Funda\u00e7\u00e3o Casa.<\/p>\n<p style=\"font-weight: 400\">Maiores Informa\u00e7\u00f5es:<\/p>\n<p style=\"font-weight: 400\">Delegacia Seccional de Policia de Dracena<\/p>\n<p style=\"font-weight: 400\">Fone: 18-3822-2022<\/p>\n<\/blockquote>\n<div class='flex flex-wrap items-center -mx-1'>\r\n<a class='thumbnail gallery p-1 w-1\/2 md:w-1\/4' href='https:\/\/radiolifefm.com.br\/noticias\/wp-content\/uploads\/2020\/10\/SECCIONAL.-DRACENA-1.jpg'><img class='border border-white' src='https:\/\/radiolifefm.com.br\/noticias\/wp-content\/uploads\/2020\/10\/SECCIONAL.-DRACENA-1-200x200.jpg' alt='SECCIONAL. DRACENA' \/><\/a><a class='thumbnail gallery p-1 w-1\/2 md:w-1\/4' href='https:\/\/radiolifefm.com.br\/noticias\/wp-content\/uploads\/2020\/10\/DEL-POL.-JUNQUEIROPOLIS.jpg'><img class='border border-white' src='https:\/\/radiolifefm.com.br\/noticias\/wp-content\/uploads\/2020\/10\/DEL-POL.-JUNQUEIROPOLIS-200x200.jpg' alt='DEL POL. JUNQUEIR\u00d3POLIS' \/><\/a><\/div>\n<\/div>\n<\/div>\n","protected":false},"excerpt":{"rendered":"<p>Na \u00e1rea da Delegacia Seccional de Pol\u00edcia de Dracena do dia 30\/09 at\u00e9 2\/10, foram presos 4 homens e 1 adolescente internado, al\u00e9m de drogas, dinheiro e outros objetos foram apreendidas\u00a0 A Pol\u00edcia Civil por interm\u00e9dio da Delegacia de Pol\u00edcia de Junqueir\u00f3polis dando continuidade \u00e0s a\u00e7\u00f5es de Pol\u00edcia Judici\u00e1ria da \u00e1rea da Delegacia Seccional de [&hellip;]<\/p>\n","protected":false},"author":8,"featured_media":27778,"comment_status":"closed","ping_status":"open","sticky":false,"template":"","format":"standard","meta":{"_acf_changed":false,"_exactmetrics_skip_tracking":false,"_exactmetrics_sitenote_active":false,"_exactmetrics_sitenote_note":"","_exactmetrics_sitenote_category":0,"footnotes":""},"categories":[24],"tags":[],"class_list":["post-27777","post","type-post","status-publish","format-standard","has-post-thumbnail","hentry","category-regiao"],"acf":[],"yoast_head":"<!-- This site is optimized with the Yoast SEO plugin v27.2 - https:\/\/yoast.com\/product\/yoast-seo-wordpress\/ -->\n<title>Pol\u00edcia Civil prende mais 3 pessoas na Regi\u00e3o de Dracena - R\u00e1dio Life FM<\/title>\n<meta name=\"robots\" content=\"index, follow, max-snippet:-1, max-image-preview:large, max-video-preview:-1\" \/>\n<link rel=\"canonical\" href=\"https:\/\/radiolifefm.com.br\/noticias\/policia-civil-prende-mais-3-pessoas-na-regiao-de-dracena\/\" \/>\n<meta property=\"og:locale\" content=\"pt_BR\" \/>\n<meta property=\"og:type\" content=\"article\" \/>\n<meta property=\"og:title\" content=\"Pol\u00edcia Civil prende mais 3 pessoas na Regi\u00e3o de Dracena - R\u00e1dio Life FM\" \/>\n<meta property=\"og:description\" content=\"Na \u00e1rea da Delegacia Seccional de Pol\u00edcia de Dracena do dia 30\/09 at\u00e9 2\/10, foram presos 4 homens e 1 adolescente internado, al\u00e9m de drogas, dinheiro e outros objetos foram apreendidas\u00a0 A Pol\u00edcia Civil por interm\u00e9dio da Delegacia de Pol\u00edcia de Junqueir\u00f3polis dando continuidade \u00e0s a\u00e7\u00f5es de Pol\u00edcia Judici\u00e1ria da \u00e1rea da Delegacia Seccional de [&hellip;]\" \/>\n<meta property=\"og:url\" content=\"https:\/\/radiolifefm.com.br\/noticias\/policia-civil-prende-mais-3-pessoas-na-regiao-de-dracena\/\" \/>\n<meta property=\"og:site_name\" content=\"R\u00e1dio Life FM\" \/>\n<meta property=\"article:publisher\" content=\"https:\/\/www.facebook.com\/radiolifefm\/\" \/>\n<meta property=\"article:published_time\" content=\"2020-10-03T01:46:55+00:00\" \/>\n<meta property=\"article:modified_time\" content=\"2026-04-23T04:17:58+00:00\" \/>\n<meta property=\"og:image\" content=\"https:\/\/radiolifefm.com.br\/noticias\/wp-content\/uploads\/2020\/10\/DIG-DISE-DRACENA.jpeg\" \/>\n\t<meta property=\"og:image:width\" content=\"934\" \/>\n\t<meta property=\"og:image:height\" content=\"754\" \/>\n\t<meta property=\"og:image:type\" content=\"image\/jpeg\" \/>\n<meta name=\"author\" content=\"joaograndao\" \/>\n<meta name=\"twitter:card\" content=\"summary_large_image\" \/>\n<meta name=\"twitter:label1\" content=\"Escrito por\" \/>\n\t<meta name=\"twitter:data1\" content=\"joaograndao\" \/>\n\t<meta name=\"twitter:label2\" content=\"Est. tempo de leitura\" \/>\n\t<meta name=\"twitter:data2\" content=\"1 minuto\" \/>\n<script type=\"application\/ld+json\" class=\"yoast-schema-graph\">{\"@context\":\"https:\/\/schema.org\",\"@graph\":[{\"@type\":\"Article\",\"@id\":\"https:\/\/radiolifefm.com.br\/noticias\/policia-civil-prende-mais-3-pessoas-na-regiao-de-dracena\/#article\",\"isPartOf\":{\"@id\":\"https:\/\/radiolifefm.com.br\/noticias\/policia-civil-prende-mais-3-pessoas-na-regiao-de-dracena\/\"},\"author\":{\"name\":\"joaograndao\",\"@id\":\"https:\/\/radiolifefm.com.br\/noticias\/#\/schema\/person\/6876e1240feffe6e1b63fd5cb85abf28\"},\"headline\":\"Pol\u00edcia Civil prende mais 3 pessoas na Regi\u00e3o de Dracena\",\"datePublished\":\"2020-10-03T01:46:55+00:00\",\"dateModified\":\"2026-04-23T04:17:58+00:00\",\"mainEntityOfPage\":{\"@id\":\"https:\/\/radiolifefm.com.br\/noticias\/policia-civil-prende-mais-3-pessoas-na-regiao-de-dracena\/\"},\"wordCount\":199,\"publisher\":{\"@id\":\"https:\/\/radiolifefm.com.br\/noticias\/#organization\"},\"image\":{\"@id\":\"https:\/\/radiolifefm.com.br\/noticias\/policia-civil-prende-mais-3-pessoas-na-regiao-de-dracena\/#primaryimage\"},\"thumbnailUrl\":\"https:\/\/radiolifefm.com.br\/noticias\/wp-content\/uploads\/2020\/10\/DIG-DISE-DRACENA.jpeg\",\"articleSection\":[\"Regi\u00e3o\"],\"inLanguage\":\"pt-BR\"},{\"@type\":\"WebPage\",\"@id\":\"https:\/\/radiolifefm.com.br\/noticias\/policia-civil-prende-mais-3-pessoas-na-regiao-de-dracena\/\",\"url\":\"https:\/\/radiolifefm.com.br\/noticias\/policia-civil-prende-mais-3-pessoas-na-regiao-de-dracena\/\",\"name\":\"Pol\u00edcia Civil prende mais 3 pessoas na Regi\u00e3o de Dracena - R\u00e1dio Life FM\",\"isPartOf\":{\"@id\":\"https:\/\/radiolifefm.com.br\/noticias\/#website\"},\"primaryImageOfPage\":{\"@id\":\"https:\/\/radiolifefm.com.br\/noticias\/policia-civil-prende-mais-3-pessoas-na-regiao-de-dracena\/#primaryimage\"},\"image\":{\"@id\":\"https:\/\/radiolifefm.com.br\/noticias\/policia-civil-prende-mais-3-pessoas-na-regiao-de-dracena\/#primaryimage\"},\"thumbnailUrl\":\"https:\/\/radiolifefm.com.br\/noticias\/wp-content\/uploads\/2020\/10\/DIG-DISE-DRACENA.jpeg\",\"datePublished\":\"2020-10-03T01:46:55+00:00\",\"dateModified\":\"2026-04-23T04:17:58+00:00\",\"breadcrumb\":{\"@id\":\"https:\/\/radiolifefm.com.br\/noticias\/policia-civil-prende-mais-3-pessoas-na-regiao-de-dracena\/#breadcrumb\"},\"inLanguage\":\"pt-BR\",\"potentialAction\":[{\"@type\":\"ReadAction\",\"target\":[\"https:\/\/radiolifefm.com.br\/noticias\/policia-civil-prende-mais-3-pessoas-na-regiao-de-dracena\/\"]}]},{\"@type\":\"ImageObject\",\"inLanguage\":\"pt-BR\",\"@id\":\"https:\/\/radiolifefm.com.br\/noticias\/policia-civil-prende-mais-3-pessoas-na-regiao-de-dracena\/#primaryimage\",\"url\":\"https:\/\/radiolifefm.com.br\/noticias\/wp-content\/uploads\/2020\/10\/DIG-DISE-DRACENA.jpeg\",\"contentUrl\":\"https:\/\/radiolifefm.com.br\/noticias\/wp-content\/uploads\/2020\/10\/DIG-DISE-DRACENA.jpeg\",\"width\":934,\"height\":754},{\"@type\":\"BreadcrumbList\",\"@id\":\"https:\/\/radiolifefm.com.br\/noticias\/policia-civil-prende-mais-3-pessoas-na-regiao-de-dracena\/#breadcrumb\",\"itemListElement\":[{\"@type\":\"ListItem\",\"position\":1,\"name\":\"In\u00edcio\",\"item\":\"https:\/\/radiolifefm.com.br\/noticias\/\"},{\"@type\":\"ListItem\",\"position\":2,\"name\":\"Pol\u00edcia Civil prende mais 3 pessoas na Regi\u00e3o de Dracena\"}]},{\"@type\":\"WebSite\",\"@id\":\"https:\/\/radiolifefm.com.br\/noticias\/#website\",\"url\":\"https:\/\/radiolifefm.com.br\/noticias\/\",\"name\":\"R\u00e1dio Life FM\",\"description\":\"O Portal de Not\u00edcias de Adamantina\",\"publisher\":{\"@id\":\"https:\/\/radiolifefm.com.br\/noticias\/#organization\"},\"alternateName\":\"Life FM\",\"potentialAction\":[{\"@type\":\"SearchAction\",\"target\":{\"@type\":\"EntryPoint\",\"urlTemplate\":\"https:\/\/radiolifefm.com.br\/noticias\/?s={search_term_string}\"},\"query-input\":{\"@type\":\"PropertyValueSpecification\",\"valueRequired\":true,\"valueName\":\"search_term_string\"}}],\"inLanguage\":\"pt-BR\"},{\"@type\":\"Organization\",\"@id\":\"https:\/\/radiolifefm.com.br\/noticias\/#organization\",\"name\":\"R\u00e1dio Life FM\",\"alternateName\":\"Life FM\",\"url\":\"https:\/\/radiolifefm.com.br\/noticias\/\",\"logo\":{\"@type\":\"ImageObject\",\"inLanguage\":\"pt-BR\",\"@id\":\"https:\/\/radiolifefm.com.br\/noticias\/#\/schema\/logo\/image\/\",\"url\":\"https:\/\/static.radiolifefm.com.br\/noticias\/wp-content\/uploads\/2019\/10\/logo-lifefm.png\",\"contentUrl\":\"https:\/\/static.radiolifefm.com.br\/noticias\/wp-content\/uploads\/2019\/10\/logo-lifefm.png\",\"width\":196,\"height\":47,\"caption\":\"R\u00e1dio Life FM\"},\"image\":{\"@id\":\"https:\/\/radiolifefm.com.br\/noticias\/#\/schema\/logo\/image\/\"},\"sameAs\":[\"https:\/\/www.facebook.com\/radiolifefm\/\",\"https:\/\/www.instagram.com\/life1079fm\/\"]},{\"@type\":\"Person\",\"@id\":\"https:\/\/radiolifefm.com.br\/noticias\/#\/schema\/person\/6876e1240feffe6e1b63fd5cb85abf28\",\"name\":\"joaograndao\",\"image\":{\"@type\":\"ImageObject\",\"inLanguage\":\"pt-BR\",\"@id\":\"https:\/\/secure.gravatar.com\/avatar\/d5b1a3cf357ed9c50404e256a1294083aa8ab5d2a994001567302786016cb32c?s=96&d=mm&r=g\",\"url\":\"https:\/\/secure.gravatar.com\/avatar\/d5b1a3cf357ed9c50404e256a1294083aa8ab5d2a994001567302786016cb32c?s=96&d=mm&r=g\",\"contentUrl\":\"https:\/\/secure.gravatar.com\/avatar\/d5b1a3cf357ed9c50404e256a1294083aa8ab5d2a994001567302786016cb32c?s=96&d=mm&r=g\",\"caption\":\"joaograndao\"}}]}<\/script>\n<!-- \/ Yoast SEO plugin. -->","yoast_head_json":{"title":"Pol\u00edcia Civil prende mais 3 pessoas na Regi\u00e3o de Dracena - R\u00e1dio Life FM","robots":{"index":"index","follow":"follow","max-snippet":"max-snippet:-1","max-image-preview":"max-image-preview:large","max-video-preview":"max-video-preview:-1"},"canonical":"https:\/\/radiolifefm.com.br\/noticias\/policia-civil-prende-mais-3-pessoas-na-regiao-de-dracena\/","og_locale":"pt_BR","og_type":"article","og_title":"Pol\u00edcia Civil prende mais 3 pessoas na Regi\u00e3o de Dracena - R\u00e1dio Life FM","og_description":"Na \u00e1rea da Delegacia Seccional de Pol\u00edcia de Dracena do dia 30\/09 at\u00e9 2\/10, foram presos 4 homens e 1 adolescente internado, al\u00e9m de drogas, dinheiro e outros objetos foram apreendidas\u00a0 A Pol\u00edcia Civil por interm\u00e9dio da Delegacia de Pol\u00edcia de Junqueir\u00f3polis dando continuidade \u00e0s a\u00e7\u00f5es de Pol\u00edcia Judici\u00e1ria da \u00e1rea da Delegacia Seccional de [&hellip;]","og_url":"https:\/\/radiolifefm.com.br\/noticias\/policia-civil-prende-mais-3-pessoas-na-regiao-de-dracena\/","og_site_name":"R\u00e1dio Life FM","article_publisher":"https:\/\/www.facebook.com\/radiolifefm\/","article_published_time":"2020-10-03T01:46:55+00:00","article_modified_time":"2026-04-23T04:17:58+00:00","og_image":[{"width":934,"height":754,"url":"https:\/\/radiolifefm.com.br\/noticias\/wp-content\/uploads\/2020\/10\/DIG-DISE-DRACENA.jpeg","type":"image\/jpeg"}],"author":"joaograndao","twitter_card":"summary_large_image","twitter_misc":{"Escrito por":"joaograndao","Est. tempo de leitura":"1 minuto"},"schema":{"@context":"https:\/\/schema.org","@graph":[{"@type":"Article","@id":"https:\/\/radiolifefm.com.br\/noticias\/policia-civil-prende-mais-3-pessoas-na-regiao-de-dracena\/#article","isPartOf":{"@id":"https:\/\/radiolifefm.com.br\/noticias\/policia-civil-prende-mais-3-pessoas-na-regiao-de-dracena\/"},"author":{"name":"joaograndao","@id":"https:\/\/radiolifefm.com.br\/noticias\/#\/schema\/person\/6876e1240feffe6e1b63fd5cb85abf28"},"headline":"Pol\u00edcia Civil prende mais 3 pessoas na Regi\u00e3o de Dracena","datePublished":"2020-10-03T01:46:55+00:00","dateModified":"2026-04-23T04:17:58+00:00","mainEntityOfPage":{"@id":"https:\/\/radiolifefm.com.br\/noticias\/policia-civil-prende-mais-3-pessoas-na-regiao-de-dracena\/"},"wordCount":199,"publisher":{"@id":"https:\/\/radiolifefm.com.br\/noticias\/#organization"},"image":{"@id":"https:\/\/radiolifefm.com.br\/noticias\/policia-civil-prende-mais-3-pessoas-na-regiao-de-dracena\/#primaryimage"},"thumbnailUrl":"https:\/\/radiolifefm.com.br\/noticias\/wp-content\/uploads\/2020\/10\/DIG-DISE-DRACENA.jpeg","articleSection":["Regi\u00e3o"],"inLanguage":"pt-BR"},{"@type":"WebPage","@id":"https:\/\/radiolifefm.com.br\/noticias\/policia-civil-prende-mais-3-pessoas-na-regiao-de-dracena\/","url":"https:\/\/radiolifefm.com.br\/noticias\/policia-civil-prende-mais-3-pessoas-na-regiao-de-dracena\/","name":"Pol\u00edcia Civil prende mais 3 pessoas na Regi\u00e3o de Dracena - R\u00e1dio Life FM","isPartOf":{"@id":"https:\/\/radiolifefm.com.br\/noticias\/#website"},"primaryImageOfPage":{"@id":"https:\/\/radiolifefm.com.br\/noticias\/policia-civil-prende-mais-3-pessoas-na-regiao-de-dracena\/#primaryimage"},"image":{"@id":"https:\/\/radiolifefm.com.br\/noticias\/policia-civil-prende-mais-3-pessoas-na-regiao-de-dracena\/#primaryimage"},"thumbnailUrl":"https:\/\/radiolifefm.com.br\/noticias\/wp-content\/uploads\/2020\/10\/DIG-DISE-DRACENA.jpeg","datePublished":"2020-10-03T01:46:55+00:00","dateModified":"2026-04-23T04:17:58+00:00","breadcrumb":{"@id":"https:\/\/radiolifefm.com.br\/noticias\/policia-civil-prende-mais-3-pessoas-na-regiao-de-dracena\/#breadcrumb"},"inLanguage":"pt-BR","potentialAction":[{"@type":"ReadAction","target":["https:\/\/radiolifefm.com.br\/noticias\/policia-civil-prende-mais-3-pessoas-na-regiao-de-dracena\/"]}]},{"@type":"ImageObject","inLanguage":"pt-BR","@id":"https:\/\/radiolifefm.com.br\/noticias\/policia-civil-prende-mais-3-pessoas-na-regiao-de-dracena\/#primaryimage","url":"https:\/\/radiolifefm.com.br\/noticias\/wp-content\/uploads\/2020\/10\/DIG-DISE-DRACENA.jpeg","contentUrl":"https:\/\/radiolifefm.com.br\/noticias\/wp-content\/uploads\/2020\/10\/DIG-DISE-DRACENA.jpeg","width":934,"height":754},{"@type":"BreadcrumbList","@id":"https:\/\/radiolifefm.com.br\/noticias\/policia-civil-prende-mais-3-pessoas-na-regiao-de-dracena\/#breadcrumb","itemListElement":[{"@type":"ListItem","position":1,"name":"In\u00edcio","item":"https:\/\/radiolifefm.com.br\/noticias\/"},{"@type":"ListItem","position":2,"name":"Pol\u00edcia Civil prende mais 3 pessoas na Regi\u00e3o de Dracena"}]},{"@type":"WebSite","@id":"https:\/\/radiolifefm.com.br\/noticias\/#website","url":"https:\/\/radiolifefm.com.br\/noticias\/","name":"R\u00e1dio Life FM","description":"O Portal de Not\u00edcias de Adamantina","publisher":{"@id":"https:\/\/radiolifefm.com.br\/noticias\/#organization"},"alternateName":"Life FM","potentialAction":[{"@type":"SearchAction","target":{"@type":"EntryPoint","urlTemplate":"https:\/\/radiolifefm.com.br\/noticias\/?s={search_term_string}"},"query-input":{"@type":"PropertyValueSpecification","valueRequired":true,"valueName":"search_term_string"}}],"inLanguage":"pt-BR"},{"@type":"Organization","@id":"https:\/\/radiolifefm.com.br\/noticias\/#organization","name":"R\u00e1dio Life FM","alternateName":"Life FM","url":"https:\/\/radiolifefm.com.br\/noticias\/","logo":{"@type":"ImageObject","inLanguage":"pt-BR","@id":"https:\/\/radiolifefm.com.br\/noticias\/#\/schema\/logo\/image\/","url":"https:\/\/static.radiolifefm.com.br\/noticias\/wp-content\/uploads\/2019\/10\/logo-lifefm.png","contentUrl":"https:\/\/static.radiolifefm.com.br\/noticias\/wp-content\/uploads\/2019\/10\/logo-lifefm.png","width":196,"height":47,"caption":"R\u00e1dio Life FM"},"image":{"@id":"https:\/\/radiolifefm.com.br\/noticias\/#\/schema\/logo\/image\/"},"sameAs":["https:\/\/www.facebook.com\/radiolifefm\/","https:\/\/www.instagram.com\/life1079fm\/"]},{"@type":"Person","@id":"https:\/\/radiolifefm.com.br\/noticias\/#\/schema\/person\/6876e1240feffe6e1b63fd5cb85abf28","name":"joaograndao","image":{"@type":"ImageObject","inLanguage":"pt-BR","@id":"https:\/\/secure.gravatar.com\/avatar\/d5b1a3cf357ed9c50404e256a1294083aa8ab5d2a994001567302786016cb32c?s=96&d=mm&r=g","url":"https:\/\/secure.gravatar.com\/avatar\/d5b1a3cf357ed9c50404e256a1294083aa8ab5d2a994001567302786016cb32c?s=96&d=mm&r=g","contentUrl":"https:\/\/secure.gravatar.com\/avatar\/d5b1a3cf357ed9c50404e256a1294083aa8ab5d2a994001567302786016cb32c?s=96&d=mm&r=g","caption":"joaograndao"}}]}},"amp_enabled":true,"_links":{"self":[{"href":"https:\/\/radiolifefm.com.br\/noticias\/wp-json\/wp\/v2\/posts\/27777","targetHints":{"allow":["GET"]}}],"collection":[{"href":"https:\/\/radiolifefm.com.br\/noticias\/wp-json\/wp\/v2\/posts"}],"about":[{"href":"https:\/\/radiolifefm.com.br\/noticias\/wp-json\/wp\/v2\/types\/post"}],"author":[{"embeddable":true,"href":"https:\/\/radiolifefm.com.br\/noticias\/wp-json\/wp\/v2\/users\/8"}],"replies":[{"embeddable":true,"href":"https:\/\/radiolifefm.com.br\/noticias\/wp-json\/wp\/v2\/comments?post=27777"}],"version-history":[{"count":5,"href":"https:\/\/radiolifefm.com.br\/noticias\/wp-json\/wp\/v2\/posts\/27777\/revisions"}],"predecessor-version":[{"id":27786,"href":"https:\/\/radiolifefm.com.br\/noticias\/wp-json\/wp\/v2\/posts\/27777\/revisions\/27786"}],"wp:featuredmedia":[{"embeddable":true,"href":"https:\/\/radiolifefm.com.br\/noticias\/wp-json\/wp\/v2\/media\/27778"}],"wp:attachment":[{"href":"https:\/\/radiolifefm.com.br\/noticias\/wp-json\/wp\/v2\/media?parent=27777"}],"wp:term":[{"taxonomy":"category","embeddable":true,"href":"https:\/\/radiolifefm.com.br\/noticias\/wp-json\/wp\/v2\/categories?post=27777"},{"taxonomy":"post_tag","embeddable":true,"href":"https:\/\/radiolifefm.com.br\/noticias\/wp-json\/wp\/v2\/tags?post=27777"}],"curies":[{"name":"wp","href":"https:\/\/api.w.org\/{rel}","templated":true}]}}