{"id":27694,"date":"2020-10-02T10:03:18","date_gmt":"2020-10-02T13:03:18","guid":{"rendered":"https:\/\/radiolifefm.com.br\/noticias\/?p=27694"},"modified":"2026-04-19T15:45:08","modified_gmt":"2026-04-19T18:45:08","slug":"em-osvaldo-cruz-homem-sob-liberdade-mediante-habeas-corpus-e-denunciado-por-trafico-e-policiais-militares-o-surpreendem-com-maconha","status":"publish","type":"post","link":"https:\/\/radiolifefm.com.br\/noticias\/em-osvaldo-cruz-homem-sob-liberdade-mediante-habeas-corpus-e-denunciado-por-trafico-e-policiais-militares-o-surpreendem-com-maconha\/","title":{"rendered":"Em Osvaldo Cruz, homem sob liberdade mediante habeas corpus \u00e9 denunciado por tr\u00e1fico e  Policiais Militares o surpreendem com maconha"},"content":{"rendered":"<div id=\"fb-root\"><\/div>\n<p>Ap\u00f3s informa\u00e7\u00f5es Via Copom de que tr\u00eas homens estariam na pr\u00e1tica de tr\u00e1fico de drogas pelo bairro Agostinho Caliman sendo um deles conhecido pelos meios militares por seu envolvimento com o referido crime, Policiais deslocaram at\u00e9 a rua Deolinda Maria da Silva, onde ele foi avistado, abordado (homem maior de idade), sendo encontrado em sua bermuda R$ 62,00 e em uma busca pr\u00f3xima a ele, dentro da \u00a0caixa de correspond\u00eancia foi localizado um inv\u00f3lucro de maconha, questionado, confessou\u00a0 ser de sua propriedade. O infrator recebeu voz de pris\u00e3o por porte de drogas, foi ouvido e liberado, por\u00e9m, cabe ressaltar que em 25 de Setembro de 2020 o referido infrator conseguiu por meio de Habeas Corpus, a liberdade provis\u00f3ria pelo crime de tr\u00e1fico de drogas.<\/p>\n<p>#Policia Militar SP<\/p>\n","protected":false},"excerpt":{"rendered":"<p>Ap\u00f3s informa\u00e7\u00f5es Via Copom de que tr\u00eas homens estariam na pr\u00e1tica de tr\u00e1fico de drogas pelo bairro Agostinho Caliman sendo um deles conhecido pelos meios militares por seu envolvimento com o referido crime, Policiais deslocaram at\u00e9 a rua Deolinda Maria da Silva, onde ele foi avistado, abordado (homem maior de idade), sendo encontrado em sua [&hellip;]<\/p>\n","protected":false},"author":8,"featured_media":27695,"comment_status":"closed","ping_status":"open","sticky":false,"template":"","format":"standard","meta":{"_acf_changed":false,"_exactmetrics_skip_tracking":false,"_exactmetrics_sitenote_active":false,"_exactmetrics_sitenote_note":"","_exactmetrics_sitenote_category":0,"footnotes":""},"categories":[24],"tags":[],"class_list":["post-27694","post","type-post","status-publish","format-standard","has-post-thumbnail","hentry","category-regiao"],"acf":[],"yoast_head":"<!-- This site is optimized with the Yoast SEO plugin v27.2 - https:\/\/yoast.com\/product\/yoast-seo-wordpress\/ -->\n<title>Em Osvaldo Cruz, homem sob liberdade mediante habeas corpus \u00e9 denunciado por tr\u00e1fico e Policiais Militares o surpreendem com maconha - R\u00e1dio Life FM<\/title>\n<meta name=\"robots\" content=\"index, follow, max-snippet:-1, max-image-preview:large, max-video-preview:-1\" \/>\n<link rel=\"canonical\" href=\"https:\/\/radiolifefm.com.br\/noticias\/em-osvaldo-cruz-homem-sob-liberdade-mediante-habeas-corpus-e-denunciado-por-trafico-e-policiais-militares-o-surpreendem-com-maconha\/\" \/>\n<meta property=\"og:locale\" content=\"pt_BR\" \/>\n<meta property=\"og:type\" content=\"article\" \/>\n<meta property=\"og:title\" content=\"Em Osvaldo Cruz, homem sob liberdade mediante habeas corpus \u00e9 denunciado por tr\u00e1fico e Policiais Militares o surpreendem com maconha - R\u00e1dio Life FM\" \/>\n<meta property=\"og:description\" content=\"Ap\u00f3s informa\u00e7\u00f5es Via Copom de que tr\u00eas homens estariam na pr\u00e1tica de tr\u00e1fico de drogas pelo bairro Agostinho Caliman sendo um deles conhecido pelos meios militares por seu envolvimento com o referido crime, Policiais deslocaram at\u00e9 a rua Deolinda Maria da Silva, onde ele foi avistado, abordado (homem maior de idade), sendo encontrado em sua [&hellip;]\" \/>\n<meta property=\"og:url\" content=\"https:\/\/radiolifefm.com.br\/noticias\/em-osvaldo-cruz-homem-sob-liberdade-mediante-habeas-corpus-e-denunciado-por-trafico-e-policiais-militares-o-surpreendem-com-maconha\/\" \/>\n<meta property=\"og:site_name\" content=\"R\u00e1dio Life FM\" \/>\n<meta property=\"article:publisher\" content=\"https:\/\/www.facebook.com\/radiolifefm\/\" \/>\n<meta property=\"article:published_time\" content=\"2020-10-02T13:03:18+00:00\" \/>\n<meta property=\"article:modified_time\" content=\"2026-04-19T18:45:08+00:00\" \/>\n<meta property=\"og:image\" content=\"https:\/\/radiolifefm.com.br\/noticias\/wp-content\/uploads\/2020\/10\/120578429_1603222136516489_7579356854295219158_o.jpg\" \/>\n\t<meta property=\"og:image:width\" content=\"526\" \/>\n\t<meta property=\"og:image:height\" content=\"808\" \/>\n\t<meta property=\"og:image:type\" content=\"image\/jpeg\" \/>\n<meta name=\"author\" content=\"joaograndao\" \/>\n<meta name=\"twitter:card\" content=\"summary_large_image\" \/>\n<meta name=\"twitter:label1\" content=\"Escrito por\" \/>\n\t<meta name=\"twitter:data1\" content=\"joaograndao\" \/>\n\t<meta name=\"twitter:label2\" content=\"Est. tempo de leitura\" \/>\n\t<meta name=\"twitter:data2\" content=\"1 minuto\" \/>\n<script type=\"application\/ld+json\" class=\"yoast-schema-graph\">{\"@context\":\"https:\/\/schema.org\",\"@graph\":[{\"@type\":\"Article\",\"@id\":\"https:\/\/radiolifefm.com.br\/noticias\/em-osvaldo-cruz-homem-sob-liberdade-mediante-habeas-corpus-e-denunciado-por-trafico-e-policiais-militares-o-surpreendem-com-maconha\/#article\",\"isPartOf\":{\"@id\":\"https:\/\/radiolifefm.com.br\/noticias\/em-osvaldo-cruz-homem-sob-liberdade-mediante-habeas-corpus-e-denunciado-por-trafico-e-policiais-militares-o-surpreendem-com-maconha\/\"},\"author\":{\"name\":\"joaograndao\",\"@id\":\"https:\/\/radiolifefm.com.br\/noticias\/#\/schema\/person\/6876e1240feffe6e1b63fd5cb85abf28\"},\"headline\":\"Em Osvaldo Cruz, homem sob liberdade mediante habeas corpus \u00e9 denunciado por tr\u00e1fico e Policiais Militares o surpreendem com maconha\",\"datePublished\":\"2020-10-02T13:03:18+00:00\",\"dateModified\":\"2026-04-19T18:45:08+00:00\",\"mainEntityOfPage\":{\"@id\":\"https:\/\/radiolifefm.com.br\/noticias\/em-osvaldo-cruz-homem-sob-liberdade-mediante-habeas-corpus-e-denunciado-por-trafico-e-policiais-militares-o-surpreendem-com-maconha\/\"},\"wordCount\":156,\"publisher\":{\"@id\":\"https:\/\/radiolifefm.com.br\/noticias\/#organization\"},\"image\":{\"@id\":\"https:\/\/radiolifefm.com.br\/noticias\/em-osvaldo-cruz-homem-sob-liberdade-mediante-habeas-corpus-e-denunciado-por-trafico-e-policiais-militares-o-surpreendem-com-maconha\/#primaryimage\"},\"thumbnailUrl\":\"https:\/\/radiolifefm.com.br\/noticias\/wp-content\/uploads\/2020\/10\/120578429_1603222136516489_7579356854295219158_o.jpg\",\"articleSection\":[\"Regi\u00e3o\"],\"inLanguage\":\"pt-BR\"},{\"@type\":\"WebPage\",\"@id\":\"https:\/\/radiolifefm.com.br\/noticias\/em-osvaldo-cruz-homem-sob-liberdade-mediante-habeas-corpus-e-denunciado-por-trafico-e-policiais-militares-o-surpreendem-com-maconha\/\",\"url\":\"https:\/\/radiolifefm.com.br\/noticias\/em-osvaldo-cruz-homem-sob-liberdade-mediante-habeas-corpus-e-denunciado-por-trafico-e-policiais-militares-o-surpreendem-com-maconha\/\",\"name\":\"Em Osvaldo Cruz, homem sob liberdade mediante habeas corpus \u00e9 denunciado por tr\u00e1fico e Policiais Militares o surpreendem com maconha - R\u00e1dio Life FM\",\"isPartOf\":{\"@id\":\"https:\/\/radiolifefm.com.br\/noticias\/#website\"},\"primaryImageOfPage\":{\"@id\":\"https:\/\/radiolifefm.com.br\/noticias\/em-osvaldo-cruz-homem-sob-liberdade-mediante-habeas-corpus-e-denunciado-por-trafico-e-policiais-militares-o-surpreendem-com-maconha\/#primaryimage\"},\"image\":{\"@id\":\"https:\/\/radiolifefm.com.br\/noticias\/em-osvaldo-cruz-homem-sob-liberdade-mediante-habeas-corpus-e-denunciado-por-trafico-e-policiais-militares-o-surpreendem-com-maconha\/#primaryimage\"},\"thumbnailUrl\":\"https:\/\/radiolifefm.com.br\/noticias\/wp-content\/uploads\/2020\/10\/120578429_1603222136516489_7579356854295219158_o.jpg\",\"datePublished\":\"2020-10-02T13:03:18+00:00\",\"dateModified\":\"2026-04-19T18:45:08+00:00\",\"breadcrumb\":{\"@id\":\"https:\/\/radiolifefm.com.br\/noticias\/em-osvaldo-cruz-homem-sob-liberdade-mediante-habeas-corpus-e-denunciado-por-trafico-e-policiais-militares-o-surpreendem-com-maconha\/#breadcrumb\"},\"inLanguage\":\"pt-BR\",\"potentialAction\":[{\"@type\":\"ReadAction\",\"target\":[\"https:\/\/radiolifefm.com.br\/noticias\/em-osvaldo-cruz-homem-sob-liberdade-mediante-habeas-corpus-e-denunciado-por-trafico-e-policiais-militares-o-surpreendem-com-maconha\/\"]}]},{\"@type\":\"ImageObject\",\"inLanguage\":\"pt-BR\",\"@id\":\"https:\/\/radiolifefm.com.br\/noticias\/em-osvaldo-cruz-homem-sob-liberdade-mediante-habeas-corpus-e-denunciado-por-trafico-e-policiais-militares-o-surpreendem-com-maconha\/#primaryimage\",\"url\":\"https:\/\/radiolifefm.com.br\/noticias\/wp-content\/uploads\/2020\/10\/120578429_1603222136516489_7579356854295219158_o.jpg\",\"contentUrl\":\"https:\/\/radiolifefm.com.br\/noticias\/wp-content\/uploads\/2020\/10\/120578429_1603222136516489_7579356854295219158_o.jpg\",\"width\":526,\"height\":808},{\"@type\":\"BreadcrumbList\",\"@id\":\"https:\/\/radiolifefm.com.br\/noticias\/em-osvaldo-cruz-homem-sob-liberdade-mediante-habeas-corpus-e-denunciado-por-trafico-e-policiais-militares-o-surpreendem-com-maconha\/#breadcrumb\",\"itemListElement\":[{\"@type\":\"ListItem\",\"position\":1,\"name\":\"In\u00edcio\",\"item\":\"https:\/\/radiolifefm.com.br\/noticias\/\"},{\"@type\":\"ListItem\",\"position\":2,\"name\":\"Em Osvaldo Cruz, homem sob liberdade mediante habeas corpus \u00e9 denunciado por tr\u00e1fico e Policiais Militares o surpreendem com maconha\"}]},{\"@type\":\"WebSite\",\"@id\":\"https:\/\/radiolifefm.com.br\/noticias\/#website\",\"url\":\"https:\/\/radiolifefm.com.br\/noticias\/\",\"name\":\"R\u00e1dio Life FM\",\"description\":\"O Portal de Not\u00edcias de Adamantina\",\"publisher\":{\"@id\":\"https:\/\/radiolifefm.com.br\/noticias\/#organization\"},\"alternateName\":\"Life FM\",\"potentialAction\":[{\"@type\":\"SearchAction\",\"target\":{\"@type\":\"EntryPoint\",\"urlTemplate\":\"https:\/\/radiolifefm.com.br\/noticias\/?s={search_term_string}\"},\"query-input\":{\"@type\":\"PropertyValueSpecification\",\"valueRequired\":true,\"valueName\":\"search_term_string\"}}],\"inLanguage\":\"pt-BR\"},{\"@type\":\"Organization\",\"@id\":\"https:\/\/radiolifefm.com.br\/noticias\/#organization\",\"name\":\"R\u00e1dio Life FM\",\"alternateName\":\"Life FM\",\"url\":\"https:\/\/radiolifefm.com.br\/noticias\/\",\"logo\":{\"@type\":\"ImageObject\",\"inLanguage\":\"pt-BR\",\"@id\":\"https:\/\/radiolifefm.com.br\/noticias\/#\/schema\/logo\/image\/\",\"url\":\"https:\/\/static.radiolifefm.com.br\/noticias\/wp-content\/uploads\/2019\/10\/logo-lifefm.png\",\"contentUrl\":\"https:\/\/static.radiolifefm.com.br\/noticias\/wp-content\/uploads\/2019\/10\/logo-lifefm.png\",\"width\":196,\"height\":47,\"caption\":\"R\u00e1dio Life FM\"},\"image\":{\"@id\":\"https:\/\/radiolifefm.com.br\/noticias\/#\/schema\/logo\/image\/\"},\"sameAs\":[\"https:\/\/www.facebook.com\/radiolifefm\/\",\"https:\/\/www.instagram.com\/life1079fm\/\"]},{\"@type\":\"Person\",\"@id\":\"https:\/\/radiolifefm.com.br\/noticias\/#\/schema\/person\/6876e1240feffe6e1b63fd5cb85abf28\",\"name\":\"joaograndao\",\"image\":{\"@type\":\"ImageObject\",\"inLanguage\":\"pt-BR\",\"@id\":\"https:\/\/secure.gravatar.com\/avatar\/d5b1a3cf357ed9c50404e256a1294083aa8ab5d2a994001567302786016cb32c?s=96&d=mm&r=g\",\"url\":\"https:\/\/secure.gravatar.com\/avatar\/d5b1a3cf357ed9c50404e256a1294083aa8ab5d2a994001567302786016cb32c?s=96&d=mm&r=g\",\"contentUrl\":\"https:\/\/secure.gravatar.com\/avatar\/d5b1a3cf357ed9c50404e256a1294083aa8ab5d2a994001567302786016cb32c?s=96&d=mm&r=g\",\"caption\":\"joaograndao\"}}]}<\/script>\n<!-- \/ Yoast SEO plugin. -->","yoast_head_json":{"title":"Em Osvaldo Cruz, homem sob liberdade mediante habeas corpus \u00e9 denunciado por tr\u00e1fico e Policiais Militares o surpreendem com maconha - R\u00e1dio Life FM","robots":{"index":"index","follow":"follow","max-snippet":"max-snippet:-1","max-image-preview":"max-image-preview:large","max-video-preview":"max-video-preview:-1"},"canonical":"https:\/\/radiolifefm.com.br\/noticias\/em-osvaldo-cruz-homem-sob-liberdade-mediante-habeas-corpus-e-denunciado-por-trafico-e-policiais-militares-o-surpreendem-com-maconha\/","og_locale":"pt_BR","og_type":"article","og_title":"Em Osvaldo Cruz, homem sob liberdade mediante habeas corpus \u00e9 denunciado por tr\u00e1fico e Policiais Militares o surpreendem com maconha - R\u00e1dio Life FM","og_description":"Ap\u00f3s informa\u00e7\u00f5es Via Copom de que tr\u00eas homens estariam na pr\u00e1tica de tr\u00e1fico de drogas pelo bairro Agostinho Caliman sendo um deles conhecido pelos meios militares por seu envolvimento com o referido crime, Policiais deslocaram at\u00e9 a rua Deolinda Maria da Silva, onde ele foi avistado, abordado (homem maior de idade), sendo encontrado em sua [&hellip;]","og_url":"https:\/\/radiolifefm.com.br\/noticias\/em-osvaldo-cruz-homem-sob-liberdade-mediante-habeas-corpus-e-denunciado-por-trafico-e-policiais-militares-o-surpreendem-com-maconha\/","og_site_name":"R\u00e1dio Life FM","article_publisher":"https:\/\/www.facebook.com\/radiolifefm\/","article_published_time":"2020-10-02T13:03:18+00:00","article_modified_time":"2026-04-19T18:45:08+00:00","og_image":[{"width":526,"height":808,"url":"https:\/\/radiolifefm.com.br\/noticias\/wp-content\/uploads\/2020\/10\/120578429_1603222136516489_7579356854295219158_o.jpg","type":"image\/jpeg"}],"author":"joaograndao","twitter_card":"summary_large_image","twitter_misc":{"Escrito por":"joaograndao","Est. tempo de leitura":"1 minuto"},"schema":{"@context":"https:\/\/schema.org","@graph":[{"@type":"Article","@id":"https:\/\/radiolifefm.com.br\/noticias\/em-osvaldo-cruz-homem-sob-liberdade-mediante-habeas-corpus-e-denunciado-por-trafico-e-policiais-militares-o-surpreendem-com-maconha\/#article","isPartOf":{"@id":"https:\/\/radiolifefm.com.br\/noticias\/em-osvaldo-cruz-homem-sob-liberdade-mediante-habeas-corpus-e-denunciado-por-trafico-e-policiais-militares-o-surpreendem-com-maconha\/"},"author":{"name":"joaograndao","@id":"https:\/\/radiolifefm.com.br\/noticias\/#\/schema\/person\/6876e1240feffe6e1b63fd5cb85abf28"},"headline":"Em Osvaldo Cruz, homem sob liberdade mediante habeas corpus \u00e9 denunciado por tr\u00e1fico e Policiais Militares o surpreendem com maconha","datePublished":"2020-10-02T13:03:18+00:00","dateModified":"2026-04-19T18:45:08+00:00","mainEntityOfPage":{"@id":"https:\/\/radiolifefm.com.br\/noticias\/em-osvaldo-cruz-homem-sob-liberdade-mediante-habeas-corpus-e-denunciado-por-trafico-e-policiais-militares-o-surpreendem-com-maconha\/"},"wordCount":156,"publisher":{"@id":"https:\/\/radiolifefm.com.br\/noticias\/#organization"},"image":{"@id":"https:\/\/radiolifefm.com.br\/noticias\/em-osvaldo-cruz-homem-sob-liberdade-mediante-habeas-corpus-e-denunciado-por-trafico-e-policiais-militares-o-surpreendem-com-maconha\/#primaryimage"},"thumbnailUrl":"https:\/\/radiolifefm.com.br\/noticias\/wp-content\/uploads\/2020\/10\/120578429_1603222136516489_7579356854295219158_o.jpg","articleSection":["Regi\u00e3o"],"inLanguage":"pt-BR"},{"@type":"WebPage","@id":"https:\/\/radiolifefm.com.br\/noticias\/em-osvaldo-cruz-homem-sob-liberdade-mediante-habeas-corpus-e-denunciado-por-trafico-e-policiais-militares-o-surpreendem-com-maconha\/","url":"https:\/\/radiolifefm.com.br\/noticias\/em-osvaldo-cruz-homem-sob-liberdade-mediante-habeas-corpus-e-denunciado-por-trafico-e-policiais-militares-o-surpreendem-com-maconha\/","name":"Em Osvaldo Cruz, homem sob liberdade mediante habeas corpus \u00e9 denunciado por tr\u00e1fico e Policiais Militares o surpreendem com maconha - R\u00e1dio Life FM","isPartOf":{"@id":"https:\/\/radiolifefm.com.br\/noticias\/#website"},"primaryImageOfPage":{"@id":"https:\/\/radiolifefm.com.br\/noticias\/em-osvaldo-cruz-homem-sob-liberdade-mediante-habeas-corpus-e-denunciado-por-trafico-e-policiais-militares-o-surpreendem-com-maconha\/#primaryimage"},"image":{"@id":"https:\/\/radiolifefm.com.br\/noticias\/em-osvaldo-cruz-homem-sob-liberdade-mediante-habeas-corpus-e-denunciado-por-trafico-e-policiais-militares-o-surpreendem-com-maconha\/#primaryimage"},"thumbnailUrl":"https:\/\/radiolifefm.com.br\/noticias\/wp-content\/uploads\/2020\/10\/120578429_1603222136516489_7579356854295219158_o.jpg","datePublished":"2020-10-02T13:03:18+00:00","dateModified":"2026-04-19T18:45:08+00:00","breadcrumb":{"@id":"https:\/\/radiolifefm.com.br\/noticias\/em-osvaldo-cruz-homem-sob-liberdade-mediante-habeas-corpus-e-denunciado-por-trafico-e-policiais-militares-o-surpreendem-com-maconha\/#breadcrumb"},"inLanguage":"pt-BR","potentialAction":[{"@type":"ReadAction","target":["https:\/\/radiolifefm.com.br\/noticias\/em-osvaldo-cruz-homem-sob-liberdade-mediante-habeas-corpus-e-denunciado-por-trafico-e-policiais-militares-o-surpreendem-com-maconha\/"]}]},{"@type":"ImageObject","inLanguage":"pt-BR","@id":"https:\/\/radiolifefm.com.br\/noticias\/em-osvaldo-cruz-homem-sob-liberdade-mediante-habeas-corpus-e-denunciado-por-trafico-e-policiais-militares-o-surpreendem-com-maconha\/#primaryimage","url":"https:\/\/radiolifefm.com.br\/noticias\/wp-content\/uploads\/2020\/10\/120578429_1603222136516489_7579356854295219158_o.jpg","contentUrl":"https:\/\/radiolifefm.com.br\/noticias\/wp-content\/uploads\/2020\/10\/120578429_1603222136516489_7579356854295219158_o.jpg","width":526,"height":808},{"@type":"BreadcrumbList","@id":"https:\/\/radiolifefm.com.br\/noticias\/em-osvaldo-cruz-homem-sob-liberdade-mediante-habeas-corpus-e-denunciado-por-trafico-e-policiais-militares-o-surpreendem-com-maconha\/#breadcrumb","itemListElement":[{"@type":"ListItem","position":1,"name":"In\u00edcio","item":"https:\/\/radiolifefm.com.br\/noticias\/"},{"@type":"ListItem","position":2,"name":"Em Osvaldo Cruz, homem sob liberdade mediante habeas corpus \u00e9 denunciado por tr\u00e1fico e Policiais Militares o surpreendem com maconha"}]},{"@type":"WebSite","@id":"https:\/\/radiolifefm.com.br\/noticias\/#website","url":"https:\/\/radiolifefm.com.br\/noticias\/","name":"R\u00e1dio Life FM","description":"O Portal de Not\u00edcias de Adamantina","publisher":{"@id":"https:\/\/radiolifefm.com.br\/noticias\/#organization"},"alternateName":"Life FM","potentialAction":[{"@type":"SearchAction","target":{"@type":"EntryPoint","urlTemplate":"https:\/\/radiolifefm.com.br\/noticias\/?s={search_term_string}"},"query-input":{"@type":"PropertyValueSpecification","valueRequired":true,"valueName":"search_term_string"}}],"inLanguage":"pt-BR"},{"@type":"Organization","@id":"https:\/\/radiolifefm.com.br\/noticias\/#organization","name":"R\u00e1dio Life FM","alternateName":"Life FM","url":"https:\/\/radiolifefm.com.br\/noticias\/","logo":{"@type":"ImageObject","inLanguage":"pt-BR","@id":"https:\/\/radiolifefm.com.br\/noticias\/#\/schema\/logo\/image\/","url":"https:\/\/static.radiolifefm.com.br\/noticias\/wp-content\/uploads\/2019\/10\/logo-lifefm.png","contentUrl":"https:\/\/static.radiolifefm.com.br\/noticias\/wp-content\/uploads\/2019\/10\/logo-lifefm.png","width":196,"height":47,"caption":"R\u00e1dio Life FM"},"image":{"@id":"https:\/\/radiolifefm.com.br\/noticias\/#\/schema\/logo\/image\/"},"sameAs":["https:\/\/www.facebook.com\/radiolifefm\/","https:\/\/www.instagram.com\/life1079fm\/"]},{"@type":"Person","@id":"https:\/\/radiolifefm.com.br\/noticias\/#\/schema\/person\/6876e1240feffe6e1b63fd5cb85abf28","name":"joaograndao","image":{"@type":"ImageObject","inLanguage":"pt-BR","@id":"https:\/\/secure.gravatar.com\/avatar\/d5b1a3cf357ed9c50404e256a1294083aa8ab5d2a994001567302786016cb32c?s=96&d=mm&r=g","url":"https:\/\/secure.gravatar.com\/avatar\/d5b1a3cf357ed9c50404e256a1294083aa8ab5d2a994001567302786016cb32c?s=96&d=mm&r=g","contentUrl":"https:\/\/secure.gravatar.com\/avatar\/d5b1a3cf357ed9c50404e256a1294083aa8ab5d2a994001567302786016cb32c?s=96&d=mm&r=g","caption":"joaograndao"}}]}},"amp_enabled":true,"_links":{"self":[{"href":"https:\/\/radiolifefm.com.br\/noticias\/wp-json\/wp\/v2\/posts\/27694","targetHints":{"allow":["GET"]}}],"collection":[{"href":"https:\/\/radiolifefm.com.br\/noticias\/wp-json\/wp\/v2\/posts"}],"about":[{"href":"https:\/\/radiolifefm.com.br\/noticias\/wp-json\/wp\/v2\/types\/post"}],"author":[{"embeddable":true,"href":"https:\/\/radiolifefm.com.br\/noticias\/wp-json\/wp\/v2\/users\/8"}],"replies":[{"embeddable":true,"href":"https:\/\/radiolifefm.com.br\/noticias\/wp-json\/wp\/v2\/comments?post=27694"}],"version-history":[{"count":1,"href":"https:\/\/radiolifefm.com.br\/noticias\/wp-json\/wp\/v2\/posts\/27694\/revisions"}],"predecessor-version":[{"id":27696,"href":"https:\/\/radiolifefm.com.br\/noticias\/wp-json\/wp\/v2\/posts\/27694\/revisions\/27696"}],"wp:featuredmedia":[{"embeddable":true,"href":"https:\/\/radiolifefm.com.br\/noticias\/wp-json\/wp\/v2\/media\/27695"}],"wp:attachment":[{"href":"https:\/\/radiolifefm.com.br\/noticias\/wp-json\/wp\/v2\/media?parent=27694"}],"wp:term":[{"taxonomy":"category","embeddable":true,"href":"https:\/\/radiolifefm.com.br\/noticias\/wp-json\/wp\/v2\/categories?post=27694"},{"taxonomy":"post_tag","embeddable":true,"href":"https:\/\/radiolifefm.com.br\/noticias\/wp-json\/wp\/v2\/tags?post=27694"}],"curies":[{"name":"wp","href":"https:\/\/api.w.org\/{rel}","templated":true}]}}