{"id":27684,"date":"2020-10-02T09:09:30","date_gmt":"2020-10-02T12:09:30","guid":{"rendered":"https:\/\/radiolifefm.com.br\/noticias\/?p=27684"},"modified":"2026-04-24T10:34:45","modified_gmt":"2026-04-24T13:34:45","slug":"videoconferencia-sobre-maconaria-no-curso-de-historia-da-unifai-sergio-barbosa","status":"publish","type":"post","link":"https:\/\/radiolifefm.com.br\/noticias\/videoconferencia-sobre-maconaria-no-curso-de-historia-da-unifai-sergio-barbosa\/","title":{"rendered":"Videoconfer\u00eancia sobre Ma\u00e7onaria no Curso de Hist\u00f3ria da UNIFAI&#8230; S\u00e9rgio Barbosa"},"content":{"rendered":"<div id=\"fb-root\"><\/div>\n<p>Ocorreu nesta semana, 30 de setembro, uma V\u00cdDEOCONFER\u00caNCIA com o tema: HIST\u00d3RIA DA MA\u00c7ONARIA NO BRASIL, ministrada pelo Historiador, TIAGO RAFAEL DOS SANTOS ALVES, tendo em vista as atividades acad\u00eamica e pedag\u00f3gica da Disciplina de HIST\u00d3RIA E RELIGI\u00c3O com os\/as alunos\/as do IV Termo do Curso de Hist\u00f3ria da UNIFAI&#8230;<\/p>\n<p>Faz-se necess\u00e1rio promover tais possibilidades para uma aproxima\u00e7\u00e3o mais do que necess\u00e1ria entre a TEORIA e a REALIDADE sobre os diversos temas previstos no Plano de Ensino da disciplina, bem como, buscando a reflex\u00e3o cr\u00edtica de acordo com as tem\u00e1ticas relacionadas na \u00c1rea da Religi\u00e3o&#8230;<\/p>\n<p>O palestrante abordou a HIST\u00d3RIA DA MA\u00c7ONARIA NO BRASIL, tamb\u00e9m, apresentando uma contextualiza\u00e7\u00e3o em n\u00edvel mundial, portanto, TIAGO ALVES, proporcionou aos discentes uma vis\u00e3o sobre o tema em meio aos desencontros patrocinados pelas diversas desinforma\u00e7\u00f5es relacionadas com as atividades da MA\u00c7ONARIA em tempo de p\u00f3s-globaliza\u00e7\u00e3o das Organiza\u00e7\u00f5es&#8230;<\/p>\n<p>Assim, TIAGO possibilitou aos discentes do VI Termo do Curso de Hist\u00f3ria, tamb\u00e9m, utilizando de meios de apresenta\u00e7\u00e3o via SLIDES, uma interatividade de acordo com as propostas mediadas pelo sistema ON-LINE e de acordo com os processos midi\u00e1ticos determinados pelas REDES SOCIAIS&#8230;<\/p>\n<p>Neste contexto plural para todas as \u00e1reas que desenvolvem atividades no mercado e na educa\u00e7\u00e3o, pode-se afirmar que o tema MA\u00c7ONARIA faz parte do imagin\u00e1rio da maioria das pessoas de um jeito ou de outro&#8230;<\/p>\n<p>TIAGO faz parte da ARLS RUI BARBOSA na cidade de Tup\u00e3, possui gradua\u00e7\u00e3o em Hist\u00f3ria pela UNIFAI, al\u00e9m de forma\u00e7\u00e3o nas \u00e1reas de Pedagogia e Gest\u00e3o Ambiental com P\u00f3s-Gradua\u00e7\u00e3o em LIBRAS e MA\u00c7ONOLOGIA. Desenvolve atividades como docente na DER\/Adamantina e no Curso de Direito da FADAP-FAP de Tup\u00e3&#8230;<\/p>\n<p>A proposta da disciplina de HIST\u00d3RIA E RELIGI\u00c3O busca proporcionar aos alunos e alunas as diversas realidades sobre uma mesma realidade no cen\u00e1rio das denominadas Grandes Religi\u00f5es, a saber: JUDAISMO, CRISTIANISMO, BUDISMO, HINDUISMO e ISLAMISMO&#8230;<\/p>\n<p>Entretanto, existem v\u00e1rias Organiza\u00e7\u00f5es, Associa\u00e7\u00f5es, Clubes etc&#8230; que desenvolvem atividades afins aos interesses da sociedade, assim, dependendo da proposta das mesmas e atua\u00e7\u00e3o no Mercado, torna-se necess\u00e1rio proporcionar o debate por meio da Reflex\u00e3o Cr\u00edtica do Curso de Hist\u00f3ria&#8230;<\/p>\n<p><img loading=\"lazy\" decoding=\"async\" class=\"aligncenter size-medium wp-image-27686\" src=\"https:\/\/static.radiolifefm.com.br\/wp-content\/uploads\/sites\/2\/2020\/10\/DSC06346-300x225.jpg\" alt=\"\" width=\"300\" height=\"225\" srcset=\"https:\/\/radiolifefm.com.br\/noticias\/wp-content\/uploads\/2020\/10\/DSC06346-300x225.jpg 300w, https:\/\/radiolifefm.com.br\/noticias\/wp-content\/uploads\/2020\/10\/DSC06346-1024x768.jpg 1024w, https:\/\/radiolifefm.com.br\/noticias\/wp-content\/uploads\/2020\/10\/DSC06346-768x576.jpg 768w, https:\/\/radiolifefm.com.br\/noticias\/wp-content\/uploads\/2020\/10\/DSC06346-1536x1152.jpg 1536w, https:\/\/radiolifefm.com.br\/noticias\/wp-content\/uploads\/2020\/10\/DSC06346-2048x1536.jpg 2048w\" sizes=\"auto, (max-width: 300px) 100vw, 300px\" \/><\/p>\n<p><strong><em>_______________________________<\/em><\/strong><\/p>\n<p><strong><em>(*) jornalista diplomado, mestre em ci\u00eancias da religi\u00e3o e professor do Curso de Hist\u00f3ria da UNIFAI. <\/em><\/strong><\/p>\n","protected":false},"excerpt":{"rendered":"<p>Ocorreu nesta semana, 30 de setembro, uma V\u00cdDEOCONFER\u00caNCIA com o tema: HIST\u00d3RIA DA MA\u00c7ONARIA NO BRASIL, ministrada pelo Historiador, TIAGO RAFAEL DOS SANTOS ALVES, tendo em vista as atividades acad\u00eamica e pedag\u00f3gica da Disciplina de HIST\u00d3RIA E RELIGI\u00c3O com os\/as alunos\/as do IV Termo do Curso de Hist\u00f3ria da UNIFAI&#8230; Faz-se necess\u00e1rio promover tais possibilidades [&hellip;]<\/p>\n","protected":false},"author":8,"featured_media":27685,"comment_status":"closed","ping_status":"open","sticky":false,"template":"","format":"standard","meta":{"_acf_changed":false,"_exactmetrics_skip_tracking":false,"_exactmetrics_sitenote_active":false,"_exactmetrics_sitenote_note":"","_exactmetrics_sitenote_category":0,"footnotes":""},"categories":[59],"tags":[],"class_list":["post-27684","post","type-post","status-publish","format-standard","has-post-thumbnail","hentry","category-opiniao"],"acf":[],"yoast_head":"<!-- This site is optimized with the Yoast SEO plugin v27.2 - https:\/\/yoast.com\/product\/yoast-seo-wordpress\/ -->\n<title>Videoconfer\u00eancia sobre Ma\u00e7onaria no Curso de Hist\u00f3ria da UNIFAI... S\u00e9rgio Barbosa - R\u00e1dio Life FM<\/title>\n<meta name=\"robots\" content=\"index, follow, max-snippet:-1, max-image-preview:large, max-video-preview:-1\" \/>\n<link rel=\"canonical\" href=\"https:\/\/radiolifefm.com.br\/noticias\/videoconferencia-sobre-maconaria-no-curso-de-historia-da-unifai-sergio-barbosa\/\" \/>\n<meta property=\"og:locale\" content=\"pt_BR\" \/>\n<meta property=\"og:type\" content=\"article\" \/>\n<meta property=\"og:title\" content=\"Videoconfer\u00eancia sobre Ma\u00e7onaria no Curso de Hist\u00f3ria da UNIFAI... S\u00e9rgio Barbosa - R\u00e1dio Life FM\" \/>\n<meta property=\"og:description\" content=\"Ocorreu nesta semana, 30 de setembro, uma V\u00cdDEOCONFER\u00caNCIA com o tema: HIST\u00d3RIA DA MA\u00c7ONARIA NO BRASIL, ministrada pelo Historiador, TIAGO RAFAEL DOS SANTOS ALVES, tendo em vista as atividades acad\u00eamica e pedag\u00f3gica da Disciplina de HIST\u00d3RIA E RELIGI\u00c3O com os\/as alunos\/as do IV Termo do Curso de Hist\u00f3ria da UNIFAI&#8230; Faz-se necess\u00e1rio promover tais possibilidades [&hellip;]\" \/>\n<meta property=\"og:url\" content=\"https:\/\/radiolifefm.com.br\/noticias\/videoconferencia-sobre-maconaria-no-curso-de-historia-da-unifai-sergio-barbosa\/\" \/>\n<meta property=\"og:site_name\" content=\"R\u00e1dio Life FM\" \/>\n<meta property=\"article:publisher\" content=\"https:\/\/www.facebook.com\/radiolifefm\/\" \/>\n<meta property=\"article:published_time\" content=\"2020-10-02T12:09:30+00:00\" \/>\n<meta property=\"article:modified_time\" content=\"2026-04-24T13:34:45+00:00\" \/>\n<meta property=\"og:image\" content=\"https:\/\/radiolifefm.com.br\/noticias\/wp-content\/uploads\/2020\/10\/JLM6105-Copia-scaled.jpg\" \/>\n\t<meta property=\"og:image:width\" content=\"1843\" \/>\n\t<meta property=\"og:image:height\" content=\"2560\" \/>\n\t<meta property=\"og:image:type\" content=\"image\/jpeg\" \/>\n<meta name=\"author\" content=\"joaograndao\" \/>\n<meta name=\"twitter:card\" content=\"summary_large_image\" \/>\n<meta name=\"twitter:label1\" content=\"Escrito por\" \/>\n\t<meta name=\"twitter:data1\" content=\"joaograndao\" \/>\n\t<meta name=\"twitter:label2\" content=\"Est. tempo de leitura\" \/>\n\t<meta name=\"twitter:data2\" content=\"2 minutos\" \/>\n<script type=\"application\/ld+json\" class=\"yoast-schema-graph\">{\"@context\":\"https:\/\/schema.org\",\"@graph\":[{\"@type\":\"Article\",\"@id\":\"https:\/\/radiolifefm.com.br\/noticias\/videoconferencia-sobre-maconaria-no-curso-de-historia-da-unifai-sergio-barbosa\/#article\",\"isPartOf\":{\"@id\":\"https:\/\/radiolifefm.com.br\/noticias\/videoconferencia-sobre-maconaria-no-curso-de-historia-da-unifai-sergio-barbosa\/\"},\"author\":{\"name\":\"joaograndao\",\"@id\":\"https:\/\/radiolifefm.com.br\/noticias\/#\/schema\/person\/6876e1240feffe6e1b63fd5cb85abf28\"},\"headline\":\"Videoconfer\u00eancia sobre Ma\u00e7onaria no Curso de Hist\u00f3ria da UNIFAI&#8230; S\u00e9rgio Barbosa\",\"datePublished\":\"2020-10-02T12:09:30+00:00\",\"dateModified\":\"2026-04-24T13:34:45+00:00\",\"mainEntityOfPage\":{\"@id\":\"https:\/\/radiolifefm.com.br\/noticias\/videoconferencia-sobre-maconaria-no-curso-de-historia-da-unifai-sergio-barbosa\/\"},\"wordCount\":430,\"publisher\":{\"@id\":\"https:\/\/radiolifefm.com.br\/noticias\/#organization\"},\"image\":{\"@id\":\"https:\/\/radiolifefm.com.br\/noticias\/videoconferencia-sobre-maconaria-no-curso-de-historia-da-unifai-sergio-barbosa\/#primaryimage\"},\"thumbnailUrl\":\"https:\/\/radiolifefm.com.br\/noticias\/wp-content\/uploads\/2020\/10\/JLM6105-Copia-scaled.jpg\",\"articleSection\":[\"Opini\u00e3o\"],\"inLanguage\":\"pt-BR\"},{\"@type\":\"WebPage\",\"@id\":\"https:\/\/radiolifefm.com.br\/noticias\/videoconferencia-sobre-maconaria-no-curso-de-historia-da-unifai-sergio-barbosa\/\",\"url\":\"https:\/\/radiolifefm.com.br\/noticias\/videoconferencia-sobre-maconaria-no-curso-de-historia-da-unifai-sergio-barbosa\/\",\"name\":\"Videoconfer\u00eancia sobre Ma\u00e7onaria no Curso de Hist\u00f3ria da UNIFAI... S\u00e9rgio Barbosa - R\u00e1dio Life FM\",\"isPartOf\":{\"@id\":\"https:\/\/radiolifefm.com.br\/noticias\/#website\"},\"primaryImageOfPage\":{\"@id\":\"https:\/\/radiolifefm.com.br\/noticias\/videoconferencia-sobre-maconaria-no-curso-de-historia-da-unifai-sergio-barbosa\/#primaryimage\"},\"image\":{\"@id\":\"https:\/\/radiolifefm.com.br\/noticias\/videoconferencia-sobre-maconaria-no-curso-de-historia-da-unifai-sergio-barbosa\/#primaryimage\"},\"thumbnailUrl\":\"https:\/\/radiolifefm.com.br\/noticias\/wp-content\/uploads\/2020\/10\/JLM6105-Copia-scaled.jpg\",\"datePublished\":\"2020-10-02T12:09:30+00:00\",\"dateModified\":\"2026-04-24T13:34:45+00:00\",\"breadcrumb\":{\"@id\":\"https:\/\/radiolifefm.com.br\/noticias\/videoconferencia-sobre-maconaria-no-curso-de-historia-da-unifai-sergio-barbosa\/#breadcrumb\"},\"inLanguage\":\"pt-BR\",\"potentialAction\":[{\"@type\":\"ReadAction\",\"target\":[\"https:\/\/radiolifefm.com.br\/noticias\/videoconferencia-sobre-maconaria-no-curso-de-historia-da-unifai-sergio-barbosa\/\"]}]},{\"@type\":\"ImageObject\",\"inLanguage\":\"pt-BR\",\"@id\":\"https:\/\/radiolifefm.com.br\/noticias\/videoconferencia-sobre-maconaria-no-curso-de-historia-da-unifai-sergio-barbosa\/#primaryimage\",\"url\":\"https:\/\/radiolifefm.com.br\/noticias\/wp-content\/uploads\/2020\/10\/JLM6105-Copia-scaled.jpg\",\"contentUrl\":\"https:\/\/radiolifefm.com.br\/noticias\/wp-content\/uploads\/2020\/10\/JLM6105-Copia-scaled.jpg\",\"width\":1843,\"height\":2560,\"caption\":\"\u201cN\u00e3o antecipe os problemas, nem se preocupe com o que talvez nunca aconte\u00e7a. Aproveite a luz do sol.\u201d (BENJAMIN FRANKLIN)\"},{\"@type\":\"BreadcrumbList\",\"@id\":\"https:\/\/radiolifefm.com.br\/noticias\/videoconferencia-sobre-maconaria-no-curso-de-historia-da-unifai-sergio-barbosa\/#breadcrumb\",\"itemListElement\":[{\"@type\":\"ListItem\",\"position\":1,\"name\":\"In\u00edcio\",\"item\":\"https:\/\/radiolifefm.com.br\/noticias\/\"},{\"@type\":\"ListItem\",\"position\":2,\"name\":\"Videoconfer\u00eancia sobre Ma\u00e7onaria no Curso de Hist\u00f3ria da UNIFAI&#8230; S\u00e9rgio Barbosa\"}]},{\"@type\":\"WebSite\",\"@id\":\"https:\/\/radiolifefm.com.br\/noticias\/#website\",\"url\":\"https:\/\/radiolifefm.com.br\/noticias\/\",\"name\":\"R\u00e1dio Life FM\",\"description\":\"O Portal de Not\u00edcias de Adamantina\",\"publisher\":{\"@id\":\"https:\/\/radiolifefm.com.br\/noticias\/#organization\"},\"alternateName\":\"Life FM\",\"potentialAction\":[{\"@type\":\"SearchAction\",\"target\":{\"@type\":\"EntryPoint\",\"urlTemplate\":\"https:\/\/radiolifefm.com.br\/noticias\/?s={search_term_string}\"},\"query-input\":{\"@type\":\"PropertyValueSpecification\",\"valueRequired\":true,\"valueName\":\"search_term_string\"}}],\"inLanguage\":\"pt-BR\"},{\"@type\":\"Organization\",\"@id\":\"https:\/\/radiolifefm.com.br\/noticias\/#organization\",\"name\":\"R\u00e1dio Life FM\",\"alternateName\":\"Life FM\",\"url\":\"https:\/\/radiolifefm.com.br\/noticias\/\",\"logo\":{\"@type\":\"ImageObject\",\"inLanguage\":\"pt-BR\",\"@id\":\"https:\/\/radiolifefm.com.br\/noticias\/#\/schema\/logo\/image\/\",\"url\":\"https:\/\/static.radiolifefm.com.br\/noticias\/wp-content\/uploads\/2019\/10\/logo-lifefm.png\",\"contentUrl\":\"https:\/\/static.radiolifefm.com.br\/noticias\/wp-content\/uploads\/2019\/10\/logo-lifefm.png\",\"width\":196,\"height\":47,\"caption\":\"R\u00e1dio Life FM\"},\"image\":{\"@id\":\"https:\/\/radiolifefm.com.br\/noticias\/#\/schema\/logo\/image\/\"},\"sameAs\":[\"https:\/\/www.facebook.com\/radiolifefm\/\",\"https:\/\/www.instagram.com\/life1079fm\/\"]},{\"@type\":\"Person\",\"@id\":\"https:\/\/radiolifefm.com.br\/noticias\/#\/schema\/person\/6876e1240feffe6e1b63fd5cb85abf28\",\"name\":\"joaograndao\",\"image\":{\"@type\":\"ImageObject\",\"inLanguage\":\"pt-BR\",\"@id\":\"https:\/\/secure.gravatar.com\/avatar\/d5b1a3cf357ed9c50404e256a1294083aa8ab5d2a994001567302786016cb32c?s=96&d=mm&r=g\",\"url\":\"https:\/\/secure.gravatar.com\/avatar\/d5b1a3cf357ed9c50404e256a1294083aa8ab5d2a994001567302786016cb32c?s=96&d=mm&r=g\",\"contentUrl\":\"https:\/\/secure.gravatar.com\/avatar\/d5b1a3cf357ed9c50404e256a1294083aa8ab5d2a994001567302786016cb32c?s=96&d=mm&r=g\",\"caption\":\"joaograndao\"}}]}<\/script>\n<!-- \/ Yoast SEO plugin. -->","yoast_head_json":{"title":"Videoconfer\u00eancia sobre Ma\u00e7onaria no Curso de Hist\u00f3ria da UNIFAI... S\u00e9rgio Barbosa - R\u00e1dio Life FM","robots":{"index":"index","follow":"follow","max-snippet":"max-snippet:-1","max-image-preview":"max-image-preview:large","max-video-preview":"max-video-preview:-1"},"canonical":"https:\/\/radiolifefm.com.br\/noticias\/videoconferencia-sobre-maconaria-no-curso-de-historia-da-unifai-sergio-barbosa\/","og_locale":"pt_BR","og_type":"article","og_title":"Videoconfer\u00eancia sobre Ma\u00e7onaria no Curso de Hist\u00f3ria da UNIFAI... S\u00e9rgio Barbosa - R\u00e1dio Life FM","og_description":"Ocorreu nesta semana, 30 de setembro, uma V\u00cdDEOCONFER\u00caNCIA com o tema: HIST\u00d3RIA DA MA\u00c7ONARIA NO BRASIL, ministrada pelo Historiador, TIAGO RAFAEL DOS SANTOS ALVES, tendo em vista as atividades acad\u00eamica e pedag\u00f3gica da Disciplina de HIST\u00d3RIA E RELIGI\u00c3O com os\/as alunos\/as do IV Termo do Curso de Hist\u00f3ria da UNIFAI&#8230; Faz-se necess\u00e1rio promover tais possibilidades [&hellip;]","og_url":"https:\/\/radiolifefm.com.br\/noticias\/videoconferencia-sobre-maconaria-no-curso-de-historia-da-unifai-sergio-barbosa\/","og_site_name":"R\u00e1dio Life FM","article_publisher":"https:\/\/www.facebook.com\/radiolifefm\/","article_published_time":"2020-10-02T12:09:30+00:00","article_modified_time":"2026-04-24T13:34:45+00:00","og_image":[{"width":1843,"height":2560,"url":"https:\/\/radiolifefm.com.br\/noticias\/wp-content\/uploads\/2020\/10\/JLM6105-Copia-scaled.jpg","type":"image\/jpeg"}],"author":"joaograndao","twitter_card":"summary_large_image","twitter_misc":{"Escrito por":"joaograndao","Est. tempo de leitura":"2 minutos"},"schema":{"@context":"https:\/\/schema.org","@graph":[{"@type":"Article","@id":"https:\/\/radiolifefm.com.br\/noticias\/videoconferencia-sobre-maconaria-no-curso-de-historia-da-unifai-sergio-barbosa\/#article","isPartOf":{"@id":"https:\/\/radiolifefm.com.br\/noticias\/videoconferencia-sobre-maconaria-no-curso-de-historia-da-unifai-sergio-barbosa\/"},"author":{"name":"joaograndao","@id":"https:\/\/radiolifefm.com.br\/noticias\/#\/schema\/person\/6876e1240feffe6e1b63fd5cb85abf28"},"headline":"Videoconfer\u00eancia sobre Ma\u00e7onaria no Curso de Hist\u00f3ria da UNIFAI&#8230; S\u00e9rgio Barbosa","datePublished":"2020-10-02T12:09:30+00:00","dateModified":"2026-04-24T13:34:45+00:00","mainEntityOfPage":{"@id":"https:\/\/radiolifefm.com.br\/noticias\/videoconferencia-sobre-maconaria-no-curso-de-historia-da-unifai-sergio-barbosa\/"},"wordCount":430,"publisher":{"@id":"https:\/\/radiolifefm.com.br\/noticias\/#organization"},"image":{"@id":"https:\/\/radiolifefm.com.br\/noticias\/videoconferencia-sobre-maconaria-no-curso-de-historia-da-unifai-sergio-barbosa\/#primaryimage"},"thumbnailUrl":"https:\/\/radiolifefm.com.br\/noticias\/wp-content\/uploads\/2020\/10\/JLM6105-Copia-scaled.jpg","articleSection":["Opini\u00e3o"],"inLanguage":"pt-BR"},{"@type":"WebPage","@id":"https:\/\/radiolifefm.com.br\/noticias\/videoconferencia-sobre-maconaria-no-curso-de-historia-da-unifai-sergio-barbosa\/","url":"https:\/\/radiolifefm.com.br\/noticias\/videoconferencia-sobre-maconaria-no-curso-de-historia-da-unifai-sergio-barbosa\/","name":"Videoconfer\u00eancia sobre Ma\u00e7onaria no Curso de Hist\u00f3ria da UNIFAI... S\u00e9rgio Barbosa - R\u00e1dio Life FM","isPartOf":{"@id":"https:\/\/radiolifefm.com.br\/noticias\/#website"},"primaryImageOfPage":{"@id":"https:\/\/radiolifefm.com.br\/noticias\/videoconferencia-sobre-maconaria-no-curso-de-historia-da-unifai-sergio-barbosa\/#primaryimage"},"image":{"@id":"https:\/\/radiolifefm.com.br\/noticias\/videoconferencia-sobre-maconaria-no-curso-de-historia-da-unifai-sergio-barbosa\/#primaryimage"},"thumbnailUrl":"https:\/\/radiolifefm.com.br\/noticias\/wp-content\/uploads\/2020\/10\/JLM6105-Copia-scaled.jpg","datePublished":"2020-10-02T12:09:30+00:00","dateModified":"2026-04-24T13:34:45+00:00","breadcrumb":{"@id":"https:\/\/radiolifefm.com.br\/noticias\/videoconferencia-sobre-maconaria-no-curso-de-historia-da-unifai-sergio-barbosa\/#breadcrumb"},"inLanguage":"pt-BR","potentialAction":[{"@type":"ReadAction","target":["https:\/\/radiolifefm.com.br\/noticias\/videoconferencia-sobre-maconaria-no-curso-de-historia-da-unifai-sergio-barbosa\/"]}]},{"@type":"ImageObject","inLanguage":"pt-BR","@id":"https:\/\/radiolifefm.com.br\/noticias\/videoconferencia-sobre-maconaria-no-curso-de-historia-da-unifai-sergio-barbosa\/#primaryimage","url":"https:\/\/radiolifefm.com.br\/noticias\/wp-content\/uploads\/2020\/10\/JLM6105-Copia-scaled.jpg","contentUrl":"https:\/\/radiolifefm.com.br\/noticias\/wp-content\/uploads\/2020\/10\/JLM6105-Copia-scaled.jpg","width":1843,"height":2560,"caption":"\u201cN\u00e3o antecipe os problemas, nem se preocupe com o que talvez nunca aconte\u00e7a. Aproveite a luz do sol.\u201d (BENJAMIN FRANKLIN)"},{"@type":"BreadcrumbList","@id":"https:\/\/radiolifefm.com.br\/noticias\/videoconferencia-sobre-maconaria-no-curso-de-historia-da-unifai-sergio-barbosa\/#breadcrumb","itemListElement":[{"@type":"ListItem","position":1,"name":"In\u00edcio","item":"https:\/\/radiolifefm.com.br\/noticias\/"},{"@type":"ListItem","position":2,"name":"Videoconfer\u00eancia sobre Ma\u00e7onaria no Curso de Hist\u00f3ria da UNIFAI&#8230; S\u00e9rgio Barbosa"}]},{"@type":"WebSite","@id":"https:\/\/radiolifefm.com.br\/noticias\/#website","url":"https:\/\/radiolifefm.com.br\/noticias\/","name":"R\u00e1dio Life FM","description":"O Portal de Not\u00edcias de Adamantina","publisher":{"@id":"https:\/\/radiolifefm.com.br\/noticias\/#organization"},"alternateName":"Life FM","potentialAction":[{"@type":"SearchAction","target":{"@type":"EntryPoint","urlTemplate":"https:\/\/radiolifefm.com.br\/noticias\/?s={search_term_string}"},"query-input":{"@type":"PropertyValueSpecification","valueRequired":true,"valueName":"search_term_string"}}],"inLanguage":"pt-BR"},{"@type":"Organization","@id":"https:\/\/radiolifefm.com.br\/noticias\/#organization","name":"R\u00e1dio Life FM","alternateName":"Life FM","url":"https:\/\/radiolifefm.com.br\/noticias\/","logo":{"@type":"ImageObject","inLanguage":"pt-BR","@id":"https:\/\/radiolifefm.com.br\/noticias\/#\/schema\/logo\/image\/","url":"https:\/\/static.radiolifefm.com.br\/noticias\/wp-content\/uploads\/2019\/10\/logo-lifefm.png","contentUrl":"https:\/\/static.radiolifefm.com.br\/noticias\/wp-content\/uploads\/2019\/10\/logo-lifefm.png","width":196,"height":47,"caption":"R\u00e1dio Life FM"},"image":{"@id":"https:\/\/radiolifefm.com.br\/noticias\/#\/schema\/logo\/image\/"},"sameAs":["https:\/\/www.facebook.com\/radiolifefm\/","https:\/\/www.instagram.com\/life1079fm\/"]},{"@type":"Person","@id":"https:\/\/radiolifefm.com.br\/noticias\/#\/schema\/person\/6876e1240feffe6e1b63fd5cb85abf28","name":"joaograndao","image":{"@type":"ImageObject","inLanguage":"pt-BR","@id":"https:\/\/secure.gravatar.com\/avatar\/d5b1a3cf357ed9c50404e256a1294083aa8ab5d2a994001567302786016cb32c?s=96&d=mm&r=g","url":"https:\/\/secure.gravatar.com\/avatar\/d5b1a3cf357ed9c50404e256a1294083aa8ab5d2a994001567302786016cb32c?s=96&d=mm&r=g","contentUrl":"https:\/\/secure.gravatar.com\/avatar\/d5b1a3cf357ed9c50404e256a1294083aa8ab5d2a994001567302786016cb32c?s=96&d=mm&r=g","caption":"joaograndao"}}]}},"amp_enabled":true,"_links":{"self":[{"href":"https:\/\/radiolifefm.com.br\/noticias\/wp-json\/wp\/v2\/posts\/27684","targetHints":{"allow":["GET"]}}],"collection":[{"href":"https:\/\/radiolifefm.com.br\/noticias\/wp-json\/wp\/v2\/posts"}],"about":[{"href":"https:\/\/radiolifefm.com.br\/noticias\/wp-json\/wp\/v2\/types\/post"}],"author":[{"embeddable":true,"href":"https:\/\/radiolifefm.com.br\/noticias\/wp-json\/wp\/v2\/users\/8"}],"replies":[{"embeddable":true,"href":"https:\/\/radiolifefm.com.br\/noticias\/wp-json\/wp\/v2\/comments?post=27684"}],"version-history":[{"count":1,"href":"https:\/\/radiolifefm.com.br\/noticias\/wp-json\/wp\/v2\/posts\/27684\/revisions"}],"predecessor-version":[{"id":27687,"href":"https:\/\/radiolifefm.com.br\/noticias\/wp-json\/wp\/v2\/posts\/27684\/revisions\/27687"}],"wp:featuredmedia":[{"embeddable":true,"href":"https:\/\/radiolifefm.com.br\/noticias\/wp-json\/wp\/v2\/media\/27685"}],"wp:attachment":[{"href":"https:\/\/radiolifefm.com.br\/noticias\/wp-json\/wp\/v2\/media?parent=27684"}],"wp:term":[{"taxonomy":"category","embeddable":true,"href":"https:\/\/radiolifefm.com.br\/noticias\/wp-json\/wp\/v2\/categories?post=27684"},{"taxonomy":"post_tag","embeddable":true,"href":"https:\/\/radiolifefm.com.br\/noticias\/wp-json\/wp\/v2\/tags?post=27684"}],"curies":[{"name":"wp","href":"https:\/\/api.w.org\/{rel}","templated":true}]}}