{"id":27551,"date":"2020-09-28T22:22:39","date_gmt":"2020-09-29T01:22:39","guid":{"rendered":"https:\/\/radiolifefm.com.br\/noticias\/?p=27551"},"modified":"2025-04-28T22:10:18","modified_gmt":"2025-04-29T01:10:18","slug":"homem-e-preso-por-embriaguez-ao-volante-e-fuga-de-local-de-acidente-de-transito-pela-policia-militar-de-tupi-paulista-sp","status":"publish","type":"post","link":"https:\/\/radiolifefm.com.br\/noticias\/homem-e-preso-por-embriaguez-ao-volante-e-fuga-de-local-de-acidente-de-transito-pela-policia-militar-de-tupi-paulista-sp\/","title":{"rendered":"Homem \u00e9 preso por embriaguez ao volante e fuga de local de acidente de tr\u00e2nsito pela Pol\u00edcia Militar de Tupi Paulista &#8211; SP"},"content":{"rendered":"<div id=\"fb-root\"><\/div>\n<p>O fato ocorreu na Av. Nove de Julho em Tupi Paulista, na tarde de domingo, por volta das 16hrs.<\/p>\n<p>Acionados via COPOM para atendimento de ocorr\u00eancia de acidente de tr\u00e2nsito, onde acabara de ocorrer uma colis\u00e3o frontal entre dois ve\u00edculos, por\u00e9m apenas uma das partes-v\u00edtima (homem, 76 anos) se encontrava no local, conduzindo o ve\u00edculo VW\/Gol 1.0, sem sinais de embriaguez. Ao ser questionado sobre a outra parte &#8211; condutor\/indiciado, informou ter se evadido em um ve\u00edculo VW\/Gol GL sentido bairro Gracian\u00f3polis ap\u00f3s a colis\u00e3o. Em posse das informa\u00e7\u00f5es, de imediato realizou dilig\u00eancias, logrando \u00eaxito na localiza\u00e7\u00e3o do condutor\/indiciado (homem, 53 anos) pelo referido bairro, apresentando sinais not\u00f3rios de embriaguez, tais como, fala pastosa, dificuldade de equil\u00edbrio e odor et\u00edlico, confessando a ingest\u00e3o de bebida alco\u00f3lica. Diante dos fatos acima narrados foi dado voz de pris\u00e3o em flagrante delito pelo crime embriaguez ao volante e fuga de local de acidente de tr\u00e2nsito, permanecendo o indiciado a disposi\u00e7\u00e3o da Justi\u00e7a.<\/p>\n<p><a href=\"https:\/\/www.facebook.com\/hashtag\/25bpmi4ciapm?__eep__=6&amp;__cft__%5b0%5d=AZUtPFfHac1BOG8kjfn6U26z8zLeLRNjy89VhUMncfaTL5ZaHa3hOK9hg6n3kir6v9_7vZvchNGga3Er_Pa7AsyLAlmVUokeuK_pZPGYmfSyaSgoPwQQONzT4E4Y-xi2VLw&amp;__tn__=*NK-R\">#25BPMI4CIAPM<\/a><\/p>\n<p><a href=\"https:\/\/www.facebook.com\/hashtag\/pol%C3%ADciamilitarsp?__eep__=6&amp;__cft__%5b0%5d=AZUtPFfHac1BOG8kjfn6U26z8zLeLRNjy89VhUMncfaTL5ZaHa3hOK9hg6n3kir6v9_7vZvchNGga3Er_Pa7AsyLAlmVUokeuK_pZPGYmfSyaSgoPwQQONzT4E4Y-xi2VLw&amp;__tn__=*NK-R\">#POL\u00cdCIAMILITARSP<\/a><\/p>\n<p><a href=\"https:\/\/www.facebook.com\/hashtag\/afor%C3%A7ap%C3%BAblicades%C3%A3opaulo?__eep__=6&amp;__cft__%5b0%5d=AZUtPFfHac1BOG8kjfn6U26z8zLeLRNjy89VhUMncfaTL5ZaHa3hOK9hg6n3kir6v9_7vZvchNGga3Er_Pa7AsyLAlmVUokeuK_pZPGYmfSyaSgoPwQQONzT4E4Y-xi2VLw&amp;__tn__=*NK-R\">#AFOR\u00c7AP\u00daBLICADES\u00c3OPAULO<\/a><\/p>\n<p>COMUNICA\u00c7\u00c3O SOCIAL DO 25\u00baBPM\/I 4\u00aa CIA PM.<\/p>\n","protected":false},"excerpt":{"rendered":"<p>O fato ocorreu na Av. Nove de Julho em Tupi Paulista, na tarde de domingo, por volta das 16hrs. Acionados via COPOM para atendimento de ocorr\u00eancia de acidente de tr\u00e2nsito, onde acabara de ocorrer uma colis\u00e3o frontal entre dois ve\u00edculos, por\u00e9m apenas uma das partes-v\u00edtima (homem, 76 anos) se encontrava no local, conduzindo o ve\u00edculo [&hellip;]<\/p>\n","protected":false},"author":8,"featured_media":26770,"comment_status":"closed","ping_status":"open","sticky":false,"template":"","format":"standard","meta":{"_acf_changed":false,"_exactmetrics_skip_tracking":false,"_exactmetrics_sitenote_active":false,"_exactmetrics_sitenote_note":"","_exactmetrics_sitenote_category":0,"footnotes":""},"categories":[24],"tags":[],"class_list":["post-27551","post","type-post","status-publish","format-standard","has-post-thumbnail","hentry","category-regiao"],"acf":[],"yoast_head":"<!-- This site is optimized with the Yoast SEO plugin v27.2 - https:\/\/yoast.com\/product\/yoast-seo-wordpress\/ -->\n<title>Homem \u00e9 preso por embriaguez ao volante e fuga de local de acidente de tr\u00e2nsito pela Pol\u00edcia Militar de Tupi Paulista - SP - R\u00e1dio Life FM<\/title>\n<meta name=\"robots\" content=\"index, follow, max-snippet:-1, max-image-preview:large, max-video-preview:-1\" \/>\n<link rel=\"canonical\" href=\"https:\/\/radiolifefm.com.br\/noticias\/homem-e-preso-por-embriaguez-ao-volante-e-fuga-de-local-de-acidente-de-transito-pela-policia-militar-de-tupi-paulista-sp\/\" \/>\n<meta property=\"og:locale\" content=\"pt_BR\" \/>\n<meta property=\"og:type\" content=\"article\" \/>\n<meta property=\"og:title\" content=\"Homem \u00e9 preso por embriaguez ao volante e fuga de local de acidente de tr\u00e2nsito pela Pol\u00edcia Militar de Tupi Paulista - SP - R\u00e1dio Life FM\" \/>\n<meta property=\"og:description\" content=\"O fato ocorreu na Av. Nove de Julho em Tupi Paulista, na tarde de domingo, por volta das 16hrs. Acionados via COPOM para atendimento de ocorr\u00eancia de acidente de tr\u00e2nsito, onde acabara de ocorrer uma colis\u00e3o frontal entre dois ve\u00edculos, por\u00e9m apenas uma das partes-v\u00edtima (homem, 76 anos) se encontrava no local, conduzindo o ve\u00edculo [&hellip;]\" \/>\n<meta property=\"og:url\" content=\"https:\/\/radiolifefm.com.br\/noticias\/homem-e-preso-por-embriaguez-ao-volante-e-fuga-de-local-de-acidente-de-transito-pela-policia-militar-de-tupi-paulista-sp\/\" \/>\n<meta property=\"og:site_name\" content=\"R\u00e1dio Life FM\" \/>\n<meta property=\"article:publisher\" content=\"https:\/\/www.facebook.com\/radiolifefm\/\" \/>\n<meta property=\"article:published_time\" content=\"2020-09-29T01:22:39+00:00\" \/>\n<meta property=\"article:modified_time\" content=\"2025-04-29T01:10:18+00:00\" \/>\n<meta property=\"og:image\" content=\"https:\/\/static.radiolifefm.com.br\/noticias\/wp-content\/uploads\/2020\/09\/119515133_694753494452511_7427055951485360707_n.jpg\" \/>\n\t<meta property=\"og:image:width\" content=\"720\" \/>\n\t<meta property=\"og:image:height\" content=\"445\" \/>\n\t<meta property=\"og:image:type\" content=\"image\/jpeg\" \/>\n<meta name=\"author\" content=\"joaograndao\" \/>\n<meta name=\"twitter:card\" content=\"summary_large_image\" \/>\n<meta name=\"twitter:label1\" content=\"Escrito por\" \/>\n\t<meta name=\"twitter:data1\" content=\"joaograndao\" \/>\n\t<meta name=\"twitter:label2\" content=\"Est. tempo de leitura\" \/>\n\t<meta name=\"twitter:data2\" content=\"1 minuto\" \/>\n<script type=\"application\/ld+json\" class=\"yoast-schema-graph\">{\"@context\":\"https:\/\/schema.org\",\"@graph\":[{\"@type\":\"Article\",\"@id\":\"https:\/\/radiolifefm.com.br\/noticias\/homem-e-preso-por-embriaguez-ao-volante-e-fuga-de-local-de-acidente-de-transito-pela-policia-militar-de-tupi-paulista-sp\/#article\",\"isPartOf\":{\"@id\":\"https:\/\/radiolifefm.com.br\/noticias\/homem-e-preso-por-embriaguez-ao-volante-e-fuga-de-local-de-acidente-de-transito-pela-policia-militar-de-tupi-paulista-sp\/\"},\"author\":{\"name\":\"joaograndao\",\"@id\":\"https:\/\/radiolifefm.com.br\/noticias\/#\/schema\/person\/6876e1240feffe6e1b63fd5cb85abf28\"},\"headline\":\"Homem \u00e9 preso por embriaguez ao volante e fuga de local de acidente de tr\u00e2nsito pela Pol\u00edcia Militar de Tupi Paulista &#8211; SP\",\"datePublished\":\"2020-09-29T01:22:39+00:00\",\"dateModified\":\"2025-04-29T01:10:18+00:00\",\"mainEntityOfPage\":{\"@id\":\"https:\/\/radiolifefm.com.br\/noticias\/homem-e-preso-por-embriaguez-ao-volante-e-fuga-de-local-de-acidente-de-transito-pela-policia-militar-de-tupi-paulista-sp\/\"},\"wordCount\":223,\"publisher\":{\"@id\":\"https:\/\/radiolifefm.com.br\/noticias\/#organization\"},\"image\":{\"@id\":\"https:\/\/radiolifefm.com.br\/noticias\/homem-e-preso-por-embriaguez-ao-volante-e-fuga-de-local-de-acidente-de-transito-pela-policia-militar-de-tupi-paulista-sp\/#primaryimage\"},\"thumbnailUrl\":\"https:\/\/radiolifefm.com.br\/noticias\/wp-content\/uploads\/2020\/09\/119515133_694753494452511_7427055951485360707_n.jpg\",\"articleSection\":[\"Regi\u00e3o\"],\"inLanguage\":\"pt-BR\"},{\"@type\":\"WebPage\",\"@id\":\"https:\/\/radiolifefm.com.br\/noticias\/homem-e-preso-por-embriaguez-ao-volante-e-fuga-de-local-de-acidente-de-transito-pela-policia-militar-de-tupi-paulista-sp\/\",\"url\":\"https:\/\/radiolifefm.com.br\/noticias\/homem-e-preso-por-embriaguez-ao-volante-e-fuga-de-local-de-acidente-de-transito-pela-policia-militar-de-tupi-paulista-sp\/\",\"name\":\"Homem \u00e9 preso por embriaguez ao volante e fuga de local de acidente de tr\u00e2nsito pela Pol\u00edcia Militar de Tupi Paulista - SP - R\u00e1dio Life FM\",\"isPartOf\":{\"@id\":\"https:\/\/radiolifefm.com.br\/noticias\/#website\"},\"primaryImageOfPage\":{\"@id\":\"https:\/\/radiolifefm.com.br\/noticias\/homem-e-preso-por-embriaguez-ao-volante-e-fuga-de-local-de-acidente-de-transito-pela-policia-militar-de-tupi-paulista-sp\/#primaryimage\"},\"image\":{\"@id\":\"https:\/\/radiolifefm.com.br\/noticias\/homem-e-preso-por-embriaguez-ao-volante-e-fuga-de-local-de-acidente-de-transito-pela-policia-militar-de-tupi-paulista-sp\/#primaryimage\"},\"thumbnailUrl\":\"https:\/\/radiolifefm.com.br\/noticias\/wp-content\/uploads\/2020\/09\/119515133_694753494452511_7427055951485360707_n.jpg\",\"datePublished\":\"2020-09-29T01:22:39+00:00\",\"dateModified\":\"2025-04-29T01:10:18+00:00\",\"breadcrumb\":{\"@id\":\"https:\/\/radiolifefm.com.br\/noticias\/homem-e-preso-por-embriaguez-ao-volante-e-fuga-de-local-de-acidente-de-transito-pela-policia-militar-de-tupi-paulista-sp\/#breadcrumb\"},\"inLanguage\":\"pt-BR\",\"potentialAction\":[{\"@type\":\"ReadAction\",\"target\":[\"https:\/\/radiolifefm.com.br\/noticias\/homem-e-preso-por-embriaguez-ao-volante-e-fuga-de-local-de-acidente-de-transito-pela-policia-militar-de-tupi-paulista-sp\/\"]}]},{\"@type\":\"ImageObject\",\"inLanguage\":\"pt-BR\",\"@id\":\"https:\/\/radiolifefm.com.br\/noticias\/homem-e-preso-por-embriaguez-ao-volante-e-fuga-de-local-de-acidente-de-transito-pela-policia-militar-de-tupi-paulista-sp\/#primaryimage\",\"url\":\"https:\/\/radiolifefm.com.br\/noticias\/wp-content\/uploads\/2020\/09\/119515133_694753494452511_7427055951485360707_n.jpg\",\"contentUrl\":\"https:\/\/radiolifefm.com.br\/noticias\/wp-content\/uploads\/2020\/09\/119515133_694753494452511_7427055951485360707_n.jpg\",\"width\":720,\"height\":445},{\"@type\":\"BreadcrumbList\",\"@id\":\"https:\/\/radiolifefm.com.br\/noticias\/homem-e-preso-por-embriaguez-ao-volante-e-fuga-de-local-de-acidente-de-transito-pela-policia-militar-de-tupi-paulista-sp\/#breadcrumb\",\"itemListElement\":[{\"@type\":\"ListItem\",\"position\":1,\"name\":\"In\u00edcio\",\"item\":\"https:\/\/radiolifefm.com.br\/noticias\/\"},{\"@type\":\"ListItem\",\"position\":2,\"name\":\"Homem \u00e9 preso por embriaguez ao volante e fuga de local de acidente de tr\u00e2nsito pela Pol\u00edcia Militar de Tupi Paulista &#8211; SP\"}]},{\"@type\":\"WebSite\",\"@id\":\"https:\/\/radiolifefm.com.br\/noticias\/#website\",\"url\":\"https:\/\/radiolifefm.com.br\/noticias\/\",\"name\":\"R\u00e1dio Life FM\",\"description\":\"O Portal de Not\u00edcias de Adamantina\",\"publisher\":{\"@id\":\"https:\/\/radiolifefm.com.br\/noticias\/#organization\"},\"alternateName\":\"Life FM\",\"potentialAction\":[{\"@type\":\"SearchAction\",\"target\":{\"@type\":\"EntryPoint\",\"urlTemplate\":\"https:\/\/radiolifefm.com.br\/noticias\/?s={search_term_string}\"},\"query-input\":{\"@type\":\"PropertyValueSpecification\",\"valueRequired\":true,\"valueName\":\"search_term_string\"}}],\"inLanguage\":\"pt-BR\"},{\"@type\":\"Organization\",\"@id\":\"https:\/\/radiolifefm.com.br\/noticias\/#organization\",\"name\":\"R\u00e1dio Life FM\",\"alternateName\":\"Life FM\",\"url\":\"https:\/\/radiolifefm.com.br\/noticias\/\",\"logo\":{\"@type\":\"ImageObject\",\"inLanguage\":\"pt-BR\",\"@id\":\"https:\/\/radiolifefm.com.br\/noticias\/#\/schema\/logo\/image\/\",\"url\":\"https:\/\/static.radiolifefm.com.br\/noticias\/wp-content\/uploads\/2019\/10\/logo-lifefm.png\",\"contentUrl\":\"https:\/\/static.radiolifefm.com.br\/noticias\/wp-content\/uploads\/2019\/10\/logo-lifefm.png\",\"width\":196,\"height\":47,\"caption\":\"R\u00e1dio Life FM\"},\"image\":{\"@id\":\"https:\/\/radiolifefm.com.br\/noticias\/#\/schema\/logo\/image\/\"},\"sameAs\":[\"https:\/\/www.facebook.com\/radiolifefm\/\",\"https:\/\/www.instagram.com\/life1079fm\/\"]},{\"@type\":\"Person\",\"@id\":\"https:\/\/radiolifefm.com.br\/noticias\/#\/schema\/person\/6876e1240feffe6e1b63fd5cb85abf28\",\"name\":\"joaograndao\",\"image\":{\"@type\":\"ImageObject\",\"inLanguage\":\"pt-BR\",\"@id\":\"https:\/\/secure.gravatar.com\/avatar\/d5b1a3cf357ed9c50404e256a1294083aa8ab5d2a994001567302786016cb32c?s=96&d=mm&r=g\",\"url\":\"https:\/\/secure.gravatar.com\/avatar\/d5b1a3cf357ed9c50404e256a1294083aa8ab5d2a994001567302786016cb32c?s=96&d=mm&r=g\",\"contentUrl\":\"https:\/\/secure.gravatar.com\/avatar\/d5b1a3cf357ed9c50404e256a1294083aa8ab5d2a994001567302786016cb32c?s=96&d=mm&r=g\",\"caption\":\"joaograndao\"}}]}<\/script>\n<!-- \/ Yoast SEO plugin. -->","yoast_head_json":{"title":"Homem \u00e9 preso por embriaguez ao volante e fuga de local de acidente de tr\u00e2nsito pela Pol\u00edcia Militar de Tupi Paulista - SP - R\u00e1dio Life FM","robots":{"index":"index","follow":"follow","max-snippet":"max-snippet:-1","max-image-preview":"max-image-preview:large","max-video-preview":"max-video-preview:-1"},"canonical":"https:\/\/radiolifefm.com.br\/noticias\/homem-e-preso-por-embriaguez-ao-volante-e-fuga-de-local-de-acidente-de-transito-pela-policia-militar-de-tupi-paulista-sp\/","og_locale":"pt_BR","og_type":"article","og_title":"Homem \u00e9 preso por embriaguez ao volante e fuga de local de acidente de tr\u00e2nsito pela Pol\u00edcia Militar de Tupi Paulista - SP - R\u00e1dio Life FM","og_description":"O fato ocorreu na Av. Nove de Julho em Tupi Paulista, na tarde de domingo, por volta das 16hrs. Acionados via COPOM para atendimento de ocorr\u00eancia de acidente de tr\u00e2nsito, onde acabara de ocorrer uma colis\u00e3o frontal entre dois ve\u00edculos, por\u00e9m apenas uma das partes-v\u00edtima (homem, 76 anos) se encontrava no local, conduzindo o ve\u00edculo [&hellip;]","og_url":"https:\/\/radiolifefm.com.br\/noticias\/homem-e-preso-por-embriaguez-ao-volante-e-fuga-de-local-de-acidente-de-transito-pela-policia-militar-de-tupi-paulista-sp\/","og_site_name":"R\u00e1dio Life FM","article_publisher":"https:\/\/www.facebook.com\/radiolifefm\/","article_published_time":"2020-09-29T01:22:39+00:00","article_modified_time":"2025-04-29T01:10:18+00:00","og_image":[{"width":720,"height":445,"url":"https:\/\/static.radiolifefm.com.br\/noticias\/wp-content\/uploads\/2020\/09\/119515133_694753494452511_7427055951485360707_n.jpg","type":"image\/jpeg"}],"author":"joaograndao","twitter_card":"summary_large_image","twitter_misc":{"Escrito por":"joaograndao","Est. tempo de leitura":"1 minuto"},"schema":{"@context":"https:\/\/schema.org","@graph":[{"@type":"Article","@id":"https:\/\/radiolifefm.com.br\/noticias\/homem-e-preso-por-embriaguez-ao-volante-e-fuga-de-local-de-acidente-de-transito-pela-policia-militar-de-tupi-paulista-sp\/#article","isPartOf":{"@id":"https:\/\/radiolifefm.com.br\/noticias\/homem-e-preso-por-embriaguez-ao-volante-e-fuga-de-local-de-acidente-de-transito-pela-policia-militar-de-tupi-paulista-sp\/"},"author":{"name":"joaograndao","@id":"https:\/\/radiolifefm.com.br\/noticias\/#\/schema\/person\/6876e1240feffe6e1b63fd5cb85abf28"},"headline":"Homem \u00e9 preso por embriaguez ao volante e fuga de local de acidente de tr\u00e2nsito pela Pol\u00edcia Militar de Tupi Paulista &#8211; SP","datePublished":"2020-09-29T01:22:39+00:00","dateModified":"2025-04-29T01:10:18+00:00","mainEntityOfPage":{"@id":"https:\/\/radiolifefm.com.br\/noticias\/homem-e-preso-por-embriaguez-ao-volante-e-fuga-de-local-de-acidente-de-transito-pela-policia-militar-de-tupi-paulista-sp\/"},"wordCount":223,"publisher":{"@id":"https:\/\/radiolifefm.com.br\/noticias\/#organization"},"image":{"@id":"https:\/\/radiolifefm.com.br\/noticias\/homem-e-preso-por-embriaguez-ao-volante-e-fuga-de-local-de-acidente-de-transito-pela-policia-militar-de-tupi-paulista-sp\/#primaryimage"},"thumbnailUrl":"https:\/\/radiolifefm.com.br\/noticias\/wp-content\/uploads\/2020\/09\/119515133_694753494452511_7427055951485360707_n.jpg","articleSection":["Regi\u00e3o"],"inLanguage":"pt-BR"},{"@type":"WebPage","@id":"https:\/\/radiolifefm.com.br\/noticias\/homem-e-preso-por-embriaguez-ao-volante-e-fuga-de-local-de-acidente-de-transito-pela-policia-militar-de-tupi-paulista-sp\/","url":"https:\/\/radiolifefm.com.br\/noticias\/homem-e-preso-por-embriaguez-ao-volante-e-fuga-de-local-de-acidente-de-transito-pela-policia-militar-de-tupi-paulista-sp\/","name":"Homem \u00e9 preso por embriaguez ao volante e fuga de local de acidente de tr\u00e2nsito pela Pol\u00edcia Militar de Tupi Paulista - SP - R\u00e1dio Life FM","isPartOf":{"@id":"https:\/\/radiolifefm.com.br\/noticias\/#website"},"primaryImageOfPage":{"@id":"https:\/\/radiolifefm.com.br\/noticias\/homem-e-preso-por-embriaguez-ao-volante-e-fuga-de-local-de-acidente-de-transito-pela-policia-militar-de-tupi-paulista-sp\/#primaryimage"},"image":{"@id":"https:\/\/radiolifefm.com.br\/noticias\/homem-e-preso-por-embriaguez-ao-volante-e-fuga-de-local-de-acidente-de-transito-pela-policia-militar-de-tupi-paulista-sp\/#primaryimage"},"thumbnailUrl":"https:\/\/radiolifefm.com.br\/noticias\/wp-content\/uploads\/2020\/09\/119515133_694753494452511_7427055951485360707_n.jpg","datePublished":"2020-09-29T01:22:39+00:00","dateModified":"2025-04-29T01:10:18+00:00","breadcrumb":{"@id":"https:\/\/radiolifefm.com.br\/noticias\/homem-e-preso-por-embriaguez-ao-volante-e-fuga-de-local-de-acidente-de-transito-pela-policia-militar-de-tupi-paulista-sp\/#breadcrumb"},"inLanguage":"pt-BR","potentialAction":[{"@type":"ReadAction","target":["https:\/\/radiolifefm.com.br\/noticias\/homem-e-preso-por-embriaguez-ao-volante-e-fuga-de-local-de-acidente-de-transito-pela-policia-militar-de-tupi-paulista-sp\/"]}]},{"@type":"ImageObject","inLanguage":"pt-BR","@id":"https:\/\/radiolifefm.com.br\/noticias\/homem-e-preso-por-embriaguez-ao-volante-e-fuga-de-local-de-acidente-de-transito-pela-policia-militar-de-tupi-paulista-sp\/#primaryimage","url":"https:\/\/radiolifefm.com.br\/noticias\/wp-content\/uploads\/2020\/09\/119515133_694753494452511_7427055951485360707_n.jpg","contentUrl":"https:\/\/radiolifefm.com.br\/noticias\/wp-content\/uploads\/2020\/09\/119515133_694753494452511_7427055951485360707_n.jpg","width":720,"height":445},{"@type":"BreadcrumbList","@id":"https:\/\/radiolifefm.com.br\/noticias\/homem-e-preso-por-embriaguez-ao-volante-e-fuga-de-local-de-acidente-de-transito-pela-policia-militar-de-tupi-paulista-sp\/#breadcrumb","itemListElement":[{"@type":"ListItem","position":1,"name":"In\u00edcio","item":"https:\/\/radiolifefm.com.br\/noticias\/"},{"@type":"ListItem","position":2,"name":"Homem \u00e9 preso por embriaguez ao volante e fuga de local de acidente de tr\u00e2nsito pela Pol\u00edcia Militar de Tupi Paulista &#8211; SP"}]},{"@type":"WebSite","@id":"https:\/\/radiolifefm.com.br\/noticias\/#website","url":"https:\/\/radiolifefm.com.br\/noticias\/","name":"R\u00e1dio Life FM","description":"O Portal de Not\u00edcias de Adamantina","publisher":{"@id":"https:\/\/radiolifefm.com.br\/noticias\/#organization"},"alternateName":"Life FM","potentialAction":[{"@type":"SearchAction","target":{"@type":"EntryPoint","urlTemplate":"https:\/\/radiolifefm.com.br\/noticias\/?s={search_term_string}"},"query-input":{"@type":"PropertyValueSpecification","valueRequired":true,"valueName":"search_term_string"}}],"inLanguage":"pt-BR"},{"@type":"Organization","@id":"https:\/\/radiolifefm.com.br\/noticias\/#organization","name":"R\u00e1dio Life FM","alternateName":"Life FM","url":"https:\/\/radiolifefm.com.br\/noticias\/","logo":{"@type":"ImageObject","inLanguage":"pt-BR","@id":"https:\/\/radiolifefm.com.br\/noticias\/#\/schema\/logo\/image\/","url":"https:\/\/static.radiolifefm.com.br\/noticias\/wp-content\/uploads\/2019\/10\/logo-lifefm.png","contentUrl":"https:\/\/static.radiolifefm.com.br\/noticias\/wp-content\/uploads\/2019\/10\/logo-lifefm.png","width":196,"height":47,"caption":"R\u00e1dio Life FM"},"image":{"@id":"https:\/\/radiolifefm.com.br\/noticias\/#\/schema\/logo\/image\/"},"sameAs":["https:\/\/www.facebook.com\/radiolifefm\/","https:\/\/www.instagram.com\/life1079fm\/"]},{"@type":"Person","@id":"https:\/\/radiolifefm.com.br\/noticias\/#\/schema\/person\/6876e1240feffe6e1b63fd5cb85abf28","name":"joaograndao","image":{"@type":"ImageObject","inLanguage":"pt-BR","@id":"https:\/\/secure.gravatar.com\/avatar\/d5b1a3cf357ed9c50404e256a1294083aa8ab5d2a994001567302786016cb32c?s=96&d=mm&r=g","url":"https:\/\/secure.gravatar.com\/avatar\/d5b1a3cf357ed9c50404e256a1294083aa8ab5d2a994001567302786016cb32c?s=96&d=mm&r=g","contentUrl":"https:\/\/secure.gravatar.com\/avatar\/d5b1a3cf357ed9c50404e256a1294083aa8ab5d2a994001567302786016cb32c?s=96&d=mm&r=g","caption":"joaograndao"}}]}},"amp_enabled":true,"_links":{"self":[{"href":"https:\/\/radiolifefm.com.br\/noticias\/wp-json\/wp\/v2\/posts\/27551","targetHints":{"allow":["GET"]}}],"collection":[{"href":"https:\/\/radiolifefm.com.br\/noticias\/wp-json\/wp\/v2\/posts"}],"about":[{"href":"https:\/\/radiolifefm.com.br\/noticias\/wp-json\/wp\/v2\/types\/post"}],"author":[{"embeddable":true,"href":"https:\/\/radiolifefm.com.br\/noticias\/wp-json\/wp\/v2\/users\/8"}],"replies":[{"embeddable":true,"href":"https:\/\/radiolifefm.com.br\/noticias\/wp-json\/wp\/v2\/comments?post=27551"}],"version-history":[{"count":1,"href":"https:\/\/radiolifefm.com.br\/noticias\/wp-json\/wp\/v2\/posts\/27551\/revisions"}],"predecessor-version":[{"id":27552,"href":"https:\/\/radiolifefm.com.br\/noticias\/wp-json\/wp\/v2\/posts\/27551\/revisions\/27552"}],"wp:featuredmedia":[{"embeddable":true,"href":"https:\/\/radiolifefm.com.br\/noticias\/wp-json\/wp\/v2\/media\/26770"}],"wp:attachment":[{"href":"https:\/\/radiolifefm.com.br\/noticias\/wp-json\/wp\/v2\/media?parent=27551"}],"wp:term":[{"taxonomy":"category","embeddable":true,"href":"https:\/\/radiolifefm.com.br\/noticias\/wp-json\/wp\/v2\/categories?post=27551"},{"taxonomy":"post_tag","embeddable":true,"href":"https:\/\/radiolifefm.com.br\/noticias\/wp-json\/wp\/v2\/tags?post=27551"}],"curies":[{"name":"wp","href":"https:\/\/api.w.org\/{rel}","templated":true}]}}